{"id":22528,"date":"2023-12-16T12:46:51","date_gmt":"2023-12-16T12:46:51","guid":{"rendered":"https:\/\/kibrisdakik.com\/index.php\/2023\/12\/16\/bagimsizlik-yolundan-elestiri\/"},"modified":"2023-12-16T12:46:51","modified_gmt":"2023-12-16T12:46:51","slug":"bagimsizlik-yolundan-elestiri","status":"publish","type":"post","link":"https:\/\/kibrisdakik.com\/?p=22528","title":{"rendered":"Ba\u011f\u0131ms\u0131zl\u0131k Yolu&#039;ndan ele\u015ftiri"},"content":{"rendered":"<p><img decoding=\"async\" src=\"https:\/\/www.kibristurk.com\/images\/haberler\/2023\/12\/bagimsizlik-yolundan-elestiri-1702730385.webp\" \/><\/p>\n<p style=\"text-align:left\"><span style=\"font-size:16px\"><span style=\"font-family:Merriweather,serif !important\"><span style=\"color:#000000\"><span style=\"background-color:#ffffff\">Ersoy, Ticaret Dairesi&#8217;nin yay\u0131mlad\u0131\u011f\u0131 2022 y\u0131l\u0131 istatistik kitab\u0131nda yer alan verilere de\u011finerek, T\u00fcrkiye\u2019den sonra en fazla ithalat\u0131n, \u0130srail\u2019den yap\u0131ld\u0131\u011f\u0131n\u0131 kaydederek, \u201cFilistin halk\u0131n\u0131n yan\u0131nda\u201d oldu\u011funu s\u00f6yleyen KKTC y\u00f6neticilerini de ele\u015ftirdi.<\/span><\/span><\/span><\/span><\/p>\n<p style=\"text-align:left\">&nbsp;<\/p>\n<p style=\"text-align:left\"><span style=\"font-size:16px\"><span style=\"font-family:Merriweather,serif !important\"><span style=\"color:#000000\"><span style=\"background-color:#ffffff\"><span style=\"font-size:16px !important\"><span style=\"font-family:Merriweather,serif !important\"><span style=\"color:#000000 !important\">Ersoy yaz\u0131l\u0131 a\u00e7\u0131klamas\u0131nda, verilere g\u00f6re, 2021 y\u0131l\u0131na k\u0131yasla 2022\u2019de \u0130srail\u2019den yap\u0131lan ithalat\u0131n y\u00fczde 57 art\u0131\u015f g\u00f6sterdi\u011fini belirterek, 2022 y\u0131l\u0131nda \u0130srail\u2019den yap\u0131lan toplam ithalat\u0131n 128 milyon 448 bin 346 Amerikan Dolar\u0131 oldu\u011funa i\u015faret etti.<\/span><\/span><\/span><\/span><\/span><\/span><\/span><\/p>\n<p style=\"text-align:left\"><span style=\"font-size:16px\"><span style=\"font-family:Merriweather,serif !important\"><span style=\"color:#000000\"><span style=\"background-color:#ffffff\"><span style=\"font-size:16px !important\"><span style=\"font-family:Merriweather,serif !important\"><span style=\"color:#000000 !important\">Ersoy, bu ithalat tutar\u0131n\u0131n 127 milyon 478 bin 794 dolar kar\u015f\u0131l\u0131\u011f\u0131n\u0131n fuel oil, euro dizel ve benzin oldu\u011funa dikkat \u00e7ekerek, \u0130srail\u2019den yap\u0131lan ithalat\u0131n neredeyse tamam\u0131n\u0131n elektrik \u00fcretimi ve ula\u015f\u0131m i\u00e7in kullan\u0131lan enerji kaynaklar\u0131 oldu\u011funu ifade etti.<\/span><\/span><\/span><\/span><\/span><\/span><\/span><\/p>\n","protected":false},"excerpt":{"rendered":"<p>Ersoy, Ticaret Dairesi&#8217;nin yay\u0131mlad\u0131\u011f\u0131 2022 y\u0131l\u0131 istatistik kitab\u0131nda yer alan verilere de\u011finerek, T\u00fcrkiye\u2019den sonra en fazla ithalat\u0131n, \u0130srail\u2019den yap\u0131ld\u0131\u011f\u0131n\u0131 kaydederek, \u201cFilistin halk\u0131n\u0131n yan\u0131nda\u201d oldu\u011funu s\u00f6yleyen KKTC y\u00f6neticilerini de ele\u015ftirdi. &nbsp; Ersoy yaz\u0131l\u0131 a\u00e7\u0131klamas\u0131nda, verilere g\u00f6re, 2021 y\u0131l\u0131na k\u0131yasla 2022\u2019de \u0130srail\u2019den yap\u0131lan ithalat\u0131n y\u00fczde 57 art\u0131\u015f g\u00f6sterdi\u011fini belirterek, 2022 y\u0131l\u0131nda \u0130srail\u2019den yap\u0131lan toplam ithalat\u0131n 128 milyon<\/p>\n","protected":false},"author":1,"featured_media":22529,"comment_status":"open","ping_status":"open","sticky":false,"template":"","format":"standard","meta":{"footnotes":""},"categories":[1],"tags":[],"class_list":["post-22528","post","type-post","status-publish","format-standard","has-post-thumbnail","hentry","category-gundem"],"yoast_head":"<!-- This site is optimized with the Yoast SEO plugin v27.5 - https:\/\/yoast.com\/product\/yoast-seo-wordpress\/ -->\n<title>Ba\u011f\u0131ms\u0131zl\u0131k Yolu&#039;ndan ele\u015ftiri -<\/title>\n<meta name=\"robots\" content=\"index, follow, max-snippet:-1, max-image-preview:large, max-video-preview:-1\" \/>\n<link rel=\"canonical\" href=\"https:\/\/kibrisdakik.com\/?p=22528\" \/>\n<meta property=\"og:locale\" content=\"tr_TR\" \/>\n<meta property=\"og:type\" content=\"article\" \/>\n<meta property=\"og:title\" content=\"Ba\u011f\u0131ms\u0131zl\u0131k Yolu&#039;ndan ele\u015ftiri -\" \/>\n<meta property=\"og:description\" content=\"Ersoy, Ticaret Dairesi&#8217;nin yay\u0131mlad\u0131\u011f\u0131 2022 y\u0131l\u0131 istatistik kitab\u0131nda yer alan verilere de\u011finerek, T\u00fcrkiye\u2019den sonra en fazla ithalat\u0131n, \u0130srail\u2019den yap\u0131ld\u0131\u011f\u0131n\u0131 kaydederek, \u201cFilistin halk\u0131n\u0131n yan\u0131nda\u201d oldu\u011funu s\u00f6yleyen KKTC y\u00f6neticilerini de ele\u015ftirdi. &nbsp; Ersoy yaz\u0131l\u0131 a\u00e7\u0131klamas\u0131nda, verilere g\u00f6re, 2021 y\u0131l\u0131na k\u0131yasla 2022\u2019de \u0130srail\u2019den yap\u0131lan ithalat\u0131n y\u00fczde 57 art\u0131\u015f g\u00f6sterdi\u011fini belirterek, 2022 y\u0131l\u0131nda \u0130srail\u2019den yap\u0131lan toplam ithalat\u0131n 128 milyon\" \/>\n<meta property=\"og:url\" content=\"https:\/\/kibrisdakik.com\/?p=22528\" \/>\n<meta property=\"article:published_time\" content=\"2023-12-16T12:46:51+00:00\" \/>\n<meta property=\"og:image\" content=\"https:\/\/kibrisdakik.com\/wp-content\/uploads\/2023\/12\/bagimsizlik-yolundan-elestiri-1702730385.webp.webp\" \/>\n\t<meta property=\"og:image:width\" content=\"710\" \/>\n\t<meta property=\"og:image:height\" content=\"370\" \/>\n\t<meta property=\"og:image:type\" content=\"image\/webp\" \/>\n<meta name=\"author\" content=\"admin\" \/>\n<meta name=\"twitter:card\" content=\"summary_large_image\" \/>\n<meta name=\"twitter:label1\" content=\"Yazan:\" \/>\n\t<meta name=\"twitter:data1\" content=\"admin\" \/>\n\t<meta name=\"twitter:label2\" content=\"Tahmini okuma s\u00fcresi\" \/>\n\t<meta name=\"twitter:data2\" content=\"1 dakika\" \/>\n<script type=\"application\/ld+json\" class=\"yoast-schema-graph\">{\"@context\":\"https:\\\/\\\/schema.org\",\"@graph\":[{\"@type\":\"Article\",\"@id\":\"https:\\\/\\\/kibrisdakik.com\\\/?p=22528#article\",\"isPartOf\":{\"@id\":\"https:\\\/\\\/kibrisdakik.com\\\/?p=22528\"},\"author\":{\"name\":\"admin\",\"@id\":\"https:\\\/\\\/kibrisdakik.com\\\/#\\\/schema\\\/person\\\/9cd9d437bbb44f72b73ba127e06d8e79\"},\"headline\":\"Ba\u011f\u0131ms\u0131zl\u0131k Yolu&#039;ndan ele\u015ftiri\",\"datePublished\":\"2023-12-16T12:46:51+00:00\",\"mainEntityOfPage\":{\"@id\":\"https:\\\/\\\/kibrisdakik.com\\\/?p=22528\"},\"wordCount\":149,\"commentCount\":0,\"image\":{\"@id\":\"https:\\\/\\\/kibrisdakik.com\\\/?p=22528#primaryimage\"},\"thumbnailUrl\":\"https:\\\/\\\/kibrisdakik.com\\\/wp-content\\\/uploads\\\/2023\\\/12\\\/bagimsizlik-yolundan-elestiri-1702730385.webp.webp\",\"articleSection\":[\"G\u00fcndem\"],\"inLanguage\":\"tr\",\"potentialAction\":[{\"@type\":\"CommentAction\",\"name\":\"Comment\",\"target\":[\"https:\\\/\\\/kibrisdakik.com\\\/?p=22528#respond\"]}]},{\"@type\":\"WebPage\",\"@id\":\"https:\\\/\\\/kibrisdakik.com\\\/?p=22528\",\"url\":\"https:\\\/\\\/kibrisdakik.com\\\/?p=22528\",\"name\":\"Ba\u011f\u0131ms\u0131zl\u0131k Yolu&#039;ndan ele\u015ftiri -\",\"isPartOf\":{\"@id\":\"https:\\\/\\\/kibrisdakik.com\\\/#website\"},\"primaryImageOfPage\":{\"@id\":\"https:\\\/\\\/kibrisdakik.com\\\/?p=22528#primaryimage\"},\"image\":{\"@id\":\"https:\\\/\\\/kibrisdakik.com\\\/?p=22528#primaryimage\"},\"thumbnailUrl\":\"https:\\\/\\\/kibrisdakik.com\\\/wp-content\\\/uploads\\\/2023\\\/12\\\/bagimsizlik-yolundan-elestiri-1702730385.webp.webp\",\"datePublished\":\"2023-12-16T12:46:51+00:00\",\"author\":{\"@id\":\"https:\\\/\\\/kibrisdakik.com\\\/#\\\/schema\\\/person\\\/9cd9d437bbb44f72b73ba127e06d8e79\"},\"breadcrumb\":{\"@id\":\"https:\\\/\\\/kibrisdakik.com\\\/?p=22528#breadcrumb\"},\"inLanguage\":\"tr\",\"potentialAction\":[{\"@type\":\"ReadAction\",\"target\":[\"https:\\\/\\\/kibrisdakik.com\\\/?p=22528\"]}]},{\"@type\":\"ImageObject\",\"inLanguage\":\"tr\",\"@id\":\"https:\\\/\\\/kibrisdakik.com\\\/?p=22528#primaryimage\",\"url\":\"https:\\\/\\\/kibrisdakik.com\\\/wp-content\\\/uploads\\\/2023\\\/12\\\/bagimsizlik-yolundan-elestiri-1702730385.webp.webp\",\"contentUrl\":\"https:\\\/\\\/kibrisdakik.com\\\/wp-content\\\/uploads\\\/2023\\\/12\\\/bagimsizlik-yolundan-elestiri-1702730385.webp.webp\",\"width\":710,\"height\":370},{\"@type\":\"BreadcrumbList\",\"@id\":\"https:\\\/\\\/kibrisdakik.com\\\/?p=22528#breadcrumb\",\"itemListElement\":[{\"@type\":\"ListItem\",\"position\":1,\"name\":\"Home\",\"item\":\"https:\\\/\\\/kibrisdakik.com\\\/\"},{\"@type\":\"ListItem\",\"position\":2,\"name\":\"Ba\u011f\u0131ms\u0131zl\u0131k Yolu&#039;ndan ele\u015ftiri\"}]},{\"@type\":\"WebSite\",\"@id\":\"https:\\\/\\\/kibrisdakik.com\\\/#website\",\"url\":\"https:\\\/\\\/kibrisdakik.com\\\/\",\"name\":\"\",\"description\":\"Tam vaktinde haber\",\"potentialAction\":[{\"@type\":\"SearchAction\",\"target\":{\"@type\":\"EntryPoint\",\"urlTemplate\":\"https:\\\/\\\/kibrisdakik.com\\\/?s={search_term_string}\"},\"query-input\":{\"@type\":\"PropertyValueSpecification\",\"valueRequired\":true,\"valueName\":\"search_term_string\"}}],\"inLanguage\":\"tr\"},{\"@type\":\"Person\",\"@id\":\"https:\\\/\\\/kibrisdakik.com\\\/#\\\/schema\\\/person\\\/9cd9d437bbb44f72b73ba127e06d8e79\",\"name\":\"admin\",\"image\":{\"@type\":\"ImageObject\",\"inLanguage\":\"tr\",\"@id\":\"https:\\\/\\\/secure.gravatar.com\\\/avatar\\\/ccc17943b9d660506c869530f897617f7cb1c21a4bf30023f252596d83e1f007?s=96&d=mm&r=g\",\"url\":\"https:\\\/\\\/secure.gravatar.com\\\/avatar\\\/ccc17943b9d660506c869530f897617f7cb1c21a4bf30023f252596d83e1f007?s=96&d=mm&r=g\",\"contentUrl\":\"https:\\\/\\\/secure.gravatar.com\\\/avatar\\\/ccc17943b9d660506c869530f897617f7cb1c21a4bf30023f252596d83e1f007?s=96&d=mm&r=g\",\"caption\":\"admin\"},\"sameAs\":[\"https:\\\/\\\/kibrisdakik.com\"],\"url\":\"https:\\\/\\\/kibrisdakik.com\\\/?author=1\"}]}<\/script>\n<!-- \/ Yoast SEO plugin. -->","yoast_head_json":{"title":"Ba\u011f\u0131ms\u0131zl\u0131k Yolu&#039;ndan ele\u015ftiri -","robots":{"index":"index","follow":"follow","max-snippet":"max-snippet:-1","max-image-preview":"max-image-preview:large","max-video-preview":"max-video-preview:-1"},"canonical":"https:\/\/kibrisdakik.com\/?p=22528","og_locale":"tr_TR","og_type":"article","og_title":"Ba\u011f\u0131ms\u0131zl\u0131k Yolu&#039;ndan ele\u015ftiri -","og_description":"Ersoy, Ticaret Dairesi&#8217;nin yay\u0131mlad\u0131\u011f\u0131 2022 y\u0131l\u0131 istatistik kitab\u0131nda yer alan verilere de\u011finerek, T\u00fcrkiye\u2019den sonra en fazla ithalat\u0131n, \u0130srail\u2019den yap\u0131ld\u0131\u011f\u0131n\u0131 kaydederek, \u201cFilistin halk\u0131n\u0131n yan\u0131nda\u201d oldu\u011funu s\u00f6yleyen KKTC y\u00f6neticilerini de ele\u015ftirdi. &nbsp; Ersoy yaz\u0131l\u0131 a\u00e7\u0131klamas\u0131nda, verilere g\u00f6re, 2021 y\u0131l\u0131na k\u0131yasla 2022\u2019de \u0130srail\u2019den yap\u0131lan ithalat\u0131n y\u00fczde 57 art\u0131\u015f g\u00f6sterdi\u011fini belirterek, 2022 y\u0131l\u0131nda \u0130srail\u2019den yap\u0131lan toplam ithalat\u0131n 128 milyon","og_url":"https:\/\/kibrisdakik.com\/?p=22528","article_published_time":"2023-12-16T12:46:51+00:00","og_image":[{"width":710,"height":370,"url":"https:\/\/kibrisdakik.com\/wp-content\/uploads\/2023\/12\/bagimsizlik-yolundan-elestiri-1702730385.webp.webp","type":"image\/webp"}],"author":"admin","twitter_card":"summary_large_image","twitter_misc":{"Yazan:":"admin","Tahmini okuma s\u00fcresi":"1 dakika"},"schema":{"@context":"https:\/\/schema.org","@graph":[{"@type":"Article","@id":"https:\/\/kibrisdakik.com\/?p=22528#article","isPartOf":{"@id":"https:\/\/kibrisdakik.com\/?p=22528"},"author":{"name":"admin","@id":"https:\/\/kibrisdakik.com\/#\/schema\/person\/9cd9d437bbb44f72b73ba127e06d8e79"},"headline":"Ba\u011f\u0131ms\u0131zl\u0131k Yolu&#039;ndan ele\u015ftiri","datePublished":"2023-12-16T12:46:51+00:00","mainEntityOfPage":{"@id":"https:\/\/kibrisdakik.com\/?p=22528"},"wordCount":149,"commentCount":0,"image":{"@id":"https:\/\/kibrisdakik.com\/?p=22528#primaryimage"},"thumbnailUrl":"https:\/\/kibrisdakik.com\/wp-content\/uploads\/2023\/12\/bagimsizlik-yolundan-elestiri-1702730385.webp.webp","articleSection":["G\u00fcndem"],"inLanguage":"tr","potentialAction":[{"@type":"CommentAction","name":"Comment","target":["https:\/\/kibrisdakik.com\/?p=22528#respond"]}]},{"@type":"WebPage","@id":"https:\/\/kibrisdakik.com\/?p=22528","url":"https:\/\/kibrisdakik.com\/?p=22528","name":"Ba\u011f\u0131ms\u0131zl\u0131k Yolu&#039;ndan ele\u015ftiri -","isPartOf":{"@id":"https:\/\/kibrisdakik.com\/#website"},"primaryImageOfPage":{"@id":"https:\/\/kibrisdakik.com\/?p=22528#primaryimage"},"image":{"@id":"https:\/\/kibrisdakik.com\/?p=22528#primaryimage"},"thumbnailUrl":"https:\/\/kibrisdakik.com\/wp-content\/uploads\/2023\/12\/bagimsizlik-yolundan-elestiri-1702730385.webp.webp","datePublished":"2023-12-16T12:46:51+00:00","author":{"@id":"https:\/\/kibrisdakik.com\/#\/schema\/person\/9cd9d437bbb44f72b73ba127e06d8e79"},"breadcrumb":{"@id":"https:\/\/kibrisdakik.com\/?p=22528#breadcrumb"},"inLanguage":"tr","potentialAction":[{"@type":"ReadAction","target":["https:\/\/kibrisdakik.com\/?p=22528"]}]},{"@type":"ImageObject","inLanguage":"tr","@id":"https:\/\/kibrisdakik.com\/?p=22528#primaryimage","url":"https:\/\/kibrisdakik.com\/wp-content\/uploads\/2023\/12\/bagimsizlik-yolundan-elestiri-1702730385.webp.webp","contentUrl":"https:\/\/kibrisdakik.com\/wp-content\/uploads\/2023\/12\/bagimsizlik-yolundan-elestiri-1702730385.webp.webp","width":710,"height":370},{"@type":"BreadcrumbList","@id":"https:\/\/kibrisdakik.com\/?p=22528#breadcrumb","itemListElement":[{"@type":"ListItem","position":1,"name":"Home","item":"https:\/\/kibrisdakik.com\/"},{"@type":"ListItem","position":2,"name":"Ba\u011f\u0131ms\u0131zl\u0131k Yolu&#039;ndan ele\u015ftiri"}]},{"@type":"WebSite","@id":"https:\/\/kibrisdakik.com\/#website","url":"https:\/\/kibrisdakik.com\/","name":"","description":"Tam vaktinde haber","potentialAction":[{"@type":"SearchAction","target":{"@type":"EntryPoint","urlTemplate":"https:\/\/kibrisdakik.com\/?s={search_term_string}"},"query-input":{"@type":"PropertyValueSpecification","valueRequired":true,"valueName":"search_term_string"}}],"inLanguage":"tr"},{"@type":"Person","@id":"https:\/\/kibrisdakik.com\/#\/schema\/person\/9cd9d437bbb44f72b73ba127e06d8e79","name":"admin","image":{"@type":"ImageObject","inLanguage":"tr","@id":"https:\/\/secure.gravatar.com\/avatar\/ccc17943b9d660506c869530f897617f7cb1c21a4bf30023f252596d83e1f007?s=96&d=mm&r=g","url":"https:\/\/secure.gravatar.com\/avatar\/ccc17943b9d660506c869530f897617f7cb1c21a4bf30023f252596d83e1f007?s=96&d=mm&r=g","contentUrl":"https:\/\/secure.gravatar.com\/avatar\/ccc17943b9d660506c869530f897617f7cb1c21a4bf30023f252596d83e1f007?s=96&d=mm&r=g","caption":"admin"},"sameAs":["https:\/\/kibrisdakik.com"],"url":"https:\/\/kibrisdakik.com\/?author=1"}]}},"_links":{"self":[{"href":"https:\/\/kibrisdakik.com\/index.php?rest_route=\/wp\/v2\/posts\/22528","targetHints":{"allow":["GET"]}}],"collection":[{"href":"https:\/\/kibrisdakik.com\/index.php?rest_route=\/wp\/v2\/posts"}],"about":[{"href":"https:\/\/kibrisdakik.com\/index.php?rest_route=\/wp\/v2\/types\/post"}],"author":[{"embeddable":true,"href":"https:\/\/kibrisdakik.com\/index.php?rest_route=\/wp\/v2\/users\/1"}],"replies":[{"embeddable":true,"href":"https:\/\/kibrisdakik.com\/index.php?rest_route=%2Fwp%2Fv2%2Fcomments&post=22528"}],"version-history":[{"count":0,"href":"https:\/\/kibrisdakik.com\/index.php?rest_route=\/wp\/v2\/posts\/22528\/revisions"}],"wp:featuredmedia":[{"embeddable":true,"href":"https:\/\/kibrisdakik.com\/index.php?rest_route=\/wp\/v2\/media\/22529"}],"wp:attachment":[{"href":"https:\/\/kibrisdakik.com\/index.php?rest_route=%2Fwp%2Fv2%2Fmedia&parent=22528"}],"wp:term":[{"taxonomy":"category","embeddable":true,"href":"https:\/\/kibrisdakik.com\/index.php?rest_route=%2Fwp%2Fv2%2Fcategories&post=22528"},{"taxonomy":"post_tag","embeddable":true,"href":"https:\/\/kibrisdakik.com\/index.php?rest_route=%2Fwp%2Fv2%2Ftags&post=22528"}],"curies":[{"name":"wp","href":"https:\/\/api.w.org\/{rel}","templated":true}]}}