{"id":22678,"date":"2023-12-18T06:33:20","date_gmt":"2023-12-18T06:33:20","guid":{"rendered":"https:\/\/kibrisdakik.com\/index.php\/2023\/12\/18\/su-gecirmez-saat-gibi-nazar-gecirmezim-2\/"},"modified":"2023-12-18T06:33:20","modified_gmt":"2023-12-18T06:33:20","slug":"su-gecirmez-saat-gibi-nazar-gecirmezim-2","status":"publish","type":"post","link":"https:\/\/kibrisdakik.com\/?p=22678","title":{"rendered":"\u201cSu ge\u00e7irmez saat gibi nazar ge\u00e7irmezim\u201d"},"content":{"rendered":"<p><img decoding=\"async\" src=\"https:\/\/www.kibristurk.com\/images\/haberler\/2023\/12\/su-gecirmez-saat-gibi-nazar-gecirmezim-1702877759.webp\" \/><\/p>\n<p><span style=\"font-size:11pt\"><span style=\"font-family:Calibri,sans-serif\"><strong><u><span style=\"font-size:13.0pt\">Orhan \u0130smailo\u011flu <\/span><\/u><\/strong><\/span><\/span><\/p>\n<p><span style=\"font-size:11pt\"><span style=\"font-family:Calibri,sans-serif\"><span style=\"font-size:13.0pt\">Pop m\u00fczi\u011finin g\u00fc\u00e7l\u00fc sesi \u0130rem Derici, \u00f6nceki ak\u015fam K\u0131br\u0131s Chamada Prestige Hotel\u2019de sahne ald\u0131. Tolga \u00c7am imzal\u0131 siyah k\u0131yafetle sahneye \u00e7\u0131kan \u0130rem Derici, konser \u00f6ncesi bas\u0131n mensuplar\u0131n\u0131n sorular\u0131n\u0131 yan\u0131tlad\u0131.<\/span><\/span><\/span><\/p>\n<p><span style=\"font-size:11pt\"><span style=\"font-family:Calibri,sans-serif\"><span style=\"font-size:13.0pt\">Yeni y\u0131l \u00f6ncesi 2023 y\u0131l\u0131n\u0131n genel bir de\u011ferlendirmesini yapan \u0130rem Derici, \u201cHi\u00e7bir beklentim yok. Beklenti olduk\u00e7a olmuyor \u00e7\u00fcnk\u00fc. Sa\u011fl\u0131\u011f\u0131m yerinde olsun, param\u0131 kazanay\u0131m. Sa\u011fl\u0131k, huzur, para a\u015fk falan aman\u2026 Bu y\u0131l g\u00fczeldi. Yaz g\u00fcl\u00fc \u015fark\u0131m\u0131zla bir s\u00fcr\u00fc listede TV ve radyolarda birinci olduk. Kariyer a\u00e7\u0131s\u0131ndan \u00e7ok g\u00fczel bir y\u0131l ge\u00e7ti\u201d diye konu\u015ftu.<\/span><\/span><\/span><\/p>\n<p><span style=\"font-size:11pt\"><span style=\"font-family:Calibri,sans-serif\"><span style=\"font-size:13.0pt\">Alt\u0131n Kelebek belgeseli geliyor<\/span><\/span><\/span><\/p>\n<p><span style=\"font-size:11pt\"><span style=\"font-family:Calibri,sans-serif\"><span style=\"font-size:13.0pt\">\u0130rem Derici, Alt\u0131n Kelebek \u00d6d\u00fcllerindeki performans\u0131 ile b\u00fcy\u00fck be\u011feni toplam\u0131\u015ft\u0131. Sahnesi i\u00e7in 3 milyon TL harcad\u0131\u011f\u0131 konu\u015fulan \u0130rem Derici, Alt\u0131n Kelebek sahnesinin belgeselini yapt\u0131klar\u0131n\u0131 a\u00e7\u0131klad\u0131. \u00dcnl\u00fc \u015fark\u0131c\u0131, \u201c3, 5 gidiyor geliyor. G\u00fczel ge\u00e7ti. Benim b\u00fct\u00fcn ekibin keyif ald\u0131\u011f\u0131 bir i\u015f oldu. Daha performans\u0131 y\u00fcklemedik onu y\u00fckleyece\u011fiz. Sonra bir belgesel gibi bir \u015fey \u00e7ekmi\u015ftik o \u00e7\u0131kacak\u201d dedi.<\/span><\/span><\/span><\/p>\n<p>&nbsp;<\/p>\n<p><span style=\"font-size:11pt\"><span style=\"font-family:Calibri,sans-serif\"><strong><span style=\"font-size:13.0pt\">\u201cAKLIMA ER\u0130\u015eEB\u0130LENLER ELE\u015eT\u0130R\u0130RSE \u00c7OK TATLI OLUR\u201d<\/span><\/strong><\/span><\/span><\/p>\n<p><span style=\"font-size:11pt\"><span style=\"font-family:Calibri,sans-serif\"><span style=\"font-size:13.0pt\">\u0130rem Derici, g\u00fcndeme dair konular hakk\u0131nda da konu\u015ftu. Reynmen ile girdi\u011fi polemik hat\u0131rlat\u0131lan Derici, \u201cBen trol\u00fcm hayat\u0131m. Bug\u00fcn \u00f6yle yazar\u0131m, yar\u0131n can\u0131m yazar\u0131m. Ge\u00e7 onlar\u0131 ge\u00e7. O benim karde\u015fim. Kavga yok ortada. Ben trol\u00fcm her \u015feyi diyebilirim\u201d dedi. Derici, Reynmen polemi\u011finde kendisine \u201cBiraz kaliteli ol. O a\u011fz\u0131 b\u0131rak bence\u201d tavsiyesinde bulunan Demet Akal\u0131n\u2019\u0131n s\u00f6zlerinin hat\u0131rlat\u0131lmas\u0131 \u00fczerine ise \u015f\u00f6yle konu\u015ftu: \u201c\u00c7ok seviyorum onu \u00f6l\u00fcyorum, bay\u0131l\u0131yorum, hastas\u0131y\u0131m. 13 y\u0131ld\u0131r beni ele\u015ftirmeyen mi kald\u0131? Dikkate al\u0131yor muyum? Buradan giriyor, buradan \u00e7\u0131k\u0131yor. Ben b\u00f6yleyim. \u0130stemeyen cici o\u011fluna almas\u0131n. Zaten seven seviyor. Bu saatten sonra bu de\u011fi\u015fmez. Ben m\u00fckemmelim. 1.67 boyumun her cm2\u2019sine a\u015f\u0131\u011f\u0131m. En \u00e7ok da akl\u0131ma. Akl\u0131ma eri\u015febilenler ele\u015ftirirse \u00e7ok tatl\u0131 olur.\u201d Polemikten uzak kalmaya \u00e7al\u0131\u015fan \u0130rem Derici, muhabirlerin sorular\u0131 kar\u015f\u0131s\u0131nda temkinli davrand\u0131. \u201cBeni polemi\u011fe \u00e7ekemezsiniz\u201d diyen Derici, \u201cPolemi\u011fi girmem, sokamazs\u0131n\u0131z. Herkesi \u00e7ok be\u011feniyorum. Herkese a\u015f\u0131\u011f\u0131m\u201d diye konu\u015ftu.<\/span><\/span><\/span><\/p>\n<p><span style=\"font-size:11pt\"><span style=\"font-family:Calibri,sans-serif\"><span style=\"font-size:13.0pt\">Atakan I\u015f\u0131ktutan ayr\u0131l\u0131\u011f\u0131 sonras\u0131 y\u00f6netmen G\u00f6khan F\u0131rat\u2019la yeni bir a\u015fka yelken a\u00e7an \u0130rem Derici, ili\u015fkisinin yolunda oldu\u011funu s\u00f6yledi. Nazara inanmad\u0131\u011f\u0131n\u0131 ifade eden Derici, \u201c\u00c7ok dallan\u0131p budakland\u0131rmaya gerek yok. G\u00fczel giden ili\u015fkim var. G\u00fczel gitsin, daha gizli gitsin. Zaten saklad\u0131\u011f\u0131m\u0131z bir \u015fey yok ama mimimi olunca her \u015fey\u2026 Nazara falan inanm\u0131yorum. Su ge\u00e7irmez saat gibi nazar ge\u00e7irmezim\u201d dedi.<\/span><\/span><\/span><\/p>\n<p>&nbsp;<\/p>\n<p><span style=\"font-size:11pt\"><span style=\"font-family:Calibri,sans-serif\"><strong><span style=\"font-size:13.0pt\">SEVG\u0130L\u0130S\u0130 KAYITTA<\/span><\/strong><\/span><\/span><\/p>\n<p><span style=\"font-size:11pt\"><span style=\"font-family:Calibri,sans-serif\"><span style=\"font-size:13.0pt\">\u0130rem Derici, sahnede performans sergiledi\u011fi s\u0131rada sevgilisi G\u00f6khan F\u0131rat\u2019ta kay\u0131ttayd\u0131. F\u0131rat, iki saat boyunca sahnede kalan \u0130rem Derici\u2019nin performans\u0131n\u0131 kay\u0131t alt\u0131na alt\u0131. O anlar objektiflere b\u00f6yle yans\u0131d\u0131.<\/span><\/span><\/span><\/p>\n","protected":false},"excerpt":{"rendered":"<p>Orhan \u0130smailo\u011flu Pop m\u00fczi\u011finin g\u00fc\u00e7l\u00fc sesi \u0130rem Derici, \u00f6nceki ak\u015fam K\u0131br\u0131s Chamada Prestige Hotel\u2019de sahne ald\u0131. Tolga \u00c7am imzal\u0131 siyah k\u0131yafetle sahneye \u00e7\u0131kan \u0130rem Derici, konser \u00f6ncesi bas\u0131n mensuplar\u0131n\u0131n sorular\u0131n\u0131 yan\u0131tlad\u0131. Yeni y\u0131l \u00f6ncesi 2023 y\u0131l\u0131n\u0131n genel bir de\u011ferlendirmesini yapan \u0130rem Derici, \u201cHi\u00e7bir beklentim yok. Beklenti olduk\u00e7a olmuyor \u00e7\u00fcnk\u00fc. Sa\u011fl\u0131\u011f\u0131m yerinde olsun, param\u0131 kazanay\u0131m. Sa\u011fl\u0131k,<\/p>\n","protected":false},"author":1,"featured_media":22679,"comment_status":"open","ping_status":"open","sticky":false,"template":"","format":"standard","meta":{"footnotes":""},"categories":[85],"tags":[],"class_list":["post-22678","post","type-post","status-publish","format-standard","has-post-thumbnail","hentry","category-spor"],"yoast_head":"<!-- This site is optimized with the Yoast SEO plugin v27.4 - https:\/\/yoast.com\/product\/yoast-seo-wordpress\/ -->\n<title>\u201cSu ge\u00e7irmez saat gibi nazar ge\u00e7irmezim\u201d -<\/title>\n<meta name=\"robots\" content=\"index, follow, max-snippet:-1, max-image-preview:large, max-video-preview:-1\" \/>\n<link rel=\"canonical\" href=\"https:\/\/kibrisdakik.com\/?p=22678\" \/>\n<meta property=\"og:locale\" content=\"tr_TR\" \/>\n<meta property=\"og:type\" content=\"article\" \/>\n<meta property=\"og:title\" content=\"\u201cSu ge\u00e7irmez saat gibi nazar ge\u00e7irmezim\u201d -\" \/>\n<meta property=\"og:description\" content=\"Orhan \u0130smailo\u011flu Pop m\u00fczi\u011finin g\u00fc\u00e7l\u00fc sesi \u0130rem Derici, \u00f6nceki ak\u015fam K\u0131br\u0131s Chamada Prestige Hotel\u2019de sahne ald\u0131. Tolga \u00c7am imzal\u0131 siyah k\u0131yafetle sahneye \u00e7\u0131kan \u0130rem Derici, konser \u00f6ncesi bas\u0131n mensuplar\u0131n\u0131n sorular\u0131n\u0131 yan\u0131tlad\u0131. Yeni y\u0131l \u00f6ncesi 2023 y\u0131l\u0131n\u0131n genel bir de\u011ferlendirmesini yapan \u0130rem Derici, \u201cHi\u00e7bir beklentim yok. Beklenti olduk\u00e7a olmuyor \u00e7\u00fcnk\u00fc. Sa\u011fl\u0131\u011f\u0131m yerinde olsun, param\u0131 kazanay\u0131m. Sa\u011fl\u0131k,\" \/>\n<meta property=\"og:url\" content=\"https:\/\/kibrisdakik.com\/?p=22678\" \/>\n<meta property=\"article:published_time\" content=\"2023-12-18T06:33:20+00:00\" \/>\n<meta property=\"og:image\" content=\"https:\/\/kibrisdakik.com\/wp-content\/uploads\/2023\/12\/su-gecirmez-saat-gibi-nazar-gecirmezim-1702877759.webp.webp\" \/>\n\t<meta property=\"og:image:width\" content=\"710\" \/>\n\t<meta property=\"og:image:height\" content=\"370\" \/>\n\t<meta property=\"og:image:type\" content=\"image\/webp\" \/>\n<meta name=\"author\" content=\"admin\" \/>\n<meta name=\"twitter:card\" content=\"summary_large_image\" \/>\n<meta name=\"twitter:label1\" content=\"Yazan:\" \/>\n\t<meta name=\"twitter:data1\" content=\"admin\" \/>\n\t<meta name=\"twitter:label2\" content=\"Tahmini okuma s\u00fcresi\" \/>\n\t<meta name=\"twitter:data2\" content=\"3 dakika\" \/>\n<script type=\"application\/ld+json\" class=\"yoast-schema-graph\">{\"@context\":\"https:\\\/\\\/schema.org\",\"@graph\":[{\"@type\":\"Article\",\"@id\":\"https:\\\/\\\/kibrisdakik.com\\\/?p=22678#article\",\"isPartOf\":{\"@id\":\"https:\\\/\\\/kibrisdakik.com\\\/?p=22678\"},\"author\":{\"name\":\"admin\",\"@id\":\"https:\\\/\\\/kibrisdakik.com\\\/#\\\/schema\\\/person\\\/9cd9d437bbb44f72b73ba127e06d8e79\"},\"headline\":\"\u201cSu ge\u00e7irmez saat gibi nazar ge\u00e7irmezim\u201d\",\"datePublished\":\"2023-12-18T06:33:20+00:00\",\"mainEntityOfPage\":{\"@id\":\"https:\\\/\\\/kibrisdakik.com\\\/?p=22678\"},\"wordCount\":533,\"commentCount\":0,\"image\":{\"@id\":\"https:\\\/\\\/kibrisdakik.com\\\/?p=22678#primaryimage\"},\"thumbnailUrl\":\"https:\\\/\\\/kibrisdakik.com\\\/wp-content\\\/uploads\\\/2023\\\/12\\\/su-gecirmez-saat-gibi-nazar-gecirmezim-1702877759.webp.webp\",\"articleSection\":[\"Spor\"],\"inLanguage\":\"tr\",\"potentialAction\":[{\"@type\":\"CommentAction\",\"name\":\"Comment\",\"target\":[\"https:\\\/\\\/kibrisdakik.com\\\/?p=22678#respond\"]}]},{\"@type\":\"WebPage\",\"@id\":\"https:\\\/\\\/kibrisdakik.com\\\/?p=22678\",\"url\":\"https:\\\/\\\/kibrisdakik.com\\\/?p=22678\",\"name\":\"\u201cSu ge\u00e7irmez saat gibi nazar ge\u00e7irmezim\u201d -\",\"isPartOf\":{\"@id\":\"https:\\\/\\\/kibrisdakik.com\\\/#website\"},\"primaryImageOfPage\":{\"@id\":\"https:\\\/\\\/kibrisdakik.com\\\/?p=22678#primaryimage\"},\"image\":{\"@id\":\"https:\\\/\\\/kibrisdakik.com\\\/?p=22678#primaryimage\"},\"thumbnailUrl\":\"https:\\\/\\\/kibrisdakik.com\\\/wp-content\\\/uploads\\\/2023\\\/12\\\/su-gecirmez-saat-gibi-nazar-gecirmezim-1702877759.webp.webp\",\"datePublished\":\"2023-12-18T06:33:20+00:00\",\"author\":{\"@id\":\"https:\\\/\\\/kibrisdakik.com\\\/#\\\/schema\\\/person\\\/9cd9d437bbb44f72b73ba127e06d8e79\"},\"breadcrumb\":{\"@id\":\"https:\\\/\\\/kibrisdakik.com\\\/?p=22678#breadcrumb\"},\"inLanguage\":\"tr\",\"potentialAction\":[{\"@type\":\"ReadAction\",\"target\":[\"https:\\\/\\\/kibrisdakik.com\\\/?p=22678\"]}]},{\"@type\":\"ImageObject\",\"inLanguage\":\"tr\",\"@id\":\"https:\\\/\\\/kibrisdakik.com\\\/?p=22678#primaryimage\",\"url\":\"https:\\\/\\\/kibrisdakik.com\\\/wp-content\\\/uploads\\\/2023\\\/12\\\/su-gecirmez-saat-gibi-nazar-gecirmezim-1702877759.webp.webp\",\"contentUrl\":\"https:\\\/\\\/kibrisdakik.com\\\/wp-content\\\/uploads\\\/2023\\\/12\\\/su-gecirmez-saat-gibi-nazar-gecirmezim-1702877759.webp.webp\",\"width\":710,\"height\":370},{\"@type\":\"BreadcrumbList\",\"@id\":\"https:\\\/\\\/kibrisdakik.com\\\/?p=22678#breadcrumb\",\"itemListElement\":[{\"@type\":\"ListItem\",\"position\":1,\"name\":\"Home\",\"item\":\"https:\\\/\\\/kibrisdakik.com\\\/\"},{\"@type\":\"ListItem\",\"position\":2,\"name\":\"\u201cSu ge\u00e7irmez saat gibi nazar ge\u00e7irmezim\u201d\"}]},{\"@type\":\"WebSite\",\"@id\":\"https:\\\/\\\/kibrisdakik.com\\\/#website\",\"url\":\"https:\\\/\\\/kibrisdakik.com\\\/\",\"name\":\"\",\"description\":\"Tam vaktinde haber\",\"potentialAction\":[{\"@type\":\"SearchAction\",\"target\":{\"@type\":\"EntryPoint\",\"urlTemplate\":\"https:\\\/\\\/kibrisdakik.com\\\/?s={search_term_string}\"},\"query-input\":{\"@type\":\"PropertyValueSpecification\",\"valueRequired\":true,\"valueName\":\"search_term_string\"}}],\"inLanguage\":\"tr\"},{\"@type\":\"Person\",\"@id\":\"https:\\\/\\\/kibrisdakik.com\\\/#\\\/schema\\\/person\\\/9cd9d437bbb44f72b73ba127e06d8e79\",\"name\":\"admin\",\"image\":{\"@type\":\"ImageObject\",\"inLanguage\":\"tr\",\"@id\":\"https:\\\/\\\/secure.gravatar.com\\\/avatar\\\/ccc17943b9d660506c869530f897617f7cb1c21a4bf30023f252596d83e1f007?s=96&d=mm&r=g\",\"url\":\"https:\\\/\\\/secure.gravatar.com\\\/avatar\\\/ccc17943b9d660506c869530f897617f7cb1c21a4bf30023f252596d83e1f007?s=96&d=mm&r=g\",\"contentUrl\":\"https:\\\/\\\/secure.gravatar.com\\\/avatar\\\/ccc17943b9d660506c869530f897617f7cb1c21a4bf30023f252596d83e1f007?s=96&d=mm&r=g\",\"caption\":\"admin\"},\"sameAs\":[\"https:\\\/\\\/kibrisdakik.com\"],\"url\":\"https:\\\/\\\/kibrisdakik.com\\\/?author=1\"}]}<\/script>\n<!-- \/ Yoast SEO plugin. -->","yoast_head_json":{"title":"\u201cSu ge\u00e7irmez saat gibi nazar ge\u00e7irmezim\u201d -","robots":{"index":"index","follow":"follow","max-snippet":"max-snippet:-1","max-image-preview":"max-image-preview:large","max-video-preview":"max-video-preview:-1"},"canonical":"https:\/\/kibrisdakik.com\/?p=22678","og_locale":"tr_TR","og_type":"article","og_title":"\u201cSu ge\u00e7irmez saat gibi nazar ge\u00e7irmezim\u201d -","og_description":"Orhan \u0130smailo\u011flu Pop m\u00fczi\u011finin g\u00fc\u00e7l\u00fc sesi \u0130rem Derici, \u00f6nceki ak\u015fam K\u0131br\u0131s Chamada Prestige Hotel\u2019de sahne ald\u0131. Tolga \u00c7am imzal\u0131 siyah k\u0131yafetle sahneye \u00e7\u0131kan \u0130rem Derici, konser \u00f6ncesi bas\u0131n mensuplar\u0131n\u0131n sorular\u0131n\u0131 yan\u0131tlad\u0131. Yeni y\u0131l \u00f6ncesi 2023 y\u0131l\u0131n\u0131n genel bir de\u011ferlendirmesini yapan \u0130rem Derici, \u201cHi\u00e7bir beklentim yok. Beklenti olduk\u00e7a olmuyor \u00e7\u00fcnk\u00fc. Sa\u011fl\u0131\u011f\u0131m yerinde olsun, param\u0131 kazanay\u0131m. Sa\u011fl\u0131k,","og_url":"https:\/\/kibrisdakik.com\/?p=22678","article_published_time":"2023-12-18T06:33:20+00:00","og_image":[{"width":710,"height":370,"url":"https:\/\/kibrisdakik.com\/wp-content\/uploads\/2023\/12\/su-gecirmez-saat-gibi-nazar-gecirmezim-1702877759.webp.webp","type":"image\/webp"}],"author":"admin","twitter_card":"summary_large_image","twitter_misc":{"Yazan:":"admin","Tahmini okuma s\u00fcresi":"3 dakika"},"schema":{"@context":"https:\/\/schema.org","@graph":[{"@type":"Article","@id":"https:\/\/kibrisdakik.com\/?p=22678#article","isPartOf":{"@id":"https:\/\/kibrisdakik.com\/?p=22678"},"author":{"name":"admin","@id":"https:\/\/kibrisdakik.com\/#\/schema\/person\/9cd9d437bbb44f72b73ba127e06d8e79"},"headline":"\u201cSu ge\u00e7irmez saat gibi nazar ge\u00e7irmezim\u201d","datePublished":"2023-12-18T06:33:20+00:00","mainEntityOfPage":{"@id":"https:\/\/kibrisdakik.com\/?p=22678"},"wordCount":533,"commentCount":0,"image":{"@id":"https:\/\/kibrisdakik.com\/?p=22678#primaryimage"},"thumbnailUrl":"https:\/\/kibrisdakik.com\/wp-content\/uploads\/2023\/12\/su-gecirmez-saat-gibi-nazar-gecirmezim-1702877759.webp.webp","articleSection":["Spor"],"inLanguage":"tr","potentialAction":[{"@type":"CommentAction","name":"Comment","target":["https:\/\/kibrisdakik.com\/?p=22678#respond"]}]},{"@type":"WebPage","@id":"https:\/\/kibrisdakik.com\/?p=22678","url":"https:\/\/kibrisdakik.com\/?p=22678","name":"\u201cSu ge\u00e7irmez saat gibi nazar ge\u00e7irmezim\u201d -","isPartOf":{"@id":"https:\/\/kibrisdakik.com\/#website"},"primaryImageOfPage":{"@id":"https:\/\/kibrisdakik.com\/?p=22678#primaryimage"},"image":{"@id":"https:\/\/kibrisdakik.com\/?p=22678#primaryimage"},"thumbnailUrl":"https:\/\/kibrisdakik.com\/wp-content\/uploads\/2023\/12\/su-gecirmez-saat-gibi-nazar-gecirmezim-1702877759.webp.webp","datePublished":"2023-12-18T06:33:20+00:00","author":{"@id":"https:\/\/kibrisdakik.com\/#\/schema\/person\/9cd9d437bbb44f72b73ba127e06d8e79"},"breadcrumb":{"@id":"https:\/\/kibrisdakik.com\/?p=22678#breadcrumb"},"inLanguage":"tr","potentialAction":[{"@type":"ReadAction","target":["https:\/\/kibrisdakik.com\/?p=22678"]}]},{"@type":"ImageObject","inLanguage":"tr","@id":"https:\/\/kibrisdakik.com\/?p=22678#primaryimage","url":"https:\/\/kibrisdakik.com\/wp-content\/uploads\/2023\/12\/su-gecirmez-saat-gibi-nazar-gecirmezim-1702877759.webp.webp","contentUrl":"https:\/\/kibrisdakik.com\/wp-content\/uploads\/2023\/12\/su-gecirmez-saat-gibi-nazar-gecirmezim-1702877759.webp.webp","width":710,"height":370},{"@type":"BreadcrumbList","@id":"https:\/\/kibrisdakik.com\/?p=22678#breadcrumb","itemListElement":[{"@type":"ListItem","position":1,"name":"Home","item":"https:\/\/kibrisdakik.com\/"},{"@type":"ListItem","position":2,"name":"\u201cSu ge\u00e7irmez saat gibi nazar ge\u00e7irmezim\u201d"}]},{"@type":"WebSite","@id":"https:\/\/kibrisdakik.com\/#website","url":"https:\/\/kibrisdakik.com\/","name":"","description":"Tam vaktinde haber","potentialAction":[{"@type":"SearchAction","target":{"@type":"EntryPoint","urlTemplate":"https:\/\/kibrisdakik.com\/?s={search_term_string}"},"query-input":{"@type":"PropertyValueSpecification","valueRequired":true,"valueName":"search_term_string"}}],"inLanguage":"tr"},{"@type":"Person","@id":"https:\/\/kibrisdakik.com\/#\/schema\/person\/9cd9d437bbb44f72b73ba127e06d8e79","name":"admin","image":{"@type":"ImageObject","inLanguage":"tr","@id":"https:\/\/secure.gravatar.com\/avatar\/ccc17943b9d660506c869530f897617f7cb1c21a4bf30023f252596d83e1f007?s=96&d=mm&r=g","url":"https:\/\/secure.gravatar.com\/avatar\/ccc17943b9d660506c869530f897617f7cb1c21a4bf30023f252596d83e1f007?s=96&d=mm&r=g","contentUrl":"https:\/\/secure.gravatar.com\/avatar\/ccc17943b9d660506c869530f897617f7cb1c21a4bf30023f252596d83e1f007?s=96&d=mm&r=g","caption":"admin"},"sameAs":["https:\/\/kibrisdakik.com"],"url":"https:\/\/kibrisdakik.com\/?author=1"}]}},"_links":{"self":[{"href":"https:\/\/kibrisdakik.com\/index.php?rest_route=\/wp\/v2\/posts\/22678","targetHints":{"allow":["GET"]}}],"collection":[{"href":"https:\/\/kibrisdakik.com\/index.php?rest_route=\/wp\/v2\/posts"}],"about":[{"href":"https:\/\/kibrisdakik.com\/index.php?rest_route=\/wp\/v2\/types\/post"}],"author":[{"embeddable":true,"href":"https:\/\/kibrisdakik.com\/index.php?rest_route=\/wp\/v2\/users\/1"}],"replies":[{"embeddable":true,"href":"https:\/\/kibrisdakik.com\/index.php?rest_route=%2Fwp%2Fv2%2Fcomments&post=22678"}],"version-history":[{"count":0,"href":"https:\/\/kibrisdakik.com\/index.php?rest_route=\/wp\/v2\/posts\/22678\/revisions"}],"wp:featuredmedia":[{"embeddable":true,"href":"https:\/\/kibrisdakik.com\/index.php?rest_route=\/wp\/v2\/media\/22679"}],"wp:attachment":[{"href":"https:\/\/kibrisdakik.com\/index.php?rest_route=%2Fwp%2Fv2%2Fmedia&parent=22678"}],"wp:term":[{"taxonomy":"category","embeddable":true,"href":"https:\/\/kibrisdakik.com\/index.php?rest_route=%2Fwp%2Fv2%2Fcategories&post=22678"},{"taxonomy":"post_tag","embeddable":true,"href":"https:\/\/kibrisdakik.com\/index.php?rest_route=%2Fwp%2Fv2%2Ftags&post=22678"}],"curies":[{"name":"wp","href":"https:\/\/api.w.org\/{rel}","templated":true}]}}