{"id":22700,"date":"2023-12-18T09:09:39","date_gmt":"2023-12-18T09:09:39","guid":{"rendered":"https:\/\/kibrisdakik.com\/index.php\/2023\/12\/18\/ktoeos-baskani-eylemden-elestiri\/"},"modified":"2023-12-18T09:09:39","modified_gmt":"2023-12-18T09:09:39","slug":"ktoeos-baskani-eylemden-elestiri","status":"publish","type":"post","link":"https:\/\/kibrisdakik.com\/?p=22700","title":{"rendered":"KTOE\u00d6S Ba\u015fkan\u0131 Eylem\u2019den ele\u015ftiri"},"content":{"rendered":"<p><img decoding=\"async\" src=\"https:\/\/www.kibristurk.com\/images\/haberler\/2023\/12\/ktoeos-baskani-eylemden-elestiri-1702888438.webp\" \/><\/p>\n<p style=\"text-align:left\"><span style=\"font-size:14px\"><span style=\"font-family:Arial,Helvetica,sans-serif\"><span style=\"color:#000000\"><span style=\"background-color:#ffffff\">Eylem yapt\u0131\u011f\u0131 yaz\u0131l\u0131 a\u00e7\u0131klamada, \u201cE\u011fitim Bakanl\u0131\u011f\u0131\u2019n\u0131n, ilkokullara ge\u00e7ici \u00f6\u011fretmen atamalar\u0131, kolej s\u0131nav\u0131 taban puan\u0131n\u0131n defalarca d\u00fc\u015f\u00fcr\u00fclmesi, kolejler aras\u0131 ge\u00e7i\u015f, s\u0131n\u0131f ge\u00e7me t\u00fcz\u00fc\u011f\u00fcn\u00fcn de\u011fi\u015ftirilmesi, baz\u0131 atama, nakil ve g\u00f6revlendirmeler, konteynerlar\u0131n ihalesiz yapt\u0131r\u0131lmas\u0131, baz\u0131 okul kantinlerinin ihalesiz kiralanmas\u0131 konular\u0131nda birtak\u0131m ki\u015fi ya da kesime sa\u011flad\u0131\u011f\u0131 ayr\u0131cal\u0131\u011fa, bir yenisini daha ekledi\u011fini\u201d ileri s\u00fcrd\u00fc.<\/span><\/span><\/span><\/span><\/p>\n<p style=\"text-align:left\"><span style=\"font-size:14px\"><span style=\"font-family:Arial,Helvetica,sans-serif\"><span style=\"color:#000000\"><span style=\"background-color:#ffffff\">Okullar a\u00e7\u0131ld\u0131\u011f\u0131ndan beri, aylard\u0131r hala eksik kadrolar oldu\u011funu ifade eden Eylem, \u201cbuna kar\u015f\u0131n yetki kalmad\u0131\u011f\u0131n\u0131 iddia eden E\u011fitim Bakanl\u0131\u011f\u0131\u2019n\u0131n, ihtiya\u00e7 olmayan bir bran\u015fa bir ki\u015filik yetki buldu\u011funu ve atama i\u00e7in Kamu Hizmeti Komisyonu\u2019ndan talepte bulundu\u011funu\u201d savundu.<\/span><\/span><\/span><\/span><\/p>\n<p style=\"text-align:left\"><span style=\"font-size:14px\"><span style=\"font-family:Arial,Helvetica,sans-serif\"><span style=\"color:#000000\"><span style=\"background-color:#ffffff\">Hala Sultan \u0130lahiyat Koleji\u2019nde Fen Bilgisi \u00f6\u011fretmeni ve kad\u0131n beden e\u011fitimi \u00f6\u011fretmeninin eksik oldu\u011funu belirten Eylem, genel orta\u00f6\u011fretim ve mesleki teknik okullar\u0131nda m\u00fcd\u00fcr ve muavin nakilleri ve atamalar\u0131 yap\u0131lmamas\u0131 nedeniyle okullar a\u00e7\u0131ld\u0131\u011f\u0131ndan bu yana 23 muavin, 3 m\u00fcd\u00fcr eksikli\u011fi oldu\u011funu kaydetti.<\/span><\/span><\/span><\/span><\/p>\n<p style=\"text-align:left\"><span style=\"font-size:14px\"><span style=\"font-family:Arial,Helvetica,sans-serif\"><span style=\"color:#000000\"><span style=\"background-color:#ffffff\">O\u011fuz Veli Ortaokulu\u2019nda g\u00f6revden ayr\u0131lan bir T\u00fcrk\u00e7e \u00f6\u011fretmeni yerine hala atama yap\u0131lmad\u0131\u011f\u0131n\u0131 ifade eden Eylem, Osman Necat Konuk Ortaokulu\u2019nda bir resim \u00f6\u011fretmenine ihtiya\u00e7 oldu\u011funu, yine ayn\u0131 okulda, bu y\u0131l tam de\u011fil part time Yunanca \u00f6\u011fretmeni verilmesinden dolay\u0131 baz\u0131 s\u0131n\u0131flar\u0131n Yunanca se\u00e7meli ders se\u00e7ene\u011finin kapat\u0131lmak zorunda b\u0131rak\u0131ld\u0131\u011f\u0131n\u0131 belirtti.<\/span><\/span><\/span><\/span><\/p>\n<p style=\"text-align:left\"><span style=\"font-size:14px\"><span style=\"font-family:Arial,Helvetica,sans-serif\"><span style=\"color:#000000\"><span style=\"background-color:#ffffff\">Sendika ile birlikte yap\u0131lan ihtiya\u00e7 belirleme \u00e7al\u0131\u015fmalar\u0131nda Yunanca \u00f6\u011fretmeni ihtiyac\u0131n\u0131n 5 olarak belirlenmesine ra\u011fmen bu say\u0131n\u0131n \u00f6nce 3\u2019e sonra 2\u2019ye d\u00fc\u015f\u00fcr\u00fcl\u00fcp, sadece 2 \u00f6\u011fretmen atamas\u0131 yap\u0131ld\u0131\u011f\u0131n\u0131 kaydeden Eylem, \u201cMilli E\u011fitim Bakanl\u0131\u011f\u0131\u2019n\u0131n ge\u00e7en hafta isti\u015fare etmeden, \u2018ekonomi \u00f6\u011fretmeni\u2019 atamak i\u00e7in harekete ge\u00e7ti\u011fini\u201d savundu.<\/span><\/span><\/span><\/span><\/p>\n<p style=\"text-align:left\"><span style=\"font-size:14px\"><span style=\"font-family:Arial,Helvetica,sans-serif\"><span style=\"color:#000000\"><span style=\"background-color:#ffffff\">\u201cMilli E\u011fitim Bakan\u0131\u2019n\u0131n e\u011fitim, \u00e7ocuklar ve okullarla ilgili hi\u00e7bir derdi veya gailesi olmad\u0131\u011f\u0131n\u0131\u201d iddia eden KTOE\u00d6S Ba\u015fkan\u0131 Eylem, \u201cYapt\u0131\u011f\u0131n\u0131z t\u00fcm torpil ve haks\u0131zl\u0131klara son verin, e\u011fitime verdi\u011finiz zarar vahim noktaya geldi art\u0131k istifa edin\u201d dedi.<\/span><\/span><\/span><\/span><\/p>\n","protected":false},"excerpt":{"rendered":"<p>Eylem yapt\u0131\u011f\u0131 yaz\u0131l\u0131 a\u00e7\u0131klamada, \u201cE\u011fitim Bakanl\u0131\u011f\u0131\u2019n\u0131n, ilkokullara ge\u00e7ici \u00f6\u011fretmen atamalar\u0131, kolej s\u0131nav\u0131 taban puan\u0131n\u0131n defalarca d\u00fc\u015f\u00fcr\u00fclmesi, kolejler aras\u0131 ge\u00e7i\u015f, s\u0131n\u0131f ge\u00e7me t\u00fcz\u00fc\u011f\u00fcn\u00fcn de\u011fi\u015ftirilmesi, baz\u0131 atama, nakil ve g\u00f6revlendirmeler, konteynerlar\u0131n ihalesiz yapt\u0131r\u0131lmas\u0131, baz\u0131 okul kantinlerinin ihalesiz kiralanmas\u0131 konular\u0131nda birtak\u0131m ki\u015fi ya da kesime sa\u011flad\u0131\u011f\u0131 ayr\u0131cal\u0131\u011fa, bir yenisini daha ekledi\u011fini\u201d ileri s\u00fcrd\u00fc. Okullar a\u00e7\u0131ld\u0131\u011f\u0131ndan beri, aylard\u0131r hala<\/p>\n","protected":false},"author":1,"featured_media":22701,"comment_status":"open","ping_status":"open","sticky":false,"template":"","format":"standard","meta":{"footnotes":""},"categories":[79],"tags":[],"class_list":["post-22700","post","type-post","status-publish","format-standard","has-post-thumbnail","hentry","category-ekonomi"],"yoast_head":"<!-- This site is optimized with the Yoast SEO plugin v27.5 - https:\/\/yoast.com\/product\/yoast-seo-wordpress\/ -->\n<title>KTOE\u00d6S Ba\u015fkan\u0131 Eylem\u2019den ele\u015ftiri -<\/title>\n<meta name=\"robots\" content=\"index, follow, max-snippet:-1, max-image-preview:large, max-video-preview:-1\" \/>\n<link rel=\"canonical\" href=\"https:\/\/kibrisdakik.com\/?p=22700\" \/>\n<meta property=\"og:locale\" content=\"tr_TR\" \/>\n<meta property=\"og:type\" content=\"article\" \/>\n<meta property=\"og:title\" content=\"KTOE\u00d6S Ba\u015fkan\u0131 Eylem\u2019den ele\u015ftiri -\" \/>\n<meta property=\"og:description\" content=\"Eylem yapt\u0131\u011f\u0131 yaz\u0131l\u0131 a\u00e7\u0131klamada, \u201cE\u011fitim Bakanl\u0131\u011f\u0131\u2019n\u0131n, ilkokullara ge\u00e7ici \u00f6\u011fretmen atamalar\u0131, kolej s\u0131nav\u0131 taban puan\u0131n\u0131n defalarca d\u00fc\u015f\u00fcr\u00fclmesi, kolejler aras\u0131 ge\u00e7i\u015f, s\u0131n\u0131f ge\u00e7me t\u00fcz\u00fc\u011f\u00fcn\u00fcn de\u011fi\u015ftirilmesi, baz\u0131 atama, nakil ve g\u00f6revlendirmeler, konteynerlar\u0131n ihalesiz yapt\u0131r\u0131lmas\u0131, baz\u0131 okul kantinlerinin ihalesiz kiralanmas\u0131 konular\u0131nda birtak\u0131m ki\u015fi ya da kesime sa\u011flad\u0131\u011f\u0131 ayr\u0131cal\u0131\u011fa, bir yenisini daha ekledi\u011fini\u201d ileri s\u00fcrd\u00fc. Okullar a\u00e7\u0131ld\u0131\u011f\u0131ndan beri, aylard\u0131r hala\" \/>\n<meta property=\"og:url\" content=\"https:\/\/kibrisdakik.com\/?p=22700\" \/>\n<meta property=\"article:published_time\" content=\"2023-12-18T09:09:39+00:00\" \/>\n<meta property=\"og:image\" content=\"https:\/\/kibrisdakik.com\/wp-content\/uploads\/2023\/12\/ktoeos-baskani-eylemden-elestiri-1702888438.webp.webp\" \/>\n\t<meta property=\"og:image:width\" content=\"710\" \/>\n\t<meta property=\"og:image:height\" content=\"370\" \/>\n\t<meta property=\"og:image:type\" content=\"image\/webp\" \/>\n<meta name=\"author\" content=\"admin\" \/>\n<meta name=\"twitter:card\" content=\"summary_large_image\" \/>\n<meta name=\"twitter:label1\" content=\"Yazan:\" \/>\n\t<meta name=\"twitter:data1\" content=\"admin\" \/>\n\t<meta name=\"twitter:label2\" content=\"Tahmini okuma s\u00fcresi\" \/>\n\t<meta name=\"twitter:data2\" content=\"2 dakika\" \/>\n<script type=\"application\/ld+json\" class=\"yoast-schema-graph\">{\"@context\":\"https:\\\/\\\/schema.org\",\"@graph\":[{\"@type\":\"Article\",\"@id\":\"https:\\\/\\\/kibrisdakik.com\\\/?p=22700#article\",\"isPartOf\":{\"@id\":\"https:\\\/\\\/kibrisdakik.com\\\/?p=22700\"},\"author\":{\"name\":\"admin\",\"@id\":\"https:\\\/\\\/kibrisdakik.com\\\/#\\\/schema\\\/person\\\/9cd9d437bbb44f72b73ba127e06d8e79\"},\"headline\":\"KTOE\u00d6S Ba\u015fkan\u0131 Eylem\u2019den ele\u015ftiri\",\"datePublished\":\"2023-12-18T09:09:39+00:00\",\"mainEntityOfPage\":{\"@id\":\"https:\\\/\\\/kibrisdakik.com\\\/?p=22700\"},\"wordCount\":376,\"commentCount\":0,\"image\":{\"@id\":\"https:\\\/\\\/kibrisdakik.com\\\/?p=22700#primaryimage\"},\"thumbnailUrl\":\"https:\\\/\\\/kibrisdakik.com\\\/wp-content\\\/uploads\\\/2023\\\/12\\\/ktoeos-baskani-eylemden-elestiri-1702888438.webp.webp\",\"articleSection\":[\"Ekonomi\"],\"inLanguage\":\"tr\",\"potentialAction\":[{\"@type\":\"CommentAction\",\"name\":\"Comment\",\"target\":[\"https:\\\/\\\/kibrisdakik.com\\\/?p=22700#respond\"]}]},{\"@type\":\"WebPage\",\"@id\":\"https:\\\/\\\/kibrisdakik.com\\\/?p=22700\",\"url\":\"https:\\\/\\\/kibrisdakik.com\\\/?p=22700\",\"name\":\"KTOE\u00d6S Ba\u015fkan\u0131 Eylem\u2019den ele\u015ftiri -\",\"isPartOf\":{\"@id\":\"https:\\\/\\\/kibrisdakik.com\\\/#website\"},\"primaryImageOfPage\":{\"@id\":\"https:\\\/\\\/kibrisdakik.com\\\/?p=22700#primaryimage\"},\"image\":{\"@id\":\"https:\\\/\\\/kibrisdakik.com\\\/?p=22700#primaryimage\"},\"thumbnailUrl\":\"https:\\\/\\\/kibrisdakik.com\\\/wp-content\\\/uploads\\\/2023\\\/12\\\/ktoeos-baskani-eylemden-elestiri-1702888438.webp.webp\",\"datePublished\":\"2023-12-18T09:09:39+00:00\",\"author\":{\"@id\":\"https:\\\/\\\/kibrisdakik.com\\\/#\\\/schema\\\/person\\\/9cd9d437bbb44f72b73ba127e06d8e79\"},\"breadcrumb\":{\"@id\":\"https:\\\/\\\/kibrisdakik.com\\\/?p=22700#breadcrumb\"},\"inLanguage\":\"tr\",\"potentialAction\":[{\"@type\":\"ReadAction\",\"target\":[\"https:\\\/\\\/kibrisdakik.com\\\/?p=22700\"]}]},{\"@type\":\"ImageObject\",\"inLanguage\":\"tr\",\"@id\":\"https:\\\/\\\/kibrisdakik.com\\\/?p=22700#primaryimage\",\"url\":\"https:\\\/\\\/kibrisdakik.com\\\/wp-content\\\/uploads\\\/2023\\\/12\\\/ktoeos-baskani-eylemden-elestiri-1702888438.webp.webp\",\"contentUrl\":\"https:\\\/\\\/kibrisdakik.com\\\/wp-content\\\/uploads\\\/2023\\\/12\\\/ktoeos-baskani-eylemden-elestiri-1702888438.webp.webp\",\"width\":710,\"height\":370},{\"@type\":\"BreadcrumbList\",\"@id\":\"https:\\\/\\\/kibrisdakik.com\\\/?p=22700#breadcrumb\",\"itemListElement\":[{\"@type\":\"ListItem\",\"position\":1,\"name\":\"Home\",\"item\":\"https:\\\/\\\/kibrisdakik.com\\\/\"},{\"@type\":\"ListItem\",\"position\":2,\"name\":\"KTOE\u00d6S Ba\u015fkan\u0131 Eylem\u2019den ele\u015ftiri\"}]},{\"@type\":\"WebSite\",\"@id\":\"https:\\\/\\\/kibrisdakik.com\\\/#website\",\"url\":\"https:\\\/\\\/kibrisdakik.com\\\/\",\"name\":\"\",\"description\":\"Tam vaktinde haber\",\"potentialAction\":[{\"@type\":\"SearchAction\",\"target\":{\"@type\":\"EntryPoint\",\"urlTemplate\":\"https:\\\/\\\/kibrisdakik.com\\\/?s={search_term_string}\"},\"query-input\":{\"@type\":\"PropertyValueSpecification\",\"valueRequired\":true,\"valueName\":\"search_term_string\"}}],\"inLanguage\":\"tr\"},{\"@type\":\"Person\",\"@id\":\"https:\\\/\\\/kibrisdakik.com\\\/#\\\/schema\\\/person\\\/9cd9d437bbb44f72b73ba127e06d8e79\",\"name\":\"admin\",\"image\":{\"@type\":\"ImageObject\",\"inLanguage\":\"tr\",\"@id\":\"https:\\\/\\\/secure.gravatar.com\\\/avatar\\\/ccc17943b9d660506c869530f897617f7cb1c21a4bf30023f252596d83e1f007?s=96&d=mm&r=g\",\"url\":\"https:\\\/\\\/secure.gravatar.com\\\/avatar\\\/ccc17943b9d660506c869530f897617f7cb1c21a4bf30023f252596d83e1f007?s=96&d=mm&r=g\",\"contentUrl\":\"https:\\\/\\\/secure.gravatar.com\\\/avatar\\\/ccc17943b9d660506c869530f897617f7cb1c21a4bf30023f252596d83e1f007?s=96&d=mm&r=g\",\"caption\":\"admin\"},\"sameAs\":[\"https:\\\/\\\/kibrisdakik.com\"],\"url\":\"https:\\\/\\\/kibrisdakik.com\\\/?author=1\"}]}<\/script>\n<!-- \/ Yoast SEO plugin. -->","yoast_head_json":{"title":"KTOE\u00d6S Ba\u015fkan\u0131 Eylem\u2019den ele\u015ftiri -","robots":{"index":"index","follow":"follow","max-snippet":"max-snippet:-1","max-image-preview":"max-image-preview:large","max-video-preview":"max-video-preview:-1"},"canonical":"https:\/\/kibrisdakik.com\/?p=22700","og_locale":"tr_TR","og_type":"article","og_title":"KTOE\u00d6S Ba\u015fkan\u0131 Eylem\u2019den ele\u015ftiri -","og_description":"Eylem yapt\u0131\u011f\u0131 yaz\u0131l\u0131 a\u00e7\u0131klamada, \u201cE\u011fitim Bakanl\u0131\u011f\u0131\u2019n\u0131n, ilkokullara ge\u00e7ici \u00f6\u011fretmen atamalar\u0131, kolej s\u0131nav\u0131 taban puan\u0131n\u0131n defalarca d\u00fc\u015f\u00fcr\u00fclmesi, kolejler aras\u0131 ge\u00e7i\u015f, s\u0131n\u0131f ge\u00e7me t\u00fcz\u00fc\u011f\u00fcn\u00fcn de\u011fi\u015ftirilmesi, baz\u0131 atama, nakil ve g\u00f6revlendirmeler, konteynerlar\u0131n ihalesiz yapt\u0131r\u0131lmas\u0131, baz\u0131 okul kantinlerinin ihalesiz kiralanmas\u0131 konular\u0131nda birtak\u0131m ki\u015fi ya da kesime sa\u011flad\u0131\u011f\u0131 ayr\u0131cal\u0131\u011fa, bir yenisini daha ekledi\u011fini\u201d ileri s\u00fcrd\u00fc. Okullar a\u00e7\u0131ld\u0131\u011f\u0131ndan beri, aylard\u0131r hala","og_url":"https:\/\/kibrisdakik.com\/?p=22700","article_published_time":"2023-12-18T09:09:39+00:00","og_image":[{"width":710,"height":370,"url":"https:\/\/kibrisdakik.com\/wp-content\/uploads\/2023\/12\/ktoeos-baskani-eylemden-elestiri-1702888438.webp.webp","type":"image\/webp"}],"author":"admin","twitter_card":"summary_large_image","twitter_misc":{"Yazan:":"admin","Tahmini okuma s\u00fcresi":"2 dakika"},"schema":{"@context":"https:\/\/schema.org","@graph":[{"@type":"Article","@id":"https:\/\/kibrisdakik.com\/?p=22700#article","isPartOf":{"@id":"https:\/\/kibrisdakik.com\/?p=22700"},"author":{"name":"admin","@id":"https:\/\/kibrisdakik.com\/#\/schema\/person\/9cd9d437bbb44f72b73ba127e06d8e79"},"headline":"KTOE\u00d6S Ba\u015fkan\u0131 Eylem\u2019den ele\u015ftiri","datePublished":"2023-12-18T09:09:39+00:00","mainEntityOfPage":{"@id":"https:\/\/kibrisdakik.com\/?p=22700"},"wordCount":376,"commentCount":0,"image":{"@id":"https:\/\/kibrisdakik.com\/?p=22700#primaryimage"},"thumbnailUrl":"https:\/\/kibrisdakik.com\/wp-content\/uploads\/2023\/12\/ktoeos-baskani-eylemden-elestiri-1702888438.webp.webp","articleSection":["Ekonomi"],"inLanguage":"tr","potentialAction":[{"@type":"CommentAction","name":"Comment","target":["https:\/\/kibrisdakik.com\/?p=22700#respond"]}]},{"@type":"WebPage","@id":"https:\/\/kibrisdakik.com\/?p=22700","url":"https:\/\/kibrisdakik.com\/?p=22700","name":"KTOE\u00d6S Ba\u015fkan\u0131 Eylem\u2019den ele\u015ftiri -","isPartOf":{"@id":"https:\/\/kibrisdakik.com\/#website"},"primaryImageOfPage":{"@id":"https:\/\/kibrisdakik.com\/?p=22700#primaryimage"},"image":{"@id":"https:\/\/kibrisdakik.com\/?p=22700#primaryimage"},"thumbnailUrl":"https:\/\/kibrisdakik.com\/wp-content\/uploads\/2023\/12\/ktoeos-baskani-eylemden-elestiri-1702888438.webp.webp","datePublished":"2023-12-18T09:09:39+00:00","author":{"@id":"https:\/\/kibrisdakik.com\/#\/schema\/person\/9cd9d437bbb44f72b73ba127e06d8e79"},"breadcrumb":{"@id":"https:\/\/kibrisdakik.com\/?p=22700#breadcrumb"},"inLanguage":"tr","potentialAction":[{"@type":"ReadAction","target":["https:\/\/kibrisdakik.com\/?p=22700"]}]},{"@type":"ImageObject","inLanguage":"tr","@id":"https:\/\/kibrisdakik.com\/?p=22700#primaryimage","url":"https:\/\/kibrisdakik.com\/wp-content\/uploads\/2023\/12\/ktoeos-baskani-eylemden-elestiri-1702888438.webp.webp","contentUrl":"https:\/\/kibrisdakik.com\/wp-content\/uploads\/2023\/12\/ktoeos-baskani-eylemden-elestiri-1702888438.webp.webp","width":710,"height":370},{"@type":"BreadcrumbList","@id":"https:\/\/kibrisdakik.com\/?p=22700#breadcrumb","itemListElement":[{"@type":"ListItem","position":1,"name":"Home","item":"https:\/\/kibrisdakik.com\/"},{"@type":"ListItem","position":2,"name":"KTOE\u00d6S Ba\u015fkan\u0131 Eylem\u2019den ele\u015ftiri"}]},{"@type":"WebSite","@id":"https:\/\/kibrisdakik.com\/#website","url":"https:\/\/kibrisdakik.com\/","name":"","description":"Tam vaktinde haber","potentialAction":[{"@type":"SearchAction","target":{"@type":"EntryPoint","urlTemplate":"https:\/\/kibrisdakik.com\/?s={search_term_string}"},"query-input":{"@type":"PropertyValueSpecification","valueRequired":true,"valueName":"search_term_string"}}],"inLanguage":"tr"},{"@type":"Person","@id":"https:\/\/kibrisdakik.com\/#\/schema\/person\/9cd9d437bbb44f72b73ba127e06d8e79","name":"admin","image":{"@type":"ImageObject","inLanguage":"tr","@id":"https:\/\/secure.gravatar.com\/avatar\/ccc17943b9d660506c869530f897617f7cb1c21a4bf30023f252596d83e1f007?s=96&d=mm&r=g","url":"https:\/\/secure.gravatar.com\/avatar\/ccc17943b9d660506c869530f897617f7cb1c21a4bf30023f252596d83e1f007?s=96&d=mm&r=g","contentUrl":"https:\/\/secure.gravatar.com\/avatar\/ccc17943b9d660506c869530f897617f7cb1c21a4bf30023f252596d83e1f007?s=96&d=mm&r=g","caption":"admin"},"sameAs":["https:\/\/kibrisdakik.com"],"url":"https:\/\/kibrisdakik.com\/?author=1"}]}},"_links":{"self":[{"href":"https:\/\/kibrisdakik.com\/index.php?rest_route=\/wp\/v2\/posts\/22700","targetHints":{"allow":["GET"]}}],"collection":[{"href":"https:\/\/kibrisdakik.com\/index.php?rest_route=\/wp\/v2\/posts"}],"about":[{"href":"https:\/\/kibrisdakik.com\/index.php?rest_route=\/wp\/v2\/types\/post"}],"author":[{"embeddable":true,"href":"https:\/\/kibrisdakik.com\/index.php?rest_route=\/wp\/v2\/users\/1"}],"replies":[{"embeddable":true,"href":"https:\/\/kibrisdakik.com\/index.php?rest_route=%2Fwp%2Fv2%2Fcomments&post=22700"}],"version-history":[{"count":0,"href":"https:\/\/kibrisdakik.com\/index.php?rest_route=\/wp\/v2\/posts\/22700\/revisions"}],"wp:featuredmedia":[{"embeddable":true,"href":"https:\/\/kibrisdakik.com\/index.php?rest_route=\/wp\/v2\/media\/22701"}],"wp:attachment":[{"href":"https:\/\/kibrisdakik.com\/index.php?rest_route=%2Fwp%2Fv2%2Fmedia&parent=22700"}],"wp:term":[{"taxonomy":"category","embeddable":true,"href":"https:\/\/kibrisdakik.com\/index.php?rest_route=%2Fwp%2Fv2%2Fcategories&post=22700"},{"taxonomy":"post_tag","embeddable":true,"href":"https:\/\/kibrisdakik.com\/index.php?rest_route=%2Fwp%2Fv2%2Ftags&post=22700"}],"curies":[{"name":"wp","href":"https:\/\/api.w.org\/{rel}","templated":true}]}}