{"id":22712,"date":"2023-12-18T10:28:11","date_gmt":"2023-12-18T10:28:11","guid":{"rendered":"https:\/\/kibrisdakik.com\/index.php\/2023\/12\/18\/mit-teror-orgutu-pkknin-sozde-sorumlularini-hedef-aliyor\/"},"modified":"2023-12-18T10:28:11","modified_gmt":"2023-12-18T10:28:11","slug":"mit-teror-orgutu-pkknin-sozde-sorumlularini-hedef-aliyor","status":"publish","type":"post","link":"https:\/\/kibrisdakik.com\/?p=22712","title":{"rendered":"M\u0130T, ter\u00f6r \u00f6rg\u00fct\u00fc PKK&#039;n\u0131n s\u00f6zde sorumlular\u0131n\u0131 hedef al\u0131yor"},"content":{"rendered":"<p><img decoding=\"async\" src=\"https:\/\/www.kibristurk.com\/images\/haberler\/2023\/12\/mit-teror-orgutu-pkknin-sozde-sorumlularini-hedef-aliyor-1702894996.webp\" \/><\/p>\n<p>G\u00fcvenlik kaynaklar\u0131ndan edinilen bilgiye g\u00f6re, T\u00fcrkiye&#8217;nin ter\u00f6rle m\u00fccadelede izledi\u011fi &#8220;tehdidi s\u0131n\u0131r \u00f6tesinde bertaraf etme&#8221; stratejisi do\u011frultusunda, PKK&#8217;n\u0131n&nbsp;Suriye&nbsp;ve Irak&#8217;taki mensuplar\u0131n\u0131 hedef alan operasyonlar\u0131, y\u0131l boyunca kesintisiz s\u00fcrd\u00fc.<\/p>\n<p>M\u0130T, son bir y\u0131l i\u00e7erisinde, \u00e7o\u011funlu\u011fu S\u0130HA destekli 181 operasyonda, aralar\u0131nda s\u00f6zde y\u00f6neticilerinin de bulundu\u011fu toplam 201 ter\u00f6risti etkisiz hale getirdi.<\/p>\n<p>Suriye&#8217;nin kuzeyine y\u00f6nelik hava harekatlar\u0131nda \u00f6rg\u00fct\u00fcn faydaland\u0131\u011f\u0131 rafineri,&nbsp;petrol&nbsp;kuyusu,&nbsp;enerji&nbsp;santrali gibi kritik enerji ve altyap\u0131 tesisleri, silah ve m\u00fchimmat depolar\u0131 ba\u015fta olmak \u00fczere 45 hedef de imha edildi.<\/p>\n<p>Bu operasyonlarda, g\u00fcvenlik g\u00fc\u00e7lerine y\u00f6nelik sald\u0131r\u0131lar\u0131 ger\u00e7ekle\u015ftiren ve planlayan ter\u00f6ristlerin yan\u0131 s\u0131ra ter\u00f6r \u00f6rg\u00fct\u00fcne silah, para ve eleman temin eden, \u00f6zellikle ter\u00f6r \u00f6rg\u00fct\u00fcn\u00fcn Suriye ve Irak&#8217;ta varl\u0131\u011f\u0131n\u0131 s\u00fcrd\u00fcrmesi i\u00e7in faaliyet y\u00fcr\u00fcten s\u00f6zde sorumlular da hedef al\u0131nd\u0131. Bu kapsamda, 38 s\u00f6zde \u00f6rg\u00fct sorumlusu etkisiz hale getirildi.<\/p>\n<p>Ter\u00f6r \u00f6rg\u00fct\u00fcn\u00fcn finansman ve lojistik imkanlar\u0131 a\u00e7\u0131s\u0131ndan kritik \u00f6neme sahip orta ve \u00fcst d\u00fczey sorumlular\u0131n etkisiz hale getirilmesi, \u00f6rg\u00fctte b\u00fcy\u00fck tahribata neden oldu.<\/p>\n<p><strong>Hava operasyonlar\u0131 ter\u00f6r \u00f6rg\u00fct\u00fc PKK&#8217;n\u0131n faaliyetlerine engel oldu<\/strong><\/p>\n<p>M\u0130T&#8217;in sahadaki istihbarat \u00e7al\u0131\u015fmalar\u0131 ve \u00e7o\u011funlu\u011fu S\u0130HA destekli operasyonlar\u0131n\u0131n, PKK i\u00e7inde \u00e7at\u0131\u015fmalara yol a\u00e7t\u0131\u011f\u0131, g\u00fcvenlik kayg\u0131s\u0131 nedeniyle ter\u00f6ristlerin kar\u015f\u0131l\u0131kl\u0131 su\u00e7lamalara giri\u015fti\u011fi, \u00f6rg\u00fct i\u00e7inde hesapla\u015fma s\u00fcrecinin ba\u015flad\u0131\u011f\u0131 belirtildi.<\/p>\n<p>PKK&#8217;n\u0131n \u00fcst d\u00fczey kay\u0131plar\u0131n\u0131 a\u00e7\u0131klamak yerine, \u00f6rg\u00fct i\u00e7i infazla etkisiz hale getirilen mensuplar\u0131n\u0131n ad\u0131n\u0131 kamuoyuyla payla\u015ft\u0131\u011f\u0131 belirlendi.<\/p>\n<p>Hava harekatlar\u0131yla ter\u00f6r \u00f6rg\u00fct\u00fc PKK \u00fczerinde yarat\u0131lan bask\u0131, \u00f6rg\u00fctten kopu\u015flar\u0131 da beraberinde getirdi. Uzun y\u0131llard\u0131r ter\u00f6r \u00f6rg\u00fct\u00fc PKK b\u00fcnyesinde yer alan ter\u00f6ristler g\u00fcvenlik g\u00fc\u00e7lerine teslim olmaya \u00e7al\u0131\u015f\u0131rken, \u00f6rg\u00fcte kat\u0131l\u0131mlar\u0131n da ciddi oranda d\u00fc\u015ft\u00fc\u011f\u00fc tespit edildi.<\/p>\n<p>Ter\u00f6r \u00f6rg\u00fct\u00fcn\u00fcn s\u00f6zde y\u00f6neticileri, hava harekatlar\u0131n\u0131n etkisiyle Suriye ve Irak&#8217;ta faaliyetlerini rahat \u015fekilde y\u00fcr\u00fctememeye ba\u015flad\u0131. Hedef olma riskiyle geni\u015f kat\u0131l\u0131ml\u0131 toplant\u0131lar d\u00fczenleyemeyen s\u00f6zde y\u00f6neticilerin, bu sebeple ter\u00f6r \u00f6rg\u00fct\u00fc mensuplar\u0131na talimatlar\u0131n\u0131 aktarmakta zorland\u0131\u011f\u0131 kaydedildi. Bu durum, \u00f6rg\u00fct\u00fcn karar alma mekanizmas\u0131na da&nbsp;darbe&nbsp;vurdu.<\/p>\n<p><strong>T\u00fcnellerde ya\u015famaya mecbur kald\u0131lar<\/strong><\/p>\n<p>G\u00fcvenlik g\u00fc\u00e7lerince ger\u00e7ekle\u015ftirilen operasyonlar ve daimi hava&nbsp;ke\u015fif&nbsp;faaliyetlerinden korunmak amac\u0131yla ter\u00f6r \u00f6rg\u00fct\u00fc mensuplar\u0131n\u0131n t\u00fcnellerde ya\u015famaya mecbur kald\u0131\u011f\u0131, bu durumun, \u00f6rg\u00fct\u00fcn s\u00f6zde \u00fcst d\u00fczey sorumlular\u0131n\u0131n psikolojisini bozdu\u011fu, sa\u011fl\u0131k sorunlar\u0131n\u0131n artmas\u0131na sebep oldu\u011fu belirtildi.<\/p>\n<p>Son d\u00f6nemdeki hava harekatlar\u0131nda ter\u00f6r \u00f6rg\u00fct\u00fc i\u00e7inde uzun s\u00fcredir faaliyette bulunan s\u00f6zde sorumlular\u0131n etkisiz hale getirilmesi, ter\u00f6r \u00f6rg\u00fct\u00fcn\u00fcn faaliyetlerini de zorla\u015ft\u0131rd\u0131. \u00d6rg\u00fcte eleman temininde g\u00fc\u00e7l\u00fck \u00e7eken PKK, ba\u015far\u0131s\u0131z olundu\u011fu gerek\u00e7esiyle silahl\u0131 yap\u0131lar\u0131nda sorumlu d\u00fczeydeki \u00f6rg\u00fct mensuplar\u0131nda de\u011fi\u015fikli\u011fe gitmeye ba\u015flad\u0131.<\/p>\n<p>\u00d6rg\u00fct\u00fcn eleman temini i\u00e7in \u00f6zellikle Suriye&#8217;de y\u00fcr\u00fctt\u00fc\u011f\u00fc &#8220;zorunlu silah alt\u0131na alma&#8221; uygulamas\u0131 da b\u00f6lge halk\u0131n\u0131n tepkisini \u00e7ekti.<\/p>\n<p>Irak&#8217;\u0131n kuzeyinde ise b\u00f6lge halk\u0131n\u0131n, &#8220;PKK&#8217;n\u0131n varl\u0131\u011f\u0131n\u0131n kendilerine zarar verdi\u011fi&#8221; d\u00fc\u015f\u00fcncesiyle \u00f6rg\u00fct\u00fcn d\u00fczenledi\u011fi etkinliklerden uzakla\u015ft\u0131\u011f\u0131 aktar\u0131ld\u0131.<\/p>\n<p>M\u0130T&#8217;in Suriye ve Irak&#8217;ta y\u00fcr\u00fctt\u00fc\u011f\u00fc istihbarat \u00e7al\u0131\u015fmalar\u0131, ter\u00f6r \u00f6rg\u00fct\u00fcn\u00fcn faaliyet g\u00f6sterdi\u011fi b\u00f6lgeler aras\u0131ndaki ileti\u015fim ve koordinasyonu da k\u0131s\u0131tlad\u0131. Ter\u00f6r \u00f6rg\u00fct\u00fcn\u00fcn Kandil&#8217;deki s\u00f6zde y\u00f6neticileri ile T\u00fcrkiye, Suriye,&nbsp;<a href=\"https:\/\/www.trthaber.com\/etiket\/irak\/\" target=\"_blank\" rel=\"noopener\">Irak<\/a>&nbsp;ve \u0130ran&#8217;daki \u00e7e\u015fitli b\u00f6lgelerdeki mensuplar\u0131 aras\u0131nda ileti\u015fim sekteye u\u011frat\u0131ld\u0131. Bu sebeple ter\u00f6r \u00f6rg\u00fct\u00fc, s\u0131n\u0131rl\u0131 say\u0131da mensubunu haberle\u015fme ve lojistik faaliyetlere sevk etmek zorunda kald\u0131.<\/p>\n<p>Bu arada, etkili operasyonlar neticesinde zor g\u00fcnler ge\u00e7iren ter\u00f6r \u00f6rg\u00fct\u00fc PKK, hava harekatlar\u0131na kar\u015f\u0131&nbsp;dezenformasyon&nbsp;kampanyalar\u0131n\u0131 \u00f6zellikle Avrupa&#8217;da s\u00fcrd\u00fcr\u00fcyor. Ter\u00f6r \u00f6rg\u00fct\u00fcn\u00fcn, &#8220;DEA\u015e&#8217;la m\u00fccadelenin sekteye u\u011frad\u0131\u011f\u0131&#8221; iddias\u0131yla hava harekatlar\u0131na y\u00f6nelik kara propaganda \u00e7al\u0131\u015fmas\u0131 yapt\u0131\u011f\u0131 belirtildi.<\/p>\n<p><strong>Etkisiz hale getirilen arananlar listesindeki ter\u00f6ristler<\/strong><\/p>\n<p>M\u0130T, ter\u00f6rden arananlar listesinde k\u0131rm\u0131z\u0131 kategoride yer alan, Interpol taraf\u0131ndan k\u0131rm\u0131z\u0131 b\u00fcltenle aranan PKK\/KCK&#8217;n\u0131n s\u00f6zde y\u00f6neticilerinden Abdurrahman \u00c7ad\u0131rc\u0131&#8217;y\u0131 Suriye&#8217;nin kuzeyindeki Kam\u0131\u015fl\u0131&#8217;da 23 Haziran&#8217;da etkisiz hale getirdi.<\/p>\n<p>M\u0130T&#8217;in, 6 Ocak&#8217;ta Suriye&#8217;nin Haseke kentinde d\u00fczenledi\u011fi operasyonla etkisiz hale getirilen ter\u00f6ristlerin, Bursa&#8217;n\u0131n Mudanya il\u00e7esinde 20 Nisan 2022&#8217;de cezaevi servis arac\u0131na y\u00f6nelik sald\u0131r\u0131n\u0131n azmettiricisi olan ter\u00f6r \u00f6rg\u00fct\u00fc MLKP&#8217;nin s\u00f6zde Suriye sorumlusu Ahmet \u015eore\u015f kod adl\u0131 Zeki G\u00fcrb\u00fcz ve s\u00f6zde Suriye sabotaj sorumlusu &#8220;F\u0131rat Neval&#8221; kod adl\u0131 \u00d6zg\u00fcr Namo\u011flu oldu\u011fu belirlendi.<\/p>\n<p>Bursa&#8217;daki sald\u0131r\u0131y\u0131 organize eden MLKP&#8217;nin s\u00f6zde Suriye sorumlular\u0131ndan k\u0131rm\u0131z\u0131 kategoride aranan &#8220;Y\u0131lmaz Behrare\u015f&#8221; kod adl\u0131 Osman Nuri Ocakl\u0131 ise 17 Haziran&#8217;da Suriye&#8217;nin Aynularab b\u00f6lgesinde etkisiz hale getirildi.<\/p>\n<p>Irak&#8217;\u0131n S\u00fcleymaniye kentindeki operasyonla, ter\u00f6rden arananlar listesinde k\u0131rm\u0131z\u0131 kategoride yer alan &#8220;\u00c7iya Amed&#8221; kod adl\u0131 PKK&#8217;n\u0131n s\u00f6zde Kerk\u00fck sorumlusu ter\u00f6rist Remzi Avc\u0131 14 Kas\u0131m&#8217;da, Interpol taraf\u0131ndan k\u0131rm\u0131z\u0131 b\u00fcltenle aranan, ter\u00f6r \u00f6rg\u00fct\u00fc PKK\/YPG&#8217;ye a\u011f\u0131r silah temininden sorumlu &#8220;Hayri Serhat&#8221; kod adl\u0131 Fahrettin Tolun Suriye&#8217;nin kuzeyindeki Rumeylan&#8217;da 23 Kas\u0131m&#8217;da etkisizle\u015ftirildi.<\/p>\n<p>Ter\u00f6r \u00f6rg\u00fct\u00fc PKK\/YPG&#8217;nin para trafi\u011fini y\u00f6neten ve ter\u00f6rden arananlar listesinde ye\u015fil kategoride bulunan Z\u00fclfiye Binbir, yine ye\u015fil kategoride aranan ve metropollerde sald\u0131r\u0131 talimat\u0131 verdi\u011fi belirlenen PKK\/KCK&#8217;n\u0131n s\u00f6zde sorumlular\u0131ndan Sebahat Ormanl\u0131, M\u0130T&#8217;in etkisiz hale getirdi\u011fi ter\u00f6ristler aras\u0131nda yer ald\u0131.<\/p>\n<p>M\u0130T&#8217;in operasyonlar\u0131yla ayr\u0131ca, mavi kategoride aranan ter\u00f6r \u00f6rg\u00fct\u00fc PKK\/YPG&#8217;nin s\u00f6zde sorumlular\u0131ndan R\u0131dvan Ulugana, PKK\/KCK&#8217;n\u0131n Irak&#8217;\u0131n kuzeyindeki s\u00f6zde \u00fcst d\u00fczey y\u00f6neticilerinden gri listede aranan Fehmi \u00d6\u011fmen ile beraberindeki s\u00f6zde sorumlu Mehmet Salih \u00c7akal ve \u015fof\u00f6rleri &#8220;Ararat Tolhildan&#8221; kod adl\u0131 Ahmed Muhammed Ali etkisiz hale getirildi.<\/p>\n<p><strong>\u00d6rg\u00fct\u00fcn s\u00f6zde y\u00f6netici kadrosuna nokta operasyonlar<\/strong><\/p>\n<p>M\u0130T&#8217;in etkisiz hale getirdi\u011fi, ter\u00f6r \u00f6rg\u00fct\u00fc PKK\/KCK&#8217;n\u0131n s\u00f6zde Sincar sorumlusu Ceko Pir kod adl\u0131 Saad Ali Bedel i\u00e7in Irak&#8217;\u0131n kuzeyindeki Sincar&#8217;da mart ay\u0131nda, metropollerde eylem talimat\u0131 veren ter\u00f6r \u00f6rg\u00fct\u00fc PKK\/YPG&#8217;nin s\u00f6zde istihbarat sorumlusu &#8220;Mazlum Karamok&#8221; kod adl\u0131 Sabri Abdullah i\u00e7in ise Suriye&#8217;nin kuzeyindeki Aynularab&#8217;da nisan ay\u0131nda operasyon d\u00fczenlendi.<\/p>\n<p>May\u0131sta etkisiz hale getirilen ter\u00f6ristler aras\u0131nda, bir\u00e7ok ter\u00f6r eylemine kat\u0131lan ve \u00fcs b\u00f6lgelerine y\u00f6nelik sald\u0131r\u0131lar\u0131n sorumlusu oldu\u011fu belirlenen PKK\/YPG&#8217;nin s\u00f6zde sorumlular\u0131ndan &#8220;Bager T\u00fcrk&#8221; kod adl\u0131 Haydar Demirel, PKK\/YPG&#8217;nin s\u00f6zde Aynularab&nbsp;mali&nbsp;sorumlusu &#8220;Zin Kobani\/Cudi Egid\/Sorxwin&#8221; kod adl\u0131 Tuba Karako\u00e7, PKK\/KCK&#8217;n\u0131n s\u00f6zde lojistik sorumlusu Ne\u00e7irvan Seven de yer ald\u0131.<\/p>\n<p>T\u00fcrk Silahl\u0131 Kuvvetleri, Emniyet ve&nbsp;M\u0130T&nbsp;mensuplar\u0131na suikast i\u00e7in e\u011fitilen &#8220;Bawer Botan&#8221; kod adl\u0131 Bekir K\u0131na Haziran&#8217;da, PKK\/KCK&#8217;n\u0131n s\u00f6zde Sincar sorumlular\u0131ndan Mesut Celal Osman Temmuz&#8217;da, PKK\/YPJ&#8217;nin s\u00f6zde sorumlular\u0131ndan &#8220;Vejin Jiyan&#8221; kod adl\u0131 Hicran \u0130cuz, A\u011fustos&#8217;ta etkisiz hale getirildi.<\/p>\n<p>M\u0130T&#8217;in eyl\u00fcl ay\u0131ndaki operasyonlar\u0131nda ise PKK&#8217;n\u0131n sald\u0131r\u0131 ve sabotaj amac\u0131yla&nbsp;e\u011fitim&nbsp;verdi\u011fi &#8220;Rezan Botan&#8221; kod adl\u0131 Rezan G\u00fcngen, ter\u00f6r \u00f6rg\u00fct\u00fc YPG\/YPJ&#8217;nin s\u00f6zde M\u00fcnbi\u00e7 sorumlusu &#8220;Sara\/\u015eervin Derik&#8221; kod adl\u0131 Uman Dervi\u015f, PKK\/KCK-YB\u015e&#8217;nin s\u00f6zde Sincar asayi\u015f sorumlusu Halid Re\u015fo Kas\u0131m, PKK\/KCK&#8217;ya Avrupa&#8217;dan kat\u0131lan &#8220;Berxwedan \u00c7iyager&#8221; kod adl\u0131 ter\u00f6rist Mazlum \u00d6zt\u00fcrk, PKK\/YPG&#8217;nin s\u00f6zde askeri akademi sorumlusu Serhad Serhildan kod adl\u0131 Muhtesim Aky\u00fcrek, etkisiz hale getirilen s\u00f6zde \u00fcst d\u00fczeyde sorumlu ter\u00f6ristler aras\u0131nda yer ald\u0131.<\/p>\n<p>Ter\u00f6r \u00f6rg\u00fct\u00fc PKK&#8217;n\u0131n s\u00f6zde Suriye asayi\u015f sorumlusu, 2007&#8217;deki Da\u011fl\u0131ca sald\u0131r\u0131s\u0131n\u0131n planlay\u0131c\u0131s\u0131 M\u00fczdelif Ta\u015fk\u0131n, PKK\/YPG&#8217;nin s\u00f6zde Derik tugay sorumlusu &#8220;\u015eibli Derik&#8221; kod adl\u0131 Muhammed Azo, PKK\/KCK-YB\u015e&#8217;nin s\u00f6zde suikast sorumlusu &#8220;\u00c7iya Fekir&#8221; kod adl\u0131 \u0130lyas Biro Eli, PKK\/KCK&#8217;n\u0131n s\u00f6zde Metina lojistik sorumlusu Cahit Aktay, s\u00f6zde sorumlular\u0131ndan Sariye Atilla, Ekim ay\u0131nda etkisiz hale getirildi.<\/p>\n<p><strong>S\u0131n\u0131rdan 230 kilometre i\u00e7erde nokta operasyon<\/strong><\/p>\n<p>PKK\/YPG&#8217;nin s\u00f6zde sorumlular\u0131ndan \u0130dris Serhat kod adl\u0131 ter\u00f6rist Ali Suba\u015f\u0131, s\u00f6zde Aynularab sorumlusu &#8220;Karker Andok&#8221; kod adl\u0131 Mutlu Kacar ile PKK\/KCK&#8217;n\u0131n s\u00f6zde Hakurk sorumlular\u0131ndan &#8220;Teko\u015fin Cizre&#8221; kod adl\u0131 Ay\u015fe Arslan kas\u0131m ay\u0131nda etkisiz hale getirilen ter\u00f6ristler oldu.<\/p>\n<p>M\u0130T,&nbsp;uyu\u015fturucu&nbsp;ticareti ve kara para aklama faaliyetlerinin s\u00f6zde sorumlusu &#8220;R\u0131zgar Suvar&#8221; kod adl\u0131 Yadin Bulut ve \u00f6rg\u00fct ad\u0131na hara\u00e7 toplayan ve eleman sa\u011flayan s\u00f6zde sorumlulardan &#8220;Jiyan Mardin&#8221; kod adl\u0131 G\u00fcls\u00fcme Do\u011fan&#8217;\u0131 da kas\u0131m ay\u0131 i\u00e7inde etkisiz hale getirdi.<\/p>\n<p>Bu ay etkisiz hale getirilen iki ter\u00f6rist, PKK\/YPG&#8217;nin Suriye&#8217;nin Tel R\u0131fat b\u00f6lgesindeki sald\u0131r\u0131lar\u0131nda kulland\u0131\u011f\u0131 insans\u0131z hava ara\u00e7lar\u0131ndan sorumlu ter\u00f6rist Bager \u00d6nde\u015f ve PKK\/PJAK s\u00f6zde Asos b\u00f6lge sorumlusu Erdal Amed kod adl\u0131 Hesen Mihemedi olarak belirlendi.<\/p>\n<p>M\u0130T, bu ay son olarak&nbsp;PKK\/YPG&nbsp;\u00fcyesi ve Suriye&#8217;nin Deyrizor \u015fehrinde s\u00f6zde saha sorumlusu olan Roni Velat kod adl\u0131 \u015eirvan Hasan&#8217;\u0131, T\u00fcrkiye&#8217;ye yakla\u015f\u0131k 230 kilometre mesafedeki Deyrizor&#8217;da d\u00fczenlenen nokta operasyonla etkisiz hale getirdi.<\/p>\n","protected":false},"excerpt":{"rendered":"<p>G\u00fcvenlik kaynaklar\u0131ndan edinilen bilgiye g\u00f6re, T\u00fcrkiye&#8217;nin ter\u00f6rle m\u00fccadelede izledi\u011fi &#8220;tehdidi s\u0131n\u0131r \u00f6tesinde bertaraf etme&#8221; stratejisi do\u011frultusunda, PKK&#8217;n\u0131n&nbsp;Suriye&nbsp;ve Irak&#8217;taki mensuplar\u0131n\u0131 hedef alan operasyonlar\u0131, y\u0131l boyunca kesintisiz s\u00fcrd\u00fc. M\u0130T, son bir y\u0131l i\u00e7erisinde, \u00e7o\u011funlu\u011fu S\u0130HA destekli 181 operasyonda, aralar\u0131nda s\u00f6zde y\u00f6neticilerinin de bulundu\u011fu toplam 201 ter\u00f6risti etkisiz hale getirdi. Suriye&#8217;nin kuzeyine y\u00f6nelik hava harekatlar\u0131nda \u00f6rg\u00fct\u00fcn faydaland\u0131\u011f\u0131 rafineri,&nbsp;petrol&nbsp;kuyusu,&nbsp;enerji&nbsp;santrali<\/p>\n","protected":false},"author":1,"featured_media":22713,"comment_status":"open","ping_status":"open","sticky":false,"template":"","format":"standard","meta":{"footnotes":""},"categories":[1],"tags":[],"class_list":["post-22712","post","type-post","status-publish","format-standard","has-post-thumbnail","hentry","category-gundem"],"yoast_head":"<!-- This site is optimized with the Yoast SEO plugin v27.5 - https:\/\/yoast.com\/product\/yoast-seo-wordpress\/ -->\n<title>M\u0130T, ter\u00f6r \u00f6rg\u00fct\u00fc PKK&#039;n\u0131n s\u00f6zde sorumlular\u0131n\u0131 hedef al\u0131yor -<\/title>\n<meta name=\"robots\" content=\"index, follow, max-snippet:-1, max-image-preview:large, max-video-preview:-1\" \/>\n<link rel=\"canonical\" href=\"https:\/\/kibrisdakik.com\/?p=22712\" \/>\n<meta property=\"og:locale\" content=\"tr_TR\" \/>\n<meta property=\"og:type\" content=\"article\" \/>\n<meta property=\"og:title\" content=\"M\u0130T, ter\u00f6r \u00f6rg\u00fct\u00fc PKK&#039;n\u0131n s\u00f6zde sorumlular\u0131n\u0131 hedef al\u0131yor -\" \/>\n<meta property=\"og:description\" content=\"G\u00fcvenlik kaynaklar\u0131ndan edinilen bilgiye g\u00f6re, T\u00fcrkiye&#8217;nin ter\u00f6rle m\u00fccadelede izledi\u011fi &#8220;tehdidi s\u0131n\u0131r \u00f6tesinde bertaraf etme&#8221; stratejisi do\u011frultusunda, PKK&#8217;n\u0131n&nbsp;Suriye&nbsp;ve Irak&#8217;taki mensuplar\u0131n\u0131 hedef alan operasyonlar\u0131, y\u0131l boyunca kesintisiz s\u00fcrd\u00fc. M\u0130T, son bir y\u0131l i\u00e7erisinde, \u00e7o\u011funlu\u011fu S\u0130HA destekli 181 operasyonda, aralar\u0131nda s\u00f6zde y\u00f6neticilerinin de bulundu\u011fu toplam 201 ter\u00f6risti etkisiz hale getirdi. Suriye&#8217;nin kuzeyine y\u00f6nelik hava harekatlar\u0131nda \u00f6rg\u00fct\u00fcn faydaland\u0131\u011f\u0131 rafineri,&nbsp;petrol&nbsp;kuyusu,&nbsp;enerji&nbsp;santrali\" \/>\n<meta property=\"og:url\" content=\"https:\/\/kibrisdakik.com\/?p=22712\" \/>\n<meta property=\"article:published_time\" content=\"2023-12-18T10:28:11+00:00\" \/>\n<meta property=\"og:image\" content=\"https:\/\/kibrisdakik.com\/wp-content\/uploads\/2023\/12\/mit-teror-orgutu-pkknin-sozde-sorumlularini-hedef-aliyor-1702894996.webp.webp\" \/>\n\t<meta property=\"og:image:width\" content=\"710\" \/>\n\t<meta property=\"og:image:height\" content=\"370\" \/>\n\t<meta property=\"og:image:type\" content=\"image\/webp\" \/>\n<meta name=\"author\" content=\"admin\" \/>\n<meta name=\"twitter:card\" content=\"summary_large_image\" \/>\n<meta name=\"twitter:label1\" content=\"Yazan:\" \/>\n\t<meta name=\"twitter:data1\" content=\"admin\" \/>\n\t<meta name=\"twitter:label2\" content=\"Tahmini okuma s\u00fcresi\" \/>\n\t<meta name=\"twitter:data2\" content=\"8 dakika\" \/>\n<script type=\"application\/ld+json\" class=\"yoast-schema-graph\">{\"@context\":\"https:\\\/\\\/schema.org\",\"@graph\":[{\"@type\":\"Article\",\"@id\":\"https:\\\/\\\/kibrisdakik.com\\\/?p=22712#article\",\"isPartOf\":{\"@id\":\"https:\\\/\\\/kibrisdakik.com\\\/?p=22712\"},\"author\":{\"name\":\"admin\",\"@id\":\"https:\\\/\\\/kibrisdakik.com\\\/#\\\/schema\\\/person\\\/9cd9d437bbb44f72b73ba127e06d8e79\"},\"headline\":\"M\u0130T, ter\u00f6r \u00f6rg\u00fct\u00fc PKK&#039;n\u0131n s\u00f6zde sorumlular\u0131n\u0131 hedef al\u0131yor\",\"datePublished\":\"2023-12-18T10:28:11+00:00\",\"mainEntityOfPage\":{\"@id\":\"https:\\\/\\\/kibrisdakik.com\\\/?p=22712\"},\"wordCount\":1703,\"commentCount\":0,\"image\":{\"@id\":\"https:\\\/\\\/kibrisdakik.com\\\/?p=22712#primaryimage\"},\"thumbnailUrl\":\"https:\\\/\\\/kibrisdakik.com\\\/wp-content\\\/uploads\\\/2023\\\/12\\\/mit-teror-orgutu-pkknin-sozde-sorumlularini-hedef-aliyor-1702894996.webp.webp\",\"articleSection\":[\"G\u00fcndem\"],\"inLanguage\":\"tr\",\"potentialAction\":[{\"@type\":\"CommentAction\",\"name\":\"Comment\",\"target\":[\"https:\\\/\\\/kibrisdakik.com\\\/?p=22712#respond\"]}]},{\"@type\":\"WebPage\",\"@id\":\"https:\\\/\\\/kibrisdakik.com\\\/?p=22712\",\"url\":\"https:\\\/\\\/kibrisdakik.com\\\/?p=22712\",\"name\":\"M\u0130T, ter\u00f6r \u00f6rg\u00fct\u00fc PKK&#039;n\u0131n s\u00f6zde sorumlular\u0131n\u0131 hedef al\u0131yor -\",\"isPartOf\":{\"@id\":\"https:\\\/\\\/kibrisdakik.com\\\/#website\"},\"primaryImageOfPage\":{\"@id\":\"https:\\\/\\\/kibrisdakik.com\\\/?p=22712#primaryimage\"},\"image\":{\"@id\":\"https:\\\/\\\/kibrisdakik.com\\\/?p=22712#primaryimage\"},\"thumbnailUrl\":\"https:\\\/\\\/kibrisdakik.com\\\/wp-content\\\/uploads\\\/2023\\\/12\\\/mit-teror-orgutu-pkknin-sozde-sorumlularini-hedef-aliyor-1702894996.webp.webp\",\"datePublished\":\"2023-12-18T10:28:11+00:00\",\"author\":{\"@id\":\"https:\\\/\\\/kibrisdakik.com\\\/#\\\/schema\\\/person\\\/9cd9d437bbb44f72b73ba127e06d8e79\"},\"breadcrumb\":{\"@id\":\"https:\\\/\\\/kibrisdakik.com\\\/?p=22712#breadcrumb\"},\"inLanguage\":\"tr\",\"potentialAction\":[{\"@type\":\"ReadAction\",\"target\":[\"https:\\\/\\\/kibrisdakik.com\\\/?p=22712\"]}]},{\"@type\":\"ImageObject\",\"inLanguage\":\"tr\",\"@id\":\"https:\\\/\\\/kibrisdakik.com\\\/?p=22712#primaryimage\",\"url\":\"https:\\\/\\\/kibrisdakik.com\\\/wp-content\\\/uploads\\\/2023\\\/12\\\/mit-teror-orgutu-pkknin-sozde-sorumlularini-hedef-aliyor-1702894996.webp.webp\",\"contentUrl\":\"https:\\\/\\\/kibrisdakik.com\\\/wp-content\\\/uploads\\\/2023\\\/12\\\/mit-teror-orgutu-pkknin-sozde-sorumlularini-hedef-aliyor-1702894996.webp.webp\",\"width\":710,\"height\":370},{\"@type\":\"BreadcrumbList\",\"@id\":\"https:\\\/\\\/kibrisdakik.com\\\/?p=22712#breadcrumb\",\"itemListElement\":[{\"@type\":\"ListItem\",\"position\":1,\"name\":\"Home\",\"item\":\"https:\\\/\\\/kibrisdakik.com\\\/\"},{\"@type\":\"ListItem\",\"position\":2,\"name\":\"M\u0130T, ter\u00f6r \u00f6rg\u00fct\u00fc PKK&#039;n\u0131n s\u00f6zde sorumlular\u0131n\u0131 hedef al\u0131yor\"}]},{\"@type\":\"WebSite\",\"@id\":\"https:\\\/\\\/kibrisdakik.com\\\/#website\",\"url\":\"https:\\\/\\\/kibrisdakik.com\\\/\",\"name\":\"\",\"description\":\"Tam vaktinde haber\",\"potentialAction\":[{\"@type\":\"SearchAction\",\"target\":{\"@type\":\"EntryPoint\",\"urlTemplate\":\"https:\\\/\\\/kibrisdakik.com\\\/?s={search_term_string}\"},\"query-input\":{\"@type\":\"PropertyValueSpecification\",\"valueRequired\":true,\"valueName\":\"search_term_string\"}}],\"inLanguage\":\"tr\"},{\"@type\":\"Person\",\"@id\":\"https:\\\/\\\/kibrisdakik.com\\\/#\\\/schema\\\/person\\\/9cd9d437bbb44f72b73ba127e06d8e79\",\"name\":\"admin\",\"image\":{\"@type\":\"ImageObject\",\"inLanguage\":\"tr\",\"@id\":\"https:\\\/\\\/secure.gravatar.com\\\/avatar\\\/ccc17943b9d660506c869530f897617f7cb1c21a4bf30023f252596d83e1f007?s=96&d=mm&r=g\",\"url\":\"https:\\\/\\\/secure.gravatar.com\\\/avatar\\\/ccc17943b9d660506c869530f897617f7cb1c21a4bf30023f252596d83e1f007?s=96&d=mm&r=g\",\"contentUrl\":\"https:\\\/\\\/secure.gravatar.com\\\/avatar\\\/ccc17943b9d660506c869530f897617f7cb1c21a4bf30023f252596d83e1f007?s=96&d=mm&r=g\",\"caption\":\"admin\"},\"sameAs\":[\"https:\\\/\\\/kibrisdakik.com\"],\"url\":\"https:\\\/\\\/kibrisdakik.com\\\/?author=1\"}]}<\/script>\n<!-- \/ Yoast SEO plugin. -->","yoast_head_json":{"title":"M\u0130T, ter\u00f6r \u00f6rg\u00fct\u00fc PKK&#039;n\u0131n s\u00f6zde sorumlular\u0131n\u0131 hedef al\u0131yor -","robots":{"index":"index","follow":"follow","max-snippet":"max-snippet:-1","max-image-preview":"max-image-preview:large","max-video-preview":"max-video-preview:-1"},"canonical":"https:\/\/kibrisdakik.com\/?p=22712","og_locale":"tr_TR","og_type":"article","og_title":"M\u0130T, ter\u00f6r \u00f6rg\u00fct\u00fc PKK&#039;n\u0131n s\u00f6zde sorumlular\u0131n\u0131 hedef al\u0131yor -","og_description":"G\u00fcvenlik kaynaklar\u0131ndan edinilen bilgiye g\u00f6re, T\u00fcrkiye&#8217;nin ter\u00f6rle m\u00fccadelede izledi\u011fi &#8220;tehdidi s\u0131n\u0131r \u00f6tesinde bertaraf etme&#8221; stratejisi do\u011frultusunda, PKK&#8217;n\u0131n&nbsp;Suriye&nbsp;ve Irak&#8217;taki mensuplar\u0131n\u0131 hedef alan operasyonlar\u0131, y\u0131l boyunca kesintisiz s\u00fcrd\u00fc. M\u0130T, son bir y\u0131l i\u00e7erisinde, \u00e7o\u011funlu\u011fu S\u0130HA destekli 181 operasyonda, aralar\u0131nda s\u00f6zde y\u00f6neticilerinin de bulundu\u011fu toplam 201 ter\u00f6risti etkisiz hale getirdi. Suriye&#8217;nin kuzeyine y\u00f6nelik hava harekatlar\u0131nda \u00f6rg\u00fct\u00fcn faydaland\u0131\u011f\u0131 rafineri,&nbsp;petrol&nbsp;kuyusu,&nbsp;enerji&nbsp;santrali","og_url":"https:\/\/kibrisdakik.com\/?p=22712","article_published_time":"2023-12-18T10:28:11+00:00","og_image":[{"width":710,"height":370,"url":"https:\/\/kibrisdakik.com\/wp-content\/uploads\/2023\/12\/mit-teror-orgutu-pkknin-sozde-sorumlularini-hedef-aliyor-1702894996.webp.webp","type":"image\/webp"}],"author":"admin","twitter_card":"summary_large_image","twitter_misc":{"Yazan:":"admin","Tahmini okuma s\u00fcresi":"8 dakika"},"schema":{"@context":"https:\/\/schema.org","@graph":[{"@type":"Article","@id":"https:\/\/kibrisdakik.com\/?p=22712#article","isPartOf":{"@id":"https:\/\/kibrisdakik.com\/?p=22712"},"author":{"name":"admin","@id":"https:\/\/kibrisdakik.com\/#\/schema\/person\/9cd9d437bbb44f72b73ba127e06d8e79"},"headline":"M\u0130T, ter\u00f6r \u00f6rg\u00fct\u00fc PKK&#039;n\u0131n s\u00f6zde sorumlular\u0131n\u0131 hedef al\u0131yor","datePublished":"2023-12-18T10:28:11+00:00","mainEntityOfPage":{"@id":"https:\/\/kibrisdakik.com\/?p=22712"},"wordCount":1703,"commentCount":0,"image":{"@id":"https:\/\/kibrisdakik.com\/?p=22712#primaryimage"},"thumbnailUrl":"https:\/\/kibrisdakik.com\/wp-content\/uploads\/2023\/12\/mit-teror-orgutu-pkknin-sozde-sorumlularini-hedef-aliyor-1702894996.webp.webp","articleSection":["G\u00fcndem"],"inLanguage":"tr","potentialAction":[{"@type":"CommentAction","name":"Comment","target":["https:\/\/kibrisdakik.com\/?p=22712#respond"]}]},{"@type":"WebPage","@id":"https:\/\/kibrisdakik.com\/?p=22712","url":"https:\/\/kibrisdakik.com\/?p=22712","name":"M\u0130T, ter\u00f6r \u00f6rg\u00fct\u00fc PKK&#039;n\u0131n s\u00f6zde sorumlular\u0131n\u0131 hedef al\u0131yor -","isPartOf":{"@id":"https:\/\/kibrisdakik.com\/#website"},"primaryImageOfPage":{"@id":"https:\/\/kibrisdakik.com\/?p=22712#primaryimage"},"image":{"@id":"https:\/\/kibrisdakik.com\/?p=22712#primaryimage"},"thumbnailUrl":"https:\/\/kibrisdakik.com\/wp-content\/uploads\/2023\/12\/mit-teror-orgutu-pkknin-sozde-sorumlularini-hedef-aliyor-1702894996.webp.webp","datePublished":"2023-12-18T10:28:11+00:00","author":{"@id":"https:\/\/kibrisdakik.com\/#\/schema\/person\/9cd9d437bbb44f72b73ba127e06d8e79"},"breadcrumb":{"@id":"https:\/\/kibrisdakik.com\/?p=22712#breadcrumb"},"inLanguage":"tr","potentialAction":[{"@type":"ReadAction","target":["https:\/\/kibrisdakik.com\/?p=22712"]}]},{"@type":"ImageObject","inLanguage":"tr","@id":"https:\/\/kibrisdakik.com\/?p=22712#primaryimage","url":"https:\/\/kibrisdakik.com\/wp-content\/uploads\/2023\/12\/mit-teror-orgutu-pkknin-sozde-sorumlularini-hedef-aliyor-1702894996.webp.webp","contentUrl":"https:\/\/kibrisdakik.com\/wp-content\/uploads\/2023\/12\/mit-teror-orgutu-pkknin-sozde-sorumlularini-hedef-aliyor-1702894996.webp.webp","width":710,"height":370},{"@type":"BreadcrumbList","@id":"https:\/\/kibrisdakik.com\/?p=22712#breadcrumb","itemListElement":[{"@type":"ListItem","position":1,"name":"Home","item":"https:\/\/kibrisdakik.com\/"},{"@type":"ListItem","position":2,"name":"M\u0130T, ter\u00f6r \u00f6rg\u00fct\u00fc PKK&#039;n\u0131n s\u00f6zde sorumlular\u0131n\u0131 hedef al\u0131yor"}]},{"@type":"WebSite","@id":"https:\/\/kibrisdakik.com\/#website","url":"https:\/\/kibrisdakik.com\/","name":"","description":"Tam vaktinde haber","potentialAction":[{"@type":"SearchAction","target":{"@type":"EntryPoint","urlTemplate":"https:\/\/kibrisdakik.com\/?s={search_term_string}"},"query-input":{"@type":"PropertyValueSpecification","valueRequired":true,"valueName":"search_term_string"}}],"inLanguage":"tr"},{"@type":"Person","@id":"https:\/\/kibrisdakik.com\/#\/schema\/person\/9cd9d437bbb44f72b73ba127e06d8e79","name":"admin","image":{"@type":"ImageObject","inLanguage":"tr","@id":"https:\/\/secure.gravatar.com\/avatar\/ccc17943b9d660506c869530f897617f7cb1c21a4bf30023f252596d83e1f007?s=96&d=mm&r=g","url":"https:\/\/secure.gravatar.com\/avatar\/ccc17943b9d660506c869530f897617f7cb1c21a4bf30023f252596d83e1f007?s=96&d=mm&r=g","contentUrl":"https:\/\/secure.gravatar.com\/avatar\/ccc17943b9d660506c869530f897617f7cb1c21a4bf30023f252596d83e1f007?s=96&d=mm&r=g","caption":"admin"},"sameAs":["https:\/\/kibrisdakik.com"],"url":"https:\/\/kibrisdakik.com\/?author=1"}]}},"_links":{"self":[{"href":"https:\/\/kibrisdakik.com\/index.php?rest_route=\/wp\/v2\/posts\/22712","targetHints":{"allow":["GET"]}}],"collection":[{"href":"https:\/\/kibrisdakik.com\/index.php?rest_route=\/wp\/v2\/posts"}],"about":[{"href":"https:\/\/kibrisdakik.com\/index.php?rest_route=\/wp\/v2\/types\/post"}],"author":[{"embeddable":true,"href":"https:\/\/kibrisdakik.com\/index.php?rest_route=\/wp\/v2\/users\/1"}],"replies":[{"embeddable":true,"href":"https:\/\/kibrisdakik.com\/index.php?rest_route=%2Fwp%2Fv2%2Fcomments&post=22712"}],"version-history":[{"count":0,"href":"https:\/\/kibrisdakik.com\/index.php?rest_route=\/wp\/v2\/posts\/22712\/revisions"}],"wp:featuredmedia":[{"embeddable":true,"href":"https:\/\/kibrisdakik.com\/index.php?rest_route=\/wp\/v2\/media\/22713"}],"wp:attachment":[{"href":"https:\/\/kibrisdakik.com\/index.php?rest_route=%2Fwp%2Fv2%2Fmedia&parent=22712"}],"wp:term":[{"taxonomy":"category","embeddable":true,"href":"https:\/\/kibrisdakik.com\/index.php?rest_route=%2Fwp%2Fv2%2Fcategories&post=22712"},{"taxonomy":"post_tag","embeddable":true,"href":"https:\/\/kibrisdakik.com\/index.php?rest_route=%2Fwp%2Fv2%2Ftags&post=22712"}],"curies":[{"name":"wp","href":"https:\/\/api.w.org\/{rel}","templated":true}]}}