{"id":22746,"date":"2023-12-18T14:51:00","date_gmt":"2023-12-18T14:51:00","guid":{"rendered":"https:\/\/kibrisdakik.com\/index.php\/2023\/12\/18\/mecliste-butce-maratonu-devam-ediyor\/"},"modified":"2023-12-18T14:51:00","modified_gmt":"2023-12-18T14:51:00","slug":"mecliste-butce-maratonu-devam-ediyor","status":"publish","type":"post","link":"https:\/\/kibrisdakik.com\/?p=22746","title":{"rendered":"Mecliste b\u00fct\u00e7e maratonu devam ediyor\u2026"},"content":{"rendered":"<p><img decoding=\"async\" src=\"https:\/\/www.kibristurk.com\/images\/haberler\/2023\/12\/mecliste-butce-maratonu-devam-ediyor-1702911147.webp\" \/><\/p>\n<p><span style=\"font-size:11pt\"><span style=\"background-color:white\"><span style=\"font-family:Calibri,sans-serif\"><span style=\"font-size:13.0pt\"><span style=\"color:black\">Cumhuriyet Meclisi\u2019nde \u00c7al\u0131\u015fma ve Sosyal G\u00fcvenlik Bakanl\u0131\u011f\u0131 B\u00fct\u00e7esi g\u00f6r\u00fc\u015f\u00fclmeye devam ediyor.<\/span><\/span><\/span><\/span><\/span><\/p>\n<p><span style=\"font-size:11pt\"><span style=\"background-color:white\"><span style=\"font-family:Calibri,sans-serif\"><span style=\"font-size:13.0pt\"><span style=\"color:black\">-Besim<\/span><\/span><\/span><\/span><\/span><\/p>\n<p><span style=\"font-size:11pt\"><span style=\"background-color:white\"><span style=\"font-family:Calibri,sans-serif\"><span style=\"font-size:13.0pt\"><span style=\"color:black\">CTP Milletvekili Filiz Besim , bir devletin politikas\u0131n\u0131n ve \u00f6nceliklerinin b\u00fct\u00e7ede yer alan rakamlara ba\u011fl\u0131 oldu\u011funa i\u015faret ederek, \u00c7al\u0131\u015fma ve Sosyal G\u00fcvenlik Bakanl\u0131\u011f\u0131 gibi \u00e7ok geni\u015f kapsaml\u0131 ve toplumun bir \u00e7ok kesimine hitap eden bir bakanl\u0131\u011fa ay\u0131r\u0131lan pay\u0131n y\u00fczde 4.5 olmas\u0131n\u0131 ele\u015ftirdi.<\/span><\/span><\/span><\/span><\/span><\/p>\n<p><span style=\"font-size:11pt\"><span style=\"background-color:white\"><span style=\"font-family:Calibri,sans-serif\"><span style=\"font-size:13.0pt\"><span style=\"color:black\">Ge\u00e7ti\u011fimiz y\u0131la bak\u0131ld\u0131\u011f\u0131nda neredeyse faaliyet bulunmad\u0131\u011f\u0131n\u0131 ifade eden Besim, 2024 y\u0131l\u0131n\u0131n \u00c7al\u0131\u015fma ve Sosyal G\u00fcvenlik Bakanl\u0131\u011f\u0131 i\u00e7in \u00e7ok daha verimli bir y\u0131l olmas\u0131n\u0131 temenni etti.<\/span><\/span><\/span><\/span><\/span><\/p>\n<p><span style=\"font-size:11pt\"><span style=\"background-color:white\"><span style=\"font-family:Calibri,sans-serif\"><span style=\"font-size:13.0pt\"><span style=\"color:black\">Bu b\u00fct\u00e7eyle ne kadar ba\u015far\u0131l\u0131 ve verimli olunabilece\u011finden emin olmad\u0131\u011f\u0131n\u0131 ifade eden Besim, \u00c7al\u0131\u015fma Dairesi\u2019nin s\u0131k\u0131nt\u0131lar\u0131na de\u011findi.<\/span><\/span><\/span><\/span><\/span><\/p>\n<p><span style=\"font-size:11pt\"><span style=\"background-color:white\"><span style=\"font-family:Calibri,sans-serif\"><span style=\"font-size:13.0pt\"><span style=\"color:black\">&#8220;N\u00fcfus politikas\u0131n\u0131n olmamas\u0131&#8221;, &#8220;n\u00fcfusun bilinmemesinin yaratt\u0131\u011f\u0131 sorunlara&#8221; dikkat \u00e7eken Besim, huzurevleri ve bak\u0131m evleri yasalar\u0131n\u0131n g\u00fcndemde oldu\u011funu, bakanl\u0131\u011f\u0131n hasta bak\u0131c\u0131 projesi olup olmad\u0131\u011f\u0131n\u0131 \u00f6\u011frenmek istedi\u011fini kaydetti.<\/span><\/span><\/span><\/span><\/span><\/p>\n<p><span style=\"font-size:11pt\"><span style=\"background-color:white\"><span style=\"font-family:Calibri,sans-serif\"><span style=\"font-size:13.0pt\"><span style=\"color:black\">Ka\u00e7ak &nbsp;ya\u015fam\u0131n \u00f6nlenmesinin \u00f6nemine de\u011finen Besim, \u00e7al\u0131\u015fma hayat\u0131nda i\u015f sa\u011fl\u0131\u011f\u0131 ve g\u00fcvenli\u011finin sa\u011flanmas\u0131n\u0131n da \u00f6nemine i\u015faret etti.<\/span><\/span><\/span><\/span><\/span><\/p>\n<p><span style=\"font-size:11pt\"><span style=\"background-color:white\"><span style=\"font-family:Calibri,sans-serif\"><span style=\"font-size:13.0pt\"><span style=\"color:black\">Meslek hastal\u0131klar\u0131yla ilgili t\u00fcz\u00fc\u011f\u00fcn hayata ge\u00e7irilmesi gerekti\u011fine i\u015faret eden Besim, meslek hastal\u0131klar\u0131ndan y\u0131lda yakla\u015f\u0131k 50 ki\u015finin hayat\u0131n\u0131 kaybetti\u011fini vurgulad\u0131.<\/span><\/span><\/span><\/span><\/span><\/p>\n<p><span style=\"font-size:11pt\"><span style=\"background-color:white\"><span style=\"font-family:Calibri,sans-serif\"><span style=\"font-size:13.0pt\"><span style=\"color:black\">Sosyal Sigortalar Dairesi ile ilgili \u00fclkeyi tam bir kaosa s\u00fcr\u00fckleyen ila\u00e7 konusu oldu\u011funu ve bu konuda konu\u015fulmas\u0131 gerekti\u011fini ifade eden Besim, ge\u00e7mi\u015fte baz\u0131 UBP\u2019li bakanlar\u0131n sigortalarda sorun oldu\u011fu konusunda uyar\u0131ld\u0131\u011f\u0131n\u0131 ancak, bununla ilgili herhangi bir giri\u015fim ve&nbsp; s\u00f6zle\u015fme iptali yap\u0131lmad\u0131\u011f\u0131n\u0131 an\u0131msatt\u0131.<\/span><\/span><\/span><\/span><\/span><\/p>\n<p><span style=\"font-size:11pt\"><span style=\"background-color:white\"><span style=\"font-family:Calibri,sans-serif\"><span style=\"font-size:13.0pt\"><span style=\"color:black\">\u201cPolise vermek en son \u00e7are olmal\u0131yd\u0131\u201d diyen Besim, ortada bir \u015faibe varsa, soru\u015fturma yap\u0131lmas\u0131, sorun olan yerlerde s\u00f6zle\u015fmelerin iptal edilmesi, Say\u0131\u015ftay ve gerekirse Ba\u015fbakanl\u0131k Denetleme Kurulu\u2019nun g\u00f6reve \u00e7a\u011f\u0131lmas\u0131 gerekti\u011fini aktard\u0131.<\/span><\/span><\/span><\/span><\/span><\/p>\n<p><span style=\"font-size:11pt\"><span style=\"background-color:white\"><span style=\"font-family:Calibri,sans-serif\"><span style=\"font-size:13.0pt\"><span style=\"color:black\">Sa\u011fl\u0131k payda\u015flar\u0131n\u0131n mahkemelerde olmas\u0131n\u0131 \u00e7ok b\u00fcy\u00fck bir travma olarak nitelendiren Besim, \u201csu\u00e7 i\u015fleyen insanlar tabi ki cezaland\u0131r\u0131lacak. Ama her \u015feyin bir y\u00f6ntemi var\u201d \u015feklinde konu\u015ftu.<\/span><\/span><\/span><\/span><\/span><\/p>\n<p><span style=\"font-size:11pt\"><span style=\"background-color:white\"><span style=\"font-family:Calibri,sans-serif\"><span style=\"font-size:13.0pt\"><span style=\"color:black\">Hastalar\u0131n ila\u00e7s\u0131z kald\u0131\u011f\u0131n\u0131 ifade eden Besim, insanlar\u0131n sigorta re\u00e7etesi yazd\u0131rmamas\u0131n\u0131 ele\u015ftirdi.<\/span><\/span><\/span><\/span><\/span><\/p>\n<p><span style=\"font-size:11pt\"><span style=\"background-color:white\"><span style=\"font-family:Calibri,sans-serif\"><span style=\"font-size:13.0pt\"><span style=\"color:black\">&#8220;Hekim kendini g\u00fcvende hissetmezse, eczac\u0131 sisteme g\u00fcvenmezse neden sigorta re\u00e7etesi yazs\u0131n?&#8221; diye soran Besim, zor durumda olan hastalar\u0131n \u00e7ok ciddi s\u0131k\u0131nt\u0131 ya\u015fad\u0131klar\u0131n\u0131 kaydetti.<\/span><\/span><\/span><\/span><\/span><\/p>\n<p><span style=\"font-size:11pt\"><span style=\"background-color:white\"><span style=\"font-family:Calibri,sans-serif\"><span style=\"font-size:13.0pt\"><span style=\"color:black\">Yeni kurulacak siteme g\u00fcven sa\u011flanmas\u0131 gerekti\u011fine i\u015faret eden Besim, y\u00f6netilebilir, denetlenebilir bir sistem kurularak, t\u00fcm toplumu bar\u0131\u015ft\u0131rmak gerekti\u011fini s\u00f6yledi.<\/span><\/span><\/span><\/span><\/span><\/p>\n<p><span style=\"font-size:11pt\"><span style=\"background-color:white\"><span style=\"font-family:Calibri,sans-serif\"><span style=\"font-size:13.0pt\"><span style=\"color:black\">Rakamlar\u0131n birbirini tutmad\u0131\u011f\u0131n\u0131, rakamlara bak\u0131ld\u0131\u011f\u0131nda da \u00f6yle asr\u0131n vurgunu gibi bir durumun da olmad\u0131\u011f\u0131n\u0131 belirten Besim, t\u0131bb\u0131 at\u0131k ve ila\u00e7lar\u0131 imha konusunda ciddi s\u0131k\u0131nt\u0131 oldu\u011funu,&nbsp; tarlalarda , bah\u00e7elerde bulunan ila\u00e7lar\u0131n baz\u0131lar\u0131n\u0131n da tarihleri ge\u00e7mi\u015f ila\u00e7lar oldu\u011funun ortaya \u00e7\u0131kt\u0131\u011f\u0131n\u0131 s\u00f6yledi. Besim, ila\u00e7 imhalar\u0131 konusunda da ciddi bir tehlikenin bekledi\u011fine i\u015faret etti.<\/span><\/span><\/span><\/span><\/span><\/p>\n<p><span style=\"font-size:11pt\"><span style=\"background-color:white\"><span style=\"font-family:Calibri,sans-serif\"><span style=\"font-size:13.0pt\"><span style=\"color:black\">Do\u011fru d\u00fcr\u00fcst bir b\u00fct\u00e7eleme yap\u0131lamad\u0131\u011f\u0131 i\u00e7in bunca y\u0131ld\u0131r Genel Sa\u011fl\u0131k Sigortas\u0131\u2019n\u0131n kurulamad\u0131\u011f\u0131n\u0131, ayr\u0131lan bu b\u00fct\u00e7eyle de kurulmas\u0131n\u0131n pek m\u00fcmk\u00fcn g\u00f6r\u00fcnmedi\u011fine dikkat \u00e7ekti.<\/span><\/span><\/span><\/span><\/span><\/p>\n<p><span style=\"font-size:11pt\"><span style=\"background-color:white\"><span style=\"font-family:Calibri,sans-serif\"><span style=\"font-size:13.0pt\"><span style=\"color:black\">Bak\u0131m evleri ve Sosyal Hizmetler konusunda ya\u015fanan s\u0131k\u0131nt\u0131lara da de\u011finen Besim, sosyal hizmetlerin ve bak\u0131m hizmetlerinin yetersiz kald\u0131\u011f\u0131n\u0131 s\u00f6yledi.<\/span><\/span><\/span><\/span><\/span><\/p>\n<p><span style=\"font-size:11pt\"><span style=\"background-color:white\"><span style=\"font-family:Calibri,sans-serif\"><span style=\"font-size:13.0pt\"><span style=\"color:black\">\u00d6zel gereksinimi olan bireylerin, su\u00e7 ve su\u00e7a itilmi\u015f \u00e7ocuklar\u0131n rehabilitasyonu konusunda ya\u015fanan s\u0131k\u0131nt\u0131lar\u0131na dikkat \u00e7eken Filiz Besim, \u00fclkede huzur evleri ve bak\u0131m evleri konusunda \u00e7ok ciddi sorunlar oldu\u011funu, buralarda g\u00f6rev yapacak ki\u015filere de ciddi e\u011fitimler verilmesi gerekti\u011fini vurgulad\u0131.<\/span><\/span><\/span><\/span><\/span><\/p>\n<p><span style=\"font-size:11pt\"><span style=\"background-color:white\"><span style=\"font-family:Calibri,sans-serif\"><span style=\"font-size:13.0pt\"><span style=\"color:black\">-Birinci<\/span><\/span><\/span><\/span><\/span><\/p>\n<p><span style=\"font-size:11pt\"><span style=\"background-color:white\"><span style=\"font-family:Calibri,sans-serif\"><span style=\"font-size:13.0pt\"><span style=\"color:black\">CTP Milletvekili Ceyhun Birinci de konu\u015fmas\u0131nda, \u00c7al\u0131\u015fma ve G\u00fcvenlik Bakanl\u0131\u011f\u0131 b\u00fct\u00e7esinin yetersiz kalaca\u011f\u0131na i\u015faret ederek, n\u00fcfusu bilmemenin \u00e7ok \u00f6nemli olmad\u0131\u011f\u0131 d\u00fc\u015f\u00fcncesiyle b\u00fct\u00e7e haz\u0131rland\u0131\u011f\u0131n\u0131 kaydetti.<\/span><\/span><\/span><\/span><\/span><\/p>\n<p><span style=\"font-size:11pt\"><span style=\"background-color:white\"><span style=\"font-family:Calibri,sans-serif\"><span style=\"font-size:13.0pt\"><span style=\"color:black\">Bakanl\u0131\u011f\u0131n alt\u0131ndaki t\u00fcm daireler ve kurumlarda ciddi altyap\u0131 ve personel s\u0131k\u0131nt\u0131lar\u0131 ya\u015fand\u0131\u011f\u0131na dikkat \u00e7eken Birinci, t\u00fcm dairelerin artan n\u00fcfusa cevap verecek durumda olmad\u0131\u011f\u0131n\u0131 kaydetti.<\/span><\/span><\/span><\/span><\/span><\/p>\n<p><span style=\"font-size:11pt\"><span style=\"background-color:white\"><span style=\"font-family:Calibri,sans-serif\"><span style=\"font-size:13.0pt\"><span style=\"color:black\">Yeni hapishanenin k\u0131sa s\u00fcrede t\u0131kanm\u0131\u015f durumda oldu\u011funu, Sosyal Hizmetler Dairesi\u2019nin t\u0131kanm\u0131\u015f oldu\u011funu, kay\u0131t d\u0131\u015f\u0131 i\u015f\u00e7ilikle m\u00fccadelenin de bu rakamlarla m\u00fcmk\u00fcn g\u00f6r\u00fcnmedi\u011fine i\u015faret eden Birinci, acilen altyap\u0131 problemlerinin \u00e7\u00f6z\u00fclmesi gerekti\u011fini kaydetti.<\/span><\/span><\/span><\/span><\/span><\/p>\n<p><span style=\"font-size:11pt\"><span style=\"background-color:white\"><span style=\"font-family:Calibri,sans-serif\"><span style=\"font-size:13.0pt\"><span style=\"color:black\">Lapta Huzurevi&#8217;nin ne zaman bitirilece\u011fini ve kapasitesini \u00f6\u011frenmek istediklerini belirten Birinci, her b\u00f6lgede huzurevleri yap\u0131lmas\u0131n\u0131n \u00f6nemine de\u011findi.<\/span><\/span><\/span><\/span><\/span><\/p>\n<p><span style=\"font-size:11pt\"><span style=\"background-color:white\"><span style=\"font-family:Calibri,sans-serif\"><span style=\"font-size:13.0pt\"><span style=\"color:black\">\u00c7al\u0131\u015fma Dairesi Te\u015fkilat Yasas\u0131n\u0131n ivedi olarak g\u00fcncel n\u00fcfusa g\u00f6re d\u00fczenlemesi gerekti\u011fini vurgulayan Birinci, dairenin di\u011fer sorunlar\u0131na i\u015faret etti. &nbsp;<\/span><\/span><\/span><\/span><\/span><\/p>\n<p><span style=\"font-size:11pt\"><span style=\"background-color:white\"><span style=\"font-family:Calibri,sans-serif\"><span style=\"font-size:13.0pt\"><span style=\"color:black\">Re\u00e7ete soru\u015fturmas\u0131 konusuna da de\u011finen Birinci, konun travmatize edici bir sorun haline geldi\u011fini s\u00f6yledi.<\/span><\/span><\/span><\/span><\/span><\/p>\n<p><span style=\"font-size:11pt\"><span style=\"background-color:white\"><span style=\"font-family:Calibri,sans-serif\"><span style=\"font-size:13.0pt\"><span style=\"color:black\">Konu hakk\u0131nda su\u00e7 tan\u0131m\u0131 yap\u0131l\u0131p yap\u0131lmad\u0131\u011f\u0131n\u0131 bilmedi\u011fini belirten Birinci, ekibin neyi ara\u015ft\u0131raca\u011f\u0131n\u0131 bilmesi gerekti\u011fini, sa\u011fl\u0131k ve ila\u00e7 konusunun bir uzmanl\u0131k gerektirdi\u011fini kaydetti.<\/span><\/span><\/span><\/span><\/span><\/p>\n<p><span style=\"font-size:11pt\"><span style=\"background-color:white\"><span style=\"font-family:Calibri,sans-serif\"><span style=\"font-size:13.0pt\"><span style=\"color:black\">Konu ara\u015ft\u0131r\u0131l\u0131rken bir sa\u011fl\u0131k\u00e7\u0131n\u0131n bulunmas\u0131 gerekti\u011fini ifade eden Birinci, tutuklamalar s\u0131ras\u0131nda gerek kelep\u00e7eleme olay\u0131, gerekse su\u00e7lulu\u011fu ispatlanmam\u0131\u015f ki\u015filerin foto\u011fraf ve a\u00e7\u0131k isimlerinin payla\u015f\u0131lmas\u0131n\u0131 ele\u015ftirdi.<\/span><\/span><\/span><\/span><\/span><\/p>\n<p><span style=\"font-size:11pt\"><span style=\"background-color:white\"><span style=\"font-family:Calibri,sans-serif\"><span style=\"font-size:13.0pt\"><span style=\"color:black\">Sa\u011fl\u0131k\u00e7\u0131lar\u0131n onur ve haysiyetiyle oynanmas\u0131n\u0131n \u00f6n\u00fcne ge\u00e7ilmesi gerekti\u011fini belirten Ceyhun Birinci, soru\u015fturman\u0131n ba\u015flad\u0131\u011f\u0131 g\u00fcnden bu yana ciddi sorunlar ya\u015fand\u0131\u011f\u0131n\u0131, kronik hastalar\u0131n ilaca ula\u015famad\u0131\u011f\u0131n\u0131, eczac\u0131lar\u0131n ciddi s\u0131k\u0131nt\u0131larla kar\u015f\u0131 kar\u015f\u0131ya geldi\u011fini, tutuklanmad\u0131\u011f\u0131 halde mesle\u011fi b\u0131rakmay\u0131 d\u00fc\u015f\u00fcnen eczac\u0131lar bulundu\u011funu kaydetti.<\/span><\/span><\/span><\/span><\/span><\/p>\n<p><span style=\"font-size:11pt\"><span style=\"background-color:white\"><span style=\"font-family:Calibri,sans-serif\"><span style=\"font-size:13.0pt\"><span style=\"color:black\">Kronik sigortal\u0131 hastalar\u0131n ilaca eri\u015fiminin sa\u011flanabilmesi i\u00e7in gerekli d\u00fczenlemelerin bir an \u00f6nce yap\u0131lmas\u0131 gerekti\u011fini vurgulayan Birinci, bir su\u00e7 tespit edilire onun gere\u011finin yap\u0131lmas\u0131 gerekti\u011fini, ancak su\u00e7suzlar\u0131n ya\u015fad\u0131\u011f\u0131 travman\u0131n ciddi boyutta oldu\u011funu s\u00f6yledi.<\/span><\/span><\/span><\/span><\/span><\/p>\n<p><span style=\"font-size:11pt\"><span style=\"background-color:white\"><span style=\"font-family:Calibri,sans-serif\"><span style=\"font-size:13.0pt\"><span style=\"color:black\">\u0130laca yap\u0131lan ciddi zamlar g\u00f6z \u00f6n\u00fcnde bulundurarak hareket edilmesi gerekti\u011fini belirten Birinci, hastalar\u0131n kamu hastanelerinde ila\u00e7 yazd\u0131rabilmesi i\u00e7in alt yap\u0131n\u0131n bulunmad\u0131\u011f\u0131na i\u015faret etti.<\/span><\/span><\/span><\/span><\/span><\/p>\n<p><span style=\"font-size:11pt\"><span style=\"background-color:white\"><span style=\"font-family:Calibri,sans-serif\"><span style=\"font-size:13.0pt\"><span style=\"color:black\">Sa\u011fl\u0131k Bakanl\u0131\u011f\u0131 ile isti\u015fare i\u00e7inde bu altyap\u0131n\u0131n olu\u015fturulmas\u0131 gerekti\u011fine de\u011finen Birinci, kronik hastalara daha uzun s\u00fcreli re\u00e7eteler olu\u015fturulmas\u0131 ve ila\u00e7 takip sisteminin hayata ge\u00e7irilmesi gerekti\u011fini belirtti.<\/span><\/span><\/span><\/span><\/span><\/p>\n<p>&nbsp;<\/p>\n","protected":false},"excerpt":{"rendered":"<p>Cumhuriyet Meclisi\u2019nde \u00c7al\u0131\u015fma ve Sosyal G\u00fcvenlik Bakanl\u0131\u011f\u0131 B\u00fct\u00e7esi g\u00f6r\u00fc\u015f\u00fclmeye devam ediyor. -Besim CTP Milletvekili Filiz Besim , bir devletin politikas\u0131n\u0131n ve \u00f6nceliklerinin b\u00fct\u00e7ede yer alan rakamlara ba\u011fl\u0131 oldu\u011funa i\u015faret ederek, \u00c7al\u0131\u015fma ve Sosyal G\u00fcvenlik Bakanl\u0131\u011f\u0131 gibi \u00e7ok geni\u015f kapsaml\u0131 ve toplumun bir \u00e7ok kesimine hitap eden bir bakanl\u0131\u011fa ay\u0131r\u0131lan pay\u0131n y\u00fczde 4.5 olmas\u0131n\u0131 ele\u015ftirdi. Ge\u00e7ti\u011fimiz<\/p>\n","protected":false},"author":1,"featured_media":22747,"comment_status":"open","ping_status":"open","sticky":false,"template":"","format":"standard","meta":{"footnotes":""},"categories":[1],"tags":[],"class_list":["post-22746","post","type-post","status-publish","format-standard","has-post-thumbnail","hentry","category-gundem"],"yoast_head":"<!-- This site is optimized with the Yoast SEO plugin v27.5 - https:\/\/yoast.com\/product\/yoast-seo-wordpress\/ -->\n<title>Mecliste b\u00fct\u00e7e maratonu devam ediyor\u2026 -<\/title>\n<meta name=\"robots\" content=\"index, follow, max-snippet:-1, max-image-preview:large, max-video-preview:-1\" \/>\n<link rel=\"canonical\" href=\"https:\/\/kibrisdakik.com\/?p=22746\" \/>\n<meta property=\"og:locale\" content=\"tr_TR\" \/>\n<meta property=\"og:type\" content=\"article\" \/>\n<meta property=\"og:title\" content=\"Mecliste b\u00fct\u00e7e maratonu devam ediyor\u2026 -\" \/>\n<meta property=\"og:description\" content=\"Cumhuriyet Meclisi\u2019nde \u00c7al\u0131\u015fma ve Sosyal G\u00fcvenlik Bakanl\u0131\u011f\u0131 B\u00fct\u00e7esi g\u00f6r\u00fc\u015f\u00fclmeye devam ediyor. -Besim CTP Milletvekili Filiz Besim , bir devletin politikas\u0131n\u0131n ve \u00f6nceliklerinin b\u00fct\u00e7ede yer alan rakamlara ba\u011fl\u0131 oldu\u011funa i\u015faret ederek, \u00c7al\u0131\u015fma ve Sosyal G\u00fcvenlik Bakanl\u0131\u011f\u0131 gibi \u00e7ok geni\u015f kapsaml\u0131 ve toplumun bir \u00e7ok kesimine hitap eden bir bakanl\u0131\u011fa ay\u0131r\u0131lan pay\u0131n y\u00fczde 4.5 olmas\u0131n\u0131 ele\u015ftirdi. Ge\u00e7ti\u011fimiz\" \/>\n<meta property=\"og:url\" content=\"https:\/\/kibrisdakik.com\/?p=22746\" \/>\n<meta property=\"article:published_time\" content=\"2023-12-18T14:51:00+00:00\" \/>\n<meta property=\"og:image\" content=\"https:\/\/kibrisdakik.com\/wp-content\/uploads\/2023\/12\/mecliste-butce-maratonu-devam-ediyor-1702911147.webp.webp\" \/>\n\t<meta property=\"og:image:width\" content=\"710\" \/>\n\t<meta property=\"og:image:height\" content=\"370\" \/>\n\t<meta property=\"og:image:type\" content=\"image\/webp\" \/>\n<meta name=\"author\" content=\"admin\" \/>\n<meta name=\"twitter:card\" content=\"summary_large_image\" \/>\n<meta name=\"twitter:label1\" content=\"Yazan:\" \/>\n\t<meta name=\"twitter:data1\" content=\"admin\" \/>\n\t<meta name=\"twitter:label2\" content=\"Tahmini okuma s\u00fcresi\" \/>\n\t<meta name=\"twitter:data2\" content=\"6 dakika\" \/>\n<script type=\"application\/ld+json\" class=\"yoast-schema-graph\">{\"@context\":\"https:\\\/\\\/schema.org\",\"@graph\":[{\"@type\":\"Article\",\"@id\":\"https:\\\/\\\/kibrisdakik.com\\\/?p=22746#article\",\"isPartOf\":{\"@id\":\"https:\\\/\\\/kibrisdakik.com\\\/?p=22746\"},\"author\":{\"name\":\"admin\",\"@id\":\"https:\\\/\\\/kibrisdakik.com\\\/#\\\/schema\\\/person\\\/9cd9d437bbb44f72b73ba127e06d8e79\"},\"headline\":\"Mecliste b\u00fct\u00e7e maratonu devam ediyor\u2026\",\"datePublished\":\"2023-12-18T14:51:00+00:00\",\"mainEntityOfPage\":{\"@id\":\"https:\\\/\\\/kibrisdakik.com\\\/?p=22746\"},\"wordCount\":1140,\"commentCount\":0,\"image\":{\"@id\":\"https:\\\/\\\/kibrisdakik.com\\\/?p=22746#primaryimage\"},\"thumbnailUrl\":\"https:\\\/\\\/kibrisdakik.com\\\/wp-content\\\/uploads\\\/2023\\\/12\\\/mecliste-butce-maratonu-devam-ediyor-1702911147.webp.webp\",\"articleSection\":[\"G\u00fcndem\"],\"inLanguage\":\"tr\",\"potentialAction\":[{\"@type\":\"CommentAction\",\"name\":\"Comment\",\"target\":[\"https:\\\/\\\/kibrisdakik.com\\\/?p=22746#respond\"]}]},{\"@type\":\"WebPage\",\"@id\":\"https:\\\/\\\/kibrisdakik.com\\\/?p=22746\",\"url\":\"https:\\\/\\\/kibrisdakik.com\\\/?p=22746\",\"name\":\"Mecliste b\u00fct\u00e7e maratonu devam ediyor\u2026 -\",\"isPartOf\":{\"@id\":\"https:\\\/\\\/kibrisdakik.com\\\/#website\"},\"primaryImageOfPage\":{\"@id\":\"https:\\\/\\\/kibrisdakik.com\\\/?p=22746#primaryimage\"},\"image\":{\"@id\":\"https:\\\/\\\/kibrisdakik.com\\\/?p=22746#primaryimage\"},\"thumbnailUrl\":\"https:\\\/\\\/kibrisdakik.com\\\/wp-content\\\/uploads\\\/2023\\\/12\\\/mecliste-butce-maratonu-devam-ediyor-1702911147.webp.webp\",\"datePublished\":\"2023-12-18T14:51:00+00:00\",\"author\":{\"@id\":\"https:\\\/\\\/kibrisdakik.com\\\/#\\\/schema\\\/person\\\/9cd9d437bbb44f72b73ba127e06d8e79\"},\"breadcrumb\":{\"@id\":\"https:\\\/\\\/kibrisdakik.com\\\/?p=22746#breadcrumb\"},\"inLanguage\":\"tr\",\"potentialAction\":[{\"@type\":\"ReadAction\",\"target\":[\"https:\\\/\\\/kibrisdakik.com\\\/?p=22746\"]}]},{\"@type\":\"ImageObject\",\"inLanguage\":\"tr\",\"@id\":\"https:\\\/\\\/kibrisdakik.com\\\/?p=22746#primaryimage\",\"url\":\"https:\\\/\\\/kibrisdakik.com\\\/wp-content\\\/uploads\\\/2023\\\/12\\\/mecliste-butce-maratonu-devam-ediyor-1702911147.webp.webp\",\"contentUrl\":\"https:\\\/\\\/kibrisdakik.com\\\/wp-content\\\/uploads\\\/2023\\\/12\\\/mecliste-butce-maratonu-devam-ediyor-1702911147.webp.webp\",\"width\":710,\"height\":370},{\"@type\":\"BreadcrumbList\",\"@id\":\"https:\\\/\\\/kibrisdakik.com\\\/?p=22746#breadcrumb\",\"itemListElement\":[{\"@type\":\"ListItem\",\"position\":1,\"name\":\"Home\",\"item\":\"https:\\\/\\\/kibrisdakik.com\\\/\"},{\"@type\":\"ListItem\",\"position\":2,\"name\":\"Mecliste b\u00fct\u00e7e maratonu devam ediyor\u2026\"}]},{\"@type\":\"WebSite\",\"@id\":\"https:\\\/\\\/kibrisdakik.com\\\/#website\",\"url\":\"https:\\\/\\\/kibrisdakik.com\\\/\",\"name\":\"\",\"description\":\"Tam vaktinde haber\",\"potentialAction\":[{\"@type\":\"SearchAction\",\"target\":{\"@type\":\"EntryPoint\",\"urlTemplate\":\"https:\\\/\\\/kibrisdakik.com\\\/?s={search_term_string}\"},\"query-input\":{\"@type\":\"PropertyValueSpecification\",\"valueRequired\":true,\"valueName\":\"search_term_string\"}}],\"inLanguage\":\"tr\"},{\"@type\":\"Person\",\"@id\":\"https:\\\/\\\/kibrisdakik.com\\\/#\\\/schema\\\/person\\\/9cd9d437bbb44f72b73ba127e06d8e79\",\"name\":\"admin\",\"image\":{\"@type\":\"ImageObject\",\"inLanguage\":\"tr\",\"@id\":\"https:\\\/\\\/secure.gravatar.com\\\/avatar\\\/ccc17943b9d660506c869530f897617f7cb1c21a4bf30023f252596d83e1f007?s=96&d=mm&r=g\",\"url\":\"https:\\\/\\\/secure.gravatar.com\\\/avatar\\\/ccc17943b9d660506c869530f897617f7cb1c21a4bf30023f252596d83e1f007?s=96&d=mm&r=g\",\"contentUrl\":\"https:\\\/\\\/secure.gravatar.com\\\/avatar\\\/ccc17943b9d660506c869530f897617f7cb1c21a4bf30023f252596d83e1f007?s=96&d=mm&r=g\",\"caption\":\"admin\"},\"sameAs\":[\"https:\\\/\\\/kibrisdakik.com\"],\"url\":\"https:\\\/\\\/kibrisdakik.com\\\/?author=1\"}]}<\/script>\n<!-- \/ Yoast SEO plugin. -->","yoast_head_json":{"title":"Mecliste b\u00fct\u00e7e maratonu devam ediyor\u2026 -","robots":{"index":"index","follow":"follow","max-snippet":"max-snippet:-1","max-image-preview":"max-image-preview:large","max-video-preview":"max-video-preview:-1"},"canonical":"https:\/\/kibrisdakik.com\/?p=22746","og_locale":"tr_TR","og_type":"article","og_title":"Mecliste b\u00fct\u00e7e maratonu devam ediyor\u2026 -","og_description":"Cumhuriyet Meclisi\u2019nde \u00c7al\u0131\u015fma ve Sosyal G\u00fcvenlik Bakanl\u0131\u011f\u0131 B\u00fct\u00e7esi g\u00f6r\u00fc\u015f\u00fclmeye devam ediyor. -Besim CTP Milletvekili Filiz Besim , bir devletin politikas\u0131n\u0131n ve \u00f6nceliklerinin b\u00fct\u00e7ede yer alan rakamlara ba\u011fl\u0131 oldu\u011funa i\u015faret ederek, \u00c7al\u0131\u015fma ve Sosyal G\u00fcvenlik Bakanl\u0131\u011f\u0131 gibi \u00e7ok geni\u015f kapsaml\u0131 ve toplumun bir \u00e7ok kesimine hitap eden bir bakanl\u0131\u011fa ay\u0131r\u0131lan pay\u0131n y\u00fczde 4.5 olmas\u0131n\u0131 ele\u015ftirdi. Ge\u00e7ti\u011fimiz","og_url":"https:\/\/kibrisdakik.com\/?p=22746","article_published_time":"2023-12-18T14:51:00+00:00","og_image":[{"width":710,"height":370,"url":"https:\/\/kibrisdakik.com\/wp-content\/uploads\/2023\/12\/mecliste-butce-maratonu-devam-ediyor-1702911147.webp.webp","type":"image\/webp"}],"author":"admin","twitter_card":"summary_large_image","twitter_misc":{"Yazan:":"admin","Tahmini okuma s\u00fcresi":"6 dakika"},"schema":{"@context":"https:\/\/schema.org","@graph":[{"@type":"Article","@id":"https:\/\/kibrisdakik.com\/?p=22746#article","isPartOf":{"@id":"https:\/\/kibrisdakik.com\/?p=22746"},"author":{"name":"admin","@id":"https:\/\/kibrisdakik.com\/#\/schema\/person\/9cd9d437bbb44f72b73ba127e06d8e79"},"headline":"Mecliste b\u00fct\u00e7e maratonu devam ediyor\u2026","datePublished":"2023-12-18T14:51:00+00:00","mainEntityOfPage":{"@id":"https:\/\/kibrisdakik.com\/?p=22746"},"wordCount":1140,"commentCount":0,"image":{"@id":"https:\/\/kibrisdakik.com\/?p=22746#primaryimage"},"thumbnailUrl":"https:\/\/kibrisdakik.com\/wp-content\/uploads\/2023\/12\/mecliste-butce-maratonu-devam-ediyor-1702911147.webp.webp","articleSection":["G\u00fcndem"],"inLanguage":"tr","potentialAction":[{"@type":"CommentAction","name":"Comment","target":["https:\/\/kibrisdakik.com\/?p=22746#respond"]}]},{"@type":"WebPage","@id":"https:\/\/kibrisdakik.com\/?p=22746","url":"https:\/\/kibrisdakik.com\/?p=22746","name":"Mecliste b\u00fct\u00e7e maratonu devam ediyor\u2026 -","isPartOf":{"@id":"https:\/\/kibrisdakik.com\/#website"},"primaryImageOfPage":{"@id":"https:\/\/kibrisdakik.com\/?p=22746#primaryimage"},"image":{"@id":"https:\/\/kibrisdakik.com\/?p=22746#primaryimage"},"thumbnailUrl":"https:\/\/kibrisdakik.com\/wp-content\/uploads\/2023\/12\/mecliste-butce-maratonu-devam-ediyor-1702911147.webp.webp","datePublished":"2023-12-18T14:51:00+00:00","author":{"@id":"https:\/\/kibrisdakik.com\/#\/schema\/person\/9cd9d437bbb44f72b73ba127e06d8e79"},"breadcrumb":{"@id":"https:\/\/kibrisdakik.com\/?p=22746#breadcrumb"},"inLanguage":"tr","potentialAction":[{"@type":"ReadAction","target":["https:\/\/kibrisdakik.com\/?p=22746"]}]},{"@type":"ImageObject","inLanguage":"tr","@id":"https:\/\/kibrisdakik.com\/?p=22746#primaryimage","url":"https:\/\/kibrisdakik.com\/wp-content\/uploads\/2023\/12\/mecliste-butce-maratonu-devam-ediyor-1702911147.webp.webp","contentUrl":"https:\/\/kibrisdakik.com\/wp-content\/uploads\/2023\/12\/mecliste-butce-maratonu-devam-ediyor-1702911147.webp.webp","width":710,"height":370},{"@type":"BreadcrumbList","@id":"https:\/\/kibrisdakik.com\/?p=22746#breadcrumb","itemListElement":[{"@type":"ListItem","position":1,"name":"Home","item":"https:\/\/kibrisdakik.com\/"},{"@type":"ListItem","position":2,"name":"Mecliste b\u00fct\u00e7e maratonu devam ediyor\u2026"}]},{"@type":"WebSite","@id":"https:\/\/kibrisdakik.com\/#website","url":"https:\/\/kibrisdakik.com\/","name":"","description":"Tam vaktinde haber","potentialAction":[{"@type":"SearchAction","target":{"@type":"EntryPoint","urlTemplate":"https:\/\/kibrisdakik.com\/?s={search_term_string}"},"query-input":{"@type":"PropertyValueSpecification","valueRequired":true,"valueName":"search_term_string"}}],"inLanguage":"tr"},{"@type":"Person","@id":"https:\/\/kibrisdakik.com\/#\/schema\/person\/9cd9d437bbb44f72b73ba127e06d8e79","name":"admin","image":{"@type":"ImageObject","inLanguage":"tr","@id":"https:\/\/secure.gravatar.com\/avatar\/ccc17943b9d660506c869530f897617f7cb1c21a4bf30023f252596d83e1f007?s=96&d=mm&r=g","url":"https:\/\/secure.gravatar.com\/avatar\/ccc17943b9d660506c869530f897617f7cb1c21a4bf30023f252596d83e1f007?s=96&d=mm&r=g","contentUrl":"https:\/\/secure.gravatar.com\/avatar\/ccc17943b9d660506c869530f897617f7cb1c21a4bf30023f252596d83e1f007?s=96&d=mm&r=g","caption":"admin"},"sameAs":["https:\/\/kibrisdakik.com"],"url":"https:\/\/kibrisdakik.com\/?author=1"}]}},"_links":{"self":[{"href":"https:\/\/kibrisdakik.com\/index.php?rest_route=\/wp\/v2\/posts\/22746","targetHints":{"allow":["GET"]}}],"collection":[{"href":"https:\/\/kibrisdakik.com\/index.php?rest_route=\/wp\/v2\/posts"}],"about":[{"href":"https:\/\/kibrisdakik.com\/index.php?rest_route=\/wp\/v2\/types\/post"}],"author":[{"embeddable":true,"href":"https:\/\/kibrisdakik.com\/index.php?rest_route=\/wp\/v2\/users\/1"}],"replies":[{"embeddable":true,"href":"https:\/\/kibrisdakik.com\/index.php?rest_route=%2Fwp%2Fv2%2Fcomments&post=22746"}],"version-history":[{"count":0,"href":"https:\/\/kibrisdakik.com\/index.php?rest_route=\/wp\/v2\/posts\/22746\/revisions"}],"wp:featuredmedia":[{"embeddable":true,"href":"https:\/\/kibrisdakik.com\/index.php?rest_route=\/wp\/v2\/media\/22747"}],"wp:attachment":[{"href":"https:\/\/kibrisdakik.com\/index.php?rest_route=%2Fwp%2Fv2%2Fmedia&parent=22746"}],"wp:term":[{"taxonomy":"category","embeddable":true,"href":"https:\/\/kibrisdakik.com\/index.php?rest_route=%2Fwp%2Fv2%2Fcategories&post=22746"},{"taxonomy":"post_tag","embeddable":true,"href":"https:\/\/kibrisdakik.com\/index.php?rest_route=%2Fwp%2Fv2%2Ftags&post=22746"}],"curies":[{"name":"wp","href":"https:\/\/api.w.org\/{rel}","templated":true}]}}