{"id":22752,"date":"2023-12-18T15:39:50","date_gmt":"2023-12-18T15:39:50","guid":{"rendered":"https:\/\/kibrisdakik.com\/index.php\/2023\/12\/18\/sibel-tatar-onculugunde-hayata-gecirilen-mutlu-cocuklar-anne-baba-el-kitabinin-ic-dagitimina-baslandi\/"},"modified":"2023-12-18T15:39:50","modified_gmt":"2023-12-18T15:39:50","slug":"sibel-tatar-onculugunde-hayata-gecirilen-mutlu-cocuklar-anne-baba-el-kitabinin-ic-dagitimina-baslandi","status":"publish","type":"post","link":"https:\/\/kibrisdakik.com\/?p=22752","title":{"rendered":"Sibel Tatar \u00f6nc\u00fcl\u00fc\u011f\u00fcnde hayata ge\u00e7irilen Mutlu \u00c7ocuklar Anne-Baba El Kitab\u0131\u2019n\u0131n i\u00e7 da\u011f\u0131t\u0131m\u0131na ba\u015fland\u0131"},"content":{"rendered":"<p><img decoding=\"async\" src=\"https:\/\/www.kibristurk.com\/images\/haberler\/2023\/12\/sibel-tatar-onculugunde-hayata-gecirilen-mutlu-cocuklar-anne-baba-el-kitabinin-ic-dagitimina-baslandi-1702910790.webp\" \/><\/p>\n<p><span style=\"font-size:11pt\"><span style=\"background-color:white\"><span style=\"font-family:Calibri,sans-serif\"><span style=\"font-size:13.0pt\"><span style=\"color:black\">Cumhurba\u015fkanl\u0131\u011f\u0131 himayelerinde, Cumhurba\u015fkan\u0131 Ersin Tatar\u2019\u0131n e\u015fi Sibel Tatar \u00f6nc\u00fcl\u00fc\u011f\u00fcnde 2022 y\u0131l\u0131nda hayata ge\u00e7irilen \u201cMutlu \u00c7ocuklar Anne-Baba El Kitab\u0131\u201c kamu ve \u00f6zel ilkokullar\u0131n birinci s\u0131n\u0131flar\u0131nda da\u011f\u0131t\u0131lmaya ba\u015fland\u0131.<\/span><\/span><\/span><\/span><\/span><\/p>\n<p><span style=\"font-size:11pt\"><span style=\"background-color:white\"><span style=\"font-family:Calibri,sans-serif\"><span style=\"font-size:13.0pt\"><span style=\"color:black\">Cumhurba\u015fkanl\u0131\u011f\u0131\u2019ndan yap\u0131lan a\u00e7\u0131klamaya g\u00f6re, Girne 23 Nisan \u0130lkokulu\u2019nda Sibel Tatar\u2019\u0131n kat\u0131l\u0131m\u0131yla ba\u015flanan da\u011f\u0131t\u0131m etkinli\u011finde, Cumhurba\u015fkan\u0131 \u0130dari Daire M\u00fcd\u00fcr\u00fc Osman \u00c7a\u011fakan, T\u00fcrk \u0130\u015fbirli\u011fi ve Koordinasyon Ajans\u0131 Ba\u015fkanl\u0131\u011f\u0131 (T\u0130KA) Lefko\u015fa program temsilcisi Havva P\u0131nar \u00d6zcan K\u00fc\u00e7\u00fck\u00e7avu\u015f ve Girne 23 Nisan \u0130lkokulu M\u00fcd\u00fcr\u00fc Kumru Kiremit\u00e7io\u011flu yer ald\u0131.<\/span><\/span><\/span><\/span><\/span><\/p>\n<p><span style=\"font-size:11pt\"><span style=\"background-color:white\"><span style=\"font-family:Calibri,sans-serif\"><span style=\"font-size:13.0pt\"><span style=\"color:black\">T\u0130KA katk\u0131lar\u0131yla bas\u0131lan \u201cMutlu \u00c7ocuklar Anne-Baba El Kitab\u0131\u201c Girne 23 Nisan \u0130lkokulu\u2019nda ailelerine verilmek \u00fczere 150 \u00e7ocu\u011fa verilirken, kamu ve \u00f6zel okullarda birinci s\u0131n\u0131flarda \u00f6\u011frenim g\u00f6ren toplam 3 bin 500 \u00e7ocu\u011fa da\u011f\u0131t\u0131lacak.<\/span><\/span><\/span><\/span><\/span><\/p>\n<p><span style=\"font-size:11pt\"><span style=\"background-color:white\"><span style=\"font-family:Calibri,sans-serif\"><span style=\"font-size:13.0pt\"><span style=\"color:black\">-Sibel Tatar<\/span><\/span><\/span><\/span><\/span><\/p>\n<p><span style=\"font-size:11pt\"><span style=\"background-color:white\"><span style=\"font-family:Calibri,sans-serif\"><span style=\"font-size:13.0pt\"><span style=\"color:black\">Sibel Tatar konuyla ilgili yapt\u0131\u011f\u0131 a\u00e7\u0131klamada, ebeveynleri \u00e7ocuk yeti\u015ftirme s\u00fcrecinde bilgilendirmek, \u00e7ocu\u011fun geli\u015fimi ile ilgili \u00e7e\u015fitli konularda fark\u0131ndal\u0131klar\u0131n\u0131 art\u0131rmak ve \u00e7ocuklar\u0131n\u0131 b\u00fcy\u00fct\u00fcrken onlarla keyifli zamanlar ge\u00e7irmelerini desteklemek amac\u0131yla haz\u0131rlanan kitab\u0131n, uzun y\u0131llar akademik ve uygulama alan\u0131nda emek vermi\u015f akademisyenlerin katk\u0131lar\u0131 ile olu\u015fturuldu\u011funu s\u00f6yledi.<\/span><\/span><\/span><\/span><\/span><\/p>\n<p><span style=\"font-size:11pt\"><span style=\"background-color:white\"><span style=\"font-family:Calibri,sans-serif\"><span style=\"font-size:13.0pt\"><span style=\"color:black\">Sibel Tatar, 2022 y\u0131l\u0131nda hayata ge\u00e7irilen proje kapsam\u0131nda ebeveynlere y\u00f6nelik yap\u0131lan s\u00f6yle\u015filerde da\u011f\u0131t\u0131lan kitab\u0131n, Prof. Dr. Sibel Din\u00e7y\u00fcrek, Prof. Dr. Ay\u015fe I\u015f\u0131k G\u00fcr\u015fim\u015fek ve Prof. Dr. Nerg\u00fcz Bulut Serin taraf\u0131ndan haz\u0131rland\u0131\u011f\u0131n\u0131 ifade etti.<\/span><\/span><\/span><\/span><\/span><\/p>\n<p><span style=\"font-size:11pt\"><span style=\"background-color:white\"><span style=\"font-family:Calibri,sans-serif\"><span style=\"font-size:13.0pt\"><span style=\"color:black\">Sibel Tatar ayr\u0131ca kitab\u0131n ebeveynlerin bilgilerini art\u0131rmak, mutlu \u00e7ocuk yeti\u015ftirmekte \u00f6nemli noktalar\u0131 hat\u0131rlatmak ve gelece\u011fi olu\u015fturacak \u00e7ocuklar\u0131n ailesine ve milletine faydal\u0131 bireyler olarak yeti\u015ftirilmesinde \u00f6nemli bir rehber niteli\u011finde oldu\u011funu kaydetti.<\/span><\/span><\/span><\/span><\/span><\/p>\n<p>&nbsp;<\/p>\n","protected":false},"excerpt":{"rendered":"<p>Cumhurba\u015fkanl\u0131\u011f\u0131 himayelerinde, Cumhurba\u015fkan\u0131 Ersin Tatar\u2019\u0131n e\u015fi Sibel Tatar \u00f6nc\u00fcl\u00fc\u011f\u00fcnde 2022 y\u0131l\u0131nda hayata ge\u00e7irilen \u201cMutlu \u00c7ocuklar Anne-Baba El Kitab\u0131\u201c kamu ve \u00f6zel ilkokullar\u0131n birinci s\u0131n\u0131flar\u0131nda da\u011f\u0131t\u0131lmaya ba\u015fland\u0131. Cumhurba\u015fkanl\u0131\u011f\u0131\u2019ndan yap\u0131lan a\u00e7\u0131klamaya g\u00f6re, Girne 23 Nisan \u0130lkokulu\u2019nda Sibel Tatar\u2019\u0131n kat\u0131l\u0131m\u0131yla ba\u015flanan da\u011f\u0131t\u0131m etkinli\u011finde, Cumhurba\u015fkan\u0131 \u0130dari Daire M\u00fcd\u00fcr\u00fc Osman \u00c7a\u011fakan, T\u00fcrk \u0130\u015fbirli\u011fi ve Koordinasyon Ajans\u0131 Ba\u015fkanl\u0131\u011f\u0131 (T\u0130KA) Lefko\u015fa program<\/p>\n","protected":false},"author":1,"featured_media":22753,"comment_status":"open","ping_status":"open","sticky":false,"template":"","format":"standard","meta":{"footnotes":""},"categories":[1],"tags":[],"class_list":["post-22752","post","type-post","status-publish","format-standard","has-post-thumbnail","hentry","category-gundem"],"yoast_head":"<!-- This site is optimized with the Yoast SEO plugin v27.5 - https:\/\/yoast.com\/product\/yoast-seo-wordpress\/ -->\n<title>Sibel Tatar \u00f6nc\u00fcl\u00fc\u011f\u00fcnde hayata ge\u00e7irilen Mutlu \u00c7ocuklar Anne-Baba El Kitab\u0131\u2019n\u0131n i\u00e7 da\u011f\u0131t\u0131m\u0131na ba\u015fland\u0131 -<\/title>\n<meta name=\"robots\" content=\"index, follow, max-snippet:-1, max-image-preview:large, max-video-preview:-1\" \/>\n<link rel=\"canonical\" href=\"https:\/\/kibrisdakik.com\/?p=22752\" \/>\n<meta property=\"og:locale\" content=\"tr_TR\" \/>\n<meta property=\"og:type\" content=\"article\" \/>\n<meta property=\"og:title\" content=\"Sibel Tatar \u00f6nc\u00fcl\u00fc\u011f\u00fcnde hayata ge\u00e7irilen Mutlu \u00c7ocuklar Anne-Baba El Kitab\u0131\u2019n\u0131n i\u00e7 da\u011f\u0131t\u0131m\u0131na ba\u015fland\u0131 -\" \/>\n<meta property=\"og:description\" content=\"Cumhurba\u015fkanl\u0131\u011f\u0131 himayelerinde, Cumhurba\u015fkan\u0131 Ersin Tatar\u2019\u0131n e\u015fi Sibel Tatar \u00f6nc\u00fcl\u00fc\u011f\u00fcnde 2022 y\u0131l\u0131nda hayata ge\u00e7irilen \u201cMutlu \u00c7ocuklar Anne-Baba El Kitab\u0131\u201c kamu ve \u00f6zel ilkokullar\u0131n birinci s\u0131n\u0131flar\u0131nda da\u011f\u0131t\u0131lmaya ba\u015fland\u0131. Cumhurba\u015fkanl\u0131\u011f\u0131\u2019ndan yap\u0131lan a\u00e7\u0131klamaya g\u00f6re, Girne 23 Nisan \u0130lkokulu\u2019nda Sibel Tatar\u2019\u0131n kat\u0131l\u0131m\u0131yla ba\u015flanan da\u011f\u0131t\u0131m etkinli\u011finde, Cumhurba\u015fkan\u0131 \u0130dari Daire M\u00fcd\u00fcr\u00fc Osman \u00c7a\u011fakan, T\u00fcrk \u0130\u015fbirli\u011fi ve Koordinasyon Ajans\u0131 Ba\u015fkanl\u0131\u011f\u0131 (T\u0130KA) Lefko\u015fa program\" \/>\n<meta property=\"og:url\" content=\"https:\/\/kibrisdakik.com\/?p=22752\" \/>\n<meta property=\"article:published_time\" content=\"2023-12-18T15:39:50+00:00\" \/>\n<meta property=\"og:image\" content=\"https:\/\/kibrisdakik.com\/wp-content\/uploads\/2023\/12\/sibel-tatar-onculugunde-hayata-gecirilen-mutlu-cocuklar-anne-baba-el-kitabinin-ic-dagitimina-baslandi-1702910790.webp.webp\" \/>\n\t<meta property=\"og:image:width\" content=\"710\" \/>\n\t<meta property=\"og:image:height\" content=\"370\" \/>\n\t<meta property=\"og:image:type\" content=\"image\/webp\" \/>\n<meta name=\"author\" content=\"admin\" \/>\n<meta name=\"twitter:card\" content=\"summary_large_image\" \/>\n<meta name=\"twitter:label1\" content=\"Yazan:\" \/>\n\t<meta name=\"twitter:data1\" content=\"admin\" \/>\n\t<meta name=\"twitter:label2\" content=\"Tahmini okuma s\u00fcresi\" \/>\n\t<meta name=\"twitter:data2\" content=\"2 dakika\" \/>\n<script type=\"application\/ld+json\" class=\"yoast-schema-graph\">{\"@context\":\"https:\\\/\\\/schema.org\",\"@graph\":[{\"@type\":\"Article\",\"@id\":\"https:\\\/\\\/kibrisdakik.com\\\/?p=22752#article\",\"isPartOf\":{\"@id\":\"https:\\\/\\\/kibrisdakik.com\\\/?p=22752\"},\"author\":{\"name\":\"admin\",\"@id\":\"https:\\\/\\\/kibrisdakik.com\\\/#\\\/schema\\\/person\\\/9cd9d437bbb44f72b73ba127e06d8e79\"},\"headline\":\"Sibel Tatar \u00f6nc\u00fcl\u00fc\u011f\u00fcnde hayata ge\u00e7irilen Mutlu \u00c7ocuklar Anne-Baba El Kitab\u0131\u2019n\u0131n i\u00e7 da\u011f\u0131t\u0131m\u0131na ba\u015fland\u0131\",\"datePublished\":\"2023-12-18T15:39:50+00:00\",\"mainEntityOfPage\":{\"@id\":\"https:\\\/\\\/kibrisdakik.com\\\/?p=22752\"},\"wordCount\":340,\"commentCount\":0,\"image\":{\"@id\":\"https:\\\/\\\/kibrisdakik.com\\\/?p=22752#primaryimage\"},\"thumbnailUrl\":\"https:\\\/\\\/kibrisdakik.com\\\/wp-content\\\/uploads\\\/2023\\\/12\\\/sibel-tatar-onculugunde-hayata-gecirilen-mutlu-cocuklar-anne-baba-el-kitabinin-ic-dagitimina-baslandi-1702910790.webp.webp\",\"articleSection\":[\"G\u00fcndem\"],\"inLanguage\":\"tr\",\"potentialAction\":[{\"@type\":\"CommentAction\",\"name\":\"Comment\",\"target\":[\"https:\\\/\\\/kibrisdakik.com\\\/?p=22752#respond\"]}]},{\"@type\":\"WebPage\",\"@id\":\"https:\\\/\\\/kibrisdakik.com\\\/?p=22752\",\"url\":\"https:\\\/\\\/kibrisdakik.com\\\/?p=22752\",\"name\":\"Sibel Tatar \u00f6nc\u00fcl\u00fc\u011f\u00fcnde hayata ge\u00e7irilen Mutlu \u00c7ocuklar Anne-Baba El Kitab\u0131\u2019n\u0131n i\u00e7 da\u011f\u0131t\u0131m\u0131na ba\u015fland\u0131 -\",\"isPartOf\":{\"@id\":\"https:\\\/\\\/kibrisdakik.com\\\/#website\"},\"primaryImageOfPage\":{\"@id\":\"https:\\\/\\\/kibrisdakik.com\\\/?p=22752#primaryimage\"},\"image\":{\"@id\":\"https:\\\/\\\/kibrisdakik.com\\\/?p=22752#primaryimage\"},\"thumbnailUrl\":\"https:\\\/\\\/kibrisdakik.com\\\/wp-content\\\/uploads\\\/2023\\\/12\\\/sibel-tatar-onculugunde-hayata-gecirilen-mutlu-cocuklar-anne-baba-el-kitabinin-ic-dagitimina-baslandi-1702910790.webp.webp\",\"datePublished\":\"2023-12-18T15:39:50+00:00\",\"author\":{\"@id\":\"https:\\\/\\\/kibrisdakik.com\\\/#\\\/schema\\\/person\\\/9cd9d437bbb44f72b73ba127e06d8e79\"},\"breadcrumb\":{\"@id\":\"https:\\\/\\\/kibrisdakik.com\\\/?p=22752#breadcrumb\"},\"inLanguage\":\"tr\",\"potentialAction\":[{\"@type\":\"ReadAction\",\"target\":[\"https:\\\/\\\/kibrisdakik.com\\\/?p=22752\"]}]},{\"@type\":\"ImageObject\",\"inLanguage\":\"tr\",\"@id\":\"https:\\\/\\\/kibrisdakik.com\\\/?p=22752#primaryimage\",\"url\":\"https:\\\/\\\/kibrisdakik.com\\\/wp-content\\\/uploads\\\/2023\\\/12\\\/sibel-tatar-onculugunde-hayata-gecirilen-mutlu-cocuklar-anne-baba-el-kitabinin-ic-dagitimina-baslandi-1702910790.webp.webp\",\"contentUrl\":\"https:\\\/\\\/kibrisdakik.com\\\/wp-content\\\/uploads\\\/2023\\\/12\\\/sibel-tatar-onculugunde-hayata-gecirilen-mutlu-cocuklar-anne-baba-el-kitabinin-ic-dagitimina-baslandi-1702910790.webp.webp\",\"width\":710,\"height\":370},{\"@type\":\"BreadcrumbList\",\"@id\":\"https:\\\/\\\/kibrisdakik.com\\\/?p=22752#breadcrumb\",\"itemListElement\":[{\"@type\":\"ListItem\",\"position\":1,\"name\":\"Home\",\"item\":\"https:\\\/\\\/kibrisdakik.com\\\/\"},{\"@type\":\"ListItem\",\"position\":2,\"name\":\"Sibel Tatar \u00f6nc\u00fcl\u00fc\u011f\u00fcnde hayata ge\u00e7irilen Mutlu \u00c7ocuklar Anne-Baba El Kitab\u0131\u2019n\u0131n i\u00e7 da\u011f\u0131t\u0131m\u0131na ba\u015fland\u0131\"}]},{\"@type\":\"WebSite\",\"@id\":\"https:\\\/\\\/kibrisdakik.com\\\/#website\",\"url\":\"https:\\\/\\\/kibrisdakik.com\\\/\",\"name\":\"\",\"description\":\"Tam vaktinde haber\",\"potentialAction\":[{\"@type\":\"SearchAction\",\"target\":{\"@type\":\"EntryPoint\",\"urlTemplate\":\"https:\\\/\\\/kibrisdakik.com\\\/?s={search_term_string}\"},\"query-input\":{\"@type\":\"PropertyValueSpecification\",\"valueRequired\":true,\"valueName\":\"search_term_string\"}}],\"inLanguage\":\"tr\"},{\"@type\":\"Person\",\"@id\":\"https:\\\/\\\/kibrisdakik.com\\\/#\\\/schema\\\/person\\\/9cd9d437bbb44f72b73ba127e06d8e79\",\"name\":\"admin\",\"image\":{\"@type\":\"ImageObject\",\"inLanguage\":\"tr\",\"@id\":\"https:\\\/\\\/secure.gravatar.com\\\/avatar\\\/ccc17943b9d660506c869530f897617f7cb1c21a4bf30023f252596d83e1f007?s=96&d=mm&r=g\",\"url\":\"https:\\\/\\\/secure.gravatar.com\\\/avatar\\\/ccc17943b9d660506c869530f897617f7cb1c21a4bf30023f252596d83e1f007?s=96&d=mm&r=g\",\"contentUrl\":\"https:\\\/\\\/secure.gravatar.com\\\/avatar\\\/ccc17943b9d660506c869530f897617f7cb1c21a4bf30023f252596d83e1f007?s=96&d=mm&r=g\",\"caption\":\"admin\"},\"sameAs\":[\"https:\\\/\\\/kibrisdakik.com\"],\"url\":\"https:\\\/\\\/kibrisdakik.com\\\/?author=1\"}]}<\/script>\n<!-- \/ Yoast SEO plugin. -->","yoast_head_json":{"title":"Sibel Tatar \u00f6nc\u00fcl\u00fc\u011f\u00fcnde hayata ge\u00e7irilen Mutlu \u00c7ocuklar Anne-Baba El Kitab\u0131\u2019n\u0131n i\u00e7 da\u011f\u0131t\u0131m\u0131na ba\u015fland\u0131 -","robots":{"index":"index","follow":"follow","max-snippet":"max-snippet:-1","max-image-preview":"max-image-preview:large","max-video-preview":"max-video-preview:-1"},"canonical":"https:\/\/kibrisdakik.com\/?p=22752","og_locale":"tr_TR","og_type":"article","og_title":"Sibel Tatar \u00f6nc\u00fcl\u00fc\u011f\u00fcnde hayata ge\u00e7irilen Mutlu \u00c7ocuklar Anne-Baba El Kitab\u0131\u2019n\u0131n i\u00e7 da\u011f\u0131t\u0131m\u0131na ba\u015fland\u0131 -","og_description":"Cumhurba\u015fkanl\u0131\u011f\u0131 himayelerinde, Cumhurba\u015fkan\u0131 Ersin Tatar\u2019\u0131n e\u015fi Sibel Tatar \u00f6nc\u00fcl\u00fc\u011f\u00fcnde 2022 y\u0131l\u0131nda hayata ge\u00e7irilen \u201cMutlu \u00c7ocuklar Anne-Baba El Kitab\u0131\u201c kamu ve \u00f6zel ilkokullar\u0131n birinci s\u0131n\u0131flar\u0131nda da\u011f\u0131t\u0131lmaya ba\u015fland\u0131. Cumhurba\u015fkanl\u0131\u011f\u0131\u2019ndan yap\u0131lan a\u00e7\u0131klamaya g\u00f6re, Girne 23 Nisan \u0130lkokulu\u2019nda Sibel Tatar\u2019\u0131n kat\u0131l\u0131m\u0131yla ba\u015flanan da\u011f\u0131t\u0131m etkinli\u011finde, Cumhurba\u015fkan\u0131 \u0130dari Daire M\u00fcd\u00fcr\u00fc Osman \u00c7a\u011fakan, T\u00fcrk \u0130\u015fbirli\u011fi ve Koordinasyon Ajans\u0131 Ba\u015fkanl\u0131\u011f\u0131 (T\u0130KA) Lefko\u015fa program","og_url":"https:\/\/kibrisdakik.com\/?p=22752","article_published_time":"2023-12-18T15:39:50+00:00","og_image":[{"width":710,"height":370,"url":"https:\/\/kibrisdakik.com\/wp-content\/uploads\/2023\/12\/sibel-tatar-onculugunde-hayata-gecirilen-mutlu-cocuklar-anne-baba-el-kitabinin-ic-dagitimina-baslandi-1702910790.webp.webp","type":"image\/webp"}],"author":"admin","twitter_card":"summary_large_image","twitter_misc":{"Yazan:":"admin","Tahmini okuma s\u00fcresi":"2 dakika"},"schema":{"@context":"https:\/\/schema.org","@graph":[{"@type":"Article","@id":"https:\/\/kibrisdakik.com\/?p=22752#article","isPartOf":{"@id":"https:\/\/kibrisdakik.com\/?p=22752"},"author":{"name":"admin","@id":"https:\/\/kibrisdakik.com\/#\/schema\/person\/9cd9d437bbb44f72b73ba127e06d8e79"},"headline":"Sibel Tatar \u00f6nc\u00fcl\u00fc\u011f\u00fcnde hayata ge\u00e7irilen Mutlu \u00c7ocuklar Anne-Baba El Kitab\u0131\u2019n\u0131n i\u00e7 da\u011f\u0131t\u0131m\u0131na ba\u015fland\u0131","datePublished":"2023-12-18T15:39:50+00:00","mainEntityOfPage":{"@id":"https:\/\/kibrisdakik.com\/?p=22752"},"wordCount":340,"commentCount":0,"image":{"@id":"https:\/\/kibrisdakik.com\/?p=22752#primaryimage"},"thumbnailUrl":"https:\/\/kibrisdakik.com\/wp-content\/uploads\/2023\/12\/sibel-tatar-onculugunde-hayata-gecirilen-mutlu-cocuklar-anne-baba-el-kitabinin-ic-dagitimina-baslandi-1702910790.webp.webp","articleSection":["G\u00fcndem"],"inLanguage":"tr","potentialAction":[{"@type":"CommentAction","name":"Comment","target":["https:\/\/kibrisdakik.com\/?p=22752#respond"]}]},{"@type":"WebPage","@id":"https:\/\/kibrisdakik.com\/?p=22752","url":"https:\/\/kibrisdakik.com\/?p=22752","name":"Sibel Tatar \u00f6nc\u00fcl\u00fc\u011f\u00fcnde hayata ge\u00e7irilen Mutlu \u00c7ocuklar Anne-Baba El Kitab\u0131\u2019n\u0131n i\u00e7 da\u011f\u0131t\u0131m\u0131na ba\u015fland\u0131 -","isPartOf":{"@id":"https:\/\/kibrisdakik.com\/#website"},"primaryImageOfPage":{"@id":"https:\/\/kibrisdakik.com\/?p=22752#primaryimage"},"image":{"@id":"https:\/\/kibrisdakik.com\/?p=22752#primaryimage"},"thumbnailUrl":"https:\/\/kibrisdakik.com\/wp-content\/uploads\/2023\/12\/sibel-tatar-onculugunde-hayata-gecirilen-mutlu-cocuklar-anne-baba-el-kitabinin-ic-dagitimina-baslandi-1702910790.webp.webp","datePublished":"2023-12-18T15:39:50+00:00","author":{"@id":"https:\/\/kibrisdakik.com\/#\/schema\/person\/9cd9d437bbb44f72b73ba127e06d8e79"},"breadcrumb":{"@id":"https:\/\/kibrisdakik.com\/?p=22752#breadcrumb"},"inLanguage":"tr","potentialAction":[{"@type":"ReadAction","target":["https:\/\/kibrisdakik.com\/?p=22752"]}]},{"@type":"ImageObject","inLanguage":"tr","@id":"https:\/\/kibrisdakik.com\/?p=22752#primaryimage","url":"https:\/\/kibrisdakik.com\/wp-content\/uploads\/2023\/12\/sibel-tatar-onculugunde-hayata-gecirilen-mutlu-cocuklar-anne-baba-el-kitabinin-ic-dagitimina-baslandi-1702910790.webp.webp","contentUrl":"https:\/\/kibrisdakik.com\/wp-content\/uploads\/2023\/12\/sibel-tatar-onculugunde-hayata-gecirilen-mutlu-cocuklar-anne-baba-el-kitabinin-ic-dagitimina-baslandi-1702910790.webp.webp","width":710,"height":370},{"@type":"BreadcrumbList","@id":"https:\/\/kibrisdakik.com\/?p=22752#breadcrumb","itemListElement":[{"@type":"ListItem","position":1,"name":"Home","item":"https:\/\/kibrisdakik.com\/"},{"@type":"ListItem","position":2,"name":"Sibel Tatar \u00f6nc\u00fcl\u00fc\u011f\u00fcnde hayata ge\u00e7irilen Mutlu \u00c7ocuklar Anne-Baba El Kitab\u0131\u2019n\u0131n i\u00e7 da\u011f\u0131t\u0131m\u0131na ba\u015fland\u0131"}]},{"@type":"WebSite","@id":"https:\/\/kibrisdakik.com\/#website","url":"https:\/\/kibrisdakik.com\/","name":"","description":"Tam vaktinde haber","potentialAction":[{"@type":"SearchAction","target":{"@type":"EntryPoint","urlTemplate":"https:\/\/kibrisdakik.com\/?s={search_term_string}"},"query-input":{"@type":"PropertyValueSpecification","valueRequired":true,"valueName":"search_term_string"}}],"inLanguage":"tr"},{"@type":"Person","@id":"https:\/\/kibrisdakik.com\/#\/schema\/person\/9cd9d437bbb44f72b73ba127e06d8e79","name":"admin","image":{"@type":"ImageObject","inLanguage":"tr","@id":"https:\/\/secure.gravatar.com\/avatar\/ccc17943b9d660506c869530f897617f7cb1c21a4bf30023f252596d83e1f007?s=96&d=mm&r=g","url":"https:\/\/secure.gravatar.com\/avatar\/ccc17943b9d660506c869530f897617f7cb1c21a4bf30023f252596d83e1f007?s=96&d=mm&r=g","contentUrl":"https:\/\/secure.gravatar.com\/avatar\/ccc17943b9d660506c869530f897617f7cb1c21a4bf30023f252596d83e1f007?s=96&d=mm&r=g","caption":"admin"},"sameAs":["https:\/\/kibrisdakik.com"],"url":"https:\/\/kibrisdakik.com\/?author=1"}]}},"_links":{"self":[{"href":"https:\/\/kibrisdakik.com\/index.php?rest_route=\/wp\/v2\/posts\/22752","targetHints":{"allow":["GET"]}}],"collection":[{"href":"https:\/\/kibrisdakik.com\/index.php?rest_route=\/wp\/v2\/posts"}],"about":[{"href":"https:\/\/kibrisdakik.com\/index.php?rest_route=\/wp\/v2\/types\/post"}],"author":[{"embeddable":true,"href":"https:\/\/kibrisdakik.com\/index.php?rest_route=\/wp\/v2\/users\/1"}],"replies":[{"embeddable":true,"href":"https:\/\/kibrisdakik.com\/index.php?rest_route=%2Fwp%2Fv2%2Fcomments&post=22752"}],"version-history":[{"count":0,"href":"https:\/\/kibrisdakik.com\/index.php?rest_route=\/wp\/v2\/posts\/22752\/revisions"}],"wp:featuredmedia":[{"embeddable":true,"href":"https:\/\/kibrisdakik.com\/index.php?rest_route=\/wp\/v2\/media\/22753"}],"wp:attachment":[{"href":"https:\/\/kibrisdakik.com\/index.php?rest_route=%2Fwp%2Fv2%2Fmedia&parent=22752"}],"wp:term":[{"taxonomy":"category","embeddable":true,"href":"https:\/\/kibrisdakik.com\/index.php?rest_route=%2Fwp%2Fv2%2Fcategories&post=22752"},{"taxonomy":"post_tag","embeddable":true,"href":"https:\/\/kibrisdakik.com\/index.php?rest_route=%2Fwp%2Fv2%2Ftags&post=22752"}],"curies":[{"name":"wp","href":"https:\/\/api.w.org\/{rel}","templated":true}]}}