{"id":22780,"date":"2023-12-18T18:37:01","date_gmt":"2023-12-18T18:37:01","guid":{"rendered":"https:\/\/kibrisdakik.com\/index.php\/2023\/12\/18\/israilin-gazzeye-duzenledigi-saldirilarda-oldurulenlerin-sayisi-19-bin-453e-yukseldi\/"},"modified":"2023-12-18T18:37:01","modified_gmt":"2023-12-18T18:37:01","slug":"israilin-gazzeye-duzenledigi-saldirilarda-oldurulenlerin-sayisi-19-bin-453e-yukseldi","status":"publish","type":"post","link":"https:\/\/kibrisdakik.com\/?p=22780","title":{"rendered":"\u0130srail&#039;in Gazze&#039;ye d\u00fczenledi\u011fi sald\u0131r\u0131larda \u00f6ld\u00fcr\u00fclenlerin say\u0131s\u0131 19 bin 453&#039;e y\u00fckseldi"},"content":{"rendered":"<p><img decoding=\"async\" src=\"https:\/\/www.kibristurk.com\/images\/haberler\/2023\/12\/israilin-gazzeye-duzenledigi-saldirilarda-oldurulenlerin-sayisi-19-bin-453e-yukseldi-1702922606.webp\" \/><\/p>\n<p><span style=\"font-size:12pt\"><span style=\"background-color:white\"><span style=\",serif\"><span style=\"font-size:13.0pt\"><span style=\",sans-serif\"><span style=\"color:black\">&nbsp;\u0130srail&#8217;in 7 Ekim&#8217;den bu yana sald\u0131r\u0131lar\u0131n\u0131 s\u00fcrd\u00fcrd\u00fc\u011f\u00fc Gazze \u015eeridi&#8217;nde \u00f6ld\u00fcr\u00fclenlerin say\u0131s\u0131 son 3 g\u00fcnde 653 artarak 19 bin 453&#8217;e \u00e7\u0131kt\u0131.<\/span><\/span><\/span><\/span><\/span><\/span><\/p>\n<p><span style=\"font-size:12pt\"><span style=\"background-color:white\"><span style=\",serif\"><span style=\"font-size:13.0pt\"><span style=\",sans-serif\"><span style=\"color:black\">Gazze&#8217;deki Sa\u011fl\u0131k Bakanl\u0131\u011f\u0131 S\u00f6zc\u00fcs\u00fc E\u015fref el-Kudra, yapt\u0131\u011f\u0131 yaz\u0131l\u0131 a\u00e7\u0131klamada, \u0130srail&#8217;in 73 g\u00fcnd\u00fcr devam eden sald\u0131r\u0131lar\u0131na ili\u015fkin bilgi verdi.<\/span><\/span><\/span><\/span><\/span><\/span><\/p>\n<p><span style=\"font-size:12pt\"><span style=\"background-color:white\"><span style=\",serif\"><span style=\"font-size:13.0pt\"><span style=\",sans-serif\"><span style=\"color:black\">\u0130srail g\u00fc\u00e7lerinin, ge\u00e7en g\u00fcn ve saatlerde Gazze&#8217;nin t\u00fcm b\u00f6lgelerinde katliamlar i\u015fledi\u011fini vurgulayan Kudra, sald\u0131r\u0131larda 7 Ekim&#8217;den bu yana \u00f6ld\u00fcr\u00fclen Filistinlilerin say\u0131s\u0131n\u0131n en az 8 bini \u00e7ocuk, 6 bin 200&#8217;\u00fc kad\u0131n olmak \u00fczere 19 bin 453&#8217;e, yaral\u0131lar\u0131n say\u0131s\u0131n\u0131n da 52 bin 286&#8217;ya y\u00fckseldi\u011fini belirtti.<\/span><\/span><\/span><\/span><\/span><\/span><\/p>\n<p><span style=\"font-size:12pt\"><span style=\"background-color:white\"><span style=\",serif\"><span style=\"font-size:13.0pt\"><span style=\",sans-serif\"><span style=\"color:black\">Kudra, \u0130srail g\u00fc\u00e7lerinin, bug\u00fcn \u015eifa Hastanesi&#8217;nde katliam i\u015fledi\u011fini ve yerinden edilmi\u015f 26 ki\u015finin \u00f6lmesine ve onlarca ki\u015finin yaralanmas\u0131na neden oldu\u011funu, daha sonra hastanenin kap\u0131s\u0131 \u00f6n\u00fcnde sivil bir arac\u0131 hedef ald\u0131\u011f\u0131n\u0131 ve i\u00e7indeki iki yaral\u0131n\u0131n da hayat\u0131n\u0131 kaybetti\u011fini kaydetti.<\/span><\/span><\/span><\/span><\/span><\/span><\/p>\n<p><span style=\"font-size:12pt\"><span style=\"background-color:white\"><span style=\",serif\"><span style=\"font-size:13.0pt\"><span style=\",sans-serif\"><span style=\"color:black\">\u0130srail ordusunun, hastanelere sald\u0131r\u0131 d\u00fczenleyerek ve sa\u011fl\u0131k \u00e7al\u0131\u015fanlar\u0131n\u0131 al\u0131koyarak Gazze \u015eeridi&#8217;nin kuzeyindeki sa\u011fl\u0131k sistemini tasfiye etmeyi ama\u00e7lad\u0131\u011f\u0131na i\u015faret eden Kudra, bunun burada ya\u015fayan yakla\u015f\u0131k 800 bin ki\u015finin &#8220;infaz&#8221; edilmesi anlam\u0131na geldi\u011fini belirtti.<\/span><\/span><\/span><\/span><\/span><\/span><\/p>\n<p><span style=\"font-size:12pt\"><span style=\"background-color:white\"><span style=\",serif\"><span style=\"font-size:13.0pt\"><span style=\",sans-serif\"><span style=\"color:black\">Gazze&#8217;nin kuzeyindeki binlerce yaral\u0131, hasta, \u00e7ocuk ve hamile kad\u0131n\u0131n sa\u011fl\u0131k hizmeti alamad\u0131\u011f\u0131n\u0131 vurgulayan Kudra, uluslararas\u0131 toplumun, hastanelerde i\u015flenen bu su\u00e7lara sessiz kalarak ayn\u0131 su\u00e7lar\u0131n Gazze&#8217;nin g\u00fcneyinde de i\u015flenmesine ye\u015fil \u0131\u015f\u0131k yakt\u0131\u011f\u0131n\u0131 ve d\u00fcn Han Yunus&#8217;taki Nas\u0131r Hastanesi&#8217;ne yap\u0131lan sald\u0131r\u0131n\u0131n da bunu a\u00e7\u0131k\u00e7a ortaya koydu\u011funu ifade etti.<\/span><\/span><\/span><\/span><\/span><\/span><\/p>\n<p><span style=\"font-size:12pt\"><span style=\"background-color:white\"><span style=\",serif\"><span style=\"font-size:13.0pt\"><span style=\",sans-serif\"><span style=\"color:black\">Kudra, g\u00fcneydeki hastanelerin ameliyathanelerinde a\u015f\u0131r\u0131 yo\u011funluk ya\u015fanmas\u0131 ve a\u011f\u0131r yaralanmalar\u0131 tedavi edecek imkanlar\u0131n olmamas\u0131 nedeniyle \u00e7ok say\u0131da ki\u015finin ya\u015fam\u0131n\u0131 yitirdi\u011fini aktard\u0131.<\/span><\/span><\/span><\/span><\/span><\/span><\/p>\n<p><span style=\"font-size:12pt\"><span style=\"background-color:white\"><span style=\",serif\"><span style=\"font-size:13.0pt\"><span style=\",sans-serif\"><span style=\"color:black\">S\u00f6zc\u00fc Kudra ayr\u0131ca, \u0130srail g\u00fc\u00e7lerinin, \u015eifa Hastanesi Genel M\u00fcd\u00fcr\u00fc Muhammed Ebu Silmiyye, Kemal Advan Hastanesi M\u00fcd\u00fcr Ahmed el-Kahlut ve El-Avde Hastanesi M\u00fcd\u00fcr\u00fc Ahmed Muhenna ba\u015fta olmak \u00fczere 93 sa\u011fl\u0131k \u00e7al\u0131\u015fan\u0131n\u0131 insani olmayan ko\u015fullarda al\u0131koymaya devam etti\u011fi bilgisini payla\u015ft\u0131.<\/span><\/span><\/span><\/span><\/span><\/span><\/p>\n<p><span style=\"font-size:12pt\"><span style=\"background-color:white\"><span style=\",serif\"><span style=\"font-size:13.0pt\"><span style=\",sans-serif\"><span style=\"color:black\">\u0130srail&#8217;in sald\u0131r\u0131lar\u0131nda 310 sa\u011fl\u0131k personelinin \u00f6ld\u00fcr\u00fcld\u00fc\u011f\u00fcn\u00fc, 22 hastanenin hizmet d\u0131\u015f\u0131 kald\u0131\u011f\u0131n\u0131 kaydeden Kudra, 5 bin yaral\u0131n\u0131n tedavi i\u00e7in acilen yurt d\u0131\u015f\u0131na \u00e7\u0131kar\u0131lmas\u0131 gerekti\u011fine dikkati \u00e7ekti.<\/span><\/span><\/span><\/span><\/span><\/span><\/p>\n<p><span style=\"font-size:12pt\"><span style=\"background-color:white\"><span style=\",serif\"><span style=\"font-size:13.0pt\"><span style=\",sans-serif\"><span style=\"color:black\">Salg\u0131n hastal\u0131klar\u0131n yay\u0131lmas\u0131, yetersiz beslenme, i\u00e7me suyu ve ki\u015fisel hijyen eksikli\u011fi, sa\u011fl\u0131k hizmetlerinin yetersizli\u011fi nedeniyle bar\u0131nma merkezlerindeki durumun felaket boyutlar\u0131nda oldu\u011funa i\u015faret eden Kudra, bu merkezlerde 350 bin bula\u015f\u0131c\u0131 hastal\u0131k vakas\u0131 tespit ettiklerini, ger\u00e7ek say\u0131n\u0131n daha da y\u00fcksek olabilece\u011fini tahmin ettiklerini belirtti.<\/span><\/span><\/span><\/span><\/span><\/span><\/p>\n<p>&nbsp;<\/p>\n","protected":false},"excerpt":{"rendered":"<p>&nbsp;\u0130srail&#8217;in 7 Ekim&#8217;den bu yana sald\u0131r\u0131lar\u0131n\u0131 s\u00fcrd\u00fcrd\u00fc\u011f\u00fc Gazze \u015eeridi&#8217;nde \u00f6ld\u00fcr\u00fclenlerin say\u0131s\u0131 son 3 g\u00fcnde 653 artarak 19 bin 453&#8217;e \u00e7\u0131kt\u0131. Gazze&#8217;deki Sa\u011fl\u0131k Bakanl\u0131\u011f\u0131 S\u00f6zc\u00fcs\u00fc E\u015fref el-Kudra, yapt\u0131\u011f\u0131 yaz\u0131l\u0131 a\u00e7\u0131klamada, \u0130srail&#8217;in 73 g\u00fcnd\u00fcr devam eden sald\u0131r\u0131lar\u0131na ili\u015fkin bilgi verdi. \u0130srail g\u00fc\u00e7lerinin, ge\u00e7en g\u00fcn ve saatlerde Gazze&#8217;nin t\u00fcm b\u00f6lgelerinde katliamlar i\u015fledi\u011fini vurgulayan Kudra, sald\u0131r\u0131larda 7 Ekim&#8217;den bu<\/p>\n","protected":false},"author":1,"featured_media":22781,"comment_status":"open","ping_status":"open","sticky":false,"template":"","format":"standard","meta":{"footnotes":""},"categories":[1],"tags":[],"class_list":["post-22780","post","type-post","status-publish","format-standard","has-post-thumbnail","hentry","category-gundem"],"yoast_head":"<!-- This site is optimized with the Yoast SEO plugin v27.5 - https:\/\/yoast.com\/product\/yoast-seo-wordpress\/ -->\n<title>\u0130srail&#039;in Gazze&#039;ye d\u00fczenledi\u011fi sald\u0131r\u0131larda \u00f6ld\u00fcr\u00fclenlerin say\u0131s\u0131 19 bin 453&#039;e y\u00fckseldi -<\/title>\n<meta name=\"robots\" content=\"index, follow, max-snippet:-1, max-image-preview:large, max-video-preview:-1\" \/>\n<link rel=\"canonical\" href=\"https:\/\/kibrisdakik.com\/?p=22780\" \/>\n<meta property=\"og:locale\" content=\"tr_TR\" \/>\n<meta property=\"og:type\" content=\"article\" \/>\n<meta property=\"og:title\" content=\"\u0130srail&#039;in Gazze&#039;ye d\u00fczenledi\u011fi sald\u0131r\u0131larda \u00f6ld\u00fcr\u00fclenlerin say\u0131s\u0131 19 bin 453&#039;e y\u00fckseldi -\" \/>\n<meta property=\"og:description\" content=\"&nbsp;\u0130srail&#8217;in 7 Ekim&#8217;den bu yana sald\u0131r\u0131lar\u0131n\u0131 s\u00fcrd\u00fcrd\u00fc\u011f\u00fc Gazze \u015eeridi&#8217;nde \u00f6ld\u00fcr\u00fclenlerin say\u0131s\u0131 son 3 g\u00fcnde 653 artarak 19 bin 453&#8217;e \u00e7\u0131kt\u0131. Gazze&#8217;deki Sa\u011fl\u0131k Bakanl\u0131\u011f\u0131 S\u00f6zc\u00fcs\u00fc E\u015fref el-Kudra, yapt\u0131\u011f\u0131 yaz\u0131l\u0131 a\u00e7\u0131klamada, \u0130srail&#8217;in 73 g\u00fcnd\u00fcr devam eden sald\u0131r\u0131lar\u0131na ili\u015fkin bilgi verdi. \u0130srail g\u00fc\u00e7lerinin, ge\u00e7en g\u00fcn ve saatlerde Gazze&#8217;nin t\u00fcm b\u00f6lgelerinde katliamlar i\u015fledi\u011fini vurgulayan Kudra, sald\u0131r\u0131larda 7 Ekim&#8217;den bu\" \/>\n<meta property=\"og:url\" content=\"https:\/\/kibrisdakik.com\/?p=22780\" \/>\n<meta property=\"article:published_time\" content=\"2023-12-18T18:37:01+00:00\" \/>\n<meta property=\"og:image\" content=\"https:\/\/kibrisdakik.com\/wp-content\/uploads\/2023\/12\/israilin-gazzeye-duzenledigi-saldirilarda-oldurulenlerin-sayisi-19-bin-453e-yukseldi-1702922606.webp.webp\" \/>\n\t<meta property=\"og:image:width\" content=\"710\" \/>\n\t<meta property=\"og:image:height\" content=\"370\" \/>\n\t<meta property=\"og:image:type\" content=\"image\/webp\" \/>\n<meta name=\"author\" content=\"admin\" \/>\n<meta name=\"twitter:card\" content=\"summary_large_image\" \/>\n<meta name=\"twitter:label1\" content=\"Yazan:\" \/>\n\t<meta name=\"twitter:data1\" content=\"admin\" \/>\n\t<meta name=\"twitter:label2\" content=\"Tahmini okuma s\u00fcresi\" \/>\n\t<meta name=\"twitter:data2\" content=\"2 dakika\" \/>\n<script type=\"application\/ld+json\" class=\"yoast-schema-graph\">{\"@context\":\"https:\\\/\\\/schema.org\",\"@graph\":[{\"@type\":\"Article\",\"@id\":\"https:\\\/\\\/kibrisdakik.com\\\/?p=22780#article\",\"isPartOf\":{\"@id\":\"https:\\\/\\\/kibrisdakik.com\\\/?p=22780\"},\"author\":{\"name\":\"admin\",\"@id\":\"https:\\\/\\\/kibrisdakik.com\\\/#\\\/schema\\\/person\\\/9cd9d437bbb44f72b73ba127e06d8e79\"},\"headline\":\"\u0130srail&#039;in Gazze&#039;ye d\u00fczenledi\u011fi sald\u0131r\u0131larda \u00f6ld\u00fcr\u00fclenlerin say\u0131s\u0131 19 bin 453&#039;e y\u00fckseldi\",\"datePublished\":\"2023-12-18T18:37:01+00:00\",\"mainEntityOfPage\":{\"@id\":\"https:\\\/\\\/kibrisdakik.com\\\/?p=22780\"},\"wordCount\":491,\"commentCount\":0,\"image\":{\"@id\":\"https:\\\/\\\/kibrisdakik.com\\\/?p=22780#primaryimage\"},\"thumbnailUrl\":\"https:\\\/\\\/kibrisdakik.com\\\/wp-content\\\/uploads\\\/2023\\\/12\\\/israilin-gazzeye-duzenledigi-saldirilarda-oldurulenlerin-sayisi-19-bin-453e-yukseldi-1702922606.webp.webp\",\"articleSection\":[\"G\u00fcndem\"],\"inLanguage\":\"tr\",\"potentialAction\":[{\"@type\":\"CommentAction\",\"name\":\"Comment\",\"target\":[\"https:\\\/\\\/kibrisdakik.com\\\/?p=22780#respond\"]}]},{\"@type\":\"WebPage\",\"@id\":\"https:\\\/\\\/kibrisdakik.com\\\/?p=22780\",\"url\":\"https:\\\/\\\/kibrisdakik.com\\\/?p=22780\",\"name\":\"\u0130srail&#039;in Gazze&#039;ye d\u00fczenledi\u011fi sald\u0131r\u0131larda \u00f6ld\u00fcr\u00fclenlerin say\u0131s\u0131 19 bin 453&#039;e y\u00fckseldi -\",\"isPartOf\":{\"@id\":\"https:\\\/\\\/kibrisdakik.com\\\/#website\"},\"primaryImageOfPage\":{\"@id\":\"https:\\\/\\\/kibrisdakik.com\\\/?p=22780#primaryimage\"},\"image\":{\"@id\":\"https:\\\/\\\/kibrisdakik.com\\\/?p=22780#primaryimage\"},\"thumbnailUrl\":\"https:\\\/\\\/kibrisdakik.com\\\/wp-content\\\/uploads\\\/2023\\\/12\\\/israilin-gazzeye-duzenledigi-saldirilarda-oldurulenlerin-sayisi-19-bin-453e-yukseldi-1702922606.webp.webp\",\"datePublished\":\"2023-12-18T18:37:01+00:00\",\"author\":{\"@id\":\"https:\\\/\\\/kibrisdakik.com\\\/#\\\/schema\\\/person\\\/9cd9d437bbb44f72b73ba127e06d8e79\"},\"breadcrumb\":{\"@id\":\"https:\\\/\\\/kibrisdakik.com\\\/?p=22780#breadcrumb\"},\"inLanguage\":\"tr\",\"potentialAction\":[{\"@type\":\"ReadAction\",\"target\":[\"https:\\\/\\\/kibrisdakik.com\\\/?p=22780\"]}]},{\"@type\":\"ImageObject\",\"inLanguage\":\"tr\",\"@id\":\"https:\\\/\\\/kibrisdakik.com\\\/?p=22780#primaryimage\",\"url\":\"https:\\\/\\\/kibrisdakik.com\\\/wp-content\\\/uploads\\\/2023\\\/12\\\/israilin-gazzeye-duzenledigi-saldirilarda-oldurulenlerin-sayisi-19-bin-453e-yukseldi-1702922606.webp.webp\",\"contentUrl\":\"https:\\\/\\\/kibrisdakik.com\\\/wp-content\\\/uploads\\\/2023\\\/12\\\/israilin-gazzeye-duzenledigi-saldirilarda-oldurulenlerin-sayisi-19-bin-453e-yukseldi-1702922606.webp.webp\",\"width\":710,\"height\":370},{\"@type\":\"BreadcrumbList\",\"@id\":\"https:\\\/\\\/kibrisdakik.com\\\/?p=22780#breadcrumb\",\"itemListElement\":[{\"@type\":\"ListItem\",\"position\":1,\"name\":\"Home\",\"item\":\"https:\\\/\\\/kibrisdakik.com\\\/\"},{\"@type\":\"ListItem\",\"position\":2,\"name\":\"\u0130srail&#039;in Gazze&#039;ye d\u00fczenledi\u011fi sald\u0131r\u0131larda \u00f6ld\u00fcr\u00fclenlerin say\u0131s\u0131 19 bin 453&#039;e y\u00fckseldi\"}]},{\"@type\":\"WebSite\",\"@id\":\"https:\\\/\\\/kibrisdakik.com\\\/#website\",\"url\":\"https:\\\/\\\/kibrisdakik.com\\\/\",\"name\":\"\",\"description\":\"Tam vaktinde haber\",\"potentialAction\":[{\"@type\":\"SearchAction\",\"target\":{\"@type\":\"EntryPoint\",\"urlTemplate\":\"https:\\\/\\\/kibrisdakik.com\\\/?s={search_term_string}\"},\"query-input\":{\"@type\":\"PropertyValueSpecification\",\"valueRequired\":true,\"valueName\":\"search_term_string\"}}],\"inLanguage\":\"tr\"},{\"@type\":\"Person\",\"@id\":\"https:\\\/\\\/kibrisdakik.com\\\/#\\\/schema\\\/person\\\/9cd9d437bbb44f72b73ba127e06d8e79\",\"name\":\"admin\",\"image\":{\"@type\":\"ImageObject\",\"inLanguage\":\"tr\",\"@id\":\"https:\\\/\\\/secure.gravatar.com\\\/avatar\\\/ccc17943b9d660506c869530f897617f7cb1c21a4bf30023f252596d83e1f007?s=96&d=mm&r=g\",\"url\":\"https:\\\/\\\/secure.gravatar.com\\\/avatar\\\/ccc17943b9d660506c869530f897617f7cb1c21a4bf30023f252596d83e1f007?s=96&d=mm&r=g\",\"contentUrl\":\"https:\\\/\\\/secure.gravatar.com\\\/avatar\\\/ccc17943b9d660506c869530f897617f7cb1c21a4bf30023f252596d83e1f007?s=96&d=mm&r=g\",\"caption\":\"admin\"},\"sameAs\":[\"https:\\\/\\\/kibrisdakik.com\"],\"url\":\"https:\\\/\\\/kibrisdakik.com\\\/?author=1\"}]}<\/script>\n<!-- \/ Yoast SEO plugin. -->","yoast_head_json":{"title":"\u0130srail&#039;in Gazze&#039;ye d\u00fczenledi\u011fi sald\u0131r\u0131larda \u00f6ld\u00fcr\u00fclenlerin say\u0131s\u0131 19 bin 453&#039;e y\u00fckseldi -","robots":{"index":"index","follow":"follow","max-snippet":"max-snippet:-1","max-image-preview":"max-image-preview:large","max-video-preview":"max-video-preview:-1"},"canonical":"https:\/\/kibrisdakik.com\/?p=22780","og_locale":"tr_TR","og_type":"article","og_title":"\u0130srail&#039;in Gazze&#039;ye d\u00fczenledi\u011fi sald\u0131r\u0131larda \u00f6ld\u00fcr\u00fclenlerin say\u0131s\u0131 19 bin 453&#039;e y\u00fckseldi -","og_description":"&nbsp;\u0130srail&#8217;in 7 Ekim&#8217;den bu yana sald\u0131r\u0131lar\u0131n\u0131 s\u00fcrd\u00fcrd\u00fc\u011f\u00fc Gazze \u015eeridi&#8217;nde \u00f6ld\u00fcr\u00fclenlerin say\u0131s\u0131 son 3 g\u00fcnde 653 artarak 19 bin 453&#8217;e \u00e7\u0131kt\u0131. Gazze&#8217;deki Sa\u011fl\u0131k Bakanl\u0131\u011f\u0131 S\u00f6zc\u00fcs\u00fc E\u015fref el-Kudra, yapt\u0131\u011f\u0131 yaz\u0131l\u0131 a\u00e7\u0131klamada, \u0130srail&#8217;in 73 g\u00fcnd\u00fcr devam eden sald\u0131r\u0131lar\u0131na ili\u015fkin bilgi verdi. \u0130srail g\u00fc\u00e7lerinin, ge\u00e7en g\u00fcn ve saatlerde Gazze&#8217;nin t\u00fcm b\u00f6lgelerinde katliamlar i\u015fledi\u011fini vurgulayan Kudra, sald\u0131r\u0131larda 7 Ekim&#8217;den bu","og_url":"https:\/\/kibrisdakik.com\/?p=22780","article_published_time":"2023-12-18T18:37:01+00:00","og_image":[{"width":710,"height":370,"url":"https:\/\/kibrisdakik.com\/wp-content\/uploads\/2023\/12\/israilin-gazzeye-duzenledigi-saldirilarda-oldurulenlerin-sayisi-19-bin-453e-yukseldi-1702922606.webp.webp","type":"image\/webp"}],"author":"admin","twitter_card":"summary_large_image","twitter_misc":{"Yazan:":"admin","Tahmini okuma s\u00fcresi":"2 dakika"},"schema":{"@context":"https:\/\/schema.org","@graph":[{"@type":"Article","@id":"https:\/\/kibrisdakik.com\/?p=22780#article","isPartOf":{"@id":"https:\/\/kibrisdakik.com\/?p=22780"},"author":{"name":"admin","@id":"https:\/\/kibrisdakik.com\/#\/schema\/person\/9cd9d437bbb44f72b73ba127e06d8e79"},"headline":"\u0130srail&#039;in Gazze&#039;ye d\u00fczenledi\u011fi sald\u0131r\u0131larda \u00f6ld\u00fcr\u00fclenlerin say\u0131s\u0131 19 bin 453&#039;e y\u00fckseldi","datePublished":"2023-12-18T18:37:01+00:00","mainEntityOfPage":{"@id":"https:\/\/kibrisdakik.com\/?p=22780"},"wordCount":491,"commentCount":0,"image":{"@id":"https:\/\/kibrisdakik.com\/?p=22780#primaryimage"},"thumbnailUrl":"https:\/\/kibrisdakik.com\/wp-content\/uploads\/2023\/12\/israilin-gazzeye-duzenledigi-saldirilarda-oldurulenlerin-sayisi-19-bin-453e-yukseldi-1702922606.webp.webp","articleSection":["G\u00fcndem"],"inLanguage":"tr","potentialAction":[{"@type":"CommentAction","name":"Comment","target":["https:\/\/kibrisdakik.com\/?p=22780#respond"]}]},{"@type":"WebPage","@id":"https:\/\/kibrisdakik.com\/?p=22780","url":"https:\/\/kibrisdakik.com\/?p=22780","name":"\u0130srail&#039;in Gazze&#039;ye d\u00fczenledi\u011fi sald\u0131r\u0131larda \u00f6ld\u00fcr\u00fclenlerin say\u0131s\u0131 19 bin 453&#039;e y\u00fckseldi -","isPartOf":{"@id":"https:\/\/kibrisdakik.com\/#website"},"primaryImageOfPage":{"@id":"https:\/\/kibrisdakik.com\/?p=22780#primaryimage"},"image":{"@id":"https:\/\/kibrisdakik.com\/?p=22780#primaryimage"},"thumbnailUrl":"https:\/\/kibrisdakik.com\/wp-content\/uploads\/2023\/12\/israilin-gazzeye-duzenledigi-saldirilarda-oldurulenlerin-sayisi-19-bin-453e-yukseldi-1702922606.webp.webp","datePublished":"2023-12-18T18:37:01+00:00","author":{"@id":"https:\/\/kibrisdakik.com\/#\/schema\/person\/9cd9d437bbb44f72b73ba127e06d8e79"},"breadcrumb":{"@id":"https:\/\/kibrisdakik.com\/?p=22780#breadcrumb"},"inLanguage":"tr","potentialAction":[{"@type":"ReadAction","target":["https:\/\/kibrisdakik.com\/?p=22780"]}]},{"@type":"ImageObject","inLanguage":"tr","@id":"https:\/\/kibrisdakik.com\/?p=22780#primaryimage","url":"https:\/\/kibrisdakik.com\/wp-content\/uploads\/2023\/12\/israilin-gazzeye-duzenledigi-saldirilarda-oldurulenlerin-sayisi-19-bin-453e-yukseldi-1702922606.webp.webp","contentUrl":"https:\/\/kibrisdakik.com\/wp-content\/uploads\/2023\/12\/israilin-gazzeye-duzenledigi-saldirilarda-oldurulenlerin-sayisi-19-bin-453e-yukseldi-1702922606.webp.webp","width":710,"height":370},{"@type":"BreadcrumbList","@id":"https:\/\/kibrisdakik.com\/?p=22780#breadcrumb","itemListElement":[{"@type":"ListItem","position":1,"name":"Home","item":"https:\/\/kibrisdakik.com\/"},{"@type":"ListItem","position":2,"name":"\u0130srail&#039;in Gazze&#039;ye d\u00fczenledi\u011fi sald\u0131r\u0131larda \u00f6ld\u00fcr\u00fclenlerin say\u0131s\u0131 19 bin 453&#039;e y\u00fckseldi"}]},{"@type":"WebSite","@id":"https:\/\/kibrisdakik.com\/#website","url":"https:\/\/kibrisdakik.com\/","name":"","description":"Tam vaktinde haber","potentialAction":[{"@type":"SearchAction","target":{"@type":"EntryPoint","urlTemplate":"https:\/\/kibrisdakik.com\/?s={search_term_string}"},"query-input":{"@type":"PropertyValueSpecification","valueRequired":true,"valueName":"search_term_string"}}],"inLanguage":"tr"},{"@type":"Person","@id":"https:\/\/kibrisdakik.com\/#\/schema\/person\/9cd9d437bbb44f72b73ba127e06d8e79","name":"admin","image":{"@type":"ImageObject","inLanguage":"tr","@id":"https:\/\/secure.gravatar.com\/avatar\/ccc17943b9d660506c869530f897617f7cb1c21a4bf30023f252596d83e1f007?s=96&d=mm&r=g","url":"https:\/\/secure.gravatar.com\/avatar\/ccc17943b9d660506c869530f897617f7cb1c21a4bf30023f252596d83e1f007?s=96&d=mm&r=g","contentUrl":"https:\/\/secure.gravatar.com\/avatar\/ccc17943b9d660506c869530f897617f7cb1c21a4bf30023f252596d83e1f007?s=96&d=mm&r=g","caption":"admin"},"sameAs":["https:\/\/kibrisdakik.com"],"url":"https:\/\/kibrisdakik.com\/?author=1"}]}},"_links":{"self":[{"href":"https:\/\/kibrisdakik.com\/index.php?rest_route=\/wp\/v2\/posts\/22780","targetHints":{"allow":["GET"]}}],"collection":[{"href":"https:\/\/kibrisdakik.com\/index.php?rest_route=\/wp\/v2\/posts"}],"about":[{"href":"https:\/\/kibrisdakik.com\/index.php?rest_route=\/wp\/v2\/types\/post"}],"author":[{"embeddable":true,"href":"https:\/\/kibrisdakik.com\/index.php?rest_route=\/wp\/v2\/users\/1"}],"replies":[{"embeddable":true,"href":"https:\/\/kibrisdakik.com\/index.php?rest_route=%2Fwp%2Fv2%2Fcomments&post=22780"}],"version-history":[{"count":0,"href":"https:\/\/kibrisdakik.com\/index.php?rest_route=\/wp\/v2\/posts\/22780\/revisions"}],"wp:featuredmedia":[{"embeddable":true,"href":"https:\/\/kibrisdakik.com\/index.php?rest_route=\/wp\/v2\/media\/22781"}],"wp:attachment":[{"href":"https:\/\/kibrisdakik.com\/index.php?rest_route=%2Fwp%2Fv2%2Fmedia&parent=22780"}],"wp:term":[{"taxonomy":"category","embeddable":true,"href":"https:\/\/kibrisdakik.com\/index.php?rest_route=%2Fwp%2Fv2%2Fcategories&post=22780"},{"taxonomy":"post_tag","embeddable":true,"href":"https:\/\/kibrisdakik.com\/index.php?rest_route=%2Fwp%2Fv2%2Ftags&post=22780"}],"curies":[{"name":"wp","href":"https:\/\/api.w.org\/{rel}","templated":true}]}}