{"id":22854,"date":"2023-12-19T12:03:54","date_gmt":"2023-12-19T12:03:54","guid":{"rendered":"https:\/\/kibrisdakik.com\/index.php\/2023\/12\/19\/bahar-esintileri-sanat-dernegi-korosunun-konser-geliri-khydye-verildi\/"},"modified":"2023-12-19T12:03:54","modified_gmt":"2023-12-19T12:03:54","slug":"bahar-esintileri-sanat-dernegi-korosunun-konser-geliri-khydye-verildi","status":"publish","type":"post","link":"https:\/\/kibrisdakik.com\/?p=22854","title":{"rendered":"Bahar Esintileri Sanat Derne\u011fi Korosu\u2019nun konser geliri KHYD\u2019ye verildi"},"content":{"rendered":"<p><img decoding=\"async\" src=\"https:\/\/www.kibristurk.com\/images\/haberler\/2023\/12\/bahar-esintileri-sanat-dernegi-korosunun-konser-geliri-khydye-verildi-1702983499.webp\" \/><\/p>\n<p style=\"text-align:left\"><span style=\"font-size:16px\"><span style=\"font-family:Merriweather,serif !important\"><span style=\"color:#000000\"><span style=\"background-color:#ffffff\"><span style=\"font-size:14pt\"><span style=\"font-family:Merriweather,serif !important\"><span style=\"color:#000000 !important\">Dernekten yap\u0131lan a\u00e7\u0131klamaya g\u00f6re, koronun 7 Aral\u0131k\u2019ta Yak\u0131n Do\u011fu AKKM\u2019de verdi\u011fi konserden elde edilen geliri Kanser Hastalar\u0131na Yard\u0131m Derne\u011fi Ba\u015fkan\u0131 Raziye Kocaismail\u2019e takdim edildi.<\/span><\/span><\/span><\/span><\/span><\/span><\/span><\/p>\n<p style=\"text-align:left\"><span style=\"font-size:16px\"><span style=\"font-family:Merriweather,serif !important\"><span style=\"color:#000000\"><span style=\"background-color:#ffffff\"><span style=\"font-size:14pt\"><span style=\"font-family:Merriweather,serif !important\"><span style=\"color:#000000 !important\">Bahar Esintileri Sanat Derne\u011fi Ba\u015fkan\u0131 Ahmet G\u00f6khan, \u00e7ocukluk \u00e7a\u011f\u0131 kanserleri fark\u0131ndal\u0131k ay\u0131nda d\u00fczenlenen konserin gelirinin bir\u00e7ok hastaya \u015fifa olaca\u011f\u0131n\u0131 ve bu gibi etkinliklerin devam edece\u011fini belirtti.<\/span><\/span><\/span><\/span><\/span><\/span><\/span><\/p>\n","protected":false},"excerpt":{"rendered":"<p>Dernekten yap\u0131lan a\u00e7\u0131klamaya g\u00f6re, koronun 7 Aral\u0131k\u2019ta Yak\u0131n Do\u011fu AKKM\u2019de verdi\u011fi konserden elde edilen geliri Kanser Hastalar\u0131na Yard\u0131m Derne\u011fi Ba\u015fkan\u0131 Raziye Kocaismail\u2019e takdim edildi. Bahar Esintileri Sanat Derne\u011fi Ba\u015fkan\u0131 Ahmet G\u00f6khan, \u00e7ocukluk \u00e7a\u011f\u0131 kanserleri fark\u0131ndal\u0131k ay\u0131nda d\u00fczenlenen konserin gelirinin bir\u00e7ok hastaya \u015fifa olaca\u011f\u0131n\u0131 ve bu gibi etkinliklerin devam edece\u011fini belirtti.<\/p>\n","protected":false},"author":1,"featured_media":22855,"comment_status":"open","ping_status":"open","sticky":false,"template":"","format":"standard","meta":{"footnotes":""},"categories":[85],"tags":[],"class_list":["post-22854","post","type-post","status-publish","format-standard","has-post-thumbnail","hentry","category-spor"],"yoast_head":"<!-- This site is optimized with the Yoast SEO plugin v27.4 - https:\/\/yoast.com\/product\/yoast-seo-wordpress\/ -->\n<title>Bahar Esintileri Sanat Derne\u011fi Korosu\u2019nun konser geliri KHYD\u2019ye verildi -<\/title>\n<meta name=\"robots\" content=\"index, follow, max-snippet:-1, max-image-preview:large, max-video-preview:-1\" \/>\n<link rel=\"canonical\" href=\"https:\/\/kibrisdakik.com\/?p=22854\" \/>\n<meta property=\"og:locale\" content=\"tr_TR\" \/>\n<meta property=\"og:type\" content=\"article\" \/>\n<meta property=\"og:title\" content=\"Bahar Esintileri Sanat Derne\u011fi Korosu\u2019nun konser geliri KHYD\u2019ye verildi -\" \/>\n<meta property=\"og:description\" content=\"Dernekten yap\u0131lan a\u00e7\u0131klamaya g\u00f6re, koronun 7 Aral\u0131k\u2019ta Yak\u0131n Do\u011fu AKKM\u2019de verdi\u011fi konserden elde edilen geliri Kanser Hastalar\u0131na Yard\u0131m Derne\u011fi Ba\u015fkan\u0131 Raziye Kocaismail\u2019e takdim edildi. Bahar Esintileri Sanat Derne\u011fi Ba\u015fkan\u0131 Ahmet G\u00f6khan, \u00e7ocukluk \u00e7a\u011f\u0131 kanserleri fark\u0131ndal\u0131k ay\u0131nda d\u00fczenlenen konserin gelirinin bir\u00e7ok hastaya \u015fifa olaca\u011f\u0131n\u0131 ve bu gibi etkinliklerin devam edece\u011fini belirtti.\" \/>\n<meta property=\"og:url\" content=\"https:\/\/kibrisdakik.com\/?p=22854\" \/>\n<meta property=\"article:published_time\" content=\"2023-12-19T12:03:54+00:00\" \/>\n<meta property=\"og:image\" content=\"https:\/\/kibrisdakik.com\/wp-content\/uploads\/2023\/12\/bahar-esintileri-sanat-dernegi-korosunun-konser-geliri-khydye-verildi-1702983499.webp.webp\" \/>\n\t<meta property=\"og:image:width\" content=\"710\" \/>\n\t<meta property=\"og:image:height\" content=\"370\" \/>\n\t<meta property=\"og:image:type\" content=\"image\/webp\" \/>\n<meta name=\"author\" content=\"admin\" \/>\n<meta name=\"twitter:card\" content=\"summary_large_image\" \/>\n<meta name=\"twitter:label1\" content=\"Yazan:\" \/>\n\t<meta name=\"twitter:data1\" content=\"admin\" \/>\n<script type=\"application\/ld+json\" class=\"yoast-schema-graph\">{\"@context\":\"https:\\\/\\\/schema.org\",\"@graph\":[{\"@type\":\"Article\",\"@id\":\"https:\\\/\\\/kibrisdakik.com\\\/?p=22854#article\",\"isPartOf\":{\"@id\":\"https:\\\/\\\/kibrisdakik.com\\\/?p=22854\"},\"author\":{\"name\":\"admin\",\"@id\":\"https:\\\/\\\/kibrisdakik.com\\\/#\\\/schema\\\/person\\\/9cd9d437bbb44f72b73ba127e06d8e79\"},\"headline\":\"Bahar Esintileri Sanat Derne\u011fi Korosu\u2019nun konser geliri KHYD\u2019ye verildi\",\"datePublished\":\"2023-12-19T12:03:54+00:00\",\"mainEntityOfPage\":{\"@id\":\"https:\\\/\\\/kibrisdakik.com\\\/?p=22854\"},\"wordCount\":85,\"commentCount\":0,\"image\":{\"@id\":\"https:\\\/\\\/kibrisdakik.com\\\/?p=22854#primaryimage\"},\"thumbnailUrl\":\"https:\\\/\\\/kibrisdakik.com\\\/wp-content\\\/uploads\\\/2023\\\/12\\\/bahar-esintileri-sanat-dernegi-korosunun-konser-geliri-khydye-verildi-1702983499.webp.webp\",\"articleSection\":[\"Spor\"],\"inLanguage\":\"tr\",\"potentialAction\":[{\"@type\":\"CommentAction\",\"name\":\"Comment\",\"target\":[\"https:\\\/\\\/kibrisdakik.com\\\/?p=22854#respond\"]}]},{\"@type\":\"WebPage\",\"@id\":\"https:\\\/\\\/kibrisdakik.com\\\/?p=22854\",\"url\":\"https:\\\/\\\/kibrisdakik.com\\\/?p=22854\",\"name\":\"Bahar Esintileri Sanat Derne\u011fi Korosu\u2019nun konser geliri KHYD\u2019ye verildi -\",\"isPartOf\":{\"@id\":\"https:\\\/\\\/kibrisdakik.com\\\/#website\"},\"primaryImageOfPage\":{\"@id\":\"https:\\\/\\\/kibrisdakik.com\\\/?p=22854#primaryimage\"},\"image\":{\"@id\":\"https:\\\/\\\/kibrisdakik.com\\\/?p=22854#primaryimage\"},\"thumbnailUrl\":\"https:\\\/\\\/kibrisdakik.com\\\/wp-content\\\/uploads\\\/2023\\\/12\\\/bahar-esintileri-sanat-dernegi-korosunun-konser-geliri-khydye-verildi-1702983499.webp.webp\",\"datePublished\":\"2023-12-19T12:03:54+00:00\",\"author\":{\"@id\":\"https:\\\/\\\/kibrisdakik.com\\\/#\\\/schema\\\/person\\\/9cd9d437bbb44f72b73ba127e06d8e79\"},\"breadcrumb\":{\"@id\":\"https:\\\/\\\/kibrisdakik.com\\\/?p=22854#breadcrumb\"},\"inLanguage\":\"tr\",\"potentialAction\":[{\"@type\":\"ReadAction\",\"target\":[\"https:\\\/\\\/kibrisdakik.com\\\/?p=22854\"]}]},{\"@type\":\"ImageObject\",\"inLanguage\":\"tr\",\"@id\":\"https:\\\/\\\/kibrisdakik.com\\\/?p=22854#primaryimage\",\"url\":\"https:\\\/\\\/kibrisdakik.com\\\/wp-content\\\/uploads\\\/2023\\\/12\\\/bahar-esintileri-sanat-dernegi-korosunun-konser-geliri-khydye-verildi-1702983499.webp.webp\",\"contentUrl\":\"https:\\\/\\\/kibrisdakik.com\\\/wp-content\\\/uploads\\\/2023\\\/12\\\/bahar-esintileri-sanat-dernegi-korosunun-konser-geliri-khydye-verildi-1702983499.webp.webp\",\"width\":710,\"height\":370},{\"@type\":\"BreadcrumbList\",\"@id\":\"https:\\\/\\\/kibrisdakik.com\\\/?p=22854#breadcrumb\",\"itemListElement\":[{\"@type\":\"ListItem\",\"position\":1,\"name\":\"Home\",\"item\":\"https:\\\/\\\/kibrisdakik.com\\\/\"},{\"@type\":\"ListItem\",\"position\":2,\"name\":\"Bahar Esintileri Sanat Derne\u011fi Korosu\u2019nun konser geliri KHYD\u2019ye verildi\"}]},{\"@type\":\"WebSite\",\"@id\":\"https:\\\/\\\/kibrisdakik.com\\\/#website\",\"url\":\"https:\\\/\\\/kibrisdakik.com\\\/\",\"name\":\"\",\"description\":\"Tam vaktinde haber\",\"potentialAction\":[{\"@type\":\"SearchAction\",\"target\":{\"@type\":\"EntryPoint\",\"urlTemplate\":\"https:\\\/\\\/kibrisdakik.com\\\/?s={search_term_string}\"},\"query-input\":{\"@type\":\"PropertyValueSpecification\",\"valueRequired\":true,\"valueName\":\"search_term_string\"}}],\"inLanguage\":\"tr\"},{\"@type\":\"Person\",\"@id\":\"https:\\\/\\\/kibrisdakik.com\\\/#\\\/schema\\\/person\\\/9cd9d437bbb44f72b73ba127e06d8e79\",\"name\":\"admin\",\"image\":{\"@type\":\"ImageObject\",\"inLanguage\":\"tr\",\"@id\":\"https:\\\/\\\/secure.gravatar.com\\\/avatar\\\/ccc17943b9d660506c869530f897617f7cb1c21a4bf30023f252596d83e1f007?s=96&d=mm&r=g\",\"url\":\"https:\\\/\\\/secure.gravatar.com\\\/avatar\\\/ccc17943b9d660506c869530f897617f7cb1c21a4bf30023f252596d83e1f007?s=96&d=mm&r=g\",\"contentUrl\":\"https:\\\/\\\/secure.gravatar.com\\\/avatar\\\/ccc17943b9d660506c869530f897617f7cb1c21a4bf30023f252596d83e1f007?s=96&d=mm&r=g\",\"caption\":\"admin\"},\"sameAs\":[\"https:\\\/\\\/kibrisdakik.com\"],\"url\":\"https:\\\/\\\/kibrisdakik.com\\\/?author=1\"}]}<\/script>\n<!-- \/ Yoast SEO plugin. -->","yoast_head_json":{"title":"Bahar Esintileri Sanat Derne\u011fi Korosu\u2019nun konser geliri KHYD\u2019ye verildi -","robots":{"index":"index","follow":"follow","max-snippet":"max-snippet:-1","max-image-preview":"max-image-preview:large","max-video-preview":"max-video-preview:-1"},"canonical":"https:\/\/kibrisdakik.com\/?p=22854","og_locale":"tr_TR","og_type":"article","og_title":"Bahar Esintileri Sanat Derne\u011fi Korosu\u2019nun konser geliri KHYD\u2019ye verildi -","og_description":"Dernekten yap\u0131lan a\u00e7\u0131klamaya g\u00f6re, koronun 7 Aral\u0131k\u2019ta Yak\u0131n Do\u011fu AKKM\u2019de verdi\u011fi konserden elde edilen geliri Kanser Hastalar\u0131na Yard\u0131m Derne\u011fi Ba\u015fkan\u0131 Raziye Kocaismail\u2019e takdim edildi. Bahar Esintileri Sanat Derne\u011fi Ba\u015fkan\u0131 Ahmet G\u00f6khan, \u00e7ocukluk \u00e7a\u011f\u0131 kanserleri fark\u0131ndal\u0131k ay\u0131nda d\u00fczenlenen konserin gelirinin bir\u00e7ok hastaya \u015fifa olaca\u011f\u0131n\u0131 ve bu gibi etkinliklerin devam edece\u011fini belirtti.","og_url":"https:\/\/kibrisdakik.com\/?p=22854","article_published_time":"2023-12-19T12:03:54+00:00","og_image":[{"width":710,"height":370,"url":"https:\/\/kibrisdakik.com\/wp-content\/uploads\/2023\/12\/bahar-esintileri-sanat-dernegi-korosunun-konser-geliri-khydye-verildi-1702983499.webp.webp","type":"image\/webp"}],"author":"admin","twitter_card":"summary_large_image","twitter_misc":{"Yazan:":"admin"},"schema":{"@context":"https:\/\/schema.org","@graph":[{"@type":"Article","@id":"https:\/\/kibrisdakik.com\/?p=22854#article","isPartOf":{"@id":"https:\/\/kibrisdakik.com\/?p=22854"},"author":{"name":"admin","@id":"https:\/\/kibrisdakik.com\/#\/schema\/person\/9cd9d437bbb44f72b73ba127e06d8e79"},"headline":"Bahar Esintileri Sanat Derne\u011fi Korosu\u2019nun konser geliri KHYD\u2019ye verildi","datePublished":"2023-12-19T12:03:54+00:00","mainEntityOfPage":{"@id":"https:\/\/kibrisdakik.com\/?p=22854"},"wordCount":85,"commentCount":0,"image":{"@id":"https:\/\/kibrisdakik.com\/?p=22854#primaryimage"},"thumbnailUrl":"https:\/\/kibrisdakik.com\/wp-content\/uploads\/2023\/12\/bahar-esintileri-sanat-dernegi-korosunun-konser-geliri-khydye-verildi-1702983499.webp.webp","articleSection":["Spor"],"inLanguage":"tr","potentialAction":[{"@type":"CommentAction","name":"Comment","target":["https:\/\/kibrisdakik.com\/?p=22854#respond"]}]},{"@type":"WebPage","@id":"https:\/\/kibrisdakik.com\/?p=22854","url":"https:\/\/kibrisdakik.com\/?p=22854","name":"Bahar Esintileri Sanat Derne\u011fi Korosu\u2019nun konser geliri KHYD\u2019ye verildi -","isPartOf":{"@id":"https:\/\/kibrisdakik.com\/#website"},"primaryImageOfPage":{"@id":"https:\/\/kibrisdakik.com\/?p=22854#primaryimage"},"image":{"@id":"https:\/\/kibrisdakik.com\/?p=22854#primaryimage"},"thumbnailUrl":"https:\/\/kibrisdakik.com\/wp-content\/uploads\/2023\/12\/bahar-esintileri-sanat-dernegi-korosunun-konser-geliri-khydye-verildi-1702983499.webp.webp","datePublished":"2023-12-19T12:03:54+00:00","author":{"@id":"https:\/\/kibrisdakik.com\/#\/schema\/person\/9cd9d437bbb44f72b73ba127e06d8e79"},"breadcrumb":{"@id":"https:\/\/kibrisdakik.com\/?p=22854#breadcrumb"},"inLanguage":"tr","potentialAction":[{"@type":"ReadAction","target":["https:\/\/kibrisdakik.com\/?p=22854"]}]},{"@type":"ImageObject","inLanguage":"tr","@id":"https:\/\/kibrisdakik.com\/?p=22854#primaryimage","url":"https:\/\/kibrisdakik.com\/wp-content\/uploads\/2023\/12\/bahar-esintileri-sanat-dernegi-korosunun-konser-geliri-khydye-verildi-1702983499.webp.webp","contentUrl":"https:\/\/kibrisdakik.com\/wp-content\/uploads\/2023\/12\/bahar-esintileri-sanat-dernegi-korosunun-konser-geliri-khydye-verildi-1702983499.webp.webp","width":710,"height":370},{"@type":"BreadcrumbList","@id":"https:\/\/kibrisdakik.com\/?p=22854#breadcrumb","itemListElement":[{"@type":"ListItem","position":1,"name":"Home","item":"https:\/\/kibrisdakik.com\/"},{"@type":"ListItem","position":2,"name":"Bahar Esintileri Sanat Derne\u011fi Korosu\u2019nun konser geliri KHYD\u2019ye verildi"}]},{"@type":"WebSite","@id":"https:\/\/kibrisdakik.com\/#website","url":"https:\/\/kibrisdakik.com\/","name":"","description":"Tam vaktinde haber","potentialAction":[{"@type":"SearchAction","target":{"@type":"EntryPoint","urlTemplate":"https:\/\/kibrisdakik.com\/?s={search_term_string}"},"query-input":{"@type":"PropertyValueSpecification","valueRequired":true,"valueName":"search_term_string"}}],"inLanguage":"tr"},{"@type":"Person","@id":"https:\/\/kibrisdakik.com\/#\/schema\/person\/9cd9d437bbb44f72b73ba127e06d8e79","name":"admin","image":{"@type":"ImageObject","inLanguage":"tr","@id":"https:\/\/secure.gravatar.com\/avatar\/ccc17943b9d660506c869530f897617f7cb1c21a4bf30023f252596d83e1f007?s=96&d=mm&r=g","url":"https:\/\/secure.gravatar.com\/avatar\/ccc17943b9d660506c869530f897617f7cb1c21a4bf30023f252596d83e1f007?s=96&d=mm&r=g","contentUrl":"https:\/\/secure.gravatar.com\/avatar\/ccc17943b9d660506c869530f897617f7cb1c21a4bf30023f252596d83e1f007?s=96&d=mm&r=g","caption":"admin"},"sameAs":["https:\/\/kibrisdakik.com"],"url":"https:\/\/kibrisdakik.com\/?author=1"}]}},"_links":{"self":[{"href":"https:\/\/kibrisdakik.com\/index.php?rest_route=\/wp\/v2\/posts\/22854","targetHints":{"allow":["GET"]}}],"collection":[{"href":"https:\/\/kibrisdakik.com\/index.php?rest_route=\/wp\/v2\/posts"}],"about":[{"href":"https:\/\/kibrisdakik.com\/index.php?rest_route=\/wp\/v2\/types\/post"}],"author":[{"embeddable":true,"href":"https:\/\/kibrisdakik.com\/index.php?rest_route=\/wp\/v2\/users\/1"}],"replies":[{"embeddable":true,"href":"https:\/\/kibrisdakik.com\/index.php?rest_route=%2Fwp%2Fv2%2Fcomments&post=22854"}],"version-history":[{"count":0,"href":"https:\/\/kibrisdakik.com\/index.php?rest_route=\/wp\/v2\/posts\/22854\/revisions"}],"wp:featuredmedia":[{"embeddable":true,"href":"https:\/\/kibrisdakik.com\/index.php?rest_route=\/wp\/v2\/media\/22855"}],"wp:attachment":[{"href":"https:\/\/kibrisdakik.com\/index.php?rest_route=%2Fwp%2Fv2%2Fmedia&parent=22854"}],"wp:term":[{"taxonomy":"category","embeddable":true,"href":"https:\/\/kibrisdakik.com\/index.php?rest_route=%2Fwp%2Fv2%2Fcategories&post=22854"},{"taxonomy":"post_tag","embeddable":true,"href":"https:\/\/kibrisdakik.com\/index.php?rest_route=%2Fwp%2Fv2%2Ftags&post=22854"}],"curies":[{"name":"wp","href":"https:\/\/api.w.org\/{rel}","templated":true}]}}