{"id":22965,"date":"2023-12-20T08:16:59","date_gmt":"2023-12-20T08:16:59","guid":{"rendered":"https:\/\/kibrisdakik.com\/index.php\/2023\/12\/20\/aziz-tek-seslilikten-cok-seslilige-gecen-bir-ajans-var\/"},"modified":"2023-12-20T08:16:59","modified_gmt":"2023-12-20T08:16:59","slug":"aziz-tek-seslilikten-cok-seslilige-gecen-bir-ajans-var","status":"publish","type":"post","link":"https:\/\/kibrisdakik.com\/?p=22965","title":{"rendered":"Aziz: &quot;Tek seslilikten \u00e7ok seslili\u011fe ge\u00e7en bir ajans var&quot;"},"content":{"rendered":"<p><img decoding=\"async\" src=\"https:\/\/www.kibristurk.com\/images\/haberler\/2023\/12\/aziz-tek-seslilikten-cok-seslilige-gecen-bir-ajans-var-1703059584.webp\" \/><\/p>\n<p style=\"text-align:left\"><span style=\"font-size:16px\"><span style=\"font-family:Merriweather,serif !important\"><span style=\"color:#000000\"><span style=\"background-color:#ffffff\">T\u00fcrk Ajans\u0131 K\u0131br\u0131s\u2019\u0131n (TAK) eski M\u00fcd\u00fcr\u00fc Perihan Aziz, Ajans\u2019\u0131n ge\u00e7mi\u015ften bug\u00fcne ya\u015fad\u0131\u011f\u0131 geli\u015fimi \u201ctek seslilikten \u00e7ok seslili\u011fe ge\u00e7i\u015f\u201d olarak de\u011ferlendirdi.<\/span><\/span><\/span><\/span><\/p>\n<p style=\"text-align:left\"><span style=\"font-size:16px\"><span style=\"font-family:Merriweather,serif !important\"><span style=\"color:#000000\"><span style=\"background-color:#ffffff\">50 y\u0131l \u00f6nce 21 Aral\u0131k 1973\u2019te ilk b\u00fcltenini yay\u0131mlayarak faaliyete ba\u015flayan TAK, bir daktilo ve birka\u00e7 haber ile sadece K\u0131br\u0131s T\u00fcrk bas\u0131n\u0131na hizmet verdi\u011fi g\u00fcnlerden 38 personeliyle uluslararas\u0131 haber ajanslar\u0131 ile i\u015f birli\u011fi i\u00e7inde hizmet verdi\u011fi g\u00fcnlere ula\u015ft\u0131.<\/span><\/span><\/span><\/span><\/p>\n<p style=\"text-align:left\"><span style=\"font-size:16px\"><span style=\"font-family:Merriweather,serif !important\"><span style=\"color:#000000\"><span style=\"background-color:#ffffff\">Ajans\u0131n farkl\u0131 kademelerinde 37 y\u0131l hizmet veren eski m\u00fcd\u00fcr\u00fc Perihan Aziz, \u201c\u00e7a\u011f\u0131n\u0131n tan\u0131\u011f\u0131 olan her gazeteci gibi\u201d kendi \u00e7a\u011f\u0131na tan\u0131kl\u0131k etti; Kuzey K\u0131br\u0131s T\u00fcrk Cumhuriyeti\u2019nin ilan\u0131n\u0131, m\u00fczakere s\u00fcre\u00e7lerini, kara ge\u00e7i\u015f kap\u0131lar\u0131n\u0131n a\u00e7\u0131lmas\u0131n\u0131, Annan Plan\u0131 s\u00fcrecini, referandumu ve bir\u00e7ok siyasi, toplumsal ve ekonomik olay\u0131 takip etti.<\/span><\/span><\/span><\/span><\/p>\n<p style=\"text-align:left\"><span style=\"font-size:16px\"><span style=\"font-family:Merriweather,serif !important\"><span style=\"color:#000000\"><span style=\"background-color:#ffffff\">Perihan Aziz, TAK muhabirine, ajans\u0131n d\u00fcn\u00fcn\u00fc ve bug\u00fcn\u00fcn\u00fc de\u011ferlendirdi, baz\u0131 an\u0131lar\u0131n\u0131 payla\u015ft\u0131.<\/span><\/span><\/span><\/span><\/p>\n<p style=\"text-align:left\"><span style=\"font-size:16px\"><span style=\"font-family:Merriweather,serif !important\"><span style=\"color:#000000\"><span style=\"background-color:#ffffff\">1975 y\u0131l\u0131n\u0131n nisan ay\u0131nda TAK\u2019ta muhabir olarak hizmet vermeye ba\u015flayan Perihan Aziz, sonras\u0131nda y\u00fcr\u00fctt\u00fc\u011f\u00fc edit\u00f6rl\u00fck ve m\u00fcd\u00fcr muavinli\u011fi g\u00f6revlerinin ard\u0131ndan 2012 y\u0131l\u0131n\u0131n \u015fubat ay\u0131nda M\u00fcd\u00fcrl\u00fck g\u00f6revinden emekli oldu.<\/span><\/span><\/span><\/span><\/p>\n<p style=\"text-align:left\"><span style=\"font-size:16px\"><span style=\"font-family:Merriweather,serif !important\"><span style=\"color:#000000\"><span style=\"background-color:#ffffff\">&#8211; \u201cS\u0131rf bas\u0131n alan\u0131nda bir yerde \u00e7al\u0131\u015fabilmek i\u00e7in 5 ay i\u015fsiz kald\u0131m\u201d<\/span><\/span><\/span><\/span><\/p>\n<p style=\"text-align:left\"><span style=\"font-size:16px\"><span style=\"font-family:Merriweather,serif !important\"><span style=\"color:#000000\"><span style=\"background-color:#ffffff\">\u0130lk y\u0131llar\u0131nda TAK\u2019\u0131 kimsenin benimsemedi\u011fini aktaran Aziz, \u201cTAK\u2019\u0131n gelece\u011fi yoktu\u2026 \u00d6zellikle muhalefet \u00e7ok kar\u015f\u0131yd\u0131. D\u00fc\u015f\u00fcn\u00fcn ki, TAK\u2019\u0131n yasas\u0131 kurulu\u015fundan 10 sene sonra \u00e7\u0131kt\u0131. Her ay ba\u015f\u0131 geldi\u011finde Bakanlar Kurulu\u2019nun kap\u0131s\u0131na dikilirdik maa\u015f alal\u0131m diye\u2026\u201d dedi.<\/span><\/span><\/span><\/span><\/p>\n<p style=\"text-align:left\"><span style=\"font-size:16px\"><span style=\"font-family:Merriweather,serif !important\"><span style=\"color:#000000\"><span style=\"background-color:#ffffff\">Perihan Aziz, TAK ser\u00fcveninin ba\u015flang\u0131c\u0131n\u0131 \u015f\u00f6yle anlatt\u0131:<\/span><\/span><\/span><\/span><\/p>\n<p style=\"text-align:left\"><span style=\"font-size:16px\"><span style=\"font-family:Merriweather,serif !important\"><span style=\"color:#000000\"><span style=\"background-color:#ffffff\">\u201cTAK\u2019a giri\u015fim bir macerayd\u0131. \u00dcmral (Akp\u0131nar) ve ben \u00fcniversiteden \u00f6zel bir s\u0131nav hakk\u0131yla 1974 sava\u015f\u0131ndan sonra mezun olabildik. K\u0131br\u0131s\u2019tayd\u0131k, eyl\u00fcl s\u0131navlar\u0131na girip mezun olacakt\u0131k ancak sava\u015ftan dolay\u0131 T\u00fcrkiye\u2019ye gidemedik. Sivil hayata ve \u00f6\u011frencilere a\u00e7\u0131lan ikinci feribotla Mersin\u2019e gittik, oradan Ankara\u2019ya ge\u00e7tik ve \u00f6zel bir s\u0131nav hakk\u0131yla mezun olup geri geldik.<\/span><\/span><\/span><\/span><\/p>\n<p style=\"text-align:left\"><span style=\"font-size:16px\"><span style=\"font-family:Merriweather,serif !important\"><span style=\"color:#000000\"><span style=\"background-color:#ffffff\">O zamanlar herkese sokaktan \u00e7a\u011f\u0131r\u0131p da \u2018gel bu i\u015fi yap\u2019 derlerdi. \u00c7\u00fcnk\u00fc her \u015fey \u00e7ok yeniydi. Ama ben mezun olup geldikten sonra s\u0131rf bas\u0131n alan\u0131nda bir yerde \u00e7al\u0131\u015fabilmek i\u00e7in 5 ay i\u015fsiz kald\u0131m. Ama illa kendi alan\u0131m\u0131z\u0131 istedik. 5 ay tek tek gazeteleri dola\u015ft\u0131k, i\u015f arad\u0131k. Radyo-televizyon b\u00f6l\u00fcm\u00fc mezunu oldu\u011fumuz i\u00e7in daha \u00e7ok radyoda \u00e7al\u0131\u015faca\u011f\u0131m\u0131z inanc\u0131ndayd\u0131k. Hakk\u0131 S\u00fcha BRT M\u00fcd\u00fcr\u00fcyd\u00fc. \u00dcmral ile birlikte gidip g\u00f6r\u00fc\u015ft\u00fck Hakk\u0131 Bey\u2019le&#8230; \u0130lk ba\u015fvurdu\u011fumuz yer tabii ki Bayrak Radyosu\u2019ydu. Ancak olmad\u0131.\u201d<\/span><\/span><\/span><\/span><\/p>\n<p style=\"text-align:left\"><span style=\"font-size:16px\"><span style=\"font-family:Merriweather,serif !important\"><span style=\"color:#000000\"><span style=\"background-color:#ffffff\">-\u201cGece g\u00fcnd\u00fcz t\u00fcm bo\u015f zamanlar\u0131mda daktilo \u00e7al\u0131\u015ft\u0131m\u201d<\/span><\/span><\/span><\/span><\/p>\n<p style=\"text-align:left\"><span style=\"font-size:16px\"><span style=\"font-family:Merriweather,serif !important\"><span style=\"color:#000000\"><span style=\"background-color:#ffffff\">\u201cSonra TAK\u2019a ba\u015fvurdu\u011fumuzda da kabul edilmedik. TAK\u2019\u0131n ilk ku\u015fak gazetecileri vard\u0131. S\u00fcha T\u00fcrk\u00f6z, Salahi Karahasan, Ay\u015fe \u015eansel\u2026 Bunlar\u0131n toplu istifas\u0131 oldu. Ard\u0131ndan TAK, radyodan muhabir m\u00fcnhali ilan\u0131 verdi. Hemen k\u00f6yden \u00e7\u0131kt\u0131m, Karada\u011f\u2019a gittim. \u00dcmral\u2019a dedim \u2018Kalk Lefko\u015fa\u2019ya gidiyoruz\u2019. Topland\u0131k geldik, Lefko\u015fa\u2019da bir arkada\u015f\u0131m\u0131z\u0131n evine s\u0131\u011f\u0131nd\u0131k ve TAK\u2019\u0131n s\u0131nav\u0131na girdik. S\u0131nav\u0131 yapanlar da Terzio\u011flu\u2019nun d\u00f6nem arkada\u015flar\u0131, K\u0131br\u0131s\u2019ta g\u00f6rev yapan T\u00fcrkiye\u2019nin \u00fcst d\u00fczey gazetecileri. Kenan Haruno\u011flu T\u00fcrk Haberler Ajans\u0131\u2019n\u0131 temsilendi, Ayd\u0131n Soysal TRT\u2019den, Ziya Ak\u00e7apar H\u00fcrriyet\u2019ten\u2026<\/span><\/span><\/span><\/span><\/p>\n<p style=\"text-align:left\"><span style=\"font-size:16px\"><span style=\"font-family:Merriweather,serif !important\"><span style=\"color:#000000\"><span style=\"background-color:#ffffff\">Bir m\u00fclakata girdik, m\u00fclakata gitmeden \u00f6nceki gece Terzio\u011flu ile de g\u00f6r\u00fc\u015fm\u00fc\u015ft\u00fck. Terzio\u011flu bize \u015f\u00f6yle demi\u015fti; \u2018Gazetecilik kad\u0131n i\u015fi de\u011fil.\u2019 Kesinlikle kad\u0131n al\u0131nmas\u0131n\u0131 onaylamazd\u0131\u2026 Biz sava\u015f sonras\u0131 s\u0131k\u0131nt\u0131day\u0131z, i\u015fe ihtiyac\u0131m\u0131z var ve istedi\u011fimiz i\u015fte \u00e7al\u0131\u015fmak istiyoruz. Denkta\u015f\u2019a bizim durumumuz aktar\u0131ld\u0131. Denkta\u015f, Terzio\u011flu\u2019na demi\u015f ki \u2018Al bunlar\u0131 bir dene, yapamazlarsa birini Zaman Gazetesi\u2019ne veririz, \u00f6tekini ba\u015fka yere.\u2019<\/span><\/span><\/span><\/span><\/p>\n<p style=\"text-align:left\"><span style=\"font-size:16px\"><span style=\"font-family:Merriweather,serif !important\"><span style=\"color:#000000\"><span style=\"background-color:#ffffff\">M\u00fclakat i\u00e7in Lefko\u015fa\u2019ya k\u00f6yden geldik. Yan\u0131mda bir pantolon, bir de etek vard\u0131. Pantolon yolda gelirken y\u0131rt\u0131lm\u0131\u015ft\u0131, kald\u0131m mini ete\u011fe. Mini etekle m\u00fclakata girdim, kalkt\u0131 oturdu ortal\u0131k. Ba\u015fka bir \u015feyim yoktu ki nas\u0131l girecektim? Hi\u00e7 unutmad\u0131\u011f\u0131m bir soru var. \u2018Birine ula\u015fmak i\u00e7in hangi araca ba\u015fvurursunuz? En h\u0131zl\u0131 nas\u0131l ula\u015f\u0131rs\u0131n?\u2019 Ben \u2018telefonla\u2019 dedim. \u2018Telefoniyen\u2019 demedi\u011fim i\u00e7in \u2018do\u011fru\u2019 dediler.<\/span><\/span><\/span><\/span><\/p>\n<p style=\"text-align:left\"><span style=\"font-size:16px\"><span style=\"font-family:Merriweather,serif !important\"><span style=\"color:#000000\"><span style=\"background-color:#ffffff\">-\u201c15 g\u00fcnde 10 parmak daktilo yazmay\u0131 \u00f6\u011frenmezsen git kendine ba\u015fka i\u015f ara\u201d<\/span><\/span><\/span><\/span><\/p>\n<p style=\"text-align:left\"><span style=\"font-size:16px\"><span style=\"font-family:Merriweather,serif !important\"><span style=\"color:#000000\"><span style=\"background-color:#ffffff\">Sonra 10 parmak daktilo s\u0131nav\u0131na ald\u0131lar. Hasan Canpolat da bizle. Avantaj\u0131 hem erkek, hem de ticaret lisesi mezunu olmas\u0131. Daktiloyu \u00e7ok iyi yazar. Sonra karar verildi, 15 g\u00fcnl\u00fck bir deneme s\u00fcresi verdiler. Hasan, ben ve \u00dcmral al\u0131nd\u0131k. Terzio\u011flu, \u201815 g\u00fcnde 10 parmak daktilo yazmay\u0131 \u00f6\u011frenmezsen git kendine ba\u015fka i\u015f ara\u2019 dedi. Gece g\u00fcnd\u00fcz t\u00fcm bo\u015f zamanlar\u0131mda daktilo \u00e7al\u0131\u015ft\u0131m. Araba da yoktu\u2026 Gece i\u015flerini \u00dcmral ile \u00fcstlenirdik, kendimizi kan\u0131tlamak i\u00e7in&#8230; Kad\u0131n olarak avantaj\u0131m\u0131z da dezavantaj\u0131m\u0131z da vard\u0131 ama hi\u00e7bir zaman a\u011flayarak s\u0131zlayarak hak iddia etmedik. Sonu\u00e7ta ba\u015flad\u0131 TAK ser\u00fcvenimiz ve devam etti. Bilmem ne kadar ba\u015far\u0131l\u0131yd\u0131m ama gayretliydim. \u0130lk maa\u015f\u0131 ald\u0131\u011f\u0131m\u0131zda Terzio\u011flu, \u2018kendilerine uzun etek diksinler\u2019 diye haber g\u00f6nderdi. B\u00f6ylece \u00e7\u0131kt\u0131k mini etekten de\u2026 Sonra y\u0131llarca pantolondan \u00e7\u0131kamad\u0131k.\u201d<\/span><\/span><\/span><\/span><\/p>\n<p style=\"text-align:left\"><span style=\"font-size:16px\"><span style=\"font-family:Merriweather,serif !important\"><span style=\"color:#000000\"><span style=\"background-color:#ffffff\">-\u201cBirer daktilomuz vard\u0131, bir de bisikletimiz\u2026\u201d<\/span><\/span><\/span><\/span><\/p>\n<p style=\"text-align:left\"><span style=\"font-size:16px\"><span style=\"font-family:Merriweather,serif !important\"><span style=\"color:#000000\"><span style=\"background-color:#ffffff\">Ajansta i\u015fe ba\u015flad\u0131\u011f\u0131nda kurumun hen\u00fcz 1 bu\u00e7uk ya\u015f\u0131nda oldu\u011funu an\u0131msatan Aziz, ilk ku\u015fa\u011f\u0131n b\u0131rakt\u0131\u011f\u0131 ajans\u0131 ikinci ku\u015fak olarak sahiplendiklerini anlatt\u0131. O y\u0131llar\u0131n Anayasa da dahil bir\u00e7ok yasan\u0131n haz\u0131rland\u0131\u011f\u0131, ciddi Meclis \u00e7al\u0131\u015fmas\u0131n\u0131n ya\u015fand\u0131\u011f\u0131 bir d\u00f6nem oldu\u011funu s\u00f6yleyen Aziz, \u201cO \u00e7al\u0131\u015fmalarda hep bulunduk, sabahlard\u0131k Meclis\u2019te. Ajansa d\u00f6ner, haber yapard\u0131k, denetleyen de yoktu. Hem muhabirdik, hem edit\u00f6rd\u00fck, hem bask\u0131c\u0131yd\u0131k, hem odac\u0131yd\u0131k\u201d dedi.<\/span><\/span><\/span><\/span><\/p>\n<p style=\"text-align:left\"><span style=\"font-size:16px\"><span style=\"font-family:Merriweather,serif !important\"><span style=\"color:#000000\"><span style=\"background-color:#ffffff\">Ajans\u0131n k\u0131s\u0131tl\u0131 olanaklar\u0131ndan da bahseden Perihan Aziz, birer daktilolar\u0131 bir de bisikletleri oldu\u011funu belirterek, \u201cbisiklet kavgalar\u0131\u201d dahi ya\u015fand\u0131\u011f\u0131n\u0131 aktard\u0131. Aziz, \u201cBen bisikleti kullanmazd\u0131m, ko\u015fard\u0131m. Sonras\u0131nda bir tane motora sahip olundu. Sonra da Maliye\u2019den hantal bir ara\u00e7 verilmi\u015fti\u201d ifadelerini kulland\u0131.<\/span><\/span><\/span><\/span><\/p>\n<p style=\"text-align:left\"><span style=\"font-size:16px\"><span style=\"font-family:Merriweather,serif !important\"><span style=\"color:#000000\"><span style=\"background-color:#ffffff\">&#8211; \u201cKemal A\u015f\u0131k d\u00f6neminde Rum bas\u0131n\u0131 i\u00e7in kurumsalla\u015fman\u0131n temeli at\u0131ld\u0131, TAK Yasas\u0131 \u00e7\u0131kt\u0131\u201d<\/span><\/span><\/span><\/span><\/p>\n<p style=\"text-align:left\"><span style=\"font-size:16px\"><span style=\"font-family:Merriweather,serif !important\"><span style=\"color:#000000\"><span style=\"background-color:#ffffff\">Muhabirlik d\u00f6nemindeki TAK m\u00fcd\u00fcrlerinden de bahseden Aziz, \u201cYar\u0131\u015f\u0131, rekabeti, haber atlatmay\u0131 Terzio\u011flu\u2019ndan \u00f6\u011frendik. Terzio\u011flu otoriterdi ama gazetecili\u011fi benimseten biriydi\u201d dedi.<\/span><\/span><\/span><\/span><\/p>\n<p style=\"text-align:left\"><span style=\"font-size:16px\"><span style=\"font-family:Merriweather,serif !important\"><span style=\"color:#000000\"><span style=\"background-color:#ffffff\">Terzio\u011flu Cumhurba\u015fkanl\u0131\u011f\u0131\u2019na dan\u0131\u015fman olarak gittikten sonra Enformasyon Dairesi M\u00fcd\u00fcr\u00fc H\u00fcsrev \u00c7a\u011f\u0131n\u2019\u0131n vekaleten m\u00fcd\u00fcrl\u00fck yapt\u0131\u011f\u0131n\u0131 kaydeden Aziz, \u015f\u00f6yle devam etti:<\/span><\/span><\/span><\/span><\/p>\n<p style=\"text-align:left\"><span style=\"font-size:16px\"><span style=\"font-family:Merriweather,serif !important\"><span style=\"color:#000000\"><span style=\"background-color:#ffffff\">\u201cH\u00fcsrev \u00c7a\u011f\u0131n, dedi ki \u2018her g\u00fcn biriniz m\u00fcd\u00fcr olacak\u2019. O d\u00f6nem her g\u00fcn birimiz m\u00fcd\u00fcr olduk. Bir kaos i\u00e7indeydi ajans. \u00d6yle bir d\u00f6nem ya\u015fad\u0131k\u2026 Sonra Tuncer Bahad\u0131r diye birini getirdiler. Kamudan biriydi, en \u00e7ok ben kar\u015f\u0131 \u00e7\u0131kt\u0131m ona, att\u0131 beni i\u015ften. Sonra o da g\u00f6revden al\u0131n\u0131nca ben yine TAK\u2019a d\u00f6nd\u00fcm.<\/span><\/span><\/span><\/span><\/p>\n<p style=\"text-align:left\"><span style=\"font-size:16px\"><span style=\"font-family:Merriweather,serif !important\"><span style=\"color:#000000\"><span style=\"background-color:#ffffff\">Bu olaydan sonra Kemal A\u015f\u0131k m\u00fcd\u00fcr oldu. Kemal A\u015f\u0131k geldikten sonra Rum bas\u0131n\u0131 i\u00e7in kurumsalla\u015fman\u0131n temeli at\u0131ld\u0131. Kemal A\u015f\u0131k gelince \u00e7evrenin g\u00fcveni de artt\u0131. Hem toplumda hem ajansta sayg\u0131nd\u0131. O, gazeteci bir m\u00fcd\u00fcrd\u00fc. O d\u00f6nemde TAK Yasas\u0131 da \u00e7\u0131kt\u0131, yasal g\u00fcvencemiz oldu ve sonras\u0131nda ad\u0131m ad\u0131m ilerledi. Kemal A\u015f\u0131k\u2019\u0131n \u00f6l\u00fcm\u00fc bizim i\u00e7in \u015foktu\u2026 \u00d6l\u00fcm\u00fcnden sonra Emir Ersoy M\u00fcd\u00fcr oldu. Ersoy d\u00f6neminde ben de m\u00fcd\u00fcr muavini oldum.\u201d<\/span><\/span><\/span><\/span><\/p>\n<p style=\"text-align:left\"><span style=\"font-size:16px\"><span style=\"font-family:Merriweather,serif !important\"><span style=\"color:#000000\"><span style=\"background-color:#ffffff\">-\u201c\u015eimdi bakt\u0131\u011f\u0131n\u0131zda \u00e7ok farkl\u0131 bir ajans var\u2026 \u00c7al\u0131\u015fanlar \u00e7ok daha donan\u0131ml\u0131, \u00e7ok daha d\u00fcnyaya a\u00e7\u0131k insanlar\u201d<\/span><\/span><\/span><\/span><\/p>\n<p style=\"text-align:left\"><span style=\"font-size:16px\"><span style=\"font-family:Merriweather,serif !important\"><span style=\"color:#000000\"><span style=\"background-color:#ffffff\">TAK\u2019\u0131n kuruldu\u011fu g\u00fcnden bug\u00fcne geli\u015fimini de de\u011ferlendiren Aziz, ilk zamanlarda ajans\u0131n benimsenmedi\u011fini anlatt\u0131. O g\u00fcnlerde birka\u00e7 sayfal\u0131k b\u00fcltenler \u00e7\u0131kt\u0131\u011f\u0131n\u0131, ancak sonras\u0131nda personel say\u0131s\u0131 artt\u0131k\u00e7a haber renklili\u011finin de artt\u0131\u011f\u0131n\u0131 ve giderek de \u00e7ok seslili\u011fe ge\u00e7ildi\u011fini belirten Aziz, zamanla TAK\u2019\u0131n aranan bir kurulu\u015f haline geldi\u011fini vurgulad\u0131.<\/span><\/span><\/span><\/span><\/p>\n<p style=\"text-align:left\"><span style=\"font-size:16px\"><span style=\"font-family:Merriweather,serif !important\"><span style=\"color:#000000\"><span style=\"background-color:#ffffff\">\u201cBiz o kadar\u0131n\u0131 yapabildik. Do\u011frular\u0131m\u0131z da vard\u0131 yanl\u0131\u015flar\u0131m\u0131z da\u201d diyen Perihan Aziz, \u201cHer ge\u00e7en d\u00f6nem \u00e7ok daha bilin\u00e7li\u2026 Tek renklilikten \u00e7ok renklili\u011fe ge\u00e7en bir TAK ajans\u0131 var. Tek seslilikten \u00e7ok seslili\u011fe ge\u00e7en bir TAK ajans\u0131 var. Teknik olarak geli\u015fen, \u00e7a\u011fa ayak uydurabilen, belki \u00e7ok daha y\u00fckseklere lay\u0131k olan ama olanaks\u0131zl\u0131klar nedeniyle ula\u015famayan, hak etti\u011fi yeri alamayan ama ba\u015flang\u0131\u00e7 noktas\u0131na g\u00f6re bug\u00fcn zirvelere \u00e7\u0131kan bir TAK ajans\u0131 var. Geli\u015femez mi? \u00c7ok daha fazla geli\u015fmesi gerekir. \u00c7\u00fcnk\u00fc art\u0131k ko\u015farak haberinizi vermiyorsunuz. Bir \u2018t\u0131k\u2019 ile d\u00fcnyaya duyuruyorsunuz. O \u2018t\u0131k\u2019\u0131 en h\u0131zl\u0131 \u015fekilde yapabilecek bir olana\u011fa kavu\u015fmas\u0131 laz\u0131m ajans\u0131n. \u00c7al\u0131\u015fanlar \u00e7ok daha donan\u0131ml\u0131, \u00e7ok daha d\u00fcnyaya a\u00e7\u0131k insanlar. Bizim d\u00fcnyam\u0131z o kadard\u0131 ama a\u00e7\u0131lmaya da \u00e7aba harcad\u0131k. Hakk\u0131m\u0131z\u0131 yemeyelim\u2026 Ama \u015fimdi bakt\u0131\u011f\u0131n\u0131zda \u00e7ok farkl\u0131 bir ajans var. Bir g\u00fcn g\u00f6r\u00fcnt\u00fc teknikleriyle de, vizyonu \u00e7ok daha geni\u015f bir ajans olmas\u0131n\u0131 da arzu ederim\u201d diye konu\u015ftu.<\/span><\/span><\/span><\/span><\/p>\n<p style=\"text-align:left\"><span style=\"font-size:16px\"><span style=\"font-family:Merriweather,serif !important\"><span style=\"color:#000000\"><span style=\"background-color:#ffffff\">-\u201cObjektiflik ilkesinin geli\u015fmesinde ajans \u00e7al\u0131\u015fanlar\u0131n\u0131n b\u00fcy\u00fck etkisi oldu\u201d<\/span><\/span><\/span><\/span><\/p>\n<p style=\"text-align:left\"><span style=\"font-size:16px\"><span style=\"font-family:Merriweather,serif !important\"><span style=\"color:#000000\"><span style=\"background-color:#ffffff\">TAK\u2019\u0131n ilk d\u00f6nemlerinde tek seslilik oldu\u011funu yineleyen Aziz, sonra bunun yava\u015f yava\u015f k\u0131r\u0131ld\u0131\u011f\u0131n\u0131 ve muhalefetin de sesine yer verilmeye ba\u015fland\u0131\u011f\u0131n\u0131 kaydederek, \u201cAksi takdirde haber ajans\u0131 olamazd\u0131. Bir enformasyon dairesi varken ikinci bir enformasyon dairesine gerek olmazd\u0131\u201d dedi.<\/span><\/span><\/span><\/span><\/p>\n<p style=\"text-align:left\"><span style=\"font-size:16px\"><span style=\"font-family:Merriweather,serif !important\"><span style=\"color:#000000\"><span style=\"background-color:#ffffff\">Aziz, Atat\u00fcrk\u2019\u00fcn kurdu\u011fu Anadolu Ajans\u0131\u2019n\u0131 hep \u00f6rnek ald\u0131klar\u0131n\u0131 aktararak, haberin en temel ilkelerinden olan \u201cobjektiflik\u201d kavram\u0131n\u0131n ajansta zamanla geli\u015ferek yerle\u015fti\u011fini vurgulad\u0131. Aziz, objektiflik ilkesinin geli\u015fmesinde ajans \u00e7al\u0131\u015fanlar\u0131n\u0131n b\u00fcy\u00fck etkisi oldu\u011funu vurgulayarak, \u201c\u0130ktidar\u0131 ile muhalefeti ile TAK\u2019\u0131n bir ihtiya\u00e7, bir gereklilik oldu\u011fu kabul edildi\u201d dedi.<\/span><\/span><\/span><\/span><\/p>\n<p style=\"text-align:left\"><span style=\"font-size:16px\"><span style=\"font-family:Merriweather,serif !important\"><span style=\"color:#000000\"><span style=\"background-color:#ffffff\">-\u201c TAK evlad\u0131m gibidir. Bu evlad\u0131n hi\u00e7bir a\u015famada zarar g\u00f6rmesini istemem\u201d<\/span><\/span><\/span><\/span><\/p>\n<p style=\"text-align:left\"><span style=\"font-size:16px\"><span style=\"font-family:Merriweather,serif !important\"><span style=\"color:#000000\"><span style=\"background-color:#ffffff\">TAK \u00e7al\u0131\u015fanlar\u0131n\u0131n sosyal g\u00fcvenceden yoksun \u00e7al\u0131\u015ft\u0131klar\u0131 d\u00f6nemlerde bile grevler yapma cesareti g\u00f6sterdi\u011fini anlatan Aziz, 50 y\u0131lda gerek \u00e7al\u0131\u015fan haklar\u0131 gerekse TAK\u2019\u0131n menfaatleri i\u00e7in bir\u00e7ok grev ve eylem yap\u0131ld\u0131\u011f\u0131n\u0131 s\u00f6yledi. Aziz, \u201cTAK benim i\u00e7in hem bir okul hem bir deneyimdi, her \u015feydi&#8230; TAK evlad\u0131m gibidir. Bu evlad\u0131n hi\u00e7bir a\u015famada zarar g\u00f6rmesini istemem. Daha da geli\u015fmesini hep arzu ederim\u201d ifadelerini kulland\u0131.<\/span><\/span><\/span><\/span><\/p>\n<p style=\"text-align:left\"><span style=\"font-size:16px\"><span style=\"font-family:Merriweather,serif !important\"><span style=\"color:#000000\"><span style=\"background-color:#ffffff\">-\u201cFla\u015f fla\u015f fla\u015f\u2026\u201d<\/span><\/span><\/span><\/span><\/p>\n<p style=\"text-align:left\"><span style=\"font-size:16px\"><span style=\"font-family:Merriweather,serif !important\"><span style=\"color:#000000\"><span style=\"background-color:#ffffff\">TAK\u2019ta g\u00f6rev yapt\u0131\u011f\u0131 y\u0131llarda iki tane \u201cfla\u015f haber\u201d yazd\u0131\u011f\u0131n\u0131 belirten Perihan Aziz, bunlardan birinin KKTC\u2019nin ilan\u0131, di\u011ferinin ise K\u0131br\u0131s semalar\u0131nda bir u\u00e7a\u011f\u0131n ka\u00e7\u0131r\u0131lmas\u0131 oldu\u011funu belirterek, u\u00e7a\u011f\u0131n ka\u00e7\u0131r\u0131lmas\u0131 ile ilgili an\u0131s\u0131n\u0131 anlatt\u0131:<\/span><\/span><\/span><\/span><\/p>\n<p style=\"text-align:left\"><span style=\"font-size:16px\"><span style=\"font-family:Merriweather,serif !important\"><span style=\"color:#000000\"><span style=\"background-color:#ffffff\">\u201cOrta Do\u011fu\u2019da durum kar\u0131\u015f\u0131kt\u0131\u2026 Sokakta gidiyorum, Sivil Havac\u0131l\u0131k Dairesi M\u00fcd\u00fcr\u00fc kar\u015f\u0131ma \u00e7\u0131kt\u0131, ko\u015fuyordu. \u2018Ne oldu?\u2019 dedim. \u2018Bir u\u00e7ak ka\u00e7\u0131rm\u0131\u015flar, b\u00fcroya gidiyorum\u2019 dedi. Detay sordum. \u2018Ercan\u2019dan saptad\u0131lar ki u\u00e7ak ka\u00e7\u0131r\u0131ld\u0131\u2019 dedi. Saray\u00f6n\u00fc\u2019ndeki ajans binas\u0131na gittim. \u2018Fla\u015f fla\u015f fla\u015f\u2026 K\u0131br\u0131s semalar\u0131 \u00fczerinden bir u\u00e7ak ka\u00e7\u0131r\u0131ld\u0131. U\u00e7a\u011f\u0131n kime ait oldu\u011fu ve neden ka\u00e7\u0131r\u0131ld\u0131\u011f\u0131 bilinmiyor\u2019 diye bir haber yazd\u0131m. AFP arad\u0131, olay\u0131 sordu\u2026 Sonra haberin geli\u015fmeleri geldi. Att\u0131\u011f\u0131n\u0131z k\u00fc\u00e7\u00fck bir ta\u015f\u0131n yaratt\u0131\u011f\u0131 dalga b\u00fcy\u00fcd\u00fc bir habercilik \u00f6rne\u011fi oldu. Bunlar unutulmayacak \u015feyler\u2026\u201d<\/span><\/span><\/span><\/span><\/p>\n<p style=\"text-align:left\"><span style=\"font-size:16px\"><span style=\"font-family:Merriweather,serif !important\"><span style=\"color:#000000\"><span style=\"background-color:#ffffff\">-\u201c Gazeteci misin insan m\u0131s\u0131n?\u201d<\/span><\/span><\/span><\/span><\/p>\n<p style=\"text-align:left\"><span style=\"font-size:16px\"><span style=\"font-family:Merriweather,serif !important\"><span style=\"color:#000000\"><span style=\"background-color:#ffffff\">TAK\u2019ta muhabirken en etkilendi\u011fi olaylardan birinin \u201c\u00d6zg\u00fcrl\u00fck g\u00f6\u00e7\u00fc\u201d ad\u0131 verilen, 1974 sonras\u0131 G\u00fcney\u2019den Kuzey\u2019e g\u00f6\u00e7ler oldu\u011funu kaydeden Aziz, insanlar\u0131n Kuzey\u2019e ge\u00e7mek i\u00e7in verdikleri m\u00fccadelelere ve Kuzey\u2019e ge\u00e7tiklerinde b\u00f6l\u00fcnm\u00fc\u015f ailelerin kucakla\u015fmalar\u0131na, s\u0131n\u0131rdan ge\u00e7er ge\u00e7mez bir Atat\u00fcrk posteri ya da T\u00fcrk bayra\u011f\u0131 a\u00e7malar\u0131na, Atat\u00fcrk \u0130lkokulu\u2019na y\u0131\u011f\u0131lan insanlar\u0131n ya\u015fad\u0131klar\u0131na tan\u0131k oldu\u011funu anlatt\u0131. Aziz, \u201cBunlar\u0131 \u2018insan\u2019 olarak ya\u015fad\u0131k. Birlikte a\u011flad\u0131k, birlikte sevindik, birlikte g\u00fcld\u00fck\u2026\u201d dedi.<\/span><\/span><\/span><\/span><\/p>\n<p style=\"text-align:left\"><span style=\"font-size:16px\"><span style=\"font-family:Merriweather,serif !important\"><span style=\"color:#000000\"><span style=\"background-color:#ffffff\">Aziz, s\u0131n\u0131r eylemlerinden de bir an\u0131s\u0131n\u0131 da \u015fu s\u00f6zlerle payla\u015ft\u0131:<\/span><\/span><\/span><\/span><\/p>\n<p style=\"text-align:left\"><span style=\"font-size:16px\"><span style=\"font-family:Merriweather,serif !important\"><span style=\"color:#000000\"><span style=\"background-color:#ffffff\">\u201cS\u0131n\u0131r eylemleri bamba\u015fka bir boyuttu\u2026 Okullar b\u00f6lgesindeki kad\u0131nlar\u0131n ge\u00e7i\u015fleri ile ilgili ya\u015fanan olaylar&#8230; Bas\u0131n \u00f6nl\u00fcklerini da\u011f\u0131tmak i\u00e7in g\u00f6revlendirilmi\u015ftim. \u015eafak vakti her hangi bir yerden Rum kad\u0131nlar\u0131n s\u0131zma yapmas\u0131 bekleniyordu. Ama ak\u015fam\u00fczeri 7 gibi ba\u015flad\u0131. Orada ya\u015fanan \u015fok&#8230; \u2018S\u0131n\u0131r delindi\u2019 dendi. Ko\u015ftuk, \u00f6nl\u00fck da\u011f\u0131tamad\u0131m, kendim de \u00f6nl\u00fck giymedim. O karga\u015fan\u0131n i\u00e7inde s\u0131n\u0131ra do\u011fru ko\u015farken, baz\u0131 Rum kad\u0131nlar tutukland\u0131. Beni de yakalad\u0131lar. \u2018Ben T\u00fcrk\u2019\u00fcm\u2019 diye ba\u011f\u0131r\u0131rken T\u00fcrk\u00e7e de bilen bir Rum sand\u0131lar.\u201d<\/span><\/span><\/span><\/span><\/p>\n<p style=\"text-align:left\"><span style=\"font-size:16px\"><span style=\"font-family:Merriweather,serif !important\"><span style=\"color:#000000\"><span style=\"background-color:#ffffff\">Ta\u015fkent \u015fehitlerinin a\u00e7\u0131kland\u0131\u011f\u0131 g\u00fcn\u00fc de unutamad\u0131\u011f\u0131n\u0131 ifade eden Aziz, \u201cAnneler g\u00fcn\u00fcyd\u00fc\u2026 \u015eehit olanlar a\u00e7\u0131kland\u0131, insanlar bayg\u0131nl\u0131k ge\u00e7irdi. Herkesi otob\u00fcslere koydular Ta\u015fkent\u2019e g\u00f6t\u00fcrmeye. Ben de muhabir olarak girdim. Ama \u015fehit ailelerinden fazla ben a\u011fl\u0131yordum. Gazeteci misin, insan m\u0131s\u0131n? \u0130nsanl\u0131k duygun \u00f6ne ge\u00e7iyor\u2026\u201d ifadelerini kulland\u0131.<\/span><\/span><\/span><\/span><\/p>\n<p style=\"text-align:left\"><span style=\"font-size:16px\"><span style=\"font-family:Merriweather,serif !important\"><span style=\"color:#000000\"><span style=\"background-color:#ffffff\">-\u201c\u0130ki tane mini etekli k\u0131z \u00e7\u0131kt\u0131 piyasaya\u2026\u201d<\/span><\/span><\/span><\/span><\/p>\n<p style=\"text-align:left\"><span style=\"font-size:16px\"><span style=\"font-family:Merriweather,serif !important\"><span style=\"color:#000000\"><span style=\"background-color:#ffffff\">Rauf Denkta\u015f Cumhurba\u015fkanl\u0131\u011f\u0131 g\u00f6revini b\u0131rakt\u0131\u011f\u0131nda da, hayat\u0131n\u0131 kaybetti\u011finde de TAK\u2019ta y\u00f6netici pozisyonlar\u0131nda bulunan Perihan Aziz, \u201cG\u00f6revi b\u0131rakt\u0131\u011f\u0131nda haz\u0131rd\u0131k. Bir de\u011fi\u015fim s\u00fcreciydi, olmas\u0131 gerekirdi. G\u00f6revi b\u0131rakt\u0131ktan sonra da zaman zaman ziyaretine gidiyorduk sohbet ediyorduk. Ama \u00f6ld\u00fc\u011f\u00fcnde bir lider kayboldu. Fikirlerini benimsersiniz, benimsemezsiniz\u2026 Tutarl\u0131l\u0131\u011f\u0131, kendi \u00e7izdi\u011fi yolda inan\u00e7la y\u00fcr\u00fcmesi sayg\u0131 duyulacak hususlard\u0131. Her \u00f6l\u00fcm insana h\u00fcz\u00fcn verir\u201d dedi.<\/span><\/span><\/span><\/span><\/p>\n<p style=\"text-align:left\"><span style=\"font-size:16px\"><span style=\"font-family:Merriweather,serif !important\"><span style=\"color:#000000\"><span style=\"background-color:#ffffff\">Kendi d\u00f6neminde kad\u0131n gazeteci olman\u0131n zorluklar\u0131n\u0131 ise Aziz \u015fu ifadelerle anlatt\u0131:<\/span><\/span><\/span><\/span><\/p>\n<p style=\"text-align:left\"><span style=\"font-size:16px\"><span style=\"font-family:Merriweather,serif !important\"><span style=\"color:#000000\"><span style=\"background-color:#ffffff\">\u201cKad\u0131n gazeteci olmak \u00e7ok al\u0131\u015f\u0131lm\u0131\u015f bir \u015fey de\u011fildi. Hele gen\u00e7 bir kad\u0131n\u0131n gece sokakta olmas\u0131 farkl\u0131 gelirdi topluma. Ama biz kendimizi kabul ettirdik. Ba\u015fta k\u00fc\u00e7\u00fcmseyenler daha sonra sayg\u0131 duydular. \u2018\u0130ki tane mini etekli k\u0131z \u00e7\u0131kt\u0131 piyasaya\u2019 derlerdi. Cinsellikle bak\u0131l\u0131yordu\u2026 \u2018Sokakta dola\u015fan k\u0131zlar, kad\u0131nlar\u2019 diye bak\u0131l\u0131yordu\u2026\u201d<\/span><\/span><\/span><\/span><\/p>\n","protected":false},"excerpt":{"rendered":"<p>T\u00fcrk Ajans\u0131 K\u0131br\u0131s\u2019\u0131n (TAK) eski M\u00fcd\u00fcr\u00fc Perihan Aziz, Ajans\u2019\u0131n ge\u00e7mi\u015ften bug\u00fcne ya\u015fad\u0131\u011f\u0131 geli\u015fimi \u201ctek seslilikten \u00e7ok seslili\u011fe ge\u00e7i\u015f\u201d olarak de\u011ferlendirdi. 50 y\u0131l \u00f6nce 21 Aral\u0131k 1973\u2019te ilk b\u00fcltenini yay\u0131mlayarak faaliyete ba\u015flayan TAK, bir daktilo ve birka\u00e7 haber ile sadece K\u0131br\u0131s T\u00fcrk bas\u0131n\u0131na hizmet verdi\u011fi g\u00fcnlerden 38 personeliyle uluslararas\u0131 haber ajanslar\u0131 ile i\u015f birli\u011fi i\u00e7inde hizmet<\/p>\n","protected":false},"author":1,"featured_media":22966,"comment_status":"open","ping_status":"open","sticky":false,"template":"","format":"standard","meta":{"footnotes":""},"categories":[1],"tags":[],"class_list":["post-22965","post","type-post","status-publish","format-standard","has-post-thumbnail","hentry","category-gundem"],"yoast_head":"<!-- This site is optimized with the Yoast SEO plugin v27.4 - https:\/\/yoast.com\/product\/yoast-seo-wordpress\/ -->\n<title>Aziz: &quot;Tek seslilikten \u00e7ok seslili\u011fe ge\u00e7en bir ajans var&quot; -<\/title>\n<meta name=\"robots\" content=\"index, follow, max-snippet:-1, max-image-preview:large, max-video-preview:-1\" \/>\n<link rel=\"canonical\" href=\"https:\/\/kibrisdakik.com\/?p=22965\" \/>\n<meta property=\"og:locale\" content=\"tr_TR\" \/>\n<meta property=\"og:type\" content=\"article\" \/>\n<meta property=\"og:title\" content=\"Aziz: &quot;Tek seslilikten \u00e7ok seslili\u011fe ge\u00e7en bir ajans var&quot; -\" \/>\n<meta property=\"og:description\" content=\"T\u00fcrk Ajans\u0131 K\u0131br\u0131s\u2019\u0131n (TAK) eski M\u00fcd\u00fcr\u00fc Perihan Aziz, Ajans\u2019\u0131n ge\u00e7mi\u015ften bug\u00fcne ya\u015fad\u0131\u011f\u0131 geli\u015fimi \u201ctek seslilikten \u00e7ok seslili\u011fe ge\u00e7i\u015f\u201d olarak de\u011ferlendirdi. 50 y\u0131l \u00f6nce 21 Aral\u0131k 1973\u2019te ilk b\u00fcltenini yay\u0131mlayarak faaliyete ba\u015flayan TAK, bir daktilo ve birka\u00e7 haber ile sadece K\u0131br\u0131s T\u00fcrk bas\u0131n\u0131na hizmet verdi\u011fi g\u00fcnlerden 38 personeliyle uluslararas\u0131 haber ajanslar\u0131 ile i\u015f birli\u011fi i\u00e7inde hizmet\" \/>\n<meta property=\"og:url\" content=\"https:\/\/kibrisdakik.com\/?p=22965\" \/>\n<meta property=\"article:published_time\" content=\"2023-12-20T08:16:59+00:00\" \/>\n<meta property=\"og:image\" content=\"https:\/\/kibrisdakik.com\/wp-content\/uploads\/2023\/12\/aziz-tek-seslilikten-cok-seslilige-gecen-bir-ajans-var-1703059584.webp.webp\" \/>\n\t<meta property=\"og:image:width\" content=\"710\" \/>\n\t<meta property=\"og:image:height\" content=\"370\" \/>\n\t<meta property=\"og:image:type\" content=\"image\/webp\" \/>\n<meta name=\"author\" content=\"admin\" \/>\n<meta name=\"twitter:card\" content=\"summary_large_image\" \/>\n<meta name=\"twitter:label1\" content=\"Yazan:\" \/>\n\t<meta name=\"twitter:data1\" content=\"admin\" \/>\n\t<meta name=\"twitter:label2\" content=\"Tahmini okuma s\u00fcresi\" \/>\n\t<meta name=\"twitter:data2\" content=\"13 dakika\" \/>\n<script type=\"application\/ld+json\" class=\"yoast-schema-graph\">{\"@context\":\"https:\\\/\\\/schema.org\",\"@graph\":[{\"@type\":\"Article\",\"@id\":\"https:\\\/\\\/kibrisdakik.com\\\/?p=22965#article\",\"isPartOf\":{\"@id\":\"https:\\\/\\\/kibrisdakik.com\\\/?p=22965\"},\"author\":{\"name\":\"admin\",\"@id\":\"https:\\\/\\\/kibrisdakik.com\\\/#\\\/schema\\\/person\\\/9cd9d437bbb44f72b73ba127e06d8e79\"},\"headline\":\"Aziz: &quot;Tek seslilikten \u00e7ok seslili\u011fe ge\u00e7en bir ajans var&quot;\",\"datePublished\":\"2023-12-20T08:16:59+00:00\",\"mainEntityOfPage\":{\"@id\":\"https:\\\/\\\/kibrisdakik.com\\\/?p=22965\"},\"wordCount\":2525,\"commentCount\":0,\"image\":{\"@id\":\"https:\\\/\\\/kibrisdakik.com\\\/?p=22965#primaryimage\"},\"thumbnailUrl\":\"https:\\\/\\\/kibrisdakik.com\\\/wp-content\\\/uploads\\\/2023\\\/12\\\/aziz-tek-seslilikten-cok-seslilige-gecen-bir-ajans-var-1703059584.webp.webp\",\"articleSection\":[\"G\u00fcndem\"],\"inLanguage\":\"tr\",\"potentialAction\":[{\"@type\":\"CommentAction\",\"name\":\"Comment\",\"target\":[\"https:\\\/\\\/kibrisdakik.com\\\/?p=22965#respond\"]}]},{\"@type\":\"WebPage\",\"@id\":\"https:\\\/\\\/kibrisdakik.com\\\/?p=22965\",\"url\":\"https:\\\/\\\/kibrisdakik.com\\\/?p=22965\",\"name\":\"Aziz: &quot;Tek seslilikten \u00e7ok seslili\u011fe ge\u00e7en bir ajans var&quot; -\",\"isPartOf\":{\"@id\":\"https:\\\/\\\/kibrisdakik.com\\\/#website\"},\"primaryImageOfPage\":{\"@id\":\"https:\\\/\\\/kibrisdakik.com\\\/?p=22965#primaryimage\"},\"image\":{\"@id\":\"https:\\\/\\\/kibrisdakik.com\\\/?p=22965#primaryimage\"},\"thumbnailUrl\":\"https:\\\/\\\/kibrisdakik.com\\\/wp-content\\\/uploads\\\/2023\\\/12\\\/aziz-tek-seslilikten-cok-seslilige-gecen-bir-ajans-var-1703059584.webp.webp\",\"datePublished\":\"2023-12-20T08:16:59+00:00\",\"author\":{\"@id\":\"https:\\\/\\\/kibrisdakik.com\\\/#\\\/schema\\\/person\\\/9cd9d437bbb44f72b73ba127e06d8e79\"},\"breadcrumb\":{\"@id\":\"https:\\\/\\\/kibrisdakik.com\\\/?p=22965#breadcrumb\"},\"inLanguage\":\"tr\",\"potentialAction\":[{\"@type\":\"ReadAction\",\"target\":[\"https:\\\/\\\/kibrisdakik.com\\\/?p=22965\"]}]},{\"@type\":\"ImageObject\",\"inLanguage\":\"tr\",\"@id\":\"https:\\\/\\\/kibrisdakik.com\\\/?p=22965#primaryimage\",\"url\":\"https:\\\/\\\/kibrisdakik.com\\\/wp-content\\\/uploads\\\/2023\\\/12\\\/aziz-tek-seslilikten-cok-seslilige-gecen-bir-ajans-var-1703059584.webp.webp\",\"contentUrl\":\"https:\\\/\\\/kibrisdakik.com\\\/wp-content\\\/uploads\\\/2023\\\/12\\\/aziz-tek-seslilikten-cok-seslilige-gecen-bir-ajans-var-1703059584.webp.webp\",\"width\":710,\"height\":370},{\"@type\":\"BreadcrumbList\",\"@id\":\"https:\\\/\\\/kibrisdakik.com\\\/?p=22965#breadcrumb\",\"itemListElement\":[{\"@type\":\"ListItem\",\"position\":1,\"name\":\"Home\",\"item\":\"https:\\\/\\\/kibrisdakik.com\\\/\"},{\"@type\":\"ListItem\",\"position\":2,\"name\":\"Aziz: &quot;Tek seslilikten \u00e7ok seslili\u011fe ge\u00e7en bir ajans var&quot;\"}]},{\"@type\":\"WebSite\",\"@id\":\"https:\\\/\\\/kibrisdakik.com\\\/#website\",\"url\":\"https:\\\/\\\/kibrisdakik.com\\\/\",\"name\":\"\",\"description\":\"Tam vaktinde haber\",\"potentialAction\":[{\"@type\":\"SearchAction\",\"target\":{\"@type\":\"EntryPoint\",\"urlTemplate\":\"https:\\\/\\\/kibrisdakik.com\\\/?s={search_term_string}\"},\"query-input\":{\"@type\":\"PropertyValueSpecification\",\"valueRequired\":true,\"valueName\":\"search_term_string\"}}],\"inLanguage\":\"tr\"},{\"@type\":\"Person\",\"@id\":\"https:\\\/\\\/kibrisdakik.com\\\/#\\\/schema\\\/person\\\/9cd9d437bbb44f72b73ba127e06d8e79\",\"name\":\"admin\",\"image\":{\"@type\":\"ImageObject\",\"inLanguage\":\"tr\",\"@id\":\"https:\\\/\\\/secure.gravatar.com\\\/avatar\\\/ccc17943b9d660506c869530f897617f7cb1c21a4bf30023f252596d83e1f007?s=96&d=mm&r=g\",\"url\":\"https:\\\/\\\/secure.gravatar.com\\\/avatar\\\/ccc17943b9d660506c869530f897617f7cb1c21a4bf30023f252596d83e1f007?s=96&d=mm&r=g\",\"contentUrl\":\"https:\\\/\\\/secure.gravatar.com\\\/avatar\\\/ccc17943b9d660506c869530f897617f7cb1c21a4bf30023f252596d83e1f007?s=96&d=mm&r=g\",\"caption\":\"admin\"},\"sameAs\":[\"https:\\\/\\\/kibrisdakik.com\"],\"url\":\"https:\\\/\\\/kibrisdakik.com\\\/?author=1\"}]}<\/script>\n<!-- \/ Yoast SEO plugin. -->","yoast_head_json":{"title":"Aziz: &quot;Tek seslilikten \u00e7ok seslili\u011fe ge\u00e7en bir ajans var&quot; -","robots":{"index":"index","follow":"follow","max-snippet":"max-snippet:-1","max-image-preview":"max-image-preview:large","max-video-preview":"max-video-preview:-1"},"canonical":"https:\/\/kibrisdakik.com\/?p=22965","og_locale":"tr_TR","og_type":"article","og_title":"Aziz: &quot;Tek seslilikten \u00e7ok seslili\u011fe ge\u00e7en bir ajans var&quot; -","og_description":"T\u00fcrk Ajans\u0131 K\u0131br\u0131s\u2019\u0131n (TAK) eski M\u00fcd\u00fcr\u00fc Perihan Aziz, Ajans\u2019\u0131n ge\u00e7mi\u015ften bug\u00fcne ya\u015fad\u0131\u011f\u0131 geli\u015fimi \u201ctek seslilikten \u00e7ok seslili\u011fe ge\u00e7i\u015f\u201d olarak de\u011ferlendirdi. 50 y\u0131l \u00f6nce 21 Aral\u0131k 1973\u2019te ilk b\u00fcltenini yay\u0131mlayarak faaliyete ba\u015flayan TAK, bir daktilo ve birka\u00e7 haber ile sadece K\u0131br\u0131s T\u00fcrk bas\u0131n\u0131na hizmet verdi\u011fi g\u00fcnlerden 38 personeliyle uluslararas\u0131 haber ajanslar\u0131 ile i\u015f birli\u011fi i\u00e7inde hizmet","og_url":"https:\/\/kibrisdakik.com\/?p=22965","article_published_time":"2023-12-20T08:16:59+00:00","og_image":[{"width":710,"height":370,"url":"https:\/\/kibrisdakik.com\/wp-content\/uploads\/2023\/12\/aziz-tek-seslilikten-cok-seslilige-gecen-bir-ajans-var-1703059584.webp.webp","type":"image\/webp"}],"author":"admin","twitter_card":"summary_large_image","twitter_misc":{"Yazan:":"admin","Tahmini okuma s\u00fcresi":"13 dakika"},"schema":{"@context":"https:\/\/schema.org","@graph":[{"@type":"Article","@id":"https:\/\/kibrisdakik.com\/?p=22965#article","isPartOf":{"@id":"https:\/\/kibrisdakik.com\/?p=22965"},"author":{"name":"admin","@id":"https:\/\/kibrisdakik.com\/#\/schema\/person\/9cd9d437bbb44f72b73ba127e06d8e79"},"headline":"Aziz: &quot;Tek seslilikten \u00e7ok seslili\u011fe ge\u00e7en bir ajans var&quot;","datePublished":"2023-12-20T08:16:59+00:00","mainEntityOfPage":{"@id":"https:\/\/kibrisdakik.com\/?p=22965"},"wordCount":2525,"commentCount":0,"image":{"@id":"https:\/\/kibrisdakik.com\/?p=22965#primaryimage"},"thumbnailUrl":"https:\/\/kibrisdakik.com\/wp-content\/uploads\/2023\/12\/aziz-tek-seslilikten-cok-seslilige-gecen-bir-ajans-var-1703059584.webp.webp","articleSection":["G\u00fcndem"],"inLanguage":"tr","potentialAction":[{"@type":"CommentAction","name":"Comment","target":["https:\/\/kibrisdakik.com\/?p=22965#respond"]}]},{"@type":"WebPage","@id":"https:\/\/kibrisdakik.com\/?p=22965","url":"https:\/\/kibrisdakik.com\/?p=22965","name":"Aziz: &quot;Tek seslilikten \u00e7ok seslili\u011fe ge\u00e7en bir ajans var&quot; -","isPartOf":{"@id":"https:\/\/kibrisdakik.com\/#website"},"primaryImageOfPage":{"@id":"https:\/\/kibrisdakik.com\/?p=22965#primaryimage"},"image":{"@id":"https:\/\/kibrisdakik.com\/?p=22965#primaryimage"},"thumbnailUrl":"https:\/\/kibrisdakik.com\/wp-content\/uploads\/2023\/12\/aziz-tek-seslilikten-cok-seslilige-gecen-bir-ajans-var-1703059584.webp.webp","datePublished":"2023-12-20T08:16:59+00:00","author":{"@id":"https:\/\/kibrisdakik.com\/#\/schema\/person\/9cd9d437bbb44f72b73ba127e06d8e79"},"breadcrumb":{"@id":"https:\/\/kibrisdakik.com\/?p=22965#breadcrumb"},"inLanguage":"tr","potentialAction":[{"@type":"ReadAction","target":["https:\/\/kibrisdakik.com\/?p=22965"]}]},{"@type":"ImageObject","inLanguage":"tr","@id":"https:\/\/kibrisdakik.com\/?p=22965#primaryimage","url":"https:\/\/kibrisdakik.com\/wp-content\/uploads\/2023\/12\/aziz-tek-seslilikten-cok-seslilige-gecen-bir-ajans-var-1703059584.webp.webp","contentUrl":"https:\/\/kibrisdakik.com\/wp-content\/uploads\/2023\/12\/aziz-tek-seslilikten-cok-seslilige-gecen-bir-ajans-var-1703059584.webp.webp","width":710,"height":370},{"@type":"BreadcrumbList","@id":"https:\/\/kibrisdakik.com\/?p=22965#breadcrumb","itemListElement":[{"@type":"ListItem","position":1,"name":"Home","item":"https:\/\/kibrisdakik.com\/"},{"@type":"ListItem","position":2,"name":"Aziz: &quot;Tek seslilikten \u00e7ok seslili\u011fe ge\u00e7en bir ajans var&quot;"}]},{"@type":"WebSite","@id":"https:\/\/kibrisdakik.com\/#website","url":"https:\/\/kibrisdakik.com\/","name":"","description":"Tam vaktinde haber","potentialAction":[{"@type":"SearchAction","target":{"@type":"EntryPoint","urlTemplate":"https:\/\/kibrisdakik.com\/?s={search_term_string}"},"query-input":{"@type":"PropertyValueSpecification","valueRequired":true,"valueName":"search_term_string"}}],"inLanguage":"tr"},{"@type":"Person","@id":"https:\/\/kibrisdakik.com\/#\/schema\/person\/9cd9d437bbb44f72b73ba127e06d8e79","name":"admin","image":{"@type":"ImageObject","inLanguage":"tr","@id":"https:\/\/secure.gravatar.com\/avatar\/ccc17943b9d660506c869530f897617f7cb1c21a4bf30023f252596d83e1f007?s=96&d=mm&r=g","url":"https:\/\/secure.gravatar.com\/avatar\/ccc17943b9d660506c869530f897617f7cb1c21a4bf30023f252596d83e1f007?s=96&d=mm&r=g","contentUrl":"https:\/\/secure.gravatar.com\/avatar\/ccc17943b9d660506c869530f897617f7cb1c21a4bf30023f252596d83e1f007?s=96&d=mm&r=g","caption":"admin"},"sameAs":["https:\/\/kibrisdakik.com"],"url":"https:\/\/kibrisdakik.com\/?author=1"}]}},"_links":{"self":[{"href":"https:\/\/kibrisdakik.com\/index.php?rest_route=\/wp\/v2\/posts\/22965","targetHints":{"allow":["GET"]}}],"collection":[{"href":"https:\/\/kibrisdakik.com\/index.php?rest_route=\/wp\/v2\/posts"}],"about":[{"href":"https:\/\/kibrisdakik.com\/index.php?rest_route=\/wp\/v2\/types\/post"}],"author":[{"embeddable":true,"href":"https:\/\/kibrisdakik.com\/index.php?rest_route=\/wp\/v2\/users\/1"}],"replies":[{"embeddable":true,"href":"https:\/\/kibrisdakik.com\/index.php?rest_route=%2Fwp%2Fv2%2Fcomments&post=22965"}],"version-history":[{"count":0,"href":"https:\/\/kibrisdakik.com\/index.php?rest_route=\/wp\/v2\/posts\/22965\/revisions"}],"wp:featuredmedia":[{"embeddable":true,"href":"https:\/\/kibrisdakik.com\/index.php?rest_route=\/wp\/v2\/media\/22966"}],"wp:attachment":[{"href":"https:\/\/kibrisdakik.com\/index.php?rest_route=%2Fwp%2Fv2%2Fmedia&parent=22965"}],"wp:term":[{"taxonomy":"category","embeddable":true,"href":"https:\/\/kibrisdakik.com\/index.php?rest_route=%2Fwp%2Fv2%2Fcategories&post=22965"},{"taxonomy":"post_tag","embeddable":true,"href":"https:\/\/kibrisdakik.com\/index.php?rest_route=%2Fwp%2Fv2%2Ftags&post=22965"}],"curies":[{"name":"wp","href":"https:\/\/api.w.org\/{rel}","templated":true}]}}