{"id":22977,"date":"2023-12-20T09:20:50","date_gmt":"2023-12-20T09:20:50","guid":{"rendered":"https:\/\/kibrisdakik.com\/index.php\/2023\/12\/20\/asla-umutsuzluga-kapilmadik-mucadelemizi-guclu-bir-irade-ve-kararlilikla-surdurduk\/"},"modified":"2023-12-20T09:20:50","modified_gmt":"2023-12-20T09:20:50","slug":"asla-umutsuzluga-kapilmadik-mucadelemizi-guclu-bir-irade-ve-kararlilikla-surdurduk","status":"publish","type":"post","link":"https:\/\/kibrisdakik.com\/?p=22977","title":{"rendered":"\u201cAsla umutsuzlu\u011fa kap\u0131lmad\u0131k, m\u00fccadelemizi g\u00fc\u00e7l\u00fc bir irade ve kararl\u0131l\u0131kla s\u00fcrd\u00fcrd\u00fck\u201d"},"content":{"rendered":"<p><img decoding=\"async\" src=\"https:\/\/www.kibristurk.com\/images\/haberler\/2023\/12\/asla-umutsuzluga-kapilmadik-mucadelemizi-guclu-bir-irade-ve-kararlilikla-surdurduk-1703062759.webp\" \/><\/p>\n<p style=\"text-align:left\"><span style=\"font-size:16px\"><span style=\"font-family:Merriweather,serif !important\"><span style=\"color:#000000\"><span style=\"background-color:#ffffff\">Emekli Astsubaylar Derne\u011fi Genel Ba\u015fkan Esen \u00d6m\u00fcrl\u00fc, K\u0131br\u0131s T\u00fcrk halk\u0131n\u0131n ac\u0131lara, kay\u0131plara ve s\u0131k\u0131nt\u0131lara ra\u011fmen asla umutsuzlu\u011fa kap\u0131lmad\u0131\u011f\u0131n\u0131, m\u00fccadelesini g\u00fc\u00e7l\u00fc bir irade ve kararl\u0131l\u0131kla s\u00fcrd\u00fcrd\u00fc\u011f\u00fcn\u00fc belirtti. \u00d6m\u00fcrl\u00fc, \u201cBu m\u00fccadele, ada \u00fczerinde hak sahibi oldu\u011fumuzu ve \u00f6zg\u00fcrl\u00fc\u011f\u00fcm\u00fcz\u00fc koruma azmimizi t\u00fcm d\u00fcnyaya g\u00f6sterdi\u201d dedi.<\/span><\/span><\/span><\/span><\/p>\n<p style=\"text-align:left\"><span style=\"font-size:16px\"><span style=\"font-family:Merriweather,serif !important\"><span style=\"color:#000000\"><span style=\"background-color:#ffffff\">KKTC G\u00fcvenlik Kuvvetleri Komutanl\u0131\u011f\u0131 Emekli Astsubaylar Derne\u011fi Genel Ba\u015fkan Esen \u00d6m\u00fcrl\u00fc, 21-25 Aral\u0131k Milli M\u00fccadele ve \u015eehitler Haftas\u0131 nedeniyle yay\u0131mlad\u0131\u011f\u0131 mesajda, \u201cGelecek nesillere daha g\u00fc\u00e7l\u00fc, daha m\u00fcreffeh bir K\u0131br\u0131s b\u0131rakma hedefiyle, ge\u00e7mi\u015ften ald\u0131\u011f\u0131m\u0131z dersler ve Anavatan T\u00fcrkiye&#8217;nin deste\u011fiyle, adil ve kal\u0131c\u0131 bir \u00e7\u00f6z\u00fcme do\u011fru ilerlemekteyiz\u201d vurgusunda bulundu.<\/span><\/span><\/span><\/span><\/p>\n<p style=\"text-align:left\"><span style=\"font-size:16px\"><span style=\"font-family:Merriweather,serif !important\"><span style=\"color:#000000\"><span style=\"background-color:#ffffff\">&#8220;K\u0131br\u0131s T\u00fcrk halk\u0131n\u0131n hak ve \u00e7\u0131karlar\u0131n\u0131 koruyarak, bar\u0131\u015f\u00e7\u0131l ve yap\u0131c\u0131 bir yakla\u015f\u0131mla, uluslararas\u0131 toplum i\u00e7inde hak etti\u011fimiz yeri almak i\u00e7in \u00e7al\u0131\u015fmalar\u0131m\u0131za devam ediyoruz\u201d diyen \u00d6m\u00fcrl\u00fc, mesaj\u0131nda \u201cBiz emekli astsubaylar olarak, ge\u00e7mi\u015fte verilen m\u00fccadeledeki rol\u00fcm\u00fcz\u00fc hat\u0131rl\u0131yor ve K\u0131br\u0131s T\u00fcrk halk\u0131n\u0131n bar\u0131\u015f, g\u00fcven ve huzur i\u00e7inde ya\u015famas\u0131 i\u00e7in g\u00f6sterilen \u00e7abalar\u0131n daimi destek\u00e7isi olaca\u011f\u0131m\u0131z\u0131 bir kez daha vurgulamak istiyoruz\u201d ifadelerine de yer verdi.<\/span><\/span><\/span><\/span><\/p>\n<p style=\"text-align:left\"><span style=\"font-size:16px\"><span style=\"font-family:Merriweather,serif !important\"><span style=\"color:#000000\"><span style=\"background-color:#ffffff\">\u015eehitleri, milli m\u00fccadelenin \u00f6nc\u00fcleri Dr. Faz\u0131l K\u00fc\u00e7\u00fck, Kurucu Cumhurba\u015fkan\u0131m\u0131z Rauf Raif Denkta\u015f ve t\u00fcm dava arkada\u015flar\u0131n\u0131 rahmetle and\u0131klar\u0131n\u0131 kaydeden \u00d6m\u00fcrl\u00fc, \u201cOnlar\u0131n liderli\u011finde, K\u0131br\u0131s T\u00fcrk Halk\u0131 olarak verdi\u011fimiz varolu\u015f ve \u00f6zg\u00fcrl\u00fck m\u00fccadelesi, bug\u00fcn de ayn\u0131 inan\u00e7 ve kararl\u0131l\u0131kla devam ediyor\u201d dedi.<\/span><\/span><\/span><\/span><\/p>\n","protected":false},"excerpt":{"rendered":"<p>Emekli Astsubaylar Derne\u011fi Genel Ba\u015fkan Esen \u00d6m\u00fcrl\u00fc, K\u0131br\u0131s T\u00fcrk halk\u0131n\u0131n ac\u0131lara, kay\u0131plara ve s\u0131k\u0131nt\u0131lara ra\u011fmen asla umutsuzlu\u011fa kap\u0131lmad\u0131\u011f\u0131n\u0131, m\u00fccadelesini g\u00fc\u00e7l\u00fc bir irade ve kararl\u0131l\u0131kla s\u00fcrd\u00fcrd\u00fc\u011f\u00fcn\u00fc belirtti. \u00d6m\u00fcrl\u00fc, \u201cBu m\u00fccadele, ada \u00fczerinde hak sahibi oldu\u011fumuzu ve \u00f6zg\u00fcrl\u00fc\u011f\u00fcm\u00fcz\u00fc koruma azmimizi t\u00fcm d\u00fcnyaya g\u00f6sterdi\u201d dedi. KKTC G\u00fcvenlik Kuvvetleri Komutanl\u0131\u011f\u0131 Emekli Astsubaylar Derne\u011fi Genel Ba\u015fkan Esen \u00d6m\u00fcrl\u00fc, 21-25 Aral\u0131k<\/p>\n","protected":false},"author":1,"featured_media":22978,"comment_status":"open","ping_status":"open","sticky":false,"template":"","format":"standard","meta":{"footnotes":""},"categories":[1],"tags":[],"class_list":["post-22977","post","type-post","status-publish","format-standard","has-post-thumbnail","hentry","category-gundem"],"yoast_head":"<!-- This site is optimized with the Yoast SEO plugin v27.5 - https:\/\/yoast.com\/product\/yoast-seo-wordpress\/ -->\n<title>\u201cAsla umutsuzlu\u011fa kap\u0131lmad\u0131k, m\u00fccadelemizi g\u00fc\u00e7l\u00fc bir irade ve kararl\u0131l\u0131kla s\u00fcrd\u00fcrd\u00fck\u201d -<\/title>\n<meta name=\"robots\" content=\"index, follow, max-snippet:-1, max-image-preview:large, max-video-preview:-1\" \/>\n<link rel=\"canonical\" href=\"https:\/\/kibrisdakik.com\/?p=22977\" \/>\n<meta property=\"og:locale\" content=\"tr_TR\" \/>\n<meta property=\"og:type\" content=\"article\" \/>\n<meta property=\"og:title\" content=\"\u201cAsla umutsuzlu\u011fa kap\u0131lmad\u0131k, m\u00fccadelemizi g\u00fc\u00e7l\u00fc bir irade ve kararl\u0131l\u0131kla s\u00fcrd\u00fcrd\u00fck\u201d -\" \/>\n<meta property=\"og:description\" content=\"Emekli Astsubaylar Derne\u011fi Genel Ba\u015fkan Esen \u00d6m\u00fcrl\u00fc, K\u0131br\u0131s T\u00fcrk halk\u0131n\u0131n ac\u0131lara, kay\u0131plara ve s\u0131k\u0131nt\u0131lara ra\u011fmen asla umutsuzlu\u011fa kap\u0131lmad\u0131\u011f\u0131n\u0131, m\u00fccadelesini g\u00fc\u00e7l\u00fc bir irade ve kararl\u0131l\u0131kla s\u00fcrd\u00fcrd\u00fc\u011f\u00fcn\u00fc belirtti. \u00d6m\u00fcrl\u00fc, \u201cBu m\u00fccadele, ada \u00fczerinde hak sahibi oldu\u011fumuzu ve \u00f6zg\u00fcrl\u00fc\u011f\u00fcm\u00fcz\u00fc koruma azmimizi t\u00fcm d\u00fcnyaya g\u00f6sterdi\u201d dedi. KKTC G\u00fcvenlik Kuvvetleri Komutanl\u0131\u011f\u0131 Emekli Astsubaylar Derne\u011fi Genel Ba\u015fkan Esen \u00d6m\u00fcrl\u00fc, 21-25 Aral\u0131k\" \/>\n<meta property=\"og:url\" content=\"https:\/\/kibrisdakik.com\/?p=22977\" \/>\n<meta property=\"article:published_time\" content=\"2023-12-20T09:20:50+00:00\" \/>\n<meta property=\"og:image\" content=\"https:\/\/kibrisdakik.com\/wp-content\/uploads\/2023\/12\/asla-umutsuzluga-kapilmadik-mucadelemizi-guclu-bir-irade-ve-kararlilikla-surdurduk-1703062759.webp.webp\" \/>\n\t<meta property=\"og:image:width\" content=\"710\" \/>\n\t<meta property=\"og:image:height\" content=\"370\" \/>\n\t<meta property=\"og:image:type\" content=\"image\/webp\" \/>\n<meta name=\"author\" content=\"admin\" \/>\n<meta name=\"twitter:card\" content=\"summary_large_image\" \/>\n<meta name=\"twitter:label1\" content=\"Yazan:\" \/>\n\t<meta name=\"twitter:data1\" content=\"admin\" \/>\n\t<meta name=\"twitter:label2\" content=\"Tahmini okuma s\u00fcresi\" \/>\n\t<meta name=\"twitter:data2\" content=\"2 dakika\" \/>\n<script type=\"application\/ld+json\" class=\"yoast-schema-graph\">{\"@context\":\"https:\\\/\\\/schema.org\",\"@graph\":[{\"@type\":\"Article\",\"@id\":\"https:\\\/\\\/kibrisdakik.com\\\/?p=22977#article\",\"isPartOf\":{\"@id\":\"https:\\\/\\\/kibrisdakik.com\\\/?p=22977\"},\"author\":{\"name\":\"admin\",\"@id\":\"https:\\\/\\\/kibrisdakik.com\\\/#\\\/schema\\\/person\\\/9cd9d437bbb44f72b73ba127e06d8e79\"},\"headline\":\"\u201cAsla umutsuzlu\u011fa kap\u0131lmad\u0131k, m\u00fccadelemizi g\u00fc\u00e7l\u00fc bir irade ve kararl\u0131l\u0131kla s\u00fcrd\u00fcrd\u00fck\u201d\",\"datePublished\":\"2023-12-20T09:20:50+00:00\",\"mainEntityOfPage\":{\"@id\":\"https:\\\/\\\/kibrisdakik.com\\\/?p=22977\"},\"wordCount\":326,\"commentCount\":0,\"image\":{\"@id\":\"https:\\\/\\\/kibrisdakik.com\\\/?p=22977#primaryimage\"},\"thumbnailUrl\":\"https:\\\/\\\/kibrisdakik.com\\\/wp-content\\\/uploads\\\/2023\\\/12\\\/asla-umutsuzluga-kapilmadik-mucadelemizi-guclu-bir-irade-ve-kararlilikla-surdurduk-1703062759.webp.webp\",\"articleSection\":[\"G\u00fcndem\"],\"inLanguage\":\"tr\",\"potentialAction\":[{\"@type\":\"CommentAction\",\"name\":\"Comment\",\"target\":[\"https:\\\/\\\/kibrisdakik.com\\\/?p=22977#respond\"]}]},{\"@type\":\"WebPage\",\"@id\":\"https:\\\/\\\/kibrisdakik.com\\\/?p=22977\",\"url\":\"https:\\\/\\\/kibrisdakik.com\\\/?p=22977\",\"name\":\"\u201cAsla umutsuzlu\u011fa kap\u0131lmad\u0131k, m\u00fccadelemizi g\u00fc\u00e7l\u00fc bir irade ve kararl\u0131l\u0131kla s\u00fcrd\u00fcrd\u00fck\u201d -\",\"isPartOf\":{\"@id\":\"https:\\\/\\\/kibrisdakik.com\\\/#website\"},\"primaryImageOfPage\":{\"@id\":\"https:\\\/\\\/kibrisdakik.com\\\/?p=22977#primaryimage\"},\"image\":{\"@id\":\"https:\\\/\\\/kibrisdakik.com\\\/?p=22977#primaryimage\"},\"thumbnailUrl\":\"https:\\\/\\\/kibrisdakik.com\\\/wp-content\\\/uploads\\\/2023\\\/12\\\/asla-umutsuzluga-kapilmadik-mucadelemizi-guclu-bir-irade-ve-kararlilikla-surdurduk-1703062759.webp.webp\",\"datePublished\":\"2023-12-20T09:20:50+00:00\",\"author\":{\"@id\":\"https:\\\/\\\/kibrisdakik.com\\\/#\\\/schema\\\/person\\\/9cd9d437bbb44f72b73ba127e06d8e79\"},\"breadcrumb\":{\"@id\":\"https:\\\/\\\/kibrisdakik.com\\\/?p=22977#breadcrumb\"},\"inLanguage\":\"tr\",\"potentialAction\":[{\"@type\":\"ReadAction\",\"target\":[\"https:\\\/\\\/kibrisdakik.com\\\/?p=22977\"]}]},{\"@type\":\"ImageObject\",\"inLanguage\":\"tr\",\"@id\":\"https:\\\/\\\/kibrisdakik.com\\\/?p=22977#primaryimage\",\"url\":\"https:\\\/\\\/kibrisdakik.com\\\/wp-content\\\/uploads\\\/2023\\\/12\\\/asla-umutsuzluga-kapilmadik-mucadelemizi-guclu-bir-irade-ve-kararlilikla-surdurduk-1703062759.webp.webp\",\"contentUrl\":\"https:\\\/\\\/kibrisdakik.com\\\/wp-content\\\/uploads\\\/2023\\\/12\\\/asla-umutsuzluga-kapilmadik-mucadelemizi-guclu-bir-irade-ve-kararlilikla-surdurduk-1703062759.webp.webp\",\"width\":710,\"height\":370},{\"@type\":\"BreadcrumbList\",\"@id\":\"https:\\\/\\\/kibrisdakik.com\\\/?p=22977#breadcrumb\",\"itemListElement\":[{\"@type\":\"ListItem\",\"position\":1,\"name\":\"Home\",\"item\":\"https:\\\/\\\/kibrisdakik.com\\\/\"},{\"@type\":\"ListItem\",\"position\":2,\"name\":\"\u201cAsla umutsuzlu\u011fa kap\u0131lmad\u0131k, m\u00fccadelemizi g\u00fc\u00e7l\u00fc bir irade ve kararl\u0131l\u0131kla s\u00fcrd\u00fcrd\u00fck\u201d\"}]},{\"@type\":\"WebSite\",\"@id\":\"https:\\\/\\\/kibrisdakik.com\\\/#website\",\"url\":\"https:\\\/\\\/kibrisdakik.com\\\/\",\"name\":\"\",\"description\":\"Tam vaktinde haber\",\"potentialAction\":[{\"@type\":\"SearchAction\",\"target\":{\"@type\":\"EntryPoint\",\"urlTemplate\":\"https:\\\/\\\/kibrisdakik.com\\\/?s={search_term_string}\"},\"query-input\":{\"@type\":\"PropertyValueSpecification\",\"valueRequired\":true,\"valueName\":\"search_term_string\"}}],\"inLanguage\":\"tr\"},{\"@type\":\"Person\",\"@id\":\"https:\\\/\\\/kibrisdakik.com\\\/#\\\/schema\\\/person\\\/9cd9d437bbb44f72b73ba127e06d8e79\",\"name\":\"admin\",\"image\":{\"@type\":\"ImageObject\",\"inLanguage\":\"tr\",\"@id\":\"https:\\\/\\\/secure.gravatar.com\\\/avatar\\\/ccc17943b9d660506c869530f897617f7cb1c21a4bf30023f252596d83e1f007?s=96&d=mm&r=g\",\"url\":\"https:\\\/\\\/secure.gravatar.com\\\/avatar\\\/ccc17943b9d660506c869530f897617f7cb1c21a4bf30023f252596d83e1f007?s=96&d=mm&r=g\",\"contentUrl\":\"https:\\\/\\\/secure.gravatar.com\\\/avatar\\\/ccc17943b9d660506c869530f897617f7cb1c21a4bf30023f252596d83e1f007?s=96&d=mm&r=g\",\"caption\":\"admin\"},\"sameAs\":[\"https:\\\/\\\/kibrisdakik.com\"],\"url\":\"https:\\\/\\\/kibrisdakik.com\\\/?author=1\"}]}<\/script>\n<!-- \/ Yoast SEO plugin. -->","yoast_head_json":{"title":"\u201cAsla umutsuzlu\u011fa kap\u0131lmad\u0131k, m\u00fccadelemizi g\u00fc\u00e7l\u00fc bir irade ve kararl\u0131l\u0131kla s\u00fcrd\u00fcrd\u00fck\u201d -","robots":{"index":"index","follow":"follow","max-snippet":"max-snippet:-1","max-image-preview":"max-image-preview:large","max-video-preview":"max-video-preview:-1"},"canonical":"https:\/\/kibrisdakik.com\/?p=22977","og_locale":"tr_TR","og_type":"article","og_title":"\u201cAsla umutsuzlu\u011fa kap\u0131lmad\u0131k, m\u00fccadelemizi g\u00fc\u00e7l\u00fc bir irade ve kararl\u0131l\u0131kla s\u00fcrd\u00fcrd\u00fck\u201d -","og_description":"Emekli Astsubaylar Derne\u011fi Genel Ba\u015fkan Esen \u00d6m\u00fcrl\u00fc, K\u0131br\u0131s T\u00fcrk halk\u0131n\u0131n ac\u0131lara, kay\u0131plara ve s\u0131k\u0131nt\u0131lara ra\u011fmen asla umutsuzlu\u011fa kap\u0131lmad\u0131\u011f\u0131n\u0131, m\u00fccadelesini g\u00fc\u00e7l\u00fc bir irade ve kararl\u0131l\u0131kla s\u00fcrd\u00fcrd\u00fc\u011f\u00fcn\u00fc belirtti. \u00d6m\u00fcrl\u00fc, \u201cBu m\u00fccadele, ada \u00fczerinde hak sahibi oldu\u011fumuzu ve \u00f6zg\u00fcrl\u00fc\u011f\u00fcm\u00fcz\u00fc koruma azmimizi t\u00fcm d\u00fcnyaya g\u00f6sterdi\u201d dedi. KKTC G\u00fcvenlik Kuvvetleri Komutanl\u0131\u011f\u0131 Emekli Astsubaylar Derne\u011fi Genel Ba\u015fkan Esen \u00d6m\u00fcrl\u00fc, 21-25 Aral\u0131k","og_url":"https:\/\/kibrisdakik.com\/?p=22977","article_published_time":"2023-12-20T09:20:50+00:00","og_image":[{"width":710,"height":370,"url":"https:\/\/kibrisdakik.com\/wp-content\/uploads\/2023\/12\/asla-umutsuzluga-kapilmadik-mucadelemizi-guclu-bir-irade-ve-kararlilikla-surdurduk-1703062759.webp.webp","type":"image\/webp"}],"author":"admin","twitter_card":"summary_large_image","twitter_misc":{"Yazan:":"admin","Tahmini okuma s\u00fcresi":"2 dakika"},"schema":{"@context":"https:\/\/schema.org","@graph":[{"@type":"Article","@id":"https:\/\/kibrisdakik.com\/?p=22977#article","isPartOf":{"@id":"https:\/\/kibrisdakik.com\/?p=22977"},"author":{"name":"admin","@id":"https:\/\/kibrisdakik.com\/#\/schema\/person\/9cd9d437bbb44f72b73ba127e06d8e79"},"headline":"\u201cAsla umutsuzlu\u011fa kap\u0131lmad\u0131k, m\u00fccadelemizi g\u00fc\u00e7l\u00fc bir irade ve kararl\u0131l\u0131kla s\u00fcrd\u00fcrd\u00fck\u201d","datePublished":"2023-12-20T09:20:50+00:00","mainEntityOfPage":{"@id":"https:\/\/kibrisdakik.com\/?p=22977"},"wordCount":326,"commentCount":0,"image":{"@id":"https:\/\/kibrisdakik.com\/?p=22977#primaryimage"},"thumbnailUrl":"https:\/\/kibrisdakik.com\/wp-content\/uploads\/2023\/12\/asla-umutsuzluga-kapilmadik-mucadelemizi-guclu-bir-irade-ve-kararlilikla-surdurduk-1703062759.webp.webp","articleSection":["G\u00fcndem"],"inLanguage":"tr","potentialAction":[{"@type":"CommentAction","name":"Comment","target":["https:\/\/kibrisdakik.com\/?p=22977#respond"]}]},{"@type":"WebPage","@id":"https:\/\/kibrisdakik.com\/?p=22977","url":"https:\/\/kibrisdakik.com\/?p=22977","name":"\u201cAsla umutsuzlu\u011fa kap\u0131lmad\u0131k, m\u00fccadelemizi g\u00fc\u00e7l\u00fc bir irade ve kararl\u0131l\u0131kla s\u00fcrd\u00fcrd\u00fck\u201d -","isPartOf":{"@id":"https:\/\/kibrisdakik.com\/#website"},"primaryImageOfPage":{"@id":"https:\/\/kibrisdakik.com\/?p=22977#primaryimage"},"image":{"@id":"https:\/\/kibrisdakik.com\/?p=22977#primaryimage"},"thumbnailUrl":"https:\/\/kibrisdakik.com\/wp-content\/uploads\/2023\/12\/asla-umutsuzluga-kapilmadik-mucadelemizi-guclu-bir-irade-ve-kararlilikla-surdurduk-1703062759.webp.webp","datePublished":"2023-12-20T09:20:50+00:00","author":{"@id":"https:\/\/kibrisdakik.com\/#\/schema\/person\/9cd9d437bbb44f72b73ba127e06d8e79"},"breadcrumb":{"@id":"https:\/\/kibrisdakik.com\/?p=22977#breadcrumb"},"inLanguage":"tr","potentialAction":[{"@type":"ReadAction","target":["https:\/\/kibrisdakik.com\/?p=22977"]}]},{"@type":"ImageObject","inLanguage":"tr","@id":"https:\/\/kibrisdakik.com\/?p=22977#primaryimage","url":"https:\/\/kibrisdakik.com\/wp-content\/uploads\/2023\/12\/asla-umutsuzluga-kapilmadik-mucadelemizi-guclu-bir-irade-ve-kararlilikla-surdurduk-1703062759.webp.webp","contentUrl":"https:\/\/kibrisdakik.com\/wp-content\/uploads\/2023\/12\/asla-umutsuzluga-kapilmadik-mucadelemizi-guclu-bir-irade-ve-kararlilikla-surdurduk-1703062759.webp.webp","width":710,"height":370},{"@type":"BreadcrumbList","@id":"https:\/\/kibrisdakik.com\/?p=22977#breadcrumb","itemListElement":[{"@type":"ListItem","position":1,"name":"Home","item":"https:\/\/kibrisdakik.com\/"},{"@type":"ListItem","position":2,"name":"\u201cAsla umutsuzlu\u011fa kap\u0131lmad\u0131k, m\u00fccadelemizi g\u00fc\u00e7l\u00fc bir irade ve kararl\u0131l\u0131kla s\u00fcrd\u00fcrd\u00fck\u201d"}]},{"@type":"WebSite","@id":"https:\/\/kibrisdakik.com\/#website","url":"https:\/\/kibrisdakik.com\/","name":"","description":"Tam vaktinde haber","potentialAction":[{"@type":"SearchAction","target":{"@type":"EntryPoint","urlTemplate":"https:\/\/kibrisdakik.com\/?s={search_term_string}"},"query-input":{"@type":"PropertyValueSpecification","valueRequired":true,"valueName":"search_term_string"}}],"inLanguage":"tr"},{"@type":"Person","@id":"https:\/\/kibrisdakik.com\/#\/schema\/person\/9cd9d437bbb44f72b73ba127e06d8e79","name":"admin","image":{"@type":"ImageObject","inLanguage":"tr","@id":"https:\/\/secure.gravatar.com\/avatar\/ccc17943b9d660506c869530f897617f7cb1c21a4bf30023f252596d83e1f007?s=96&d=mm&r=g","url":"https:\/\/secure.gravatar.com\/avatar\/ccc17943b9d660506c869530f897617f7cb1c21a4bf30023f252596d83e1f007?s=96&d=mm&r=g","contentUrl":"https:\/\/secure.gravatar.com\/avatar\/ccc17943b9d660506c869530f897617f7cb1c21a4bf30023f252596d83e1f007?s=96&d=mm&r=g","caption":"admin"},"sameAs":["https:\/\/kibrisdakik.com"],"url":"https:\/\/kibrisdakik.com\/?author=1"}]}},"_links":{"self":[{"href":"https:\/\/kibrisdakik.com\/index.php?rest_route=\/wp\/v2\/posts\/22977","targetHints":{"allow":["GET"]}}],"collection":[{"href":"https:\/\/kibrisdakik.com\/index.php?rest_route=\/wp\/v2\/posts"}],"about":[{"href":"https:\/\/kibrisdakik.com\/index.php?rest_route=\/wp\/v2\/types\/post"}],"author":[{"embeddable":true,"href":"https:\/\/kibrisdakik.com\/index.php?rest_route=\/wp\/v2\/users\/1"}],"replies":[{"embeddable":true,"href":"https:\/\/kibrisdakik.com\/index.php?rest_route=%2Fwp%2Fv2%2Fcomments&post=22977"}],"version-history":[{"count":0,"href":"https:\/\/kibrisdakik.com\/index.php?rest_route=\/wp\/v2\/posts\/22977\/revisions"}],"wp:featuredmedia":[{"embeddable":true,"href":"https:\/\/kibrisdakik.com\/index.php?rest_route=\/wp\/v2\/media\/22978"}],"wp:attachment":[{"href":"https:\/\/kibrisdakik.com\/index.php?rest_route=%2Fwp%2Fv2%2Fmedia&parent=22977"}],"wp:term":[{"taxonomy":"category","embeddable":true,"href":"https:\/\/kibrisdakik.com\/index.php?rest_route=%2Fwp%2Fv2%2Fcategories&post=22977"},{"taxonomy":"post_tag","embeddable":true,"href":"https:\/\/kibrisdakik.com\/index.php?rest_route=%2Fwp%2Fv2%2Ftags&post=22977"}],"curies":[{"name":"wp","href":"https:\/\/api.w.org\/{rel}","templated":true}]}}