{"id":22979,"date":"2023-12-20T09:27:10","date_gmt":"2023-12-20T09:27:10","guid":{"rendered":"https:\/\/kibrisdakik.com\/index.php\/2023\/12\/20\/kibris-turklerine-karsi-baslatilan-vahset-ve-zulmun-60inci-yil-donumu\/"},"modified":"2023-12-20T09:27:10","modified_gmt":"2023-12-20T09:27:10","slug":"kibris-turklerine-karsi-baslatilan-vahset-ve-zulmun-60inci-yil-donumu","status":"publish","type":"post","link":"https:\/\/kibrisdakik.com\/?p=22979","title":{"rendered":"\u201dK\u0131br\u0131s T\u00fcrklerine kar\u015f\u0131 ba\u015flat\u0131lan vah\u015fet ve zulm\u00fcn 60\u2019\u0131nc\u0131 y\u0131l d\u00f6n\u00fcm\u00fc\u201d"},"content":{"rendered":"<p><img decoding=\"async\" src=\"https:\/\/www.kibristurk.com\/images\/haberler\/2023\/12\/kibris-turklerine-karsi-baslatilan-vahset-ve-zulmun-60inci-yil-donumu-1703062001.webp\" \/><\/p>\n<p>K\u0131br\u0131s TMT M\u00fccahitler Derne\u011fi Genel Ba\u015fkan\u0131 Celal Bayar, 21 Aral\u0131k Milli M\u00fccadele ve \u015eehitler Haftas\u0131 mesaj\u0131nda, Rum ve Yunan barbarl\u0131\u011f\u0131n\u0131n, K\u0131br\u0131s T\u00fcrklerine kar\u015f\u0131 ba\u015flatt\u0131klar\u0131 vah\u015fet ve zulm\u00fcn 60\u2019\u0131nc\u0131 y\u0131ld\u00f6n\u00fcm\u00fc oldu\u011funu vurgulad\u0131.<\/p>\n<p>Bayar, Rumlar\u0131n Enosis u\u011fruna K\u0131br\u0131s Cumhuriyeti\u2019nin ya\u015famas\u0131na izin vermedi\u011fini ve T\u00fcrkleri yok etme plan\u0131n\u0131 uygulamaya koydu\u011funu kaydederek, \u201cAradan 58 y\u0131l ge\u00e7mesine ra\u011fmen bug\u00fcn dahi ayn\u0131 g\u00f6r\u00fc\u015f\u00fc savunmaktad\u0131rlar. \u00c7\u00f6z\u00fcm aray\u0131\u015flar\u0131nda da haklar\u0131m\u0131z\u0131 vermeyip bizi az\u0131nl\u0131k durumuna d\u00fc\u015f\u00fcrmek istiyorlar. Bir di\u011fer \u00f6nemli hayati dayana\u011f\u0131m\u0131z olan garantileri ve T\u00fcrk Askerini ortadan kald\u0131rmak istiyorlar\u201d dedi.<\/p>\n<p>Bayar, 60 y\u0131l \u00f6nce ba\u015flayan, karanl\u0131k, ac\u0131, kan ve g\u00f6zya\u015f\u0131 dolu katliam ve ac\u0131mas\u0131z ambargolar alt\u0131ndaki g\u00fcnlerin TMT\u2019nin \u00f6nderli\u011finde ve Anavatan\u2019\u0131n her t\u00fcrl\u00fc deste\u011fi ile \u00f6nlendi\u011fini kaydederek, \u015funlar\u0131 ifade etti:<\/p>\n<p>\u201cM\u00fccahit K\u0131br\u0131s T\u00fcrk halk\u0131 7\u2019den 70\u2019e can ve namusunu korumak i\u00e7in en zor \u015fartlarda direndi ve Rum\u2019a teslim olmad\u0131. On bir y\u0131l evsiz barks\u0131z, i\u015fsiz, a\u015fs\u0131z kald\u0131. Katliama u\u011frad\u0131, \u015fehitler ve kay\u0131plar verdi, ambargolar alt\u0131nda ezildi, g\u00f6\u00e7 etmek zorunda kald\u0131. B\u00fcy\u00fck bedeller \u00f6deyerek ad\u0131m ad\u0131m kendi y\u00f6netim ve idaresini kurdu ve 20 Temmuz 1974 Mutlu Bar\u0131\u015f Harekat\u0131 ile \u00f6zg\u00fcrl\u00fc\u011f\u00fcne ve egemen devletine kavu\u015ftu. Ada\u2019ya bar\u0131\u015f ve \u00e7\u00f6z\u00fcm de gelmi\u015f oldu.\u201d<\/p>\n<p>&#8211; \u201cKKTC\u2019ye ve Anavatan\u0131m\u0131za s\u0131ms\u0131k\u0131 sar\u0131lmaktan ve egemen devletimizi ya\u015fatmaktan ba\u015fka se\u00e7ene\u011fimiz yoktur\u201d<\/p>\n<p>Celal Bayar bug\u00fcn adada iki ayr\u0131 idare ve devlet oldu\u011funa i\u015faret ederek, Rum taraf\u0131n\u0131n ve d\u00fcnyan\u0131n art\u0131k bu ger\u00e7e\u011fi g\u00f6rmesi ve kal\u0131c\u0131 bir \u00e7\u00f6z\u00fcm\u00fcn iki e\u015fit aras\u0131nda olabilece\u011finin kabul etmesi gerekti\u011fini belirtti. Bayar, \u201cBu ger\u00e7ek kabul edilmedik\u00e7e m\u00fczakere ve federasyon g\u00f6r\u00fc\u015f\u00fclmesi abestir\u201d dedi.<\/p>\n<p>Aradan 60 y\u0131l ge\u00e7ti\u011fini ancak \u015fehit ve kay\u0131plar\u0131n hala bug\u00fcn kemiklerinin bulundu\u011funu hat\u0131rlatan Bayar, Gazze\u2019deki vah\u015fete dikkat \u00e7ekerek, \u015funlar\u0131 kaydetti:<\/p>\n<p>\u201cTarihin tekerr\u00fcr etmemesi, gelecek nesillerin Kanl\u0131 Noel\u2019leri ya\u015famamas\u0131 i\u00e7in Aziz \u015eehitlerimizin ve kahraman Gazilerimizin bize emanet etti\u011fi KKTC\u2019ye ve Anavatan\u0131m\u0131za s\u0131ms\u0131k\u0131 sar\u0131lmaktan ve egemen devletimizi ya\u015fatmaktan ba\u015fka se\u00e7ene\u011fimiz yoktur. Bize bu g\u00fcnleri arma\u011fan eden aziz \u015fehitlerimiz ile kahraman gazilerimizi minnet ve \u015f\u00fckranla anar Anavatan\u0131m\u0131z ve T\u00fcrk Silahl\u0131 Kuvvetleri\u2019ne olan g\u00fcvenimizi yinelerken en i\u00e7ten sevgi ve sayg\u0131lar\u0131m\u0131z\u0131 sunar\u0131z.\u201d<\/p>\n","protected":false},"excerpt":{"rendered":"<p>K\u0131br\u0131s TMT M\u00fccahitler Derne\u011fi Genel Ba\u015fkan\u0131 Celal Bayar, 21 Aral\u0131k Milli M\u00fccadele ve \u015eehitler Haftas\u0131 mesaj\u0131nda, Rum ve Yunan barbarl\u0131\u011f\u0131n\u0131n, K\u0131br\u0131s T\u00fcrklerine kar\u015f\u0131 ba\u015flatt\u0131klar\u0131 vah\u015fet ve zulm\u00fcn 60\u2019\u0131nc\u0131 y\u0131ld\u00f6n\u00fcm\u00fc oldu\u011funu vurgulad\u0131. Bayar, Rumlar\u0131n Enosis u\u011fruna K\u0131br\u0131s Cumhuriyeti\u2019nin ya\u015famas\u0131na izin vermedi\u011fini ve T\u00fcrkleri yok etme plan\u0131n\u0131 uygulamaya koydu\u011funu kaydederek, \u201cAradan 58 y\u0131l ge\u00e7mesine ra\u011fmen bug\u00fcn dahi<\/p>\n","protected":false},"author":1,"featured_media":22980,"comment_status":"open","ping_status":"open","sticky":false,"template":"","format":"standard","meta":{"footnotes":""},"categories":[85],"tags":[],"class_list":["post-22979","post","type-post","status-publish","format-standard","has-post-thumbnail","hentry","category-spor"],"yoast_head":"<!-- This site is optimized with the Yoast SEO plugin v27.4 - https:\/\/yoast.com\/product\/yoast-seo-wordpress\/ -->\n<title>\u201dK\u0131br\u0131s T\u00fcrklerine kar\u015f\u0131 ba\u015flat\u0131lan vah\u015fet ve zulm\u00fcn 60\u2019\u0131nc\u0131 y\u0131l d\u00f6n\u00fcm\u00fc\u201d -<\/title>\n<meta name=\"robots\" content=\"index, follow, max-snippet:-1, max-image-preview:large, max-video-preview:-1\" \/>\n<link rel=\"canonical\" href=\"https:\/\/kibrisdakik.com\/?p=22979\" \/>\n<meta property=\"og:locale\" content=\"tr_TR\" \/>\n<meta property=\"og:type\" content=\"article\" \/>\n<meta property=\"og:title\" content=\"\u201dK\u0131br\u0131s T\u00fcrklerine kar\u015f\u0131 ba\u015flat\u0131lan vah\u015fet ve zulm\u00fcn 60\u2019\u0131nc\u0131 y\u0131l d\u00f6n\u00fcm\u00fc\u201d -\" \/>\n<meta property=\"og:description\" content=\"K\u0131br\u0131s TMT M\u00fccahitler Derne\u011fi Genel Ba\u015fkan\u0131 Celal Bayar, 21 Aral\u0131k Milli M\u00fccadele ve \u015eehitler Haftas\u0131 mesaj\u0131nda, Rum ve Yunan barbarl\u0131\u011f\u0131n\u0131n, K\u0131br\u0131s T\u00fcrklerine kar\u015f\u0131 ba\u015flatt\u0131klar\u0131 vah\u015fet ve zulm\u00fcn 60\u2019\u0131nc\u0131 y\u0131ld\u00f6n\u00fcm\u00fc oldu\u011funu vurgulad\u0131. Bayar, Rumlar\u0131n Enosis u\u011fruna K\u0131br\u0131s Cumhuriyeti\u2019nin ya\u015famas\u0131na izin vermedi\u011fini ve T\u00fcrkleri yok etme plan\u0131n\u0131 uygulamaya koydu\u011funu kaydederek, \u201cAradan 58 y\u0131l ge\u00e7mesine ra\u011fmen bug\u00fcn dahi\" \/>\n<meta property=\"og:url\" content=\"https:\/\/kibrisdakik.com\/?p=22979\" \/>\n<meta property=\"article:published_time\" content=\"2023-12-20T09:27:10+00:00\" \/>\n<meta property=\"og:image\" content=\"https:\/\/kibrisdakik.com\/wp-content\/uploads\/2023\/12\/kibris-turklerine-karsi-baslatilan-vahset-ve-zulmun-60inci-yil-donumu-1703062001.webp.webp\" \/>\n\t<meta property=\"og:image:width\" content=\"710\" \/>\n\t<meta property=\"og:image:height\" content=\"370\" \/>\n\t<meta property=\"og:image:type\" content=\"image\/webp\" \/>\n<meta name=\"author\" content=\"admin\" \/>\n<meta name=\"twitter:card\" content=\"summary_large_image\" \/>\n<meta name=\"twitter:label1\" content=\"Yazan:\" \/>\n\t<meta name=\"twitter:data1\" content=\"admin\" \/>\n\t<meta name=\"twitter:label2\" content=\"Tahmini okuma s\u00fcresi\" \/>\n\t<meta name=\"twitter:data2\" content=\"2 dakika\" \/>\n<script type=\"application\/ld+json\" class=\"yoast-schema-graph\">{\"@context\":\"https:\\\/\\\/schema.org\",\"@graph\":[{\"@type\":\"Article\",\"@id\":\"https:\\\/\\\/kibrisdakik.com\\\/?p=22979#article\",\"isPartOf\":{\"@id\":\"https:\\\/\\\/kibrisdakik.com\\\/?p=22979\"},\"author\":{\"name\":\"admin\",\"@id\":\"https:\\\/\\\/kibrisdakik.com\\\/#\\\/schema\\\/person\\\/9cd9d437bbb44f72b73ba127e06d8e79\"},\"headline\":\"\u201dK\u0131br\u0131s T\u00fcrklerine kar\u015f\u0131 ba\u015flat\u0131lan vah\u015fet ve zulm\u00fcn 60\u2019\u0131nc\u0131 y\u0131l d\u00f6n\u00fcm\u00fc\u201d\",\"datePublished\":\"2023-12-20T09:27:10+00:00\",\"mainEntityOfPage\":{\"@id\":\"https:\\\/\\\/kibrisdakik.com\\\/?p=22979\"},\"wordCount\":488,\"commentCount\":0,\"image\":{\"@id\":\"https:\\\/\\\/kibrisdakik.com\\\/?p=22979#primaryimage\"},\"thumbnailUrl\":\"https:\\\/\\\/kibrisdakik.com\\\/wp-content\\\/uploads\\\/2023\\\/12\\\/kibris-turklerine-karsi-baslatilan-vahset-ve-zulmun-60inci-yil-donumu-1703062001.webp.webp\",\"articleSection\":[\"Spor\"],\"inLanguage\":\"tr\",\"potentialAction\":[{\"@type\":\"CommentAction\",\"name\":\"Comment\",\"target\":[\"https:\\\/\\\/kibrisdakik.com\\\/?p=22979#respond\"]}]},{\"@type\":\"WebPage\",\"@id\":\"https:\\\/\\\/kibrisdakik.com\\\/?p=22979\",\"url\":\"https:\\\/\\\/kibrisdakik.com\\\/?p=22979\",\"name\":\"\u201dK\u0131br\u0131s T\u00fcrklerine kar\u015f\u0131 ba\u015flat\u0131lan vah\u015fet ve zulm\u00fcn 60\u2019\u0131nc\u0131 y\u0131l d\u00f6n\u00fcm\u00fc\u201d -\",\"isPartOf\":{\"@id\":\"https:\\\/\\\/kibrisdakik.com\\\/#website\"},\"primaryImageOfPage\":{\"@id\":\"https:\\\/\\\/kibrisdakik.com\\\/?p=22979#primaryimage\"},\"image\":{\"@id\":\"https:\\\/\\\/kibrisdakik.com\\\/?p=22979#primaryimage\"},\"thumbnailUrl\":\"https:\\\/\\\/kibrisdakik.com\\\/wp-content\\\/uploads\\\/2023\\\/12\\\/kibris-turklerine-karsi-baslatilan-vahset-ve-zulmun-60inci-yil-donumu-1703062001.webp.webp\",\"datePublished\":\"2023-12-20T09:27:10+00:00\",\"author\":{\"@id\":\"https:\\\/\\\/kibrisdakik.com\\\/#\\\/schema\\\/person\\\/9cd9d437bbb44f72b73ba127e06d8e79\"},\"breadcrumb\":{\"@id\":\"https:\\\/\\\/kibrisdakik.com\\\/?p=22979#breadcrumb\"},\"inLanguage\":\"tr\",\"potentialAction\":[{\"@type\":\"ReadAction\",\"target\":[\"https:\\\/\\\/kibrisdakik.com\\\/?p=22979\"]}]},{\"@type\":\"ImageObject\",\"inLanguage\":\"tr\",\"@id\":\"https:\\\/\\\/kibrisdakik.com\\\/?p=22979#primaryimage\",\"url\":\"https:\\\/\\\/kibrisdakik.com\\\/wp-content\\\/uploads\\\/2023\\\/12\\\/kibris-turklerine-karsi-baslatilan-vahset-ve-zulmun-60inci-yil-donumu-1703062001.webp.webp\",\"contentUrl\":\"https:\\\/\\\/kibrisdakik.com\\\/wp-content\\\/uploads\\\/2023\\\/12\\\/kibris-turklerine-karsi-baslatilan-vahset-ve-zulmun-60inci-yil-donumu-1703062001.webp.webp\",\"width\":710,\"height\":370},{\"@type\":\"BreadcrumbList\",\"@id\":\"https:\\\/\\\/kibrisdakik.com\\\/?p=22979#breadcrumb\",\"itemListElement\":[{\"@type\":\"ListItem\",\"position\":1,\"name\":\"Home\",\"item\":\"https:\\\/\\\/kibrisdakik.com\\\/\"},{\"@type\":\"ListItem\",\"position\":2,\"name\":\"\u201dK\u0131br\u0131s T\u00fcrklerine kar\u015f\u0131 ba\u015flat\u0131lan vah\u015fet ve zulm\u00fcn 60\u2019\u0131nc\u0131 y\u0131l d\u00f6n\u00fcm\u00fc\u201d\"}]},{\"@type\":\"WebSite\",\"@id\":\"https:\\\/\\\/kibrisdakik.com\\\/#website\",\"url\":\"https:\\\/\\\/kibrisdakik.com\\\/\",\"name\":\"\",\"description\":\"Tam vaktinde haber\",\"potentialAction\":[{\"@type\":\"SearchAction\",\"target\":{\"@type\":\"EntryPoint\",\"urlTemplate\":\"https:\\\/\\\/kibrisdakik.com\\\/?s={search_term_string}\"},\"query-input\":{\"@type\":\"PropertyValueSpecification\",\"valueRequired\":true,\"valueName\":\"search_term_string\"}}],\"inLanguage\":\"tr\"},{\"@type\":\"Person\",\"@id\":\"https:\\\/\\\/kibrisdakik.com\\\/#\\\/schema\\\/person\\\/9cd9d437bbb44f72b73ba127e06d8e79\",\"name\":\"admin\",\"image\":{\"@type\":\"ImageObject\",\"inLanguage\":\"tr\",\"@id\":\"https:\\\/\\\/secure.gravatar.com\\\/avatar\\\/ccc17943b9d660506c869530f897617f7cb1c21a4bf30023f252596d83e1f007?s=96&d=mm&r=g\",\"url\":\"https:\\\/\\\/secure.gravatar.com\\\/avatar\\\/ccc17943b9d660506c869530f897617f7cb1c21a4bf30023f252596d83e1f007?s=96&d=mm&r=g\",\"contentUrl\":\"https:\\\/\\\/secure.gravatar.com\\\/avatar\\\/ccc17943b9d660506c869530f897617f7cb1c21a4bf30023f252596d83e1f007?s=96&d=mm&r=g\",\"caption\":\"admin\"},\"sameAs\":[\"https:\\\/\\\/kibrisdakik.com\"],\"url\":\"https:\\\/\\\/kibrisdakik.com\\\/?author=1\"}]}<\/script>\n<!-- \/ Yoast SEO plugin. -->","yoast_head_json":{"title":"\u201dK\u0131br\u0131s T\u00fcrklerine kar\u015f\u0131 ba\u015flat\u0131lan vah\u015fet ve zulm\u00fcn 60\u2019\u0131nc\u0131 y\u0131l d\u00f6n\u00fcm\u00fc\u201d -","robots":{"index":"index","follow":"follow","max-snippet":"max-snippet:-1","max-image-preview":"max-image-preview:large","max-video-preview":"max-video-preview:-1"},"canonical":"https:\/\/kibrisdakik.com\/?p=22979","og_locale":"tr_TR","og_type":"article","og_title":"\u201dK\u0131br\u0131s T\u00fcrklerine kar\u015f\u0131 ba\u015flat\u0131lan vah\u015fet ve zulm\u00fcn 60\u2019\u0131nc\u0131 y\u0131l d\u00f6n\u00fcm\u00fc\u201d -","og_description":"K\u0131br\u0131s TMT M\u00fccahitler Derne\u011fi Genel Ba\u015fkan\u0131 Celal Bayar, 21 Aral\u0131k Milli M\u00fccadele ve \u015eehitler Haftas\u0131 mesaj\u0131nda, Rum ve Yunan barbarl\u0131\u011f\u0131n\u0131n, K\u0131br\u0131s T\u00fcrklerine kar\u015f\u0131 ba\u015flatt\u0131klar\u0131 vah\u015fet ve zulm\u00fcn 60\u2019\u0131nc\u0131 y\u0131ld\u00f6n\u00fcm\u00fc oldu\u011funu vurgulad\u0131. Bayar, Rumlar\u0131n Enosis u\u011fruna K\u0131br\u0131s Cumhuriyeti\u2019nin ya\u015famas\u0131na izin vermedi\u011fini ve T\u00fcrkleri yok etme plan\u0131n\u0131 uygulamaya koydu\u011funu kaydederek, \u201cAradan 58 y\u0131l ge\u00e7mesine ra\u011fmen bug\u00fcn dahi","og_url":"https:\/\/kibrisdakik.com\/?p=22979","article_published_time":"2023-12-20T09:27:10+00:00","og_image":[{"width":710,"height":370,"url":"https:\/\/kibrisdakik.com\/wp-content\/uploads\/2023\/12\/kibris-turklerine-karsi-baslatilan-vahset-ve-zulmun-60inci-yil-donumu-1703062001.webp.webp","type":"image\/webp"}],"author":"admin","twitter_card":"summary_large_image","twitter_misc":{"Yazan:":"admin","Tahmini okuma s\u00fcresi":"2 dakika"},"schema":{"@context":"https:\/\/schema.org","@graph":[{"@type":"Article","@id":"https:\/\/kibrisdakik.com\/?p=22979#article","isPartOf":{"@id":"https:\/\/kibrisdakik.com\/?p=22979"},"author":{"name":"admin","@id":"https:\/\/kibrisdakik.com\/#\/schema\/person\/9cd9d437bbb44f72b73ba127e06d8e79"},"headline":"\u201dK\u0131br\u0131s T\u00fcrklerine kar\u015f\u0131 ba\u015flat\u0131lan vah\u015fet ve zulm\u00fcn 60\u2019\u0131nc\u0131 y\u0131l d\u00f6n\u00fcm\u00fc\u201d","datePublished":"2023-12-20T09:27:10+00:00","mainEntityOfPage":{"@id":"https:\/\/kibrisdakik.com\/?p=22979"},"wordCount":488,"commentCount":0,"image":{"@id":"https:\/\/kibrisdakik.com\/?p=22979#primaryimage"},"thumbnailUrl":"https:\/\/kibrisdakik.com\/wp-content\/uploads\/2023\/12\/kibris-turklerine-karsi-baslatilan-vahset-ve-zulmun-60inci-yil-donumu-1703062001.webp.webp","articleSection":["Spor"],"inLanguage":"tr","potentialAction":[{"@type":"CommentAction","name":"Comment","target":["https:\/\/kibrisdakik.com\/?p=22979#respond"]}]},{"@type":"WebPage","@id":"https:\/\/kibrisdakik.com\/?p=22979","url":"https:\/\/kibrisdakik.com\/?p=22979","name":"\u201dK\u0131br\u0131s T\u00fcrklerine kar\u015f\u0131 ba\u015flat\u0131lan vah\u015fet ve zulm\u00fcn 60\u2019\u0131nc\u0131 y\u0131l d\u00f6n\u00fcm\u00fc\u201d -","isPartOf":{"@id":"https:\/\/kibrisdakik.com\/#website"},"primaryImageOfPage":{"@id":"https:\/\/kibrisdakik.com\/?p=22979#primaryimage"},"image":{"@id":"https:\/\/kibrisdakik.com\/?p=22979#primaryimage"},"thumbnailUrl":"https:\/\/kibrisdakik.com\/wp-content\/uploads\/2023\/12\/kibris-turklerine-karsi-baslatilan-vahset-ve-zulmun-60inci-yil-donumu-1703062001.webp.webp","datePublished":"2023-12-20T09:27:10+00:00","author":{"@id":"https:\/\/kibrisdakik.com\/#\/schema\/person\/9cd9d437bbb44f72b73ba127e06d8e79"},"breadcrumb":{"@id":"https:\/\/kibrisdakik.com\/?p=22979#breadcrumb"},"inLanguage":"tr","potentialAction":[{"@type":"ReadAction","target":["https:\/\/kibrisdakik.com\/?p=22979"]}]},{"@type":"ImageObject","inLanguage":"tr","@id":"https:\/\/kibrisdakik.com\/?p=22979#primaryimage","url":"https:\/\/kibrisdakik.com\/wp-content\/uploads\/2023\/12\/kibris-turklerine-karsi-baslatilan-vahset-ve-zulmun-60inci-yil-donumu-1703062001.webp.webp","contentUrl":"https:\/\/kibrisdakik.com\/wp-content\/uploads\/2023\/12\/kibris-turklerine-karsi-baslatilan-vahset-ve-zulmun-60inci-yil-donumu-1703062001.webp.webp","width":710,"height":370},{"@type":"BreadcrumbList","@id":"https:\/\/kibrisdakik.com\/?p=22979#breadcrumb","itemListElement":[{"@type":"ListItem","position":1,"name":"Home","item":"https:\/\/kibrisdakik.com\/"},{"@type":"ListItem","position":2,"name":"\u201dK\u0131br\u0131s T\u00fcrklerine kar\u015f\u0131 ba\u015flat\u0131lan vah\u015fet ve zulm\u00fcn 60\u2019\u0131nc\u0131 y\u0131l d\u00f6n\u00fcm\u00fc\u201d"}]},{"@type":"WebSite","@id":"https:\/\/kibrisdakik.com\/#website","url":"https:\/\/kibrisdakik.com\/","name":"","description":"Tam vaktinde haber","potentialAction":[{"@type":"SearchAction","target":{"@type":"EntryPoint","urlTemplate":"https:\/\/kibrisdakik.com\/?s={search_term_string}"},"query-input":{"@type":"PropertyValueSpecification","valueRequired":true,"valueName":"search_term_string"}}],"inLanguage":"tr"},{"@type":"Person","@id":"https:\/\/kibrisdakik.com\/#\/schema\/person\/9cd9d437bbb44f72b73ba127e06d8e79","name":"admin","image":{"@type":"ImageObject","inLanguage":"tr","@id":"https:\/\/secure.gravatar.com\/avatar\/ccc17943b9d660506c869530f897617f7cb1c21a4bf30023f252596d83e1f007?s=96&d=mm&r=g","url":"https:\/\/secure.gravatar.com\/avatar\/ccc17943b9d660506c869530f897617f7cb1c21a4bf30023f252596d83e1f007?s=96&d=mm&r=g","contentUrl":"https:\/\/secure.gravatar.com\/avatar\/ccc17943b9d660506c869530f897617f7cb1c21a4bf30023f252596d83e1f007?s=96&d=mm&r=g","caption":"admin"},"sameAs":["https:\/\/kibrisdakik.com"],"url":"https:\/\/kibrisdakik.com\/?author=1"}]}},"_links":{"self":[{"href":"https:\/\/kibrisdakik.com\/index.php?rest_route=\/wp\/v2\/posts\/22979","targetHints":{"allow":["GET"]}}],"collection":[{"href":"https:\/\/kibrisdakik.com\/index.php?rest_route=\/wp\/v2\/posts"}],"about":[{"href":"https:\/\/kibrisdakik.com\/index.php?rest_route=\/wp\/v2\/types\/post"}],"author":[{"embeddable":true,"href":"https:\/\/kibrisdakik.com\/index.php?rest_route=\/wp\/v2\/users\/1"}],"replies":[{"embeddable":true,"href":"https:\/\/kibrisdakik.com\/index.php?rest_route=%2Fwp%2Fv2%2Fcomments&post=22979"}],"version-history":[{"count":0,"href":"https:\/\/kibrisdakik.com\/index.php?rest_route=\/wp\/v2\/posts\/22979\/revisions"}],"wp:featuredmedia":[{"embeddable":true,"href":"https:\/\/kibrisdakik.com\/index.php?rest_route=\/wp\/v2\/media\/22980"}],"wp:attachment":[{"href":"https:\/\/kibrisdakik.com\/index.php?rest_route=%2Fwp%2Fv2%2Fmedia&parent=22979"}],"wp:term":[{"taxonomy":"category","embeddable":true,"href":"https:\/\/kibrisdakik.com\/index.php?rest_route=%2Fwp%2Fv2%2Fcategories&post=22979"},{"taxonomy":"post_tag","embeddable":true,"href":"https:\/\/kibrisdakik.com\/index.php?rest_route=%2Fwp%2Fv2%2Ftags&post=22979"}],"curies":[{"name":"wp","href":"https:\/\/api.w.org\/{rel}","templated":true}]}}