{"id":23027,"date":"2023-12-20T14:21:36","date_gmt":"2023-12-20T14:21:36","guid":{"rendered":"https:\/\/kibrisdakik.com\/index.php\/2023\/12\/20\/ekonomi-maliye-butce-ve-plan-komitesi-suc-gelirlerinin-aklanmasinin-onlenmesi-yasa-tasarisini-gorustu\/"},"modified":"2023-12-20T14:21:36","modified_gmt":"2023-12-20T14:21:36","slug":"ekonomi-maliye-butce-ve-plan-komitesi-suc-gelirlerinin-aklanmasinin-onlenmesi-yasa-tasarisini-gorustu","status":"publish","type":"post","link":"https:\/\/kibrisdakik.com\/?p=23027","title":{"rendered":"Ekonomi, Maliye, B\u00fct\u00e7e ve Plan Komitesi \u201cSu\u00e7 Gelirlerinin Aklanmas\u0131n\u0131n \u00d6nlenmesi Yasa Tasar\u0131s\u0131\u201dn\u0131 g\u00f6r\u00fc\u015ft\u00fc"},"content":{"rendered":"<p><img decoding=\"async\" src=\"https:\/\/www.kibristurk.com\/images\/haberler\/2023\/12\/ekonomi-maliye-butce-ve-plan-komitesi-suc-gelirlerinin-aklanmasinin-onlenmesi-yasa-tasarisini-gorustu-1703081144.webp\" \/><\/p>\n<p><span style=\"font-size:12pt\"><span style=\"background-color:white\"><span style=\",serif\"><span style=\"font-size:13.0pt\"><span style=\",sans-serif\"><span style=\"color:black\">Cumhuriyet Meclisi, Ekonomi, Maliye, B\u00fct\u00e7e ve Plan Komitesi bug\u00fcn UBP Milletvekili Komite Ba\u015fkan\u0131 Resmiye Ero\u011flu Canaltay ba\u015fkanl\u0131\u011f\u0131nda topland\u0131.<\/span><\/span><\/span><\/span><\/span><\/span><span style=\"font-size:12pt\"><span style=\"background-color:white\"><span style=\",serif\">&nbsp;<\/span><\/span><\/span><\/p>\n<p><span style=\"font-size:12pt\"><span style=\"background-color:white\"><span style=\",serif\"><span style=\"font-size:13.0pt\"><span style=\",sans-serif\"><span style=\"color:black\">Meclisten verilen bilgiye g\u00f6re, Komite saat 09.30\u2019da ba\u015flayan toplant\u0131s\u0131nda \u201cSu\u00e7 Gelirlerinin Aklanmas\u0131n\u0131n \u00d6nlenmesi Yasa Tasar\u0131s\u0131\u201dn\u0131 ele ald\u0131 ve ilgili yasa tasar\u0131s\u0131n\u0131 oybirli\u011fi ile onaylayarak Genel Kurula sevk etti.<\/span><\/span><\/span><\/span><\/span><\/span><span style=\"font-size:12pt\"><span style=\"background-color:white\"><span style=\",serif\">&nbsp;<\/span><\/span><\/span><\/p>\n<p><span style=\"font-size:12pt\"><span style=\"background-color:white\"><span style=\",serif\"><span style=\"font-size:13.0pt\"><span style=\",sans-serif\"><span style=\"color:black\">Komite toplant\u0131s\u0131na davetli olarak Maliye Bakanl\u0131\u011f\u0131, Ekonomi ve Enerji Bakanl\u0131\u011f\u0131, Para, Kambiyo ve \u0130nki\u015faf Sand\u0131\u011f\u0131 \u0130\u015fleri Dairesi, Ba\u015fsavc\u0131l\u0131k, Polis Genel M\u00fcd\u00fcrl\u00fc\u011f\u00fc, Devlet Planlama \u00d6rg\u00fct\u00fc ve Merkez Bankas\u0131\u2019ndan yetkililer kat\u0131larak konu ile ilgili g\u00f6r\u00fc\u015flerini sundu.<\/span><\/span><\/span><\/span><\/span><\/span><span style=\"font-size:12pt\"><span style=\"background-color:white\"><span style=\",serif\">&nbsp;<\/span><\/span><\/span><\/p>\n<p><span style=\"font-size:12pt\"><span style=\"background-color:white\"><span style=\",serif\"><span style=\"font-size:13.0pt\"><span style=\",sans-serif\"><span style=\"color:black\">Toplant\u0131ya, Komite Ba\u015fkan Vekili CTP Milletvekili Erkut \u015eahali, komite \u00dcyesi UBP Milletvekilleri Hasan K\u00fc\u00e7\u00fck, Ali\u015fan \u015ean ve komite \u00fcyesi CTP Milletvekili Salahi \u015eahiner kat\u0131ld\u0131.<\/span><\/span><\/span><\/span><\/span><\/span><span style=\"font-size:12pt\"><span style=\"background-color:white\"><span style=\",serif\">&nbsp;<\/span><\/span><\/span><\/p>\n<p><span style=\"font-size:12pt\"><span style=\"background-color:white\"><span style=\",serif\"><span style=\"font-size:13.0pt\"><span style=\",sans-serif\"><span style=\"color:black\">Komite toplant\u0131s\u0131na ayr\u0131ca CTP Milletvekili Fikri Toros kat\u0131ld\u0131.<\/span><\/span><\/span><\/span><\/span><\/span><\/p>\n<p>&nbsp;<\/p>\n","protected":false},"excerpt":{"rendered":"<p>Cumhuriyet Meclisi, Ekonomi, Maliye, B\u00fct\u00e7e ve Plan Komitesi bug\u00fcn UBP Milletvekili Komite Ba\u015fkan\u0131 Resmiye Ero\u011flu Canaltay ba\u015fkanl\u0131\u011f\u0131nda topland\u0131.&nbsp; Meclisten verilen bilgiye g\u00f6re, Komite saat 09.30\u2019da ba\u015flayan toplant\u0131s\u0131nda \u201cSu\u00e7 Gelirlerinin Aklanmas\u0131n\u0131n \u00d6nlenmesi Yasa Tasar\u0131s\u0131\u201dn\u0131 ele ald\u0131 ve ilgili yasa tasar\u0131s\u0131n\u0131 oybirli\u011fi ile onaylayarak Genel Kurula sevk etti.&nbsp; Komite toplant\u0131s\u0131na davetli olarak Maliye Bakanl\u0131\u011f\u0131, Ekonomi ve Enerji<\/p>\n","protected":false},"author":1,"featured_media":23028,"comment_status":"open","ping_status":"open","sticky":false,"template":"","format":"standard","meta":{"footnotes":""},"categories":[1],"tags":[],"class_list":["post-23027","post","type-post","status-publish","format-standard","has-post-thumbnail","hentry","category-gundem"],"yoast_head":"<!-- This site is optimized with the Yoast SEO plugin v27.4 - https:\/\/yoast.com\/product\/yoast-seo-wordpress\/ -->\n<title>Ekonomi, Maliye, B\u00fct\u00e7e ve Plan Komitesi \u201cSu\u00e7 Gelirlerinin Aklanmas\u0131n\u0131n \u00d6nlenmesi Yasa Tasar\u0131s\u0131\u201dn\u0131 g\u00f6r\u00fc\u015ft\u00fc -<\/title>\n<meta name=\"robots\" content=\"index, follow, max-snippet:-1, max-image-preview:large, max-video-preview:-1\" \/>\n<link rel=\"canonical\" href=\"https:\/\/kibrisdakik.com\/?p=23027\" \/>\n<meta property=\"og:locale\" content=\"tr_TR\" \/>\n<meta property=\"og:type\" content=\"article\" \/>\n<meta property=\"og:title\" content=\"Ekonomi, Maliye, B\u00fct\u00e7e ve Plan Komitesi \u201cSu\u00e7 Gelirlerinin Aklanmas\u0131n\u0131n \u00d6nlenmesi Yasa Tasar\u0131s\u0131\u201dn\u0131 g\u00f6r\u00fc\u015ft\u00fc -\" \/>\n<meta property=\"og:description\" content=\"Cumhuriyet Meclisi, Ekonomi, Maliye, B\u00fct\u00e7e ve Plan Komitesi bug\u00fcn UBP Milletvekili Komite Ba\u015fkan\u0131 Resmiye Ero\u011flu Canaltay ba\u015fkanl\u0131\u011f\u0131nda topland\u0131.&nbsp; Meclisten verilen bilgiye g\u00f6re, Komite saat 09.30\u2019da ba\u015flayan toplant\u0131s\u0131nda \u201cSu\u00e7 Gelirlerinin Aklanmas\u0131n\u0131n \u00d6nlenmesi Yasa Tasar\u0131s\u0131\u201dn\u0131 ele ald\u0131 ve ilgili yasa tasar\u0131s\u0131n\u0131 oybirli\u011fi ile onaylayarak Genel Kurula sevk etti.&nbsp; Komite toplant\u0131s\u0131na davetli olarak Maliye Bakanl\u0131\u011f\u0131, Ekonomi ve Enerji\" \/>\n<meta property=\"og:url\" content=\"https:\/\/kibrisdakik.com\/?p=23027\" \/>\n<meta property=\"article:published_time\" content=\"2023-12-20T14:21:36+00:00\" \/>\n<meta property=\"og:image\" content=\"https:\/\/kibrisdakik.com\/wp-content\/uploads\/2023\/12\/ekonomi-maliye-butce-ve-plan-komitesi-suc-gelirlerinin-aklanmasinin-onlenmesi-yasa-tasarisini-gorustu-1703081144.webp.webp\" \/>\n\t<meta property=\"og:image:width\" content=\"710\" \/>\n\t<meta property=\"og:image:height\" content=\"370\" \/>\n\t<meta property=\"og:image:type\" content=\"image\/webp\" \/>\n<meta name=\"author\" content=\"admin\" \/>\n<meta name=\"twitter:card\" content=\"summary_large_image\" \/>\n<meta name=\"twitter:label1\" content=\"Yazan:\" \/>\n\t<meta name=\"twitter:data1\" content=\"admin\" \/>\n\t<meta name=\"twitter:label2\" content=\"Tahmini okuma s\u00fcresi\" \/>\n\t<meta name=\"twitter:data2\" content=\"1 dakika\" \/>\n<script type=\"application\/ld+json\" class=\"yoast-schema-graph\">{\"@context\":\"https:\\\/\\\/schema.org\",\"@graph\":[{\"@type\":\"Article\",\"@id\":\"https:\\\/\\\/kibrisdakik.com\\\/?p=23027#article\",\"isPartOf\":{\"@id\":\"https:\\\/\\\/kibrisdakik.com\\\/?p=23027\"},\"author\":{\"name\":\"admin\",\"@id\":\"https:\\\/\\\/kibrisdakik.com\\\/#\\\/schema\\\/person\\\/9cd9d437bbb44f72b73ba127e06d8e79\"},\"headline\":\"Ekonomi, Maliye, B\u00fct\u00e7e ve Plan Komitesi \u201cSu\u00e7 Gelirlerinin Aklanmas\u0131n\u0131n \u00d6nlenmesi Yasa Tasar\u0131s\u0131\u201dn\u0131 g\u00f6r\u00fc\u015ft\u00fc\",\"datePublished\":\"2023-12-20T14:21:36+00:00\",\"mainEntityOfPage\":{\"@id\":\"https:\\\/\\\/kibrisdakik.com\\\/?p=23027\"},\"wordCount\":178,\"commentCount\":0,\"image\":{\"@id\":\"https:\\\/\\\/kibrisdakik.com\\\/?p=23027#primaryimage\"},\"thumbnailUrl\":\"https:\\\/\\\/kibrisdakik.com\\\/wp-content\\\/uploads\\\/2023\\\/12\\\/ekonomi-maliye-butce-ve-plan-komitesi-suc-gelirlerinin-aklanmasinin-onlenmesi-yasa-tasarisini-gorustu-1703081144.webp.webp\",\"articleSection\":[\"G\u00fcndem\"],\"inLanguage\":\"tr\",\"potentialAction\":[{\"@type\":\"CommentAction\",\"name\":\"Comment\",\"target\":[\"https:\\\/\\\/kibrisdakik.com\\\/?p=23027#respond\"]}]},{\"@type\":\"WebPage\",\"@id\":\"https:\\\/\\\/kibrisdakik.com\\\/?p=23027\",\"url\":\"https:\\\/\\\/kibrisdakik.com\\\/?p=23027\",\"name\":\"Ekonomi, Maliye, B\u00fct\u00e7e ve Plan Komitesi \u201cSu\u00e7 Gelirlerinin Aklanmas\u0131n\u0131n \u00d6nlenmesi Yasa Tasar\u0131s\u0131\u201dn\u0131 g\u00f6r\u00fc\u015ft\u00fc -\",\"isPartOf\":{\"@id\":\"https:\\\/\\\/kibrisdakik.com\\\/#website\"},\"primaryImageOfPage\":{\"@id\":\"https:\\\/\\\/kibrisdakik.com\\\/?p=23027#primaryimage\"},\"image\":{\"@id\":\"https:\\\/\\\/kibrisdakik.com\\\/?p=23027#primaryimage\"},\"thumbnailUrl\":\"https:\\\/\\\/kibrisdakik.com\\\/wp-content\\\/uploads\\\/2023\\\/12\\\/ekonomi-maliye-butce-ve-plan-komitesi-suc-gelirlerinin-aklanmasinin-onlenmesi-yasa-tasarisini-gorustu-1703081144.webp.webp\",\"datePublished\":\"2023-12-20T14:21:36+00:00\",\"author\":{\"@id\":\"https:\\\/\\\/kibrisdakik.com\\\/#\\\/schema\\\/person\\\/9cd9d437bbb44f72b73ba127e06d8e79\"},\"breadcrumb\":{\"@id\":\"https:\\\/\\\/kibrisdakik.com\\\/?p=23027#breadcrumb\"},\"inLanguage\":\"tr\",\"potentialAction\":[{\"@type\":\"ReadAction\",\"target\":[\"https:\\\/\\\/kibrisdakik.com\\\/?p=23027\"]}]},{\"@type\":\"ImageObject\",\"inLanguage\":\"tr\",\"@id\":\"https:\\\/\\\/kibrisdakik.com\\\/?p=23027#primaryimage\",\"url\":\"https:\\\/\\\/kibrisdakik.com\\\/wp-content\\\/uploads\\\/2023\\\/12\\\/ekonomi-maliye-butce-ve-plan-komitesi-suc-gelirlerinin-aklanmasinin-onlenmesi-yasa-tasarisini-gorustu-1703081144.webp.webp\",\"contentUrl\":\"https:\\\/\\\/kibrisdakik.com\\\/wp-content\\\/uploads\\\/2023\\\/12\\\/ekonomi-maliye-butce-ve-plan-komitesi-suc-gelirlerinin-aklanmasinin-onlenmesi-yasa-tasarisini-gorustu-1703081144.webp.webp\",\"width\":710,\"height\":370},{\"@type\":\"BreadcrumbList\",\"@id\":\"https:\\\/\\\/kibrisdakik.com\\\/?p=23027#breadcrumb\",\"itemListElement\":[{\"@type\":\"ListItem\",\"position\":1,\"name\":\"Home\",\"item\":\"https:\\\/\\\/kibrisdakik.com\\\/\"},{\"@type\":\"ListItem\",\"position\":2,\"name\":\"Ekonomi, Maliye, B\u00fct\u00e7e ve Plan Komitesi \u201cSu\u00e7 Gelirlerinin Aklanmas\u0131n\u0131n \u00d6nlenmesi Yasa Tasar\u0131s\u0131\u201dn\u0131 g\u00f6r\u00fc\u015ft\u00fc\"}]},{\"@type\":\"WebSite\",\"@id\":\"https:\\\/\\\/kibrisdakik.com\\\/#website\",\"url\":\"https:\\\/\\\/kibrisdakik.com\\\/\",\"name\":\"\",\"description\":\"Tam vaktinde haber\",\"potentialAction\":[{\"@type\":\"SearchAction\",\"target\":{\"@type\":\"EntryPoint\",\"urlTemplate\":\"https:\\\/\\\/kibrisdakik.com\\\/?s={search_term_string}\"},\"query-input\":{\"@type\":\"PropertyValueSpecification\",\"valueRequired\":true,\"valueName\":\"search_term_string\"}}],\"inLanguage\":\"tr\"},{\"@type\":\"Person\",\"@id\":\"https:\\\/\\\/kibrisdakik.com\\\/#\\\/schema\\\/person\\\/9cd9d437bbb44f72b73ba127e06d8e79\",\"name\":\"admin\",\"image\":{\"@type\":\"ImageObject\",\"inLanguage\":\"tr\",\"@id\":\"https:\\\/\\\/secure.gravatar.com\\\/avatar\\\/ccc17943b9d660506c869530f897617f7cb1c21a4bf30023f252596d83e1f007?s=96&d=mm&r=g\",\"url\":\"https:\\\/\\\/secure.gravatar.com\\\/avatar\\\/ccc17943b9d660506c869530f897617f7cb1c21a4bf30023f252596d83e1f007?s=96&d=mm&r=g\",\"contentUrl\":\"https:\\\/\\\/secure.gravatar.com\\\/avatar\\\/ccc17943b9d660506c869530f897617f7cb1c21a4bf30023f252596d83e1f007?s=96&d=mm&r=g\",\"caption\":\"admin\"},\"sameAs\":[\"https:\\\/\\\/kibrisdakik.com\"],\"url\":\"https:\\\/\\\/kibrisdakik.com\\\/?author=1\"}]}<\/script>\n<!-- \/ Yoast SEO plugin. -->","yoast_head_json":{"title":"Ekonomi, Maliye, B\u00fct\u00e7e ve Plan Komitesi \u201cSu\u00e7 Gelirlerinin Aklanmas\u0131n\u0131n \u00d6nlenmesi Yasa Tasar\u0131s\u0131\u201dn\u0131 g\u00f6r\u00fc\u015ft\u00fc -","robots":{"index":"index","follow":"follow","max-snippet":"max-snippet:-1","max-image-preview":"max-image-preview:large","max-video-preview":"max-video-preview:-1"},"canonical":"https:\/\/kibrisdakik.com\/?p=23027","og_locale":"tr_TR","og_type":"article","og_title":"Ekonomi, Maliye, B\u00fct\u00e7e ve Plan Komitesi \u201cSu\u00e7 Gelirlerinin Aklanmas\u0131n\u0131n \u00d6nlenmesi Yasa Tasar\u0131s\u0131\u201dn\u0131 g\u00f6r\u00fc\u015ft\u00fc -","og_description":"Cumhuriyet Meclisi, Ekonomi, Maliye, B\u00fct\u00e7e ve Plan Komitesi bug\u00fcn UBP Milletvekili Komite Ba\u015fkan\u0131 Resmiye Ero\u011flu Canaltay ba\u015fkanl\u0131\u011f\u0131nda topland\u0131.&nbsp; Meclisten verilen bilgiye g\u00f6re, Komite saat 09.30\u2019da ba\u015flayan toplant\u0131s\u0131nda \u201cSu\u00e7 Gelirlerinin Aklanmas\u0131n\u0131n \u00d6nlenmesi Yasa Tasar\u0131s\u0131\u201dn\u0131 ele ald\u0131 ve ilgili yasa tasar\u0131s\u0131n\u0131 oybirli\u011fi ile onaylayarak Genel Kurula sevk etti.&nbsp; Komite toplant\u0131s\u0131na davetli olarak Maliye Bakanl\u0131\u011f\u0131, Ekonomi ve Enerji","og_url":"https:\/\/kibrisdakik.com\/?p=23027","article_published_time":"2023-12-20T14:21:36+00:00","og_image":[{"width":710,"height":370,"url":"https:\/\/kibrisdakik.com\/wp-content\/uploads\/2023\/12\/ekonomi-maliye-butce-ve-plan-komitesi-suc-gelirlerinin-aklanmasinin-onlenmesi-yasa-tasarisini-gorustu-1703081144.webp.webp","type":"image\/webp"}],"author":"admin","twitter_card":"summary_large_image","twitter_misc":{"Yazan:":"admin","Tahmini okuma s\u00fcresi":"1 dakika"},"schema":{"@context":"https:\/\/schema.org","@graph":[{"@type":"Article","@id":"https:\/\/kibrisdakik.com\/?p=23027#article","isPartOf":{"@id":"https:\/\/kibrisdakik.com\/?p=23027"},"author":{"name":"admin","@id":"https:\/\/kibrisdakik.com\/#\/schema\/person\/9cd9d437bbb44f72b73ba127e06d8e79"},"headline":"Ekonomi, Maliye, B\u00fct\u00e7e ve Plan Komitesi \u201cSu\u00e7 Gelirlerinin Aklanmas\u0131n\u0131n \u00d6nlenmesi Yasa Tasar\u0131s\u0131\u201dn\u0131 g\u00f6r\u00fc\u015ft\u00fc","datePublished":"2023-12-20T14:21:36+00:00","mainEntityOfPage":{"@id":"https:\/\/kibrisdakik.com\/?p=23027"},"wordCount":178,"commentCount":0,"image":{"@id":"https:\/\/kibrisdakik.com\/?p=23027#primaryimage"},"thumbnailUrl":"https:\/\/kibrisdakik.com\/wp-content\/uploads\/2023\/12\/ekonomi-maliye-butce-ve-plan-komitesi-suc-gelirlerinin-aklanmasinin-onlenmesi-yasa-tasarisini-gorustu-1703081144.webp.webp","articleSection":["G\u00fcndem"],"inLanguage":"tr","potentialAction":[{"@type":"CommentAction","name":"Comment","target":["https:\/\/kibrisdakik.com\/?p=23027#respond"]}]},{"@type":"WebPage","@id":"https:\/\/kibrisdakik.com\/?p=23027","url":"https:\/\/kibrisdakik.com\/?p=23027","name":"Ekonomi, Maliye, B\u00fct\u00e7e ve Plan Komitesi \u201cSu\u00e7 Gelirlerinin Aklanmas\u0131n\u0131n \u00d6nlenmesi Yasa Tasar\u0131s\u0131\u201dn\u0131 g\u00f6r\u00fc\u015ft\u00fc -","isPartOf":{"@id":"https:\/\/kibrisdakik.com\/#website"},"primaryImageOfPage":{"@id":"https:\/\/kibrisdakik.com\/?p=23027#primaryimage"},"image":{"@id":"https:\/\/kibrisdakik.com\/?p=23027#primaryimage"},"thumbnailUrl":"https:\/\/kibrisdakik.com\/wp-content\/uploads\/2023\/12\/ekonomi-maliye-butce-ve-plan-komitesi-suc-gelirlerinin-aklanmasinin-onlenmesi-yasa-tasarisini-gorustu-1703081144.webp.webp","datePublished":"2023-12-20T14:21:36+00:00","author":{"@id":"https:\/\/kibrisdakik.com\/#\/schema\/person\/9cd9d437bbb44f72b73ba127e06d8e79"},"breadcrumb":{"@id":"https:\/\/kibrisdakik.com\/?p=23027#breadcrumb"},"inLanguage":"tr","potentialAction":[{"@type":"ReadAction","target":["https:\/\/kibrisdakik.com\/?p=23027"]}]},{"@type":"ImageObject","inLanguage":"tr","@id":"https:\/\/kibrisdakik.com\/?p=23027#primaryimage","url":"https:\/\/kibrisdakik.com\/wp-content\/uploads\/2023\/12\/ekonomi-maliye-butce-ve-plan-komitesi-suc-gelirlerinin-aklanmasinin-onlenmesi-yasa-tasarisini-gorustu-1703081144.webp.webp","contentUrl":"https:\/\/kibrisdakik.com\/wp-content\/uploads\/2023\/12\/ekonomi-maliye-butce-ve-plan-komitesi-suc-gelirlerinin-aklanmasinin-onlenmesi-yasa-tasarisini-gorustu-1703081144.webp.webp","width":710,"height":370},{"@type":"BreadcrumbList","@id":"https:\/\/kibrisdakik.com\/?p=23027#breadcrumb","itemListElement":[{"@type":"ListItem","position":1,"name":"Home","item":"https:\/\/kibrisdakik.com\/"},{"@type":"ListItem","position":2,"name":"Ekonomi, Maliye, B\u00fct\u00e7e ve Plan Komitesi \u201cSu\u00e7 Gelirlerinin Aklanmas\u0131n\u0131n \u00d6nlenmesi Yasa Tasar\u0131s\u0131\u201dn\u0131 g\u00f6r\u00fc\u015ft\u00fc"}]},{"@type":"WebSite","@id":"https:\/\/kibrisdakik.com\/#website","url":"https:\/\/kibrisdakik.com\/","name":"","description":"Tam vaktinde haber","potentialAction":[{"@type":"SearchAction","target":{"@type":"EntryPoint","urlTemplate":"https:\/\/kibrisdakik.com\/?s={search_term_string}"},"query-input":{"@type":"PropertyValueSpecification","valueRequired":true,"valueName":"search_term_string"}}],"inLanguage":"tr"},{"@type":"Person","@id":"https:\/\/kibrisdakik.com\/#\/schema\/person\/9cd9d437bbb44f72b73ba127e06d8e79","name":"admin","image":{"@type":"ImageObject","inLanguage":"tr","@id":"https:\/\/secure.gravatar.com\/avatar\/ccc17943b9d660506c869530f897617f7cb1c21a4bf30023f252596d83e1f007?s=96&d=mm&r=g","url":"https:\/\/secure.gravatar.com\/avatar\/ccc17943b9d660506c869530f897617f7cb1c21a4bf30023f252596d83e1f007?s=96&d=mm&r=g","contentUrl":"https:\/\/secure.gravatar.com\/avatar\/ccc17943b9d660506c869530f897617f7cb1c21a4bf30023f252596d83e1f007?s=96&d=mm&r=g","caption":"admin"},"sameAs":["https:\/\/kibrisdakik.com"],"url":"https:\/\/kibrisdakik.com\/?author=1"}]}},"_links":{"self":[{"href":"https:\/\/kibrisdakik.com\/index.php?rest_route=\/wp\/v2\/posts\/23027","targetHints":{"allow":["GET"]}}],"collection":[{"href":"https:\/\/kibrisdakik.com\/index.php?rest_route=\/wp\/v2\/posts"}],"about":[{"href":"https:\/\/kibrisdakik.com\/index.php?rest_route=\/wp\/v2\/types\/post"}],"author":[{"embeddable":true,"href":"https:\/\/kibrisdakik.com\/index.php?rest_route=\/wp\/v2\/users\/1"}],"replies":[{"embeddable":true,"href":"https:\/\/kibrisdakik.com\/index.php?rest_route=%2Fwp%2Fv2%2Fcomments&post=23027"}],"version-history":[{"count":0,"href":"https:\/\/kibrisdakik.com\/index.php?rest_route=\/wp\/v2\/posts\/23027\/revisions"}],"wp:featuredmedia":[{"embeddable":true,"href":"https:\/\/kibrisdakik.com\/index.php?rest_route=\/wp\/v2\/media\/23028"}],"wp:attachment":[{"href":"https:\/\/kibrisdakik.com\/index.php?rest_route=%2Fwp%2Fv2%2Fmedia&parent=23027"}],"wp:term":[{"taxonomy":"category","embeddable":true,"href":"https:\/\/kibrisdakik.com\/index.php?rest_route=%2Fwp%2Fv2%2Fcategories&post=23027"},{"taxonomy":"post_tag","embeddable":true,"href":"https:\/\/kibrisdakik.com\/index.php?rest_route=%2Fwp%2Fv2%2Ftags&post=23027"}],"curies":[{"name":"wp","href":"https:\/\/api.w.org\/{rel}","templated":true}]}}