{"id":23049,"date":"2023-12-20T16:27:07","date_gmt":"2023-12-20T16:27:07","guid":{"rendered":"https:\/\/kibrisdakik.com\/index.php\/2023\/12\/20\/cumhuriyet-meclisinde-butce-maratonu-devam-ediyor-2\/"},"modified":"2023-12-20T16:27:07","modified_gmt":"2023-12-20T16:27:07","slug":"cumhuriyet-meclisinde-butce-maratonu-devam-ediyor-2","status":"publish","type":"post","link":"https:\/\/kibrisdakik.com\/?p=23049","title":{"rendered":"Cumhuriyet Meclisi\u2019nde b\u00fct\u00e7e maratonu devam ediyor\u2026"},"content":{"rendered":"<p><img decoding=\"async\" src=\"https:\/\/www.kibristurk.com\/images\/haberler\/2023\/12\/cumhuriyet-meclisinde-butce-maratonu-devam-ediyor-1703089126.webp\" \/><\/p>\n<p><span style=\"font-size:11pt\"><span style=\"background-color:white\"><span style=\"font-family:Calibri,sans-serif\"><span style=\"font-size:13.0pt\"><span style=\"color:black\">Cumhuriyet Meclisi Genel Kurulu\u2019nda Milli E\u011fitim ve K\u00fclt\u00fcr Bakanl\u0131\u011f\u0131 b\u00fct\u00e7esi g\u00f6r\u00fc\u015f\u00fclmeye devam ediyor.<\/span><\/span><\/span><\/span><\/span><\/p>\n<p><span style=\"font-size:11pt\"><span style=\"background-color:white\"><span style=\"font-family:Calibri,sans-serif\"><span style=\"font-size:13.0pt\"><span style=\"color:black\">-\u00d6zuslu<\/span><\/span><\/span><\/span><\/span><\/p>\n<p><span style=\"font-size:11pt\"><span style=\"background-color:white\"><span style=\"font-family:Calibri,sans-serif\"><span style=\"font-size:13.0pt\"><span style=\"color:black\">CTP Milletvekili Sami \u00d6zuslu, e\u011fitimle ilgili sonda s\u00f6yleyece\u011fini en ba\u015fta s\u00f6ylemek istedi\u011fini &nbsp;belirterek, e\u011fitimle ilgili baz\u0131 \u00f6nerilerde bulundu.<\/span><\/span><\/span><\/span><\/span><\/p>\n<p><span style=\"font-size:11pt\"><span style=\"background-color:white\"><span style=\"font-family:Calibri,sans-serif\"><span style=\"font-size:13.0pt\"><span style=\"color:black\">E\u011fitimde bar\u0131\u015fa ihtiya\u00e7 oldu\u011funu, e\u011fitimde i\u015flerin iyiye gitmedi\u011fini belirten \u00d6zuslu, kimsenin mutlu olmad\u0131\u011f\u0131 bir ortamda bir bar\u0131\u015ftan, sulh ortam\u0131ndan bahsetmenin m\u00fcmk\u00fcn olmayaca\u011f\u0131n\u0131 s\u00f6yledi.<\/span><\/span><\/span><\/span><\/span><\/p>\n<p><span style=\"font-size:11pt\"><span style=\"background-color:white\"><span style=\"font-family:Calibri,sans-serif\"><span style=\"font-size:13.0pt\"><span style=\"color:black\">En k\u0131sa zamanda bir e\u011fitim \u015furas\u0131 yap\u0131lmas\u0131 gerekti\u011fini ifade eden \u00d6zuslu, \u00f6zel okul ihtiyac\u0131n\u0131 ailelerin s\u0131rt\u0131ndan bir an \u00f6nce almak gerekti\u011fini kaydetti.<\/span><\/span><\/span><\/span><\/span><\/p>\n<p><span style=\"font-size:11pt\"><span style=\"background-color:white\"><span style=\"font-family:Calibri,sans-serif\"><span style=\"font-size:13.0pt\"><span style=\"color:black\">Ders kitaplar\u0131 ile ilgili baz\u0131 \u00f6rnekler veren \u00d6zuslu, okul kitaplar\u0131nda bahsi ge\u00e7en ahiret g\u00fcn\u00fc konusunda ele\u015ftirilerde bulundu.<\/span><\/span><\/span><\/span><\/span><\/p>\n<p><span style=\"font-size:11pt\"><span style=\"background-color:white\"><span style=\"font-family:Calibri,sans-serif\"><span style=\"font-size:13.0pt\"><span style=\"color:black\">\u0130lkokul \u00e7ocuklar\u0131na \u00f6l\u00fcn\u00fcn arkas\u0131ndan neler yap\u0131lmas\u0131 gerekti\u011finin neden anlat\u0131ld\u0131\u011f\u0131n\u0131, Hindistan\u2019da insanlar\u0131n nas\u0131l ya\u015fad\u0131\u011f\u0131n\u0131n neden kitaplarda bulundu\u011funu, e\u011fer anlat\u0131lacaksa neden sadece Hindistan\u2019dan \u00f6rnekler verildi\u011fini soran \u00d6zuslu, \u201cBuras\u0131 T\u00fcrkiye de\u011fil, \u0130ran veya Afganistan hi\u00e7 de\u011fil, bunlar\u0131 yapt\u0131rmayaca\u011f\u0131z\u201d dedi.<\/span><\/span><\/span><\/span><\/span><\/p>\n<p><span style=\"font-size:11pt\"><span style=\"background-color:white\"><span style=\"font-family:Calibri,sans-serif\"><span style=\"font-size:13.0pt\"><span style=\"color:black\">E\u011fitimde, laik, demokratik \u00e7a\u011fda\u015f normlar\u0131n olmas\u0131 gerekti\u011fini vurgulayan \u00d6zuslu, e\u011fitimde hedefin ne oldu\u011funun belirlenmesi gerekti\u011fini kaydetti.<\/span><\/span><\/span><\/span><\/span><\/p>\n<p><span style=\"font-size:11pt\"><span style=\"background-color:white\"><span style=\"font-family:Calibri,sans-serif\"><span style=\"font-size:13.0pt\"><span style=\"color:black\">Bu \u00fclkede art\u0131k i\u015f\u00e7i bulunamad\u0131\u011f\u0131n\u0131, \u00e7ok uzak \u00fclkelerden KKTC\u2019ye insan getirildi\u011fini, bizim gen\u00e7lerimizin de art\u0131k \u00fclkede kalmad\u0131\u011f\u0131n\u0131, bunun tersine d\u00f6nd\u00fcr\u00fclmesi gerekti\u011fini vurgulayan \u00d6zuslu, e\u011fitimi \u00fcretim i\u00e7in tasarlamak gerekti\u011fini, ancak bunun tek ba\u015f\u0131na olmayaca\u011f\u0131n\u0131, adil bir y\u00f6netim yarat\u0131lmas\u0131n\u0131n \u015fart oldu\u011funu vurgulad\u0131.<\/span><\/span><\/span><\/span><\/span><\/p>\n<p><span style=\"font-size:11pt\"><span style=\"background-color:white\"><span style=\"font-family:Calibri,sans-serif\"><span style=\"font-size:13.0pt\"><span style=\"color:black\">Okullarda do\u011fru d\u00fczg\u00fcn \u0130ngilizce \u00f6\u011fretilemedi\u011fini, okullarda baz\u0131 \u00e7ocuklara T\u00fcrk\u00e7e bile \u00f6\u011fretilemedi\u011fini ifade eden \u00d6zuslu, temel derslerde ba\u015far\u0131 oranlar\u0131n\u0131n d\u00fc\u015ft\u00fc\u011f\u00fcn\u00fc, \u00fcniversite mezunu i\u015fsizler ordusu yarat\u0131ld\u0131\u011f\u0131n\u0131, ancak herkesin \u00fcniversite mezunu oldu\u011fu bir \u00fclkede di\u011fer alanlarda nas\u0131l istihdam yap\u0131laca\u011f\u0131n\u0131 sordu.<\/span><\/span><\/span><\/span><\/span><\/p>\n<p><span style=\"font-size:11pt\"><span style=\"background-color:white\"><span style=\"font-family:Calibri,sans-serif\"><span style=\"font-size:13.0pt\"><span style=\"color:black\">N\u00fcfusun planlanmas\u0131n\u0131n da e\u011fitimin bir par\u00e7as\u0131 oldu\u011funa dikkat \u00e7eken \u00d6zusulu, sosyal politikalar \u00fcretilmesinin \u00f6nemine i\u015faret etti.<\/span><\/span><\/span><\/span><\/span><\/p>\n<p><span style=\"font-size:11pt\"><span style=\"background-color:white\"><span style=\"font-family:Calibri,sans-serif\"><span style=\"font-size:13.0pt\"><span style=\"color:black\">Art\u0131k yeni \u00fcniversite izni verilmemesi gerekti\u011fini vurgulayan Sami \u00d6zuslu, G\u00fcney\u2019den \u00fclkeye ge\u00e7en ki\u015fi say\u0131s\u0131na bak\u0131ld\u0131\u011f\u0131nda, e\u011fitim anlam\u0131nda da buna uyum sa\u011flanmas\u0131 gerekti\u011fini, Yunancan\u0131n m\u00fcfredata kat\u0131lmas\u0131 gerekti\u011fini s\u00f6yledi.<\/span><\/span><\/span><\/span><\/span><\/p>\n<p><span style=\"font-size:11pt\"><span style=\"background-color:white\"><span style=\"font-family:Calibri,sans-serif\"><span style=\"font-size:13.0pt\"><span style=\"color:black\">Avrupa Birli\u011fi burslar\u0131n\u0131n \u00f6nemine i\u015faret eden \u00d6zuslu, AB Burs Merkezi\u2019nin K\u0131br\u0131sl\u0131 T\u00fcrklere sa\u011flad\u0131\u011f\u0131 imkanlara de\u011finerek, Bakan Naz\u0131m \u00c7avu\u015fo\u011flu\u2019ndan bu imkanlar\u0131n \u00e7ocuklar\u0131n elinden al\u0131nmamas\u0131 i\u00e7in elinden geleni yapmas\u0131n\u0131 istedi.<\/span><\/span><\/span><\/span><\/span><\/p>\n<p><span style=\"font-size:11pt\"><span style=\"background-color:white\"><span style=\"font-family:Calibri,sans-serif\"><span style=\"font-size:13.0pt\"><span style=\"color:black\">\u00d6z\u00fcslu, konu\u015fmas\u0131 sonunda depremde kaybedilen \u00f6\u011fretmen ve \u00f6\u011frencileri and\u0131.<\/span><\/span><\/span><\/span><\/span><\/p>\n<p><span style=\"font-size:11pt\"><span style=\"background-color:white\"><span style=\"font-family:Calibri,sans-serif\"><span style=\"font-size:13.0pt\"><span style=\"color:black\">-K\u00fcr\u015fat<\/span><\/span><\/span><\/span><\/span><\/p>\n<p><span style=\"font-size:11pt\"><span style=\"background-color:white\"><span style=\"font-family:Calibri,sans-serif\"><span style=\"font-size:13.0pt\"><span style=\"color:black\">CTP Milletvekili Fide K\u00fcr\u015fat da, e\u011fitimde eylemsiz g\u00fcn ge\u00e7medi\u011fini, e\u011fitimde bir utan\u00e7 y\u0131l\u0131 ya\u015fand\u0131\u011f\u0131n\u0131 savundu.<\/span><\/span><\/span><\/span><\/span><\/p>\n<p><span style=\"font-size:11pt\"><span style=\"background-color:white\"><span style=\"font-family:Calibri,sans-serif\"><span style=\"font-size:13.0pt\"><span style=\"color:black\">Ge\u00e7en y\u0131l da, bu y\u0131l da e\u011fitimde sorunsuz bir g\u00fcn ge\u00e7medi\u011fini, e\u011fitimdeki sorunlar\u0131n 6 \u015eubat depreminden sonra iyice derinle\u015fti\u011fini belirten K\u00fcr\u015fat, e\u011fitim sisteminin y\u0131k\u0131lmaya y\u00fcz tuttu\u011fu gibi, okullar\u0131n da y\u0131k\u0131lmaya y\u00fcz tuttu\u011funu kaydetti.<\/span><\/span><\/span><\/span><\/span><\/p>\n<p><span style=\"font-size:11pt\"><span style=\"background-color:white\"><span style=\"font-family:Calibri,sans-serif\"><span style=\"font-size:13.0pt\"><span style=\"color:black\">E\u011fitimde sorunlar\u0131n sarmal \u015fekilde devem etti\u011fini, okullar\u0131 depreme daha dayan\u0131kl\u0131 bir hale getirmek i\u00e7in daha ka\u00e7 \u015fubatlar ge\u00e7ece\u011fini soran K\u00fcr\u015fat, okullarda kurulan \u00e7ad\u0131r ve konteynerlerin \u00e7amura batt\u0131\u011f\u0131n\u0131 s\u00f6yleyerek baz\u0131 resimler g\u00f6sterdi.<\/span><\/span><\/span><\/span><\/span><\/p>\n<p><span style=\"font-size:11pt\"><span style=\"background-color:white\"><span style=\"font-family:Calibri,sans-serif\"><span style=\"font-size:13.0pt\"><span style=\"color:black\">Bu y\u0131l\u0131n b\u00fct\u00e7esiyle okullarda ve e\u011fitimde yap\u0131sal de\u011fi\u015fikliklerin yap\u0131lamayaca\u011f\u0131n\u0131 ifade eden K\u00fcr\u015fat, e\u011fitimin laiklikten uzakla\u015ft\u0131\u011f\u0131n\u0131 savunarak kitaplardan \u00f6rnekler verdi.<\/span><\/span><\/span><\/span><\/span><\/p>\n<p><span style=\"font-size:11pt\"><span style=\"background-color:white\"><span style=\"font-family:Calibri,sans-serif\"><span style=\"font-size:13.0pt\"><span style=\"color:black\">E\u011fitime para ayr\u0131lmad\u0131\u011f\u0131 i\u00e7in okullara \u00e7ivi \u00e7ak\u0131lmad\u0131\u011f\u0131n\u0131 s\u00f6yleyen K\u00fcr\u015fat, okullar\u0131n n\u00fcfusa yetmedi\u011fini, en temel insan hakk\u0131 olan e\u011fitim hakk\u0131n\u0131n; hem T\u00fcrk\u00e7e bilenlerin, hem de bilmeyenlerin elinden al\u0131nd\u0131\u011f\u0131n\u0131 s\u00f6yledi.<\/span><\/span><\/span><\/span><\/span><\/p>\n<p><span style=\"font-size:11pt\"><span style=\"background-color:white\"><span style=\"font-family:Calibri,sans-serif\"><span style=\"font-size:13.0pt\"><span style=\"color:black\">\u00dclkede n\u00fcfus politikas\u0131 olmamas\u0131n\u0131 ele\u015ftiren K\u00fcr\u015fat, \u0130skele\u2019de yabanc\u0131 \u00f6\u011frencilerin ya\u015fad\u0131\u011f\u0131 sorunlar\u0131n yak\u0131nda t\u00fcm b\u00f6lgelere yay\u0131laca\u011f\u0131n\u0131 ileri s\u00fcrd\u00fc.<\/span><\/span><\/span><\/span><\/span><\/p>\n<p><span style=\"font-size:11pt\"><span style=\"background-color:white\"><span style=\"font-family:Calibri,sans-serif\"><span style=\"font-size:13.0pt\"><span style=\"color:black\">Tam g\u00fcn e\u011fitim tart\u0131\u015fmalar\u0131na da de\u011finen K\u00fcr\u015fat, bu b\u00fct\u00e7ede tam e\u011fitime ge\u00e7ilecek do\u011fru d\u00fcr\u00fcst bir b\u00fct\u00e7e olmad\u0131\u011f\u0131n\u0131, kaosun devam edece\u011fini s\u00f6yledi.<\/span><\/span><\/span><\/span><\/span><\/p>\n<p><span style=\"font-size:11pt\"><span style=\"background-color:white\"><span style=\"font-family:Calibri,sans-serif\"><span style=\"font-size:13.0pt\"><span style=\"color:black\">E\u011fitim teknolojilerinin gerisinde kal\u0131nd\u0131\u011f\u0131n\u0131, \u00e7a\u011f d\u0131\u015f\u0131 uygulamalara devam edildi\u011fini ifade eden K\u00fcr\u015fat, \u00fclkede ciddi bir i\u015fsizli\u011fin oldu\u011funu belirtti.<\/span><\/span><\/span><\/span><\/span><\/p>\n<p><span style=\"font-size:11pt\"><span style=\"background-color:white\"><span style=\"font-family:Calibri,sans-serif\"><span style=\"font-size:13.0pt\"><span style=\"color:black\">Meslek liselerine talebin artt\u0131\u011f\u0131na i\u015faret eden K\u00fcr\u015fat, bu konuda yap\u0131lacaklar hakk\u0131nda bilgi istedi.<\/span><\/span><\/span><\/span><\/span><\/p>\n<p><span style=\"font-size:11pt\"><span style=\"background-color:white\"><span style=\"font-family:Calibri,sans-serif\"><span style=\"font-size:13.0pt\"><span style=\"color:black\">Kas\u0131m ay\u0131nda e\u011fitim konusunda bir \u00e7al\u0131\u015ftay d\u00fczenlediklerini an\u0131msatan Fide K\u00fcr\u015fat, raporun k\u0131sa s\u00fcre sonra payla\u015f\u0131laca\u011f\u0131n\u0131 s\u00f6yledi.<\/span><\/span><\/span><\/span><\/span><\/p>\n<p><span style=\"font-size:11pt\"><span style=\"background-color:white\"><span style=\"font-family:Calibri,sans-serif\"><span style=\"font-size:13.0pt\"><span style=\"color:black\">B\u00fct\u00e7e kalemleri hakk\u0131nda de\u011ferlendirmelerde bulunan K\u00fcr\u015fat, s\u00f6zle\u015fmeli personel ve ge\u00e7ici \u00f6\u011fretmen kalemlerine ayr\u0131lan pay\u0131 ele\u015ftirdi. &nbsp;&nbsp;<\/span><\/span><\/span><\/span><\/span><\/p>\n<p><span style=\"font-size:11pt\"><span style=\"background-color:white\"><span style=\"font-family:Calibri,sans-serif\"><span style=\"font-size:13.0pt\"><span style=\"color:black\">Tam g\u00fcn e\u011fitim uygulamas\u0131n\u0131n g\u00fcndeme gelmesiyle okullarda kantin ve kafeterya sorunlar\u0131n\u0131n ayyuka \u00e7\u0131kt\u0131\u011f\u0131n\u0131, bununla beraber g\u00fcvenlik sorunlar\u0131n\u0131n da ortaya \u00e7\u0131kt\u0131\u011f\u0131n\u0131 ifade eden K\u00fcr\u015fat, s\u0131n\u0131f ge\u00e7me t\u00fcz\u00fc\u011f\u00fc konusunda da ele\u015ftirilerde bulundu.<\/span><\/span><\/span><\/span><\/span><\/p>\n<p><span style=\"font-size:11pt\"><span style=\"background-color:white\"><span style=\"font-family:Calibri,sans-serif\"><span style=\"font-size:13.0pt\"><span style=\"color:black\">\u201cE\u011fitimi gaile edinen bir zihniyet yok\u201d diyen K\u00fcr\u015fat, \u00fcniversiteler konusunda ya\u015fanan sorunlara de\u011findi.<\/span><\/span><\/span><\/span><\/span><\/p>\n<p><span style=\"font-size:11pt\"><span style=\"background-color:white\"><span style=\"font-family:Calibri,sans-serif\"><span style=\"font-size:13.0pt\"><span style=\"color:black\">DA\u00dc konusunda h\u00fck\u00fcmetin \u00fczerine d\u00fc\u015feni yapmas\u0131 gerekti\u011fini vurgulayan Fide K\u00fcr\u015fat, dershane ve \u00f6zel okul fiyatlar\u0131 konusunda ele\u015ftirilerde bulundu.<\/span><\/span><\/span><\/span><\/span><\/p>\n<p><span style=\"font-size:11pt\"><span style=\"background-color:white\"><span style=\"font-family:Calibri,sans-serif\"><span style=\"font-size:13.0pt\"><span style=\"color:black\">-Besim<\/span><\/span><\/span><\/span><\/span><\/p>\n<p><span style=\"font-size:11pt\"><span style=\"background-color:white\"><span style=\"font-family:Calibri,sans-serif\"><span style=\"font-size:13.0pt\"><span style=\"color:black\">CTP Milletvekili Filiz Besim, e\u011fitimde yap\u0131lan hatalar\u0131n bir \u00fclkenin gelece\u011fini karartaca\u011f\u0131n\u0131 ifade ederek, \u00fclkede 2010 y\u0131l\u0131ndan sonra y\u00fcksek \u00f6\u011frenimin \u00e7ok b\u00fcy\u00fck bir ivme kazand\u0131\u011f\u0131n\u0131, \u00fclkede en az 80 bin kadar \u00f6\u011frenci oldu\u011funu, bu ba\u015far\u0131n\u0131n \u00fclkeye \u00e7ok b\u00fcy\u00fck art\u0131lar getirdi\u011fini s\u00f6yledi.<\/span><\/span><\/span><\/span><\/span><\/p>\n<p><span style=\"font-size:11pt\"><span style=\"background-color:white\"><span style=\"font-family:Calibri,sans-serif\"><span style=\"font-size:13.0pt\"><span style=\"color:black\">Y\u00fcksek \u00f6\u011f\u00fcrenimde ba\u015far\u0131 \u00f6yk\u00fcleri yakaland\u0131\u011f\u0131n\u0131, \u00fcniversitelerde de\u011ferli insan kaynaklar\u0131n\u0131n getirildi\u011fini, \u00f6nemli projeler ger\u00e7ekle\u015ftirildi\u011fini, \u00e7ok g\u00fc\u00e7l\u00fck b\u00fcy\u00fck bir dan\u0131\u015fmanlar ordusu yakaland\u0131\u011f\u0131n\u0131, ekonomik anlamda da kazan\u0131mlar sa\u011fland\u0131\u011f\u0131n\u0131 aktaran Besim, \u00fclkeden mezun olan \u00f6\u011frencilerin KKTC\u2019nin d\u00fcnyadaki el\u00e7ileri oldu\u011funu kaydetti.<\/span><\/span><\/span><\/span><\/span><\/p>\n<p><span style=\"font-size:11pt\"><span style=\"background-color:white\"><span style=\"font-family:Calibri,sans-serif\"><span style=\"font-size:13.0pt\"><span style=\"color:black\">Yakalanan ba\u015far\u0131y\u0131 s\u00fcrd\u00fcrebilmek ad\u0131na ne yap\u0131ld\u0131\u011f\u0131n\u0131 soran Besim, yasal anlamda yap\u0131lan \u00e7al\u0131\u015fmalar\u0131 ele\u015ftirdi.<\/span><\/span><\/span><\/span><\/span><\/p>\n<p><span style=\"font-size:11pt\"><span style=\"background-color:white\"><span style=\"font-family:Calibri,sans-serif\"><span style=\"font-size:13.0pt\"><span style=\"color:black\">Y\u00fcksek \u00f6\u011frenimin \u00e7ok daha \u00fcst d\u00fczeyden y\u00f6netilmesi gerekti\u011fini vurgulayan Besim, bu konuda \u00e7ok ciddi politikalar, vizyon yarat\u0131lmas\u0131, plan, program proje ve yol haritas\u0131 olmas\u0131 gerekti\u011fini kaydetti.<\/span><\/span><\/span><\/span><\/span><\/p>\n<p><span style=\"font-size:11pt\"><span style=\"background-color:white\"><span style=\"font-family:Calibri,sans-serif\"><span style=\"font-size:13.0pt\"><span style=\"color:black\">Yasal d\u00fczenlemelerin bir an \u00f6nce yap\u0131lmas\u0131, \u00fcniversitelerin kurumsalla\u015ft\u0131r\u0131lmas\u0131n\u0131n sa\u011flanmas\u0131 gerekti\u011fine i\u015faret eden Besin, bu alan\u0131n korunmas\u0131 i\u00e7in ciddi bir ekip kurulmas\u0131 gerekti\u011fini belirtti.<\/span><\/span><\/span><\/span><\/span><\/p>\n<p><span style=\"font-size:11pt\"><span style=\"background-color:white\"><span style=\"font-family:Calibri,sans-serif\"><span style=\"font-size:13.0pt\"><span style=\"color:black\">2010 y\u0131l\u0131ndan sonra TC ve G\u00fcney K\u0131br\u0131s\u2019\u0131n bizimle rekabet edecek bir alan geli\u015ftirildi\u011fini, \u00f6\u011fretim \u00fcyesi ve \u00f6\u011frenci kalitesini artt\u0131rmak gerekti\u011fini ifade eden Besim, e\u011fitimde yap\u0131lmas\u0131 gereken en sorgulan\u0131r y\u00f6ntemin se\u00e7ildi\u011fini, e\u011fitim \u00fccretlerinin ucuzlat\u0131ld\u0131\u011f\u0131n\u0131, toplumsal sorunlar\u0131n artt\u0131\u011f\u0131n\u0131, \u00fcniversitelerin su\u00e7 \u00f6rg\u00fct\u00fc haline getirildi\u011fini s\u00f6yledi.<\/span><\/span><\/span><\/span><\/span><\/p>\n<p><span style=\"font-size:11pt\"><span style=\"background-color:white\"><span style=\"font-family:Calibri,sans-serif\"><span style=\"font-size:13.0pt\"><span style=\"color:black\">Geli\u015fi g\u00fczel \u00fcniversite a\u00e7\u0131lmas\u0131n\u0131 da ele\u015ftiren Besim, 23 \u00fcniversitenin bir \u00fclke i\u00e7in \u00e7ok oldu\u011funu, ba\u015fka izin verilmemesi gerekti\u011fi g\u00f6r\u00fc\u015f\u00fcn\u00fc dile getirdi.<\/span><\/span><\/span><\/span><\/span><\/p>\n<p><span style=\"font-size:11pt\"><span style=\"background-color:white\"><span style=\"font-family:Calibri,sans-serif\"><span style=\"font-size:13.0pt\"><span style=\"color:black\">Kaliteli e\u011fitim i\u00e7in \u00e7al\u0131\u015f\u0131lmas\u0131 gerekti\u011fini vurgulayan Besim, y\u00fckselen s\u00fcre\u00e7te e\u011fitimi planlarken yanl\u0131\u015flar yap\u0131ld\u0131\u011f\u0131n\u0131, d\u00fc\u015f\u00fclen noktandan geri d\u00f6n\u00fclmek zorunda oldu\u011funu kaydetti.<\/span><\/span><\/span><\/span><\/span><\/p>\n<p><span style=\"font-size:11pt\"><span style=\"background-color:white\"><span style=\"font-family:Calibri,sans-serif\"><span style=\"font-size:13.0pt\"><span style=\"color:black\">Di\u015f hekimli\u011fi ve t\u0131p fak\u00fcltesi say\u0131s\u0131 konusunda uyar\u0131larda bulunan Besim, \u201cBug\u00fcn di\u015f hekimli\u011fi fak\u00fcltesinden mezun olan baz\u0131 \u00e7ocuklar di\u015f \u00e7ekmeden, t\u0131p fak\u00fcltesinden mezun baz\u0131 \u00e7ocuklar tansiyon \u00f6l\u00e7meden mezun oluyor\u201d dedi.<\/span><\/span><\/span><\/span><\/span><\/p>\n<p><span style=\"font-size:11pt\"><span style=\"background-color:white\"><span style=\"font-family:Calibri,sans-serif\"><span style=\"font-size:13.0pt\"><span style=\"color:black\">Hekim yeti\u015ftirmenin \u00f6nemine i\u015faret eden Besim, \u201cBizim bu \u00e7ocuklar\u0131 yeti\u015ftirecek hastam\u0131z, n\u00fcfusumuz yoktur\u201d dedi.<\/span><\/span><\/span><\/span><\/span><\/p>\n<p><span style=\"font-size:11pt\"><span style=\"background-color:white\"><span style=\"font-family:Calibri,sans-serif\"><span style=\"font-size:13.0pt\"><span style=\"color:black\">Y\u00d6DAK konusunda da ele\u015ftirilerde bulunan Besim, kurumun siyasi oldu\u011funu, akreditasyon yapabilecek durumda olmad\u0131\u011f\u0131n\u0131 savundu.<\/span><\/span><\/span><\/span><\/span><\/p>\n<p><span style=\"font-size:11pt\"><span style=\"background-color:white\"><span style=\"font-family:Calibri,sans-serif\"><span style=\"font-size:13.0pt\"><span style=\"color:black\">\u00d6\u011frenci takip sisteminin ciddi \u015fekilde uygulanmas\u0131 gerekti\u011fini vurgulayan Besim, \u00fcniversitelerin i\u00e7 denetimlerinin g\u00fc\u00e7lendirilmesi gerekti\u011fini s\u00f6yledi.<\/span><\/span><\/span><\/span><\/span><\/p>\n<p><span style=\"font-size:11pt\"><span style=\"background-color:white\"><span style=\"font-family:Calibri,sans-serif\"><span style=\"font-size:13.0pt\"><span style=\"color:black\">Depremden sonra \u00e7ok k\u00f6t\u00fc kaotik bir tabloyla kar\u015f\u0131 kar\u015f\u0131ya oldu\u011fumuzun y\u00fcz\u00fcm\u00fcze \u00e7arpt\u0131\u011f\u0131n\u0131 ifade eden Besim, bununla ilgili \u00e7ok ciddi plan program yap\u0131lmas\u0131 gerekti\u011fini, n\u00fcfus politikas\u0131 olmadan bu sorunlar\u0131n \u00e7\u00f6z\u00fcm\u00fcn\u00fcn de zor oldu\u011funu kaydetti.<\/span><\/span><\/span><\/span><\/span><\/p>\n<p><span style=\"font-size:11pt\"><span style=\"background-color:white\"><span style=\"font-family:Calibri,sans-serif\"><span style=\"font-size:13.0pt\"><span style=\"color:black\">Konu\u015fmas\u0131nda kitaplar konusunda da ele\u015ftirilerde bulunan Besim, ilgili bakanl\u0131\u011f\u0131n bu sorunlar\u0131 d\u00fczeltmek i\u00e7in \u00e7aba harcamad\u0131\u011f\u0131n\u0131 ileri s\u00fcrd\u00fc.<\/span><\/span><\/span><\/span><\/span><\/p>\n<p><span style=\"font-size:11pt\"><span style=\"background-color:white\"><span style=\"font-family:Calibri,sans-serif\"><span style=\"font-size:13.0pt\"><span style=\"color:black\">\u201c\u00d6\u011fretmen e\u011fitimin temelidir\u201d diyen Besim, \u00f6\u011fretmenle bar\u0131\u015f\u0131k olmak, sorunlar\u0131 \u00f6\u011fretmenle \u00e7\u00f6zmek gerekti\u011fini, e\u011fitimin \u00f6\u011fretmenle planlanmak zorunda olundu\u011funu s\u00f6yledi.<\/span><\/span><\/span><\/span><\/span><\/p>\n<p><span style=\"font-size:11pt\"><span style=\"background-color:white\"><span style=\"font-family:Calibri,sans-serif\"><span style=\"font-size:13.0pt\"><span style=\"color:black\">DA\u00dc konusunda da de\u011ferlendirmelerde bulunan Besim, h\u00fck\u00fcmetin DA\u00dc konusunda ne yapt\u0131\u011f\u0131n\u0131 sordu.<\/span><\/span><\/span><\/span><\/span><\/p>\n<p>&nbsp;<\/p>\n","protected":false},"excerpt":{"rendered":"<p>Cumhuriyet Meclisi Genel Kurulu\u2019nda Milli E\u011fitim ve K\u00fclt\u00fcr Bakanl\u0131\u011f\u0131 b\u00fct\u00e7esi g\u00f6r\u00fc\u015f\u00fclmeye devam ediyor. -\u00d6zuslu CTP Milletvekili Sami \u00d6zuslu, e\u011fitimle ilgili sonda s\u00f6yleyece\u011fini en ba\u015fta s\u00f6ylemek istedi\u011fini &nbsp;belirterek, e\u011fitimle ilgili baz\u0131 \u00f6nerilerde bulundu. E\u011fitimde bar\u0131\u015fa ihtiya\u00e7 oldu\u011funu, e\u011fitimde i\u015flerin iyiye gitmedi\u011fini belirten \u00d6zuslu, kimsenin mutlu olmad\u0131\u011f\u0131 bir ortamda bir bar\u0131\u015ftan, sulh ortam\u0131ndan bahsetmenin m\u00fcmk\u00fcn olmayaca\u011f\u0131n\u0131 s\u00f6yledi.<\/p>\n","protected":false},"author":1,"featured_media":23050,"comment_status":"open","ping_status":"open","sticky":false,"template":"","format":"standard","meta":{"footnotes":""},"categories":[1],"tags":[],"class_list":["post-23049","post","type-post","status-publish","format-standard","has-post-thumbnail","hentry","category-gundem"],"yoast_head":"<!-- This site is optimized with the Yoast SEO plugin v27.4 - https:\/\/yoast.com\/product\/yoast-seo-wordpress\/ -->\n<title>Cumhuriyet Meclisi\u2019nde b\u00fct\u00e7e maratonu devam ediyor\u2026 -<\/title>\n<meta name=\"robots\" content=\"index, follow, max-snippet:-1, max-image-preview:large, max-video-preview:-1\" \/>\n<link rel=\"canonical\" href=\"https:\/\/kibrisdakik.com\/?p=23049\" \/>\n<meta property=\"og:locale\" content=\"tr_TR\" \/>\n<meta property=\"og:type\" content=\"article\" \/>\n<meta property=\"og:title\" content=\"Cumhuriyet Meclisi\u2019nde b\u00fct\u00e7e maratonu devam ediyor\u2026 -\" \/>\n<meta property=\"og:description\" content=\"Cumhuriyet Meclisi Genel Kurulu\u2019nda Milli E\u011fitim ve K\u00fclt\u00fcr Bakanl\u0131\u011f\u0131 b\u00fct\u00e7esi g\u00f6r\u00fc\u015f\u00fclmeye devam ediyor. -\u00d6zuslu CTP Milletvekili Sami \u00d6zuslu, e\u011fitimle ilgili sonda s\u00f6yleyece\u011fini en ba\u015fta s\u00f6ylemek istedi\u011fini &nbsp;belirterek, e\u011fitimle ilgili baz\u0131 \u00f6nerilerde bulundu. E\u011fitimde bar\u0131\u015fa ihtiya\u00e7 oldu\u011funu, e\u011fitimde i\u015flerin iyiye gitmedi\u011fini belirten \u00d6zuslu, kimsenin mutlu olmad\u0131\u011f\u0131 bir ortamda bir bar\u0131\u015ftan, sulh ortam\u0131ndan bahsetmenin m\u00fcmk\u00fcn olmayaca\u011f\u0131n\u0131 s\u00f6yledi.\" \/>\n<meta property=\"og:url\" content=\"https:\/\/kibrisdakik.com\/?p=23049\" \/>\n<meta property=\"article:published_time\" content=\"2023-12-20T16:27:07+00:00\" \/>\n<meta property=\"og:image\" content=\"https:\/\/kibrisdakik.com\/wp-content\/uploads\/2023\/12\/cumhuriyet-meclisinde-butce-maratonu-devam-ediyor-1703089126.webp.webp\" \/>\n\t<meta property=\"og:image:width\" content=\"710\" \/>\n\t<meta property=\"og:image:height\" content=\"370\" \/>\n\t<meta property=\"og:image:type\" content=\"image\/webp\" \/>\n<meta name=\"author\" content=\"admin\" \/>\n<meta name=\"twitter:card\" content=\"summary_large_image\" \/>\n<meta name=\"twitter:label1\" content=\"Yazan:\" \/>\n\t<meta name=\"twitter:data1\" content=\"admin\" \/>\n\t<meta name=\"twitter:label2\" content=\"Tahmini okuma s\u00fcresi\" \/>\n\t<meta name=\"twitter:data2\" content=\"7 dakika\" \/>\n<script type=\"application\/ld+json\" class=\"yoast-schema-graph\">{\"@context\":\"https:\\\/\\\/schema.org\",\"@graph\":[{\"@type\":\"Article\",\"@id\":\"https:\\\/\\\/kibrisdakik.com\\\/?p=23049#article\",\"isPartOf\":{\"@id\":\"https:\\\/\\\/kibrisdakik.com\\\/?p=23049\"},\"author\":{\"name\":\"admin\",\"@id\":\"https:\\\/\\\/kibrisdakik.com\\\/#\\\/schema\\\/person\\\/9cd9d437bbb44f72b73ba127e06d8e79\"},\"headline\":\"Cumhuriyet Meclisi\u2019nde b\u00fct\u00e7e maratonu devam ediyor\u2026\",\"datePublished\":\"2023-12-20T16:27:07+00:00\",\"mainEntityOfPage\":{\"@id\":\"https:\\\/\\\/kibrisdakik.com\\\/?p=23049\"},\"wordCount\":1499,\"commentCount\":0,\"image\":{\"@id\":\"https:\\\/\\\/kibrisdakik.com\\\/?p=23049#primaryimage\"},\"thumbnailUrl\":\"https:\\\/\\\/kibrisdakik.com\\\/wp-content\\\/uploads\\\/2023\\\/12\\\/cumhuriyet-meclisinde-butce-maratonu-devam-ediyor-1703089126.webp.webp\",\"articleSection\":[\"G\u00fcndem\"],\"inLanguage\":\"tr\",\"potentialAction\":[{\"@type\":\"CommentAction\",\"name\":\"Comment\",\"target\":[\"https:\\\/\\\/kibrisdakik.com\\\/?p=23049#respond\"]}]},{\"@type\":\"WebPage\",\"@id\":\"https:\\\/\\\/kibrisdakik.com\\\/?p=23049\",\"url\":\"https:\\\/\\\/kibrisdakik.com\\\/?p=23049\",\"name\":\"Cumhuriyet Meclisi\u2019nde b\u00fct\u00e7e maratonu devam ediyor\u2026 -\",\"isPartOf\":{\"@id\":\"https:\\\/\\\/kibrisdakik.com\\\/#website\"},\"primaryImageOfPage\":{\"@id\":\"https:\\\/\\\/kibrisdakik.com\\\/?p=23049#primaryimage\"},\"image\":{\"@id\":\"https:\\\/\\\/kibrisdakik.com\\\/?p=23049#primaryimage\"},\"thumbnailUrl\":\"https:\\\/\\\/kibrisdakik.com\\\/wp-content\\\/uploads\\\/2023\\\/12\\\/cumhuriyet-meclisinde-butce-maratonu-devam-ediyor-1703089126.webp.webp\",\"datePublished\":\"2023-12-20T16:27:07+00:00\",\"author\":{\"@id\":\"https:\\\/\\\/kibrisdakik.com\\\/#\\\/schema\\\/person\\\/9cd9d437bbb44f72b73ba127e06d8e79\"},\"breadcrumb\":{\"@id\":\"https:\\\/\\\/kibrisdakik.com\\\/?p=23049#breadcrumb\"},\"inLanguage\":\"tr\",\"potentialAction\":[{\"@type\":\"ReadAction\",\"target\":[\"https:\\\/\\\/kibrisdakik.com\\\/?p=23049\"]}]},{\"@type\":\"ImageObject\",\"inLanguage\":\"tr\",\"@id\":\"https:\\\/\\\/kibrisdakik.com\\\/?p=23049#primaryimage\",\"url\":\"https:\\\/\\\/kibrisdakik.com\\\/wp-content\\\/uploads\\\/2023\\\/12\\\/cumhuriyet-meclisinde-butce-maratonu-devam-ediyor-1703089126.webp.webp\",\"contentUrl\":\"https:\\\/\\\/kibrisdakik.com\\\/wp-content\\\/uploads\\\/2023\\\/12\\\/cumhuriyet-meclisinde-butce-maratonu-devam-ediyor-1703089126.webp.webp\",\"width\":710,\"height\":370},{\"@type\":\"BreadcrumbList\",\"@id\":\"https:\\\/\\\/kibrisdakik.com\\\/?p=23049#breadcrumb\",\"itemListElement\":[{\"@type\":\"ListItem\",\"position\":1,\"name\":\"Home\",\"item\":\"https:\\\/\\\/kibrisdakik.com\\\/\"},{\"@type\":\"ListItem\",\"position\":2,\"name\":\"Cumhuriyet Meclisi\u2019nde b\u00fct\u00e7e maratonu devam ediyor\u2026\"}]},{\"@type\":\"WebSite\",\"@id\":\"https:\\\/\\\/kibrisdakik.com\\\/#website\",\"url\":\"https:\\\/\\\/kibrisdakik.com\\\/\",\"name\":\"\",\"description\":\"Tam vaktinde haber\",\"potentialAction\":[{\"@type\":\"SearchAction\",\"target\":{\"@type\":\"EntryPoint\",\"urlTemplate\":\"https:\\\/\\\/kibrisdakik.com\\\/?s={search_term_string}\"},\"query-input\":{\"@type\":\"PropertyValueSpecification\",\"valueRequired\":true,\"valueName\":\"search_term_string\"}}],\"inLanguage\":\"tr\"},{\"@type\":\"Person\",\"@id\":\"https:\\\/\\\/kibrisdakik.com\\\/#\\\/schema\\\/person\\\/9cd9d437bbb44f72b73ba127e06d8e79\",\"name\":\"admin\",\"image\":{\"@type\":\"ImageObject\",\"inLanguage\":\"tr\",\"@id\":\"https:\\\/\\\/secure.gravatar.com\\\/avatar\\\/ccc17943b9d660506c869530f897617f7cb1c21a4bf30023f252596d83e1f007?s=96&d=mm&r=g\",\"url\":\"https:\\\/\\\/secure.gravatar.com\\\/avatar\\\/ccc17943b9d660506c869530f897617f7cb1c21a4bf30023f252596d83e1f007?s=96&d=mm&r=g\",\"contentUrl\":\"https:\\\/\\\/secure.gravatar.com\\\/avatar\\\/ccc17943b9d660506c869530f897617f7cb1c21a4bf30023f252596d83e1f007?s=96&d=mm&r=g\",\"caption\":\"admin\"},\"sameAs\":[\"https:\\\/\\\/kibrisdakik.com\"],\"url\":\"https:\\\/\\\/kibrisdakik.com\\\/?author=1\"}]}<\/script>\n<!-- \/ Yoast SEO plugin. -->","yoast_head_json":{"title":"Cumhuriyet Meclisi\u2019nde b\u00fct\u00e7e maratonu devam ediyor\u2026 -","robots":{"index":"index","follow":"follow","max-snippet":"max-snippet:-1","max-image-preview":"max-image-preview:large","max-video-preview":"max-video-preview:-1"},"canonical":"https:\/\/kibrisdakik.com\/?p=23049","og_locale":"tr_TR","og_type":"article","og_title":"Cumhuriyet Meclisi\u2019nde b\u00fct\u00e7e maratonu devam ediyor\u2026 -","og_description":"Cumhuriyet Meclisi Genel Kurulu\u2019nda Milli E\u011fitim ve K\u00fclt\u00fcr Bakanl\u0131\u011f\u0131 b\u00fct\u00e7esi g\u00f6r\u00fc\u015f\u00fclmeye devam ediyor. -\u00d6zuslu CTP Milletvekili Sami \u00d6zuslu, e\u011fitimle ilgili sonda s\u00f6yleyece\u011fini en ba\u015fta s\u00f6ylemek istedi\u011fini &nbsp;belirterek, e\u011fitimle ilgili baz\u0131 \u00f6nerilerde bulundu. E\u011fitimde bar\u0131\u015fa ihtiya\u00e7 oldu\u011funu, e\u011fitimde i\u015flerin iyiye gitmedi\u011fini belirten \u00d6zuslu, kimsenin mutlu olmad\u0131\u011f\u0131 bir ortamda bir bar\u0131\u015ftan, sulh ortam\u0131ndan bahsetmenin m\u00fcmk\u00fcn olmayaca\u011f\u0131n\u0131 s\u00f6yledi.","og_url":"https:\/\/kibrisdakik.com\/?p=23049","article_published_time":"2023-12-20T16:27:07+00:00","og_image":[{"width":710,"height":370,"url":"https:\/\/kibrisdakik.com\/wp-content\/uploads\/2023\/12\/cumhuriyet-meclisinde-butce-maratonu-devam-ediyor-1703089126.webp.webp","type":"image\/webp"}],"author":"admin","twitter_card":"summary_large_image","twitter_misc":{"Yazan:":"admin","Tahmini okuma s\u00fcresi":"7 dakika"},"schema":{"@context":"https:\/\/schema.org","@graph":[{"@type":"Article","@id":"https:\/\/kibrisdakik.com\/?p=23049#article","isPartOf":{"@id":"https:\/\/kibrisdakik.com\/?p=23049"},"author":{"name":"admin","@id":"https:\/\/kibrisdakik.com\/#\/schema\/person\/9cd9d437bbb44f72b73ba127e06d8e79"},"headline":"Cumhuriyet Meclisi\u2019nde b\u00fct\u00e7e maratonu devam ediyor\u2026","datePublished":"2023-12-20T16:27:07+00:00","mainEntityOfPage":{"@id":"https:\/\/kibrisdakik.com\/?p=23049"},"wordCount":1499,"commentCount":0,"image":{"@id":"https:\/\/kibrisdakik.com\/?p=23049#primaryimage"},"thumbnailUrl":"https:\/\/kibrisdakik.com\/wp-content\/uploads\/2023\/12\/cumhuriyet-meclisinde-butce-maratonu-devam-ediyor-1703089126.webp.webp","articleSection":["G\u00fcndem"],"inLanguage":"tr","potentialAction":[{"@type":"CommentAction","name":"Comment","target":["https:\/\/kibrisdakik.com\/?p=23049#respond"]}]},{"@type":"WebPage","@id":"https:\/\/kibrisdakik.com\/?p=23049","url":"https:\/\/kibrisdakik.com\/?p=23049","name":"Cumhuriyet Meclisi\u2019nde b\u00fct\u00e7e maratonu devam ediyor\u2026 -","isPartOf":{"@id":"https:\/\/kibrisdakik.com\/#website"},"primaryImageOfPage":{"@id":"https:\/\/kibrisdakik.com\/?p=23049#primaryimage"},"image":{"@id":"https:\/\/kibrisdakik.com\/?p=23049#primaryimage"},"thumbnailUrl":"https:\/\/kibrisdakik.com\/wp-content\/uploads\/2023\/12\/cumhuriyet-meclisinde-butce-maratonu-devam-ediyor-1703089126.webp.webp","datePublished":"2023-12-20T16:27:07+00:00","author":{"@id":"https:\/\/kibrisdakik.com\/#\/schema\/person\/9cd9d437bbb44f72b73ba127e06d8e79"},"breadcrumb":{"@id":"https:\/\/kibrisdakik.com\/?p=23049#breadcrumb"},"inLanguage":"tr","potentialAction":[{"@type":"ReadAction","target":["https:\/\/kibrisdakik.com\/?p=23049"]}]},{"@type":"ImageObject","inLanguage":"tr","@id":"https:\/\/kibrisdakik.com\/?p=23049#primaryimage","url":"https:\/\/kibrisdakik.com\/wp-content\/uploads\/2023\/12\/cumhuriyet-meclisinde-butce-maratonu-devam-ediyor-1703089126.webp.webp","contentUrl":"https:\/\/kibrisdakik.com\/wp-content\/uploads\/2023\/12\/cumhuriyet-meclisinde-butce-maratonu-devam-ediyor-1703089126.webp.webp","width":710,"height":370},{"@type":"BreadcrumbList","@id":"https:\/\/kibrisdakik.com\/?p=23049#breadcrumb","itemListElement":[{"@type":"ListItem","position":1,"name":"Home","item":"https:\/\/kibrisdakik.com\/"},{"@type":"ListItem","position":2,"name":"Cumhuriyet Meclisi\u2019nde b\u00fct\u00e7e maratonu devam ediyor\u2026"}]},{"@type":"WebSite","@id":"https:\/\/kibrisdakik.com\/#website","url":"https:\/\/kibrisdakik.com\/","name":"","description":"Tam vaktinde haber","potentialAction":[{"@type":"SearchAction","target":{"@type":"EntryPoint","urlTemplate":"https:\/\/kibrisdakik.com\/?s={search_term_string}"},"query-input":{"@type":"PropertyValueSpecification","valueRequired":true,"valueName":"search_term_string"}}],"inLanguage":"tr"},{"@type":"Person","@id":"https:\/\/kibrisdakik.com\/#\/schema\/person\/9cd9d437bbb44f72b73ba127e06d8e79","name":"admin","image":{"@type":"ImageObject","inLanguage":"tr","@id":"https:\/\/secure.gravatar.com\/avatar\/ccc17943b9d660506c869530f897617f7cb1c21a4bf30023f252596d83e1f007?s=96&d=mm&r=g","url":"https:\/\/secure.gravatar.com\/avatar\/ccc17943b9d660506c869530f897617f7cb1c21a4bf30023f252596d83e1f007?s=96&d=mm&r=g","contentUrl":"https:\/\/secure.gravatar.com\/avatar\/ccc17943b9d660506c869530f897617f7cb1c21a4bf30023f252596d83e1f007?s=96&d=mm&r=g","caption":"admin"},"sameAs":["https:\/\/kibrisdakik.com"],"url":"https:\/\/kibrisdakik.com\/?author=1"}]}},"_links":{"self":[{"href":"https:\/\/kibrisdakik.com\/index.php?rest_route=\/wp\/v2\/posts\/23049","targetHints":{"allow":["GET"]}}],"collection":[{"href":"https:\/\/kibrisdakik.com\/index.php?rest_route=\/wp\/v2\/posts"}],"about":[{"href":"https:\/\/kibrisdakik.com\/index.php?rest_route=\/wp\/v2\/types\/post"}],"author":[{"embeddable":true,"href":"https:\/\/kibrisdakik.com\/index.php?rest_route=\/wp\/v2\/users\/1"}],"replies":[{"embeddable":true,"href":"https:\/\/kibrisdakik.com\/index.php?rest_route=%2Fwp%2Fv2%2Fcomments&post=23049"}],"version-history":[{"count":0,"href":"https:\/\/kibrisdakik.com\/index.php?rest_route=\/wp\/v2\/posts\/23049\/revisions"}],"wp:featuredmedia":[{"embeddable":true,"href":"https:\/\/kibrisdakik.com\/index.php?rest_route=\/wp\/v2\/media\/23050"}],"wp:attachment":[{"href":"https:\/\/kibrisdakik.com\/index.php?rest_route=%2Fwp%2Fv2%2Fmedia&parent=23049"}],"wp:term":[{"taxonomy":"category","embeddable":true,"href":"https:\/\/kibrisdakik.com\/index.php?rest_route=%2Fwp%2Fv2%2Fcategories&post=23049"},{"taxonomy":"post_tag","embeddable":true,"href":"https:\/\/kibrisdakik.com\/index.php?rest_route=%2Fwp%2Fv2%2Ftags&post=23049"}],"curies":[{"name":"wp","href":"https:\/\/api.w.org\/{rel}","templated":true}]}}