{"id":23057,"date":"2023-12-20T17:23:00","date_gmt":"2023-12-20T17:23:00","guid":{"rendered":"https:\/\/kibrisdakik.com\/index.php\/2023\/12\/20\/ukraynada-2024te-askeri-amacli-1-milyondan-fazla-iha-uretilecek\/"},"modified":"2023-12-20T17:23:00","modified_gmt":"2023-12-20T17:23:00","slug":"ukraynada-2024te-askeri-amacli-1-milyondan-fazla-iha-uretilecek","status":"publish","type":"post","link":"https:\/\/kibrisdakik.com\/?p=23057","title":{"rendered":"Ukrayna&#039;da 2024&#039;te askeri ama\u00e7l\u0131 1 milyondan fazla \u0130HA \u00fcretilecek"},"content":{"rendered":"<p><img decoding=\"async\" src=\"https:\/\/www.kibristurk.com\/images\/haberler\/2023\/12\/ukraynada-2024te-askeri-amacli-1-milyondan-fazla-iha-uretilecek-1703087820.webp\" \/><\/p>\n<p><span style=\"font-size:12pt\"><span style=\"background-color:white\"><span style=\",serif\"><span style=\"font-size:13.0pt\"><span style=\",sans-serif\"><span style=\"color:black\">Ukrayna Stratejik Sanayi Bakan\u0131 Oleksandr Kam\u0131\u015fin, gelecek y\u0131l 1 milyondan fazla insans\u0131z hava arac\u0131n\u0131n (\u0130HA) \u00fcretilece\u011fini bildirdi.<\/span><\/span><\/span><\/span><\/span><\/span><\/p>\n<p><span style=\"font-size:12pt\"><span style=\"background-color:white\"><span style=\",serif\"><span style=\"font-size:13.0pt\"><span style=\",sans-serif\"><span style=\"color:black\">Kam\u0131\u015fin, sosyal medya hesab\u0131ndan yapt\u0131\u011f\u0131 a\u00e7\u0131klamada, ordunun ihtiya\u00e7lar\u0131 i\u00e7in \u00fcretilecek \u0130HA\u2019lar\u0131n \u00e7o\u011funun FPV dronlardan olu\u015faca\u011f\u0131n\u0131, S\u0130HA \u00fcretiminin de planland\u0131\u011f\u0131n\u0131 belirtti.<\/span><\/span><\/span><\/span><\/span><\/span><\/p>\n<p><span style=\"font-size:12pt\"><span style=\"background-color:white\"><span style=\",serif\"><span style=\"font-size:13.0pt\"><span style=\",sans-serif\"><span style=\"color:black\">&#8220;Sadece bu ay, yani aral\u0131k ay\u0131nda 50 bin FPV dron \u00fcretece\u011fiz. \u00d6n\u00fcm\u00fczdeki seneye gelince, 1 milyon FPV dronun yan\u0131 s\u0131ra 10 bin orta menzil insans\u0131z hava ara\u00e7lar\u0131 ile 1000 kilometre ve \u00fczeri hedefi vurabilecek S\u0130HA\u2019lar \u00fcretmeyi planl\u0131yoruz. En az 1000 uzak menzil S\u0130HA\u2019y\u0131 orduya teslim etmeyi d\u00fc\u015f\u00fcn\u00fcyoruz.&#8221; bilgisini veren Kam\u0131\u015fin, dron \u00fcretimi i\u00e7in t\u00fcm \u00fcretim tesislerinin haz\u0131r oldu\u011funu kaydetti.<\/span><\/span><\/span><\/span><\/span><\/span><\/p>\n<p><span style=\"font-size:12pt\"><span style=\"background-color:white\"><span style=\",serif\"><span style=\"font-size:13.0pt\"><span style=\",sans-serif\"><span style=\"color:black\">Ukrayna Savunma Bakanl\u0131\u011f\u0131ndan daha \u00f6nce yap\u0131lan a\u00e7\u0131klamada, cephede mermi yetersizli\u011fi nedeniyle olu\u015fan bo\u015flu\u011fun kamikaze dronlar sayesinde kapat\u0131laca\u011f\u0131 ifade edilmi\u015fti.<\/span><\/span><\/span><\/span><\/span><\/span><\/p>\n","protected":false},"excerpt":{"rendered":"<p>Ukrayna Stratejik Sanayi Bakan\u0131 Oleksandr Kam\u0131\u015fin, gelecek y\u0131l 1 milyondan fazla insans\u0131z hava arac\u0131n\u0131n (\u0130HA) \u00fcretilece\u011fini bildirdi. Kam\u0131\u015fin, sosyal medya hesab\u0131ndan yapt\u0131\u011f\u0131 a\u00e7\u0131klamada, ordunun ihtiya\u00e7lar\u0131 i\u00e7in \u00fcretilecek \u0130HA\u2019lar\u0131n \u00e7o\u011funun FPV dronlardan olu\u015faca\u011f\u0131n\u0131, S\u0130HA \u00fcretiminin de planland\u0131\u011f\u0131n\u0131 belirtti. &#8220;Sadece bu ay, yani aral\u0131k ay\u0131nda 50 bin FPV dron \u00fcretece\u011fiz. \u00d6n\u00fcm\u00fczdeki seneye gelince, 1 milyon FPV dronun<\/p>\n","protected":false},"author":1,"featured_media":23058,"comment_status":"open","ping_status":"open","sticky":false,"template":"","format":"standard","meta":{"footnotes":""},"categories":[86],"tags":[],"class_list":["post-23057","post","type-post","status-publish","format-standard","has-post-thumbnail","hentry","category-turkiye"],"yoast_head":"<!-- This site is optimized with the Yoast SEO plugin v27.5 - https:\/\/yoast.com\/product\/yoast-seo-wordpress\/ -->\n<title>Ukrayna&#039;da 2024&#039;te askeri ama\u00e7l\u0131 1 milyondan fazla \u0130HA \u00fcretilecek -<\/title>\n<meta name=\"robots\" content=\"index, follow, max-snippet:-1, max-image-preview:large, max-video-preview:-1\" \/>\n<link rel=\"canonical\" href=\"https:\/\/kibrisdakik.com\/?p=23057\" \/>\n<meta property=\"og:locale\" content=\"tr_TR\" \/>\n<meta property=\"og:type\" content=\"article\" \/>\n<meta property=\"og:title\" content=\"Ukrayna&#039;da 2024&#039;te askeri ama\u00e7l\u0131 1 milyondan fazla \u0130HA \u00fcretilecek -\" \/>\n<meta property=\"og:description\" content=\"Ukrayna Stratejik Sanayi Bakan\u0131 Oleksandr Kam\u0131\u015fin, gelecek y\u0131l 1 milyondan fazla insans\u0131z hava arac\u0131n\u0131n (\u0130HA) \u00fcretilece\u011fini bildirdi. Kam\u0131\u015fin, sosyal medya hesab\u0131ndan yapt\u0131\u011f\u0131 a\u00e7\u0131klamada, ordunun ihtiya\u00e7lar\u0131 i\u00e7in \u00fcretilecek \u0130HA\u2019lar\u0131n \u00e7o\u011funun FPV dronlardan olu\u015faca\u011f\u0131n\u0131, S\u0130HA \u00fcretiminin de planland\u0131\u011f\u0131n\u0131 belirtti. &#8220;Sadece bu ay, yani aral\u0131k ay\u0131nda 50 bin FPV dron \u00fcretece\u011fiz. \u00d6n\u00fcm\u00fczdeki seneye gelince, 1 milyon FPV dronun\" \/>\n<meta property=\"og:url\" content=\"https:\/\/kibrisdakik.com\/?p=23057\" \/>\n<meta property=\"article:published_time\" content=\"2023-12-20T17:23:00+00:00\" \/>\n<meta property=\"og:image\" content=\"https:\/\/kibrisdakik.com\/wp-content\/uploads\/2023\/12\/ukraynada-2024te-askeri-amacli-1-milyondan-fazla-iha-uretilecek-1703087820.webp.webp\" \/>\n\t<meta property=\"og:image:width\" content=\"710\" \/>\n\t<meta property=\"og:image:height\" content=\"370\" \/>\n\t<meta property=\"og:image:type\" content=\"image\/webp\" \/>\n<meta name=\"author\" content=\"admin\" \/>\n<meta name=\"twitter:card\" content=\"summary_large_image\" \/>\n<meta name=\"twitter:label1\" content=\"Yazan:\" \/>\n\t<meta name=\"twitter:data1\" content=\"admin\" \/>\n\t<meta name=\"twitter:label2\" content=\"Tahmini okuma s\u00fcresi\" \/>\n\t<meta name=\"twitter:data2\" content=\"1 dakika\" \/>\n<script type=\"application\/ld+json\" class=\"yoast-schema-graph\">{\"@context\":\"https:\\\/\\\/schema.org\",\"@graph\":[{\"@type\":\"Article\",\"@id\":\"https:\\\/\\\/kibrisdakik.com\\\/?p=23057#article\",\"isPartOf\":{\"@id\":\"https:\\\/\\\/kibrisdakik.com\\\/?p=23057\"},\"author\":{\"name\":\"admin\",\"@id\":\"https:\\\/\\\/kibrisdakik.com\\\/#\\\/schema\\\/person\\\/9cd9d437bbb44f72b73ba127e06d8e79\"},\"headline\":\"Ukrayna&#039;da 2024&#039;te askeri ama\u00e7l\u0131 1 milyondan fazla \u0130HA \u00fcretilecek\",\"datePublished\":\"2023-12-20T17:23:00+00:00\",\"mainEntityOfPage\":{\"@id\":\"https:\\\/\\\/kibrisdakik.com\\\/?p=23057\"},\"wordCount\":166,\"commentCount\":0,\"image\":{\"@id\":\"https:\\\/\\\/kibrisdakik.com\\\/?p=23057#primaryimage\"},\"thumbnailUrl\":\"https:\\\/\\\/kibrisdakik.com\\\/wp-content\\\/uploads\\\/2023\\\/12\\\/ukraynada-2024te-askeri-amacli-1-milyondan-fazla-iha-uretilecek-1703087820.webp.webp\",\"articleSection\":[\"T\u00fcrkiye\"],\"inLanguage\":\"tr\",\"potentialAction\":[{\"@type\":\"CommentAction\",\"name\":\"Comment\",\"target\":[\"https:\\\/\\\/kibrisdakik.com\\\/?p=23057#respond\"]}]},{\"@type\":\"WebPage\",\"@id\":\"https:\\\/\\\/kibrisdakik.com\\\/?p=23057\",\"url\":\"https:\\\/\\\/kibrisdakik.com\\\/?p=23057\",\"name\":\"Ukrayna&#039;da 2024&#039;te askeri ama\u00e7l\u0131 1 milyondan fazla \u0130HA \u00fcretilecek -\",\"isPartOf\":{\"@id\":\"https:\\\/\\\/kibrisdakik.com\\\/#website\"},\"primaryImageOfPage\":{\"@id\":\"https:\\\/\\\/kibrisdakik.com\\\/?p=23057#primaryimage\"},\"image\":{\"@id\":\"https:\\\/\\\/kibrisdakik.com\\\/?p=23057#primaryimage\"},\"thumbnailUrl\":\"https:\\\/\\\/kibrisdakik.com\\\/wp-content\\\/uploads\\\/2023\\\/12\\\/ukraynada-2024te-askeri-amacli-1-milyondan-fazla-iha-uretilecek-1703087820.webp.webp\",\"datePublished\":\"2023-12-20T17:23:00+00:00\",\"author\":{\"@id\":\"https:\\\/\\\/kibrisdakik.com\\\/#\\\/schema\\\/person\\\/9cd9d437bbb44f72b73ba127e06d8e79\"},\"breadcrumb\":{\"@id\":\"https:\\\/\\\/kibrisdakik.com\\\/?p=23057#breadcrumb\"},\"inLanguage\":\"tr\",\"potentialAction\":[{\"@type\":\"ReadAction\",\"target\":[\"https:\\\/\\\/kibrisdakik.com\\\/?p=23057\"]}]},{\"@type\":\"ImageObject\",\"inLanguage\":\"tr\",\"@id\":\"https:\\\/\\\/kibrisdakik.com\\\/?p=23057#primaryimage\",\"url\":\"https:\\\/\\\/kibrisdakik.com\\\/wp-content\\\/uploads\\\/2023\\\/12\\\/ukraynada-2024te-askeri-amacli-1-milyondan-fazla-iha-uretilecek-1703087820.webp.webp\",\"contentUrl\":\"https:\\\/\\\/kibrisdakik.com\\\/wp-content\\\/uploads\\\/2023\\\/12\\\/ukraynada-2024te-askeri-amacli-1-milyondan-fazla-iha-uretilecek-1703087820.webp.webp\",\"width\":710,\"height\":370},{\"@type\":\"BreadcrumbList\",\"@id\":\"https:\\\/\\\/kibrisdakik.com\\\/?p=23057#breadcrumb\",\"itemListElement\":[{\"@type\":\"ListItem\",\"position\":1,\"name\":\"Home\",\"item\":\"https:\\\/\\\/kibrisdakik.com\\\/\"},{\"@type\":\"ListItem\",\"position\":2,\"name\":\"Ukrayna&#039;da 2024&#039;te askeri ama\u00e7l\u0131 1 milyondan fazla \u0130HA \u00fcretilecek\"}]},{\"@type\":\"WebSite\",\"@id\":\"https:\\\/\\\/kibrisdakik.com\\\/#website\",\"url\":\"https:\\\/\\\/kibrisdakik.com\\\/\",\"name\":\"\",\"description\":\"Tam vaktinde haber\",\"potentialAction\":[{\"@type\":\"SearchAction\",\"target\":{\"@type\":\"EntryPoint\",\"urlTemplate\":\"https:\\\/\\\/kibrisdakik.com\\\/?s={search_term_string}\"},\"query-input\":{\"@type\":\"PropertyValueSpecification\",\"valueRequired\":true,\"valueName\":\"search_term_string\"}}],\"inLanguage\":\"tr\"},{\"@type\":\"Person\",\"@id\":\"https:\\\/\\\/kibrisdakik.com\\\/#\\\/schema\\\/person\\\/9cd9d437bbb44f72b73ba127e06d8e79\",\"name\":\"admin\",\"image\":{\"@type\":\"ImageObject\",\"inLanguage\":\"tr\",\"@id\":\"https:\\\/\\\/secure.gravatar.com\\\/avatar\\\/ccc17943b9d660506c869530f897617f7cb1c21a4bf30023f252596d83e1f007?s=96&d=mm&r=g\",\"url\":\"https:\\\/\\\/secure.gravatar.com\\\/avatar\\\/ccc17943b9d660506c869530f897617f7cb1c21a4bf30023f252596d83e1f007?s=96&d=mm&r=g\",\"contentUrl\":\"https:\\\/\\\/secure.gravatar.com\\\/avatar\\\/ccc17943b9d660506c869530f897617f7cb1c21a4bf30023f252596d83e1f007?s=96&d=mm&r=g\",\"caption\":\"admin\"},\"sameAs\":[\"https:\\\/\\\/kibrisdakik.com\"],\"url\":\"https:\\\/\\\/kibrisdakik.com\\\/?author=1\"}]}<\/script>\n<!-- \/ Yoast SEO plugin. -->","yoast_head_json":{"title":"Ukrayna&#039;da 2024&#039;te askeri ama\u00e7l\u0131 1 milyondan fazla \u0130HA \u00fcretilecek -","robots":{"index":"index","follow":"follow","max-snippet":"max-snippet:-1","max-image-preview":"max-image-preview:large","max-video-preview":"max-video-preview:-1"},"canonical":"https:\/\/kibrisdakik.com\/?p=23057","og_locale":"tr_TR","og_type":"article","og_title":"Ukrayna&#039;da 2024&#039;te askeri ama\u00e7l\u0131 1 milyondan fazla \u0130HA \u00fcretilecek -","og_description":"Ukrayna Stratejik Sanayi Bakan\u0131 Oleksandr Kam\u0131\u015fin, gelecek y\u0131l 1 milyondan fazla insans\u0131z hava arac\u0131n\u0131n (\u0130HA) \u00fcretilece\u011fini bildirdi. Kam\u0131\u015fin, sosyal medya hesab\u0131ndan yapt\u0131\u011f\u0131 a\u00e7\u0131klamada, ordunun ihtiya\u00e7lar\u0131 i\u00e7in \u00fcretilecek \u0130HA\u2019lar\u0131n \u00e7o\u011funun FPV dronlardan olu\u015faca\u011f\u0131n\u0131, S\u0130HA \u00fcretiminin de planland\u0131\u011f\u0131n\u0131 belirtti. &#8220;Sadece bu ay, yani aral\u0131k ay\u0131nda 50 bin FPV dron \u00fcretece\u011fiz. \u00d6n\u00fcm\u00fczdeki seneye gelince, 1 milyon FPV dronun","og_url":"https:\/\/kibrisdakik.com\/?p=23057","article_published_time":"2023-12-20T17:23:00+00:00","og_image":[{"width":710,"height":370,"url":"https:\/\/kibrisdakik.com\/wp-content\/uploads\/2023\/12\/ukraynada-2024te-askeri-amacli-1-milyondan-fazla-iha-uretilecek-1703087820.webp.webp","type":"image\/webp"}],"author":"admin","twitter_card":"summary_large_image","twitter_misc":{"Yazan:":"admin","Tahmini okuma s\u00fcresi":"1 dakika"},"schema":{"@context":"https:\/\/schema.org","@graph":[{"@type":"Article","@id":"https:\/\/kibrisdakik.com\/?p=23057#article","isPartOf":{"@id":"https:\/\/kibrisdakik.com\/?p=23057"},"author":{"name":"admin","@id":"https:\/\/kibrisdakik.com\/#\/schema\/person\/9cd9d437bbb44f72b73ba127e06d8e79"},"headline":"Ukrayna&#039;da 2024&#039;te askeri ama\u00e7l\u0131 1 milyondan fazla \u0130HA \u00fcretilecek","datePublished":"2023-12-20T17:23:00+00:00","mainEntityOfPage":{"@id":"https:\/\/kibrisdakik.com\/?p=23057"},"wordCount":166,"commentCount":0,"image":{"@id":"https:\/\/kibrisdakik.com\/?p=23057#primaryimage"},"thumbnailUrl":"https:\/\/kibrisdakik.com\/wp-content\/uploads\/2023\/12\/ukraynada-2024te-askeri-amacli-1-milyondan-fazla-iha-uretilecek-1703087820.webp.webp","articleSection":["T\u00fcrkiye"],"inLanguage":"tr","potentialAction":[{"@type":"CommentAction","name":"Comment","target":["https:\/\/kibrisdakik.com\/?p=23057#respond"]}]},{"@type":"WebPage","@id":"https:\/\/kibrisdakik.com\/?p=23057","url":"https:\/\/kibrisdakik.com\/?p=23057","name":"Ukrayna&#039;da 2024&#039;te askeri ama\u00e7l\u0131 1 milyondan fazla \u0130HA \u00fcretilecek -","isPartOf":{"@id":"https:\/\/kibrisdakik.com\/#website"},"primaryImageOfPage":{"@id":"https:\/\/kibrisdakik.com\/?p=23057#primaryimage"},"image":{"@id":"https:\/\/kibrisdakik.com\/?p=23057#primaryimage"},"thumbnailUrl":"https:\/\/kibrisdakik.com\/wp-content\/uploads\/2023\/12\/ukraynada-2024te-askeri-amacli-1-milyondan-fazla-iha-uretilecek-1703087820.webp.webp","datePublished":"2023-12-20T17:23:00+00:00","author":{"@id":"https:\/\/kibrisdakik.com\/#\/schema\/person\/9cd9d437bbb44f72b73ba127e06d8e79"},"breadcrumb":{"@id":"https:\/\/kibrisdakik.com\/?p=23057#breadcrumb"},"inLanguage":"tr","potentialAction":[{"@type":"ReadAction","target":["https:\/\/kibrisdakik.com\/?p=23057"]}]},{"@type":"ImageObject","inLanguage":"tr","@id":"https:\/\/kibrisdakik.com\/?p=23057#primaryimage","url":"https:\/\/kibrisdakik.com\/wp-content\/uploads\/2023\/12\/ukraynada-2024te-askeri-amacli-1-milyondan-fazla-iha-uretilecek-1703087820.webp.webp","contentUrl":"https:\/\/kibrisdakik.com\/wp-content\/uploads\/2023\/12\/ukraynada-2024te-askeri-amacli-1-milyondan-fazla-iha-uretilecek-1703087820.webp.webp","width":710,"height":370},{"@type":"BreadcrumbList","@id":"https:\/\/kibrisdakik.com\/?p=23057#breadcrumb","itemListElement":[{"@type":"ListItem","position":1,"name":"Home","item":"https:\/\/kibrisdakik.com\/"},{"@type":"ListItem","position":2,"name":"Ukrayna&#039;da 2024&#039;te askeri ama\u00e7l\u0131 1 milyondan fazla \u0130HA \u00fcretilecek"}]},{"@type":"WebSite","@id":"https:\/\/kibrisdakik.com\/#website","url":"https:\/\/kibrisdakik.com\/","name":"","description":"Tam vaktinde haber","potentialAction":[{"@type":"SearchAction","target":{"@type":"EntryPoint","urlTemplate":"https:\/\/kibrisdakik.com\/?s={search_term_string}"},"query-input":{"@type":"PropertyValueSpecification","valueRequired":true,"valueName":"search_term_string"}}],"inLanguage":"tr"},{"@type":"Person","@id":"https:\/\/kibrisdakik.com\/#\/schema\/person\/9cd9d437bbb44f72b73ba127e06d8e79","name":"admin","image":{"@type":"ImageObject","inLanguage":"tr","@id":"https:\/\/secure.gravatar.com\/avatar\/ccc17943b9d660506c869530f897617f7cb1c21a4bf30023f252596d83e1f007?s=96&d=mm&r=g","url":"https:\/\/secure.gravatar.com\/avatar\/ccc17943b9d660506c869530f897617f7cb1c21a4bf30023f252596d83e1f007?s=96&d=mm&r=g","contentUrl":"https:\/\/secure.gravatar.com\/avatar\/ccc17943b9d660506c869530f897617f7cb1c21a4bf30023f252596d83e1f007?s=96&d=mm&r=g","caption":"admin"},"sameAs":["https:\/\/kibrisdakik.com"],"url":"https:\/\/kibrisdakik.com\/?author=1"}]}},"_links":{"self":[{"href":"https:\/\/kibrisdakik.com\/index.php?rest_route=\/wp\/v2\/posts\/23057","targetHints":{"allow":["GET"]}}],"collection":[{"href":"https:\/\/kibrisdakik.com\/index.php?rest_route=\/wp\/v2\/posts"}],"about":[{"href":"https:\/\/kibrisdakik.com\/index.php?rest_route=\/wp\/v2\/types\/post"}],"author":[{"embeddable":true,"href":"https:\/\/kibrisdakik.com\/index.php?rest_route=\/wp\/v2\/users\/1"}],"replies":[{"embeddable":true,"href":"https:\/\/kibrisdakik.com\/index.php?rest_route=%2Fwp%2Fv2%2Fcomments&post=23057"}],"version-history":[{"count":0,"href":"https:\/\/kibrisdakik.com\/index.php?rest_route=\/wp\/v2\/posts\/23057\/revisions"}],"wp:featuredmedia":[{"embeddable":true,"href":"https:\/\/kibrisdakik.com\/index.php?rest_route=\/wp\/v2\/media\/23058"}],"wp:attachment":[{"href":"https:\/\/kibrisdakik.com\/index.php?rest_route=%2Fwp%2Fv2%2Fmedia&parent=23057"}],"wp:term":[{"taxonomy":"category","embeddable":true,"href":"https:\/\/kibrisdakik.com\/index.php?rest_route=%2Fwp%2Fv2%2Fcategories&post=23057"},{"taxonomy":"post_tag","embeddable":true,"href":"https:\/\/kibrisdakik.com\/index.php?rest_route=%2Fwp%2Fv2%2Ftags&post=23057"}],"curies":[{"name":"wp","href":"https:\/\/api.w.org\/{rel}","templated":true}]}}