{"id":23106,"date":"2023-12-21T06:37:54","date_gmt":"2023-12-21T06:37:54","guid":{"rendered":"https:\/\/kibrisdakik.com\/index.php\/2023\/12\/21\/bugunden-itibaren-yagmurlu-hava-geliyor\/"},"modified":"2023-12-21T06:37:54","modified_gmt":"2023-12-21T06:37:54","slug":"bugunden-itibaren-yagmurlu-hava-geliyor","status":"publish","type":"post","link":"https:\/\/kibrisdakik.com\/?p=23106","title":{"rendered":"Bug\u00fcnden itibaren ya\u011fmurlu hava geliyor"},"content":{"rendered":"<p><img decoding=\"async\" src=\"https:\/\/www.kibristurk.com\/images\/haberler\/2023\/12\/bugunde-itibaren-yagmurlu-hava-geliyor-1703138091.webp\" \/><\/p>\n<p>Meteoroloji Dairesi, bug\u00fcn, yar\u0131n ve cumartesi g\u00fcnleri sa\u011fanak ya\u011fmur beklendi\u011fini duyurdu.<\/p>\n<p>Daire\u2019nin 21-27 Aral\u0131k tarihlerini kapsayan raporuna g\u00f6re, pazar g\u00fcn\u00fc itibar\u0131yla ise hava par\u00e7al\u0131 veya az bulutlu olacak. &nbsp;<\/p>\n<p>Periyodun ilk g\u00fcn\u00fc kuzey ve do\u011fudan, di\u011fer g\u00fcnlerde ise g\u00fcney ve bat\u0131dan r\u00fczgar kuvvetli, yer yer f\u0131rt\u0131nams\u0131 olarak esecek.<\/p>\n<p>Al\u00e7ak bas\u0131n sistemi ile serin ve nemli hava k\u00fctlesinin etkisi alt\u0131nda kalan b\u00f6lgede, hava s\u0131cakl\u0131\u011f\u0131 ise i\u00e7 kesimlerde ve sahillerde 18-21 derece dolaylar\u0131nda seyredecek.<\/p>\n","protected":false},"excerpt":{"rendered":"<p>Meteoroloji Dairesi, bug\u00fcn, yar\u0131n ve cumartesi g\u00fcnleri sa\u011fanak ya\u011fmur beklendi\u011fini duyurdu. Daire\u2019nin 21-27 Aral\u0131k tarihlerini kapsayan raporuna g\u00f6re, pazar g\u00fcn\u00fc itibar\u0131yla ise hava par\u00e7al\u0131 veya az bulutlu olacak. &nbsp; Periyodun ilk g\u00fcn\u00fc kuzey ve do\u011fudan, di\u011fer g\u00fcnlerde ise g\u00fcney ve bat\u0131dan r\u00fczgar kuvvetli, yer yer f\u0131rt\u0131nams\u0131 olarak esecek. Al\u00e7ak bas\u0131n sistemi ile serin ve nemli<\/p>\n","protected":false},"author":1,"featured_media":23107,"comment_status":"open","ping_status":"open","sticky":false,"template":"","format":"standard","meta":{"footnotes":""},"categories":[1],"tags":[],"class_list":["post-23106","post","type-post","status-publish","format-standard","has-post-thumbnail","hentry","category-gundem"],"yoast_head":"<!-- This site is optimized with the Yoast SEO plugin v27.5 - https:\/\/yoast.com\/product\/yoast-seo-wordpress\/ -->\n<title>Bug\u00fcnden itibaren ya\u011fmurlu hava geliyor -<\/title>\n<meta name=\"robots\" content=\"index, follow, max-snippet:-1, max-image-preview:large, max-video-preview:-1\" \/>\n<link rel=\"canonical\" href=\"https:\/\/kibrisdakik.com\/?p=23106\" \/>\n<meta property=\"og:locale\" content=\"tr_TR\" \/>\n<meta property=\"og:type\" content=\"article\" \/>\n<meta property=\"og:title\" content=\"Bug\u00fcnden itibaren ya\u011fmurlu hava geliyor -\" \/>\n<meta property=\"og:description\" content=\"Meteoroloji Dairesi, bug\u00fcn, yar\u0131n ve cumartesi g\u00fcnleri sa\u011fanak ya\u011fmur beklendi\u011fini duyurdu. Daire\u2019nin 21-27 Aral\u0131k tarihlerini kapsayan raporuna g\u00f6re, pazar g\u00fcn\u00fc itibar\u0131yla ise hava par\u00e7al\u0131 veya az bulutlu olacak. &nbsp; Periyodun ilk g\u00fcn\u00fc kuzey ve do\u011fudan, di\u011fer g\u00fcnlerde ise g\u00fcney ve bat\u0131dan r\u00fczgar kuvvetli, yer yer f\u0131rt\u0131nams\u0131 olarak esecek. Al\u00e7ak bas\u0131n sistemi ile serin ve nemli\" \/>\n<meta property=\"og:url\" content=\"https:\/\/kibrisdakik.com\/?p=23106\" \/>\n<meta property=\"article:published_time\" content=\"2023-12-21T06:37:54+00:00\" \/>\n<meta property=\"og:image\" content=\"https:\/\/kibrisdakik.com\/wp-content\/uploads\/2023\/12\/bugunde-itibaren-yagmurlu-hava-geliyor-1703138091.webp.webp\" \/>\n\t<meta property=\"og:image:width\" content=\"710\" \/>\n\t<meta property=\"og:image:height\" content=\"370\" \/>\n\t<meta property=\"og:image:type\" content=\"image\/webp\" \/>\n<meta name=\"author\" content=\"admin\" \/>\n<meta name=\"twitter:card\" content=\"summary_large_image\" \/>\n<meta name=\"twitter:label1\" content=\"Yazan:\" \/>\n\t<meta name=\"twitter:data1\" content=\"admin\" \/>\n\t<meta name=\"twitter:label2\" content=\"Tahmini okuma s\u00fcresi\" \/>\n\t<meta name=\"twitter:data2\" content=\"1 dakika\" \/>\n<script type=\"application\/ld+json\" class=\"yoast-schema-graph\">{\"@context\":\"https:\\\/\\\/schema.org\",\"@graph\":[{\"@type\":\"Article\",\"@id\":\"https:\\\/\\\/kibrisdakik.com\\\/?p=23106#article\",\"isPartOf\":{\"@id\":\"https:\\\/\\\/kibrisdakik.com\\\/?p=23106\"},\"author\":{\"name\":\"admin\",\"@id\":\"https:\\\/\\\/kibrisdakik.com\\\/#\\\/schema\\\/person\\\/9cd9d437bbb44f72b73ba127e06d8e79\"},\"headline\":\"Bug\u00fcnden itibaren ya\u011fmurlu hava geliyor\",\"datePublished\":\"2023-12-21T06:37:54+00:00\",\"mainEntityOfPage\":{\"@id\":\"https:\\\/\\\/kibrisdakik.com\\\/?p=23106\"},\"wordCount\":107,\"commentCount\":0,\"image\":{\"@id\":\"https:\\\/\\\/kibrisdakik.com\\\/?p=23106#primaryimage\"},\"thumbnailUrl\":\"https:\\\/\\\/kibrisdakik.com\\\/wp-content\\\/uploads\\\/2023\\\/12\\\/bugunde-itibaren-yagmurlu-hava-geliyor-1703138091.webp.webp\",\"articleSection\":[\"G\u00fcndem\"],\"inLanguage\":\"tr\",\"potentialAction\":[{\"@type\":\"CommentAction\",\"name\":\"Comment\",\"target\":[\"https:\\\/\\\/kibrisdakik.com\\\/?p=23106#respond\"]}]},{\"@type\":\"WebPage\",\"@id\":\"https:\\\/\\\/kibrisdakik.com\\\/?p=23106\",\"url\":\"https:\\\/\\\/kibrisdakik.com\\\/?p=23106\",\"name\":\"Bug\u00fcnden itibaren ya\u011fmurlu hava geliyor -\",\"isPartOf\":{\"@id\":\"https:\\\/\\\/kibrisdakik.com\\\/#website\"},\"primaryImageOfPage\":{\"@id\":\"https:\\\/\\\/kibrisdakik.com\\\/?p=23106#primaryimage\"},\"image\":{\"@id\":\"https:\\\/\\\/kibrisdakik.com\\\/?p=23106#primaryimage\"},\"thumbnailUrl\":\"https:\\\/\\\/kibrisdakik.com\\\/wp-content\\\/uploads\\\/2023\\\/12\\\/bugunde-itibaren-yagmurlu-hava-geliyor-1703138091.webp.webp\",\"datePublished\":\"2023-12-21T06:37:54+00:00\",\"author\":{\"@id\":\"https:\\\/\\\/kibrisdakik.com\\\/#\\\/schema\\\/person\\\/9cd9d437bbb44f72b73ba127e06d8e79\"},\"breadcrumb\":{\"@id\":\"https:\\\/\\\/kibrisdakik.com\\\/?p=23106#breadcrumb\"},\"inLanguage\":\"tr\",\"potentialAction\":[{\"@type\":\"ReadAction\",\"target\":[\"https:\\\/\\\/kibrisdakik.com\\\/?p=23106\"]}]},{\"@type\":\"ImageObject\",\"inLanguage\":\"tr\",\"@id\":\"https:\\\/\\\/kibrisdakik.com\\\/?p=23106#primaryimage\",\"url\":\"https:\\\/\\\/kibrisdakik.com\\\/wp-content\\\/uploads\\\/2023\\\/12\\\/bugunde-itibaren-yagmurlu-hava-geliyor-1703138091.webp.webp\",\"contentUrl\":\"https:\\\/\\\/kibrisdakik.com\\\/wp-content\\\/uploads\\\/2023\\\/12\\\/bugunde-itibaren-yagmurlu-hava-geliyor-1703138091.webp.webp\",\"width\":710,\"height\":370},{\"@type\":\"BreadcrumbList\",\"@id\":\"https:\\\/\\\/kibrisdakik.com\\\/?p=23106#breadcrumb\",\"itemListElement\":[{\"@type\":\"ListItem\",\"position\":1,\"name\":\"Home\",\"item\":\"https:\\\/\\\/kibrisdakik.com\\\/\"},{\"@type\":\"ListItem\",\"position\":2,\"name\":\"Bug\u00fcnden itibaren ya\u011fmurlu hava geliyor\"}]},{\"@type\":\"WebSite\",\"@id\":\"https:\\\/\\\/kibrisdakik.com\\\/#website\",\"url\":\"https:\\\/\\\/kibrisdakik.com\\\/\",\"name\":\"\",\"description\":\"Tam vaktinde haber\",\"potentialAction\":[{\"@type\":\"SearchAction\",\"target\":{\"@type\":\"EntryPoint\",\"urlTemplate\":\"https:\\\/\\\/kibrisdakik.com\\\/?s={search_term_string}\"},\"query-input\":{\"@type\":\"PropertyValueSpecification\",\"valueRequired\":true,\"valueName\":\"search_term_string\"}}],\"inLanguage\":\"tr\"},{\"@type\":\"Person\",\"@id\":\"https:\\\/\\\/kibrisdakik.com\\\/#\\\/schema\\\/person\\\/9cd9d437bbb44f72b73ba127e06d8e79\",\"name\":\"admin\",\"image\":{\"@type\":\"ImageObject\",\"inLanguage\":\"tr\",\"@id\":\"https:\\\/\\\/secure.gravatar.com\\\/avatar\\\/ccc17943b9d660506c869530f897617f7cb1c21a4bf30023f252596d83e1f007?s=96&d=mm&r=g\",\"url\":\"https:\\\/\\\/secure.gravatar.com\\\/avatar\\\/ccc17943b9d660506c869530f897617f7cb1c21a4bf30023f252596d83e1f007?s=96&d=mm&r=g\",\"contentUrl\":\"https:\\\/\\\/secure.gravatar.com\\\/avatar\\\/ccc17943b9d660506c869530f897617f7cb1c21a4bf30023f252596d83e1f007?s=96&d=mm&r=g\",\"caption\":\"admin\"},\"sameAs\":[\"https:\\\/\\\/kibrisdakik.com\"],\"url\":\"https:\\\/\\\/kibrisdakik.com\\\/?author=1\"}]}<\/script>\n<!-- \/ Yoast SEO plugin. -->","yoast_head_json":{"title":"Bug\u00fcnden itibaren ya\u011fmurlu hava geliyor -","robots":{"index":"index","follow":"follow","max-snippet":"max-snippet:-1","max-image-preview":"max-image-preview:large","max-video-preview":"max-video-preview:-1"},"canonical":"https:\/\/kibrisdakik.com\/?p=23106","og_locale":"tr_TR","og_type":"article","og_title":"Bug\u00fcnden itibaren ya\u011fmurlu hava geliyor -","og_description":"Meteoroloji Dairesi, bug\u00fcn, yar\u0131n ve cumartesi g\u00fcnleri sa\u011fanak ya\u011fmur beklendi\u011fini duyurdu. Daire\u2019nin 21-27 Aral\u0131k tarihlerini kapsayan raporuna g\u00f6re, pazar g\u00fcn\u00fc itibar\u0131yla ise hava par\u00e7al\u0131 veya az bulutlu olacak. &nbsp; Periyodun ilk g\u00fcn\u00fc kuzey ve do\u011fudan, di\u011fer g\u00fcnlerde ise g\u00fcney ve bat\u0131dan r\u00fczgar kuvvetli, yer yer f\u0131rt\u0131nams\u0131 olarak esecek. Al\u00e7ak bas\u0131n sistemi ile serin ve nemli","og_url":"https:\/\/kibrisdakik.com\/?p=23106","article_published_time":"2023-12-21T06:37:54+00:00","og_image":[{"width":710,"height":370,"url":"https:\/\/kibrisdakik.com\/wp-content\/uploads\/2023\/12\/bugunde-itibaren-yagmurlu-hava-geliyor-1703138091.webp.webp","type":"image\/webp"}],"author":"admin","twitter_card":"summary_large_image","twitter_misc":{"Yazan:":"admin","Tahmini okuma s\u00fcresi":"1 dakika"},"schema":{"@context":"https:\/\/schema.org","@graph":[{"@type":"Article","@id":"https:\/\/kibrisdakik.com\/?p=23106#article","isPartOf":{"@id":"https:\/\/kibrisdakik.com\/?p=23106"},"author":{"name":"admin","@id":"https:\/\/kibrisdakik.com\/#\/schema\/person\/9cd9d437bbb44f72b73ba127e06d8e79"},"headline":"Bug\u00fcnden itibaren ya\u011fmurlu hava geliyor","datePublished":"2023-12-21T06:37:54+00:00","mainEntityOfPage":{"@id":"https:\/\/kibrisdakik.com\/?p=23106"},"wordCount":107,"commentCount":0,"image":{"@id":"https:\/\/kibrisdakik.com\/?p=23106#primaryimage"},"thumbnailUrl":"https:\/\/kibrisdakik.com\/wp-content\/uploads\/2023\/12\/bugunde-itibaren-yagmurlu-hava-geliyor-1703138091.webp.webp","articleSection":["G\u00fcndem"],"inLanguage":"tr","potentialAction":[{"@type":"CommentAction","name":"Comment","target":["https:\/\/kibrisdakik.com\/?p=23106#respond"]}]},{"@type":"WebPage","@id":"https:\/\/kibrisdakik.com\/?p=23106","url":"https:\/\/kibrisdakik.com\/?p=23106","name":"Bug\u00fcnden itibaren ya\u011fmurlu hava geliyor -","isPartOf":{"@id":"https:\/\/kibrisdakik.com\/#website"},"primaryImageOfPage":{"@id":"https:\/\/kibrisdakik.com\/?p=23106#primaryimage"},"image":{"@id":"https:\/\/kibrisdakik.com\/?p=23106#primaryimage"},"thumbnailUrl":"https:\/\/kibrisdakik.com\/wp-content\/uploads\/2023\/12\/bugunde-itibaren-yagmurlu-hava-geliyor-1703138091.webp.webp","datePublished":"2023-12-21T06:37:54+00:00","author":{"@id":"https:\/\/kibrisdakik.com\/#\/schema\/person\/9cd9d437bbb44f72b73ba127e06d8e79"},"breadcrumb":{"@id":"https:\/\/kibrisdakik.com\/?p=23106#breadcrumb"},"inLanguage":"tr","potentialAction":[{"@type":"ReadAction","target":["https:\/\/kibrisdakik.com\/?p=23106"]}]},{"@type":"ImageObject","inLanguage":"tr","@id":"https:\/\/kibrisdakik.com\/?p=23106#primaryimage","url":"https:\/\/kibrisdakik.com\/wp-content\/uploads\/2023\/12\/bugunde-itibaren-yagmurlu-hava-geliyor-1703138091.webp.webp","contentUrl":"https:\/\/kibrisdakik.com\/wp-content\/uploads\/2023\/12\/bugunde-itibaren-yagmurlu-hava-geliyor-1703138091.webp.webp","width":710,"height":370},{"@type":"BreadcrumbList","@id":"https:\/\/kibrisdakik.com\/?p=23106#breadcrumb","itemListElement":[{"@type":"ListItem","position":1,"name":"Home","item":"https:\/\/kibrisdakik.com\/"},{"@type":"ListItem","position":2,"name":"Bug\u00fcnden itibaren ya\u011fmurlu hava geliyor"}]},{"@type":"WebSite","@id":"https:\/\/kibrisdakik.com\/#website","url":"https:\/\/kibrisdakik.com\/","name":"","description":"Tam vaktinde haber","potentialAction":[{"@type":"SearchAction","target":{"@type":"EntryPoint","urlTemplate":"https:\/\/kibrisdakik.com\/?s={search_term_string}"},"query-input":{"@type":"PropertyValueSpecification","valueRequired":true,"valueName":"search_term_string"}}],"inLanguage":"tr"},{"@type":"Person","@id":"https:\/\/kibrisdakik.com\/#\/schema\/person\/9cd9d437bbb44f72b73ba127e06d8e79","name":"admin","image":{"@type":"ImageObject","inLanguage":"tr","@id":"https:\/\/secure.gravatar.com\/avatar\/ccc17943b9d660506c869530f897617f7cb1c21a4bf30023f252596d83e1f007?s=96&d=mm&r=g","url":"https:\/\/secure.gravatar.com\/avatar\/ccc17943b9d660506c869530f897617f7cb1c21a4bf30023f252596d83e1f007?s=96&d=mm&r=g","contentUrl":"https:\/\/secure.gravatar.com\/avatar\/ccc17943b9d660506c869530f897617f7cb1c21a4bf30023f252596d83e1f007?s=96&d=mm&r=g","caption":"admin"},"sameAs":["https:\/\/kibrisdakik.com"],"url":"https:\/\/kibrisdakik.com\/?author=1"}]}},"_links":{"self":[{"href":"https:\/\/kibrisdakik.com\/index.php?rest_route=\/wp\/v2\/posts\/23106","targetHints":{"allow":["GET"]}}],"collection":[{"href":"https:\/\/kibrisdakik.com\/index.php?rest_route=\/wp\/v2\/posts"}],"about":[{"href":"https:\/\/kibrisdakik.com\/index.php?rest_route=\/wp\/v2\/types\/post"}],"author":[{"embeddable":true,"href":"https:\/\/kibrisdakik.com\/index.php?rest_route=\/wp\/v2\/users\/1"}],"replies":[{"embeddable":true,"href":"https:\/\/kibrisdakik.com\/index.php?rest_route=%2Fwp%2Fv2%2Fcomments&post=23106"}],"version-history":[{"count":0,"href":"https:\/\/kibrisdakik.com\/index.php?rest_route=\/wp\/v2\/posts\/23106\/revisions"}],"wp:featuredmedia":[{"embeddable":true,"href":"https:\/\/kibrisdakik.com\/index.php?rest_route=\/wp\/v2\/media\/23107"}],"wp:attachment":[{"href":"https:\/\/kibrisdakik.com\/index.php?rest_route=%2Fwp%2Fv2%2Fmedia&parent=23106"}],"wp:term":[{"taxonomy":"category","embeddable":true,"href":"https:\/\/kibrisdakik.com\/index.php?rest_route=%2Fwp%2Fv2%2Fcategories&post=23106"},{"taxonomy":"post_tag","embeddable":true,"href":"https:\/\/kibrisdakik.com\/index.php?rest_route=%2Fwp%2Fv2%2Ftags&post=23106"}],"curies":[{"name":"wp","href":"https:\/\/api.w.org\/{rel}","templated":true}]}}