{"id":23138,"date":"2023-12-21T09:45:00","date_gmt":"2023-12-21T09:45:00","guid":{"rendered":"https:\/\/kibrisdakik.com\/index.php\/2023\/12\/21\/budapestede-kuzey-kibris-fotograf-sergisi-acildi\/"},"modified":"2023-12-21T09:45:00","modified_gmt":"2023-12-21T09:45:00","slug":"budapestede-kuzey-kibris-fotograf-sergisi-acildi","status":"publish","type":"post","link":"https:\/\/kibrisdakik.com\/?p=23138","title":{"rendered":"Budape\u015fte\u2019de Kuzey K\u0131br\u0131s Foto\u011fraf Sergisi a\u00e7\u0131ld\u0131"},"content":{"rendered":"<p><img decoding=\"async\" src=\"https:\/\/www.kibristurk.com\/images\/haberler\/2023\/12\/budapestede-kuzey-kibris-fotograf-sergisi-acildi-1703152028.webp\" \/><\/p>\n<p style=\"text-align:left\"><span style=\"font-size:14px\"><span style=\"font-family:Arial,Helvetica,sans-serif\"><span style=\"color:#000000\"><span style=\"background-color:#ffffff\"><span style=\"color:#000000 !important\">Yunus Emre Enstit\u00fcs\u00fc Budape\u015fte T\u00fcrk K\u00fclt\u00fcr Merkezi\u2019nde a\u00e7\u0131lan sergide uluslararas\u0131 alanda tan\u0131nan foto\u011fraf sanat\u00e7\u0131lar\u0131 Alp Galip ve Altu\u011f Galip\u2019in \u00fclkenin do\u011fal ve tarihi zenginliklerini yans\u0131tan se\u00e7me eserlerinden olu\u015fan foto\u011fraflar yer al\u0131yor.&nbsp;<\/span><\/span><\/span><\/span><\/span><\/p>\n<p style=\"text-align:left\"><span style=\"font-size:14px\"><span style=\"font-family:Arial,Helvetica,sans-serif\"><span style=\"color:#000000\"><span style=\"background-color:#ffffff\"><span style=\"color:#000000 !important\">Sergisinin a\u00e7\u0131l\u0131\u015f\u0131 KKTC Budape\u015fte Temsilcili\u011fi Misyon \u015eefi \u00d6zg\u00fcr Ezel ve T.C. Budape\u015fte B\u00fcy\u00fckel\u00e7isi G\u00fcl\u015fen Karanis Ek\u015fio\u011flu taraf\u0131ndan yap\u0131ld\u0131.<\/span><\/span><\/span><\/span><\/span><\/p>\n<p style=\"text-align:left\"><span style=\"font-size:14px\"><span style=\"font-family:Arial,Helvetica,sans-serif\"><span style=\"color:#000000\"><span style=\"background-color:#ffffff\">Sergi yar\u0131na kadar ziyaret edilebilecek.<\/span><\/span><\/span><\/span><\/p>\n","protected":false},"excerpt":{"rendered":"<p>Yunus Emre Enstit\u00fcs\u00fc Budape\u015fte T\u00fcrk K\u00fclt\u00fcr Merkezi\u2019nde a\u00e7\u0131lan sergide uluslararas\u0131 alanda tan\u0131nan foto\u011fraf sanat\u00e7\u0131lar\u0131 Alp Galip ve Altu\u011f Galip\u2019in \u00fclkenin do\u011fal ve tarihi zenginliklerini yans\u0131tan se\u00e7me eserlerinden olu\u015fan foto\u011fraflar yer al\u0131yor.&nbsp; Sergisinin a\u00e7\u0131l\u0131\u015f\u0131 KKTC Budape\u015fte Temsilcili\u011fi Misyon \u015eefi \u00d6zg\u00fcr Ezel ve T.C. Budape\u015fte B\u00fcy\u00fckel\u00e7isi G\u00fcl\u015fen Karanis Ek\u015fio\u011flu taraf\u0131ndan yap\u0131ld\u0131. Sergi yar\u0131na kadar ziyaret edilebilecek.<\/p>\n","protected":false},"author":1,"featured_media":23139,"comment_status":"open","ping_status":"open","sticky":false,"template":"","format":"standard","meta":{"footnotes":""},"categories":[1],"tags":[],"class_list":["post-23138","post","type-post","status-publish","format-standard","has-post-thumbnail","hentry","category-gundem"],"yoast_head":"<!-- This site is optimized with the Yoast SEO plugin v27.5 - https:\/\/yoast.com\/product\/yoast-seo-wordpress\/ -->\n<title>Budape\u015fte\u2019de Kuzey K\u0131br\u0131s Foto\u011fraf Sergisi a\u00e7\u0131ld\u0131 -<\/title>\n<meta name=\"robots\" content=\"index, follow, max-snippet:-1, max-image-preview:large, max-video-preview:-1\" \/>\n<link rel=\"canonical\" href=\"https:\/\/kibrisdakik.com\/?p=23138\" \/>\n<meta property=\"og:locale\" content=\"tr_TR\" \/>\n<meta property=\"og:type\" content=\"article\" \/>\n<meta property=\"og:title\" content=\"Budape\u015fte\u2019de Kuzey K\u0131br\u0131s Foto\u011fraf Sergisi a\u00e7\u0131ld\u0131 -\" \/>\n<meta property=\"og:description\" content=\"Yunus Emre Enstit\u00fcs\u00fc Budape\u015fte T\u00fcrk K\u00fclt\u00fcr Merkezi\u2019nde a\u00e7\u0131lan sergide uluslararas\u0131 alanda tan\u0131nan foto\u011fraf sanat\u00e7\u0131lar\u0131 Alp Galip ve Altu\u011f Galip\u2019in \u00fclkenin do\u011fal ve tarihi zenginliklerini yans\u0131tan se\u00e7me eserlerinden olu\u015fan foto\u011fraflar yer al\u0131yor.&nbsp; Sergisinin a\u00e7\u0131l\u0131\u015f\u0131 KKTC Budape\u015fte Temsilcili\u011fi Misyon \u015eefi \u00d6zg\u00fcr Ezel ve T.C. Budape\u015fte B\u00fcy\u00fckel\u00e7isi G\u00fcl\u015fen Karanis Ek\u015fio\u011flu taraf\u0131ndan yap\u0131ld\u0131. Sergi yar\u0131na kadar ziyaret edilebilecek.\" \/>\n<meta property=\"og:url\" content=\"https:\/\/kibrisdakik.com\/?p=23138\" \/>\n<meta property=\"article:published_time\" content=\"2023-12-21T09:45:00+00:00\" \/>\n<meta property=\"og:image\" content=\"https:\/\/kibrisdakik.com\/wp-content\/uploads\/2023\/12\/budapestede-kuzey-kibris-fotograf-sergisi-acildi-1703152028.webp.webp\" \/>\n\t<meta property=\"og:image:width\" content=\"710\" \/>\n\t<meta property=\"og:image:height\" content=\"370\" \/>\n\t<meta property=\"og:image:type\" content=\"image\/webp\" \/>\n<meta name=\"author\" content=\"admin\" \/>\n<meta name=\"twitter:card\" content=\"summary_large_image\" \/>\n<meta name=\"twitter:label1\" content=\"Yazan:\" \/>\n\t<meta name=\"twitter:data1\" content=\"admin\" \/>\n<script type=\"application\/ld+json\" class=\"yoast-schema-graph\">{\"@context\":\"https:\\\/\\\/schema.org\",\"@graph\":[{\"@type\":\"Article\",\"@id\":\"https:\\\/\\\/kibrisdakik.com\\\/?p=23138#article\",\"isPartOf\":{\"@id\":\"https:\\\/\\\/kibrisdakik.com\\\/?p=23138\"},\"author\":{\"name\":\"admin\",\"@id\":\"https:\\\/\\\/kibrisdakik.com\\\/#\\\/schema\\\/person\\\/9cd9d437bbb44f72b73ba127e06d8e79\"},\"headline\":\"Budape\u015fte\u2019de Kuzey K\u0131br\u0131s Foto\u011fraf Sergisi a\u00e7\u0131ld\u0131\",\"datePublished\":\"2023-12-21T09:45:00+00:00\",\"mainEntityOfPage\":{\"@id\":\"https:\\\/\\\/kibrisdakik.com\\\/?p=23138\"},\"wordCount\":100,\"commentCount\":0,\"image\":{\"@id\":\"https:\\\/\\\/kibrisdakik.com\\\/?p=23138#primaryimage\"},\"thumbnailUrl\":\"https:\\\/\\\/kibrisdakik.com\\\/wp-content\\\/uploads\\\/2023\\\/12\\\/budapestede-kuzey-kibris-fotograf-sergisi-acildi-1703152028.webp.webp\",\"articleSection\":[\"G\u00fcndem\"],\"inLanguage\":\"tr\",\"potentialAction\":[{\"@type\":\"CommentAction\",\"name\":\"Comment\",\"target\":[\"https:\\\/\\\/kibrisdakik.com\\\/?p=23138#respond\"]}]},{\"@type\":\"WebPage\",\"@id\":\"https:\\\/\\\/kibrisdakik.com\\\/?p=23138\",\"url\":\"https:\\\/\\\/kibrisdakik.com\\\/?p=23138\",\"name\":\"Budape\u015fte\u2019de Kuzey K\u0131br\u0131s Foto\u011fraf Sergisi a\u00e7\u0131ld\u0131 -\",\"isPartOf\":{\"@id\":\"https:\\\/\\\/kibrisdakik.com\\\/#website\"},\"primaryImageOfPage\":{\"@id\":\"https:\\\/\\\/kibrisdakik.com\\\/?p=23138#primaryimage\"},\"image\":{\"@id\":\"https:\\\/\\\/kibrisdakik.com\\\/?p=23138#primaryimage\"},\"thumbnailUrl\":\"https:\\\/\\\/kibrisdakik.com\\\/wp-content\\\/uploads\\\/2023\\\/12\\\/budapestede-kuzey-kibris-fotograf-sergisi-acildi-1703152028.webp.webp\",\"datePublished\":\"2023-12-21T09:45:00+00:00\",\"author\":{\"@id\":\"https:\\\/\\\/kibrisdakik.com\\\/#\\\/schema\\\/person\\\/9cd9d437bbb44f72b73ba127e06d8e79\"},\"breadcrumb\":{\"@id\":\"https:\\\/\\\/kibrisdakik.com\\\/?p=23138#breadcrumb\"},\"inLanguage\":\"tr\",\"potentialAction\":[{\"@type\":\"ReadAction\",\"target\":[\"https:\\\/\\\/kibrisdakik.com\\\/?p=23138\"]}]},{\"@type\":\"ImageObject\",\"inLanguage\":\"tr\",\"@id\":\"https:\\\/\\\/kibrisdakik.com\\\/?p=23138#primaryimage\",\"url\":\"https:\\\/\\\/kibrisdakik.com\\\/wp-content\\\/uploads\\\/2023\\\/12\\\/budapestede-kuzey-kibris-fotograf-sergisi-acildi-1703152028.webp.webp\",\"contentUrl\":\"https:\\\/\\\/kibrisdakik.com\\\/wp-content\\\/uploads\\\/2023\\\/12\\\/budapestede-kuzey-kibris-fotograf-sergisi-acildi-1703152028.webp.webp\",\"width\":710,\"height\":370},{\"@type\":\"BreadcrumbList\",\"@id\":\"https:\\\/\\\/kibrisdakik.com\\\/?p=23138#breadcrumb\",\"itemListElement\":[{\"@type\":\"ListItem\",\"position\":1,\"name\":\"Home\",\"item\":\"https:\\\/\\\/kibrisdakik.com\\\/\"},{\"@type\":\"ListItem\",\"position\":2,\"name\":\"Budape\u015fte\u2019de Kuzey K\u0131br\u0131s Foto\u011fraf Sergisi a\u00e7\u0131ld\u0131\"}]},{\"@type\":\"WebSite\",\"@id\":\"https:\\\/\\\/kibrisdakik.com\\\/#website\",\"url\":\"https:\\\/\\\/kibrisdakik.com\\\/\",\"name\":\"\",\"description\":\"Tam vaktinde haber\",\"potentialAction\":[{\"@type\":\"SearchAction\",\"target\":{\"@type\":\"EntryPoint\",\"urlTemplate\":\"https:\\\/\\\/kibrisdakik.com\\\/?s={search_term_string}\"},\"query-input\":{\"@type\":\"PropertyValueSpecification\",\"valueRequired\":true,\"valueName\":\"search_term_string\"}}],\"inLanguage\":\"tr\"},{\"@type\":\"Person\",\"@id\":\"https:\\\/\\\/kibrisdakik.com\\\/#\\\/schema\\\/person\\\/9cd9d437bbb44f72b73ba127e06d8e79\",\"name\":\"admin\",\"image\":{\"@type\":\"ImageObject\",\"inLanguage\":\"tr\",\"@id\":\"https:\\\/\\\/secure.gravatar.com\\\/avatar\\\/ccc17943b9d660506c869530f897617f7cb1c21a4bf30023f252596d83e1f007?s=96&d=mm&r=g\",\"url\":\"https:\\\/\\\/secure.gravatar.com\\\/avatar\\\/ccc17943b9d660506c869530f897617f7cb1c21a4bf30023f252596d83e1f007?s=96&d=mm&r=g\",\"contentUrl\":\"https:\\\/\\\/secure.gravatar.com\\\/avatar\\\/ccc17943b9d660506c869530f897617f7cb1c21a4bf30023f252596d83e1f007?s=96&d=mm&r=g\",\"caption\":\"admin\"},\"sameAs\":[\"https:\\\/\\\/kibrisdakik.com\"],\"url\":\"https:\\\/\\\/kibrisdakik.com\\\/?author=1\"}]}<\/script>\n<!-- \/ Yoast SEO plugin. -->","yoast_head_json":{"title":"Budape\u015fte\u2019de Kuzey K\u0131br\u0131s Foto\u011fraf Sergisi a\u00e7\u0131ld\u0131 -","robots":{"index":"index","follow":"follow","max-snippet":"max-snippet:-1","max-image-preview":"max-image-preview:large","max-video-preview":"max-video-preview:-1"},"canonical":"https:\/\/kibrisdakik.com\/?p=23138","og_locale":"tr_TR","og_type":"article","og_title":"Budape\u015fte\u2019de Kuzey K\u0131br\u0131s Foto\u011fraf Sergisi a\u00e7\u0131ld\u0131 -","og_description":"Yunus Emre Enstit\u00fcs\u00fc Budape\u015fte T\u00fcrk K\u00fclt\u00fcr Merkezi\u2019nde a\u00e7\u0131lan sergide uluslararas\u0131 alanda tan\u0131nan foto\u011fraf sanat\u00e7\u0131lar\u0131 Alp Galip ve Altu\u011f Galip\u2019in \u00fclkenin do\u011fal ve tarihi zenginliklerini yans\u0131tan se\u00e7me eserlerinden olu\u015fan foto\u011fraflar yer al\u0131yor.&nbsp; Sergisinin a\u00e7\u0131l\u0131\u015f\u0131 KKTC Budape\u015fte Temsilcili\u011fi Misyon \u015eefi \u00d6zg\u00fcr Ezel ve T.C. Budape\u015fte B\u00fcy\u00fckel\u00e7isi G\u00fcl\u015fen Karanis Ek\u015fio\u011flu taraf\u0131ndan yap\u0131ld\u0131. Sergi yar\u0131na kadar ziyaret edilebilecek.","og_url":"https:\/\/kibrisdakik.com\/?p=23138","article_published_time":"2023-12-21T09:45:00+00:00","og_image":[{"width":710,"height":370,"url":"https:\/\/kibrisdakik.com\/wp-content\/uploads\/2023\/12\/budapestede-kuzey-kibris-fotograf-sergisi-acildi-1703152028.webp.webp","type":"image\/webp"}],"author":"admin","twitter_card":"summary_large_image","twitter_misc":{"Yazan:":"admin"},"schema":{"@context":"https:\/\/schema.org","@graph":[{"@type":"Article","@id":"https:\/\/kibrisdakik.com\/?p=23138#article","isPartOf":{"@id":"https:\/\/kibrisdakik.com\/?p=23138"},"author":{"name":"admin","@id":"https:\/\/kibrisdakik.com\/#\/schema\/person\/9cd9d437bbb44f72b73ba127e06d8e79"},"headline":"Budape\u015fte\u2019de Kuzey K\u0131br\u0131s Foto\u011fraf Sergisi a\u00e7\u0131ld\u0131","datePublished":"2023-12-21T09:45:00+00:00","mainEntityOfPage":{"@id":"https:\/\/kibrisdakik.com\/?p=23138"},"wordCount":100,"commentCount":0,"image":{"@id":"https:\/\/kibrisdakik.com\/?p=23138#primaryimage"},"thumbnailUrl":"https:\/\/kibrisdakik.com\/wp-content\/uploads\/2023\/12\/budapestede-kuzey-kibris-fotograf-sergisi-acildi-1703152028.webp.webp","articleSection":["G\u00fcndem"],"inLanguage":"tr","potentialAction":[{"@type":"CommentAction","name":"Comment","target":["https:\/\/kibrisdakik.com\/?p=23138#respond"]}]},{"@type":"WebPage","@id":"https:\/\/kibrisdakik.com\/?p=23138","url":"https:\/\/kibrisdakik.com\/?p=23138","name":"Budape\u015fte\u2019de Kuzey K\u0131br\u0131s Foto\u011fraf Sergisi a\u00e7\u0131ld\u0131 -","isPartOf":{"@id":"https:\/\/kibrisdakik.com\/#website"},"primaryImageOfPage":{"@id":"https:\/\/kibrisdakik.com\/?p=23138#primaryimage"},"image":{"@id":"https:\/\/kibrisdakik.com\/?p=23138#primaryimage"},"thumbnailUrl":"https:\/\/kibrisdakik.com\/wp-content\/uploads\/2023\/12\/budapestede-kuzey-kibris-fotograf-sergisi-acildi-1703152028.webp.webp","datePublished":"2023-12-21T09:45:00+00:00","author":{"@id":"https:\/\/kibrisdakik.com\/#\/schema\/person\/9cd9d437bbb44f72b73ba127e06d8e79"},"breadcrumb":{"@id":"https:\/\/kibrisdakik.com\/?p=23138#breadcrumb"},"inLanguage":"tr","potentialAction":[{"@type":"ReadAction","target":["https:\/\/kibrisdakik.com\/?p=23138"]}]},{"@type":"ImageObject","inLanguage":"tr","@id":"https:\/\/kibrisdakik.com\/?p=23138#primaryimage","url":"https:\/\/kibrisdakik.com\/wp-content\/uploads\/2023\/12\/budapestede-kuzey-kibris-fotograf-sergisi-acildi-1703152028.webp.webp","contentUrl":"https:\/\/kibrisdakik.com\/wp-content\/uploads\/2023\/12\/budapestede-kuzey-kibris-fotograf-sergisi-acildi-1703152028.webp.webp","width":710,"height":370},{"@type":"BreadcrumbList","@id":"https:\/\/kibrisdakik.com\/?p=23138#breadcrumb","itemListElement":[{"@type":"ListItem","position":1,"name":"Home","item":"https:\/\/kibrisdakik.com\/"},{"@type":"ListItem","position":2,"name":"Budape\u015fte\u2019de Kuzey K\u0131br\u0131s Foto\u011fraf Sergisi a\u00e7\u0131ld\u0131"}]},{"@type":"WebSite","@id":"https:\/\/kibrisdakik.com\/#website","url":"https:\/\/kibrisdakik.com\/","name":"","description":"Tam vaktinde haber","potentialAction":[{"@type":"SearchAction","target":{"@type":"EntryPoint","urlTemplate":"https:\/\/kibrisdakik.com\/?s={search_term_string}"},"query-input":{"@type":"PropertyValueSpecification","valueRequired":true,"valueName":"search_term_string"}}],"inLanguage":"tr"},{"@type":"Person","@id":"https:\/\/kibrisdakik.com\/#\/schema\/person\/9cd9d437bbb44f72b73ba127e06d8e79","name":"admin","image":{"@type":"ImageObject","inLanguage":"tr","@id":"https:\/\/secure.gravatar.com\/avatar\/ccc17943b9d660506c869530f897617f7cb1c21a4bf30023f252596d83e1f007?s=96&d=mm&r=g","url":"https:\/\/secure.gravatar.com\/avatar\/ccc17943b9d660506c869530f897617f7cb1c21a4bf30023f252596d83e1f007?s=96&d=mm&r=g","contentUrl":"https:\/\/secure.gravatar.com\/avatar\/ccc17943b9d660506c869530f897617f7cb1c21a4bf30023f252596d83e1f007?s=96&d=mm&r=g","caption":"admin"},"sameAs":["https:\/\/kibrisdakik.com"],"url":"https:\/\/kibrisdakik.com\/?author=1"}]}},"_links":{"self":[{"href":"https:\/\/kibrisdakik.com\/index.php?rest_route=\/wp\/v2\/posts\/23138","targetHints":{"allow":["GET"]}}],"collection":[{"href":"https:\/\/kibrisdakik.com\/index.php?rest_route=\/wp\/v2\/posts"}],"about":[{"href":"https:\/\/kibrisdakik.com\/index.php?rest_route=\/wp\/v2\/types\/post"}],"author":[{"embeddable":true,"href":"https:\/\/kibrisdakik.com\/index.php?rest_route=\/wp\/v2\/users\/1"}],"replies":[{"embeddable":true,"href":"https:\/\/kibrisdakik.com\/index.php?rest_route=%2Fwp%2Fv2%2Fcomments&post=23138"}],"version-history":[{"count":0,"href":"https:\/\/kibrisdakik.com\/index.php?rest_route=\/wp\/v2\/posts\/23138\/revisions"}],"wp:featuredmedia":[{"embeddable":true,"href":"https:\/\/kibrisdakik.com\/index.php?rest_route=\/wp\/v2\/media\/23139"}],"wp:attachment":[{"href":"https:\/\/kibrisdakik.com\/index.php?rest_route=%2Fwp%2Fv2%2Fmedia&parent=23138"}],"wp:term":[{"taxonomy":"category","embeddable":true,"href":"https:\/\/kibrisdakik.com\/index.php?rest_route=%2Fwp%2Fv2%2Fcategories&post=23138"},{"taxonomy":"post_tag","embeddable":true,"href":"https:\/\/kibrisdakik.com\/index.php?rest_route=%2Fwp%2Fv2%2Ftags&post=23138"}],"curies":[{"name":"wp","href":"https:\/\/api.w.org\/{rel}","templated":true}]}}