{"id":23146,"date":"2023-12-21T10:43:35","date_gmt":"2023-12-21T10:43:35","guid":{"rendered":"https:\/\/kibrisdakik.com\/index.php\/2023\/12\/21\/thy-yeni-ercan-havalimaniyla-kktcde-yolcu-sayisini-yuzde-16-artirdi\/"},"modified":"2023-12-21T10:43:35","modified_gmt":"2023-12-21T10:43:35","slug":"thy-yeni-ercan-havalimaniyla-kktcde-yolcu-sayisini-yuzde-16-artirdi","status":"publish","type":"post","link":"https:\/\/kibrisdakik.com\/?p=23146","title":{"rendered":"THY, Yeni Ercan Havaliman\u0131&#039;yla KKTC&#039;de yolcu say\u0131s\u0131n\u0131 y\u00fczde 16 art\u0131rd\u0131"},"content":{"rendered":"<p><img decoding=\"async\" src=\"https:\/\/www.kibristurk.com\/images\/haberler\/2023\/12\/thy-yeni-ercan-havalimaniyla-kktcde-yolcu-sayisini-yuzde-16-artirdi-1703150468.webp\" \/><\/p>\n<p>20 Temmuz&#8217;da a\u00e7\u0131l\u0131\u015f\u0131 yap\u0131lan, KKTC&#8217;nin ve Ada&#8217;n\u0131n en b\u00fcy\u00fck havaliman\u0131 haline gelen Ercan Havaliman\u0131, toplam 3 bin 100 metre uzunlu\u011fundaki yeni pisti ve terminaliyle geni\u015f g\u00f6vdeli u\u00e7aklar\u0131n ini\u015fine olanakl\u0131 hale geldi.<\/p>\n<p>THY ve KKTC Turizm, K\u00fclt\u00fcr, Gen\u00e7lik ve \u00c7evre Bakanl\u0131\u011f\u0131n\u0131n ortak \u00e7al\u0131\u015fmalar\u0131 sayesinde T\u00fcrkiye&#8217;den Ada&#8217;ya turizm ama\u00e7l\u0131 giden yolcu say\u0131s\u0131 da artt\u0131.<\/p>\n<p>Geni\u015f g\u00f6vdeli u\u00e7aklarla 1 Kas\u0131m&#8217;dan itibaren Ercan Havaliman\u0131&#8217;ndaki seferlere ba\u015flayan THY, 280 bin olan koltuk kapasitesini 301 bine y\u00fckseltti.<\/p>\n<p>Bu sayede hava yolu \u015firketinin yolcu say\u0131s\u0131n\u0131n ge\u00e7en y\u0131la g\u00f6re y\u00fczde 16 artt\u0131\u011f\u0131 kaydedildi.<\/p>\n<p>\u0130stanbul-Ercan hatt\u0131nda g\u00fcnde 7 kar\u015f\u0131l\u0131kl\u0131 sefer d\u00fczenleyen THY, KKTC Turizm Bakanl\u0131\u011f\u0131 ile i\u015fbirli\u011fiyle Ada&#8217;n\u0131n do\u011fal g\u00fczelliklerinin tan\u0131t\u0131lmas\u0131 i\u00e7in T\u00fcrkiye \u00e7\u0131k\u0131\u015fl\u0131 yolculara biletleri avantajl\u0131 fiyatlarla sat\u0131\u015fa sunuyor.<\/p>\n<p>T\u00fcrkiye&#8217;nin Lefko\u015fa B\u00fcy\u00fckel\u00e7isi Metin Feyzio\u011flu, THY ve KKTC Turizm Bakanl\u0131\u011f\u0131 taraf\u0131ndan yenilenen Ercan Havaliman\u0131 ve K\u0131br\u0131s turizmini tan\u0131t\u0131m ama\u00e7l\u0131 d\u00fczenlenen bas\u0131n gezisinde gazetecilere konu\u015ftu.<\/p>\n<p>Feyzio\u011flu, KKTC&#8217;nin Ada&#8217;n\u0131n ve yak\u0131n \u00e7evrenin en b\u00fcy\u00fck havalimanlar\u0131ndan birine kavu\u015ftu\u011funu dile getirerek &#8220;K\u0131br\u0131s Adas\u0131&#8217;n\u0131n en b\u00fcy\u00fc\u011f\u00fc. T\u00fcrkiye&#8217;nin en b\u00fcy\u00fck 6 ya da 7&#8217;nci b\u00fcy\u00fck havaliman\u0131 ile e\u015fit b\u00fcy\u00fckl\u00fckte bir havaliman\u0131 hem yeni terminal binas\u0131 hem de yeni pisti ile. B\u00fcy\u00fck ve geni\u015f g\u00f6vdeli u\u00e7aklar\u0131n inebilece\u011fi bir pist. Modern bir havaliman\u0131nda ne varsa art\u0131k KKTC&#8217;nin devlet havaliman\u0131nda da bunlar var. Bu havaliman\u0131n bitmesi Say\u0131n Cumhurba\u015fkan\u0131m\u0131z Erdo\u011fan&#8217;\u0131n hayaliydi. KKTC h\u00fck\u00fcmeti ile yak\u0131n \u00e7al\u0131\u015farak bu havaliman\u0131n bitmesi i\u00e7in t\u00fcm deste\u011fi Cumhurba\u015fkan\u0131&#8217;m\u0131z verdi.&#8221; diye konu\u015ftu.<\/p>\n<p>\u00d6nceki terminalin y\u0131ll\u0131k 800 bin kapasiteli oldu\u011funu aktaran Feyzio\u011flu, bu nedenle yo\u011fun sezonlarda havaliman\u0131nda \u00e7ok b\u00fcy\u00fck bir karma\u015fa ve memnuniyetsizliklerin ortaya \u00e7\u0131kt\u0131\u011f\u0131n\u0131 kaydetti.<\/p>\n<p>Feyzio\u011flu, &#8220;KKTC, 800 binden y\u0131ll\u0131k 10 milyon yolcu kapasitesine kavu\u015ftu. Bu \u00e7ok \u00f6nemli \u00e7\u00fcnk\u00fc Ada&#8217;ya ya denizden geleceksiniz ya da havadan. KKTC&#8217;nin ekonomisinin, hizmet sekt\u00f6r\u00fcn\u00fcn, yat\u0131r\u0131mlar\u0131n her anlamda geli\u015fmesi i\u00e7in ula\u015f\u0131m\u0131 sa\u011flaman\u0131z laz\u0131m. Havaliman\u0131 kapasitesinin artmas\u0131 30 bin yatak say\u0131s\u0131na sahip KKTC&#8217;nin bu yatak say\u0131s\u0131n\u0131 art\u0131racak yat\u0131r\u0131mlara a\u00e7\u0131lmas\u0131 demektir.&#8221; ifadelerini kulland\u0131.<\/p>\n<p>Yeni pistin geni\u015f g\u00f6vdeli u\u00e7aklar\u0131n inmesine imkan sa\u011flad\u0131\u011f\u0131n\u0131 vurgulayan Feyzio\u011flu, bunun da bilet fiyatlar\u0131n\u0131 ve koltuk ba\u015f\u0131na maliyeti d\u00fc\u015f\u00fcrd\u00fc\u011f\u00fcn\u00fc s\u00f6yledi.<\/p>\n<p>THY&#8217;nin de bilet fiyatlar\u0131n\u0131 a\u015fa\u011f\u0131ya \u00e7ekti\u011fini belirten Feyzio\u011flu, &#8220;Di\u011fer hava yolu \u015firketleri de buna ba\u011fl\u0131 olarak hareket etmeye ba\u015flad\u0131. \u00c7\u00fcnk\u00fc THY, her zaman lokomotiftir, \u00f6nc\u00fcd\u00fcr.&#8221; dedi.<\/p>\n<p>&#8211; &#8220;U\u00e7aktan inerken g\u00f6rd\u00fc\u011f\u00fcn\u00fcz o kuru topraklar binlerce y\u0131l sonra suya kavu\u015facak&#8221;<\/p>\n<p>KKTC&#8217;nin su sorununun \u00e7\u00f6z\u00fcld\u00fc\u011f\u00fcn\u00fc, s\u0131ran\u0131n tar\u0131msal sulamaya ge\u00e7i\u015fin sa\u011flanmas\u0131na geldi\u011fini belirten Feyzio\u011flu, \u015funlar\u0131 kaydetti:<\/p>\n<p>&#8220;Cumhurba\u015fkan\u0131&#8217;m\u0131z\u0131n talimatlar\u0131yla Ada&#8217;ya birka\u00e7 y\u0131l \u00f6nce Dragon \u00c7ay\u0131&#8217;ndan bereket suyu geldi. Y\u0131ll\u0131k 70 milyon metrek\u00fcp su geliyor. Bug\u00fcn Ada&#8217;da T\u00fcrkiye&#8217;nin suyunun eri\u015fmedi\u011fi hi\u00e7bir yerle\u015fim mahalli yok. Birtak\u0131m belediyelerin da\u011f\u0131t\u0131m ama\u00e7l\u0131 yapaca\u011f\u0131 i\u015fler kald\u0131 ama bizim ana hat olarak kullanma suyunu eri\u015ftirmedi\u011fimiz yer yok. Bu muazzam bir \u015fey. \u015eimdi tar\u0131msal sulaman\u0131n projesini ba\u015flatt\u0131k. \u00dc\u00e7 y\u0131l i\u00e7inde u\u00e7aktan inerken g\u00f6rd\u00fc\u011f\u00fcn\u00fcz o kuru topraklar binlerce y\u0131l sonra suya kavu\u015facak. Bamba\u015fka bir co\u011frafya g\u00f6receksiniz burada. Bu K\u0131br\u0131s T\u00fcrk halk\u0131n\u0131n refah\u0131n\u0131 art\u0131racak. Tar\u0131msal \u00fcretim ve tar\u0131ma dayal\u0131 sanayi geli\u015fecek.&#8221;<\/p>\n<p>Turizm, K\u00fclt\u00fcr, Gen\u00e7lik ve \u00c7evre Bakan\u0131 Fikri Atao\u011flu da yeni terminalin, uzat\u0131lan pistin, geni\u015f g\u00f6vdeli u\u00e7akla ilave seferlerin ve bilet fiyatlar\u0131n\u0131n uygunlu\u011funun turizme olumlu yans\u0131d\u0131\u011f\u0131n\u0131 belirtti.<\/p>\n<p>Atao\u011flu, &#8220;THY, bu dev yat\u0131r\u0131m\u0131 destekleyerek lokomotif oldu. Mevcut yatak say\u0131m\u0131zda da ciddi art\u0131\u015flar ya\u015fand\u0131. Bakanl\u0131\u011f\u0131m\u0131z ve \u00fcniversitelerin i\u015fbirli\u011fi ile do\u011fal g\u00fczellik ve tarihi zenginli\u011fimizi anlatmaya \u00e7al\u0131\u015f\u0131yoruz.&#8221; diye konu\u015ftu.<\/p>\n<p>&#8211; Yeni Ercan Havaliman\u0131<\/p>\n<p>Daha fazla yolcu kapasitesine sahip olan Yeni Ercan Havaliman\u0131, daha geni\u015f ve ferah sosyal alanlarla yolculara hizmet vermeye ba\u015flad\u0131.<\/p>\n<p>Daha \u00f6nce 2 bin 755 metrelik mevcudun yerine 3 bin 100 metrelik yeni piste kavu\u015fan havaliman\u0131, her model yolcu u\u00e7a\u011f\u0131n\u0131n kullan\u0131m\u0131na m\u00fcsait hale geldi.<\/p>\n<p>Toplam 9 k\u00f6r\u00fck ve 21 de a\u00e7\u0131k olmak \u00fczere toplam 30 u\u00e7akl\u0131k park alan\u0131 bulunan havaliman\u0131, 1500 ara\u00e7l\u0131k kapal\u0131 otopark\u0131 ve son teknoloji yeni donat\u0131lar\u0131yla yolculara hizmet veriyor.<\/p>\n","protected":false},"excerpt":{"rendered":"<p>20 Temmuz&#8217;da a\u00e7\u0131l\u0131\u015f\u0131 yap\u0131lan, KKTC&#8217;nin ve Ada&#8217;n\u0131n en b\u00fcy\u00fck havaliman\u0131 haline gelen Ercan Havaliman\u0131, toplam 3 bin 100 metre uzunlu\u011fundaki yeni pisti ve terminaliyle geni\u015f g\u00f6vdeli u\u00e7aklar\u0131n ini\u015fine olanakl\u0131 hale geldi. THY ve KKTC Turizm, K\u00fclt\u00fcr, Gen\u00e7lik ve \u00c7evre Bakanl\u0131\u011f\u0131n\u0131n ortak \u00e7al\u0131\u015fmalar\u0131 sayesinde T\u00fcrkiye&#8217;den Ada&#8217;ya turizm ama\u00e7l\u0131 giden yolcu say\u0131s\u0131 da artt\u0131. Geni\u015f g\u00f6vdeli u\u00e7aklarla<\/p>\n","protected":false},"author":1,"featured_media":23147,"comment_status":"open","ping_status":"open","sticky":false,"template":"","format":"standard","meta":{"footnotes":""},"categories":[1],"tags":[],"class_list":["post-23146","post","type-post","status-publish","format-standard","has-post-thumbnail","hentry","category-gundem"],"yoast_head":"<!-- This site is optimized with the Yoast SEO plugin v27.5 - https:\/\/yoast.com\/product\/yoast-seo-wordpress\/ -->\n<title>THY, Yeni Ercan Havaliman\u0131&#039;yla KKTC&#039;de yolcu say\u0131s\u0131n\u0131 y\u00fczde 16 art\u0131rd\u0131 -<\/title>\n<meta name=\"robots\" content=\"index, follow, max-snippet:-1, max-image-preview:large, max-video-preview:-1\" \/>\n<link rel=\"canonical\" href=\"https:\/\/kibrisdakik.com\/?p=23146\" \/>\n<meta property=\"og:locale\" content=\"tr_TR\" \/>\n<meta property=\"og:type\" content=\"article\" \/>\n<meta property=\"og:title\" content=\"THY, Yeni Ercan Havaliman\u0131&#039;yla KKTC&#039;de yolcu say\u0131s\u0131n\u0131 y\u00fczde 16 art\u0131rd\u0131 -\" \/>\n<meta property=\"og:description\" content=\"20 Temmuz&#8217;da a\u00e7\u0131l\u0131\u015f\u0131 yap\u0131lan, KKTC&#8217;nin ve Ada&#8217;n\u0131n en b\u00fcy\u00fck havaliman\u0131 haline gelen Ercan Havaliman\u0131, toplam 3 bin 100 metre uzunlu\u011fundaki yeni pisti ve terminaliyle geni\u015f g\u00f6vdeli u\u00e7aklar\u0131n ini\u015fine olanakl\u0131 hale geldi. THY ve KKTC Turizm, K\u00fclt\u00fcr, Gen\u00e7lik ve \u00c7evre Bakanl\u0131\u011f\u0131n\u0131n ortak \u00e7al\u0131\u015fmalar\u0131 sayesinde T\u00fcrkiye&#8217;den Ada&#8217;ya turizm ama\u00e7l\u0131 giden yolcu say\u0131s\u0131 da artt\u0131. Geni\u015f g\u00f6vdeli u\u00e7aklarla\" \/>\n<meta property=\"og:url\" content=\"https:\/\/kibrisdakik.com\/?p=23146\" \/>\n<meta property=\"article:published_time\" content=\"2023-12-21T10:43:35+00:00\" \/>\n<meta property=\"og:image\" content=\"https:\/\/kibrisdakik.com\/wp-content\/uploads\/2023\/12\/thy-yeni-ercan-havalimaniyla-kktcde-yolcu-sayisini-yuzde-16-artirdi-1703150468.webp.webp\" \/>\n\t<meta property=\"og:image:width\" content=\"710\" \/>\n\t<meta property=\"og:image:height\" content=\"370\" \/>\n\t<meta property=\"og:image:type\" content=\"image\/webp\" \/>\n<meta name=\"author\" content=\"admin\" \/>\n<meta name=\"twitter:card\" content=\"summary_large_image\" \/>\n<meta name=\"twitter:label1\" content=\"Yazan:\" \/>\n\t<meta name=\"twitter:data1\" content=\"admin\" \/>\n\t<meta name=\"twitter:label2\" content=\"Tahmini okuma s\u00fcresi\" \/>\n\t<meta name=\"twitter:data2\" content=\"4 dakika\" \/>\n<script type=\"application\/ld+json\" class=\"yoast-schema-graph\">{\"@context\":\"https:\\\/\\\/schema.org\",\"@graph\":[{\"@type\":\"Article\",\"@id\":\"https:\\\/\\\/kibrisdakik.com\\\/?p=23146#article\",\"isPartOf\":{\"@id\":\"https:\\\/\\\/kibrisdakik.com\\\/?p=23146\"},\"author\":{\"name\":\"admin\",\"@id\":\"https:\\\/\\\/kibrisdakik.com\\\/#\\\/schema\\\/person\\\/9cd9d437bbb44f72b73ba127e06d8e79\"},\"headline\":\"THY, Yeni Ercan Havaliman\u0131&#039;yla KKTC&#039;de yolcu say\u0131s\u0131n\u0131 y\u00fczde 16 art\u0131rd\u0131\",\"datePublished\":\"2023-12-21T10:43:35+00:00\",\"mainEntityOfPage\":{\"@id\":\"https:\\\/\\\/kibrisdakik.com\\\/?p=23146\"},\"wordCount\":847,\"commentCount\":0,\"image\":{\"@id\":\"https:\\\/\\\/kibrisdakik.com\\\/?p=23146#primaryimage\"},\"thumbnailUrl\":\"https:\\\/\\\/kibrisdakik.com\\\/wp-content\\\/uploads\\\/2023\\\/12\\\/thy-yeni-ercan-havalimaniyla-kktcde-yolcu-sayisini-yuzde-16-artirdi-1703150468.webp.webp\",\"articleSection\":[\"G\u00fcndem\"],\"inLanguage\":\"tr\",\"potentialAction\":[{\"@type\":\"CommentAction\",\"name\":\"Comment\",\"target\":[\"https:\\\/\\\/kibrisdakik.com\\\/?p=23146#respond\"]}]},{\"@type\":\"WebPage\",\"@id\":\"https:\\\/\\\/kibrisdakik.com\\\/?p=23146\",\"url\":\"https:\\\/\\\/kibrisdakik.com\\\/?p=23146\",\"name\":\"THY, Yeni Ercan Havaliman\u0131&#039;yla KKTC&#039;de yolcu say\u0131s\u0131n\u0131 y\u00fczde 16 art\u0131rd\u0131 -\",\"isPartOf\":{\"@id\":\"https:\\\/\\\/kibrisdakik.com\\\/#website\"},\"primaryImageOfPage\":{\"@id\":\"https:\\\/\\\/kibrisdakik.com\\\/?p=23146#primaryimage\"},\"image\":{\"@id\":\"https:\\\/\\\/kibrisdakik.com\\\/?p=23146#primaryimage\"},\"thumbnailUrl\":\"https:\\\/\\\/kibrisdakik.com\\\/wp-content\\\/uploads\\\/2023\\\/12\\\/thy-yeni-ercan-havalimaniyla-kktcde-yolcu-sayisini-yuzde-16-artirdi-1703150468.webp.webp\",\"datePublished\":\"2023-12-21T10:43:35+00:00\",\"author\":{\"@id\":\"https:\\\/\\\/kibrisdakik.com\\\/#\\\/schema\\\/person\\\/9cd9d437bbb44f72b73ba127e06d8e79\"},\"breadcrumb\":{\"@id\":\"https:\\\/\\\/kibrisdakik.com\\\/?p=23146#breadcrumb\"},\"inLanguage\":\"tr\",\"potentialAction\":[{\"@type\":\"ReadAction\",\"target\":[\"https:\\\/\\\/kibrisdakik.com\\\/?p=23146\"]}]},{\"@type\":\"ImageObject\",\"inLanguage\":\"tr\",\"@id\":\"https:\\\/\\\/kibrisdakik.com\\\/?p=23146#primaryimage\",\"url\":\"https:\\\/\\\/kibrisdakik.com\\\/wp-content\\\/uploads\\\/2023\\\/12\\\/thy-yeni-ercan-havalimaniyla-kktcde-yolcu-sayisini-yuzde-16-artirdi-1703150468.webp.webp\",\"contentUrl\":\"https:\\\/\\\/kibrisdakik.com\\\/wp-content\\\/uploads\\\/2023\\\/12\\\/thy-yeni-ercan-havalimaniyla-kktcde-yolcu-sayisini-yuzde-16-artirdi-1703150468.webp.webp\",\"width\":710,\"height\":370},{\"@type\":\"BreadcrumbList\",\"@id\":\"https:\\\/\\\/kibrisdakik.com\\\/?p=23146#breadcrumb\",\"itemListElement\":[{\"@type\":\"ListItem\",\"position\":1,\"name\":\"Home\",\"item\":\"https:\\\/\\\/kibrisdakik.com\\\/\"},{\"@type\":\"ListItem\",\"position\":2,\"name\":\"THY, Yeni Ercan Havaliman\u0131&#039;yla KKTC&#039;de yolcu say\u0131s\u0131n\u0131 y\u00fczde 16 art\u0131rd\u0131\"}]},{\"@type\":\"WebSite\",\"@id\":\"https:\\\/\\\/kibrisdakik.com\\\/#website\",\"url\":\"https:\\\/\\\/kibrisdakik.com\\\/\",\"name\":\"\",\"description\":\"Tam vaktinde haber\",\"potentialAction\":[{\"@type\":\"SearchAction\",\"target\":{\"@type\":\"EntryPoint\",\"urlTemplate\":\"https:\\\/\\\/kibrisdakik.com\\\/?s={search_term_string}\"},\"query-input\":{\"@type\":\"PropertyValueSpecification\",\"valueRequired\":true,\"valueName\":\"search_term_string\"}}],\"inLanguage\":\"tr\"},{\"@type\":\"Person\",\"@id\":\"https:\\\/\\\/kibrisdakik.com\\\/#\\\/schema\\\/person\\\/9cd9d437bbb44f72b73ba127e06d8e79\",\"name\":\"admin\",\"image\":{\"@type\":\"ImageObject\",\"inLanguage\":\"tr\",\"@id\":\"https:\\\/\\\/secure.gravatar.com\\\/avatar\\\/ccc17943b9d660506c869530f897617f7cb1c21a4bf30023f252596d83e1f007?s=96&d=mm&r=g\",\"url\":\"https:\\\/\\\/secure.gravatar.com\\\/avatar\\\/ccc17943b9d660506c869530f897617f7cb1c21a4bf30023f252596d83e1f007?s=96&d=mm&r=g\",\"contentUrl\":\"https:\\\/\\\/secure.gravatar.com\\\/avatar\\\/ccc17943b9d660506c869530f897617f7cb1c21a4bf30023f252596d83e1f007?s=96&d=mm&r=g\",\"caption\":\"admin\"},\"sameAs\":[\"https:\\\/\\\/kibrisdakik.com\"],\"url\":\"https:\\\/\\\/kibrisdakik.com\\\/?author=1\"}]}<\/script>\n<!-- \/ Yoast SEO plugin. -->","yoast_head_json":{"title":"THY, Yeni Ercan Havaliman\u0131&#039;yla KKTC&#039;de yolcu say\u0131s\u0131n\u0131 y\u00fczde 16 art\u0131rd\u0131 -","robots":{"index":"index","follow":"follow","max-snippet":"max-snippet:-1","max-image-preview":"max-image-preview:large","max-video-preview":"max-video-preview:-1"},"canonical":"https:\/\/kibrisdakik.com\/?p=23146","og_locale":"tr_TR","og_type":"article","og_title":"THY, Yeni Ercan Havaliman\u0131&#039;yla KKTC&#039;de yolcu say\u0131s\u0131n\u0131 y\u00fczde 16 art\u0131rd\u0131 -","og_description":"20 Temmuz&#8217;da a\u00e7\u0131l\u0131\u015f\u0131 yap\u0131lan, KKTC&#8217;nin ve Ada&#8217;n\u0131n en b\u00fcy\u00fck havaliman\u0131 haline gelen Ercan Havaliman\u0131, toplam 3 bin 100 metre uzunlu\u011fundaki yeni pisti ve terminaliyle geni\u015f g\u00f6vdeli u\u00e7aklar\u0131n ini\u015fine olanakl\u0131 hale geldi. THY ve KKTC Turizm, K\u00fclt\u00fcr, Gen\u00e7lik ve \u00c7evre Bakanl\u0131\u011f\u0131n\u0131n ortak \u00e7al\u0131\u015fmalar\u0131 sayesinde T\u00fcrkiye&#8217;den Ada&#8217;ya turizm ama\u00e7l\u0131 giden yolcu say\u0131s\u0131 da artt\u0131. Geni\u015f g\u00f6vdeli u\u00e7aklarla","og_url":"https:\/\/kibrisdakik.com\/?p=23146","article_published_time":"2023-12-21T10:43:35+00:00","og_image":[{"width":710,"height":370,"url":"https:\/\/kibrisdakik.com\/wp-content\/uploads\/2023\/12\/thy-yeni-ercan-havalimaniyla-kktcde-yolcu-sayisini-yuzde-16-artirdi-1703150468.webp.webp","type":"image\/webp"}],"author":"admin","twitter_card":"summary_large_image","twitter_misc":{"Yazan:":"admin","Tahmini okuma s\u00fcresi":"4 dakika"},"schema":{"@context":"https:\/\/schema.org","@graph":[{"@type":"Article","@id":"https:\/\/kibrisdakik.com\/?p=23146#article","isPartOf":{"@id":"https:\/\/kibrisdakik.com\/?p=23146"},"author":{"name":"admin","@id":"https:\/\/kibrisdakik.com\/#\/schema\/person\/9cd9d437bbb44f72b73ba127e06d8e79"},"headline":"THY, Yeni Ercan Havaliman\u0131&#039;yla KKTC&#039;de yolcu say\u0131s\u0131n\u0131 y\u00fczde 16 art\u0131rd\u0131","datePublished":"2023-12-21T10:43:35+00:00","mainEntityOfPage":{"@id":"https:\/\/kibrisdakik.com\/?p=23146"},"wordCount":847,"commentCount":0,"image":{"@id":"https:\/\/kibrisdakik.com\/?p=23146#primaryimage"},"thumbnailUrl":"https:\/\/kibrisdakik.com\/wp-content\/uploads\/2023\/12\/thy-yeni-ercan-havalimaniyla-kktcde-yolcu-sayisini-yuzde-16-artirdi-1703150468.webp.webp","articleSection":["G\u00fcndem"],"inLanguage":"tr","potentialAction":[{"@type":"CommentAction","name":"Comment","target":["https:\/\/kibrisdakik.com\/?p=23146#respond"]}]},{"@type":"WebPage","@id":"https:\/\/kibrisdakik.com\/?p=23146","url":"https:\/\/kibrisdakik.com\/?p=23146","name":"THY, Yeni Ercan Havaliman\u0131&#039;yla KKTC&#039;de yolcu say\u0131s\u0131n\u0131 y\u00fczde 16 art\u0131rd\u0131 -","isPartOf":{"@id":"https:\/\/kibrisdakik.com\/#website"},"primaryImageOfPage":{"@id":"https:\/\/kibrisdakik.com\/?p=23146#primaryimage"},"image":{"@id":"https:\/\/kibrisdakik.com\/?p=23146#primaryimage"},"thumbnailUrl":"https:\/\/kibrisdakik.com\/wp-content\/uploads\/2023\/12\/thy-yeni-ercan-havalimaniyla-kktcde-yolcu-sayisini-yuzde-16-artirdi-1703150468.webp.webp","datePublished":"2023-12-21T10:43:35+00:00","author":{"@id":"https:\/\/kibrisdakik.com\/#\/schema\/person\/9cd9d437bbb44f72b73ba127e06d8e79"},"breadcrumb":{"@id":"https:\/\/kibrisdakik.com\/?p=23146#breadcrumb"},"inLanguage":"tr","potentialAction":[{"@type":"ReadAction","target":["https:\/\/kibrisdakik.com\/?p=23146"]}]},{"@type":"ImageObject","inLanguage":"tr","@id":"https:\/\/kibrisdakik.com\/?p=23146#primaryimage","url":"https:\/\/kibrisdakik.com\/wp-content\/uploads\/2023\/12\/thy-yeni-ercan-havalimaniyla-kktcde-yolcu-sayisini-yuzde-16-artirdi-1703150468.webp.webp","contentUrl":"https:\/\/kibrisdakik.com\/wp-content\/uploads\/2023\/12\/thy-yeni-ercan-havalimaniyla-kktcde-yolcu-sayisini-yuzde-16-artirdi-1703150468.webp.webp","width":710,"height":370},{"@type":"BreadcrumbList","@id":"https:\/\/kibrisdakik.com\/?p=23146#breadcrumb","itemListElement":[{"@type":"ListItem","position":1,"name":"Home","item":"https:\/\/kibrisdakik.com\/"},{"@type":"ListItem","position":2,"name":"THY, Yeni Ercan Havaliman\u0131&#039;yla KKTC&#039;de yolcu say\u0131s\u0131n\u0131 y\u00fczde 16 art\u0131rd\u0131"}]},{"@type":"WebSite","@id":"https:\/\/kibrisdakik.com\/#website","url":"https:\/\/kibrisdakik.com\/","name":"","description":"Tam vaktinde haber","potentialAction":[{"@type":"SearchAction","target":{"@type":"EntryPoint","urlTemplate":"https:\/\/kibrisdakik.com\/?s={search_term_string}"},"query-input":{"@type":"PropertyValueSpecification","valueRequired":true,"valueName":"search_term_string"}}],"inLanguage":"tr"},{"@type":"Person","@id":"https:\/\/kibrisdakik.com\/#\/schema\/person\/9cd9d437bbb44f72b73ba127e06d8e79","name":"admin","image":{"@type":"ImageObject","inLanguage":"tr","@id":"https:\/\/secure.gravatar.com\/avatar\/ccc17943b9d660506c869530f897617f7cb1c21a4bf30023f252596d83e1f007?s=96&d=mm&r=g","url":"https:\/\/secure.gravatar.com\/avatar\/ccc17943b9d660506c869530f897617f7cb1c21a4bf30023f252596d83e1f007?s=96&d=mm&r=g","contentUrl":"https:\/\/secure.gravatar.com\/avatar\/ccc17943b9d660506c869530f897617f7cb1c21a4bf30023f252596d83e1f007?s=96&d=mm&r=g","caption":"admin"},"sameAs":["https:\/\/kibrisdakik.com"],"url":"https:\/\/kibrisdakik.com\/?author=1"}]}},"_links":{"self":[{"href":"https:\/\/kibrisdakik.com\/index.php?rest_route=\/wp\/v2\/posts\/23146","targetHints":{"allow":["GET"]}}],"collection":[{"href":"https:\/\/kibrisdakik.com\/index.php?rest_route=\/wp\/v2\/posts"}],"about":[{"href":"https:\/\/kibrisdakik.com\/index.php?rest_route=\/wp\/v2\/types\/post"}],"author":[{"embeddable":true,"href":"https:\/\/kibrisdakik.com\/index.php?rest_route=\/wp\/v2\/users\/1"}],"replies":[{"embeddable":true,"href":"https:\/\/kibrisdakik.com\/index.php?rest_route=%2Fwp%2Fv2%2Fcomments&post=23146"}],"version-history":[{"count":0,"href":"https:\/\/kibrisdakik.com\/index.php?rest_route=\/wp\/v2\/posts\/23146\/revisions"}],"wp:featuredmedia":[{"embeddable":true,"href":"https:\/\/kibrisdakik.com\/index.php?rest_route=\/wp\/v2\/media\/23147"}],"wp:attachment":[{"href":"https:\/\/kibrisdakik.com\/index.php?rest_route=%2Fwp%2Fv2%2Fmedia&parent=23146"}],"wp:term":[{"taxonomy":"category","embeddable":true,"href":"https:\/\/kibrisdakik.com\/index.php?rest_route=%2Fwp%2Fv2%2Fcategories&post=23146"},{"taxonomy":"post_tag","embeddable":true,"href":"https:\/\/kibrisdakik.com\/index.php?rest_route=%2Fwp%2Fv2%2Ftags&post=23146"}],"curies":[{"name":"wp","href":"https:\/\/api.w.org\/{rel}","templated":true}]}}