{"id":23251,"date":"2023-12-21T21:01:50","date_gmt":"2023-12-21T21:01:50","guid":{"rendered":"https:\/\/kibrisdakik.com\/index.php\/2023\/12\/21\/guclendirilecek-olan-kamu-okul-ve-hastane-binalari-icin-acilan-ihalelerin-odemeleri-dovize-cevriliyor\/"},"modified":"2023-12-21T21:01:50","modified_gmt":"2023-12-21T21:01:50","slug":"guclendirilecek-olan-kamu-okul-ve-hastane-binalari-icin-acilan-ihalelerin-odemeleri-dovize-cevriliyor","status":"publish","type":"post","link":"https:\/\/kibrisdakik.com\/?p=23251","title":{"rendered":"G\u00fc\u00e7lendirilecek olan kamu okul ve hastane binalar\u0131 i\u00e7in a\u00e7\u0131lan ihalelerin \u00f6demeleri d\u00f6vize \u00e7evriliyor"},"content":{"rendered":"<p><img decoding=\"async\" src=\"https:\/\/www.kibristurk.com\/images\/haberler\/2023\/12\/guclendirilecek-olan-kamu-okul-ve-hastane-binalari-icin-acilan-ihalelerin-odemeleri-dovize-cevriliyor-1703169073.webp\" \/><\/p>\n<p>Yasa G\u00fcc\u00fcnde Kararname ile, deprem ve do\u011fal afetlere kar\u015f\u0131 g\u00fc\u00e7lendirilmesi gereken kamu okul ve hastane binalar\u0131 i\u00e7in a\u00e7\u0131lan ihalelerin \u00f6demelerinin d\u00f6vize \u00e7evrilmesi karar\u0131 al\u0131nd\u0131.<\/p>\n<p>20 Aral\u0131k tarihli Resm\u00ee Gazete\u2019de yay\u0131mlanarak y\u00fcr\u00fcrl\u00fc\u011fe giren karar uyar\u0131nca Deprem ve Do\u011fal Afetlere Y\u00f6nelik Mali Yard\u0131m ve Haz\u0131rl\u0131k Yasas\u0131 kapsam\u0131nda depreme kar\u015f\u0131 kullan\u0131lamayaca\u011f\u0131 ya da g\u00fc\u00e7lendirilmesi gerekli oldu\u011fu tespit edilen kamu okul ve hastanelerinin yap\u0131m i\u015fleri i\u00e7in \u00e7\u0131k\u0131lan ihalelerde, T\u00fcrk liras\u0131 cinsinden yap\u0131lan ke\u015fif bedelleri, ke\u015fif raporlar\u0131n\u0131n d\u00fczenlendi\u011fi tarihteki KKTC Merkez Bankas\u0131 d\u00f6viz sat\u0131\u015f kuru esas al\u0131narak d\u00f6viz cinsine \u00e7evrilecek.<\/p>\n<p>D\u00f6viz kurlar\u0131ndaki dalgalanmalar\u0131n yarataca\u011f\u0131 olumsuz etkileri azaltma amac\u0131yla haz\u0131rlanan Kararname ile, ihale dok\u00fcmanlar\u0131nda ihale bedeli d\u00f6viz cinsinden belirlenecek, \u00f6demeler faturan\u0131n d\u00fczenlendi\u011fi tarihteki KKTC Merkez Bankas\u0131 d\u00f6viz sat\u0131\u015f kuru \u00fczerinden hesaplanarak T\u00fcrk liras\u0131 cinsinden yap\u0131lacak.<\/p>\n","protected":false},"excerpt":{"rendered":"<p>Yasa G\u00fcc\u00fcnde Kararname ile, deprem ve do\u011fal afetlere kar\u015f\u0131 g\u00fc\u00e7lendirilmesi gereken kamu okul ve hastane binalar\u0131 i\u00e7in a\u00e7\u0131lan ihalelerin \u00f6demelerinin d\u00f6vize \u00e7evrilmesi karar\u0131 al\u0131nd\u0131. 20 Aral\u0131k tarihli Resm\u00ee Gazete\u2019de yay\u0131mlanarak y\u00fcr\u00fcrl\u00fc\u011fe giren karar uyar\u0131nca Deprem ve Do\u011fal Afetlere Y\u00f6nelik Mali Yard\u0131m ve Haz\u0131rl\u0131k Yasas\u0131 kapsam\u0131nda depreme kar\u015f\u0131 kullan\u0131lamayaca\u011f\u0131 ya da g\u00fc\u00e7lendirilmesi gerekli oldu\u011fu tespit edilen<\/p>\n","protected":false},"author":1,"featured_media":23252,"comment_status":"open","ping_status":"open","sticky":false,"template":"","format":"standard","meta":{"footnotes":""},"categories":[85],"tags":[],"class_list":["post-23251","post","type-post","status-publish","format-standard","has-post-thumbnail","hentry","category-spor"],"yoast_head":"<!-- This site is optimized with the Yoast SEO plugin v28.4 - https:\/\/yoast.com\/product\/yoast-seo-wordpress\/ -->\n<title>G\u00fc\u00e7lendirilecek olan kamu okul ve hastane binalar\u0131 i\u00e7in a\u00e7\u0131lan ihalelerin \u00f6demeleri d\u00f6vize \u00e7evriliyor -<\/title>\n<meta name=\"robots\" content=\"index, follow, max-snippet:-1, max-image-preview:large, max-video-preview:-1\" \/>\n<link rel=\"canonical\" href=\"https:\/\/kibrisdakik.com\/?p=23251\" \/>\n<meta property=\"og:locale\" content=\"tr_TR\" \/>\n<meta property=\"og:type\" content=\"article\" \/>\n<meta property=\"og:title\" content=\"G\u00fc\u00e7lendirilecek olan kamu okul ve hastane binalar\u0131 i\u00e7in a\u00e7\u0131lan ihalelerin \u00f6demeleri d\u00f6vize \u00e7evriliyor -\" \/>\n<meta property=\"og:description\" content=\"Yasa G\u00fcc\u00fcnde Kararname ile, deprem ve do\u011fal afetlere kar\u015f\u0131 g\u00fc\u00e7lendirilmesi gereken kamu okul ve hastane binalar\u0131 i\u00e7in a\u00e7\u0131lan ihalelerin \u00f6demelerinin d\u00f6vize \u00e7evrilmesi karar\u0131 al\u0131nd\u0131. 20 Aral\u0131k tarihli Resm\u00ee Gazete\u2019de yay\u0131mlanarak y\u00fcr\u00fcrl\u00fc\u011fe giren karar uyar\u0131nca Deprem ve Do\u011fal Afetlere Y\u00f6nelik Mali Yard\u0131m ve Haz\u0131rl\u0131k Yasas\u0131 kapsam\u0131nda depreme kar\u015f\u0131 kullan\u0131lamayaca\u011f\u0131 ya da g\u00fc\u00e7lendirilmesi gerekli oldu\u011fu tespit edilen\" \/>\n<meta property=\"og:url\" content=\"https:\/\/kibrisdakik.com\/?p=23251\" \/>\n<meta property=\"article:published_time\" content=\"2023-12-21T21:01:50+00:00\" \/>\n<meta property=\"og:image\" content=\"https:\/\/kibrisdakik.com\/wp-content\/uploads\/2023\/12\/guclendirilecek-olan-kamu-okul-ve-hastane-binalari-icin-acilan-ihalelerin-odemeleri-dovize-cevriliyor-1703169073.webp.webp\" \/>\n\t<meta property=\"og:image:width\" content=\"710\" \/>\n\t<meta property=\"og:image:height\" content=\"370\" \/>\n\t<meta property=\"og:image:type\" content=\"image\/webp\" \/>\n<meta name=\"author\" content=\"admin\" \/>\n<meta name=\"twitter:card\" content=\"summary_large_image\" \/>\n<meta name=\"twitter:label1\" content=\"Yazan:\" \/>\n\t<meta name=\"twitter:data1\" content=\"admin\" \/>\n\t<meta name=\"twitter:label2\" content=\"Tahmini okuma s\u00fcresi\" \/>\n\t<meta name=\"twitter:data2\" content=\"1 dakika\" \/>\n<script type=\"application\/ld+json\" class=\"yoast-schema-graph\">{\"@context\":\"https:\\\/\\\/schema.org\",\"@graph\":[{\"@type\":\"Article\",\"@id\":\"https:\\\/\\\/kibrisdakik.com\\\/?p=23251#article\",\"isPartOf\":{\"@id\":\"https:\\\/\\\/kibrisdakik.com\\\/?p=23251\"},\"author\":{\"name\":\"admin\",\"@id\":\"https:\\\/\\\/kibrisdakik.com\\\/#\\\/schema\\\/person\\\/9cd9d437bbb44f72b73ba127e06d8e79\"},\"headline\":\"G\u00fc\u00e7lendirilecek olan kamu okul ve hastane binalar\u0131 i\u00e7in a\u00e7\u0131lan ihalelerin \u00f6demeleri d\u00f6vize \u00e7evriliyor\",\"datePublished\":\"2023-12-21T21:01:50+00:00\",\"mainEntityOfPage\":{\"@id\":\"https:\\\/\\\/kibrisdakik.com\\\/?p=23251\"},\"wordCount\":188,\"commentCount\":0,\"publisher\":{\"@id\":\"https:\\\/\\\/kibrisdakik.com\\\/#organization\"},\"image\":{\"@id\":\"https:\\\/\\\/kibrisdakik.com\\\/?p=23251#primaryimage\"},\"thumbnailUrl\":\"https:\\\/\\\/kibrisdakik.com\\\/wp-content\\\/uploads\\\/2023\\\/12\\\/guclendirilecek-olan-kamu-okul-ve-hastane-binalari-icin-acilan-ihalelerin-odemeleri-dovize-cevriliyor-1703169073.webp.webp\",\"articleSection\":[\"Spor\"],\"inLanguage\":\"tr\",\"potentialAction\":[{\"@type\":\"CommentAction\",\"name\":\"Comment\",\"target\":[\"https:\\\/\\\/kibrisdakik.com\\\/?p=23251#respond\"]}]},{\"@type\":\"WebPage\",\"@id\":\"https:\\\/\\\/kibrisdakik.com\\\/?p=23251\",\"url\":\"https:\\\/\\\/kibrisdakik.com\\\/?p=23251\",\"name\":\"G\u00fc\u00e7lendirilecek olan kamu okul ve hastane binalar\u0131 i\u00e7in a\u00e7\u0131lan ihalelerin \u00f6demeleri d\u00f6vize \u00e7evriliyor -\",\"isPartOf\":{\"@id\":\"https:\\\/\\\/kibrisdakik.com\\\/#website\"},\"primaryImageOfPage\":{\"@id\":\"https:\\\/\\\/kibrisdakik.com\\\/?p=23251#primaryimage\"},\"image\":{\"@id\":\"https:\\\/\\\/kibrisdakik.com\\\/?p=23251#primaryimage\"},\"thumbnailUrl\":\"https:\\\/\\\/kibrisdakik.com\\\/wp-content\\\/uploads\\\/2023\\\/12\\\/guclendirilecek-olan-kamu-okul-ve-hastane-binalari-icin-acilan-ihalelerin-odemeleri-dovize-cevriliyor-1703169073.webp.webp\",\"datePublished\":\"2023-12-21T21:01:50+00:00\",\"breadcrumb\":{\"@id\":\"https:\\\/\\\/kibrisdakik.com\\\/?p=23251#breadcrumb\"},\"inLanguage\":\"tr\",\"potentialAction\":[{\"@type\":\"ReadAction\",\"target\":[\"https:\\\/\\\/kibrisdakik.com\\\/?p=23251\"]}]},{\"@type\":\"ImageObject\",\"inLanguage\":\"tr\",\"@id\":\"https:\\\/\\\/kibrisdakik.com\\\/?p=23251#primaryimage\",\"url\":\"https:\\\/\\\/kibrisdakik.com\\\/wp-content\\\/uploads\\\/2023\\\/12\\\/guclendirilecek-olan-kamu-okul-ve-hastane-binalari-icin-acilan-ihalelerin-odemeleri-dovize-cevriliyor-1703169073.webp.webp\",\"contentUrl\":\"https:\\\/\\\/kibrisdakik.com\\\/wp-content\\\/uploads\\\/2023\\\/12\\\/guclendirilecek-olan-kamu-okul-ve-hastane-binalari-icin-acilan-ihalelerin-odemeleri-dovize-cevriliyor-1703169073.webp.webp\",\"width\":710,\"height\":370},{\"@type\":\"BreadcrumbList\",\"@id\":\"https:\\\/\\\/kibrisdakik.com\\\/?p=23251#breadcrumb\",\"itemListElement\":[{\"@type\":\"ListItem\",\"position\":1,\"name\":\"Home\",\"item\":\"https:\\\/\\\/kibrisdakik.com\\\/\"},{\"@type\":\"ListItem\",\"position\":2,\"name\":\"G\u00fc\u00e7lendirilecek olan kamu okul ve hastane binalar\u0131 i\u00e7in a\u00e7\u0131lan ihalelerin \u00f6demeleri d\u00f6vize \u00e7evriliyor\"}]},{\"@type\":\"WebSite\",\"@id\":\"https:\\\/\\\/kibrisdakik.com\\\/#website\",\"url\":\"https:\\\/\\\/kibrisdakik.com\\\/\",\"name\":\"K\u0131br\u0131s Dakik\",\"description\":\"Tam vaktinde haber\",\"publisher\":{\"@id\":\"https:\\\/\\\/kibrisdakik.com\\\/#organization\"},\"potentialAction\":[{\"@type\":\"SearchAction\",\"target\":{\"@type\":\"EntryPoint\",\"urlTemplate\":\"https:\\\/\\\/kibrisdakik.com\\\/?s={search_term_string}\"},\"query-input\":{\"@type\":\"PropertyValueSpecification\",\"valueRequired\":true,\"valueName\":\"search_term_string\"}}],\"inLanguage\":\"tr\"},{\"@type\":\"Organization\",\"@id\":\"https:\\\/\\\/kibrisdakik.com\\\/#organization\",\"name\":\"K\u0131br\u0131s Dakik\",\"url\":\"https:\\\/\\\/kibrisdakik.com\\\/\",\"logo\":{\"@type\":\"ImageObject\",\"inLanguage\":\"tr\",\"@id\":\"https:\\\/\\\/kibrisdakik.com\\\/#\\\/schema\\\/logo\\\/image\\\/\",\"url\":\"https:\\\/\\\/kibrisdakik.com\\\/wp-content\\\/uploads\\\/2025\\\/10\\\/cropped-WhatsApp-Image-2025-10-02-at-12.58.31.jpeg\",\"contentUrl\":\"https:\\\/\\\/kibrisdakik.com\\\/wp-content\\\/uploads\\\/2025\\\/10\\\/cropped-WhatsApp-Image-2025-10-02-at-12.58.31.jpeg\",\"width\":1237,\"height\":190,\"caption\":\"K\u0131br\u0131s Dakik\"},\"image\":{\"@id\":\"https:\\\/\\\/kibrisdakik.com\\\/#\\\/schema\\\/logo\\\/image\\\/\"}},{\"@type\":\"Person\",\"@id\":\"https:\\\/\\\/kibrisdakik.com\\\/#\\\/schema\\\/person\\\/9cd9d437bbb44f72b73ba127e06d8e79\",\"name\":\"admin\",\"image\":{\"@type\":\"ImageObject\",\"inLanguage\":\"tr\",\"@id\":\"https:\\\/\\\/secure.gravatar.com\\\/avatar\\\/ccc17943b9d660506c869530f897617f7cb1c21a4bf30023f252596d83e1f007?s=96&d=mm&r=g\",\"url\":\"https:\\\/\\\/secure.gravatar.com\\\/avatar\\\/ccc17943b9d660506c869530f897617f7cb1c21a4bf30023f252596d83e1f007?s=96&d=mm&r=g\",\"contentUrl\":\"https:\\\/\\\/secure.gravatar.com\\\/avatar\\\/ccc17943b9d660506c869530f897617f7cb1c21a4bf30023f252596d83e1f007?s=96&d=mm&r=g\",\"caption\":\"admin\"},\"sameAs\":[\"https:\\\/\\\/kibrisdakik.com\"],\"url\":\"https:\\\/\\\/kibrisdakik.com\\\/?author=1\"}]}<\/script>\n<!-- \/ Yoast SEO plugin. -->","yoast_head_json":{"title":"G\u00fc\u00e7lendirilecek olan kamu okul ve hastane binalar\u0131 i\u00e7in a\u00e7\u0131lan ihalelerin \u00f6demeleri d\u00f6vize \u00e7evriliyor -","robots":{"index":"index","follow":"follow","max-snippet":"max-snippet:-1","max-image-preview":"max-image-preview:large","max-video-preview":"max-video-preview:-1"},"canonical":"https:\/\/kibrisdakik.com\/?p=23251","og_locale":"tr_TR","og_type":"article","og_title":"G\u00fc\u00e7lendirilecek olan kamu okul ve hastane binalar\u0131 i\u00e7in a\u00e7\u0131lan ihalelerin \u00f6demeleri d\u00f6vize \u00e7evriliyor -","og_description":"Yasa G\u00fcc\u00fcnde Kararname ile, deprem ve do\u011fal afetlere kar\u015f\u0131 g\u00fc\u00e7lendirilmesi gereken kamu okul ve hastane binalar\u0131 i\u00e7in a\u00e7\u0131lan ihalelerin \u00f6demelerinin d\u00f6vize \u00e7evrilmesi karar\u0131 al\u0131nd\u0131. 20 Aral\u0131k tarihli Resm\u00ee Gazete\u2019de yay\u0131mlanarak y\u00fcr\u00fcrl\u00fc\u011fe giren karar uyar\u0131nca Deprem ve Do\u011fal Afetlere Y\u00f6nelik Mali Yard\u0131m ve Haz\u0131rl\u0131k Yasas\u0131 kapsam\u0131nda depreme kar\u015f\u0131 kullan\u0131lamayaca\u011f\u0131 ya da g\u00fc\u00e7lendirilmesi gerekli oldu\u011fu tespit edilen","og_url":"https:\/\/kibrisdakik.com\/?p=23251","article_published_time":"2023-12-21T21:01:50+00:00","og_image":[{"width":710,"height":370,"url":"https:\/\/kibrisdakik.com\/wp-content\/uploads\/2023\/12\/guclendirilecek-olan-kamu-okul-ve-hastane-binalari-icin-acilan-ihalelerin-odemeleri-dovize-cevriliyor-1703169073.webp.webp","type":"image\/webp"}],"author":"admin","twitter_card":"summary_large_image","twitter_misc":{"Yazan:":"admin","Tahmini okuma s\u00fcresi":"1 dakika"},"schema":{"@context":"https:\/\/schema.org","@graph":[{"@type":"Article","@id":"https:\/\/kibrisdakik.com\/?p=23251#article","isPartOf":{"@id":"https:\/\/kibrisdakik.com\/?p=23251"},"author":{"name":"admin","@id":"https:\/\/kibrisdakik.com\/#\/schema\/person\/9cd9d437bbb44f72b73ba127e06d8e79"},"headline":"G\u00fc\u00e7lendirilecek olan kamu okul ve hastane binalar\u0131 i\u00e7in a\u00e7\u0131lan ihalelerin \u00f6demeleri d\u00f6vize \u00e7evriliyor","datePublished":"2023-12-21T21:01:50+00:00","mainEntityOfPage":{"@id":"https:\/\/kibrisdakik.com\/?p=23251"},"wordCount":188,"commentCount":0,"publisher":{"@id":"https:\/\/kibrisdakik.com\/#organization"},"image":{"@id":"https:\/\/kibrisdakik.com\/?p=23251#primaryimage"},"thumbnailUrl":"https:\/\/kibrisdakik.com\/wp-content\/uploads\/2023\/12\/guclendirilecek-olan-kamu-okul-ve-hastane-binalari-icin-acilan-ihalelerin-odemeleri-dovize-cevriliyor-1703169073.webp.webp","articleSection":["Spor"],"inLanguage":"tr","potentialAction":[{"@type":"CommentAction","name":"Comment","target":["https:\/\/kibrisdakik.com\/?p=23251#respond"]}]},{"@type":"WebPage","@id":"https:\/\/kibrisdakik.com\/?p=23251","url":"https:\/\/kibrisdakik.com\/?p=23251","name":"G\u00fc\u00e7lendirilecek olan kamu okul ve hastane binalar\u0131 i\u00e7in a\u00e7\u0131lan ihalelerin \u00f6demeleri d\u00f6vize \u00e7evriliyor -","isPartOf":{"@id":"https:\/\/kibrisdakik.com\/#website"},"primaryImageOfPage":{"@id":"https:\/\/kibrisdakik.com\/?p=23251#primaryimage"},"image":{"@id":"https:\/\/kibrisdakik.com\/?p=23251#primaryimage"},"thumbnailUrl":"https:\/\/kibrisdakik.com\/wp-content\/uploads\/2023\/12\/guclendirilecek-olan-kamu-okul-ve-hastane-binalari-icin-acilan-ihalelerin-odemeleri-dovize-cevriliyor-1703169073.webp.webp","datePublished":"2023-12-21T21:01:50+00:00","breadcrumb":{"@id":"https:\/\/kibrisdakik.com\/?p=23251#breadcrumb"},"inLanguage":"tr","potentialAction":[{"@type":"ReadAction","target":["https:\/\/kibrisdakik.com\/?p=23251"]}]},{"@type":"ImageObject","inLanguage":"tr","@id":"https:\/\/kibrisdakik.com\/?p=23251#primaryimage","url":"https:\/\/kibrisdakik.com\/wp-content\/uploads\/2023\/12\/guclendirilecek-olan-kamu-okul-ve-hastane-binalari-icin-acilan-ihalelerin-odemeleri-dovize-cevriliyor-1703169073.webp.webp","contentUrl":"https:\/\/kibrisdakik.com\/wp-content\/uploads\/2023\/12\/guclendirilecek-olan-kamu-okul-ve-hastane-binalari-icin-acilan-ihalelerin-odemeleri-dovize-cevriliyor-1703169073.webp.webp","width":710,"height":370},{"@type":"BreadcrumbList","@id":"https:\/\/kibrisdakik.com\/?p=23251#breadcrumb","itemListElement":[{"@type":"ListItem","position":1,"name":"Home","item":"https:\/\/kibrisdakik.com\/"},{"@type":"ListItem","position":2,"name":"G\u00fc\u00e7lendirilecek olan kamu okul ve hastane binalar\u0131 i\u00e7in a\u00e7\u0131lan ihalelerin \u00f6demeleri d\u00f6vize \u00e7evriliyor"}]},{"@type":"WebSite","@id":"https:\/\/kibrisdakik.com\/#website","url":"https:\/\/kibrisdakik.com\/","name":"K\u0131br\u0131s Dakik","description":"Tam vaktinde haber","publisher":{"@id":"https:\/\/kibrisdakik.com\/#organization"},"potentialAction":[{"@type":"SearchAction","target":{"@type":"EntryPoint","urlTemplate":"https:\/\/kibrisdakik.com\/?s={search_term_string}"},"query-input":{"@type":"PropertyValueSpecification","valueRequired":true,"valueName":"search_term_string"}}],"inLanguage":"tr"},{"@type":"Organization","@id":"https:\/\/kibrisdakik.com\/#organization","name":"K\u0131br\u0131s Dakik","url":"https:\/\/kibrisdakik.com\/","logo":{"@type":"ImageObject","inLanguage":"tr","@id":"https:\/\/kibrisdakik.com\/#\/schema\/logo\/image\/","url":"https:\/\/kibrisdakik.com\/wp-content\/uploads\/2025\/10\/cropped-WhatsApp-Image-2025-10-02-at-12.58.31.jpeg","contentUrl":"https:\/\/kibrisdakik.com\/wp-content\/uploads\/2025\/10\/cropped-WhatsApp-Image-2025-10-02-at-12.58.31.jpeg","width":1237,"height":190,"caption":"K\u0131br\u0131s Dakik"},"image":{"@id":"https:\/\/kibrisdakik.com\/#\/schema\/logo\/image\/"}},{"@type":"Person","@id":"https:\/\/kibrisdakik.com\/#\/schema\/person\/9cd9d437bbb44f72b73ba127e06d8e79","name":"admin","image":{"@type":"ImageObject","inLanguage":"tr","@id":"https:\/\/secure.gravatar.com\/avatar\/ccc17943b9d660506c869530f897617f7cb1c21a4bf30023f252596d83e1f007?s=96&d=mm&r=g","url":"https:\/\/secure.gravatar.com\/avatar\/ccc17943b9d660506c869530f897617f7cb1c21a4bf30023f252596d83e1f007?s=96&d=mm&r=g","contentUrl":"https:\/\/secure.gravatar.com\/avatar\/ccc17943b9d660506c869530f897617f7cb1c21a4bf30023f252596d83e1f007?s=96&d=mm&r=g","caption":"admin"},"sameAs":["https:\/\/kibrisdakik.com"],"url":"https:\/\/kibrisdakik.com\/?author=1"}]}},"_links":{"self":[{"href":"https:\/\/kibrisdakik.com\/index.php?rest_route=\/wp\/v2\/posts\/23251","targetHints":{"allow":["GET"]}}],"collection":[{"href":"https:\/\/kibrisdakik.com\/index.php?rest_route=\/wp\/v2\/posts"}],"about":[{"href":"https:\/\/kibrisdakik.com\/index.php?rest_route=\/wp\/v2\/types\/post"}],"author":[{"embeddable":true,"href":"https:\/\/kibrisdakik.com\/index.php?rest_route=\/wp\/v2\/users\/1"}],"replies":[{"embeddable":true,"href":"https:\/\/kibrisdakik.com\/index.php?rest_route=%2Fwp%2Fv2%2Fcomments&post=23251"}],"version-history":[{"count":0,"href":"https:\/\/kibrisdakik.com\/index.php?rest_route=\/wp\/v2\/posts\/23251\/revisions"}],"wp:featuredmedia":[{"embeddable":true,"href":"https:\/\/kibrisdakik.com\/index.php?rest_route=\/wp\/v2\/media\/23252"}],"wp:attachment":[{"href":"https:\/\/kibrisdakik.com\/index.php?rest_route=%2Fwp%2Fv2%2Fmedia&parent=23251"}],"wp:term":[{"taxonomy":"category","embeddable":true,"href":"https:\/\/kibrisdakik.com\/index.php?rest_route=%2Fwp%2Fv2%2Fcategories&post=23251"},{"taxonomy":"post_tag","embeddable":true,"href":"https:\/\/kibrisdakik.com\/index.php?rest_route=%2Fwp%2Fv2%2Ftags&post=23251"}],"curies":[{"name":"wp","href":"https:\/\/api.w.org\/{rel}","templated":true}]}}