{"id":23258,"date":"2023-12-21T21:53:55","date_gmt":"2023-12-21T21:53:55","guid":{"rendered":"https:\/\/kibrisdakik.com\/index.php\/2023\/12\/21\/girne-belediyesi-ikinci-bahar-uyeleri-yeni-yil-yemeginde-biraraya-geldi\/"},"modified":"2023-12-21T21:53:55","modified_gmt":"2023-12-21T21:53:55","slug":"girne-belediyesi-ikinci-bahar-uyeleri-yeni-yil-yemeginde-biraraya-geldi","status":"publish","type":"post","link":"https:\/\/kibrisdakik.com\/?p=23258","title":{"rendered":"Girne Belediyesi \u0130kinci Bahar \u00fcyeleri, yeni y\u0131l yeme\u011finde biraraya geldi"},"content":{"rendered":"<p><img decoding=\"async\" src=\"https:\/\/www.kibristurk.com\/images\/haberler\/2023\/12\/girne-belediyesi-ikinci-bahar-uyeleri-yeni-yil-yemeginde-biraraya-geldi-1703168572.webp\" \/><\/p>\n<p><span style=\"font-size:11pt\"><span style=\"background-color:white\"><span style=\"font-family:Calibri,sans-serif\"><span style=\"font-size:13.0pt\"><span style=\"color:black\">Girne Belediyesi \u0130kinci Bahar \u00fcyeleri i\u00e7in y\u0131lba\u015f\u0131 yeme\u011fi d\u00fczenledi.<\/span><\/span><\/span><\/span><\/span><\/p>\n<p><span style=\"font-size:11pt\"><span style=\"background-color:white\"><span style=\"font-family:Calibri,sans-serif\"><span style=\"font-size:13.0pt\"><span style=\"color:black\">Belediye Meclisi \u00fcyeleri ve b\u00f6lge muhtarlar\u0131n\u0131n da kat\u0131ld\u0131\u011f\u0131 yeni y\u0131l yeme\u011finde Ba\u015fkan Murat \u015eenkul herkesle sohbet ederek t\u00fcm \u00fcyelerin tek tek yeni y\u0131l\u0131n\u0131 kutlad\u0131.<\/span><\/span><\/span><\/span><\/span><\/p>\n<p><span style=\"font-size:11pt\"><span style=\"background-color:white\"><span style=\"font-family:Calibri,sans-serif\"><span style=\"font-size:13.0pt\"><span style=\"color:black\">Belediyeden verilen bilgiye g\u00f6re, Girne Belediye Ba\u015fkan\u0131 Murat \u015eenkul yemekte yapt\u0131\u011f\u0131 konu\u015fmada; \u201cHerkesin mutlu, huzurlu bir sene ge\u00e7irmesini temenni ederim. Her sene say\u0131m\u0131z\u0131n azalarak de\u011fil artarak bu etkinlikleri ger\u00e7ekle\u015ftirmek en b\u00fcy\u00fck temennimiz. Girne Belediyesi olarak d\u00fczenledi\u011fimiz bu tip organizasyonlar bir l\u00fctuf de\u011fil sizlere olan bir borcumuzdur\u201d diyerek kat\u0131lan herkese te\u015fekk\u00fcrlerini iletti.<\/span><\/span><\/span><\/span><\/span><\/p>\n<p><span style=\"font-size:11pt\"><span style=\"background-color:white\"><span style=\"font-family:Calibri,sans-serif\"><span style=\"font-size:13.0pt\"><span style=\"color:black\">Yeme\u011fe kat\u0131lan yakla\u015f\u0131k 500 \u00fcye, g\u00f6n\u00fcllerince e\u011flenerek g\u00fczel bir g\u00fcn ge\u00e7irdi.<\/span><\/span><\/span><\/span><\/span><\/p>\n<p>&nbsp;<\/p>\n","protected":false},"excerpt":{"rendered":"<p>Girne Belediyesi \u0130kinci Bahar \u00fcyeleri i\u00e7in y\u0131lba\u015f\u0131 yeme\u011fi d\u00fczenledi. Belediye Meclisi \u00fcyeleri ve b\u00f6lge muhtarlar\u0131n\u0131n da kat\u0131ld\u0131\u011f\u0131 yeni y\u0131l yeme\u011finde Ba\u015fkan Murat \u015eenkul herkesle sohbet ederek t\u00fcm \u00fcyelerin tek tek yeni y\u0131l\u0131n\u0131 kutlad\u0131. Belediyeden verilen bilgiye g\u00f6re, Girne Belediye Ba\u015fkan\u0131 Murat \u015eenkul yemekte yapt\u0131\u011f\u0131 konu\u015fmada; \u201cHerkesin mutlu, huzurlu bir sene ge\u00e7irmesini temenni ederim. Her sene<\/p>\n","protected":false},"author":1,"featured_media":23259,"comment_status":"open","ping_status":"open","sticky":false,"template":"","format":"standard","meta":{"footnotes":""},"categories":[1],"tags":[],"class_list":["post-23258","post","type-post","status-publish","format-standard","has-post-thumbnail","hentry","category-gundem"],"yoast_head":"<!-- This site is optimized with the Yoast SEO plugin v27.5 - https:\/\/yoast.com\/product\/yoast-seo-wordpress\/ -->\n<title>Girne Belediyesi \u0130kinci Bahar \u00fcyeleri, yeni y\u0131l yeme\u011finde biraraya geldi -<\/title>\n<meta name=\"robots\" content=\"index, follow, max-snippet:-1, max-image-preview:large, max-video-preview:-1\" \/>\n<link rel=\"canonical\" href=\"https:\/\/kibrisdakik.com\/?p=23258\" \/>\n<meta property=\"og:locale\" content=\"tr_TR\" \/>\n<meta property=\"og:type\" content=\"article\" \/>\n<meta property=\"og:title\" content=\"Girne Belediyesi \u0130kinci Bahar \u00fcyeleri, yeni y\u0131l yeme\u011finde biraraya geldi -\" \/>\n<meta property=\"og:description\" content=\"Girne Belediyesi \u0130kinci Bahar \u00fcyeleri i\u00e7in y\u0131lba\u015f\u0131 yeme\u011fi d\u00fczenledi. Belediye Meclisi \u00fcyeleri ve b\u00f6lge muhtarlar\u0131n\u0131n da kat\u0131ld\u0131\u011f\u0131 yeni y\u0131l yeme\u011finde Ba\u015fkan Murat \u015eenkul herkesle sohbet ederek t\u00fcm \u00fcyelerin tek tek yeni y\u0131l\u0131n\u0131 kutlad\u0131. Belediyeden verilen bilgiye g\u00f6re, Girne Belediye Ba\u015fkan\u0131 Murat \u015eenkul yemekte yapt\u0131\u011f\u0131 konu\u015fmada; \u201cHerkesin mutlu, huzurlu bir sene ge\u00e7irmesini temenni ederim. Her sene\" \/>\n<meta property=\"og:url\" content=\"https:\/\/kibrisdakik.com\/?p=23258\" \/>\n<meta property=\"article:published_time\" content=\"2023-12-21T21:53:55+00:00\" \/>\n<meta property=\"og:image\" content=\"https:\/\/kibrisdakik.com\/wp-content\/uploads\/2023\/12\/girne-belediyesi-ikinci-bahar-uyeleri-yeni-yil-yemeginde-biraraya-geldi-1703168572.webp.webp\" \/>\n\t<meta property=\"og:image:width\" content=\"710\" \/>\n\t<meta property=\"og:image:height\" content=\"370\" \/>\n\t<meta property=\"og:image:type\" content=\"image\/webp\" \/>\n<meta name=\"author\" content=\"admin\" \/>\n<meta name=\"twitter:card\" content=\"summary_large_image\" \/>\n<meta name=\"twitter:label1\" content=\"Yazan:\" \/>\n\t<meta name=\"twitter:data1\" content=\"admin\" \/>\n\t<meta name=\"twitter:label2\" content=\"Tahmini okuma s\u00fcresi\" \/>\n\t<meta name=\"twitter:data2\" content=\"1 dakika\" \/>\n<script type=\"application\/ld+json\" class=\"yoast-schema-graph\">{\"@context\":\"https:\\\/\\\/schema.org\",\"@graph\":[{\"@type\":\"Article\",\"@id\":\"https:\\\/\\\/kibrisdakik.com\\\/?p=23258#article\",\"isPartOf\":{\"@id\":\"https:\\\/\\\/kibrisdakik.com\\\/?p=23258\"},\"author\":{\"name\":\"admin\",\"@id\":\"https:\\\/\\\/kibrisdakik.com\\\/#\\\/schema\\\/person\\\/9cd9d437bbb44f72b73ba127e06d8e79\"},\"headline\":\"Girne Belediyesi \u0130kinci Bahar \u00fcyeleri, yeni y\u0131l yeme\u011finde biraraya geldi\",\"datePublished\":\"2023-12-21T21:53:55+00:00\",\"mainEntityOfPage\":{\"@id\":\"https:\\\/\\\/kibrisdakik.com\\\/?p=23258\"},\"wordCount\":149,\"commentCount\":0,\"image\":{\"@id\":\"https:\\\/\\\/kibrisdakik.com\\\/?p=23258#primaryimage\"},\"thumbnailUrl\":\"https:\\\/\\\/kibrisdakik.com\\\/wp-content\\\/uploads\\\/2023\\\/12\\\/girne-belediyesi-ikinci-bahar-uyeleri-yeni-yil-yemeginde-biraraya-geldi-1703168572.webp.webp\",\"articleSection\":[\"G\u00fcndem\"],\"inLanguage\":\"tr\",\"potentialAction\":[{\"@type\":\"CommentAction\",\"name\":\"Comment\",\"target\":[\"https:\\\/\\\/kibrisdakik.com\\\/?p=23258#respond\"]}]},{\"@type\":\"WebPage\",\"@id\":\"https:\\\/\\\/kibrisdakik.com\\\/?p=23258\",\"url\":\"https:\\\/\\\/kibrisdakik.com\\\/?p=23258\",\"name\":\"Girne Belediyesi \u0130kinci Bahar \u00fcyeleri, yeni y\u0131l yeme\u011finde biraraya geldi -\",\"isPartOf\":{\"@id\":\"https:\\\/\\\/kibrisdakik.com\\\/#website\"},\"primaryImageOfPage\":{\"@id\":\"https:\\\/\\\/kibrisdakik.com\\\/?p=23258#primaryimage\"},\"image\":{\"@id\":\"https:\\\/\\\/kibrisdakik.com\\\/?p=23258#primaryimage\"},\"thumbnailUrl\":\"https:\\\/\\\/kibrisdakik.com\\\/wp-content\\\/uploads\\\/2023\\\/12\\\/girne-belediyesi-ikinci-bahar-uyeleri-yeni-yil-yemeginde-biraraya-geldi-1703168572.webp.webp\",\"datePublished\":\"2023-12-21T21:53:55+00:00\",\"author\":{\"@id\":\"https:\\\/\\\/kibrisdakik.com\\\/#\\\/schema\\\/person\\\/9cd9d437bbb44f72b73ba127e06d8e79\"},\"breadcrumb\":{\"@id\":\"https:\\\/\\\/kibrisdakik.com\\\/?p=23258#breadcrumb\"},\"inLanguage\":\"tr\",\"potentialAction\":[{\"@type\":\"ReadAction\",\"target\":[\"https:\\\/\\\/kibrisdakik.com\\\/?p=23258\"]}]},{\"@type\":\"ImageObject\",\"inLanguage\":\"tr\",\"@id\":\"https:\\\/\\\/kibrisdakik.com\\\/?p=23258#primaryimage\",\"url\":\"https:\\\/\\\/kibrisdakik.com\\\/wp-content\\\/uploads\\\/2023\\\/12\\\/girne-belediyesi-ikinci-bahar-uyeleri-yeni-yil-yemeginde-biraraya-geldi-1703168572.webp.webp\",\"contentUrl\":\"https:\\\/\\\/kibrisdakik.com\\\/wp-content\\\/uploads\\\/2023\\\/12\\\/girne-belediyesi-ikinci-bahar-uyeleri-yeni-yil-yemeginde-biraraya-geldi-1703168572.webp.webp\",\"width\":710,\"height\":370},{\"@type\":\"BreadcrumbList\",\"@id\":\"https:\\\/\\\/kibrisdakik.com\\\/?p=23258#breadcrumb\",\"itemListElement\":[{\"@type\":\"ListItem\",\"position\":1,\"name\":\"Home\",\"item\":\"https:\\\/\\\/kibrisdakik.com\\\/\"},{\"@type\":\"ListItem\",\"position\":2,\"name\":\"Girne Belediyesi \u0130kinci Bahar \u00fcyeleri, yeni y\u0131l yeme\u011finde biraraya geldi\"}]},{\"@type\":\"WebSite\",\"@id\":\"https:\\\/\\\/kibrisdakik.com\\\/#website\",\"url\":\"https:\\\/\\\/kibrisdakik.com\\\/\",\"name\":\"\",\"description\":\"Tam vaktinde haber\",\"potentialAction\":[{\"@type\":\"SearchAction\",\"target\":{\"@type\":\"EntryPoint\",\"urlTemplate\":\"https:\\\/\\\/kibrisdakik.com\\\/?s={search_term_string}\"},\"query-input\":{\"@type\":\"PropertyValueSpecification\",\"valueRequired\":true,\"valueName\":\"search_term_string\"}}],\"inLanguage\":\"tr\"},{\"@type\":\"Person\",\"@id\":\"https:\\\/\\\/kibrisdakik.com\\\/#\\\/schema\\\/person\\\/9cd9d437bbb44f72b73ba127e06d8e79\",\"name\":\"admin\",\"image\":{\"@type\":\"ImageObject\",\"inLanguage\":\"tr\",\"@id\":\"https:\\\/\\\/secure.gravatar.com\\\/avatar\\\/ccc17943b9d660506c869530f897617f7cb1c21a4bf30023f252596d83e1f007?s=96&d=mm&r=g\",\"url\":\"https:\\\/\\\/secure.gravatar.com\\\/avatar\\\/ccc17943b9d660506c869530f897617f7cb1c21a4bf30023f252596d83e1f007?s=96&d=mm&r=g\",\"contentUrl\":\"https:\\\/\\\/secure.gravatar.com\\\/avatar\\\/ccc17943b9d660506c869530f897617f7cb1c21a4bf30023f252596d83e1f007?s=96&d=mm&r=g\",\"caption\":\"admin\"},\"sameAs\":[\"https:\\\/\\\/kibrisdakik.com\"],\"url\":\"https:\\\/\\\/kibrisdakik.com\\\/?author=1\"}]}<\/script>\n<!-- \/ Yoast SEO plugin. -->","yoast_head_json":{"title":"Girne Belediyesi \u0130kinci Bahar \u00fcyeleri, yeni y\u0131l yeme\u011finde biraraya geldi -","robots":{"index":"index","follow":"follow","max-snippet":"max-snippet:-1","max-image-preview":"max-image-preview:large","max-video-preview":"max-video-preview:-1"},"canonical":"https:\/\/kibrisdakik.com\/?p=23258","og_locale":"tr_TR","og_type":"article","og_title":"Girne Belediyesi \u0130kinci Bahar \u00fcyeleri, yeni y\u0131l yeme\u011finde biraraya geldi -","og_description":"Girne Belediyesi \u0130kinci Bahar \u00fcyeleri i\u00e7in y\u0131lba\u015f\u0131 yeme\u011fi d\u00fczenledi. Belediye Meclisi \u00fcyeleri ve b\u00f6lge muhtarlar\u0131n\u0131n da kat\u0131ld\u0131\u011f\u0131 yeni y\u0131l yeme\u011finde Ba\u015fkan Murat \u015eenkul herkesle sohbet ederek t\u00fcm \u00fcyelerin tek tek yeni y\u0131l\u0131n\u0131 kutlad\u0131. Belediyeden verilen bilgiye g\u00f6re, Girne Belediye Ba\u015fkan\u0131 Murat \u015eenkul yemekte yapt\u0131\u011f\u0131 konu\u015fmada; \u201cHerkesin mutlu, huzurlu bir sene ge\u00e7irmesini temenni ederim. Her sene","og_url":"https:\/\/kibrisdakik.com\/?p=23258","article_published_time":"2023-12-21T21:53:55+00:00","og_image":[{"width":710,"height":370,"url":"https:\/\/kibrisdakik.com\/wp-content\/uploads\/2023\/12\/girne-belediyesi-ikinci-bahar-uyeleri-yeni-yil-yemeginde-biraraya-geldi-1703168572.webp.webp","type":"image\/webp"}],"author":"admin","twitter_card":"summary_large_image","twitter_misc":{"Yazan:":"admin","Tahmini okuma s\u00fcresi":"1 dakika"},"schema":{"@context":"https:\/\/schema.org","@graph":[{"@type":"Article","@id":"https:\/\/kibrisdakik.com\/?p=23258#article","isPartOf":{"@id":"https:\/\/kibrisdakik.com\/?p=23258"},"author":{"name":"admin","@id":"https:\/\/kibrisdakik.com\/#\/schema\/person\/9cd9d437bbb44f72b73ba127e06d8e79"},"headline":"Girne Belediyesi \u0130kinci Bahar \u00fcyeleri, yeni y\u0131l yeme\u011finde biraraya geldi","datePublished":"2023-12-21T21:53:55+00:00","mainEntityOfPage":{"@id":"https:\/\/kibrisdakik.com\/?p=23258"},"wordCount":149,"commentCount":0,"image":{"@id":"https:\/\/kibrisdakik.com\/?p=23258#primaryimage"},"thumbnailUrl":"https:\/\/kibrisdakik.com\/wp-content\/uploads\/2023\/12\/girne-belediyesi-ikinci-bahar-uyeleri-yeni-yil-yemeginde-biraraya-geldi-1703168572.webp.webp","articleSection":["G\u00fcndem"],"inLanguage":"tr","potentialAction":[{"@type":"CommentAction","name":"Comment","target":["https:\/\/kibrisdakik.com\/?p=23258#respond"]}]},{"@type":"WebPage","@id":"https:\/\/kibrisdakik.com\/?p=23258","url":"https:\/\/kibrisdakik.com\/?p=23258","name":"Girne Belediyesi \u0130kinci Bahar \u00fcyeleri, yeni y\u0131l yeme\u011finde biraraya geldi -","isPartOf":{"@id":"https:\/\/kibrisdakik.com\/#website"},"primaryImageOfPage":{"@id":"https:\/\/kibrisdakik.com\/?p=23258#primaryimage"},"image":{"@id":"https:\/\/kibrisdakik.com\/?p=23258#primaryimage"},"thumbnailUrl":"https:\/\/kibrisdakik.com\/wp-content\/uploads\/2023\/12\/girne-belediyesi-ikinci-bahar-uyeleri-yeni-yil-yemeginde-biraraya-geldi-1703168572.webp.webp","datePublished":"2023-12-21T21:53:55+00:00","author":{"@id":"https:\/\/kibrisdakik.com\/#\/schema\/person\/9cd9d437bbb44f72b73ba127e06d8e79"},"breadcrumb":{"@id":"https:\/\/kibrisdakik.com\/?p=23258#breadcrumb"},"inLanguage":"tr","potentialAction":[{"@type":"ReadAction","target":["https:\/\/kibrisdakik.com\/?p=23258"]}]},{"@type":"ImageObject","inLanguage":"tr","@id":"https:\/\/kibrisdakik.com\/?p=23258#primaryimage","url":"https:\/\/kibrisdakik.com\/wp-content\/uploads\/2023\/12\/girne-belediyesi-ikinci-bahar-uyeleri-yeni-yil-yemeginde-biraraya-geldi-1703168572.webp.webp","contentUrl":"https:\/\/kibrisdakik.com\/wp-content\/uploads\/2023\/12\/girne-belediyesi-ikinci-bahar-uyeleri-yeni-yil-yemeginde-biraraya-geldi-1703168572.webp.webp","width":710,"height":370},{"@type":"BreadcrumbList","@id":"https:\/\/kibrisdakik.com\/?p=23258#breadcrumb","itemListElement":[{"@type":"ListItem","position":1,"name":"Home","item":"https:\/\/kibrisdakik.com\/"},{"@type":"ListItem","position":2,"name":"Girne Belediyesi \u0130kinci Bahar \u00fcyeleri, yeni y\u0131l yeme\u011finde biraraya geldi"}]},{"@type":"WebSite","@id":"https:\/\/kibrisdakik.com\/#website","url":"https:\/\/kibrisdakik.com\/","name":"","description":"Tam vaktinde haber","potentialAction":[{"@type":"SearchAction","target":{"@type":"EntryPoint","urlTemplate":"https:\/\/kibrisdakik.com\/?s={search_term_string}"},"query-input":{"@type":"PropertyValueSpecification","valueRequired":true,"valueName":"search_term_string"}}],"inLanguage":"tr"},{"@type":"Person","@id":"https:\/\/kibrisdakik.com\/#\/schema\/person\/9cd9d437bbb44f72b73ba127e06d8e79","name":"admin","image":{"@type":"ImageObject","inLanguage":"tr","@id":"https:\/\/secure.gravatar.com\/avatar\/ccc17943b9d660506c869530f897617f7cb1c21a4bf30023f252596d83e1f007?s=96&d=mm&r=g","url":"https:\/\/secure.gravatar.com\/avatar\/ccc17943b9d660506c869530f897617f7cb1c21a4bf30023f252596d83e1f007?s=96&d=mm&r=g","contentUrl":"https:\/\/secure.gravatar.com\/avatar\/ccc17943b9d660506c869530f897617f7cb1c21a4bf30023f252596d83e1f007?s=96&d=mm&r=g","caption":"admin"},"sameAs":["https:\/\/kibrisdakik.com"],"url":"https:\/\/kibrisdakik.com\/?author=1"}]}},"_links":{"self":[{"href":"https:\/\/kibrisdakik.com\/index.php?rest_route=\/wp\/v2\/posts\/23258","targetHints":{"allow":["GET"]}}],"collection":[{"href":"https:\/\/kibrisdakik.com\/index.php?rest_route=\/wp\/v2\/posts"}],"about":[{"href":"https:\/\/kibrisdakik.com\/index.php?rest_route=\/wp\/v2\/types\/post"}],"author":[{"embeddable":true,"href":"https:\/\/kibrisdakik.com\/index.php?rest_route=\/wp\/v2\/users\/1"}],"replies":[{"embeddable":true,"href":"https:\/\/kibrisdakik.com\/index.php?rest_route=%2Fwp%2Fv2%2Fcomments&post=23258"}],"version-history":[{"count":0,"href":"https:\/\/kibrisdakik.com\/index.php?rest_route=\/wp\/v2\/posts\/23258\/revisions"}],"wp:featuredmedia":[{"embeddable":true,"href":"https:\/\/kibrisdakik.com\/index.php?rest_route=\/wp\/v2\/media\/23259"}],"wp:attachment":[{"href":"https:\/\/kibrisdakik.com\/index.php?rest_route=%2Fwp%2Fv2%2Fmedia&parent=23258"}],"wp:term":[{"taxonomy":"category","embeddable":true,"href":"https:\/\/kibrisdakik.com\/index.php?rest_route=%2Fwp%2Fv2%2Fcategories&post=23258"},{"taxonomy":"post_tag","embeddable":true,"href":"https:\/\/kibrisdakik.com\/index.php?rest_route=%2Fwp%2Fv2%2Ftags&post=23258"}],"curies":[{"name":"wp","href":"https:\/\/api.w.org\/{rel}","templated":true}]}}