{"id":2327,"date":"2023-02-28T06:27:54","date_gmt":"2023-02-28T06:27:54","guid":{"rendered":"https:\/\/kibrisdakik.com\/index.php\/2023\/02\/28\/depremzedeler-icin-yapilan-konteyner-evlerin-sevkiyatina-baslaniyor\/"},"modified":"2023-02-28T06:27:54","modified_gmt":"2023-02-28T06:27:54","slug":"depremzedeler-icin-yapilan-konteyner-evlerin-sevkiyatina-baslaniyor","status":"publish","type":"post","link":"https:\/\/kibrisdakik.com\/?p=2327","title":{"rendered":"Depremzedeler i\u00e7in yap\u0131lan konteyner evlerin sevkiyat\u0131na ba\u015flan\u0131yor"},"content":{"rendered":"<p><\/p>\n<div>\n<div class=\"mariselle-image-container center\">\n                <img width=\"1654\" height=\"1010\" class=\"lazy-image\" alt=\"\" decoding=\"async\" loading=\"lazy\" sizes=\"auto, (max-width: 1654px) 100vw, 1654px\" src=\"https:\/\/brtk.net\/wp-content\/uploads\/2023\/02\/27\/konteyner-haber-1-ero-2-.jpg?ver=982c764da0e8d78d99d5e4b648d0c361\" srcset=\"https:\/\/brtk.net\/wp-content\/uploads\/2023\/02\/27\/konteyner-haber-1-ero-2-.jpg?ver=982c764da0e8d78d99d5e4b648d0c361 1654w, https:\/\/brtk.net\/wp-content\/uploads\/2023\/02\/27\/konteyner-haber-1-ero-2--300x183.jpg?ver=982c764da0e8d78d99d5e4b648d0c361 300w, https:\/\/brtk.net\/wp-content\/uploads\/2023\/02\/27\/konteyner-haber-1-ero-2--1024x625.jpg?ver=982c764da0e8d78d99d5e4b648d0c361 1024w, https:\/\/brtk.net\/wp-content\/uploads\/2023\/02\/27\/konteyner-haber-1-ero-2--768x469.jpg?ver=69c363fd9b986721bed45f00816a7824 768w, https:\/\/brtk.net\/wp-content\/uploads\/2023\/02\/27\/konteyner-haber-1-ero-2--1536x938.jpg?ver=69c363fd9b986721bed45f00816a7824 1536w\"\/>                            <\/div>\n<p>T\u00fcrkiye\u2019de evsiz kalan depremzedelere ula\u015ft\u0131r\u0131lmak i\u00e7in yap\u0131m\u0131 devam eden  konteyner evlerin sevkiyat\u0131na ba\u015flan\u0131yor.<\/p>\n<div class=\"mariselle-image-container center\">\n                <img width=\"1024\" height=\"683\" class=\"lazy-image\" alt=\"\" decoding=\"async\" loading=\"lazy\" sizes=\"auto, (max-width: 1024px) 100vw, 1024px\" src=\"https:\/\/brtk.net\/wp-content\/uploads\/2023\/02\/16\/konteyner.jpg?ver=b59e3c42f60e62c26d7fef68568a15a5\" srcset=\"https:\/\/brtk.net\/wp-content\/uploads\/2023\/02\/16\/konteyner.jpg?ver=b59e3c42f60e62c26d7fef68568a15a5 1024w, https:\/\/brtk.net\/wp-content\/uploads\/2023\/02\/16\/konteyner-300x200.jpg?ver=b59e3c42f60e62c26d7fef68568a15a5 300w, https:\/\/brtk.net\/wp-content\/uploads\/2023\/02\/16\/konteyner-768x512.jpg?ver=b59e3c42f60e62c26d7fef68568a15a5 768w\"\/>                            <\/div>\n<div class=\"mariselle-image-container center\">\n                <img width=\"1024\" height=\"768\" class=\"lazy-image\" alt=\"\" decoding=\"async\" loading=\"lazy\" sizes=\"auto, (max-width: 1024px) 100vw, 1024px\" src=\"https:\/\/brtk.net\/wp-content\/uploads\/2023\/02\/16\/konteyner-3.jpg?ver=7cf62a08dff3b579caf72668edbe7f7f\" srcset=\"https:\/\/brtk.net\/wp-content\/uploads\/2023\/02\/16\/konteyner-3.jpg?ver=7cf62a08dff3b579caf72668edbe7f7f 1024w, https:\/\/brtk.net\/wp-content\/uploads\/2023\/02\/16\/konteyner-3-300x225.jpg?ver=7cf62a08dff3b579caf72668edbe7f7f 300w, https:\/\/brtk.net\/wp-content\/uploads\/2023\/02\/16\/konteyner-3-768x576.jpg?ver=7cf62a08dff3b579caf72668edbe7f7f 768w\"\/>                            <\/div>\n<p>K\u0131br\u0131s T\u00fcrk Dayan\u0131\u015fma Platformu\u2019nun karar\u0131yla yap\u0131m\u0131na ba\u015flanan \u2018K\u0131br\u0131s T\u00fcrk \u015eampiyon Melekler K\u00f6y\u00fc\u2019 i\u00e7in  imal edilen konteyner evler Ma\u011fusa Liman\u0131\u2019na g\u00f6t\u00fcr\u00fclerek, \u0130skenderun\u2019a ula\u015ft\u0131r\u0131lacak.<\/p>\n<div class=\"mariselle-image-container center\">\n                <img width=\"1024\" height=\"768\" class=\"lazy-image\" alt=\"\" decoding=\"async\" loading=\"lazy\" sizes=\"auto, (max-width: 1024px) 100vw, 1024px\" src=\"https:\/\/brtk.net\/wp-content\/uploads\/2023\/02\/16\/konteyner3.jpg?ver=52b7543b48d881c48a5fb557642b2d6a\" srcset=\"https:\/\/brtk.net\/wp-content\/uploads\/2023\/02\/16\/konteyner3.jpg?ver=52b7543b48d881c48a5fb557642b2d6a 1024w, https:\/\/brtk.net\/wp-content\/uploads\/2023\/02\/16\/konteyner3-300x225.jpg?ver=52b7543b48d881c48a5fb557642b2d6a 300w, https:\/\/brtk.net\/wp-content\/uploads\/2023\/02\/16\/konteyner3-768x576.jpg?ver=52b7543b48d881c48a5fb557642b2d6a 768w\"\/>                            <\/div>\n<div class=\"mariselle-image-container center\">\n                <img width=\"1024\" height=\"683\" class=\"lazy-image\" alt=\"\" decoding=\"async\" loading=\"lazy\" sizes=\"auto, (max-width: 1024px) 100vw, 1024px\" src=\"https:\/\/brtk.net\/wp-content\/uploads\/2023\/02\/16\/konteyner545.jpg?ver=3d6bd3e55dc0a8d80e76ad2de4f7c106\" srcset=\"https:\/\/brtk.net\/wp-content\/uploads\/2023\/02\/16\/konteyner545.jpg?ver=3d6bd3e55dc0a8d80e76ad2de4f7c106 1024w, https:\/\/brtk.net\/wp-content\/uploads\/2023\/02\/16\/konteyner545-300x200.jpg?ver=3d6bd3e55dc0a8d80e76ad2de4f7c106 300w, https:\/\/brtk.net\/wp-content\/uploads\/2023\/02\/16\/konteyner545-768x512.jpg?ver=3d6bd3e55dc0a8d80e76ad2de4f7c106 768w\"\/>                            <\/div>\n<p>T\u00fcrkiye\u2019ye ilk teslimat\u0131n ise, 140 konteyner evin tamamlanmas\u0131n\u0131n ard\u0131ndan cuma g\u00fcn\u00fc yola \u00e7\u0131kmas\u0131 planlanan gemiyle yap\u0131lmas\u0131 \u00f6ng\u00f6r\u00fcl\u00fcyor. <\/p>\n<p><iframe loading=\"lazy\" title=\"Depremzedeler i\u00e7in yap\u0131lan konteyner evlerin sevkiyat\u0131na ba\u015flan\u0131yor\" width=\"960\" height=\"540\" src=\"https:\/\/www.youtube.com\/embed\/_RLytdPF7-Y?feature=oembed\" frameborder=\"0\" allow=\"accelerometer; autoplay; clipboard-write; encrypted-media; gyroscope; picture-in-picture; web-share\" referrerpolicy=\"strict-origin-when-cross-origin\" allowfullscreen><\/iframe><\/p>\n<\/p><\/div>\n<p><script async\n                    defer\n                    crossorigin=\"anonymous\"\n                    src=\"https:\/\/connect.facebook.net\/tr_TR\/sdk.js#xfbml=1&#038;version=v3.3\"\n            ><\/script><\/p>\n","protected":false},"excerpt":{"rendered":"<p>T\u00fcrkiye\u2019de evsiz kalan depremzedelere ula\u015ft\u0131r\u0131lmak i\u00e7in yap\u0131m\u0131 devam eden konteyner evlerin sevkiyat\u0131na ba\u015flan\u0131yor. K\u0131br\u0131s T\u00fcrk Dayan\u0131\u015fma Platformu\u2019nun karar\u0131yla yap\u0131m\u0131na ba\u015flanan \u2018K\u0131br\u0131s T\u00fcrk \u015eampiyon Melekler K\u00f6y\u00fc\u2019 i\u00e7in imal edilen konteyner evler Ma\u011fusa Liman\u0131\u2019na g\u00f6t\u00fcr\u00fclerek, \u0130skenderun\u2019a ula\u015ft\u0131r\u0131lacak. T\u00fcrkiye\u2019ye ilk teslimat\u0131n ise, 140 konteyner evin tamamlanmas\u0131n\u0131n ard\u0131ndan cuma g\u00fcn\u00fc yola \u00e7\u0131kmas\u0131 planlanan gemiyle yap\u0131lmas\u0131 \u00f6ng\u00f6r\u00fcl\u00fcyor.<\/p>\n","protected":false},"author":1,"featured_media":2209,"comment_status":"open","ping_status":"open","sticky":false,"template":"","format":"standard","meta":{"footnotes":""},"categories":[1],"tags":[],"class_list":["post-2327","post","type-post","status-publish","format-standard","has-post-thumbnail","hentry","category-gundem"],"yoast_head":"<!-- This site is optimized with the Yoast SEO plugin v27.4 - https:\/\/yoast.com\/product\/yoast-seo-wordpress\/ -->\n<title>Depremzedeler i\u00e7in yap\u0131lan konteyner evlerin sevkiyat\u0131na ba\u015flan\u0131yor -<\/title>\n<meta name=\"robots\" content=\"index, follow, max-snippet:-1, max-image-preview:large, max-video-preview:-1\" \/>\n<link rel=\"canonical\" href=\"https:\/\/kibrisdakik.com\/?p=2327\" \/>\n<meta property=\"og:locale\" content=\"tr_TR\" \/>\n<meta property=\"og:type\" content=\"article\" \/>\n<meta property=\"og:title\" content=\"Depremzedeler i\u00e7in yap\u0131lan konteyner evlerin sevkiyat\u0131na ba\u015flan\u0131yor -\" \/>\n<meta property=\"og:description\" content=\"T\u00fcrkiye\u2019de evsiz kalan depremzedelere ula\u015ft\u0131r\u0131lmak i\u00e7in yap\u0131m\u0131 devam eden konteyner evlerin sevkiyat\u0131na ba\u015flan\u0131yor. K\u0131br\u0131s T\u00fcrk Dayan\u0131\u015fma Platformu\u2019nun karar\u0131yla yap\u0131m\u0131na ba\u015flanan \u2018K\u0131br\u0131s T\u00fcrk \u015eampiyon Melekler K\u00f6y\u00fc\u2019 i\u00e7in imal edilen konteyner evler Ma\u011fusa Liman\u0131\u2019na g\u00f6t\u00fcr\u00fclerek, \u0130skenderun\u2019a ula\u015ft\u0131r\u0131lacak. T\u00fcrkiye\u2019ye ilk teslimat\u0131n ise, 140 konteyner evin tamamlanmas\u0131n\u0131n ard\u0131ndan cuma g\u00fcn\u00fc yola \u00e7\u0131kmas\u0131 planlanan gemiyle yap\u0131lmas\u0131 \u00f6ng\u00f6r\u00fcl\u00fcyor.\" \/>\n<meta property=\"og:url\" content=\"https:\/\/kibrisdakik.com\/?p=2327\" \/>\n<meta property=\"article:published_time\" content=\"2023-02-28T06:27:54+00:00\" \/>\n<meta property=\"og:image\" content=\"https:\/\/kibrisdakik.com\/wp-content\/uploads\/2023\/02\/konteyner-haber-1-ero-2--740x420.jpg\" \/>\n\t<meta property=\"og:image:width\" content=\"1654\" \/>\n\t<meta property=\"og:image:height\" content=\"1010\" \/>\n\t<meta property=\"og:image:type\" content=\"image\/jpeg\" \/>\n<meta name=\"author\" content=\"admin\" \/>\n<meta name=\"twitter:card\" content=\"summary_large_image\" \/>\n<meta name=\"twitter:label1\" content=\"Yazan:\" \/>\n\t<meta name=\"twitter:data1\" content=\"admin\" \/>\n\t<meta name=\"twitter:label2\" content=\"Tahmini okuma s\u00fcresi\" \/>\n\t<meta name=\"twitter:data2\" content=\"1 dakika\" \/>\n<script type=\"application\/ld+json\" class=\"yoast-schema-graph\">{\"@context\":\"https:\\\/\\\/schema.org\",\"@graph\":[{\"@type\":\"Article\",\"@id\":\"https:\\\/\\\/kibrisdakik.com\\\/?p=2327#article\",\"isPartOf\":{\"@id\":\"https:\\\/\\\/kibrisdakik.com\\\/?p=2327\"},\"author\":{\"name\":\"admin\",\"@id\":\"https:\\\/\\\/kibrisdakik.com\\\/#\\\/schema\\\/person\\\/9cd9d437bbb44f72b73ba127e06d8e79\"},\"headline\":\"Depremzedeler i\u00e7in yap\u0131lan konteyner evlerin sevkiyat\u0131na ba\u015flan\u0131yor\",\"datePublished\":\"2023-02-28T06:27:54+00:00\",\"mainEntityOfPage\":{\"@id\":\"https:\\\/\\\/kibrisdakik.com\\\/?p=2327\"},\"wordCount\":117,\"commentCount\":0,\"image\":{\"@id\":\"https:\\\/\\\/kibrisdakik.com\\\/?p=2327#primaryimage\"},\"thumbnailUrl\":\"https:\\\/\\\/kibrisdakik.com\\\/wp-content\\\/uploads\\\/2023\\\/02\\\/konteyner-haber-1-ero-2--740x420.jpg\",\"articleSection\":[\"G\u00fcndem\"],\"inLanguage\":\"tr\",\"potentialAction\":[{\"@type\":\"CommentAction\",\"name\":\"Comment\",\"target\":[\"https:\\\/\\\/kibrisdakik.com\\\/?p=2327#respond\"]}]},{\"@type\":\"WebPage\",\"@id\":\"https:\\\/\\\/kibrisdakik.com\\\/?p=2327\",\"url\":\"https:\\\/\\\/kibrisdakik.com\\\/?p=2327\",\"name\":\"Depremzedeler i\u00e7in yap\u0131lan konteyner evlerin sevkiyat\u0131na ba\u015flan\u0131yor -\",\"isPartOf\":{\"@id\":\"https:\\\/\\\/kibrisdakik.com\\\/#website\"},\"primaryImageOfPage\":{\"@id\":\"https:\\\/\\\/kibrisdakik.com\\\/?p=2327#primaryimage\"},\"image\":{\"@id\":\"https:\\\/\\\/kibrisdakik.com\\\/?p=2327#primaryimage\"},\"thumbnailUrl\":\"https:\\\/\\\/kibrisdakik.com\\\/wp-content\\\/uploads\\\/2023\\\/02\\\/konteyner-haber-1-ero-2--740x420.jpg\",\"datePublished\":\"2023-02-28T06:27:54+00:00\",\"author\":{\"@id\":\"https:\\\/\\\/kibrisdakik.com\\\/#\\\/schema\\\/person\\\/9cd9d437bbb44f72b73ba127e06d8e79\"},\"breadcrumb\":{\"@id\":\"https:\\\/\\\/kibrisdakik.com\\\/?p=2327#breadcrumb\"},\"inLanguage\":\"tr\",\"potentialAction\":[{\"@type\":\"ReadAction\",\"target\":[\"https:\\\/\\\/kibrisdakik.com\\\/?p=2327\"]}]},{\"@type\":\"ImageObject\",\"inLanguage\":\"tr\",\"@id\":\"https:\\\/\\\/kibrisdakik.com\\\/?p=2327#primaryimage\",\"url\":\"https:\\\/\\\/kibrisdakik.com\\\/wp-content\\\/uploads\\\/2023\\\/02\\\/konteyner-haber-1-ero-2--740x420.jpg\",\"contentUrl\":\"https:\\\/\\\/kibrisdakik.com\\\/wp-content\\\/uploads\\\/2023\\\/02\\\/konteyner-haber-1-ero-2--740x420.jpg\",\"width\":1654,\"height\":1010},{\"@type\":\"BreadcrumbList\",\"@id\":\"https:\\\/\\\/kibrisdakik.com\\\/?p=2327#breadcrumb\",\"itemListElement\":[{\"@type\":\"ListItem\",\"position\":1,\"name\":\"Home\",\"item\":\"https:\\\/\\\/kibrisdakik.com\\\/\"},{\"@type\":\"ListItem\",\"position\":2,\"name\":\"Depremzedeler i\u00e7in yap\u0131lan konteyner evlerin sevkiyat\u0131na ba\u015flan\u0131yor\"}]},{\"@type\":\"WebSite\",\"@id\":\"https:\\\/\\\/kibrisdakik.com\\\/#website\",\"url\":\"https:\\\/\\\/kibrisdakik.com\\\/\",\"name\":\"\",\"description\":\"Tam vaktinde haber\",\"potentialAction\":[{\"@type\":\"SearchAction\",\"target\":{\"@type\":\"EntryPoint\",\"urlTemplate\":\"https:\\\/\\\/kibrisdakik.com\\\/?s={search_term_string}\"},\"query-input\":{\"@type\":\"PropertyValueSpecification\",\"valueRequired\":true,\"valueName\":\"search_term_string\"}}],\"inLanguage\":\"tr\"},{\"@type\":\"Person\",\"@id\":\"https:\\\/\\\/kibrisdakik.com\\\/#\\\/schema\\\/person\\\/9cd9d437bbb44f72b73ba127e06d8e79\",\"name\":\"admin\",\"image\":{\"@type\":\"ImageObject\",\"inLanguage\":\"tr\",\"@id\":\"https:\\\/\\\/secure.gravatar.com\\\/avatar\\\/ccc17943b9d660506c869530f897617f7cb1c21a4bf30023f252596d83e1f007?s=96&d=mm&r=g\",\"url\":\"https:\\\/\\\/secure.gravatar.com\\\/avatar\\\/ccc17943b9d660506c869530f897617f7cb1c21a4bf30023f252596d83e1f007?s=96&d=mm&r=g\",\"contentUrl\":\"https:\\\/\\\/secure.gravatar.com\\\/avatar\\\/ccc17943b9d660506c869530f897617f7cb1c21a4bf30023f252596d83e1f007?s=96&d=mm&r=g\",\"caption\":\"admin\"},\"sameAs\":[\"https:\\\/\\\/kibrisdakik.com\"],\"url\":\"https:\\\/\\\/kibrisdakik.com\\\/?author=1\"}]}<\/script>\n<!-- \/ Yoast SEO plugin. -->","yoast_head_json":{"title":"Depremzedeler i\u00e7in yap\u0131lan konteyner evlerin sevkiyat\u0131na ba\u015flan\u0131yor -","robots":{"index":"index","follow":"follow","max-snippet":"max-snippet:-1","max-image-preview":"max-image-preview:large","max-video-preview":"max-video-preview:-1"},"canonical":"https:\/\/kibrisdakik.com\/?p=2327","og_locale":"tr_TR","og_type":"article","og_title":"Depremzedeler i\u00e7in yap\u0131lan konteyner evlerin sevkiyat\u0131na ba\u015flan\u0131yor -","og_description":"T\u00fcrkiye\u2019de evsiz kalan depremzedelere ula\u015ft\u0131r\u0131lmak i\u00e7in yap\u0131m\u0131 devam eden konteyner evlerin sevkiyat\u0131na ba\u015flan\u0131yor. K\u0131br\u0131s T\u00fcrk Dayan\u0131\u015fma Platformu\u2019nun karar\u0131yla yap\u0131m\u0131na ba\u015flanan \u2018K\u0131br\u0131s T\u00fcrk \u015eampiyon Melekler K\u00f6y\u00fc\u2019 i\u00e7in imal edilen konteyner evler Ma\u011fusa Liman\u0131\u2019na g\u00f6t\u00fcr\u00fclerek, \u0130skenderun\u2019a ula\u015ft\u0131r\u0131lacak. T\u00fcrkiye\u2019ye ilk teslimat\u0131n ise, 140 konteyner evin tamamlanmas\u0131n\u0131n ard\u0131ndan cuma g\u00fcn\u00fc yola \u00e7\u0131kmas\u0131 planlanan gemiyle yap\u0131lmas\u0131 \u00f6ng\u00f6r\u00fcl\u00fcyor.","og_url":"https:\/\/kibrisdakik.com\/?p=2327","article_published_time":"2023-02-28T06:27:54+00:00","og_image":[{"width":1654,"height":1010,"url":"https:\/\/kibrisdakik.com\/wp-content\/uploads\/2023\/02\/konteyner-haber-1-ero-2--740x420.jpg","type":"image\/jpeg"}],"author":"admin","twitter_card":"summary_large_image","twitter_misc":{"Yazan:":"admin","Tahmini okuma s\u00fcresi":"1 dakika"},"schema":{"@context":"https:\/\/schema.org","@graph":[{"@type":"Article","@id":"https:\/\/kibrisdakik.com\/?p=2327#article","isPartOf":{"@id":"https:\/\/kibrisdakik.com\/?p=2327"},"author":{"name":"admin","@id":"https:\/\/kibrisdakik.com\/#\/schema\/person\/9cd9d437bbb44f72b73ba127e06d8e79"},"headline":"Depremzedeler i\u00e7in yap\u0131lan konteyner evlerin sevkiyat\u0131na ba\u015flan\u0131yor","datePublished":"2023-02-28T06:27:54+00:00","mainEntityOfPage":{"@id":"https:\/\/kibrisdakik.com\/?p=2327"},"wordCount":117,"commentCount":0,"image":{"@id":"https:\/\/kibrisdakik.com\/?p=2327#primaryimage"},"thumbnailUrl":"https:\/\/kibrisdakik.com\/wp-content\/uploads\/2023\/02\/konteyner-haber-1-ero-2--740x420.jpg","articleSection":["G\u00fcndem"],"inLanguage":"tr","potentialAction":[{"@type":"CommentAction","name":"Comment","target":["https:\/\/kibrisdakik.com\/?p=2327#respond"]}]},{"@type":"WebPage","@id":"https:\/\/kibrisdakik.com\/?p=2327","url":"https:\/\/kibrisdakik.com\/?p=2327","name":"Depremzedeler i\u00e7in yap\u0131lan konteyner evlerin sevkiyat\u0131na ba\u015flan\u0131yor -","isPartOf":{"@id":"https:\/\/kibrisdakik.com\/#website"},"primaryImageOfPage":{"@id":"https:\/\/kibrisdakik.com\/?p=2327#primaryimage"},"image":{"@id":"https:\/\/kibrisdakik.com\/?p=2327#primaryimage"},"thumbnailUrl":"https:\/\/kibrisdakik.com\/wp-content\/uploads\/2023\/02\/konteyner-haber-1-ero-2--740x420.jpg","datePublished":"2023-02-28T06:27:54+00:00","author":{"@id":"https:\/\/kibrisdakik.com\/#\/schema\/person\/9cd9d437bbb44f72b73ba127e06d8e79"},"breadcrumb":{"@id":"https:\/\/kibrisdakik.com\/?p=2327#breadcrumb"},"inLanguage":"tr","potentialAction":[{"@type":"ReadAction","target":["https:\/\/kibrisdakik.com\/?p=2327"]}]},{"@type":"ImageObject","inLanguage":"tr","@id":"https:\/\/kibrisdakik.com\/?p=2327#primaryimage","url":"https:\/\/kibrisdakik.com\/wp-content\/uploads\/2023\/02\/konteyner-haber-1-ero-2--740x420.jpg","contentUrl":"https:\/\/kibrisdakik.com\/wp-content\/uploads\/2023\/02\/konteyner-haber-1-ero-2--740x420.jpg","width":1654,"height":1010},{"@type":"BreadcrumbList","@id":"https:\/\/kibrisdakik.com\/?p=2327#breadcrumb","itemListElement":[{"@type":"ListItem","position":1,"name":"Home","item":"https:\/\/kibrisdakik.com\/"},{"@type":"ListItem","position":2,"name":"Depremzedeler i\u00e7in yap\u0131lan konteyner evlerin sevkiyat\u0131na ba\u015flan\u0131yor"}]},{"@type":"WebSite","@id":"https:\/\/kibrisdakik.com\/#website","url":"https:\/\/kibrisdakik.com\/","name":"","description":"Tam vaktinde haber","potentialAction":[{"@type":"SearchAction","target":{"@type":"EntryPoint","urlTemplate":"https:\/\/kibrisdakik.com\/?s={search_term_string}"},"query-input":{"@type":"PropertyValueSpecification","valueRequired":true,"valueName":"search_term_string"}}],"inLanguage":"tr"},{"@type":"Person","@id":"https:\/\/kibrisdakik.com\/#\/schema\/person\/9cd9d437bbb44f72b73ba127e06d8e79","name":"admin","image":{"@type":"ImageObject","inLanguage":"tr","@id":"https:\/\/secure.gravatar.com\/avatar\/ccc17943b9d660506c869530f897617f7cb1c21a4bf30023f252596d83e1f007?s=96&d=mm&r=g","url":"https:\/\/secure.gravatar.com\/avatar\/ccc17943b9d660506c869530f897617f7cb1c21a4bf30023f252596d83e1f007?s=96&d=mm&r=g","contentUrl":"https:\/\/secure.gravatar.com\/avatar\/ccc17943b9d660506c869530f897617f7cb1c21a4bf30023f252596d83e1f007?s=96&d=mm&r=g","caption":"admin"},"sameAs":["https:\/\/kibrisdakik.com"],"url":"https:\/\/kibrisdakik.com\/?author=1"}]}},"_links":{"self":[{"href":"https:\/\/kibrisdakik.com\/index.php?rest_route=\/wp\/v2\/posts\/2327","targetHints":{"allow":["GET"]}}],"collection":[{"href":"https:\/\/kibrisdakik.com\/index.php?rest_route=\/wp\/v2\/posts"}],"about":[{"href":"https:\/\/kibrisdakik.com\/index.php?rest_route=\/wp\/v2\/types\/post"}],"author":[{"embeddable":true,"href":"https:\/\/kibrisdakik.com\/index.php?rest_route=\/wp\/v2\/users\/1"}],"replies":[{"embeddable":true,"href":"https:\/\/kibrisdakik.com\/index.php?rest_route=%2Fwp%2Fv2%2Fcomments&post=2327"}],"version-history":[{"count":0,"href":"https:\/\/kibrisdakik.com\/index.php?rest_route=\/wp\/v2\/posts\/2327\/revisions"}],"wp:featuredmedia":[{"embeddable":true,"href":"https:\/\/kibrisdakik.com\/index.php?rest_route=\/wp\/v2\/media\/2209"}],"wp:attachment":[{"href":"https:\/\/kibrisdakik.com\/index.php?rest_route=%2Fwp%2Fv2%2Fmedia&parent=2327"}],"wp:term":[{"taxonomy":"category","embeddable":true,"href":"https:\/\/kibrisdakik.com\/index.php?rest_route=%2Fwp%2Fv2%2Fcategories&post=2327"},{"taxonomy":"post_tag","embeddable":true,"href":"https:\/\/kibrisdakik.com\/index.php?rest_route=%2Fwp%2Fv2%2Ftags&post=2327"}],"curies":[{"name":"wp","href":"https:\/\/api.w.org\/{rel}","templated":true}]}}