{"id":23317,"date":"2023-12-22T10:09:51","date_gmt":"2023-12-22T10:09:51","guid":{"rendered":"https:\/\/kibrisdakik.com\/index.php\/2023\/12\/22\/vadilide-trafik-kazasi-47-yasindaki-yusuf-mert-hayatini-kaybetti\/"},"modified":"2023-12-22T10:09:51","modified_gmt":"2023-12-22T10:09:51","slug":"vadilide-trafik-kazasi-47-yasindaki-yusuf-mert-hayatini-kaybetti","status":"publish","type":"post","link":"https:\/\/kibrisdakik.com\/?p=23317","title":{"rendered":"Vadili\u2019de trafik kazas\u0131: 47 ya\u015f\u0131ndaki Yusuf Mert hayat\u0131n\u0131 kaybetti"},"content":{"rendered":"<p><img decoding=\"async\" src=\"https:\/\/www.kibristurk.com\/images\/haberler\/2023\/12\/vadilide-trafik-kazasi-47-yasindaki-yusuf-mert-hayatini-kaybetti-1703238577.webp\" \/><\/p>\n<p>Polis Bas\u0131n Subayl\u0131\u011f\u0131\u2019ndan yap\u0131lan a\u00e7\u0131klamaya g\u00f6re, d\u00fcn saat 12.30 s\u0131ralar\u0131nda, Vadili\u2019de Vatan Caddesi \u00fczerinde, Yusuf Mert (E-47) y\u00f6netimindeki DZ 730 plakal\u0131 ara\u00e7 ile bat\u0131 istikametine do\u011fru seyretti\u011fi s\u0131rada yol \u00fczerinde bulunan S Mar Market \u00f6nlerine geldi\u011finde, \u00f6n\u00fcnde ayn\u0131 istikamete do\u011fru seyreden ve s\u00f6z konusu markete d\u00f6nmek i\u00e7in sinyal verip yava\u015flayan Ahmet Kad\u0131 (E-76) y\u00f6netimindeki RJ 789 plakal\u0131 arac\u0131n sa\u011f arka k\u0131sm\u0131na \u00e7arpt\u0131ktan sonra, arac\u0131n\u0131 yol i\u00e7erisinde geriye do\u011fru hareket ettirip yolun solundaki kald\u0131r\u0131m \u00fczerinde park halinde bulunan UV 248 plakal\u0131 arac\u0131n sa\u011f arka k\u0131sm\u0131na \u00e7arpt\u0131 ve geriye gitmeye devam edip, markete ait park yerinin \u00e7evre duvar\u0131na da \u00e7arp\u0131p durdu.<\/p>\n<p>Kaza sonucu DZ 730 plakal\u0131 ara\u00e7 s\u00fcr\u00fcc\u00fcs\u00fc Yusuf Mert, kald\u0131r\u0131ld\u0131\u011f\u0131 Lefko\u015fa Dr. Burhan Nalbanto\u011flu Devlet Hastanesi\u2019nden Yak\u0131n Do\u011fu \u00dcniversitesi Hastanesi\u2019ne sevk edilmi\u015f olup, Koroner Yo\u011fun Bak\u0131m Servisi\u2019nde yap\u0131lan t\u00fcm m\u00fcdahalelere ra\u011fmen kurtar\u0131lamayarak ya\u015fam\u0131n\u0131 yitirdi.<\/p>\n<p>Yusuf Mert\u2019in \u00f6l\u00fcm sebebi yap\u0131lacak otopsi sonucunda tespit edilecek. Soru\u015fturma devam ediyor.<\/p>\n","protected":false},"excerpt":{"rendered":"<p>Polis Bas\u0131n Subayl\u0131\u011f\u0131\u2019ndan yap\u0131lan a\u00e7\u0131klamaya g\u00f6re, d\u00fcn saat 12.30 s\u0131ralar\u0131nda, Vadili\u2019de Vatan Caddesi \u00fczerinde, Yusuf Mert (E-47) y\u00f6netimindeki DZ 730 plakal\u0131 ara\u00e7 ile bat\u0131 istikametine do\u011fru seyretti\u011fi s\u0131rada yol \u00fczerinde bulunan S Mar Market \u00f6nlerine geldi\u011finde, \u00f6n\u00fcnde ayn\u0131 istikamete do\u011fru seyreden ve s\u00f6z konusu markete d\u00f6nmek i\u00e7in sinyal verip yava\u015flayan Ahmet Kad\u0131 (E-76) y\u00f6netimindeki RJ<\/p>\n","protected":false},"author":1,"featured_media":23318,"comment_status":"open","ping_status":"open","sticky":false,"template":"","format":"standard","meta":{"footnotes":""},"categories":[1],"tags":[],"class_list":["post-23317","post","type-post","status-publish","format-standard","has-post-thumbnail","hentry","category-gundem"],"yoast_head":"<!-- This site is optimized with the Yoast SEO plugin v27.4 - https:\/\/yoast.com\/product\/yoast-seo-wordpress\/ -->\n<title>Vadili\u2019de trafik kazas\u0131: 47 ya\u015f\u0131ndaki Yusuf Mert hayat\u0131n\u0131 kaybetti -<\/title>\n<meta name=\"robots\" content=\"index, follow, max-snippet:-1, max-image-preview:large, max-video-preview:-1\" \/>\n<link rel=\"canonical\" href=\"https:\/\/kibrisdakik.com\/?p=23317\" \/>\n<meta property=\"og:locale\" content=\"tr_TR\" \/>\n<meta property=\"og:type\" content=\"article\" \/>\n<meta property=\"og:title\" content=\"Vadili\u2019de trafik kazas\u0131: 47 ya\u015f\u0131ndaki Yusuf Mert hayat\u0131n\u0131 kaybetti -\" \/>\n<meta property=\"og:description\" content=\"Polis Bas\u0131n Subayl\u0131\u011f\u0131\u2019ndan yap\u0131lan a\u00e7\u0131klamaya g\u00f6re, d\u00fcn saat 12.30 s\u0131ralar\u0131nda, Vadili\u2019de Vatan Caddesi \u00fczerinde, Yusuf Mert (E-47) y\u00f6netimindeki DZ 730 plakal\u0131 ara\u00e7 ile bat\u0131 istikametine do\u011fru seyretti\u011fi s\u0131rada yol \u00fczerinde bulunan S Mar Market \u00f6nlerine geldi\u011finde, \u00f6n\u00fcnde ayn\u0131 istikamete do\u011fru seyreden ve s\u00f6z konusu markete d\u00f6nmek i\u00e7in sinyal verip yava\u015flayan Ahmet Kad\u0131 (E-76) y\u00f6netimindeki RJ\" \/>\n<meta property=\"og:url\" content=\"https:\/\/kibrisdakik.com\/?p=23317\" \/>\n<meta property=\"article:published_time\" content=\"2023-12-22T10:09:51+00:00\" \/>\n<meta property=\"og:image\" content=\"https:\/\/kibrisdakik.com\/wp-content\/uploads\/2023\/12\/vadilide-trafik-kazasi-47-yasindaki-yusuf-mert-hayatini-kaybetti-1703238577.webp.webp\" \/>\n\t<meta property=\"og:image:width\" content=\"710\" \/>\n\t<meta property=\"og:image:height\" content=\"370\" \/>\n\t<meta property=\"og:image:type\" content=\"image\/webp\" \/>\n<meta name=\"author\" content=\"admin\" \/>\n<meta name=\"twitter:card\" content=\"summary_large_image\" \/>\n<meta name=\"twitter:label1\" content=\"Yazan:\" \/>\n\t<meta name=\"twitter:data1\" content=\"admin\" \/>\n\t<meta name=\"twitter:label2\" content=\"Tahmini okuma s\u00fcresi\" \/>\n\t<meta name=\"twitter:data2\" content=\"1 dakika\" \/>\n<script type=\"application\/ld+json\" class=\"yoast-schema-graph\">{\"@context\":\"https:\\\/\\\/schema.org\",\"@graph\":[{\"@type\":\"Article\",\"@id\":\"https:\\\/\\\/kibrisdakik.com\\\/?p=23317#article\",\"isPartOf\":{\"@id\":\"https:\\\/\\\/kibrisdakik.com\\\/?p=23317\"},\"author\":{\"name\":\"admin\",\"@id\":\"https:\\\/\\\/kibrisdakik.com\\\/#\\\/schema\\\/person\\\/9cd9d437bbb44f72b73ba127e06d8e79\"},\"headline\":\"Vadili\u2019de trafik kazas\u0131: 47 ya\u015f\u0131ndaki Yusuf Mert hayat\u0131n\u0131 kaybetti\",\"datePublished\":\"2023-12-22T10:09:51+00:00\",\"mainEntityOfPage\":{\"@id\":\"https:\\\/\\\/kibrisdakik.com\\\/?p=23317\"},\"wordCount\":211,\"commentCount\":0,\"image\":{\"@id\":\"https:\\\/\\\/kibrisdakik.com\\\/?p=23317#primaryimage\"},\"thumbnailUrl\":\"https:\\\/\\\/kibrisdakik.com\\\/wp-content\\\/uploads\\\/2023\\\/12\\\/vadilide-trafik-kazasi-47-yasindaki-yusuf-mert-hayatini-kaybetti-1703238577.webp.webp\",\"articleSection\":[\"G\u00fcndem\"],\"inLanguage\":\"tr\",\"potentialAction\":[{\"@type\":\"CommentAction\",\"name\":\"Comment\",\"target\":[\"https:\\\/\\\/kibrisdakik.com\\\/?p=23317#respond\"]}]},{\"@type\":\"WebPage\",\"@id\":\"https:\\\/\\\/kibrisdakik.com\\\/?p=23317\",\"url\":\"https:\\\/\\\/kibrisdakik.com\\\/?p=23317\",\"name\":\"Vadili\u2019de trafik kazas\u0131: 47 ya\u015f\u0131ndaki Yusuf Mert hayat\u0131n\u0131 kaybetti -\",\"isPartOf\":{\"@id\":\"https:\\\/\\\/kibrisdakik.com\\\/#website\"},\"primaryImageOfPage\":{\"@id\":\"https:\\\/\\\/kibrisdakik.com\\\/?p=23317#primaryimage\"},\"image\":{\"@id\":\"https:\\\/\\\/kibrisdakik.com\\\/?p=23317#primaryimage\"},\"thumbnailUrl\":\"https:\\\/\\\/kibrisdakik.com\\\/wp-content\\\/uploads\\\/2023\\\/12\\\/vadilide-trafik-kazasi-47-yasindaki-yusuf-mert-hayatini-kaybetti-1703238577.webp.webp\",\"datePublished\":\"2023-12-22T10:09:51+00:00\",\"author\":{\"@id\":\"https:\\\/\\\/kibrisdakik.com\\\/#\\\/schema\\\/person\\\/9cd9d437bbb44f72b73ba127e06d8e79\"},\"breadcrumb\":{\"@id\":\"https:\\\/\\\/kibrisdakik.com\\\/?p=23317#breadcrumb\"},\"inLanguage\":\"tr\",\"potentialAction\":[{\"@type\":\"ReadAction\",\"target\":[\"https:\\\/\\\/kibrisdakik.com\\\/?p=23317\"]}]},{\"@type\":\"ImageObject\",\"inLanguage\":\"tr\",\"@id\":\"https:\\\/\\\/kibrisdakik.com\\\/?p=23317#primaryimage\",\"url\":\"https:\\\/\\\/kibrisdakik.com\\\/wp-content\\\/uploads\\\/2023\\\/12\\\/vadilide-trafik-kazasi-47-yasindaki-yusuf-mert-hayatini-kaybetti-1703238577.webp.webp\",\"contentUrl\":\"https:\\\/\\\/kibrisdakik.com\\\/wp-content\\\/uploads\\\/2023\\\/12\\\/vadilide-trafik-kazasi-47-yasindaki-yusuf-mert-hayatini-kaybetti-1703238577.webp.webp\",\"width\":710,\"height\":370},{\"@type\":\"BreadcrumbList\",\"@id\":\"https:\\\/\\\/kibrisdakik.com\\\/?p=23317#breadcrumb\",\"itemListElement\":[{\"@type\":\"ListItem\",\"position\":1,\"name\":\"Home\",\"item\":\"https:\\\/\\\/kibrisdakik.com\\\/\"},{\"@type\":\"ListItem\",\"position\":2,\"name\":\"Vadili\u2019de trafik kazas\u0131: 47 ya\u015f\u0131ndaki Yusuf Mert hayat\u0131n\u0131 kaybetti\"}]},{\"@type\":\"WebSite\",\"@id\":\"https:\\\/\\\/kibrisdakik.com\\\/#website\",\"url\":\"https:\\\/\\\/kibrisdakik.com\\\/\",\"name\":\"\",\"description\":\"Tam vaktinde haber\",\"potentialAction\":[{\"@type\":\"SearchAction\",\"target\":{\"@type\":\"EntryPoint\",\"urlTemplate\":\"https:\\\/\\\/kibrisdakik.com\\\/?s={search_term_string}\"},\"query-input\":{\"@type\":\"PropertyValueSpecification\",\"valueRequired\":true,\"valueName\":\"search_term_string\"}}],\"inLanguage\":\"tr\"},{\"@type\":\"Person\",\"@id\":\"https:\\\/\\\/kibrisdakik.com\\\/#\\\/schema\\\/person\\\/9cd9d437bbb44f72b73ba127e06d8e79\",\"name\":\"admin\",\"image\":{\"@type\":\"ImageObject\",\"inLanguage\":\"tr\",\"@id\":\"https:\\\/\\\/secure.gravatar.com\\\/avatar\\\/ccc17943b9d660506c869530f897617f7cb1c21a4bf30023f252596d83e1f007?s=96&d=mm&r=g\",\"url\":\"https:\\\/\\\/secure.gravatar.com\\\/avatar\\\/ccc17943b9d660506c869530f897617f7cb1c21a4bf30023f252596d83e1f007?s=96&d=mm&r=g\",\"contentUrl\":\"https:\\\/\\\/secure.gravatar.com\\\/avatar\\\/ccc17943b9d660506c869530f897617f7cb1c21a4bf30023f252596d83e1f007?s=96&d=mm&r=g\",\"caption\":\"admin\"},\"sameAs\":[\"https:\\\/\\\/kibrisdakik.com\"],\"url\":\"https:\\\/\\\/kibrisdakik.com\\\/?author=1\"}]}<\/script>\n<!-- \/ Yoast SEO plugin. -->","yoast_head_json":{"title":"Vadili\u2019de trafik kazas\u0131: 47 ya\u015f\u0131ndaki Yusuf Mert hayat\u0131n\u0131 kaybetti -","robots":{"index":"index","follow":"follow","max-snippet":"max-snippet:-1","max-image-preview":"max-image-preview:large","max-video-preview":"max-video-preview:-1"},"canonical":"https:\/\/kibrisdakik.com\/?p=23317","og_locale":"tr_TR","og_type":"article","og_title":"Vadili\u2019de trafik kazas\u0131: 47 ya\u015f\u0131ndaki Yusuf Mert hayat\u0131n\u0131 kaybetti -","og_description":"Polis Bas\u0131n Subayl\u0131\u011f\u0131\u2019ndan yap\u0131lan a\u00e7\u0131klamaya g\u00f6re, d\u00fcn saat 12.30 s\u0131ralar\u0131nda, Vadili\u2019de Vatan Caddesi \u00fczerinde, Yusuf Mert (E-47) y\u00f6netimindeki DZ 730 plakal\u0131 ara\u00e7 ile bat\u0131 istikametine do\u011fru seyretti\u011fi s\u0131rada yol \u00fczerinde bulunan S Mar Market \u00f6nlerine geldi\u011finde, \u00f6n\u00fcnde ayn\u0131 istikamete do\u011fru seyreden ve s\u00f6z konusu markete d\u00f6nmek i\u00e7in sinyal verip yava\u015flayan Ahmet Kad\u0131 (E-76) y\u00f6netimindeki RJ","og_url":"https:\/\/kibrisdakik.com\/?p=23317","article_published_time":"2023-12-22T10:09:51+00:00","og_image":[{"width":710,"height":370,"url":"https:\/\/kibrisdakik.com\/wp-content\/uploads\/2023\/12\/vadilide-trafik-kazasi-47-yasindaki-yusuf-mert-hayatini-kaybetti-1703238577.webp.webp","type":"image\/webp"}],"author":"admin","twitter_card":"summary_large_image","twitter_misc":{"Yazan:":"admin","Tahmini okuma s\u00fcresi":"1 dakika"},"schema":{"@context":"https:\/\/schema.org","@graph":[{"@type":"Article","@id":"https:\/\/kibrisdakik.com\/?p=23317#article","isPartOf":{"@id":"https:\/\/kibrisdakik.com\/?p=23317"},"author":{"name":"admin","@id":"https:\/\/kibrisdakik.com\/#\/schema\/person\/9cd9d437bbb44f72b73ba127e06d8e79"},"headline":"Vadili\u2019de trafik kazas\u0131: 47 ya\u015f\u0131ndaki Yusuf Mert hayat\u0131n\u0131 kaybetti","datePublished":"2023-12-22T10:09:51+00:00","mainEntityOfPage":{"@id":"https:\/\/kibrisdakik.com\/?p=23317"},"wordCount":211,"commentCount":0,"image":{"@id":"https:\/\/kibrisdakik.com\/?p=23317#primaryimage"},"thumbnailUrl":"https:\/\/kibrisdakik.com\/wp-content\/uploads\/2023\/12\/vadilide-trafik-kazasi-47-yasindaki-yusuf-mert-hayatini-kaybetti-1703238577.webp.webp","articleSection":["G\u00fcndem"],"inLanguage":"tr","potentialAction":[{"@type":"CommentAction","name":"Comment","target":["https:\/\/kibrisdakik.com\/?p=23317#respond"]}]},{"@type":"WebPage","@id":"https:\/\/kibrisdakik.com\/?p=23317","url":"https:\/\/kibrisdakik.com\/?p=23317","name":"Vadili\u2019de trafik kazas\u0131: 47 ya\u015f\u0131ndaki Yusuf Mert hayat\u0131n\u0131 kaybetti -","isPartOf":{"@id":"https:\/\/kibrisdakik.com\/#website"},"primaryImageOfPage":{"@id":"https:\/\/kibrisdakik.com\/?p=23317#primaryimage"},"image":{"@id":"https:\/\/kibrisdakik.com\/?p=23317#primaryimage"},"thumbnailUrl":"https:\/\/kibrisdakik.com\/wp-content\/uploads\/2023\/12\/vadilide-trafik-kazasi-47-yasindaki-yusuf-mert-hayatini-kaybetti-1703238577.webp.webp","datePublished":"2023-12-22T10:09:51+00:00","author":{"@id":"https:\/\/kibrisdakik.com\/#\/schema\/person\/9cd9d437bbb44f72b73ba127e06d8e79"},"breadcrumb":{"@id":"https:\/\/kibrisdakik.com\/?p=23317#breadcrumb"},"inLanguage":"tr","potentialAction":[{"@type":"ReadAction","target":["https:\/\/kibrisdakik.com\/?p=23317"]}]},{"@type":"ImageObject","inLanguage":"tr","@id":"https:\/\/kibrisdakik.com\/?p=23317#primaryimage","url":"https:\/\/kibrisdakik.com\/wp-content\/uploads\/2023\/12\/vadilide-trafik-kazasi-47-yasindaki-yusuf-mert-hayatini-kaybetti-1703238577.webp.webp","contentUrl":"https:\/\/kibrisdakik.com\/wp-content\/uploads\/2023\/12\/vadilide-trafik-kazasi-47-yasindaki-yusuf-mert-hayatini-kaybetti-1703238577.webp.webp","width":710,"height":370},{"@type":"BreadcrumbList","@id":"https:\/\/kibrisdakik.com\/?p=23317#breadcrumb","itemListElement":[{"@type":"ListItem","position":1,"name":"Home","item":"https:\/\/kibrisdakik.com\/"},{"@type":"ListItem","position":2,"name":"Vadili\u2019de trafik kazas\u0131: 47 ya\u015f\u0131ndaki Yusuf Mert hayat\u0131n\u0131 kaybetti"}]},{"@type":"WebSite","@id":"https:\/\/kibrisdakik.com\/#website","url":"https:\/\/kibrisdakik.com\/","name":"","description":"Tam vaktinde haber","potentialAction":[{"@type":"SearchAction","target":{"@type":"EntryPoint","urlTemplate":"https:\/\/kibrisdakik.com\/?s={search_term_string}"},"query-input":{"@type":"PropertyValueSpecification","valueRequired":true,"valueName":"search_term_string"}}],"inLanguage":"tr"},{"@type":"Person","@id":"https:\/\/kibrisdakik.com\/#\/schema\/person\/9cd9d437bbb44f72b73ba127e06d8e79","name":"admin","image":{"@type":"ImageObject","inLanguage":"tr","@id":"https:\/\/secure.gravatar.com\/avatar\/ccc17943b9d660506c869530f897617f7cb1c21a4bf30023f252596d83e1f007?s=96&d=mm&r=g","url":"https:\/\/secure.gravatar.com\/avatar\/ccc17943b9d660506c869530f897617f7cb1c21a4bf30023f252596d83e1f007?s=96&d=mm&r=g","contentUrl":"https:\/\/secure.gravatar.com\/avatar\/ccc17943b9d660506c869530f897617f7cb1c21a4bf30023f252596d83e1f007?s=96&d=mm&r=g","caption":"admin"},"sameAs":["https:\/\/kibrisdakik.com"],"url":"https:\/\/kibrisdakik.com\/?author=1"}]}},"_links":{"self":[{"href":"https:\/\/kibrisdakik.com\/index.php?rest_route=\/wp\/v2\/posts\/23317","targetHints":{"allow":["GET"]}}],"collection":[{"href":"https:\/\/kibrisdakik.com\/index.php?rest_route=\/wp\/v2\/posts"}],"about":[{"href":"https:\/\/kibrisdakik.com\/index.php?rest_route=\/wp\/v2\/types\/post"}],"author":[{"embeddable":true,"href":"https:\/\/kibrisdakik.com\/index.php?rest_route=\/wp\/v2\/users\/1"}],"replies":[{"embeddable":true,"href":"https:\/\/kibrisdakik.com\/index.php?rest_route=%2Fwp%2Fv2%2Fcomments&post=23317"}],"version-history":[{"count":0,"href":"https:\/\/kibrisdakik.com\/index.php?rest_route=\/wp\/v2\/posts\/23317\/revisions"}],"wp:featuredmedia":[{"embeddable":true,"href":"https:\/\/kibrisdakik.com\/index.php?rest_route=\/wp\/v2\/media\/23318"}],"wp:attachment":[{"href":"https:\/\/kibrisdakik.com\/index.php?rest_route=%2Fwp%2Fv2%2Fmedia&parent=23317"}],"wp:term":[{"taxonomy":"category","embeddable":true,"href":"https:\/\/kibrisdakik.com\/index.php?rest_route=%2Fwp%2Fv2%2Fcategories&post=23317"},{"taxonomy":"post_tag","embeddable":true,"href":"https:\/\/kibrisdakik.com\/index.php?rest_route=%2Fwp%2Fv2%2Ftags&post=23317"}],"curies":[{"name":"wp","href":"https:\/\/api.w.org\/{rel}","templated":true}]}}