{"id":23461,"date":"2023-12-23T11:19:03","date_gmt":"2023-12-23T11:19:03","guid":{"rendered":"https:\/\/kibrisdakik.com\/index.php\/2023\/12\/23\/gecici-personelimiz-ilk-defa-13uncu-maas-aldi\/"},"modified":"2023-12-23T11:19:03","modified_gmt":"2023-12-23T11:19:03","slug":"gecici-personelimiz-ilk-defa-13uncu-maas-aldi","status":"publish","type":"post","link":"https:\/\/kibrisdakik.com\/?p=23461","title":{"rendered":"\u201cGe\u00e7ici personelimiz ilk defa 13\u2019\u00fcnc\u00fc maa\u015f ald\u0131\u201d"},"content":{"rendered":"<p><img decoding=\"async\" src=\"https:\/\/www.kibristurk.com\/images\/haberler\/2023\/12\/gecici-personelimiz-ilk-defa-13uncu-maas-aldi-1703328858.webp\" \/><\/p>\n<p style=\"text-align:start\"><span style=\"font-size:11pt\"><span style=\"color:#222222\"><span style=\"background-color:#ffffff\"><span style=\"font-family:Calibri,sans-serif\"><span style=\"font-size:13pt\">Mehmet\u00e7ik B\u00fcy\u00fckkonuk Belediye Ba\u015fkan\u0131 Dr. Fatma \u00c7imen Tu\u011flu, belediyede \u00e7al\u0131\u015fan ve daimi i\u015f\u00e7i kadrosunda olmayan s\u00f6zle\u015fmeli 24 ge\u00e7ici personelin ilk defa 13\u2019\u00fcnc\u00fc maa\u015flar\u0131n\u0131 ald\u0131klar\u0131n\u0131 a\u00e7\u0131klad\u0131.<\/span><\/span><\/span><\/span><\/span><\/p>\n<p style=\"text-align:start\"><span style=\"font-size:11pt\"><span style=\"color:#222222\"><span style=\"background-color:#ffffff\"><span style=\"font-family:Calibri,sans-serif\"><span style=\"font-size:13pt\">Asgari \u00fccretle \u00e7al\u0131\u015fan ge\u00e7ici personellerin ge\u00e7mi\u015f d\u00f6nemlerde bayram \u00f6dene\u011fi, 13\u2019n\u00fcc\u00fc maa\u015f gibi haklardan yararlanamad\u0131klar\u0131n\u0131 kaydeden Fatma \u00c7imen Tu\u011flu, ge\u00e7ici personellerin Toplu \u0130\u015f S\u00f6zle\u015fmesine dahil olmad\u0131\u011f\u0131n\u0131 belirterek, \u201cHerkesin e\u015fit olmas\u0131 benim i\u00e7in \u00e7ok \u00f6nemli. Belediyemizin imkanlar\u0131yla, yasalara uygun bir \u015fekilde ara\u015ft\u0131rarak ge\u00e7ici personelimizin 13\u2019\u00fcnc\u00fc maa\u015flar\u0131n\u0131 \u00f6dedik. Aralar\u0131nda 10 y\u0131ld\u0131r belediyede \u00e7al\u0131\u015fan personelimiz de var. Bayram \u00f6denekleri dahi alam\u0131yorlard\u0131 biz yard\u0131m \u015feklinde onlar\u0131 da \u00f6demi\u015ftik. \u0130lk defa 13\u2019\u00fcnc\u00fc maa\u015f alan ge\u00e7ici personelimiz \u00e7ok mutlu oldu, dolay\u0131s\u0131yla onlar mutlu olunca ben de mutlu oldum\u201d dedi.<\/span><\/span><\/span><\/span><\/span><\/p>\n<p style=\"text-align:start\"><span style=\"font-size:11pt\"><span style=\"color:#222222\"><span style=\"background-color:#ffffff\"><span style=\"font-family:Calibri,sans-serif\"><span style=\"font-size:13pt\">Fatma \u00c7imen Tu\u011flu, belediyenin mali yap\u0131s\u0131n\u0131n g\u00fcnden g\u00fcne iyiye gitti\u011fini de kaydederek, \u201cBor\u00e7 bata\u011f\u0131nda bir belediye devralm\u0131\u015ft\u0131k ancak \u015fu an bor\u00e7 y\u00fck\u00fcn\u00fc olduk\u00e7a azaltm\u0131\u015f durumday\u0131z. \u00d6te yandan t\u00fcm belediye \u00e7al\u0131\u015fanlar\u0131m\u0131z\u0131n maa\u015flar\u0131n\u0131 ve 13\u2019\u00fcnc\u00fc maa\u015flar\u0131n\u0131 aksatmadan \u00f6deyebiliyoruz. Yat\u0131r\u0131mlar\u0131n\u0131 da aksatm\u0131yoruz\u201d dedi.&nbsp;<\/span><\/span><\/span><\/span><\/span><\/p>\n","protected":false},"excerpt":{"rendered":"<p>Mehmet\u00e7ik B\u00fcy\u00fckkonuk Belediye Ba\u015fkan\u0131 Dr. Fatma \u00c7imen Tu\u011flu, belediyede \u00e7al\u0131\u015fan ve daimi i\u015f\u00e7i kadrosunda olmayan s\u00f6zle\u015fmeli 24 ge\u00e7ici personelin ilk defa 13\u2019\u00fcnc\u00fc maa\u015flar\u0131n\u0131 ald\u0131klar\u0131n\u0131 a\u00e7\u0131klad\u0131. Asgari \u00fccretle \u00e7al\u0131\u015fan ge\u00e7ici personellerin ge\u00e7mi\u015f d\u00f6nemlerde bayram \u00f6dene\u011fi, 13\u2019n\u00fcc\u00fc maa\u015f gibi haklardan yararlanamad\u0131klar\u0131n\u0131 kaydeden Fatma \u00c7imen Tu\u011flu, ge\u00e7ici personellerin Toplu \u0130\u015f S\u00f6zle\u015fmesine dahil olmad\u0131\u011f\u0131n\u0131 belirterek, \u201cHerkesin e\u015fit olmas\u0131 benim<\/p>\n","protected":false},"author":1,"featured_media":23462,"comment_status":"open","ping_status":"open","sticky":false,"template":"","format":"standard","meta":{"footnotes":""},"categories":[79],"tags":[],"class_list":["post-23461","post","type-post","status-publish","format-standard","has-post-thumbnail","hentry","category-ekonomi"],"yoast_head":"<!-- This site is optimized with the Yoast SEO plugin v27.4 - https:\/\/yoast.com\/product\/yoast-seo-wordpress\/ -->\n<title>\u201cGe\u00e7ici personelimiz ilk defa 13\u2019\u00fcnc\u00fc maa\u015f ald\u0131\u201d -<\/title>\n<meta name=\"robots\" content=\"index, follow, max-snippet:-1, max-image-preview:large, max-video-preview:-1\" \/>\n<link rel=\"canonical\" href=\"https:\/\/kibrisdakik.com\/?p=23461\" \/>\n<meta property=\"og:locale\" content=\"tr_TR\" \/>\n<meta property=\"og:type\" content=\"article\" \/>\n<meta property=\"og:title\" content=\"\u201cGe\u00e7ici personelimiz ilk defa 13\u2019\u00fcnc\u00fc maa\u015f ald\u0131\u201d -\" \/>\n<meta property=\"og:description\" content=\"Mehmet\u00e7ik B\u00fcy\u00fckkonuk Belediye Ba\u015fkan\u0131 Dr. Fatma \u00c7imen Tu\u011flu, belediyede \u00e7al\u0131\u015fan ve daimi i\u015f\u00e7i kadrosunda olmayan s\u00f6zle\u015fmeli 24 ge\u00e7ici personelin ilk defa 13\u2019\u00fcnc\u00fc maa\u015flar\u0131n\u0131 ald\u0131klar\u0131n\u0131 a\u00e7\u0131klad\u0131. Asgari \u00fccretle \u00e7al\u0131\u015fan ge\u00e7ici personellerin ge\u00e7mi\u015f d\u00f6nemlerde bayram \u00f6dene\u011fi, 13\u2019n\u00fcc\u00fc maa\u015f gibi haklardan yararlanamad\u0131klar\u0131n\u0131 kaydeden Fatma \u00c7imen Tu\u011flu, ge\u00e7ici personellerin Toplu \u0130\u015f S\u00f6zle\u015fmesine dahil olmad\u0131\u011f\u0131n\u0131 belirterek, \u201cHerkesin e\u015fit olmas\u0131 benim\" \/>\n<meta property=\"og:url\" content=\"https:\/\/kibrisdakik.com\/?p=23461\" \/>\n<meta property=\"article:published_time\" content=\"2023-12-23T11:19:03+00:00\" \/>\n<meta property=\"og:image\" content=\"https:\/\/kibrisdakik.com\/wp-content\/uploads\/2023\/12\/gecici-personelimiz-ilk-defa-13uncu-maas-aldi-1703328858.webp.webp\" \/>\n\t<meta property=\"og:image:width\" content=\"710\" \/>\n\t<meta property=\"og:image:height\" content=\"370\" \/>\n\t<meta property=\"og:image:type\" content=\"image\/webp\" \/>\n<meta name=\"author\" content=\"admin\" \/>\n<meta name=\"twitter:card\" content=\"summary_large_image\" \/>\n<meta name=\"twitter:label1\" content=\"Yazan:\" \/>\n\t<meta name=\"twitter:data1\" content=\"admin\" \/>\n\t<meta name=\"twitter:label2\" content=\"Tahmini okuma s\u00fcresi\" \/>\n\t<meta name=\"twitter:data2\" content=\"1 dakika\" \/>\n<script type=\"application\/ld+json\" class=\"yoast-schema-graph\">{\"@context\":\"https:\\\/\\\/schema.org\",\"@graph\":[{\"@type\":\"Article\",\"@id\":\"https:\\\/\\\/kibrisdakik.com\\\/?p=23461#article\",\"isPartOf\":{\"@id\":\"https:\\\/\\\/kibrisdakik.com\\\/?p=23461\"},\"author\":{\"name\":\"admin\",\"@id\":\"https:\\\/\\\/kibrisdakik.com\\\/#\\\/schema\\\/person\\\/9cd9d437bbb44f72b73ba127e06d8e79\"},\"headline\":\"\u201cGe\u00e7ici personelimiz ilk defa 13\u2019\u00fcnc\u00fc maa\u015f ald\u0131\u201d\",\"datePublished\":\"2023-12-23T11:19:03+00:00\",\"mainEntityOfPage\":{\"@id\":\"https:\\\/\\\/kibrisdakik.com\\\/?p=23461\"},\"wordCount\":226,\"commentCount\":0,\"image\":{\"@id\":\"https:\\\/\\\/kibrisdakik.com\\\/?p=23461#primaryimage\"},\"thumbnailUrl\":\"https:\\\/\\\/kibrisdakik.com\\\/wp-content\\\/uploads\\\/2023\\\/12\\\/gecici-personelimiz-ilk-defa-13uncu-maas-aldi-1703328858.webp.webp\",\"articleSection\":[\"Ekonomi\"],\"inLanguage\":\"tr\",\"potentialAction\":[{\"@type\":\"CommentAction\",\"name\":\"Comment\",\"target\":[\"https:\\\/\\\/kibrisdakik.com\\\/?p=23461#respond\"]}]},{\"@type\":\"WebPage\",\"@id\":\"https:\\\/\\\/kibrisdakik.com\\\/?p=23461\",\"url\":\"https:\\\/\\\/kibrisdakik.com\\\/?p=23461\",\"name\":\"\u201cGe\u00e7ici personelimiz ilk defa 13\u2019\u00fcnc\u00fc maa\u015f ald\u0131\u201d -\",\"isPartOf\":{\"@id\":\"https:\\\/\\\/kibrisdakik.com\\\/#website\"},\"primaryImageOfPage\":{\"@id\":\"https:\\\/\\\/kibrisdakik.com\\\/?p=23461#primaryimage\"},\"image\":{\"@id\":\"https:\\\/\\\/kibrisdakik.com\\\/?p=23461#primaryimage\"},\"thumbnailUrl\":\"https:\\\/\\\/kibrisdakik.com\\\/wp-content\\\/uploads\\\/2023\\\/12\\\/gecici-personelimiz-ilk-defa-13uncu-maas-aldi-1703328858.webp.webp\",\"datePublished\":\"2023-12-23T11:19:03+00:00\",\"author\":{\"@id\":\"https:\\\/\\\/kibrisdakik.com\\\/#\\\/schema\\\/person\\\/9cd9d437bbb44f72b73ba127e06d8e79\"},\"breadcrumb\":{\"@id\":\"https:\\\/\\\/kibrisdakik.com\\\/?p=23461#breadcrumb\"},\"inLanguage\":\"tr\",\"potentialAction\":[{\"@type\":\"ReadAction\",\"target\":[\"https:\\\/\\\/kibrisdakik.com\\\/?p=23461\"]}]},{\"@type\":\"ImageObject\",\"inLanguage\":\"tr\",\"@id\":\"https:\\\/\\\/kibrisdakik.com\\\/?p=23461#primaryimage\",\"url\":\"https:\\\/\\\/kibrisdakik.com\\\/wp-content\\\/uploads\\\/2023\\\/12\\\/gecici-personelimiz-ilk-defa-13uncu-maas-aldi-1703328858.webp.webp\",\"contentUrl\":\"https:\\\/\\\/kibrisdakik.com\\\/wp-content\\\/uploads\\\/2023\\\/12\\\/gecici-personelimiz-ilk-defa-13uncu-maas-aldi-1703328858.webp.webp\",\"width\":710,\"height\":370},{\"@type\":\"BreadcrumbList\",\"@id\":\"https:\\\/\\\/kibrisdakik.com\\\/?p=23461#breadcrumb\",\"itemListElement\":[{\"@type\":\"ListItem\",\"position\":1,\"name\":\"Home\",\"item\":\"https:\\\/\\\/kibrisdakik.com\\\/\"},{\"@type\":\"ListItem\",\"position\":2,\"name\":\"\u201cGe\u00e7ici personelimiz ilk defa 13\u2019\u00fcnc\u00fc maa\u015f ald\u0131\u201d\"}]},{\"@type\":\"WebSite\",\"@id\":\"https:\\\/\\\/kibrisdakik.com\\\/#website\",\"url\":\"https:\\\/\\\/kibrisdakik.com\\\/\",\"name\":\"\",\"description\":\"Tam vaktinde haber\",\"potentialAction\":[{\"@type\":\"SearchAction\",\"target\":{\"@type\":\"EntryPoint\",\"urlTemplate\":\"https:\\\/\\\/kibrisdakik.com\\\/?s={search_term_string}\"},\"query-input\":{\"@type\":\"PropertyValueSpecification\",\"valueRequired\":true,\"valueName\":\"search_term_string\"}}],\"inLanguage\":\"tr\"},{\"@type\":\"Person\",\"@id\":\"https:\\\/\\\/kibrisdakik.com\\\/#\\\/schema\\\/person\\\/9cd9d437bbb44f72b73ba127e06d8e79\",\"name\":\"admin\",\"image\":{\"@type\":\"ImageObject\",\"inLanguage\":\"tr\",\"@id\":\"https:\\\/\\\/secure.gravatar.com\\\/avatar\\\/ccc17943b9d660506c869530f897617f7cb1c21a4bf30023f252596d83e1f007?s=96&d=mm&r=g\",\"url\":\"https:\\\/\\\/secure.gravatar.com\\\/avatar\\\/ccc17943b9d660506c869530f897617f7cb1c21a4bf30023f252596d83e1f007?s=96&d=mm&r=g\",\"contentUrl\":\"https:\\\/\\\/secure.gravatar.com\\\/avatar\\\/ccc17943b9d660506c869530f897617f7cb1c21a4bf30023f252596d83e1f007?s=96&d=mm&r=g\",\"caption\":\"admin\"},\"sameAs\":[\"https:\\\/\\\/kibrisdakik.com\"],\"url\":\"https:\\\/\\\/kibrisdakik.com\\\/?author=1\"}]}<\/script>\n<!-- \/ Yoast SEO plugin. -->","yoast_head_json":{"title":"\u201cGe\u00e7ici personelimiz ilk defa 13\u2019\u00fcnc\u00fc maa\u015f ald\u0131\u201d -","robots":{"index":"index","follow":"follow","max-snippet":"max-snippet:-1","max-image-preview":"max-image-preview:large","max-video-preview":"max-video-preview:-1"},"canonical":"https:\/\/kibrisdakik.com\/?p=23461","og_locale":"tr_TR","og_type":"article","og_title":"\u201cGe\u00e7ici personelimiz ilk defa 13\u2019\u00fcnc\u00fc maa\u015f ald\u0131\u201d -","og_description":"Mehmet\u00e7ik B\u00fcy\u00fckkonuk Belediye Ba\u015fkan\u0131 Dr. Fatma \u00c7imen Tu\u011flu, belediyede \u00e7al\u0131\u015fan ve daimi i\u015f\u00e7i kadrosunda olmayan s\u00f6zle\u015fmeli 24 ge\u00e7ici personelin ilk defa 13\u2019\u00fcnc\u00fc maa\u015flar\u0131n\u0131 ald\u0131klar\u0131n\u0131 a\u00e7\u0131klad\u0131. Asgari \u00fccretle \u00e7al\u0131\u015fan ge\u00e7ici personellerin ge\u00e7mi\u015f d\u00f6nemlerde bayram \u00f6dene\u011fi, 13\u2019n\u00fcc\u00fc maa\u015f gibi haklardan yararlanamad\u0131klar\u0131n\u0131 kaydeden Fatma \u00c7imen Tu\u011flu, ge\u00e7ici personellerin Toplu \u0130\u015f S\u00f6zle\u015fmesine dahil olmad\u0131\u011f\u0131n\u0131 belirterek, \u201cHerkesin e\u015fit olmas\u0131 benim","og_url":"https:\/\/kibrisdakik.com\/?p=23461","article_published_time":"2023-12-23T11:19:03+00:00","og_image":[{"width":710,"height":370,"url":"https:\/\/kibrisdakik.com\/wp-content\/uploads\/2023\/12\/gecici-personelimiz-ilk-defa-13uncu-maas-aldi-1703328858.webp.webp","type":"image\/webp"}],"author":"admin","twitter_card":"summary_large_image","twitter_misc":{"Yazan:":"admin","Tahmini okuma s\u00fcresi":"1 dakika"},"schema":{"@context":"https:\/\/schema.org","@graph":[{"@type":"Article","@id":"https:\/\/kibrisdakik.com\/?p=23461#article","isPartOf":{"@id":"https:\/\/kibrisdakik.com\/?p=23461"},"author":{"name":"admin","@id":"https:\/\/kibrisdakik.com\/#\/schema\/person\/9cd9d437bbb44f72b73ba127e06d8e79"},"headline":"\u201cGe\u00e7ici personelimiz ilk defa 13\u2019\u00fcnc\u00fc maa\u015f ald\u0131\u201d","datePublished":"2023-12-23T11:19:03+00:00","mainEntityOfPage":{"@id":"https:\/\/kibrisdakik.com\/?p=23461"},"wordCount":226,"commentCount":0,"image":{"@id":"https:\/\/kibrisdakik.com\/?p=23461#primaryimage"},"thumbnailUrl":"https:\/\/kibrisdakik.com\/wp-content\/uploads\/2023\/12\/gecici-personelimiz-ilk-defa-13uncu-maas-aldi-1703328858.webp.webp","articleSection":["Ekonomi"],"inLanguage":"tr","potentialAction":[{"@type":"CommentAction","name":"Comment","target":["https:\/\/kibrisdakik.com\/?p=23461#respond"]}]},{"@type":"WebPage","@id":"https:\/\/kibrisdakik.com\/?p=23461","url":"https:\/\/kibrisdakik.com\/?p=23461","name":"\u201cGe\u00e7ici personelimiz ilk defa 13\u2019\u00fcnc\u00fc maa\u015f ald\u0131\u201d -","isPartOf":{"@id":"https:\/\/kibrisdakik.com\/#website"},"primaryImageOfPage":{"@id":"https:\/\/kibrisdakik.com\/?p=23461#primaryimage"},"image":{"@id":"https:\/\/kibrisdakik.com\/?p=23461#primaryimage"},"thumbnailUrl":"https:\/\/kibrisdakik.com\/wp-content\/uploads\/2023\/12\/gecici-personelimiz-ilk-defa-13uncu-maas-aldi-1703328858.webp.webp","datePublished":"2023-12-23T11:19:03+00:00","author":{"@id":"https:\/\/kibrisdakik.com\/#\/schema\/person\/9cd9d437bbb44f72b73ba127e06d8e79"},"breadcrumb":{"@id":"https:\/\/kibrisdakik.com\/?p=23461#breadcrumb"},"inLanguage":"tr","potentialAction":[{"@type":"ReadAction","target":["https:\/\/kibrisdakik.com\/?p=23461"]}]},{"@type":"ImageObject","inLanguage":"tr","@id":"https:\/\/kibrisdakik.com\/?p=23461#primaryimage","url":"https:\/\/kibrisdakik.com\/wp-content\/uploads\/2023\/12\/gecici-personelimiz-ilk-defa-13uncu-maas-aldi-1703328858.webp.webp","contentUrl":"https:\/\/kibrisdakik.com\/wp-content\/uploads\/2023\/12\/gecici-personelimiz-ilk-defa-13uncu-maas-aldi-1703328858.webp.webp","width":710,"height":370},{"@type":"BreadcrumbList","@id":"https:\/\/kibrisdakik.com\/?p=23461#breadcrumb","itemListElement":[{"@type":"ListItem","position":1,"name":"Home","item":"https:\/\/kibrisdakik.com\/"},{"@type":"ListItem","position":2,"name":"\u201cGe\u00e7ici personelimiz ilk defa 13\u2019\u00fcnc\u00fc maa\u015f ald\u0131\u201d"}]},{"@type":"WebSite","@id":"https:\/\/kibrisdakik.com\/#website","url":"https:\/\/kibrisdakik.com\/","name":"","description":"Tam vaktinde haber","potentialAction":[{"@type":"SearchAction","target":{"@type":"EntryPoint","urlTemplate":"https:\/\/kibrisdakik.com\/?s={search_term_string}"},"query-input":{"@type":"PropertyValueSpecification","valueRequired":true,"valueName":"search_term_string"}}],"inLanguage":"tr"},{"@type":"Person","@id":"https:\/\/kibrisdakik.com\/#\/schema\/person\/9cd9d437bbb44f72b73ba127e06d8e79","name":"admin","image":{"@type":"ImageObject","inLanguage":"tr","@id":"https:\/\/secure.gravatar.com\/avatar\/ccc17943b9d660506c869530f897617f7cb1c21a4bf30023f252596d83e1f007?s=96&d=mm&r=g","url":"https:\/\/secure.gravatar.com\/avatar\/ccc17943b9d660506c869530f897617f7cb1c21a4bf30023f252596d83e1f007?s=96&d=mm&r=g","contentUrl":"https:\/\/secure.gravatar.com\/avatar\/ccc17943b9d660506c869530f897617f7cb1c21a4bf30023f252596d83e1f007?s=96&d=mm&r=g","caption":"admin"},"sameAs":["https:\/\/kibrisdakik.com"],"url":"https:\/\/kibrisdakik.com\/?author=1"}]}},"_links":{"self":[{"href":"https:\/\/kibrisdakik.com\/index.php?rest_route=\/wp\/v2\/posts\/23461","targetHints":{"allow":["GET"]}}],"collection":[{"href":"https:\/\/kibrisdakik.com\/index.php?rest_route=\/wp\/v2\/posts"}],"about":[{"href":"https:\/\/kibrisdakik.com\/index.php?rest_route=\/wp\/v2\/types\/post"}],"author":[{"embeddable":true,"href":"https:\/\/kibrisdakik.com\/index.php?rest_route=\/wp\/v2\/users\/1"}],"replies":[{"embeddable":true,"href":"https:\/\/kibrisdakik.com\/index.php?rest_route=%2Fwp%2Fv2%2Fcomments&post=23461"}],"version-history":[{"count":0,"href":"https:\/\/kibrisdakik.com\/index.php?rest_route=\/wp\/v2\/posts\/23461\/revisions"}],"wp:featuredmedia":[{"embeddable":true,"href":"https:\/\/kibrisdakik.com\/index.php?rest_route=\/wp\/v2\/media\/23462"}],"wp:attachment":[{"href":"https:\/\/kibrisdakik.com\/index.php?rest_route=%2Fwp%2Fv2%2Fmedia&parent=23461"}],"wp:term":[{"taxonomy":"category","embeddable":true,"href":"https:\/\/kibrisdakik.com\/index.php?rest_route=%2Fwp%2Fv2%2Fcategories&post=23461"},{"taxonomy":"post_tag","embeddable":true,"href":"https:\/\/kibrisdakik.com\/index.php?rest_route=%2Fwp%2Fv2%2Ftags&post=23461"}],"curies":[{"name":"wp","href":"https:\/\/api.w.org\/{rel}","templated":true}]}}