{"id":23533,"date":"2023-12-23T19:46:56","date_gmt":"2023-12-23T19:46:56","guid":{"rendered":"https:\/\/kibrisdakik.com\/index.php\/2023\/12\/23\/spor-camiasindan-terore-tepki\/"},"modified":"2023-12-23T19:46:56","modified_gmt":"2023-12-23T19:46:56","slug":"spor-camiasindan-terore-tepki","status":"publish","type":"post","link":"https:\/\/kibrisdakik.com\/?p=23533","title":{"rendered":"Spor camias\u0131ndan ter\u00f6re tepki"},"content":{"rendered":"<p><\/p>\n<p><img decoding=\"async\" alt=\"Spor camias\u0131ndan ter\u00f6re tepki - 1\" src=\"https:\/\/cdn1.ntv.com.tr\/gorsel\/ymlydds8MUSVLt8vDk3PVQ.jpg?width=1000&amp;mode=both&amp;scale=both&amp;v=1703359157675\" \/><\/p>\n<p>Milli Savunma Bakanl\u0131\u011f\u0131, Pen\u00e7e-Kilit Harekat\u0131 b\u00f6lgesinde \u00fcs b\u00f6lgesine s\u0131zmaya \u00e7al\u0131\u015fan ter\u00f6ristlerle \u00e7\u0131kan \u00e7at\u0131\u015fmada 6 askerin \u015fehit oldu\u011funu, 1 askerin de yaraland\u0131\u011f\u0131n\u0131 duyurdu.<\/p>\n<p><img decoding=\"async\" alt=\"Spor camias\u0131ndan ter\u00f6re tepki - 2\" src=\"https:\/\/cdn1.ntv.com.tr\/gorsel\/OXxmjxz98Ued8kYWU8cZFQ.jpg?width=1000&amp;mode=both&amp;scale=both&amp;v=1703359157675\" \/><\/p>\n<p>\u015eehit haberlerinin gelmesinin ard\u0131ndan spor camias\u0131ndan art arda ba\u015fsa\u011fl\u0131\u011f\u0131 ve ter\u00f6re tepki mesajlar\u0131 geldi.<\/p>\n<p><img decoding=\"async\" alt=\"Spor camias\u0131ndan ter\u00f6re tepki - 3\" src=\"https:\/\/cdn1.ntv.com.tr\/gorsel\/2t3mi4u4gEapfujSztxcag.jpg?width=1000&amp;mode=both&amp;scale=both&amp;v=1703359157675\" \/><\/p>\n<h2>GEN\u00c7L\u0130K VE SPOR BAKANI OSMAN A\u015eKIN BAK<\/h2>\n<p>Gen\u00e7lik ve Spor Bakan\u0131 Osman A\u015fk\u0131n Bak, sosyal medya hesab\u0131ndan yay\u0131nlad\u0131\u011f\u0131 ba\u015fsa\u011fl\u0131\u011f\u0131 mesaj\u0131nda \u015fu ifadeleri kulland\u0131:<\/p>\n<p>&#8220;Pen\u00e7e-Kilit Harek\u00e2t\u0131 b\u00f6lgesinde \u00e7\u0131kan \u00e7at\u0131\u015fmada \u015fehit d\u00fc\u015fen kahramanlar\u0131m\u0131za Allah\u2019tan rahmet diliyorum. Ruhlar\u0131 \u015fad, mekanlar\u0131 cennet olsun\u2026&#8221;<\/p>\n<p><img decoding=\"async\" alt=\"Spor camias\u0131ndan ter\u00f6re tepki - 4\" src=\"https:\/\/cdn1.ntv.com.tr\/gorsel\/Wp7iXJBE8E-we0MYf8i3xw.jpg?width=1000&amp;mode=both&amp;scale=both&amp;v=1703359157675\" \/><\/p>\n<h2>T\u00dcRK\u0130YE FUTBOL FEDERASYONU<\/h2>\n<p>T\u00fcrkiye Futbol Federasyonu taraf\u0131ndan yay\u0131nlanan ba\u015fsa\u011fl\u0131\u011f\u0131 mesaj\u0131nda \u015fu ifadeler yer ald\u0131:<\/p>\n<p>&#8220;Pen\u00e7e-Kilit Harek\u00e2t\u0131 operasyon b\u00f6lgesinde hain ter\u00f6r \u00f6rg\u00fct\u00fc mensuplar\u0131yla ya\u015fanan \u00e7at\u0131\u015fmada \u015fehit d\u00fc\u015fen kahraman askerlerimize Allah&#8217;tan rahmet; kederli ailelerine, T\u00fcrk Silahl\u0131 Kuvvetlerimize ve milletimize ba\u015fsa\u011fl\u0131\u011f\u0131, yaral\u0131 Mehmet\u00e7i\u011fimize acil \u015fifalar diliyoruz.<\/p>\n<p>Aziz \u015fehitlerimiz an\u0131s\u0131na bug\u00fcn oynanan t\u00fcm m\u00fcsabakalar \u00f6ncesinde 1 dakikal\u0131k sayg\u0131 duru\u015funda bulunuldu. Kul\u00fcplerimiz siyah kol band\u0131yla sahaya \u00e7\u0131kt\u0131. S\u00f6z konusu uygulama 24 ve 25 Aral\u0131k tarihlerinde oynanacak t\u00fcm m\u00fcsabakalarda da devam edecek.&#8221;<\/p>\n<p><img decoding=\"async\" alt=\"Spor camias\u0131ndan ter\u00f6re tepki - 5\" src=\"https:\/\/cdn1.ntv.com.tr\/gorsel\/wxT721fuBkKUwJzW5Qo0iA.jpg?width=1000&amp;mode=both&amp;scale=both&amp;v=1703359157675\" \/><\/p>\n<h2>GALATASARAY<\/h2>\n<p>&nbsp;<\/p>\n<p>Sar\u0131-k\u0131rm\u0131z\u0131l\u0131 kul\u00fcpten yay\u0131nlanan ba\u015fsa\u011fl\u0131\u011f\u0131 a\u00e7\u0131klamas\u0131nda &#8220;Pen\u00e7e-Kilit Harek\u00e2t\u0131 b\u00f6lgesinde b\u00f6l\u00fcc\u00fc ter\u00f6r \u00f6rg\u00fct\u00fc mensuplar\u0131yla girilen \u00e7at\u0131\u015fma sonucu \u015fehit d\u00fc\u015fen askerlerimize Allah\u2019tan rahmet; aileleri, yak\u0131nlar\u0131 ve milletimize ba\u015fsa\u011fl\u0131\u011f\u0131; yaralanan askerlerimize acil \u015fifalar diliyoruz.&#8221; denildi.<\/p>\n<p><img decoding=\"async\" alt=\"Spor camias\u0131ndan ter\u00f6re tepki - 6\" src=\"https:\/\/cdn1.ntv.com.tr\/gorsel\/WprvwYBKbk2STyNHU5aCLg.jpg?width=1000&amp;mode=both&amp;scale=both&amp;v=1703359157675\" \/><\/p>\n<h2>FENERBAH\u00c7E<\/h2>\n<p>Fenerbah\u00e7e&#8217;nin \u015fehitler i\u00e7in yay\u0131nlad\u0131\u011f\u0131 ba\u015fsa\u011fl\u0131\u011f\u0131 mesaj\u0131nda \u015fu ifadelere yer verildi:<\/p>\n<p>&#8220;Milletimizin ba\u015f\u0131 sa\u011f olsun. Pen\u00e7e-Kilit operasyon b\u00f6lgesinde \u00e7\u0131kan \u00e7at\u0131\u015fma sonucu \u015fehit olan askerlerimize Allah\u2019tan rahmet; ailelerine, yak\u0131nlar\u0131na ba\u015fsa\u011fl\u0131\u011f\u0131; yaralanan askerlerimize acil \u015fifalar dileriz.&#8221;<\/p>\n<p><img decoding=\"async\" alt=\"Spor camias\u0131ndan ter\u00f6re tepki - 7\" src=\"https:\/\/cdn1.ntv.com.tr\/gorsel\/RX-iD7DINEOwqTkj7ZNCoA.jpg?width=1000&amp;mode=both&amp;scale=both&amp;v=1703359157675\" \/><\/p>\n<h2>BE\u015e\u0130KTA\u015e<\/h2>\n<p>Siyah-beyazl\u0131 kul\u00fcpten yap\u0131lan a\u00e7\u0131klamada \u015fu ifadeler kullan\u0131ld\u0131:<\/p>\n<p>&#8220;Pen\u00e7e-Kilit Harek\u00e2t\u0131 b\u00f6lgesinde hain ter\u00f6ristlerle \u00e7\u0131kan \u00e7at\u0131\u015fmada alt\u0131 askerimizin \u015fehit d\u00fc\u015ft\u00fc\u011f\u00fcn\u00fc, bir askerimizin yaraland\u0131\u011f\u0131n\u0131 derin bir \u00fcz\u00fcnt\u00fcyle \u00f6\u011frenmi\u015f bulunmaktay\u0131z. \u015eehit askerlerimize Allah\u2019tan rahmet; ailelerine, T\u00fcrk Silahl\u0131 Kuvvetleri\u2019ne ve milletimize ba\u015fsa\u011fl\u0131\u011f\u0131, yaral\u0131 askerimize acil \u015fifalar dileriz.&#8221;<\/p>\n<p><img decoding=\"async\" alt=\"Spor camias\u0131ndan ter\u00f6re tepki - 8\" src=\"https:\/\/cdn1.ntv.com.tr\/gorsel\/h5cwXkR01kSxSc_XVWB99g.jpg?width=1000&amp;mode=both&amp;scale=both&amp;v=1703359157675\" \/><\/p>\n<h2>TRABZONSPOR<\/h2>\n<p>Bordo-mavili kul\u00fcpten yap\u0131lan a\u00e7\u0131klamada \u015fu ifadeler yer ald\u0131:<\/p>\n<p>&#8220;\u015eehitlerimiz var!Pen\u00e7e-Kilit Operasyonu\u2019nda 6 askerimizin daha \u015fehit oldu\u011funu b\u00fcy\u00fck bir \u00fcz\u00fcnt\u00fcyle \u00f6\u011frendik. Bu \u00fcz\u00fcnt\u00fcl\u00fc ortamda \u015fu an oynanan RAMS Ba\u015fak\u015fehir kar\u015f\u0131la\u015fmas\u0131 ile ilgili kul\u00fcb\u00fcm\u00fcz herhangi bir payla\u015f\u0131mda bulunmayacakt\u0131r.? Milletimizin ba\u015f\u0131 sa\u011f olsun.&#8221;<\/p>\n","protected":false},"excerpt":{"rendered":"<p>Milli Savunma Bakanl\u0131\u011f\u0131, Pen\u00e7e-Kilit Harekat\u0131 b\u00f6lgesinde \u00fcs b\u00f6lgesine s\u0131zmaya \u00e7al\u0131\u015fan ter\u00f6ristlerle \u00e7\u0131kan \u00e7at\u0131\u015fmada 6 askerin \u015fehit oldu\u011funu, 1 askerin de yaraland\u0131\u011f\u0131n\u0131 duyurdu. \u015eehit haberlerinin gelmesinin ard\u0131ndan spor camias\u0131ndan art arda ba\u015fsa\u011fl\u0131\u011f\u0131 ve ter\u00f6re tepki mesajlar\u0131 geldi. GEN\u00c7L\u0130K VE SPOR BAKANI OSMAN A\u015eKIN BAK Gen\u00e7lik ve Spor Bakan\u0131 Osman A\u015fk\u0131n Bak, sosyal medya hesab\u0131ndan yay\u0131nlad\u0131\u011f\u0131 ba\u015fsa\u011fl\u0131\u011f\u0131<\/p>\n","protected":false},"author":1,"featured_media":23534,"comment_status":"open","ping_status":"open","sticky":false,"template":"","format":"standard","meta":{"footnotes":""},"categories":[1],"tags":[],"class_list":["post-23533","post","type-post","status-publish","format-standard","has-post-thumbnail","hentry","category-gundem"],"yoast_head":"<!-- This site is optimized with the Yoast SEO plugin v27.4 - https:\/\/yoast.com\/product\/yoast-seo-wordpress\/ -->\n<title>Spor camias\u0131ndan ter\u00f6re tepki -<\/title>\n<meta name=\"robots\" content=\"index, follow, max-snippet:-1, max-image-preview:large, max-video-preview:-1\" \/>\n<link rel=\"canonical\" href=\"https:\/\/kibrisdakik.com\/?p=23533\" \/>\n<meta property=\"og:locale\" content=\"tr_TR\" \/>\n<meta property=\"og:type\" content=\"article\" \/>\n<meta property=\"og:title\" content=\"Spor camias\u0131ndan ter\u00f6re tepki -\" \/>\n<meta property=\"og:description\" content=\"Milli Savunma Bakanl\u0131\u011f\u0131, Pen\u00e7e-Kilit Harekat\u0131 b\u00f6lgesinde \u00fcs b\u00f6lgesine s\u0131zmaya \u00e7al\u0131\u015fan ter\u00f6ristlerle \u00e7\u0131kan \u00e7at\u0131\u015fmada 6 askerin \u015fehit oldu\u011funu, 1 askerin de yaraland\u0131\u011f\u0131n\u0131 duyurdu. \u015eehit haberlerinin gelmesinin ard\u0131ndan spor camias\u0131ndan art arda ba\u015fsa\u011fl\u0131\u011f\u0131 ve ter\u00f6re tepki mesajlar\u0131 geldi. GEN\u00c7L\u0130K VE SPOR BAKANI OSMAN A\u015eKIN BAK Gen\u00e7lik ve Spor Bakan\u0131 Osman A\u015fk\u0131n Bak, sosyal medya hesab\u0131ndan yay\u0131nlad\u0131\u011f\u0131 ba\u015fsa\u011fl\u0131\u011f\u0131\" \/>\n<meta property=\"og:url\" content=\"https:\/\/kibrisdakik.com\/?p=23533\" \/>\n<meta property=\"article:published_time\" content=\"2023-12-23T19:46:56+00:00\" \/>\n<meta property=\"og:image\" content=\"https:\/\/kibrisdakik.com\/wp-content\/uploads\/2023\/12\/ymlydds8MUSVLt8vDk3PVQ-740x420.jpg\" \/>\n\t<meta property=\"og:image:width\" content=\"1000\" \/>\n\t<meta property=\"og:image:height\" content=\"666\" \/>\n\t<meta property=\"og:image:type\" content=\"image\/jpeg\" \/>\n<meta name=\"author\" content=\"admin\" \/>\n<meta name=\"twitter:card\" content=\"summary_large_image\" \/>\n<meta name=\"twitter:label1\" content=\"Yazan:\" \/>\n\t<meta name=\"twitter:data1\" content=\"admin\" \/>\n\t<meta name=\"twitter:label2\" content=\"Tahmini okuma s\u00fcresi\" \/>\n\t<meta name=\"twitter:data2\" content=\"2 dakika\" \/>\n<script type=\"application\/ld+json\" class=\"yoast-schema-graph\">{\"@context\":\"https:\\\/\\\/schema.org\",\"@graph\":[{\"@type\":\"Article\",\"@id\":\"https:\\\/\\\/kibrisdakik.com\\\/?p=23533#article\",\"isPartOf\":{\"@id\":\"https:\\\/\\\/kibrisdakik.com\\\/?p=23533\"},\"author\":{\"name\":\"admin\",\"@id\":\"https:\\\/\\\/kibrisdakik.com\\\/#\\\/schema\\\/person\\\/9cd9d437bbb44f72b73ba127e06d8e79\"},\"headline\":\"Spor camias\u0131ndan ter\u00f6re tepki\",\"datePublished\":\"2023-12-23T19:46:56+00:00\",\"mainEntityOfPage\":{\"@id\":\"https:\\\/\\\/kibrisdakik.com\\\/?p=23533\"},\"wordCount\":452,\"commentCount\":0,\"image\":{\"@id\":\"https:\\\/\\\/kibrisdakik.com\\\/?p=23533#primaryimage\"},\"thumbnailUrl\":\"https:\\\/\\\/kibrisdakik.com\\\/wp-content\\\/uploads\\\/2023\\\/12\\\/ymlydds8MUSVLt8vDk3PVQ-740x420.jpg\",\"articleSection\":[\"G\u00fcndem\"],\"inLanguage\":\"tr\",\"potentialAction\":[{\"@type\":\"CommentAction\",\"name\":\"Comment\",\"target\":[\"https:\\\/\\\/kibrisdakik.com\\\/?p=23533#respond\"]}]},{\"@type\":\"WebPage\",\"@id\":\"https:\\\/\\\/kibrisdakik.com\\\/?p=23533\",\"url\":\"https:\\\/\\\/kibrisdakik.com\\\/?p=23533\",\"name\":\"Spor camias\u0131ndan ter\u00f6re tepki -\",\"isPartOf\":{\"@id\":\"https:\\\/\\\/kibrisdakik.com\\\/#website\"},\"primaryImageOfPage\":{\"@id\":\"https:\\\/\\\/kibrisdakik.com\\\/?p=23533#primaryimage\"},\"image\":{\"@id\":\"https:\\\/\\\/kibrisdakik.com\\\/?p=23533#primaryimage\"},\"thumbnailUrl\":\"https:\\\/\\\/kibrisdakik.com\\\/wp-content\\\/uploads\\\/2023\\\/12\\\/ymlydds8MUSVLt8vDk3PVQ-740x420.jpg\",\"datePublished\":\"2023-12-23T19:46:56+00:00\",\"author\":{\"@id\":\"https:\\\/\\\/kibrisdakik.com\\\/#\\\/schema\\\/person\\\/9cd9d437bbb44f72b73ba127e06d8e79\"},\"breadcrumb\":{\"@id\":\"https:\\\/\\\/kibrisdakik.com\\\/?p=23533#breadcrumb\"},\"inLanguage\":\"tr\",\"potentialAction\":[{\"@type\":\"ReadAction\",\"target\":[\"https:\\\/\\\/kibrisdakik.com\\\/?p=23533\"]}]},{\"@type\":\"ImageObject\",\"inLanguage\":\"tr\",\"@id\":\"https:\\\/\\\/kibrisdakik.com\\\/?p=23533#primaryimage\",\"url\":\"https:\\\/\\\/kibrisdakik.com\\\/wp-content\\\/uploads\\\/2023\\\/12\\\/ymlydds8MUSVLt8vDk3PVQ-740x420.jpg\",\"contentUrl\":\"https:\\\/\\\/kibrisdakik.com\\\/wp-content\\\/uploads\\\/2023\\\/12\\\/ymlydds8MUSVLt8vDk3PVQ-740x420.jpg\",\"width\":1000,\"height\":666},{\"@type\":\"BreadcrumbList\",\"@id\":\"https:\\\/\\\/kibrisdakik.com\\\/?p=23533#breadcrumb\",\"itemListElement\":[{\"@type\":\"ListItem\",\"position\":1,\"name\":\"Home\",\"item\":\"https:\\\/\\\/kibrisdakik.com\\\/\"},{\"@type\":\"ListItem\",\"position\":2,\"name\":\"Spor camias\u0131ndan ter\u00f6re tepki\"}]},{\"@type\":\"WebSite\",\"@id\":\"https:\\\/\\\/kibrisdakik.com\\\/#website\",\"url\":\"https:\\\/\\\/kibrisdakik.com\\\/\",\"name\":\"\",\"description\":\"Tam vaktinde haber\",\"potentialAction\":[{\"@type\":\"SearchAction\",\"target\":{\"@type\":\"EntryPoint\",\"urlTemplate\":\"https:\\\/\\\/kibrisdakik.com\\\/?s={search_term_string}\"},\"query-input\":{\"@type\":\"PropertyValueSpecification\",\"valueRequired\":true,\"valueName\":\"search_term_string\"}}],\"inLanguage\":\"tr\"},{\"@type\":\"Person\",\"@id\":\"https:\\\/\\\/kibrisdakik.com\\\/#\\\/schema\\\/person\\\/9cd9d437bbb44f72b73ba127e06d8e79\",\"name\":\"admin\",\"image\":{\"@type\":\"ImageObject\",\"inLanguage\":\"tr\",\"@id\":\"https:\\\/\\\/secure.gravatar.com\\\/avatar\\\/ccc17943b9d660506c869530f897617f7cb1c21a4bf30023f252596d83e1f007?s=96&d=mm&r=g\",\"url\":\"https:\\\/\\\/secure.gravatar.com\\\/avatar\\\/ccc17943b9d660506c869530f897617f7cb1c21a4bf30023f252596d83e1f007?s=96&d=mm&r=g\",\"contentUrl\":\"https:\\\/\\\/secure.gravatar.com\\\/avatar\\\/ccc17943b9d660506c869530f897617f7cb1c21a4bf30023f252596d83e1f007?s=96&d=mm&r=g\",\"caption\":\"admin\"},\"sameAs\":[\"https:\\\/\\\/kibrisdakik.com\"],\"url\":\"https:\\\/\\\/kibrisdakik.com\\\/?author=1\"}]}<\/script>\n<!-- \/ Yoast SEO plugin. -->","yoast_head_json":{"title":"Spor camias\u0131ndan ter\u00f6re tepki -","robots":{"index":"index","follow":"follow","max-snippet":"max-snippet:-1","max-image-preview":"max-image-preview:large","max-video-preview":"max-video-preview:-1"},"canonical":"https:\/\/kibrisdakik.com\/?p=23533","og_locale":"tr_TR","og_type":"article","og_title":"Spor camias\u0131ndan ter\u00f6re tepki -","og_description":"Milli Savunma Bakanl\u0131\u011f\u0131, Pen\u00e7e-Kilit Harekat\u0131 b\u00f6lgesinde \u00fcs b\u00f6lgesine s\u0131zmaya \u00e7al\u0131\u015fan ter\u00f6ristlerle \u00e7\u0131kan \u00e7at\u0131\u015fmada 6 askerin \u015fehit oldu\u011funu, 1 askerin de yaraland\u0131\u011f\u0131n\u0131 duyurdu. \u015eehit haberlerinin gelmesinin ard\u0131ndan spor camias\u0131ndan art arda ba\u015fsa\u011fl\u0131\u011f\u0131 ve ter\u00f6re tepki mesajlar\u0131 geldi. GEN\u00c7L\u0130K VE SPOR BAKANI OSMAN A\u015eKIN BAK Gen\u00e7lik ve Spor Bakan\u0131 Osman A\u015fk\u0131n Bak, sosyal medya hesab\u0131ndan yay\u0131nlad\u0131\u011f\u0131 ba\u015fsa\u011fl\u0131\u011f\u0131","og_url":"https:\/\/kibrisdakik.com\/?p=23533","article_published_time":"2023-12-23T19:46:56+00:00","og_image":[{"width":1000,"height":666,"url":"https:\/\/kibrisdakik.com\/wp-content\/uploads\/2023\/12\/ymlydds8MUSVLt8vDk3PVQ-740x420.jpg","type":"image\/jpeg"}],"author":"admin","twitter_card":"summary_large_image","twitter_misc":{"Yazan:":"admin","Tahmini okuma s\u00fcresi":"2 dakika"},"schema":{"@context":"https:\/\/schema.org","@graph":[{"@type":"Article","@id":"https:\/\/kibrisdakik.com\/?p=23533#article","isPartOf":{"@id":"https:\/\/kibrisdakik.com\/?p=23533"},"author":{"name":"admin","@id":"https:\/\/kibrisdakik.com\/#\/schema\/person\/9cd9d437bbb44f72b73ba127e06d8e79"},"headline":"Spor camias\u0131ndan ter\u00f6re tepki","datePublished":"2023-12-23T19:46:56+00:00","mainEntityOfPage":{"@id":"https:\/\/kibrisdakik.com\/?p=23533"},"wordCount":452,"commentCount":0,"image":{"@id":"https:\/\/kibrisdakik.com\/?p=23533#primaryimage"},"thumbnailUrl":"https:\/\/kibrisdakik.com\/wp-content\/uploads\/2023\/12\/ymlydds8MUSVLt8vDk3PVQ-740x420.jpg","articleSection":["G\u00fcndem"],"inLanguage":"tr","potentialAction":[{"@type":"CommentAction","name":"Comment","target":["https:\/\/kibrisdakik.com\/?p=23533#respond"]}]},{"@type":"WebPage","@id":"https:\/\/kibrisdakik.com\/?p=23533","url":"https:\/\/kibrisdakik.com\/?p=23533","name":"Spor camias\u0131ndan ter\u00f6re tepki -","isPartOf":{"@id":"https:\/\/kibrisdakik.com\/#website"},"primaryImageOfPage":{"@id":"https:\/\/kibrisdakik.com\/?p=23533#primaryimage"},"image":{"@id":"https:\/\/kibrisdakik.com\/?p=23533#primaryimage"},"thumbnailUrl":"https:\/\/kibrisdakik.com\/wp-content\/uploads\/2023\/12\/ymlydds8MUSVLt8vDk3PVQ-740x420.jpg","datePublished":"2023-12-23T19:46:56+00:00","author":{"@id":"https:\/\/kibrisdakik.com\/#\/schema\/person\/9cd9d437bbb44f72b73ba127e06d8e79"},"breadcrumb":{"@id":"https:\/\/kibrisdakik.com\/?p=23533#breadcrumb"},"inLanguage":"tr","potentialAction":[{"@type":"ReadAction","target":["https:\/\/kibrisdakik.com\/?p=23533"]}]},{"@type":"ImageObject","inLanguage":"tr","@id":"https:\/\/kibrisdakik.com\/?p=23533#primaryimage","url":"https:\/\/kibrisdakik.com\/wp-content\/uploads\/2023\/12\/ymlydds8MUSVLt8vDk3PVQ-740x420.jpg","contentUrl":"https:\/\/kibrisdakik.com\/wp-content\/uploads\/2023\/12\/ymlydds8MUSVLt8vDk3PVQ-740x420.jpg","width":1000,"height":666},{"@type":"BreadcrumbList","@id":"https:\/\/kibrisdakik.com\/?p=23533#breadcrumb","itemListElement":[{"@type":"ListItem","position":1,"name":"Home","item":"https:\/\/kibrisdakik.com\/"},{"@type":"ListItem","position":2,"name":"Spor camias\u0131ndan ter\u00f6re tepki"}]},{"@type":"WebSite","@id":"https:\/\/kibrisdakik.com\/#website","url":"https:\/\/kibrisdakik.com\/","name":"","description":"Tam vaktinde haber","potentialAction":[{"@type":"SearchAction","target":{"@type":"EntryPoint","urlTemplate":"https:\/\/kibrisdakik.com\/?s={search_term_string}"},"query-input":{"@type":"PropertyValueSpecification","valueRequired":true,"valueName":"search_term_string"}}],"inLanguage":"tr"},{"@type":"Person","@id":"https:\/\/kibrisdakik.com\/#\/schema\/person\/9cd9d437bbb44f72b73ba127e06d8e79","name":"admin","image":{"@type":"ImageObject","inLanguage":"tr","@id":"https:\/\/secure.gravatar.com\/avatar\/ccc17943b9d660506c869530f897617f7cb1c21a4bf30023f252596d83e1f007?s=96&d=mm&r=g","url":"https:\/\/secure.gravatar.com\/avatar\/ccc17943b9d660506c869530f897617f7cb1c21a4bf30023f252596d83e1f007?s=96&d=mm&r=g","contentUrl":"https:\/\/secure.gravatar.com\/avatar\/ccc17943b9d660506c869530f897617f7cb1c21a4bf30023f252596d83e1f007?s=96&d=mm&r=g","caption":"admin"},"sameAs":["https:\/\/kibrisdakik.com"],"url":"https:\/\/kibrisdakik.com\/?author=1"}]}},"_links":{"self":[{"href":"https:\/\/kibrisdakik.com\/index.php?rest_route=\/wp\/v2\/posts\/23533","targetHints":{"allow":["GET"]}}],"collection":[{"href":"https:\/\/kibrisdakik.com\/index.php?rest_route=\/wp\/v2\/posts"}],"about":[{"href":"https:\/\/kibrisdakik.com\/index.php?rest_route=\/wp\/v2\/types\/post"}],"author":[{"embeddable":true,"href":"https:\/\/kibrisdakik.com\/index.php?rest_route=\/wp\/v2\/users\/1"}],"replies":[{"embeddable":true,"href":"https:\/\/kibrisdakik.com\/index.php?rest_route=%2Fwp%2Fv2%2Fcomments&post=23533"}],"version-history":[{"count":0,"href":"https:\/\/kibrisdakik.com\/index.php?rest_route=\/wp\/v2\/posts\/23533\/revisions"}],"wp:featuredmedia":[{"embeddable":true,"href":"https:\/\/kibrisdakik.com\/index.php?rest_route=\/wp\/v2\/media\/23534"}],"wp:attachment":[{"href":"https:\/\/kibrisdakik.com\/index.php?rest_route=%2Fwp%2Fv2%2Fmedia&parent=23533"}],"wp:term":[{"taxonomy":"category","embeddable":true,"href":"https:\/\/kibrisdakik.com\/index.php?rest_route=%2Fwp%2Fv2%2Fcategories&post=23533"},{"taxonomy":"post_tag","embeddable":true,"href":"https:\/\/kibrisdakik.com\/index.php?rest_route=%2Fwp%2Fv2%2Ftags&post=23533"}],"curies":[{"name":"wp","href":"https:\/\/api.w.org\/{rel}","templated":true}]}}