{"id":23594,"date":"2023-12-24T14:09:16","date_gmt":"2023-12-24T14:09:16","guid":{"rendered":"https:\/\/kibrisdakik.com\/index.php\/2023\/12\/24\/harmanci-kaymakli-yeni-gecis-kapisi-olabilecek-bir-bolge\/"},"modified":"2023-12-24T14:09:16","modified_gmt":"2023-12-24T14:09:16","slug":"harmanci-kaymakli-yeni-gecis-kapisi-olabilecek-bir-bolge","status":"publish","type":"post","link":"https:\/\/kibrisdakik.com\/?p=23594","title":{"rendered":"Harmanc\u0131: Kaymakl\u0131 yeni ge\u00e7i\u015f kap\u0131s\u0131 olabilecek bir b\u00f6lge"},"content":{"rendered":"<p><img decoding=\"async\" src=\"https:\/\/www.kibristurk.com\/images\/haberler\/2023\/12\/harmanci-kaymakli-yeni-gecis-kapisi-olabilecek-bir-bolge-1703424033.webp\" \/><\/p>\n<p>&nbsp;<\/p>\n<p>Lefko\u015fa T\u00fcrk Belediyesi Ba\u015fkan\u0131 Mehmet Harmanc\u0131, Haravgi\u2019ye verdi\u011fi \u00f6zel r\u00f6portajda, Kaymakl\u0131 b\u00f6lgesinin, KKTC ile G\u00fcney K\u0131br\u0131s aras\u0131nda bir ge\u00e7i\u015f kap\u0131s\u0131 olabilece\u011fi g\u00f6r\u00fc\u015f\u00fcn\u00fc ortaya koydu.<\/p>\n<p>Gazete, Lefko\u015fa T\u00fcrk Belediyesi ba\u015fkanl\u0131\u011f\u0131n\u0131 ikinci d\u00f6neminde s\u00fcrd\u00fcren Harmanc\u0131\u2019ya 2025 Cumhurba\u015fkan\u0131 se\u00e7iminde aday olup olmayaca\u011f\u0131n\u0131 sordu. Karar almak i\u00e7in hen\u00fcz erken oldu\u011funu belirten Harmanc\u0131, \u00f6nemli olan\u0131n Tatar\u2019\u0131n rakibinin kim olaca\u011f\u0131 de\u011fil, \u00e7\u0131kmaz\u0131 y\u0131kmak i\u00e7in insanlar\u0131n \u00f6n\u00fcne konulacak siyasi boyut oldu\u011fu g\u00f6r\u00fc\u015f\u00fcn\u00fc ortaya koydu.<\/p>\n<p>Bu kez ilerici ve sol kesimin \u00fcmit vermesi gerekti\u011fini s\u00f6yleyen Harmanc\u0131, \u201cGenel siyasi mesajlar art\u0131k d\u00f6nem d\u0131\u015f\u0131 kald\u0131. \u0130ki b\u00f6lgeli iki kesimli siyasi e\u015fitli\u011fi olan federasyondan s\u00f6z ediliyor. Evet ama nas\u0131l? \u0130nsanlara, federal \u00e7\u00f6z\u00fcm\u00fc nas\u0131l ba\u015faraca\u011f\u0131m\u0131z\u0131n cevab\u0131n\u0131 vermezsek toplum i\u00e7erisinde hareketlilik olamaz. Kimin aday olabilece\u011fine karar vermeden \u00f6nce pratikte bir perspektif kat\u0131p katamayaca\u011f\u0131m\u0131za karar vermemiz gerek. Bunu yapamazsak, bunun bir par\u00e7as\u0131 olmak istemem. \u00dcmit verebilirsek ki bunu yapabilece\u011fimizi biliyorum, evet, ilerici bir grup ile kampanyaya girerim. K\u0131sa s\u00fcre \u00f6nceki \u00f6rnekler federasyonu savunan g\u00fc\u00e7lerin yan yana gelme olana\u011f\u0131n\u0131n k\u0131s\u0131tl\u0131 oldu\u011funu g\u00f6sterse de&#8230;\u201d ifadelerini kulland\u0131.<\/p>\n<p>\u201cArt\u0131k, barikat g\u00f6r\u00fcnt\u00fclerinden rahats\u0131z olmayan nesillerin geldi\u011fi bir d\u00f6nemdeyiz\u201d diyen ve Lefko\u015fa\u2019n\u0131n, taraflar\u0131n birbirinden birka\u00e7 dakika mesafede, ayn\u0131 havay\u0131 soluyabildi\u011fi tek kent oldu\u011funu belirten Harmanc\u0131 \u201c2004\u2019ten beri kentin yar\u0131s\u0131 AB \u00fcyesidir, di\u011fer yar\u0131s\u0131 hi\u00e7bir \u015feyin \u00fcyesi de\u011fil. Bir tarafta kalk\u0131nma \u00e7al\u0131\u015fmalar\u0131 yap\u0131l\u0131rken \u00f6teki taraf\u0131n \u00f6denek i\u00e7in yalvar\u0131yor\u201d diye konu\u015ftu.<\/p>\n<p>Mehmet Harmanc\u0131 Kaymakl\u0131\u2019n\u0131n, ara\u00e7 ge\u00e7i\u015fleri i\u00e7in her iki taraf\u0131n da kolayca eri\u015febilece\u011fi yeni bir ge\u00e7i\u015f kap\u0131s\u0131 olabilecek bir b\u00f6lge oldu\u011funu kanaatini de ortaya koydu.<\/p>\n","protected":false},"excerpt":{"rendered":"<p>&nbsp; Lefko\u015fa T\u00fcrk Belediyesi Ba\u015fkan\u0131 Mehmet Harmanc\u0131, Haravgi\u2019ye verdi\u011fi \u00f6zel r\u00f6portajda, Kaymakl\u0131 b\u00f6lgesinin, KKTC ile G\u00fcney K\u0131br\u0131s aras\u0131nda bir ge\u00e7i\u015f kap\u0131s\u0131 olabilece\u011fi g\u00f6r\u00fc\u015f\u00fcn\u00fc ortaya koydu. Gazete, Lefko\u015fa T\u00fcrk Belediyesi ba\u015fkanl\u0131\u011f\u0131n\u0131 ikinci d\u00f6neminde s\u00fcrd\u00fcren Harmanc\u0131\u2019ya 2025 Cumhurba\u015fkan\u0131 se\u00e7iminde aday olup olmayaca\u011f\u0131n\u0131 sordu. Karar almak i\u00e7in hen\u00fcz erken oldu\u011funu belirten Harmanc\u0131, \u00f6nemli olan\u0131n Tatar\u2019\u0131n rakibinin kim olaca\u011f\u0131<\/p>\n","protected":false},"author":1,"featured_media":23595,"comment_status":"open","ping_status":"open","sticky":false,"template":"","format":"standard","meta":{"footnotes":""},"categories":[1],"tags":[],"class_list":["post-23594","post","type-post","status-publish","format-standard","has-post-thumbnail","hentry","category-gundem"],"yoast_head":"<!-- This site is optimized with the Yoast SEO plugin v27.4 - https:\/\/yoast.com\/product\/yoast-seo-wordpress\/ -->\n<title>Harmanc\u0131: Kaymakl\u0131 yeni ge\u00e7i\u015f kap\u0131s\u0131 olabilecek bir b\u00f6lge -<\/title>\n<meta name=\"robots\" content=\"index, follow, max-snippet:-1, max-image-preview:large, max-video-preview:-1\" \/>\n<link rel=\"canonical\" href=\"https:\/\/kibrisdakik.com\/?p=23594\" \/>\n<meta property=\"og:locale\" content=\"tr_TR\" \/>\n<meta property=\"og:type\" content=\"article\" \/>\n<meta property=\"og:title\" content=\"Harmanc\u0131: Kaymakl\u0131 yeni ge\u00e7i\u015f kap\u0131s\u0131 olabilecek bir b\u00f6lge -\" \/>\n<meta property=\"og:description\" content=\"&nbsp; Lefko\u015fa T\u00fcrk Belediyesi Ba\u015fkan\u0131 Mehmet Harmanc\u0131, Haravgi\u2019ye verdi\u011fi \u00f6zel r\u00f6portajda, Kaymakl\u0131 b\u00f6lgesinin, KKTC ile G\u00fcney K\u0131br\u0131s aras\u0131nda bir ge\u00e7i\u015f kap\u0131s\u0131 olabilece\u011fi g\u00f6r\u00fc\u015f\u00fcn\u00fc ortaya koydu. Gazete, Lefko\u015fa T\u00fcrk Belediyesi ba\u015fkanl\u0131\u011f\u0131n\u0131 ikinci d\u00f6neminde s\u00fcrd\u00fcren Harmanc\u0131\u2019ya 2025 Cumhurba\u015fkan\u0131 se\u00e7iminde aday olup olmayaca\u011f\u0131n\u0131 sordu. Karar almak i\u00e7in hen\u00fcz erken oldu\u011funu belirten Harmanc\u0131, \u00f6nemli olan\u0131n Tatar\u2019\u0131n rakibinin kim olaca\u011f\u0131\" \/>\n<meta property=\"og:url\" content=\"https:\/\/kibrisdakik.com\/?p=23594\" \/>\n<meta property=\"article:published_time\" content=\"2023-12-24T14:09:16+00:00\" \/>\n<meta property=\"og:image\" content=\"https:\/\/kibrisdakik.com\/wp-content\/uploads\/2023\/12\/harmanci-kaymakli-yeni-gecis-kapisi-olabilecek-bir-bolge-1703424033.webp.webp\" \/>\n\t<meta property=\"og:image:width\" content=\"710\" \/>\n\t<meta property=\"og:image:height\" content=\"370\" \/>\n\t<meta property=\"og:image:type\" content=\"image\/webp\" \/>\n<meta name=\"author\" content=\"admin\" \/>\n<meta name=\"twitter:card\" content=\"summary_large_image\" \/>\n<meta name=\"twitter:label1\" content=\"Yazan:\" \/>\n\t<meta name=\"twitter:data1\" content=\"admin\" \/>\n\t<meta name=\"twitter:label2\" content=\"Tahmini okuma s\u00fcresi\" \/>\n\t<meta name=\"twitter:data2\" content=\"2 dakika\" \/>\n<script type=\"application\/ld+json\" class=\"yoast-schema-graph\">{\"@context\":\"https:\\\/\\\/schema.org\",\"@graph\":[{\"@type\":\"Article\",\"@id\":\"https:\\\/\\\/kibrisdakik.com\\\/?p=23594#article\",\"isPartOf\":{\"@id\":\"https:\\\/\\\/kibrisdakik.com\\\/?p=23594\"},\"author\":{\"name\":\"admin\",\"@id\":\"https:\\\/\\\/kibrisdakik.com\\\/#\\\/schema\\\/person\\\/9cd9d437bbb44f72b73ba127e06d8e79\"},\"headline\":\"Harmanc\u0131: Kaymakl\u0131 yeni ge\u00e7i\u015f kap\u0131s\u0131 olabilecek bir b\u00f6lge\",\"datePublished\":\"2023-12-24T14:09:16+00:00\",\"mainEntityOfPage\":{\"@id\":\"https:\\\/\\\/kibrisdakik.com\\\/?p=23594\"},\"wordCount\":354,\"commentCount\":0,\"image\":{\"@id\":\"https:\\\/\\\/kibrisdakik.com\\\/?p=23594#primaryimage\"},\"thumbnailUrl\":\"https:\\\/\\\/kibrisdakik.com\\\/wp-content\\\/uploads\\\/2023\\\/12\\\/harmanci-kaymakli-yeni-gecis-kapisi-olabilecek-bir-bolge-1703424033.webp.webp\",\"articleSection\":[\"G\u00fcndem\"],\"inLanguage\":\"tr\",\"potentialAction\":[{\"@type\":\"CommentAction\",\"name\":\"Comment\",\"target\":[\"https:\\\/\\\/kibrisdakik.com\\\/?p=23594#respond\"]}]},{\"@type\":\"WebPage\",\"@id\":\"https:\\\/\\\/kibrisdakik.com\\\/?p=23594\",\"url\":\"https:\\\/\\\/kibrisdakik.com\\\/?p=23594\",\"name\":\"Harmanc\u0131: Kaymakl\u0131 yeni ge\u00e7i\u015f kap\u0131s\u0131 olabilecek bir b\u00f6lge -\",\"isPartOf\":{\"@id\":\"https:\\\/\\\/kibrisdakik.com\\\/#website\"},\"primaryImageOfPage\":{\"@id\":\"https:\\\/\\\/kibrisdakik.com\\\/?p=23594#primaryimage\"},\"image\":{\"@id\":\"https:\\\/\\\/kibrisdakik.com\\\/?p=23594#primaryimage\"},\"thumbnailUrl\":\"https:\\\/\\\/kibrisdakik.com\\\/wp-content\\\/uploads\\\/2023\\\/12\\\/harmanci-kaymakli-yeni-gecis-kapisi-olabilecek-bir-bolge-1703424033.webp.webp\",\"datePublished\":\"2023-12-24T14:09:16+00:00\",\"author\":{\"@id\":\"https:\\\/\\\/kibrisdakik.com\\\/#\\\/schema\\\/person\\\/9cd9d437bbb44f72b73ba127e06d8e79\"},\"breadcrumb\":{\"@id\":\"https:\\\/\\\/kibrisdakik.com\\\/?p=23594#breadcrumb\"},\"inLanguage\":\"tr\",\"potentialAction\":[{\"@type\":\"ReadAction\",\"target\":[\"https:\\\/\\\/kibrisdakik.com\\\/?p=23594\"]}]},{\"@type\":\"ImageObject\",\"inLanguage\":\"tr\",\"@id\":\"https:\\\/\\\/kibrisdakik.com\\\/?p=23594#primaryimage\",\"url\":\"https:\\\/\\\/kibrisdakik.com\\\/wp-content\\\/uploads\\\/2023\\\/12\\\/harmanci-kaymakli-yeni-gecis-kapisi-olabilecek-bir-bolge-1703424033.webp.webp\",\"contentUrl\":\"https:\\\/\\\/kibrisdakik.com\\\/wp-content\\\/uploads\\\/2023\\\/12\\\/harmanci-kaymakli-yeni-gecis-kapisi-olabilecek-bir-bolge-1703424033.webp.webp\",\"width\":710,\"height\":370},{\"@type\":\"BreadcrumbList\",\"@id\":\"https:\\\/\\\/kibrisdakik.com\\\/?p=23594#breadcrumb\",\"itemListElement\":[{\"@type\":\"ListItem\",\"position\":1,\"name\":\"Home\",\"item\":\"https:\\\/\\\/kibrisdakik.com\\\/\"},{\"@type\":\"ListItem\",\"position\":2,\"name\":\"Harmanc\u0131: Kaymakl\u0131 yeni ge\u00e7i\u015f kap\u0131s\u0131 olabilecek bir b\u00f6lge\"}]},{\"@type\":\"WebSite\",\"@id\":\"https:\\\/\\\/kibrisdakik.com\\\/#website\",\"url\":\"https:\\\/\\\/kibrisdakik.com\\\/\",\"name\":\"\",\"description\":\"Tam vaktinde haber\",\"potentialAction\":[{\"@type\":\"SearchAction\",\"target\":{\"@type\":\"EntryPoint\",\"urlTemplate\":\"https:\\\/\\\/kibrisdakik.com\\\/?s={search_term_string}\"},\"query-input\":{\"@type\":\"PropertyValueSpecification\",\"valueRequired\":true,\"valueName\":\"search_term_string\"}}],\"inLanguage\":\"tr\"},{\"@type\":\"Person\",\"@id\":\"https:\\\/\\\/kibrisdakik.com\\\/#\\\/schema\\\/person\\\/9cd9d437bbb44f72b73ba127e06d8e79\",\"name\":\"admin\",\"image\":{\"@type\":\"ImageObject\",\"inLanguage\":\"tr\",\"@id\":\"https:\\\/\\\/secure.gravatar.com\\\/avatar\\\/ccc17943b9d660506c869530f897617f7cb1c21a4bf30023f252596d83e1f007?s=96&d=mm&r=g\",\"url\":\"https:\\\/\\\/secure.gravatar.com\\\/avatar\\\/ccc17943b9d660506c869530f897617f7cb1c21a4bf30023f252596d83e1f007?s=96&d=mm&r=g\",\"contentUrl\":\"https:\\\/\\\/secure.gravatar.com\\\/avatar\\\/ccc17943b9d660506c869530f897617f7cb1c21a4bf30023f252596d83e1f007?s=96&d=mm&r=g\",\"caption\":\"admin\"},\"sameAs\":[\"https:\\\/\\\/kibrisdakik.com\"],\"url\":\"https:\\\/\\\/kibrisdakik.com\\\/?author=1\"}]}<\/script>\n<!-- \/ Yoast SEO plugin. -->","yoast_head_json":{"title":"Harmanc\u0131: Kaymakl\u0131 yeni ge\u00e7i\u015f kap\u0131s\u0131 olabilecek bir b\u00f6lge -","robots":{"index":"index","follow":"follow","max-snippet":"max-snippet:-1","max-image-preview":"max-image-preview:large","max-video-preview":"max-video-preview:-1"},"canonical":"https:\/\/kibrisdakik.com\/?p=23594","og_locale":"tr_TR","og_type":"article","og_title":"Harmanc\u0131: Kaymakl\u0131 yeni ge\u00e7i\u015f kap\u0131s\u0131 olabilecek bir b\u00f6lge -","og_description":"&nbsp; Lefko\u015fa T\u00fcrk Belediyesi Ba\u015fkan\u0131 Mehmet Harmanc\u0131, Haravgi\u2019ye verdi\u011fi \u00f6zel r\u00f6portajda, Kaymakl\u0131 b\u00f6lgesinin, KKTC ile G\u00fcney K\u0131br\u0131s aras\u0131nda bir ge\u00e7i\u015f kap\u0131s\u0131 olabilece\u011fi g\u00f6r\u00fc\u015f\u00fcn\u00fc ortaya koydu. Gazete, Lefko\u015fa T\u00fcrk Belediyesi ba\u015fkanl\u0131\u011f\u0131n\u0131 ikinci d\u00f6neminde s\u00fcrd\u00fcren Harmanc\u0131\u2019ya 2025 Cumhurba\u015fkan\u0131 se\u00e7iminde aday olup olmayaca\u011f\u0131n\u0131 sordu. Karar almak i\u00e7in hen\u00fcz erken oldu\u011funu belirten Harmanc\u0131, \u00f6nemli olan\u0131n Tatar\u2019\u0131n rakibinin kim olaca\u011f\u0131","og_url":"https:\/\/kibrisdakik.com\/?p=23594","article_published_time":"2023-12-24T14:09:16+00:00","og_image":[{"width":710,"height":370,"url":"https:\/\/kibrisdakik.com\/wp-content\/uploads\/2023\/12\/harmanci-kaymakli-yeni-gecis-kapisi-olabilecek-bir-bolge-1703424033.webp.webp","type":"image\/webp"}],"author":"admin","twitter_card":"summary_large_image","twitter_misc":{"Yazan:":"admin","Tahmini okuma s\u00fcresi":"2 dakika"},"schema":{"@context":"https:\/\/schema.org","@graph":[{"@type":"Article","@id":"https:\/\/kibrisdakik.com\/?p=23594#article","isPartOf":{"@id":"https:\/\/kibrisdakik.com\/?p=23594"},"author":{"name":"admin","@id":"https:\/\/kibrisdakik.com\/#\/schema\/person\/9cd9d437bbb44f72b73ba127e06d8e79"},"headline":"Harmanc\u0131: Kaymakl\u0131 yeni ge\u00e7i\u015f kap\u0131s\u0131 olabilecek bir b\u00f6lge","datePublished":"2023-12-24T14:09:16+00:00","mainEntityOfPage":{"@id":"https:\/\/kibrisdakik.com\/?p=23594"},"wordCount":354,"commentCount":0,"image":{"@id":"https:\/\/kibrisdakik.com\/?p=23594#primaryimage"},"thumbnailUrl":"https:\/\/kibrisdakik.com\/wp-content\/uploads\/2023\/12\/harmanci-kaymakli-yeni-gecis-kapisi-olabilecek-bir-bolge-1703424033.webp.webp","articleSection":["G\u00fcndem"],"inLanguage":"tr","potentialAction":[{"@type":"CommentAction","name":"Comment","target":["https:\/\/kibrisdakik.com\/?p=23594#respond"]}]},{"@type":"WebPage","@id":"https:\/\/kibrisdakik.com\/?p=23594","url":"https:\/\/kibrisdakik.com\/?p=23594","name":"Harmanc\u0131: Kaymakl\u0131 yeni ge\u00e7i\u015f kap\u0131s\u0131 olabilecek bir b\u00f6lge -","isPartOf":{"@id":"https:\/\/kibrisdakik.com\/#website"},"primaryImageOfPage":{"@id":"https:\/\/kibrisdakik.com\/?p=23594#primaryimage"},"image":{"@id":"https:\/\/kibrisdakik.com\/?p=23594#primaryimage"},"thumbnailUrl":"https:\/\/kibrisdakik.com\/wp-content\/uploads\/2023\/12\/harmanci-kaymakli-yeni-gecis-kapisi-olabilecek-bir-bolge-1703424033.webp.webp","datePublished":"2023-12-24T14:09:16+00:00","author":{"@id":"https:\/\/kibrisdakik.com\/#\/schema\/person\/9cd9d437bbb44f72b73ba127e06d8e79"},"breadcrumb":{"@id":"https:\/\/kibrisdakik.com\/?p=23594#breadcrumb"},"inLanguage":"tr","potentialAction":[{"@type":"ReadAction","target":["https:\/\/kibrisdakik.com\/?p=23594"]}]},{"@type":"ImageObject","inLanguage":"tr","@id":"https:\/\/kibrisdakik.com\/?p=23594#primaryimage","url":"https:\/\/kibrisdakik.com\/wp-content\/uploads\/2023\/12\/harmanci-kaymakli-yeni-gecis-kapisi-olabilecek-bir-bolge-1703424033.webp.webp","contentUrl":"https:\/\/kibrisdakik.com\/wp-content\/uploads\/2023\/12\/harmanci-kaymakli-yeni-gecis-kapisi-olabilecek-bir-bolge-1703424033.webp.webp","width":710,"height":370},{"@type":"BreadcrumbList","@id":"https:\/\/kibrisdakik.com\/?p=23594#breadcrumb","itemListElement":[{"@type":"ListItem","position":1,"name":"Home","item":"https:\/\/kibrisdakik.com\/"},{"@type":"ListItem","position":2,"name":"Harmanc\u0131: Kaymakl\u0131 yeni ge\u00e7i\u015f kap\u0131s\u0131 olabilecek bir b\u00f6lge"}]},{"@type":"WebSite","@id":"https:\/\/kibrisdakik.com\/#website","url":"https:\/\/kibrisdakik.com\/","name":"","description":"Tam vaktinde haber","potentialAction":[{"@type":"SearchAction","target":{"@type":"EntryPoint","urlTemplate":"https:\/\/kibrisdakik.com\/?s={search_term_string}"},"query-input":{"@type":"PropertyValueSpecification","valueRequired":true,"valueName":"search_term_string"}}],"inLanguage":"tr"},{"@type":"Person","@id":"https:\/\/kibrisdakik.com\/#\/schema\/person\/9cd9d437bbb44f72b73ba127e06d8e79","name":"admin","image":{"@type":"ImageObject","inLanguage":"tr","@id":"https:\/\/secure.gravatar.com\/avatar\/ccc17943b9d660506c869530f897617f7cb1c21a4bf30023f252596d83e1f007?s=96&d=mm&r=g","url":"https:\/\/secure.gravatar.com\/avatar\/ccc17943b9d660506c869530f897617f7cb1c21a4bf30023f252596d83e1f007?s=96&d=mm&r=g","contentUrl":"https:\/\/secure.gravatar.com\/avatar\/ccc17943b9d660506c869530f897617f7cb1c21a4bf30023f252596d83e1f007?s=96&d=mm&r=g","caption":"admin"},"sameAs":["https:\/\/kibrisdakik.com"],"url":"https:\/\/kibrisdakik.com\/?author=1"}]}},"_links":{"self":[{"href":"https:\/\/kibrisdakik.com\/index.php?rest_route=\/wp\/v2\/posts\/23594","targetHints":{"allow":["GET"]}}],"collection":[{"href":"https:\/\/kibrisdakik.com\/index.php?rest_route=\/wp\/v2\/posts"}],"about":[{"href":"https:\/\/kibrisdakik.com\/index.php?rest_route=\/wp\/v2\/types\/post"}],"author":[{"embeddable":true,"href":"https:\/\/kibrisdakik.com\/index.php?rest_route=\/wp\/v2\/users\/1"}],"replies":[{"embeddable":true,"href":"https:\/\/kibrisdakik.com\/index.php?rest_route=%2Fwp%2Fv2%2Fcomments&post=23594"}],"version-history":[{"count":0,"href":"https:\/\/kibrisdakik.com\/index.php?rest_route=\/wp\/v2\/posts\/23594\/revisions"}],"wp:featuredmedia":[{"embeddable":true,"href":"https:\/\/kibrisdakik.com\/index.php?rest_route=\/wp\/v2\/media\/23595"}],"wp:attachment":[{"href":"https:\/\/kibrisdakik.com\/index.php?rest_route=%2Fwp%2Fv2%2Fmedia&parent=23594"}],"wp:term":[{"taxonomy":"category","embeddable":true,"href":"https:\/\/kibrisdakik.com\/index.php?rest_route=%2Fwp%2Fv2%2Fcategories&post=23594"},{"taxonomy":"post_tag","embeddable":true,"href":"https:\/\/kibrisdakik.com\/index.php?rest_route=%2Fwp%2Fv2%2Ftags&post=23594"}],"curies":[{"name":"wp","href":"https:\/\/api.w.org\/{rel}","templated":true}]}}