{"id":23596,"date":"2023-12-24T14:11:32","date_gmt":"2023-12-24T14:11:32","guid":{"rendered":"https:\/\/kibrisdakik.com\/index.php\/2023\/12\/24\/girne-bolgesindeki-trafik-isiklarindaki-ariza-giderildi\/"},"modified":"2023-12-24T14:11:32","modified_gmt":"2023-12-24T14:11:32","slug":"girne-bolgesindeki-trafik-isiklarindaki-ariza-giderildi","status":"publish","type":"post","link":"https:\/\/kibrisdakik.com\/?p=23596","title":{"rendered":"Girne B\u00f6lgesindeki Trafik I\u015f\u0131klar\u0131ndaki Ar\u0131za Giderildi"},"content":{"rendered":"<p><img decoding=\"async\" src=\"https:\/\/www.kibristurk.com\/images\/haberler\/2023\/12\/girne-bolgesindeki-trafik-isiklarindaki-ariza-giderildi-1703423746.webp\" \/><\/p>\n<p>Girne B\u00f6lgesinde d\u00fcn ak\u015fam meydana gelen elektrik ar\u0131zas\u0131 nedeniyle devre d\u0131\u015f\u0131 kalan; Girne Hirondel Kav\u015fa\u011f\u0131 Trafik I\u015f\u0131klar\u0131 ile Girne Alsancak \u00c7evre Yolu \u00fczerinde bulunan Ezi\u00e7 Kav\u015fa\u011f\u0131 Trafik I\u015f\u0131klar\u0131, Zeytinlik Kav\u015fa\u011f\u0131 Trafik I\u015f\u0131klar\u0131, Merit Kav\u015fa\u011f\u0131 Trafik I\u015f\u0131klar\u0131 ve Ye\u015filova Spor Kul\u00fcb\u00fc Sahas\u0131 Kav\u015fa\u011f\u0131 Trafik I\u015f\u0131klar\u0131 tamir edilerek yeniden faal duruma getirilmi\u015ftir. G\u00fcvenli s\u00fcr\u00fc\u015fler dileriz.<\/p>\n","protected":false},"excerpt":{"rendered":"<p>Girne B\u00f6lgesinde d\u00fcn ak\u015fam meydana gelen elektrik ar\u0131zas\u0131 nedeniyle devre d\u0131\u015f\u0131 kalan; Girne Hirondel Kav\u015fa\u011f\u0131 Trafik I\u015f\u0131klar\u0131 ile Girne Alsancak \u00c7evre Yolu \u00fczerinde bulunan Ezi\u00e7 Kav\u015fa\u011f\u0131 Trafik I\u015f\u0131klar\u0131, Zeytinlik Kav\u015fa\u011f\u0131 Trafik I\u015f\u0131klar\u0131, Merit Kav\u015fa\u011f\u0131 Trafik I\u015f\u0131klar\u0131 ve Ye\u015filova Spor Kul\u00fcb\u00fc Sahas\u0131 Kav\u015fa\u011f\u0131 Trafik I\u015f\u0131klar\u0131 tamir edilerek yeniden faal duruma getirilmi\u015ftir. G\u00fcvenli s\u00fcr\u00fc\u015fler dileriz.<\/p>\n","protected":false},"author":1,"featured_media":23597,"comment_status":"open","ping_status":"open","sticky":false,"template":"","format":"standard","meta":{"footnotes":""},"categories":[85],"tags":[],"class_list":["post-23596","post","type-post","status-publish","format-standard","has-post-thumbnail","hentry","category-spor"],"yoast_head":"<!-- This site is optimized with the Yoast SEO plugin v27.4 - https:\/\/yoast.com\/product\/yoast-seo-wordpress\/ -->\n<title>Girne B\u00f6lgesindeki Trafik I\u015f\u0131klar\u0131ndaki Ar\u0131za Giderildi -<\/title>\n<meta name=\"robots\" content=\"index, follow, max-snippet:-1, max-image-preview:large, max-video-preview:-1\" \/>\n<link rel=\"canonical\" href=\"https:\/\/kibrisdakik.com\/?p=23596\" \/>\n<meta property=\"og:locale\" content=\"tr_TR\" \/>\n<meta property=\"og:type\" content=\"article\" \/>\n<meta property=\"og:title\" content=\"Girne B\u00f6lgesindeki Trafik I\u015f\u0131klar\u0131ndaki Ar\u0131za Giderildi -\" \/>\n<meta property=\"og:description\" content=\"Girne B\u00f6lgesinde d\u00fcn ak\u015fam meydana gelen elektrik ar\u0131zas\u0131 nedeniyle devre d\u0131\u015f\u0131 kalan; Girne Hirondel Kav\u015fa\u011f\u0131 Trafik I\u015f\u0131klar\u0131 ile Girne Alsancak \u00c7evre Yolu \u00fczerinde bulunan Ezi\u00e7 Kav\u015fa\u011f\u0131 Trafik I\u015f\u0131klar\u0131, Zeytinlik Kav\u015fa\u011f\u0131 Trafik I\u015f\u0131klar\u0131, Merit Kav\u015fa\u011f\u0131 Trafik I\u015f\u0131klar\u0131 ve Ye\u015filova Spor Kul\u00fcb\u00fc Sahas\u0131 Kav\u015fa\u011f\u0131 Trafik I\u015f\u0131klar\u0131 tamir edilerek yeniden faal duruma getirilmi\u015ftir. G\u00fcvenli s\u00fcr\u00fc\u015fler dileriz.\" \/>\n<meta property=\"og:url\" content=\"https:\/\/kibrisdakik.com\/?p=23596\" \/>\n<meta property=\"article:published_time\" content=\"2023-12-24T14:11:32+00:00\" \/>\n<meta property=\"og:image\" content=\"https:\/\/kibrisdakik.com\/wp-content\/uploads\/2023\/12\/girne-bolgesindeki-trafik-isiklarindaki-ariza-giderildi-1703423746.webp.webp\" \/>\n\t<meta property=\"og:image:width\" content=\"710\" \/>\n\t<meta property=\"og:image:height\" content=\"370\" \/>\n\t<meta property=\"og:image:type\" content=\"image\/webp\" \/>\n<meta name=\"author\" content=\"admin\" \/>\n<meta name=\"twitter:card\" content=\"summary_large_image\" \/>\n<meta name=\"twitter:label1\" content=\"Yazan:\" \/>\n\t<meta name=\"twitter:data1\" content=\"admin\" \/>\n<script type=\"application\/ld+json\" class=\"yoast-schema-graph\">{\"@context\":\"https:\\\/\\\/schema.org\",\"@graph\":[{\"@type\":\"Article\",\"@id\":\"https:\\\/\\\/kibrisdakik.com\\\/?p=23596#article\",\"isPartOf\":{\"@id\":\"https:\\\/\\\/kibrisdakik.com\\\/?p=23596\"},\"author\":{\"name\":\"admin\",\"@id\":\"https:\\\/\\\/kibrisdakik.com\\\/#\\\/schema\\\/person\\\/9cd9d437bbb44f72b73ba127e06d8e79\"},\"headline\":\"Girne B\u00f6lgesindeki Trafik I\u015f\u0131klar\u0131ndaki Ar\u0131za Giderildi\",\"datePublished\":\"2023-12-24T14:11:32+00:00\",\"mainEntityOfPage\":{\"@id\":\"https:\\\/\\\/kibrisdakik.com\\\/?p=23596\"},\"wordCount\":83,\"commentCount\":0,\"image\":{\"@id\":\"https:\\\/\\\/kibrisdakik.com\\\/?p=23596#primaryimage\"},\"thumbnailUrl\":\"https:\\\/\\\/kibrisdakik.com\\\/wp-content\\\/uploads\\\/2023\\\/12\\\/girne-bolgesindeki-trafik-isiklarindaki-ariza-giderildi-1703423746.webp.webp\",\"articleSection\":[\"Spor\"],\"inLanguage\":\"tr\",\"potentialAction\":[{\"@type\":\"CommentAction\",\"name\":\"Comment\",\"target\":[\"https:\\\/\\\/kibrisdakik.com\\\/?p=23596#respond\"]}]},{\"@type\":\"WebPage\",\"@id\":\"https:\\\/\\\/kibrisdakik.com\\\/?p=23596\",\"url\":\"https:\\\/\\\/kibrisdakik.com\\\/?p=23596\",\"name\":\"Girne B\u00f6lgesindeki Trafik I\u015f\u0131klar\u0131ndaki Ar\u0131za Giderildi -\",\"isPartOf\":{\"@id\":\"https:\\\/\\\/kibrisdakik.com\\\/#website\"},\"primaryImageOfPage\":{\"@id\":\"https:\\\/\\\/kibrisdakik.com\\\/?p=23596#primaryimage\"},\"image\":{\"@id\":\"https:\\\/\\\/kibrisdakik.com\\\/?p=23596#primaryimage\"},\"thumbnailUrl\":\"https:\\\/\\\/kibrisdakik.com\\\/wp-content\\\/uploads\\\/2023\\\/12\\\/girne-bolgesindeki-trafik-isiklarindaki-ariza-giderildi-1703423746.webp.webp\",\"datePublished\":\"2023-12-24T14:11:32+00:00\",\"author\":{\"@id\":\"https:\\\/\\\/kibrisdakik.com\\\/#\\\/schema\\\/person\\\/9cd9d437bbb44f72b73ba127e06d8e79\"},\"breadcrumb\":{\"@id\":\"https:\\\/\\\/kibrisdakik.com\\\/?p=23596#breadcrumb\"},\"inLanguage\":\"tr\",\"potentialAction\":[{\"@type\":\"ReadAction\",\"target\":[\"https:\\\/\\\/kibrisdakik.com\\\/?p=23596\"]}]},{\"@type\":\"ImageObject\",\"inLanguage\":\"tr\",\"@id\":\"https:\\\/\\\/kibrisdakik.com\\\/?p=23596#primaryimage\",\"url\":\"https:\\\/\\\/kibrisdakik.com\\\/wp-content\\\/uploads\\\/2023\\\/12\\\/girne-bolgesindeki-trafik-isiklarindaki-ariza-giderildi-1703423746.webp.webp\",\"contentUrl\":\"https:\\\/\\\/kibrisdakik.com\\\/wp-content\\\/uploads\\\/2023\\\/12\\\/girne-bolgesindeki-trafik-isiklarindaki-ariza-giderildi-1703423746.webp.webp\",\"width\":710,\"height\":370},{\"@type\":\"BreadcrumbList\",\"@id\":\"https:\\\/\\\/kibrisdakik.com\\\/?p=23596#breadcrumb\",\"itemListElement\":[{\"@type\":\"ListItem\",\"position\":1,\"name\":\"Home\",\"item\":\"https:\\\/\\\/kibrisdakik.com\\\/\"},{\"@type\":\"ListItem\",\"position\":2,\"name\":\"Girne B\u00f6lgesindeki Trafik I\u015f\u0131klar\u0131ndaki Ar\u0131za Giderildi\"}]},{\"@type\":\"WebSite\",\"@id\":\"https:\\\/\\\/kibrisdakik.com\\\/#website\",\"url\":\"https:\\\/\\\/kibrisdakik.com\\\/\",\"name\":\"\",\"description\":\"Tam vaktinde haber\",\"potentialAction\":[{\"@type\":\"SearchAction\",\"target\":{\"@type\":\"EntryPoint\",\"urlTemplate\":\"https:\\\/\\\/kibrisdakik.com\\\/?s={search_term_string}\"},\"query-input\":{\"@type\":\"PropertyValueSpecification\",\"valueRequired\":true,\"valueName\":\"search_term_string\"}}],\"inLanguage\":\"tr\"},{\"@type\":\"Person\",\"@id\":\"https:\\\/\\\/kibrisdakik.com\\\/#\\\/schema\\\/person\\\/9cd9d437bbb44f72b73ba127e06d8e79\",\"name\":\"admin\",\"image\":{\"@type\":\"ImageObject\",\"inLanguage\":\"tr\",\"@id\":\"https:\\\/\\\/secure.gravatar.com\\\/avatar\\\/ccc17943b9d660506c869530f897617f7cb1c21a4bf30023f252596d83e1f007?s=96&d=mm&r=g\",\"url\":\"https:\\\/\\\/secure.gravatar.com\\\/avatar\\\/ccc17943b9d660506c869530f897617f7cb1c21a4bf30023f252596d83e1f007?s=96&d=mm&r=g\",\"contentUrl\":\"https:\\\/\\\/secure.gravatar.com\\\/avatar\\\/ccc17943b9d660506c869530f897617f7cb1c21a4bf30023f252596d83e1f007?s=96&d=mm&r=g\",\"caption\":\"admin\"},\"sameAs\":[\"https:\\\/\\\/kibrisdakik.com\"],\"url\":\"https:\\\/\\\/kibrisdakik.com\\\/?author=1\"}]}<\/script>\n<!-- \/ Yoast SEO plugin. -->","yoast_head_json":{"title":"Girne B\u00f6lgesindeki Trafik I\u015f\u0131klar\u0131ndaki Ar\u0131za Giderildi -","robots":{"index":"index","follow":"follow","max-snippet":"max-snippet:-1","max-image-preview":"max-image-preview:large","max-video-preview":"max-video-preview:-1"},"canonical":"https:\/\/kibrisdakik.com\/?p=23596","og_locale":"tr_TR","og_type":"article","og_title":"Girne B\u00f6lgesindeki Trafik I\u015f\u0131klar\u0131ndaki Ar\u0131za Giderildi -","og_description":"Girne B\u00f6lgesinde d\u00fcn ak\u015fam meydana gelen elektrik ar\u0131zas\u0131 nedeniyle devre d\u0131\u015f\u0131 kalan; Girne Hirondel Kav\u015fa\u011f\u0131 Trafik I\u015f\u0131klar\u0131 ile Girne Alsancak \u00c7evre Yolu \u00fczerinde bulunan Ezi\u00e7 Kav\u015fa\u011f\u0131 Trafik I\u015f\u0131klar\u0131, Zeytinlik Kav\u015fa\u011f\u0131 Trafik I\u015f\u0131klar\u0131, Merit Kav\u015fa\u011f\u0131 Trafik I\u015f\u0131klar\u0131 ve Ye\u015filova Spor Kul\u00fcb\u00fc Sahas\u0131 Kav\u015fa\u011f\u0131 Trafik I\u015f\u0131klar\u0131 tamir edilerek yeniden faal duruma getirilmi\u015ftir. G\u00fcvenli s\u00fcr\u00fc\u015fler dileriz.","og_url":"https:\/\/kibrisdakik.com\/?p=23596","article_published_time":"2023-12-24T14:11:32+00:00","og_image":[{"width":710,"height":370,"url":"https:\/\/kibrisdakik.com\/wp-content\/uploads\/2023\/12\/girne-bolgesindeki-trafik-isiklarindaki-ariza-giderildi-1703423746.webp.webp","type":"image\/webp"}],"author":"admin","twitter_card":"summary_large_image","twitter_misc":{"Yazan:":"admin"},"schema":{"@context":"https:\/\/schema.org","@graph":[{"@type":"Article","@id":"https:\/\/kibrisdakik.com\/?p=23596#article","isPartOf":{"@id":"https:\/\/kibrisdakik.com\/?p=23596"},"author":{"name":"admin","@id":"https:\/\/kibrisdakik.com\/#\/schema\/person\/9cd9d437bbb44f72b73ba127e06d8e79"},"headline":"Girne B\u00f6lgesindeki Trafik I\u015f\u0131klar\u0131ndaki Ar\u0131za Giderildi","datePublished":"2023-12-24T14:11:32+00:00","mainEntityOfPage":{"@id":"https:\/\/kibrisdakik.com\/?p=23596"},"wordCount":83,"commentCount":0,"image":{"@id":"https:\/\/kibrisdakik.com\/?p=23596#primaryimage"},"thumbnailUrl":"https:\/\/kibrisdakik.com\/wp-content\/uploads\/2023\/12\/girne-bolgesindeki-trafik-isiklarindaki-ariza-giderildi-1703423746.webp.webp","articleSection":["Spor"],"inLanguage":"tr","potentialAction":[{"@type":"CommentAction","name":"Comment","target":["https:\/\/kibrisdakik.com\/?p=23596#respond"]}]},{"@type":"WebPage","@id":"https:\/\/kibrisdakik.com\/?p=23596","url":"https:\/\/kibrisdakik.com\/?p=23596","name":"Girne B\u00f6lgesindeki Trafik I\u015f\u0131klar\u0131ndaki Ar\u0131za Giderildi -","isPartOf":{"@id":"https:\/\/kibrisdakik.com\/#website"},"primaryImageOfPage":{"@id":"https:\/\/kibrisdakik.com\/?p=23596#primaryimage"},"image":{"@id":"https:\/\/kibrisdakik.com\/?p=23596#primaryimage"},"thumbnailUrl":"https:\/\/kibrisdakik.com\/wp-content\/uploads\/2023\/12\/girne-bolgesindeki-trafik-isiklarindaki-ariza-giderildi-1703423746.webp.webp","datePublished":"2023-12-24T14:11:32+00:00","author":{"@id":"https:\/\/kibrisdakik.com\/#\/schema\/person\/9cd9d437bbb44f72b73ba127e06d8e79"},"breadcrumb":{"@id":"https:\/\/kibrisdakik.com\/?p=23596#breadcrumb"},"inLanguage":"tr","potentialAction":[{"@type":"ReadAction","target":["https:\/\/kibrisdakik.com\/?p=23596"]}]},{"@type":"ImageObject","inLanguage":"tr","@id":"https:\/\/kibrisdakik.com\/?p=23596#primaryimage","url":"https:\/\/kibrisdakik.com\/wp-content\/uploads\/2023\/12\/girne-bolgesindeki-trafik-isiklarindaki-ariza-giderildi-1703423746.webp.webp","contentUrl":"https:\/\/kibrisdakik.com\/wp-content\/uploads\/2023\/12\/girne-bolgesindeki-trafik-isiklarindaki-ariza-giderildi-1703423746.webp.webp","width":710,"height":370},{"@type":"BreadcrumbList","@id":"https:\/\/kibrisdakik.com\/?p=23596#breadcrumb","itemListElement":[{"@type":"ListItem","position":1,"name":"Home","item":"https:\/\/kibrisdakik.com\/"},{"@type":"ListItem","position":2,"name":"Girne B\u00f6lgesindeki Trafik I\u015f\u0131klar\u0131ndaki Ar\u0131za Giderildi"}]},{"@type":"WebSite","@id":"https:\/\/kibrisdakik.com\/#website","url":"https:\/\/kibrisdakik.com\/","name":"","description":"Tam vaktinde haber","potentialAction":[{"@type":"SearchAction","target":{"@type":"EntryPoint","urlTemplate":"https:\/\/kibrisdakik.com\/?s={search_term_string}"},"query-input":{"@type":"PropertyValueSpecification","valueRequired":true,"valueName":"search_term_string"}}],"inLanguage":"tr"},{"@type":"Person","@id":"https:\/\/kibrisdakik.com\/#\/schema\/person\/9cd9d437bbb44f72b73ba127e06d8e79","name":"admin","image":{"@type":"ImageObject","inLanguage":"tr","@id":"https:\/\/secure.gravatar.com\/avatar\/ccc17943b9d660506c869530f897617f7cb1c21a4bf30023f252596d83e1f007?s=96&d=mm&r=g","url":"https:\/\/secure.gravatar.com\/avatar\/ccc17943b9d660506c869530f897617f7cb1c21a4bf30023f252596d83e1f007?s=96&d=mm&r=g","contentUrl":"https:\/\/secure.gravatar.com\/avatar\/ccc17943b9d660506c869530f897617f7cb1c21a4bf30023f252596d83e1f007?s=96&d=mm&r=g","caption":"admin"},"sameAs":["https:\/\/kibrisdakik.com"],"url":"https:\/\/kibrisdakik.com\/?author=1"}]}},"_links":{"self":[{"href":"https:\/\/kibrisdakik.com\/index.php?rest_route=\/wp\/v2\/posts\/23596","targetHints":{"allow":["GET"]}}],"collection":[{"href":"https:\/\/kibrisdakik.com\/index.php?rest_route=\/wp\/v2\/posts"}],"about":[{"href":"https:\/\/kibrisdakik.com\/index.php?rest_route=\/wp\/v2\/types\/post"}],"author":[{"embeddable":true,"href":"https:\/\/kibrisdakik.com\/index.php?rest_route=\/wp\/v2\/users\/1"}],"replies":[{"embeddable":true,"href":"https:\/\/kibrisdakik.com\/index.php?rest_route=%2Fwp%2Fv2%2Fcomments&post=23596"}],"version-history":[{"count":0,"href":"https:\/\/kibrisdakik.com\/index.php?rest_route=\/wp\/v2\/posts\/23596\/revisions"}],"wp:featuredmedia":[{"embeddable":true,"href":"https:\/\/kibrisdakik.com\/index.php?rest_route=\/wp\/v2\/media\/23597"}],"wp:attachment":[{"href":"https:\/\/kibrisdakik.com\/index.php?rest_route=%2Fwp%2Fv2%2Fmedia&parent=23596"}],"wp:term":[{"taxonomy":"category","embeddable":true,"href":"https:\/\/kibrisdakik.com\/index.php?rest_route=%2Fwp%2Fv2%2Fcategories&post=23596"},{"taxonomy":"post_tag","embeddable":true,"href":"https:\/\/kibrisdakik.com\/index.php?rest_route=%2Fwp%2Fv2%2Ftags&post=23596"}],"curies":[{"name":"wp","href":"https:\/\/api.w.org\/{rel}","templated":true}]}}