{"id":23724,"date":"2023-12-25T15:47:51","date_gmt":"2023-12-25T15:47:51","guid":{"rendered":"https:\/\/kibrisdakik.com\/index.php\/2023\/12\/25\/dipkarpaz-manastir-yolu-yenileniyor\/"},"modified":"2023-12-25T15:47:51","modified_gmt":"2023-12-25T15:47:51","slug":"dipkarpaz-manastir-yolu-yenileniyor","status":"publish","type":"post","link":"https:\/\/kibrisdakik.com\/?p=23724","title":{"rendered":"Dipkarpaz- Manast\u0131r yolu yenileniyor"},"content":{"rendered":"<p><img decoding=\"async\" src=\"https:\/\/www.kibristurk.com\/images\/haberler\/2023\/12\/dipkarpaz-manastir-yolu-yenileniyor-1703518872.webp\" \/><\/p>\n<p style=\"text-align:left\"><span style=\"font-size:12pt\"><span style=\"background-color:white\"><span style=\",serif\"><span style=\"font-size:13.0pt\"><span style=\",sans-serif\"><span style=\"color:#4d4e53\">KKTC Karayollar\u0131 Master Plan\u0131 2021-2022 Uygulama Protokol\u00fc kapsam\u0131nda olan,ancak malzeme temini konusunda s\u0131k\u0131nt\u0131 nedeniyle yap\u0131m\u0131na ba\u015flanamayan Manast\u0131r Dipkarpaz yoluyla ilgili ad\u0131m at\u0131ld\u0131.<\/span><\/span><\/span><\/span><\/span><\/span><\/p>\n<p style=\"text-align:left\"><span style=\"font-size:12pt\"><span style=\"background-color:white\"><span style=\",serif\"><span style=\"font-size:13.0pt\"><span style=\",sans-serif\"><span style=\"color:#4d4e53\">Finansman\u0131 T\u00fcrkiye Cumhuriyeti taraf\u0131ndan kar\u015f\u0131lanan yolun yap\u0131m\u0131nda kullan\u0131lacak malzeme tedariki ile ilgili sorun a\u015f\u0131ld\u0131.<\/span><\/span><\/span><\/span><\/span><\/span><\/p>\n<p style=\"text-align:left\"><span style=\"font-size:12pt\"><span style=\"background-color:white\"><span style=\",serif\"><span style=\"font-size:13.0pt\"><span style=\",sans-serif\"><span style=\"color:black\">Ba\u015fbakan Yard\u0131mc\u0131s\u0131 Turizm K\u00fclt\u00fcr Gen\u00e7lik ve \u00c7evre Bakan\u0131 Fikri Atao\u011flu\u2019nun inisiyatifiyle yol yap\u0131m\u0131nda kullan\u0131lacak malzeme ile ilgili 12 yer saptand\u0131. Bu yerlerden uygun olan 3 tanesi se\u00e7ilecek ve bir hafta i\u00e7erisinde ruhsatland\u0131r\u0131lacak. Ard\u0131ndan en k\u0131sa s\u00fcrede yolun yap\u0131m\u0131na ba\u015flanacak.<\/span><\/span><\/span><\/span><\/span><\/span><\/p>\n<p style=\"text-align:left\"><span style=\"font-size:12pt\"><span style=\"background-color:white\"><span style=\",serif\"><span style=\"font-size:13.0pt\"><span style=\",sans-serif\"><span style=\"color:black\">Blu Sea Otel yan\u0131ndan ba\u015flay\u0131p, Apostolos Andreas Manast\u0131r\u0131\u2019na kadar olan 25 kilometrelik yol 6 metre olarak yenilenecek. \u0130ki\u015fer metrelik bisiklet ve y\u00fcr\u00fcy\u00fc\u015f yoluyla birlikte yol geni\u015fli\u011fi 10 metreye ula\u015facak.<\/span><\/span><\/span><\/span><\/span><\/span><\/p>\n<p style=\"text-align:left\"><span style=\"font-size:12pt\"><span style=\"background-color:white\"><span style=\",serif\"><span style=\"font-size:13.0pt\"><span style=\",sans-serif\"><span style=\"color:black\">&nbsp;Ba\u015fbakan Yard\u0131mc\u0131s\u0131 Turizm K\u00fclt\u00fcr Gen\u00e7lik ve \u00c7evre Bakan\u0131 Fikri Atao\u011flu, Bay\u0131nd\u0131rl\u0131k ve Ula\u015ft\u0131rma Bakan\u0131 Erhan Ar\u0131kl\u0131, Karayollar\u0131 Dairesi, T\u00fcrkiye Karayollar\u0131 Koordinat\u00f6rl\u00fc\u011f\u00fc ve &nbsp;ilgili dairelerin yetkilileri, yol g\u00fczergah\u0131nda &nbsp;bug\u00fcn inceleme yapt\u0131. K\u00f6y meydan\u0131nda da vatanda\u015flarla bir araya geldi.<\/span><\/span><\/span><\/span><\/span><\/span><\/p>\n<p style=\"text-align:left\"><span style=\"font-size:12pt\"><span style=\"background-color:white\"><span style=\",serif\"><span style=\"font-size:13.0pt\"><span style=\",sans-serif\"><span style=\"color:black\">-Ar\u0131kl\u0131<\/span><\/span><\/span><\/span><\/span><\/span><\/p>\n<p style=\"text-align:left\"><span style=\"font-size:12pt\"><span style=\"background-color:white\"><span style=\",serif\"><span style=\"font-size:13.0pt\"><span style=\",sans-serif\"><span style=\"color:black\">\u0130nceleme s\u0131ras\u0131nda a\u00e7\u0131klama yapan Bay\u0131nd\u0131rl\u0131k ve Ula\u015ft\u0131rma Bakan\u0131&nbsp; Erhan Ar\u0131kl\u0131, &nbsp;s\u00f6z konusu yolun yenilenmesinin uzun s\u00fcredir \u00fczerinde durduklar\u0131 ve \u00fclkenin ciddi ihtiyac\u0131 olan bir konu oldu\u011funu ifade etti.<\/span><\/span><\/span><\/span><\/span><\/span><\/p>\n<p style=\"text-align:left\"><span style=\"font-size:12pt\"><span style=\"background-color:white\"><span style=\",serif\"><span style=\"font-size:13.0pt\"><span style=\",sans-serif\"><span style=\"color:black\">Ar\u0131kl\u0131, yolun yenileme \u00e7al\u0131\u015fmas\u0131nda kullan\u0131lacak malzeme al\u0131m\u0131 konusunda Ba\u015fbakan Yard\u0131mc\u0131s\u0131 Fikri Atao\u011flu\u2019nun talimat\u0131yla 3 tane yer tespit edilece\u011fini ve bu hafta i\u00e7erisinde ruhsatland\u0131rma yap\u0131ld\u0131ktan sonra&nbsp; \u00e7ok k\u0131sa s\u00fcrede yolun yap\u0131m\u0131na ba\u015flanaca\u011f\u0131n\u0131 belirtti.<\/span><\/span><\/span><\/span><\/span><\/span><\/p>\n<p style=\"text-align:left\"><span style=\"font-size:12pt\"><span style=\"background-color:white\"><span style=\",serif\"><span style=\"font-size:13.0pt\"><span style=\",sans-serif\"><span style=\"color:black\">&nbsp;Ar\u0131kl\u0131, Bakan Atao\u011flu\u2019nun&nbsp; \u201cBu yol kamu yarar\u0131na oldu\u011fu i\u00e7in ba\u015fka engel tan\u0131may\u0131z\u201d diyerek inisiyatif ald\u0131\u011f\u0131n\u0131 ve ilgili dairelere talimatlar\u0131n\u0131 verdi\u011fini s\u00f6yleyerek, Dipkarpaz yoluna bug\u00fcn itibar\u0131yla \u201cstart\u201d verildi\u011fini s\u00f6yledi.<\/span><\/span><\/span><\/span><\/span><\/span><\/p>\n<p style=\"text-align:left\"><span style=\"font-size:12pt\"><span style=\"background-color:white\"><span style=\",serif\"><span style=\"font-size:13.0pt\"><span style=\",sans-serif\"><span style=\"color:black\">Ar\u0131kl\u0131 yolun daha \u00f6nce T\u00fcrkiye taraf\u0131ndan ihale edildi\u011fini, KKTC alt yap\u0131 i\u00e7in kullan\u0131lacak malzemeyi temin edemedi\u011fi i\u00e7in yolun yap\u0131m\u0131n\u0131n gecikti\u011fini belirterek,\u201d \u00c7evre Dairesi, Jeoloji ve Maden Dairesi Eski Eserler Dairesi \u015fimdiye kadar malzeme al\u0131m\u0131nda s\u0131k\u0131nt\u0131 \u00e7\u0131kar\u0131yorlard\u0131 ancak Say\u0131n Bakan\u2019\u0131n inisiyatif \u00fcstlenmesiyle&nbsp; konu \u00e7\u00f6z\u00fclm\u00fc\u015f oldu. Son derece mutluyuz art\u0131k \u00f6n\u00fcm\u00fczde bir engel kalmad\u0131. \u0130lgili firma en k\u0131sa s\u00fcrede&nbsp; yol \u00e7al\u0131\u015fmalar\u0131na ba\u015flayacak\u201d dedi.<\/span><\/span><\/span><\/span><\/span><\/span><\/p>\n<p style=\"text-align:left\"><span style=\"font-size:12pt\"><span style=\"background-color:white\"><span style=\",serif\">&nbsp;<\/span><\/span><\/span><\/p>\n<p style=\"text-align:left\"><span style=\"font-size:12pt\"><span style=\"background-color:white\"><span style=\",serif\"><span style=\"font-size:13.0pt\"><span style=\",sans-serif\"><span style=\"color:black\">-Atao\u011flu<\/span><\/span><\/span><\/span><\/span><\/span><\/p>\n<p style=\"text-align:left\"><span style=\"font-size:12pt\"><span style=\"background-color:white\"><span style=\",serif\"><span style=\"font-size:13.0pt\"><span style=\",sans-serif\"><span style=\"color:black\">Yolun yap\u0131m\u0131n\u0131 uzun zamand\u0131r beklediklerini s\u00f6yleyen Atao\u011flu, uzun \u00e7al\u0131\u015fma sonras\u0131nda \u00c7evre Dairesi, Eski Eserler Dairesi ve Jeoloji Dairesi\u2019nin Karayollar\u0131\u2019yla ortak \u00e7al\u0131\u015fmas\u0131 sonucunda yol geni\u015fli\u011finin y\u00fcr\u00fcy\u00fc\u015f ve bisiklet yollar\u0131yla birlikte 10 metreye \u00e7\u0131kart\u0131ld\u0131\u011f\u0131n\u0131&nbsp; ifade etti.<\/span><\/span><\/span><\/span><\/span><\/span><\/p>\n<p style=\"text-align:left\"><span style=\"font-size:12pt\"><span style=\"background-color:white\"><span style=\",serif\"><span style=\"font-size:13.0pt\"><span style=\",sans-serif\"><span style=\"color:black\">Atao\u011flu, malzeme tedariki konusunda mesafe ve miktar&nbsp;d\u00fc\u015f\u00fcn\u00fclerek yerlerin belirlenece\u011fini, teraslama usul\u00fcyle &nbsp;al\u0131nacak malzemenin&nbsp; yollar\u0131n yap\u0131m\u0131nda&nbsp; kullan\u0131laca\u011f\u0131n\u0131 ve malzeme al\u0131nan yerlerin en sonunda a\u011fa\u00e7land\u0131r\u0131l\u0131p ye\u015fillendirilece\u011fini s\u00f6yledi<\/span><\/span><\/span><\/span><\/span><\/span><\/p>\n<p style=\"text-align:left\"><span style=\"font-size:12pt\"><span style=\"background-color:white\"><span style=\",serif\"><span style=\"font-size:13.0pt\"><span style=\",sans-serif\"><span style=\"color:black\">Atao\u011flu, k\u0131sa s\u00fcrede ruhsatland\u0131rma i\u015flemi tamamland\u0131ktan sonra y\u00fcklenici firman\u0131n Karayollar\u0131 ile birlikte hemen yol yenileme \u00e7al\u0131\u015fmas\u0131na ba\u015flayabilece\u011fini ifade etti.<\/span><\/span><\/span><\/span><\/span><\/span><\/p>\n<p style=\"text-align:left\"><span style=\"font-size:12pt\"><span style=\"background-color:white\"><span style=\",serif\"><span style=\"font-size:13.0pt\"><span style=\",sans-serif\"><span style=\"color:black\">Yolun yap\u0131m\u0131nda tek eksi\u011fin malzeme tedariki oldu\u011funu, onu da bug\u00fcn sonu\u00e7land\u0131rd\u0131klar\u0131n\u0131 s\u00f6yleyen Atao\u011flu, yolun h\u0131zl\u0131 bir \u015fekilde bitmesini arzu ettiklerini belirtti.<\/span><\/span><\/span><\/span><\/span><\/span><\/p>\n<p style=\"text-align:left\"><span style=\"font-size:12pt\"><span style=\"background-color:white\"><span style=\",serif\"><span style=\"font-size:13.0pt\"><span style=\",sans-serif\"><span style=\"color:black\">Atao\u011flu yolun yenilenmesinin turizme \u00e7ok b\u00fcy\u00fck katk\u0131s\u0131 olaca\u011f\u0131n\u0131, \u00f6zellikle Apostolos Andreas\u2019a yap\u0131lan ziyaretlerde otob\u00fcslerin gidip geli\u015flerinde yolun bozuk ve dar olmas\u0131yla ilgili bir \u00e7ok \u015fikayet ald\u0131klar\u0131n\u0131 belirterek, yapacaklar\u0131 10 metre geni\u015fli\u011findeki yolun daha rahat seyahat imkan\u0131 sa\u011flayaca\u011f\u0131n\u0131 ve daha \u00e7ok turistin b\u00f6lgeye gidece\u011fini kaydetti. Atao\u011flu, \u201cOtob\u00fcsler bu b\u00f6lgeye gelmekten imtina ediyorlar, \u00e7ekiniyorlar\u201d diyerek yolu yapt\u0131ktan sonra herkesin g\u00f6n\u00fcl rahatl\u0131\u011f\u0131yla gelebilece\u011fini kaydetti.<\/span><\/span><\/span><\/span><\/span><\/span><\/p>\n<p style=\"text-align:left\"><span style=\"font-size:12pt\"><span style=\"background-color:white\"><span style=\",serif\"><span style=\"font-size:13.0pt\"><span style=\",sans-serif\"><span style=\"color:black\">Atao\u011flu Apostolos Andreas Manast\u0131r\u0131 meydan\u0131n\u0131n projelendirildi\u011fini ve yak\u0131n zamanda Belediye ile i\u015f birli\u011finde oras\u0131n\u0131n kazand\u0131r\u0131lmas\u0131n\u0131n \u00f6nemli oldu\u011funu, ayr\u0131ca b\u00f6lgedeki \u201ch\u00fcr e\u015fekler\u201d ile ilgili ciddi s\u0131k\u0131nt\u0131 ve \u015fikayetler oldu\u011funu, s\u00f6z konusu e\u015feklerin toplanarak kapal\u0131 alana al\u0131nmas\u0131 konusunda Belediye ve Ta\u015fkent Do\u011fa Park\u0131 ile i\u015f birli\u011fi yapacaklar\u0131n\u0131 s\u00f6yledi.<\/span><\/span><\/span><\/span><\/span><\/span><\/p>\n<p style=\"text-align:left\"><span style=\"font-size:12pt\"><span style=\"background-color:white\"><span style=\",serif\">&nbsp;<\/span><\/span><\/span><\/p>\n<p style=\"text-align:left\"><span style=\"font-size:12pt\"><span style=\"background-color:white\"><span style=\",serif\"><span style=\"font-size:13.0pt\"><span style=\",sans-serif\"><span style=\"color:black\">-Bak\u0131rc\u0131<\/span><\/span><\/span><\/span><\/span><\/span><\/p>\n<p style=\"text-align:left\"><span style=\"font-size:12pt\"><span style=\"background-color:white\"><span style=\",serif\"><span style=\"font-size:13.0pt\"><span style=\",sans-serif\"><span style=\"color:black\">Yenierenk\u00f6y Dipkarpaz Belediye Ba\u015fkan\u0131 Hamit Bak\u0131rc\u0131 da yol yap\u0131m\u0131nda kararl\u0131 duru\u015flar\u0131 i\u00e7in her iki bakana da te\u015fekk\u00fcr etti.<\/span><\/span><\/span><\/span><\/span><\/span><\/p>\n<p style=\"text-align:left\"><span style=\"font-size:12pt\"><span style=\"background-color:white\"><span style=\",serif\"><span style=\"font-size:13.0pt\"><span style=\",sans-serif\"><span style=\"color:black\">Bak\u0131rc\u0131,&nbsp; inan\u00e7 turizmi ve do\u011fal g\u00fczellikleri a\u00e7\u0131s\u0131ndan Karpaz\u2019\u0131n \u00f6nemini vurgulayarak, b\u00f6lgeye binlerce turist geldi\u011fini ancak yollar\u0131n \u201ck\u00f6stebek yuvas\u0131na\u201d d\u00f6nd\u00fc\u011f\u00fcn\u00fc s\u00f6yledi.<\/span><\/span><\/span><\/span><\/span><\/span><\/p>\n<p style=\"text-align:left\"><span style=\"font-size:12pt\"><span style=\"background-color:white\"><span style=\",serif\"><span style=\"font-size:13.0pt\"><span style=\",sans-serif\"><span style=\"color:black\">\u201cBisikletle bile gitmek s\u0131k\u0131nt\u0131 yarat\u0131yor\u201d diyen Bak\u0131rc\u0131, yolun yap\u0131m\u0131n\u0131n turizm ve b\u00f6lge insan\u0131na katk\u0131s\u0131 ve \u00fclke imaj\u0131 a\u00e7\u0131s\u0131ndan \u00e7ok \u00f6nemli oldu\u011funun alt\u0131n\u0131 \u00e7izdi.<\/span><\/span><\/span><\/span><\/span><\/span><\/p>\n<p style=\"text-align:left\"><span style=\"font-size:12pt\"><span style=\"background-color:white\"><span style=\",serif\"><span style=\"font-size:13.0pt\"><span style=\",sans-serif\"><span style=\"color:black\">Bak\u0131rc\u0131, yolla birlikte&nbsp; Apostosolos Andras Meydan\u0131 Projesinin tamamlanmas\u0131n\u0131n da yolu&nbsp; ta\u00e7land\u0131raca\u011f\u0131n\u0131 ve cazibe merkezi haline getirece\u011fini s\u00f6yledi.<\/span><\/span><\/span><\/span><\/span><\/span><\/p>\n<p style=\"text-align:left\"><span style=\"font-size:12pt\"><span style=\"background-color:white\"><span style=\",serif\"><span style=\"font-size:13.0pt\"><span style=\",sans-serif\"><span style=\"color:black\">Bak\u0131rc\u0131, \u201cBu yol \u00e7ok k\u00f6t\u00fcyd\u00fc, nihayetinde bitiyor. Biz \u00e7ok sevin\u00e7liyiz b\u00f6lge insan\u0131 olarak\u201d dedi.<\/span><\/span><\/span><\/span><\/span><\/span><\/p>\n<p style=\"text-align:justify\">&nbsp;<\/p>\n","protected":false},"excerpt":{"rendered":"<p>KKTC Karayollar\u0131 Master Plan\u0131 2021-2022 Uygulama Protokol\u00fc kapsam\u0131nda olan,ancak malzeme temini konusunda s\u0131k\u0131nt\u0131 nedeniyle yap\u0131m\u0131na ba\u015flanamayan Manast\u0131r Dipkarpaz yoluyla ilgili ad\u0131m at\u0131ld\u0131. Finansman\u0131 T\u00fcrkiye Cumhuriyeti taraf\u0131ndan kar\u015f\u0131lanan yolun yap\u0131m\u0131nda kullan\u0131lacak malzeme tedariki ile ilgili sorun a\u015f\u0131ld\u0131. Ba\u015fbakan Yard\u0131mc\u0131s\u0131 Turizm K\u00fclt\u00fcr Gen\u00e7lik ve \u00c7evre Bakan\u0131 Fikri Atao\u011flu\u2019nun inisiyatifiyle yol yap\u0131m\u0131nda kullan\u0131lacak malzeme ile ilgili 12 yer<\/p>\n","protected":false},"author":1,"featured_media":23725,"comment_status":"open","ping_status":"open","sticky":false,"template":"","format":"standard","meta":{"footnotes":""},"categories":[1],"tags":[],"class_list":["post-23724","post","type-post","status-publish","format-standard","has-post-thumbnail","hentry","category-gundem"],"yoast_head":"<!-- This site is optimized with the Yoast SEO plugin v27.5 - https:\/\/yoast.com\/product\/yoast-seo-wordpress\/ -->\n<title>Dipkarpaz- Manast\u0131r yolu yenileniyor -<\/title>\n<meta name=\"robots\" content=\"index, follow, max-snippet:-1, max-image-preview:large, max-video-preview:-1\" \/>\n<link rel=\"canonical\" href=\"https:\/\/kibrisdakik.com\/?p=23724\" \/>\n<meta property=\"og:locale\" content=\"tr_TR\" \/>\n<meta property=\"og:type\" content=\"article\" \/>\n<meta property=\"og:title\" content=\"Dipkarpaz- Manast\u0131r yolu yenileniyor -\" \/>\n<meta property=\"og:description\" content=\"KKTC Karayollar\u0131 Master Plan\u0131 2021-2022 Uygulama Protokol\u00fc kapsam\u0131nda olan,ancak malzeme temini konusunda s\u0131k\u0131nt\u0131 nedeniyle yap\u0131m\u0131na ba\u015flanamayan Manast\u0131r Dipkarpaz yoluyla ilgili ad\u0131m at\u0131ld\u0131. Finansman\u0131 T\u00fcrkiye Cumhuriyeti taraf\u0131ndan kar\u015f\u0131lanan yolun yap\u0131m\u0131nda kullan\u0131lacak malzeme tedariki ile ilgili sorun a\u015f\u0131ld\u0131. Ba\u015fbakan Yard\u0131mc\u0131s\u0131 Turizm K\u00fclt\u00fcr Gen\u00e7lik ve \u00c7evre Bakan\u0131 Fikri Atao\u011flu\u2019nun inisiyatifiyle yol yap\u0131m\u0131nda kullan\u0131lacak malzeme ile ilgili 12 yer\" \/>\n<meta property=\"og:url\" content=\"https:\/\/kibrisdakik.com\/?p=23724\" \/>\n<meta property=\"article:published_time\" content=\"2023-12-25T15:47:51+00:00\" \/>\n<meta property=\"og:image\" content=\"https:\/\/kibrisdakik.com\/wp-content\/uploads\/2023\/12\/dipkarpaz-manastir-yolu-yenileniyor-1703518872.webp.webp\" \/>\n\t<meta property=\"og:image:width\" content=\"710\" \/>\n\t<meta property=\"og:image:height\" content=\"370\" \/>\n\t<meta property=\"og:image:type\" content=\"image\/webp\" \/>\n<meta name=\"author\" content=\"admin\" \/>\n<meta name=\"twitter:card\" content=\"summary_large_image\" \/>\n<meta name=\"twitter:label1\" content=\"Yazan:\" \/>\n\t<meta name=\"twitter:data1\" content=\"admin\" \/>\n\t<meta name=\"twitter:label2\" content=\"Tahmini okuma s\u00fcresi\" \/>\n\t<meta name=\"twitter:data2\" content=\"5 dakika\" \/>\n<script type=\"application\/ld+json\" class=\"yoast-schema-graph\">{\"@context\":\"https:\\\/\\\/schema.org\",\"@graph\":[{\"@type\":\"Article\",\"@id\":\"https:\\\/\\\/kibrisdakik.com\\\/?p=23724#article\",\"isPartOf\":{\"@id\":\"https:\\\/\\\/kibrisdakik.com\\\/?p=23724\"},\"author\":{\"name\":\"admin\",\"@id\":\"https:\\\/\\\/kibrisdakik.com\\\/#\\\/schema\\\/person\\\/9cd9d437bbb44f72b73ba127e06d8e79\"},\"headline\":\"Dipkarpaz- Manast\u0131r yolu yenileniyor\",\"datePublished\":\"2023-12-25T15:47:51+00:00\",\"mainEntityOfPage\":{\"@id\":\"https:\\\/\\\/kibrisdakik.com\\\/?p=23724\"},\"wordCount\":928,\"commentCount\":0,\"image\":{\"@id\":\"https:\\\/\\\/kibrisdakik.com\\\/?p=23724#primaryimage\"},\"thumbnailUrl\":\"https:\\\/\\\/kibrisdakik.com\\\/wp-content\\\/uploads\\\/2023\\\/12\\\/dipkarpaz-manastir-yolu-yenileniyor-1703518872.webp.webp\",\"articleSection\":[\"G\u00fcndem\"],\"inLanguage\":\"tr\",\"potentialAction\":[{\"@type\":\"CommentAction\",\"name\":\"Comment\",\"target\":[\"https:\\\/\\\/kibrisdakik.com\\\/?p=23724#respond\"]}]},{\"@type\":\"WebPage\",\"@id\":\"https:\\\/\\\/kibrisdakik.com\\\/?p=23724\",\"url\":\"https:\\\/\\\/kibrisdakik.com\\\/?p=23724\",\"name\":\"Dipkarpaz- Manast\u0131r yolu yenileniyor -\",\"isPartOf\":{\"@id\":\"https:\\\/\\\/kibrisdakik.com\\\/#website\"},\"primaryImageOfPage\":{\"@id\":\"https:\\\/\\\/kibrisdakik.com\\\/?p=23724#primaryimage\"},\"image\":{\"@id\":\"https:\\\/\\\/kibrisdakik.com\\\/?p=23724#primaryimage\"},\"thumbnailUrl\":\"https:\\\/\\\/kibrisdakik.com\\\/wp-content\\\/uploads\\\/2023\\\/12\\\/dipkarpaz-manastir-yolu-yenileniyor-1703518872.webp.webp\",\"datePublished\":\"2023-12-25T15:47:51+00:00\",\"author\":{\"@id\":\"https:\\\/\\\/kibrisdakik.com\\\/#\\\/schema\\\/person\\\/9cd9d437bbb44f72b73ba127e06d8e79\"},\"breadcrumb\":{\"@id\":\"https:\\\/\\\/kibrisdakik.com\\\/?p=23724#breadcrumb\"},\"inLanguage\":\"tr\",\"potentialAction\":[{\"@type\":\"ReadAction\",\"target\":[\"https:\\\/\\\/kibrisdakik.com\\\/?p=23724\"]}]},{\"@type\":\"ImageObject\",\"inLanguage\":\"tr\",\"@id\":\"https:\\\/\\\/kibrisdakik.com\\\/?p=23724#primaryimage\",\"url\":\"https:\\\/\\\/kibrisdakik.com\\\/wp-content\\\/uploads\\\/2023\\\/12\\\/dipkarpaz-manastir-yolu-yenileniyor-1703518872.webp.webp\",\"contentUrl\":\"https:\\\/\\\/kibrisdakik.com\\\/wp-content\\\/uploads\\\/2023\\\/12\\\/dipkarpaz-manastir-yolu-yenileniyor-1703518872.webp.webp\",\"width\":710,\"height\":370},{\"@type\":\"BreadcrumbList\",\"@id\":\"https:\\\/\\\/kibrisdakik.com\\\/?p=23724#breadcrumb\",\"itemListElement\":[{\"@type\":\"ListItem\",\"position\":1,\"name\":\"Home\",\"item\":\"https:\\\/\\\/kibrisdakik.com\\\/\"},{\"@type\":\"ListItem\",\"position\":2,\"name\":\"Dipkarpaz- Manast\u0131r yolu yenileniyor\"}]},{\"@type\":\"WebSite\",\"@id\":\"https:\\\/\\\/kibrisdakik.com\\\/#website\",\"url\":\"https:\\\/\\\/kibrisdakik.com\\\/\",\"name\":\"\",\"description\":\"Tam vaktinde haber\",\"potentialAction\":[{\"@type\":\"SearchAction\",\"target\":{\"@type\":\"EntryPoint\",\"urlTemplate\":\"https:\\\/\\\/kibrisdakik.com\\\/?s={search_term_string}\"},\"query-input\":{\"@type\":\"PropertyValueSpecification\",\"valueRequired\":true,\"valueName\":\"search_term_string\"}}],\"inLanguage\":\"tr\"},{\"@type\":\"Person\",\"@id\":\"https:\\\/\\\/kibrisdakik.com\\\/#\\\/schema\\\/person\\\/9cd9d437bbb44f72b73ba127e06d8e79\",\"name\":\"admin\",\"image\":{\"@type\":\"ImageObject\",\"inLanguage\":\"tr\",\"@id\":\"https:\\\/\\\/secure.gravatar.com\\\/avatar\\\/ccc17943b9d660506c869530f897617f7cb1c21a4bf30023f252596d83e1f007?s=96&d=mm&r=g\",\"url\":\"https:\\\/\\\/secure.gravatar.com\\\/avatar\\\/ccc17943b9d660506c869530f897617f7cb1c21a4bf30023f252596d83e1f007?s=96&d=mm&r=g\",\"contentUrl\":\"https:\\\/\\\/secure.gravatar.com\\\/avatar\\\/ccc17943b9d660506c869530f897617f7cb1c21a4bf30023f252596d83e1f007?s=96&d=mm&r=g\",\"caption\":\"admin\"},\"sameAs\":[\"https:\\\/\\\/kibrisdakik.com\"],\"url\":\"https:\\\/\\\/kibrisdakik.com\\\/?author=1\"}]}<\/script>\n<!-- \/ Yoast SEO plugin. -->","yoast_head_json":{"title":"Dipkarpaz- Manast\u0131r yolu yenileniyor -","robots":{"index":"index","follow":"follow","max-snippet":"max-snippet:-1","max-image-preview":"max-image-preview:large","max-video-preview":"max-video-preview:-1"},"canonical":"https:\/\/kibrisdakik.com\/?p=23724","og_locale":"tr_TR","og_type":"article","og_title":"Dipkarpaz- Manast\u0131r yolu yenileniyor -","og_description":"KKTC Karayollar\u0131 Master Plan\u0131 2021-2022 Uygulama Protokol\u00fc kapsam\u0131nda olan,ancak malzeme temini konusunda s\u0131k\u0131nt\u0131 nedeniyle yap\u0131m\u0131na ba\u015flanamayan Manast\u0131r Dipkarpaz yoluyla ilgili ad\u0131m at\u0131ld\u0131. Finansman\u0131 T\u00fcrkiye Cumhuriyeti taraf\u0131ndan kar\u015f\u0131lanan yolun yap\u0131m\u0131nda kullan\u0131lacak malzeme tedariki ile ilgili sorun a\u015f\u0131ld\u0131. Ba\u015fbakan Yard\u0131mc\u0131s\u0131 Turizm K\u00fclt\u00fcr Gen\u00e7lik ve \u00c7evre Bakan\u0131 Fikri Atao\u011flu\u2019nun inisiyatifiyle yol yap\u0131m\u0131nda kullan\u0131lacak malzeme ile ilgili 12 yer","og_url":"https:\/\/kibrisdakik.com\/?p=23724","article_published_time":"2023-12-25T15:47:51+00:00","og_image":[{"width":710,"height":370,"url":"https:\/\/kibrisdakik.com\/wp-content\/uploads\/2023\/12\/dipkarpaz-manastir-yolu-yenileniyor-1703518872.webp.webp","type":"image\/webp"}],"author":"admin","twitter_card":"summary_large_image","twitter_misc":{"Yazan:":"admin","Tahmini okuma s\u00fcresi":"5 dakika"},"schema":{"@context":"https:\/\/schema.org","@graph":[{"@type":"Article","@id":"https:\/\/kibrisdakik.com\/?p=23724#article","isPartOf":{"@id":"https:\/\/kibrisdakik.com\/?p=23724"},"author":{"name":"admin","@id":"https:\/\/kibrisdakik.com\/#\/schema\/person\/9cd9d437bbb44f72b73ba127e06d8e79"},"headline":"Dipkarpaz- Manast\u0131r yolu yenileniyor","datePublished":"2023-12-25T15:47:51+00:00","mainEntityOfPage":{"@id":"https:\/\/kibrisdakik.com\/?p=23724"},"wordCount":928,"commentCount":0,"image":{"@id":"https:\/\/kibrisdakik.com\/?p=23724#primaryimage"},"thumbnailUrl":"https:\/\/kibrisdakik.com\/wp-content\/uploads\/2023\/12\/dipkarpaz-manastir-yolu-yenileniyor-1703518872.webp.webp","articleSection":["G\u00fcndem"],"inLanguage":"tr","potentialAction":[{"@type":"CommentAction","name":"Comment","target":["https:\/\/kibrisdakik.com\/?p=23724#respond"]}]},{"@type":"WebPage","@id":"https:\/\/kibrisdakik.com\/?p=23724","url":"https:\/\/kibrisdakik.com\/?p=23724","name":"Dipkarpaz- Manast\u0131r yolu yenileniyor -","isPartOf":{"@id":"https:\/\/kibrisdakik.com\/#website"},"primaryImageOfPage":{"@id":"https:\/\/kibrisdakik.com\/?p=23724#primaryimage"},"image":{"@id":"https:\/\/kibrisdakik.com\/?p=23724#primaryimage"},"thumbnailUrl":"https:\/\/kibrisdakik.com\/wp-content\/uploads\/2023\/12\/dipkarpaz-manastir-yolu-yenileniyor-1703518872.webp.webp","datePublished":"2023-12-25T15:47:51+00:00","author":{"@id":"https:\/\/kibrisdakik.com\/#\/schema\/person\/9cd9d437bbb44f72b73ba127e06d8e79"},"breadcrumb":{"@id":"https:\/\/kibrisdakik.com\/?p=23724#breadcrumb"},"inLanguage":"tr","potentialAction":[{"@type":"ReadAction","target":["https:\/\/kibrisdakik.com\/?p=23724"]}]},{"@type":"ImageObject","inLanguage":"tr","@id":"https:\/\/kibrisdakik.com\/?p=23724#primaryimage","url":"https:\/\/kibrisdakik.com\/wp-content\/uploads\/2023\/12\/dipkarpaz-manastir-yolu-yenileniyor-1703518872.webp.webp","contentUrl":"https:\/\/kibrisdakik.com\/wp-content\/uploads\/2023\/12\/dipkarpaz-manastir-yolu-yenileniyor-1703518872.webp.webp","width":710,"height":370},{"@type":"BreadcrumbList","@id":"https:\/\/kibrisdakik.com\/?p=23724#breadcrumb","itemListElement":[{"@type":"ListItem","position":1,"name":"Home","item":"https:\/\/kibrisdakik.com\/"},{"@type":"ListItem","position":2,"name":"Dipkarpaz- Manast\u0131r yolu yenileniyor"}]},{"@type":"WebSite","@id":"https:\/\/kibrisdakik.com\/#website","url":"https:\/\/kibrisdakik.com\/","name":"","description":"Tam vaktinde haber","potentialAction":[{"@type":"SearchAction","target":{"@type":"EntryPoint","urlTemplate":"https:\/\/kibrisdakik.com\/?s={search_term_string}"},"query-input":{"@type":"PropertyValueSpecification","valueRequired":true,"valueName":"search_term_string"}}],"inLanguage":"tr"},{"@type":"Person","@id":"https:\/\/kibrisdakik.com\/#\/schema\/person\/9cd9d437bbb44f72b73ba127e06d8e79","name":"admin","image":{"@type":"ImageObject","inLanguage":"tr","@id":"https:\/\/secure.gravatar.com\/avatar\/ccc17943b9d660506c869530f897617f7cb1c21a4bf30023f252596d83e1f007?s=96&d=mm&r=g","url":"https:\/\/secure.gravatar.com\/avatar\/ccc17943b9d660506c869530f897617f7cb1c21a4bf30023f252596d83e1f007?s=96&d=mm&r=g","contentUrl":"https:\/\/secure.gravatar.com\/avatar\/ccc17943b9d660506c869530f897617f7cb1c21a4bf30023f252596d83e1f007?s=96&d=mm&r=g","caption":"admin"},"sameAs":["https:\/\/kibrisdakik.com"],"url":"https:\/\/kibrisdakik.com\/?author=1"}]}},"_links":{"self":[{"href":"https:\/\/kibrisdakik.com\/index.php?rest_route=\/wp\/v2\/posts\/23724","targetHints":{"allow":["GET"]}}],"collection":[{"href":"https:\/\/kibrisdakik.com\/index.php?rest_route=\/wp\/v2\/posts"}],"about":[{"href":"https:\/\/kibrisdakik.com\/index.php?rest_route=\/wp\/v2\/types\/post"}],"author":[{"embeddable":true,"href":"https:\/\/kibrisdakik.com\/index.php?rest_route=\/wp\/v2\/users\/1"}],"replies":[{"embeddable":true,"href":"https:\/\/kibrisdakik.com\/index.php?rest_route=%2Fwp%2Fv2%2Fcomments&post=23724"}],"version-history":[{"count":0,"href":"https:\/\/kibrisdakik.com\/index.php?rest_route=\/wp\/v2\/posts\/23724\/revisions"}],"wp:featuredmedia":[{"embeddable":true,"href":"https:\/\/kibrisdakik.com\/index.php?rest_route=\/wp\/v2\/media\/23725"}],"wp:attachment":[{"href":"https:\/\/kibrisdakik.com\/index.php?rest_route=%2Fwp%2Fv2%2Fmedia&parent=23724"}],"wp:term":[{"taxonomy":"category","embeddable":true,"href":"https:\/\/kibrisdakik.com\/index.php?rest_route=%2Fwp%2Fv2%2Fcategories&post=23724"},{"taxonomy":"post_tag","embeddable":true,"href":"https:\/\/kibrisdakik.com\/index.php?rest_route=%2Fwp%2Fv2%2Ftags&post=23724"}],"curies":[{"name":"wp","href":"https:\/\/api.w.org\/{rel}","templated":true}]}}