{"id":23738,"date":"2023-12-25T17:17:15","date_gmt":"2023-12-25T17:17:15","guid":{"rendered":"https:\/\/kibrisdakik.com\/index.php\/2023\/12\/25\/ahmet-savasan-mucadelemiz-daha-guclu-ama-ayni-kararlilikla-devam-edecek\/"},"modified":"2023-12-25T17:17:15","modified_gmt":"2023-12-25T17:17:15","slug":"ahmet-savasan-mucadelemiz-daha-guclu-ama-ayni-kararlilikla-devam-edecek","status":"publish","type":"post","link":"https:\/\/kibrisdakik.com\/?p=23738","title":{"rendered":"Ahmet Sava\u015fan: \u201cM\u00fccadelemiz, daha g\u00fc\u00e7l\u00fc ama ayn\u0131 kararl\u0131l\u0131kla devam edecek\u201d"},"content":{"rendered":"<p><img decoding=\"async\" src=\"https:\/\/www.kibristurk.com\/images\/haberler\/2023\/12\/ahmet-savasan-mucadelemiz-daha-guclu-ama-ayni-kararlilikla-devam-edecek-1703524148.webp\" \/><\/p>\n<p style=\"text-align:left\"><span style=\"font-size:12pt\"><span style=\"background-color:white\"><span style=\",serif\"><span style=\"font-size:13.0pt\"><span style=\",sans-serif\"><span style=\"color:black\">UBP Grup Ba\u015fkanvekili ve Lefko\u015fa \u0130l\u00e7e Ba\u015fkan\u0131 Ahmet Sava\u015fan, 21-25 Aral\u0131k 1963 tarihlerinin K\u0131br\u0131s T\u00fcrk Halk\u0131\u2019n\u0131n Varolu\u015f M\u00fccadelesinde \u00f6nemli bir d\u00f6n\u00fcm noktas\u0131 oldu\u011funu s\u00f6yledi.<\/span><\/span><\/span><\/span><\/span><\/span><\/p>\n<p style=\"text-align:left\"><span style=\"font-size:12pt\"><span style=\"background-color:white\"><span style=\",serif\"><span style=\"font-size:13.0pt\"><span style=\",sans-serif\"><span style=\"color:black\">Kaymakl\u0131 \u015eehitleri ve H\u00fcseyin Ruso\u2019nun an\u0131ld\u0131\u011f\u0131 t\u00f6renlere kat\u0131ld\u0131\u011f\u0131n\u0131 belirten Ahmet Sava\u015fan, mesaj\u0131nda, K\u0131br\u0131s T\u00fcrk halk\u0131n\u0131n var olmak i\u00e7in s\u00fcrd\u00fcrd\u00fc\u011f\u00fc m\u00fccadelenin 21 Aral\u0131k 1963\u2019te ba\u015flad\u0131\u011f\u0131na i\u015faret ederek, 21 Aral\u0131k ile ba\u015flayan haftada gerekli direni\u015fin ortaya konmamas\u0131 veya konamamas\u0131 durumunda, bu direni\u015fin devam etme \u015fans\u0131n\u0131n ortadan kalkaca\u011f\u0131na ve b\u00f6ylelikle de K\u0131br\u0131s adas\u0131n\u0131n tam anlam\u0131yla Rum hakimiyetine ge\u00e7mi\u015f olaca\u011f\u0131na dikkat \u00e7ekti.&nbsp;&nbsp;<\/span><\/span><\/span><\/span><\/span><\/span><\/p>\n<p style=\"text-align:left\"><span style=\"font-size:12pt\"><span style=\"background-color:white\"><span style=\",serif\"><span style=\"font-size:13.0pt\"><span style=\",sans-serif\"><span style=\"color:black\">21 Aral\u0131k ile ba\u015flayan zorlu m\u00fccadele g\u00fcnlerinde ortaya konan kahramanca direni\u015fin, K\u0131br\u0131s T\u00fcrklerinin sayg\u0131 duyulmas\u0131 gereken bir halk oldu\u011funu d\u00fcnyaya g\u00f6sterdi\u011fini belirten Sava\u015fan, bu direni\u015fin K\u0131br\u0131s T\u00fcrk Halk\u0131 i\u00e7in Kuzey K\u0131br\u0131s T\u00fcrk Cumhuriyeti\u2019ne giden yolu da a\u00e7t\u0131\u011f\u0131n\u0131 ifade etti.<\/span><\/span><\/span><\/span><\/span><\/span><\/p>\n<p style=\"text-align:left\"><span style=\"font-size:12pt\"><span style=\"background-color:white\"><span style=\",serif\"><span style=\"font-size:13.0pt\"><span style=\",sans-serif\"><span style=\"color:black\">Sava\u015fan \u201cBu zorlu yol, yediden yetmi\u015fe K\u0131br\u0131s T\u00fcrklerinin katk\u0131lar\u0131 ile y\u00fcr\u00fcnm\u00fc\u015f ve a\u015f\u0131lm\u0131\u015ft\u0131r\u201d ifadelerini kullanand\u0131.<\/span><\/span><\/span><\/span><\/span><\/span><\/p>\n<p style=\"text-align:left\"><span style=\"font-size:12pt\"><span style=\"background-color:white\"><span style=\",serif\"><span style=\"font-size:13.0pt\"><span style=\",sans-serif\"><span style=\"color:black\">\u201cAradan ge\u00e7en bunca y\u0131la kar\u015f\u0131n, K\u0131br\u0131s adas\u0131nda yeni bir anla\u015fma sa\u011flanamam\u0131\u015fsa, bunun sorumlusu bu \u015fanl\u0131 direni\u015fi ger\u00e7ekle\u015ftirerek \u2018kendi kendini y\u00f6netme hakk\u0131n\u0131\u2019 Rum taraf\u0131na teslim etmeyi reddeden K\u0131br\u0131s T\u00fcrk halk\u0131 de\u011fildir\u201d diyen Ahmet Sava\u015fan, \u201canla\u015fmazl\u0131\u011f\u0131n s\u00fcrmesinin sorumlusu, K\u0131br\u0131s T\u00fcrk halk\u0131n\u0131n direni\u015finin ba\u015far\u0131s\u0131n\u0131 kabullenmeye yana\u015fmayan K\u0131br\u0131s Rum taraf\u0131d\u0131r. Rum taraf\u0131n\u0131n uzla\u015fmazl\u0131\u011f\u0131 devam etti\u011fi s\u00fcrece 21 Aral\u0131k gecesi ba\u015flayan m\u00fccadelemiz, yeni ko\u015fullarda, \u00e7ok daha g\u00fc\u00e7l\u00fc bir \u015fekilde ama ayn\u0131 kararl\u0131l\u0131kla devam edecektir\u201d dedi.<\/span><\/span><\/span><\/span><\/span><\/span><\/p>\n<p style=\"text-align:left\"><span style=\"font-size:12pt\"><span style=\"background-color:white\"><span style=\",serif\"><span style=\"font-size:13.0pt\"><span style=\",sans-serif\"><span style=\"color:black\">Varolu\u015f M\u00fccadelesinde K\u00fc\u00e7\u00fck Kaymakl\u0131 direni\u015finin ve \u015eehit H\u00fcseyin Ruso\u2019nun \u00f6zel bir yeri oldu\u011funu belirten Sava\u015fan mesaj\u0131n\u0131n sonunda, \u201cRuso\u2019nun an\u0131s\u0131n\u0131 ya\u015fatmak ve Kaymakl\u0131 ruhunu canl\u0131 tutmak bizlerin asli g\u00f6revidir. Bu g\u00f6revin bilincindeyiz ve gerekeni de bug\u00fcn de yar\u0131n da yapaca\u011f\u0131z. Bu duygu ve d\u00fc\u015f\u00fcncelerle 21-25 Aral\u0131k Milli M\u00fccadele ve \u015eehitler Haftas\u0131\u2019nda halk\u0131m\u0131z\u0131n kahramanl\u0131\u011f\u0131, \u00f6zverisi ve bilin\u00e7li direni\u015fi kar\u015f\u0131s\u0131nda bir kez daha sayg\u0131 ile e\u011filiyor; varolu\u015fumuz i\u00e7in can\u0131n\u0131 esirgemeyen \u015fehitlerimizi rahmetle anarak, ya\u015fayan gazilerimizin ellerinden minnet ve h\u00fcrmetle \u00f6p\u00fcyorum\u201d ifadelerini kulland\u0131.<\/span><\/span><\/span><\/span><\/span><\/span><\/p>\n<p style=\"text-align:justify\">&nbsp;<\/p>\n","protected":false},"excerpt":{"rendered":"<p>UBP Grup Ba\u015fkanvekili ve Lefko\u015fa \u0130l\u00e7e Ba\u015fkan\u0131 Ahmet Sava\u015fan, 21-25 Aral\u0131k 1963 tarihlerinin K\u0131br\u0131s T\u00fcrk Halk\u0131\u2019n\u0131n Varolu\u015f M\u00fccadelesinde \u00f6nemli bir d\u00f6n\u00fcm noktas\u0131 oldu\u011funu s\u00f6yledi. Kaymakl\u0131 \u015eehitleri ve H\u00fcseyin Ruso\u2019nun an\u0131ld\u0131\u011f\u0131 t\u00f6renlere kat\u0131ld\u0131\u011f\u0131n\u0131 belirten Ahmet Sava\u015fan, mesaj\u0131nda, K\u0131br\u0131s T\u00fcrk halk\u0131n\u0131n var olmak i\u00e7in s\u00fcrd\u00fcrd\u00fc\u011f\u00fc m\u00fccadelenin 21 Aral\u0131k 1963\u2019te ba\u015flad\u0131\u011f\u0131na i\u015faret ederek, 21 Aral\u0131k ile ba\u015flayan haftada<\/p>\n","protected":false},"author":1,"featured_media":23739,"comment_status":"open","ping_status":"open","sticky":false,"template":"","format":"standard","meta":{"footnotes":""},"categories":[79],"tags":[],"class_list":["post-23738","post","type-post","status-publish","format-standard","has-post-thumbnail","hentry","category-ekonomi"],"yoast_head":"<!-- This site is optimized with the Yoast SEO plugin v27.5 - https:\/\/yoast.com\/product\/yoast-seo-wordpress\/ -->\n<title>Ahmet Sava\u015fan: \u201cM\u00fccadelemiz, daha g\u00fc\u00e7l\u00fc ama ayn\u0131 kararl\u0131l\u0131kla devam edecek\u201d -<\/title>\n<meta name=\"robots\" content=\"index, follow, max-snippet:-1, max-image-preview:large, max-video-preview:-1\" \/>\n<link rel=\"canonical\" href=\"https:\/\/kibrisdakik.com\/?p=23738\" \/>\n<meta property=\"og:locale\" content=\"tr_TR\" \/>\n<meta property=\"og:type\" content=\"article\" \/>\n<meta property=\"og:title\" content=\"Ahmet Sava\u015fan: \u201cM\u00fccadelemiz, daha g\u00fc\u00e7l\u00fc ama ayn\u0131 kararl\u0131l\u0131kla devam edecek\u201d -\" \/>\n<meta property=\"og:description\" content=\"UBP Grup Ba\u015fkanvekili ve Lefko\u015fa \u0130l\u00e7e Ba\u015fkan\u0131 Ahmet Sava\u015fan, 21-25 Aral\u0131k 1963 tarihlerinin K\u0131br\u0131s T\u00fcrk Halk\u0131\u2019n\u0131n Varolu\u015f M\u00fccadelesinde \u00f6nemli bir d\u00f6n\u00fcm noktas\u0131 oldu\u011funu s\u00f6yledi. Kaymakl\u0131 \u015eehitleri ve H\u00fcseyin Ruso\u2019nun an\u0131ld\u0131\u011f\u0131 t\u00f6renlere kat\u0131ld\u0131\u011f\u0131n\u0131 belirten Ahmet Sava\u015fan, mesaj\u0131nda, K\u0131br\u0131s T\u00fcrk halk\u0131n\u0131n var olmak i\u00e7in s\u00fcrd\u00fcrd\u00fc\u011f\u00fc m\u00fccadelenin 21 Aral\u0131k 1963\u2019te ba\u015flad\u0131\u011f\u0131na i\u015faret ederek, 21 Aral\u0131k ile ba\u015flayan haftada\" \/>\n<meta property=\"og:url\" content=\"https:\/\/kibrisdakik.com\/?p=23738\" \/>\n<meta property=\"article:published_time\" content=\"2023-12-25T17:17:15+00:00\" \/>\n<meta property=\"og:image\" content=\"https:\/\/kibrisdakik.com\/wp-content\/uploads\/2023\/12\/ahmet-savasan-mucadelemiz-daha-guclu-ama-ayni-kararlilikla-devam-edecek-1703524148.webp.webp\" \/>\n\t<meta property=\"og:image:width\" content=\"710\" \/>\n\t<meta property=\"og:image:height\" content=\"370\" \/>\n\t<meta property=\"og:image:type\" content=\"image\/webp\" \/>\n<meta name=\"author\" content=\"admin\" \/>\n<meta name=\"twitter:card\" content=\"summary_large_image\" \/>\n<meta name=\"twitter:label1\" content=\"Yazan:\" \/>\n\t<meta name=\"twitter:data1\" content=\"admin\" \/>\n\t<meta name=\"twitter:label2\" content=\"Tahmini okuma s\u00fcresi\" \/>\n\t<meta name=\"twitter:data2\" content=\"2 dakika\" \/>\n<script type=\"application\/ld+json\" class=\"yoast-schema-graph\">{\"@context\":\"https:\\\/\\\/schema.org\",\"@graph\":[{\"@type\":\"Article\",\"@id\":\"https:\\\/\\\/kibrisdakik.com\\\/?p=23738#article\",\"isPartOf\":{\"@id\":\"https:\\\/\\\/kibrisdakik.com\\\/?p=23738\"},\"author\":{\"name\":\"admin\",\"@id\":\"https:\\\/\\\/kibrisdakik.com\\\/#\\\/schema\\\/person\\\/9cd9d437bbb44f72b73ba127e06d8e79\"},\"headline\":\"Ahmet Sava\u015fan: \u201cM\u00fccadelemiz, daha g\u00fc\u00e7l\u00fc ama ayn\u0131 kararl\u0131l\u0131kla devam edecek\u201d\",\"datePublished\":\"2023-12-25T17:17:15+00:00\",\"mainEntityOfPage\":{\"@id\":\"https:\\\/\\\/kibrisdakik.com\\\/?p=23738\"},\"wordCount\":470,\"commentCount\":0,\"image\":{\"@id\":\"https:\\\/\\\/kibrisdakik.com\\\/?p=23738#primaryimage\"},\"thumbnailUrl\":\"https:\\\/\\\/kibrisdakik.com\\\/wp-content\\\/uploads\\\/2023\\\/12\\\/ahmet-savasan-mucadelemiz-daha-guclu-ama-ayni-kararlilikla-devam-edecek-1703524148.webp.webp\",\"articleSection\":[\"Ekonomi\"],\"inLanguage\":\"tr\",\"potentialAction\":[{\"@type\":\"CommentAction\",\"name\":\"Comment\",\"target\":[\"https:\\\/\\\/kibrisdakik.com\\\/?p=23738#respond\"]}]},{\"@type\":\"WebPage\",\"@id\":\"https:\\\/\\\/kibrisdakik.com\\\/?p=23738\",\"url\":\"https:\\\/\\\/kibrisdakik.com\\\/?p=23738\",\"name\":\"Ahmet Sava\u015fan: \u201cM\u00fccadelemiz, daha g\u00fc\u00e7l\u00fc ama ayn\u0131 kararl\u0131l\u0131kla devam edecek\u201d -\",\"isPartOf\":{\"@id\":\"https:\\\/\\\/kibrisdakik.com\\\/#website\"},\"primaryImageOfPage\":{\"@id\":\"https:\\\/\\\/kibrisdakik.com\\\/?p=23738#primaryimage\"},\"image\":{\"@id\":\"https:\\\/\\\/kibrisdakik.com\\\/?p=23738#primaryimage\"},\"thumbnailUrl\":\"https:\\\/\\\/kibrisdakik.com\\\/wp-content\\\/uploads\\\/2023\\\/12\\\/ahmet-savasan-mucadelemiz-daha-guclu-ama-ayni-kararlilikla-devam-edecek-1703524148.webp.webp\",\"datePublished\":\"2023-12-25T17:17:15+00:00\",\"author\":{\"@id\":\"https:\\\/\\\/kibrisdakik.com\\\/#\\\/schema\\\/person\\\/9cd9d437bbb44f72b73ba127e06d8e79\"},\"breadcrumb\":{\"@id\":\"https:\\\/\\\/kibrisdakik.com\\\/?p=23738#breadcrumb\"},\"inLanguage\":\"tr\",\"potentialAction\":[{\"@type\":\"ReadAction\",\"target\":[\"https:\\\/\\\/kibrisdakik.com\\\/?p=23738\"]}]},{\"@type\":\"ImageObject\",\"inLanguage\":\"tr\",\"@id\":\"https:\\\/\\\/kibrisdakik.com\\\/?p=23738#primaryimage\",\"url\":\"https:\\\/\\\/kibrisdakik.com\\\/wp-content\\\/uploads\\\/2023\\\/12\\\/ahmet-savasan-mucadelemiz-daha-guclu-ama-ayni-kararlilikla-devam-edecek-1703524148.webp.webp\",\"contentUrl\":\"https:\\\/\\\/kibrisdakik.com\\\/wp-content\\\/uploads\\\/2023\\\/12\\\/ahmet-savasan-mucadelemiz-daha-guclu-ama-ayni-kararlilikla-devam-edecek-1703524148.webp.webp\",\"width\":710,\"height\":370},{\"@type\":\"BreadcrumbList\",\"@id\":\"https:\\\/\\\/kibrisdakik.com\\\/?p=23738#breadcrumb\",\"itemListElement\":[{\"@type\":\"ListItem\",\"position\":1,\"name\":\"Home\",\"item\":\"https:\\\/\\\/kibrisdakik.com\\\/\"},{\"@type\":\"ListItem\",\"position\":2,\"name\":\"Ahmet Sava\u015fan: \u201cM\u00fccadelemiz, daha g\u00fc\u00e7l\u00fc ama ayn\u0131 kararl\u0131l\u0131kla devam edecek\u201d\"}]},{\"@type\":\"WebSite\",\"@id\":\"https:\\\/\\\/kibrisdakik.com\\\/#website\",\"url\":\"https:\\\/\\\/kibrisdakik.com\\\/\",\"name\":\"\",\"description\":\"Tam vaktinde haber\",\"potentialAction\":[{\"@type\":\"SearchAction\",\"target\":{\"@type\":\"EntryPoint\",\"urlTemplate\":\"https:\\\/\\\/kibrisdakik.com\\\/?s={search_term_string}\"},\"query-input\":{\"@type\":\"PropertyValueSpecification\",\"valueRequired\":true,\"valueName\":\"search_term_string\"}}],\"inLanguage\":\"tr\"},{\"@type\":\"Person\",\"@id\":\"https:\\\/\\\/kibrisdakik.com\\\/#\\\/schema\\\/person\\\/9cd9d437bbb44f72b73ba127e06d8e79\",\"name\":\"admin\",\"image\":{\"@type\":\"ImageObject\",\"inLanguage\":\"tr\",\"@id\":\"https:\\\/\\\/secure.gravatar.com\\\/avatar\\\/ccc17943b9d660506c869530f897617f7cb1c21a4bf30023f252596d83e1f007?s=96&d=mm&r=g\",\"url\":\"https:\\\/\\\/secure.gravatar.com\\\/avatar\\\/ccc17943b9d660506c869530f897617f7cb1c21a4bf30023f252596d83e1f007?s=96&d=mm&r=g\",\"contentUrl\":\"https:\\\/\\\/secure.gravatar.com\\\/avatar\\\/ccc17943b9d660506c869530f897617f7cb1c21a4bf30023f252596d83e1f007?s=96&d=mm&r=g\",\"caption\":\"admin\"},\"sameAs\":[\"https:\\\/\\\/kibrisdakik.com\"],\"url\":\"https:\\\/\\\/kibrisdakik.com\\\/?author=1\"}]}<\/script>\n<!-- \/ Yoast SEO plugin. -->","yoast_head_json":{"title":"Ahmet Sava\u015fan: \u201cM\u00fccadelemiz, daha g\u00fc\u00e7l\u00fc ama ayn\u0131 kararl\u0131l\u0131kla devam edecek\u201d -","robots":{"index":"index","follow":"follow","max-snippet":"max-snippet:-1","max-image-preview":"max-image-preview:large","max-video-preview":"max-video-preview:-1"},"canonical":"https:\/\/kibrisdakik.com\/?p=23738","og_locale":"tr_TR","og_type":"article","og_title":"Ahmet Sava\u015fan: \u201cM\u00fccadelemiz, daha g\u00fc\u00e7l\u00fc ama ayn\u0131 kararl\u0131l\u0131kla devam edecek\u201d -","og_description":"UBP Grup Ba\u015fkanvekili ve Lefko\u015fa \u0130l\u00e7e Ba\u015fkan\u0131 Ahmet Sava\u015fan, 21-25 Aral\u0131k 1963 tarihlerinin K\u0131br\u0131s T\u00fcrk Halk\u0131\u2019n\u0131n Varolu\u015f M\u00fccadelesinde \u00f6nemli bir d\u00f6n\u00fcm noktas\u0131 oldu\u011funu s\u00f6yledi. Kaymakl\u0131 \u015eehitleri ve H\u00fcseyin Ruso\u2019nun an\u0131ld\u0131\u011f\u0131 t\u00f6renlere kat\u0131ld\u0131\u011f\u0131n\u0131 belirten Ahmet Sava\u015fan, mesaj\u0131nda, K\u0131br\u0131s T\u00fcrk halk\u0131n\u0131n var olmak i\u00e7in s\u00fcrd\u00fcrd\u00fc\u011f\u00fc m\u00fccadelenin 21 Aral\u0131k 1963\u2019te ba\u015flad\u0131\u011f\u0131na i\u015faret ederek, 21 Aral\u0131k ile ba\u015flayan haftada","og_url":"https:\/\/kibrisdakik.com\/?p=23738","article_published_time":"2023-12-25T17:17:15+00:00","og_image":[{"width":710,"height":370,"url":"https:\/\/kibrisdakik.com\/wp-content\/uploads\/2023\/12\/ahmet-savasan-mucadelemiz-daha-guclu-ama-ayni-kararlilikla-devam-edecek-1703524148.webp.webp","type":"image\/webp"}],"author":"admin","twitter_card":"summary_large_image","twitter_misc":{"Yazan:":"admin","Tahmini okuma s\u00fcresi":"2 dakika"},"schema":{"@context":"https:\/\/schema.org","@graph":[{"@type":"Article","@id":"https:\/\/kibrisdakik.com\/?p=23738#article","isPartOf":{"@id":"https:\/\/kibrisdakik.com\/?p=23738"},"author":{"name":"admin","@id":"https:\/\/kibrisdakik.com\/#\/schema\/person\/9cd9d437bbb44f72b73ba127e06d8e79"},"headline":"Ahmet Sava\u015fan: \u201cM\u00fccadelemiz, daha g\u00fc\u00e7l\u00fc ama ayn\u0131 kararl\u0131l\u0131kla devam edecek\u201d","datePublished":"2023-12-25T17:17:15+00:00","mainEntityOfPage":{"@id":"https:\/\/kibrisdakik.com\/?p=23738"},"wordCount":470,"commentCount":0,"image":{"@id":"https:\/\/kibrisdakik.com\/?p=23738#primaryimage"},"thumbnailUrl":"https:\/\/kibrisdakik.com\/wp-content\/uploads\/2023\/12\/ahmet-savasan-mucadelemiz-daha-guclu-ama-ayni-kararlilikla-devam-edecek-1703524148.webp.webp","articleSection":["Ekonomi"],"inLanguage":"tr","potentialAction":[{"@type":"CommentAction","name":"Comment","target":["https:\/\/kibrisdakik.com\/?p=23738#respond"]}]},{"@type":"WebPage","@id":"https:\/\/kibrisdakik.com\/?p=23738","url":"https:\/\/kibrisdakik.com\/?p=23738","name":"Ahmet Sava\u015fan: \u201cM\u00fccadelemiz, daha g\u00fc\u00e7l\u00fc ama ayn\u0131 kararl\u0131l\u0131kla devam edecek\u201d -","isPartOf":{"@id":"https:\/\/kibrisdakik.com\/#website"},"primaryImageOfPage":{"@id":"https:\/\/kibrisdakik.com\/?p=23738#primaryimage"},"image":{"@id":"https:\/\/kibrisdakik.com\/?p=23738#primaryimage"},"thumbnailUrl":"https:\/\/kibrisdakik.com\/wp-content\/uploads\/2023\/12\/ahmet-savasan-mucadelemiz-daha-guclu-ama-ayni-kararlilikla-devam-edecek-1703524148.webp.webp","datePublished":"2023-12-25T17:17:15+00:00","author":{"@id":"https:\/\/kibrisdakik.com\/#\/schema\/person\/9cd9d437bbb44f72b73ba127e06d8e79"},"breadcrumb":{"@id":"https:\/\/kibrisdakik.com\/?p=23738#breadcrumb"},"inLanguage":"tr","potentialAction":[{"@type":"ReadAction","target":["https:\/\/kibrisdakik.com\/?p=23738"]}]},{"@type":"ImageObject","inLanguage":"tr","@id":"https:\/\/kibrisdakik.com\/?p=23738#primaryimage","url":"https:\/\/kibrisdakik.com\/wp-content\/uploads\/2023\/12\/ahmet-savasan-mucadelemiz-daha-guclu-ama-ayni-kararlilikla-devam-edecek-1703524148.webp.webp","contentUrl":"https:\/\/kibrisdakik.com\/wp-content\/uploads\/2023\/12\/ahmet-savasan-mucadelemiz-daha-guclu-ama-ayni-kararlilikla-devam-edecek-1703524148.webp.webp","width":710,"height":370},{"@type":"BreadcrumbList","@id":"https:\/\/kibrisdakik.com\/?p=23738#breadcrumb","itemListElement":[{"@type":"ListItem","position":1,"name":"Home","item":"https:\/\/kibrisdakik.com\/"},{"@type":"ListItem","position":2,"name":"Ahmet Sava\u015fan: \u201cM\u00fccadelemiz, daha g\u00fc\u00e7l\u00fc ama ayn\u0131 kararl\u0131l\u0131kla devam edecek\u201d"}]},{"@type":"WebSite","@id":"https:\/\/kibrisdakik.com\/#website","url":"https:\/\/kibrisdakik.com\/","name":"","description":"Tam vaktinde haber","potentialAction":[{"@type":"SearchAction","target":{"@type":"EntryPoint","urlTemplate":"https:\/\/kibrisdakik.com\/?s={search_term_string}"},"query-input":{"@type":"PropertyValueSpecification","valueRequired":true,"valueName":"search_term_string"}}],"inLanguage":"tr"},{"@type":"Person","@id":"https:\/\/kibrisdakik.com\/#\/schema\/person\/9cd9d437bbb44f72b73ba127e06d8e79","name":"admin","image":{"@type":"ImageObject","inLanguage":"tr","@id":"https:\/\/secure.gravatar.com\/avatar\/ccc17943b9d660506c869530f897617f7cb1c21a4bf30023f252596d83e1f007?s=96&d=mm&r=g","url":"https:\/\/secure.gravatar.com\/avatar\/ccc17943b9d660506c869530f897617f7cb1c21a4bf30023f252596d83e1f007?s=96&d=mm&r=g","contentUrl":"https:\/\/secure.gravatar.com\/avatar\/ccc17943b9d660506c869530f897617f7cb1c21a4bf30023f252596d83e1f007?s=96&d=mm&r=g","caption":"admin"},"sameAs":["https:\/\/kibrisdakik.com"],"url":"https:\/\/kibrisdakik.com\/?author=1"}]}},"_links":{"self":[{"href":"https:\/\/kibrisdakik.com\/index.php?rest_route=\/wp\/v2\/posts\/23738","targetHints":{"allow":["GET"]}}],"collection":[{"href":"https:\/\/kibrisdakik.com\/index.php?rest_route=\/wp\/v2\/posts"}],"about":[{"href":"https:\/\/kibrisdakik.com\/index.php?rest_route=\/wp\/v2\/types\/post"}],"author":[{"embeddable":true,"href":"https:\/\/kibrisdakik.com\/index.php?rest_route=\/wp\/v2\/users\/1"}],"replies":[{"embeddable":true,"href":"https:\/\/kibrisdakik.com\/index.php?rest_route=%2Fwp%2Fv2%2Fcomments&post=23738"}],"version-history":[{"count":0,"href":"https:\/\/kibrisdakik.com\/index.php?rest_route=\/wp\/v2\/posts\/23738\/revisions"}],"wp:featuredmedia":[{"embeddable":true,"href":"https:\/\/kibrisdakik.com\/index.php?rest_route=\/wp\/v2\/media\/23739"}],"wp:attachment":[{"href":"https:\/\/kibrisdakik.com\/index.php?rest_route=%2Fwp%2Fv2%2Fmedia&parent=23738"}],"wp:term":[{"taxonomy":"category","embeddable":true,"href":"https:\/\/kibrisdakik.com\/index.php?rest_route=%2Fwp%2Fv2%2Fcategories&post=23738"},{"taxonomy":"post_tag","embeddable":true,"href":"https:\/\/kibrisdakik.com\/index.php?rest_route=%2Fwp%2Fv2%2Ftags&post=23738"}],"curies":[{"name":"wp","href":"https:\/\/api.w.org\/{rel}","templated":true}]}}