{"id":23821,"date":"2023-12-26T08:33:41","date_gmt":"2023-12-26T08:33:41","guid":{"rendered":"https:\/\/kibrisdakik.com\/index.php\/2023\/12\/26\/notalarin-rotasinda-ilk-durak-kuzey-kibris-turk-cumhuriyeti-oldu\/"},"modified":"2023-12-26T08:33:41","modified_gmt":"2023-12-26T08:33:41","slug":"notalarin-rotasinda-ilk-durak-kuzey-kibris-turk-cumhuriyeti-oldu","status":"publish","type":"post","link":"https:\/\/kibrisdakik.com\/?p=23821","title":{"rendered":"\u201cNotalar\u0131n Rotas\u0131\u201dnda ilk durak Kuzey K\u0131br\u0131s T\u00fcrk Cumhuriyeti oldu"},"content":{"rendered":"<p><img decoding=\"async\" src=\"https:\/\/www.kibristurk.com\/images\/haberler\/2023\/12\/notalarin-rotasinda-ilk-durak-kuzey-kibris-turk-cumhuriyeti-oldu-1703578883.webp\" \/><\/p>\n<p style=\"text-align:left\"><span style=\"font-size:14px\"><span style=\"font-family:Arial,Helvetica,sans-serif\"><span style=\"color:#000000\"><span style=\"background-color:#ffffff\">Toplam on \u00fclkede icras\u0131 planlanan \u201cNotalar\u0131n Rotas\u0131\u201d konserlerinin ilk dura\u011f\u0131 Kuzey K\u0131br\u0131s T\u00fcrk Cumhuriyeti oldu.<\/span><\/span><\/span><\/span><\/p>\n<p style=\"text-align:left\">&nbsp;<\/p>\n<p style=\"text-align:left\"><span style=\"font-size:14px\"><span style=\"font-family:Arial,Helvetica,sans-serif\"><span style=\"color:#000000\"><span style=\"background-color:#ffffff\">Arslanbek Sultanbekov ve Zeyd \u015eoto taraf\u0131ndan par\u00e7alar\u0131n seslendirildi\u011fi konsere, vatanda\u015flar ve \u00fcniversite \u00f6\u011frencileri ilgi g\u00f6sterdi.<\/span><\/span><\/span><\/span><\/p>\n<p style=\"text-align:left\">&nbsp;<\/p>\n<p style=\"text-align:left\"><span style=\"font-size:14px\"><span style=\"font-family:Arial,Helvetica,sans-serif\"><span style=\"color:#000000\"><span style=\"background-color:#ffffff\">23 Aral\u0131k Cumartesi g\u00fcn\u00fc ise Lefko\u015fa Grand Pasha Otel\u2019de ger\u00e7ekle\u015ftirilen ikinci konsere Bay\u0131nd\u0131rl\u0131k ve Ula\u015ft\u0131rma Bakan\u0131 Erhan Ar\u0131kl\u0131, b\u00fcrokratlar, sivil toplum kurulu\u015flar\u0131n\u0131n temsilcileri ve akademisyenler kat\u0131ld\u0131.<\/span><\/span><\/span><\/span><\/p>\n","protected":false},"excerpt":{"rendered":"<p>Toplam on \u00fclkede icras\u0131 planlanan \u201cNotalar\u0131n Rotas\u0131\u201d konserlerinin ilk dura\u011f\u0131 Kuzey K\u0131br\u0131s T\u00fcrk Cumhuriyeti oldu. &nbsp; Arslanbek Sultanbekov ve Zeyd \u015eoto taraf\u0131ndan par\u00e7alar\u0131n seslendirildi\u011fi konsere, vatanda\u015flar ve \u00fcniversite \u00f6\u011frencileri ilgi g\u00f6sterdi. &nbsp; 23 Aral\u0131k Cumartesi g\u00fcn\u00fc ise Lefko\u015fa Grand Pasha Otel\u2019de ger\u00e7ekle\u015ftirilen ikinci konsere Bay\u0131nd\u0131rl\u0131k ve Ula\u015ft\u0131rma Bakan\u0131 Erhan Ar\u0131kl\u0131, b\u00fcrokratlar, sivil toplum kurulu\u015flar\u0131n\u0131n temsilcileri<\/p>\n","protected":false},"author":1,"featured_media":23822,"comment_status":"open","ping_status":"open","sticky":false,"template":"","format":"standard","meta":{"footnotes":""},"categories":[79],"tags":[],"class_list":["post-23821","post","type-post","status-publish","format-standard","has-post-thumbnail","hentry","category-ekonomi"],"yoast_head":"<!-- This site is optimized with the Yoast SEO plugin v27.5 - https:\/\/yoast.com\/product\/yoast-seo-wordpress\/ -->\n<title>\u201cNotalar\u0131n Rotas\u0131\u201dnda ilk durak Kuzey K\u0131br\u0131s T\u00fcrk Cumhuriyeti oldu -<\/title>\n<meta name=\"robots\" content=\"index, follow, max-snippet:-1, max-image-preview:large, max-video-preview:-1\" \/>\n<link rel=\"canonical\" href=\"https:\/\/kibrisdakik.com\/?p=23821\" \/>\n<meta property=\"og:locale\" content=\"tr_TR\" \/>\n<meta property=\"og:type\" content=\"article\" \/>\n<meta property=\"og:title\" content=\"\u201cNotalar\u0131n Rotas\u0131\u201dnda ilk durak Kuzey K\u0131br\u0131s T\u00fcrk Cumhuriyeti oldu -\" \/>\n<meta property=\"og:description\" content=\"Toplam on \u00fclkede icras\u0131 planlanan \u201cNotalar\u0131n Rotas\u0131\u201d konserlerinin ilk dura\u011f\u0131 Kuzey K\u0131br\u0131s T\u00fcrk Cumhuriyeti oldu. &nbsp; Arslanbek Sultanbekov ve Zeyd \u015eoto taraf\u0131ndan par\u00e7alar\u0131n seslendirildi\u011fi konsere, vatanda\u015flar ve \u00fcniversite \u00f6\u011frencileri ilgi g\u00f6sterdi. &nbsp; 23 Aral\u0131k Cumartesi g\u00fcn\u00fc ise Lefko\u015fa Grand Pasha Otel\u2019de ger\u00e7ekle\u015ftirilen ikinci konsere Bay\u0131nd\u0131rl\u0131k ve Ula\u015ft\u0131rma Bakan\u0131 Erhan Ar\u0131kl\u0131, b\u00fcrokratlar, sivil toplum kurulu\u015flar\u0131n\u0131n temsilcileri\" \/>\n<meta property=\"og:url\" content=\"https:\/\/kibrisdakik.com\/?p=23821\" \/>\n<meta property=\"article:published_time\" content=\"2023-12-26T08:33:41+00:00\" \/>\n<meta property=\"og:image\" content=\"https:\/\/kibrisdakik.com\/wp-content\/uploads\/2023\/12\/notalarin-rotasinda-ilk-durak-kuzey-kibris-turk-cumhuriyeti-oldu-1703578883.webp.webp\" \/>\n\t<meta property=\"og:image:width\" content=\"710\" \/>\n\t<meta property=\"og:image:height\" content=\"370\" \/>\n\t<meta property=\"og:image:type\" content=\"image\/webp\" \/>\n<meta name=\"author\" content=\"admin\" \/>\n<meta name=\"twitter:card\" content=\"summary_large_image\" \/>\n<meta name=\"twitter:label1\" content=\"Yazan:\" \/>\n\t<meta name=\"twitter:data1\" content=\"admin\" \/>\n<script type=\"application\/ld+json\" class=\"yoast-schema-graph\">{\"@context\":\"https:\\\/\\\/schema.org\",\"@graph\":[{\"@type\":\"Article\",\"@id\":\"https:\\\/\\\/kibrisdakik.com\\\/?p=23821#article\",\"isPartOf\":{\"@id\":\"https:\\\/\\\/kibrisdakik.com\\\/?p=23821\"},\"author\":{\"name\":\"admin\",\"@id\":\"https:\\\/\\\/kibrisdakik.com\\\/#\\\/schema\\\/person\\\/9cd9d437bbb44f72b73ba127e06d8e79\"},\"headline\":\"\u201cNotalar\u0131n Rotas\u0131\u201dnda ilk durak Kuzey K\u0131br\u0131s T\u00fcrk Cumhuriyeti oldu\",\"datePublished\":\"2023-12-26T08:33:41+00:00\",\"mainEntityOfPage\":{\"@id\":\"https:\\\/\\\/kibrisdakik.com\\\/?p=23821\"},\"wordCount\":98,\"commentCount\":0,\"image\":{\"@id\":\"https:\\\/\\\/kibrisdakik.com\\\/?p=23821#primaryimage\"},\"thumbnailUrl\":\"https:\\\/\\\/kibrisdakik.com\\\/wp-content\\\/uploads\\\/2023\\\/12\\\/notalarin-rotasinda-ilk-durak-kuzey-kibris-turk-cumhuriyeti-oldu-1703578883.webp.webp\",\"articleSection\":[\"Ekonomi\"],\"inLanguage\":\"tr\",\"potentialAction\":[{\"@type\":\"CommentAction\",\"name\":\"Comment\",\"target\":[\"https:\\\/\\\/kibrisdakik.com\\\/?p=23821#respond\"]}]},{\"@type\":\"WebPage\",\"@id\":\"https:\\\/\\\/kibrisdakik.com\\\/?p=23821\",\"url\":\"https:\\\/\\\/kibrisdakik.com\\\/?p=23821\",\"name\":\"\u201cNotalar\u0131n Rotas\u0131\u201dnda ilk durak Kuzey K\u0131br\u0131s T\u00fcrk Cumhuriyeti oldu -\",\"isPartOf\":{\"@id\":\"https:\\\/\\\/kibrisdakik.com\\\/#website\"},\"primaryImageOfPage\":{\"@id\":\"https:\\\/\\\/kibrisdakik.com\\\/?p=23821#primaryimage\"},\"image\":{\"@id\":\"https:\\\/\\\/kibrisdakik.com\\\/?p=23821#primaryimage\"},\"thumbnailUrl\":\"https:\\\/\\\/kibrisdakik.com\\\/wp-content\\\/uploads\\\/2023\\\/12\\\/notalarin-rotasinda-ilk-durak-kuzey-kibris-turk-cumhuriyeti-oldu-1703578883.webp.webp\",\"datePublished\":\"2023-12-26T08:33:41+00:00\",\"author\":{\"@id\":\"https:\\\/\\\/kibrisdakik.com\\\/#\\\/schema\\\/person\\\/9cd9d437bbb44f72b73ba127e06d8e79\"},\"breadcrumb\":{\"@id\":\"https:\\\/\\\/kibrisdakik.com\\\/?p=23821#breadcrumb\"},\"inLanguage\":\"tr\",\"potentialAction\":[{\"@type\":\"ReadAction\",\"target\":[\"https:\\\/\\\/kibrisdakik.com\\\/?p=23821\"]}]},{\"@type\":\"ImageObject\",\"inLanguage\":\"tr\",\"@id\":\"https:\\\/\\\/kibrisdakik.com\\\/?p=23821#primaryimage\",\"url\":\"https:\\\/\\\/kibrisdakik.com\\\/wp-content\\\/uploads\\\/2023\\\/12\\\/notalarin-rotasinda-ilk-durak-kuzey-kibris-turk-cumhuriyeti-oldu-1703578883.webp.webp\",\"contentUrl\":\"https:\\\/\\\/kibrisdakik.com\\\/wp-content\\\/uploads\\\/2023\\\/12\\\/notalarin-rotasinda-ilk-durak-kuzey-kibris-turk-cumhuriyeti-oldu-1703578883.webp.webp\",\"width\":710,\"height\":370},{\"@type\":\"BreadcrumbList\",\"@id\":\"https:\\\/\\\/kibrisdakik.com\\\/?p=23821#breadcrumb\",\"itemListElement\":[{\"@type\":\"ListItem\",\"position\":1,\"name\":\"Home\",\"item\":\"https:\\\/\\\/kibrisdakik.com\\\/\"},{\"@type\":\"ListItem\",\"position\":2,\"name\":\"\u201cNotalar\u0131n Rotas\u0131\u201dnda ilk durak Kuzey K\u0131br\u0131s T\u00fcrk Cumhuriyeti oldu\"}]},{\"@type\":\"WebSite\",\"@id\":\"https:\\\/\\\/kibrisdakik.com\\\/#website\",\"url\":\"https:\\\/\\\/kibrisdakik.com\\\/\",\"name\":\"\",\"description\":\"Tam vaktinde haber\",\"potentialAction\":[{\"@type\":\"SearchAction\",\"target\":{\"@type\":\"EntryPoint\",\"urlTemplate\":\"https:\\\/\\\/kibrisdakik.com\\\/?s={search_term_string}\"},\"query-input\":{\"@type\":\"PropertyValueSpecification\",\"valueRequired\":true,\"valueName\":\"search_term_string\"}}],\"inLanguage\":\"tr\"},{\"@type\":\"Person\",\"@id\":\"https:\\\/\\\/kibrisdakik.com\\\/#\\\/schema\\\/person\\\/9cd9d437bbb44f72b73ba127e06d8e79\",\"name\":\"admin\",\"image\":{\"@type\":\"ImageObject\",\"inLanguage\":\"tr\",\"@id\":\"https:\\\/\\\/secure.gravatar.com\\\/avatar\\\/ccc17943b9d660506c869530f897617f7cb1c21a4bf30023f252596d83e1f007?s=96&d=mm&r=g\",\"url\":\"https:\\\/\\\/secure.gravatar.com\\\/avatar\\\/ccc17943b9d660506c869530f897617f7cb1c21a4bf30023f252596d83e1f007?s=96&d=mm&r=g\",\"contentUrl\":\"https:\\\/\\\/secure.gravatar.com\\\/avatar\\\/ccc17943b9d660506c869530f897617f7cb1c21a4bf30023f252596d83e1f007?s=96&d=mm&r=g\",\"caption\":\"admin\"},\"sameAs\":[\"https:\\\/\\\/kibrisdakik.com\"],\"url\":\"https:\\\/\\\/kibrisdakik.com\\\/?author=1\"}]}<\/script>\n<!-- \/ Yoast SEO plugin. -->","yoast_head_json":{"title":"\u201cNotalar\u0131n Rotas\u0131\u201dnda ilk durak Kuzey K\u0131br\u0131s T\u00fcrk Cumhuriyeti oldu -","robots":{"index":"index","follow":"follow","max-snippet":"max-snippet:-1","max-image-preview":"max-image-preview:large","max-video-preview":"max-video-preview:-1"},"canonical":"https:\/\/kibrisdakik.com\/?p=23821","og_locale":"tr_TR","og_type":"article","og_title":"\u201cNotalar\u0131n Rotas\u0131\u201dnda ilk durak Kuzey K\u0131br\u0131s T\u00fcrk Cumhuriyeti oldu -","og_description":"Toplam on \u00fclkede icras\u0131 planlanan \u201cNotalar\u0131n Rotas\u0131\u201d konserlerinin ilk dura\u011f\u0131 Kuzey K\u0131br\u0131s T\u00fcrk Cumhuriyeti oldu. &nbsp; Arslanbek Sultanbekov ve Zeyd \u015eoto taraf\u0131ndan par\u00e7alar\u0131n seslendirildi\u011fi konsere, vatanda\u015flar ve \u00fcniversite \u00f6\u011frencileri ilgi g\u00f6sterdi. &nbsp; 23 Aral\u0131k Cumartesi g\u00fcn\u00fc ise Lefko\u015fa Grand Pasha Otel\u2019de ger\u00e7ekle\u015ftirilen ikinci konsere Bay\u0131nd\u0131rl\u0131k ve Ula\u015ft\u0131rma Bakan\u0131 Erhan Ar\u0131kl\u0131, b\u00fcrokratlar, sivil toplum kurulu\u015flar\u0131n\u0131n temsilcileri","og_url":"https:\/\/kibrisdakik.com\/?p=23821","article_published_time":"2023-12-26T08:33:41+00:00","og_image":[{"width":710,"height":370,"url":"https:\/\/kibrisdakik.com\/wp-content\/uploads\/2023\/12\/notalarin-rotasinda-ilk-durak-kuzey-kibris-turk-cumhuriyeti-oldu-1703578883.webp.webp","type":"image\/webp"}],"author":"admin","twitter_card":"summary_large_image","twitter_misc":{"Yazan:":"admin"},"schema":{"@context":"https:\/\/schema.org","@graph":[{"@type":"Article","@id":"https:\/\/kibrisdakik.com\/?p=23821#article","isPartOf":{"@id":"https:\/\/kibrisdakik.com\/?p=23821"},"author":{"name":"admin","@id":"https:\/\/kibrisdakik.com\/#\/schema\/person\/9cd9d437bbb44f72b73ba127e06d8e79"},"headline":"\u201cNotalar\u0131n Rotas\u0131\u201dnda ilk durak Kuzey K\u0131br\u0131s T\u00fcrk Cumhuriyeti oldu","datePublished":"2023-12-26T08:33:41+00:00","mainEntityOfPage":{"@id":"https:\/\/kibrisdakik.com\/?p=23821"},"wordCount":98,"commentCount":0,"image":{"@id":"https:\/\/kibrisdakik.com\/?p=23821#primaryimage"},"thumbnailUrl":"https:\/\/kibrisdakik.com\/wp-content\/uploads\/2023\/12\/notalarin-rotasinda-ilk-durak-kuzey-kibris-turk-cumhuriyeti-oldu-1703578883.webp.webp","articleSection":["Ekonomi"],"inLanguage":"tr","potentialAction":[{"@type":"CommentAction","name":"Comment","target":["https:\/\/kibrisdakik.com\/?p=23821#respond"]}]},{"@type":"WebPage","@id":"https:\/\/kibrisdakik.com\/?p=23821","url":"https:\/\/kibrisdakik.com\/?p=23821","name":"\u201cNotalar\u0131n Rotas\u0131\u201dnda ilk durak Kuzey K\u0131br\u0131s T\u00fcrk Cumhuriyeti oldu -","isPartOf":{"@id":"https:\/\/kibrisdakik.com\/#website"},"primaryImageOfPage":{"@id":"https:\/\/kibrisdakik.com\/?p=23821#primaryimage"},"image":{"@id":"https:\/\/kibrisdakik.com\/?p=23821#primaryimage"},"thumbnailUrl":"https:\/\/kibrisdakik.com\/wp-content\/uploads\/2023\/12\/notalarin-rotasinda-ilk-durak-kuzey-kibris-turk-cumhuriyeti-oldu-1703578883.webp.webp","datePublished":"2023-12-26T08:33:41+00:00","author":{"@id":"https:\/\/kibrisdakik.com\/#\/schema\/person\/9cd9d437bbb44f72b73ba127e06d8e79"},"breadcrumb":{"@id":"https:\/\/kibrisdakik.com\/?p=23821#breadcrumb"},"inLanguage":"tr","potentialAction":[{"@type":"ReadAction","target":["https:\/\/kibrisdakik.com\/?p=23821"]}]},{"@type":"ImageObject","inLanguage":"tr","@id":"https:\/\/kibrisdakik.com\/?p=23821#primaryimage","url":"https:\/\/kibrisdakik.com\/wp-content\/uploads\/2023\/12\/notalarin-rotasinda-ilk-durak-kuzey-kibris-turk-cumhuriyeti-oldu-1703578883.webp.webp","contentUrl":"https:\/\/kibrisdakik.com\/wp-content\/uploads\/2023\/12\/notalarin-rotasinda-ilk-durak-kuzey-kibris-turk-cumhuriyeti-oldu-1703578883.webp.webp","width":710,"height":370},{"@type":"BreadcrumbList","@id":"https:\/\/kibrisdakik.com\/?p=23821#breadcrumb","itemListElement":[{"@type":"ListItem","position":1,"name":"Home","item":"https:\/\/kibrisdakik.com\/"},{"@type":"ListItem","position":2,"name":"\u201cNotalar\u0131n Rotas\u0131\u201dnda ilk durak Kuzey K\u0131br\u0131s T\u00fcrk Cumhuriyeti oldu"}]},{"@type":"WebSite","@id":"https:\/\/kibrisdakik.com\/#website","url":"https:\/\/kibrisdakik.com\/","name":"","description":"Tam vaktinde haber","potentialAction":[{"@type":"SearchAction","target":{"@type":"EntryPoint","urlTemplate":"https:\/\/kibrisdakik.com\/?s={search_term_string}"},"query-input":{"@type":"PropertyValueSpecification","valueRequired":true,"valueName":"search_term_string"}}],"inLanguage":"tr"},{"@type":"Person","@id":"https:\/\/kibrisdakik.com\/#\/schema\/person\/9cd9d437bbb44f72b73ba127e06d8e79","name":"admin","image":{"@type":"ImageObject","inLanguage":"tr","@id":"https:\/\/secure.gravatar.com\/avatar\/ccc17943b9d660506c869530f897617f7cb1c21a4bf30023f252596d83e1f007?s=96&d=mm&r=g","url":"https:\/\/secure.gravatar.com\/avatar\/ccc17943b9d660506c869530f897617f7cb1c21a4bf30023f252596d83e1f007?s=96&d=mm&r=g","contentUrl":"https:\/\/secure.gravatar.com\/avatar\/ccc17943b9d660506c869530f897617f7cb1c21a4bf30023f252596d83e1f007?s=96&d=mm&r=g","caption":"admin"},"sameAs":["https:\/\/kibrisdakik.com"],"url":"https:\/\/kibrisdakik.com\/?author=1"}]}},"_links":{"self":[{"href":"https:\/\/kibrisdakik.com\/index.php?rest_route=\/wp\/v2\/posts\/23821","targetHints":{"allow":["GET"]}}],"collection":[{"href":"https:\/\/kibrisdakik.com\/index.php?rest_route=\/wp\/v2\/posts"}],"about":[{"href":"https:\/\/kibrisdakik.com\/index.php?rest_route=\/wp\/v2\/types\/post"}],"author":[{"embeddable":true,"href":"https:\/\/kibrisdakik.com\/index.php?rest_route=\/wp\/v2\/users\/1"}],"replies":[{"embeddable":true,"href":"https:\/\/kibrisdakik.com\/index.php?rest_route=%2Fwp%2Fv2%2Fcomments&post=23821"}],"version-history":[{"count":0,"href":"https:\/\/kibrisdakik.com\/index.php?rest_route=\/wp\/v2\/posts\/23821\/revisions"}],"wp:featuredmedia":[{"embeddable":true,"href":"https:\/\/kibrisdakik.com\/index.php?rest_route=\/wp\/v2\/media\/23822"}],"wp:attachment":[{"href":"https:\/\/kibrisdakik.com\/index.php?rest_route=%2Fwp%2Fv2%2Fmedia&parent=23821"}],"wp:term":[{"taxonomy":"category","embeddable":true,"href":"https:\/\/kibrisdakik.com\/index.php?rest_route=%2Fwp%2Fv2%2Fcategories&post=23821"},{"taxonomy":"post_tag","embeddable":true,"href":"https:\/\/kibrisdakik.com\/index.php?rest_route=%2Fwp%2Fv2%2Ftags&post=23821"}],"curies":[{"name":"wp","href":"https:\/\/api.w.org\/{rel}","templated":true}]}}