{"id":23849,"date":"2023-12-26T11:15:55","date_gmt":"2023-12-26T11:15:55","guid":{"rendered":"https:\/\/kibrisdakik.com\/index.php\/2023\/12\/26\/ataturk-kosulari-yarin-yapilacak\/"},"modified":"2023-12-26T11:15:55","modified_gmt":"2023-12-26T11:15:55","slug":"ataturk-kosulari-yarin-yapilacak","status":"publish","type":"post","link":"https:\/\/kibrisdakik.com\/?p=23849","title":{"rendered":"Atat\u00fcrk Ko\u015fular\u0131 yar\u0131n yap\u0131lacak"},"content":{"rendered":"<p><img decoding=\"async\" src=\"https:\/\/www.kibristurk.com\/images\/haberler\/2023\/12\/ataturk-kosulari-yarin-yapilacak-1703586968.webp\" \/><\/p>\n<p style=\"text-align:left\"><span style=\"font-size:14px\"><span style=\"font-family:Arial,Helvetica,sans-serif\"><span style=\"color:#000000\"><span style=\"background-color:#ffffff\">Lefko\u015fa\u2019daki 8 kilometrelik ko\u015fu, 08.00\u2019de Hamitk\u00f6y \u00c7evre Yolu\u2019nda ba\u015flayacak.<\/span><\/span><\/span><\/span><\/p>\n<p style=\"text-align:left\"><span style=\"font-size:14px\"><span style=\"font-family:Arial,Helvetica,sans-serif\"><span style=\"color:#000000\"><span style=\"background-color:#ffffff\">G\u00f6\u011f\u00fcs numaralar\u0131, yar\u0131\u015fma g\u00fcn\u00fc Atat\u00fcrk Stad\u0131\u2019nda, 07.00 \u2013 07.30 saatleri aras\u0131nda da\u011f\u0131t\u0131lacak. Yar\u0131\u015f ba\u015flang\u0131\u00e7 noktas\u0131na servis ile gidilecek.<\/span><\/span><\/span><\/span><\/p>\n<p style=\"text-align:left\"><span style=\"font-size:14px\"><span style=\"font-family:Arial,Helvetica,sans-serif\"><span style=\"color:#000000\"><span style=\"background-color:#ffffff\">Yar\u0131\u015f\u0131n \u00f6d\u00fcl t\u00f6reni Atat\u00fcrk Stad\u0131\u2019nda saat 09.30\u2019da ger\u00e7ekle\u015ftirilecek.<\/span><\/span><\/span><\/span><\/p>\n<p style=\"text-align:left\"><span style=\"font-size:14px\"><span style=\"font-family:Arial,Helvetica,sans-serif\"><span style=\"color:#000000\"><span style=\"background-color:#ffffff\">27 Aral\u0131k Atat\u00fcrk Yol Ko\u015fusundaki ya\u015f kategorileri erkekler ve kad\u0131nlarda; genel klasman, 18-29, 30-39, 40-49, 50-59 ve 60 ya\u015f \u00fcst\u00fc olarak a\u00e7\u0131kland\u0131.<\/span><\/span><\/span><\/span><\/p>\n<p style=\"text-align:left\"><span style=\"font-size:14px\"><span style=\"font-family:Arial,Helvetica,sans-serif\"><span style=\"color:#000000\"><span style=\"background-color:#ffffff\">Yar\u0131\u015fa kay\u0131t yapt\u0131rmak isteyen sporcular\u0131n federasyonun Facebook sayfas\u0131nda yay\u0131nlad\u0131\u011f\u0131 link \u00fczerinden kay\u0131t yapt\u0131rabilecekleri duyuruldu.<\/span><\/span><\/span><\/span><\/p>\n<p style=\"text-align:left\"><span style=\"font-size:14px\"><span style=\"font-family:Arial,Helvetica,sans-serif\"><span style=\"color:#000000\"><span style=\"background-color:#ffffff\">-Girne<\/span><\/span><\/span><\/span><\/p>\n<p style=\"text-align:left\"><span style=\"font-size:14px\"><span style=\"font-family:Arial,Helvetica,sans-serif\"><span style=\"color:#000000\"><span style=\"background-color:#ffffff\">Girne Kaymakaml\u0131\u011f\u0131ndan yap\u0131lan a\u00e7\u0131klamaya g\u00f6re Girne\u2019de yar\u0131\u015flar, ilkokul k\u0131z-erkek, ortaokul k\u0131z-erkek ve lise k\u0131z-erkek olmak \u00fczere 6 kategoride d\u00fczenlenecek.<\/span><\/span><\/span><\/span><\/p>\n<p style=\"text-align:left\"><span style=\"font-size:14px\"><span style=\"font-family:Arial,Helvetica,sans-serif\"><span style=\"color:#000000\"><span style=\"background-color:#ffffff\">08.30\u2019da ba\u015flayacak ko\u015fuda ilkokul k\u0131z kategorisindeki yar\u0131\u015f Girne \u00c7ar\u015f\u0131dan, di\u011fer t\u00fcm yar\u0131\u015flar Ziraat Bankas\u0131 yan\u0131ndaki Atat\u00fcrk B\u00fcst\u00fcnden ba\u015flayacak.<\/span><\/span><\/span><\/span><\/p>\n<p style=\"text-align:left\"><span style=\"font-size:14px\"><span style=\"font-family:Arial,Helvetica,sans-serif\"><span style=\"color:#000000\"><span style=\"background-color:#ffffff\">Her kategoride farkl\u0131 uzunlukta ko\u015fulacak yar\u0131\u015flar\u0131n t\u00fcm\u00fc Atat\u00fcrk B\u00fcst\u00fc \u00f6n\u00fcnde bitecek.<\/span><\/span><\/span><\/span><\/p>\n<p style=\"text-align:left\"><span style=\"font-size:14px\"><span style=\"font-family:Arial,Helvetica,sans-serif\"><span style=\"color:#000000\"><span style=\"background-color:#ffffff\">-Gazima\u011fusa<\/span><\/span><\/span><\/span><\/p>\n<p style=\"text-align:left\"><span style=\"font-size:14px\"><span style=\"font-family:Arial,Helvetica,sans-serif\"><span style=\"color:#000000\"><span style=\"background-color:#ffffff\">Gazima\u011fusa Kaymakaml\u0131\u011f\u0131ndan yap\u0131lan a\u00e7\u0131klamaya g\u00f6re ko\u015fular yar\u0131n 08.30\u2019da Gazima\u011fusa Belediyesi \u00f6n\u00fcnde d\u00fczenlenecek.<\/span><\/span><\/span><\/span><\/p>\n<p style=\"text-align:left\"><span style=\"font-size:14px\"><span style=\"font-family:Arial,Helvetica,sans-serif\"><span style=\"color:#000000\"><span style=\"background-color:#ffffff\">-G\u00fczelyurt<\/span><\/span><\/span><\/span><\/p>\n<p style=\"text-align:left\"><span style=\"font-size:14px\"><span style=\"font-family:Arial,Helvetica,sans-serif\"><span style=\"color:#000000\"><span style=\"background-color:#ffffff\">G\u00fczelyurt Kaymakaml\u0131\u011f\u0131\u2019ndan verilen bilgiye g\u00f6re, G\u00fczelyurt\u2019taki t\u00f6ren saat 09.30\u2019da Atat\u00fcrk An\u0131t\u0131 \u00f6n\u00fcnde ba\u015flayacak. An\u0131ta \u00e7elenk sunulmas\u0131n\u0131n ard\u0131ndan sayg\u0131 duru\u015fu ve \u0130stiklal Mar\u015f\u0131 ile bayraklar g\u00f6ndere \u00e7ekilecek.<\/span><\/span><\/span><\/span><\/p>\n<p style=\"text-align:left\"><span style=\"font-size:14px\"><span style=\"font-family:Arial,Helvetica,sans-serif\"><span style=\"color:#000000\"><span style=\"background-color:#ffffff\">G\u00fcn\u00fcn anlam ve \u00f6nemini belirten konu\u015fman\u0131n sonras\u0131nda sporcular belediye arac\u0131 ile ba\u015flama noktalar\u0131na g\u00f6t\u00fcr\u00fclecek.<\/span><\/span><\/span><\/span><\/p>\n<p style=\"text-align:left\"><span style=\"font-size:14px\"><span style=\"font-family:Arial,Helvetica,sans-serif\"><span style=\"color:#000000\"><span style=\"background-color:#ffffff\">Ko\u015fular minik k\u0131z, minik erkek, y\u0131ld\u0131z k\u0131z, y\u0131ld\u0131z erkek, gen\u00e7 k\u0131z, gen\u00e7 erkek ve b\u00fcy\u00fck erkek kategorilerinde yap\u0131lacak.<\/span><\/span><\/span><\/span><\/p>\n<p style=\"text-align:left\"><span style=\"font-size:14px\"><span style=\"font-family:Arial,Helvetica,sans-serif\"><span style=\"color:#000000\"><span style=\"background-color:#ffffff\">\u00d6d\u00fcl t\u00f6reni her kategori bitiminden sonra G\u00fczelyurt Arkeoloji ve Do\u011fa M\u00fczesi \u00f6n\u00fcnde yer alacak.<\/span><\/span><\/span><\/span><\/p>\n<p style=\"text-align:left\"><span style=\"font-size:14px\"><span style=\"font-family:Arial,Helvetica,sans-serif\"><span style=\"color:#000000\"><span style=\"background-color:#ffffff\">-\u0130skele<\/span><\/span><\/span><\/span><\/p>\n<p style=\"text-align:left\"><span style=\"font-size:14px\"><span style=\"font-family:Arial,Helvetica,sans-serif\"><span style=\"color:#000000\"><span style=\"background-color:#ffffff\">\u0130skele Kaymakaml\u0131\u011f\u0131\u2019ndan verilen bilgiye g\u00f6re t\u00f6ren, Ecevit Meydan\u0131\u2019nda saat 09.00\u2019da Atat\u00fcrk b\u00fcst\u00fcne \u00e7elenk konulmas\u0131 ile ba\u015flayacak.<\/span><\/span><\/span><\/span><\/p>\n<p style=\"text-align:left\"><span style=\"font-size:14px\"><span style=\"font-family:Arial,Helvetica,sans-serif\"><span style=\"color:#000000\"><span style=\"background-color:#ffffff\">Sayg\u0131 duru\u015fu ve \u0130stiklal Mar\u015f\u0131 ile bayraklar\u0131n g\u00f6ndere \u00e7ekilmesinin ard\u0131ndan g\u00fcn\u00fcn anlam ve \u00f6nemini belirten konu\u015fma yap\u0131lacak.<\/span><\/span><\/span><\/span><\/p>\n<p style=\"text-align:left\"><span style=\"font-size:14px\"><span style=\"font-family:Arial,Helvetica,sans-serif\"><span style=\"color:#000000\"><span style=\"background-color:#ffffff\">Daha sonra sporcular yar\u0131\u015f ba\u015flang\u0131\u00e7 noktas\u0131na g\u00f6t\u00fcr\u00fclecek. \u00d6d\u00fcl t\u00f6reni, Atat\u00fcrk K\u00fclt\u00fcr Merkezi ve\/veya Ecevit Meydan\u0131\u2019nda ger\u00e7ekle\u015ftirilecek.<\/span><\/span><\/span><\/span><\/p>\n<p style=\"text-align:left\"><span style=\"font-size:14px\"><span style=\"font-family:Arial,Helvetica,sans-serif\"><span style=\"color:#000000\"><span style=\"background-color:#ffffff\">-Lefke<\/span><\/span><\/span><\/span><\/p>\n<p style=\"text-align:left\"><span style=\"font-size:14px\"><span style=\"font-family:Arial,Helvetica,sans-serif\"><span style=\"color:#000000\"><span style=\"background-color:#ffffff\">Lefke Kaymakaml\u0131\u011f\u0131\u2019ndan verilen bilgiye g\u00f6re, Lefke Kaymakaml\u0131\u011f\u0131 binas\u0131 \u00f6n\u00fcnde saat 09.30\u2019da \u00e7elenk sunulmas\u0131yla ba\u015flayacak t\u00f6ren, sayg\u0131 duru\u015fu ve \u0130stiklal Mar\u015f\u0131 ile bayraklar\u0131n g\u00f6ndere \u00e7ekilmesiyle devam edecek.<\/span><\/span><\/span><\/span><\/p>\n<p style=\"text-align:left\"><span style=\"font-size:14px\"><span style=\"font-family:Arial,Helvetica,sans-serif\"><span style=\"color:#000000\"><span style=\"background-color:#ffffff\">G\u00fcn\u00fcn anlam ve \u00f6nemini belirten konu\u015fman\u0131n ard\u0131ndan sporcular belediye arac\u0131 ile ba\u015flama noktalar\u0131na g\u00f6t\u00fcr\u00fclecek.<\/span><\/span><\/span><\/span><\/p>\n<p style=\"text-align:left\"><span style=\"font-size:14px\"><span style=\"font-family:Arial,Helvetica,sans-serif\"><span style=\"color:#000000\"><span style=\"background-color:#ffffff\">Ko\u015fular, minik k\u0131z, minik erkek, y\u0131ld\u0131z k\u0131z, y\u0131ld\u0131z erkek, gen\u00e7 k\u0131z ve gen\u00e7 erkek kategorilerinde yap\u0131lacak.<\/span><\/span><\/span><\/span><\/p>\n<p style=\"text-align:left\">&nbsp;<\/p>\n<p style=\"text-align:left\"><span style=\"font-size:14px\"><span style=\"font-family:Arial,Helvetica,sans-serif\"><span style=\"color:#000000\"><span style=\"background-color:#ffffff\">\u00d6d\u00fcl t\u00f6reni, ko\u015fular\u0131n tamamlanmas\u0131 sonras\u0131nda Lefke Kaymakaml\u0131\u011f\u0131 binas\u0131 \u00f6n\u00fcnde yer alacak.<\/span><\/span><\/span><\/span><\/p>\n","protected":false},"excerpt":{"rendered":"<p>Lefko\u015fa\u2019daki 8 kilometrelik ko\u015fu, 08.00\u2019de Hamitk\u00f6y \u00c7evre Yolu\u2019nda ba\u015flayacak. G\u00f6\u011f\u00fcs numaralar\u0131, yar\u0131\u015fma g\u00fcn\u00fc Atat\u00fcrk Stad\u0131\u2019nda, 07.00 \u2013 07.30 saatleri aras\u0131nda da\u011f\u0131t\u0131lacak. Yar\u0131\u015f ba\u015flang\u0131\u00e7 noktas\u0131na servis ile gidilecek. Yar\u0131\u015f\u0131n \u00f6d\u00fcl t\u00f6reni Atat\u00fcrk Stad\u0131\u2019nda saat 09.30\u2019da ger\u00e7ekle\u015ftirilecek. 27 Aral\u0131k Atat\u00fcrk Yol Ko\u015fusundaki ya\u015f kategorileri erkekler ve kad\u0131nlarda; genel klasman, 18-29, 30-39, 40-49, 50-59 ve 60 ya\u015f \u00fcst\u00fc<\/p>\n","protected":false},"author":1,"featured_media":23850,"comment_status":"open","ping_status":"open","sticky":false,"template":"","format":"standard","meta":{"footnotes":""},"categories":[85],"tags":[],"class_list":["post-23849","post","type-post","status-publish","format-standard","has-post-thumbnail","hentry","category-spor"],"yoast_head":"<!-- This site is optimized with the Yoast SEO plugin v27.5 - https:\/\/yoast.com\/product\/yoast-seo-wordpress\/ -->\n<title>Atat\u00fcrk Ko\u015fular\u0131 yar\u0131n yap\u0131lacak -<\/title>\n<meta name=\"robots\" content=\"index, follow, max-snippet:-1, max-image-preview:large, max-video-preview:-1\" \/>\n<link rel=\"canonical\" href=\"https:\/\/kibrisdakik.com\/?p=23849\" \/>\n<meta property=\"og:locale\" content=\"tr_TR\" \/>\n<meta property=\"og:type\" content=\"article\" \/>\n<meta property=\"og:title\" content=\"Atat\u00fcrk Ko\u015fular\u0131 yar\u0131n yap\u0131lacak -\" \/>\n<meta property=\"og:description\" content=\"Lefko\u015fa\u2019daki 8 kilometrelik ko\u015fu, 08.00\u2019de Hamitk\u00f6y \u00c7evre Yolu\u2019nda ba\u015flayacak. G\u00f6\u011f\u00fcs numaralar\u0131, yar\u0131\u015fma g\u00fcn\u00fc Atat\u00fcrk Stad\u0131\u2019nda, 07.00 \u2013 07.30 saatleri aras\u0131nda da\u011f\u0131t\u0131lacak. Yar\u0131\u015f ba\u015flang\u0131\u00e7 noktas\u0131na servis ile gidilecek. Yar\u0131\u015f\u0131n \u00f6d\u00fcl t\u00f6reni Atat\u00fcrk Stad\u0131\u2019nda saat 09.30\u2019da ger\u00e7ekle\u015ftirilecek. 27 Aral\u0131k Atat\u00fcrk Yol Ko\u015fusundaki ya\u015f kategorileri erkekler ve kad\u0131nlarda; genel klasman, 18-29, 30-39, 40-49, 50-59 ve 60 ya\u015f \u00fcst\u00fc\" \/>\n<meta property=\"og:url\" content=\"https:\/\/kibrisdakik.com\/?p=23849\" \/>\n<meta property=\"article:published_time\" content=\"2023-12-26T11:15:55+00:00\" \/>\n<meta property=\"og:image\" content=\"https:\/\/kibrisdakik.com\/wp-content\/uploads\/2023\/12\/ataturk-kosulari-yarin-yapilacak-1703586968.webp.webp\" \/>\n\t<meta property=\"og:image:width\" content=\"710\" \/>\n\t<meta property=\"og:image:height\" content=\"370\" \/>\n\t<meta property=\"og:image:type\" content=\"image\/webp\" \/>\n<meta name=\"author\" content=\"admin\" \/>\n<meta name=\"twitter:card\" content=\"summary_large_image\" \/>\n<meta name=\"twitter:label1\" content=\"Yazan:\" \/>\n\t<meta name=\"twitter:data1\" content=\"admin\" \/>\n\t<meta name=\"twitter:label2\" content=\"Tahmini okuma s\u00fcresi\" \/>\n\t<meta name=\"twitter:data2\" content=\"3 dakika\" \/>\n<script type=\"application\/ld+json\" class=\"yoast-schema-graph\">{\"@context\":\"https:\\\/\\\/schema.org\",\"@graph\":[{\"@type\":\"Article\",\"@id\":\"https:\\\/\\\/kibrisdakik.com\\\/?p=23849#article\",\"isPartOf\":{\"@id\":\"https:\\\/\\\/kibrisdakik.com\\\/?p=23849\"},\"author\":{\"name\":\"admin\",\"@id\":\"https:\\\/\\\/kibrisdakik.com\\\/#\\\/schema\\\/person\\\/9cd9d437bbb44f72b73ba127e06d8e79\"},\"headline\":\"Atat\u00fcrk Ko\u015fular\u0131 yar\u0131n yap\u0131lacak\",\"datePublished\":\"2023-12-26T11:15:55+00:00\",\"mainEntityOfPage\":{\"@id\":\"https:\\\/\\\/kibrisdakik.com\\\/?p=23849\"},\"wordCount\":511,\"commentCount\":0,\"image\":{\"@id\":\"https:\\\/\\\/kibrisdakik.com\\\/?p=23849#primaryimage\"},\"thumbnailUrl\":\"https:\\\/\\\/kibrisdakik.com\\\/wp-content\\\/uploads\\\/2023\\\/12\\\/ataturk-kosulari-yarin-yapilacak-1703586968.webp.webp\",\"articleSection\":[\"Spor\"],\"inLanguage\":\"tr\",\"potentialAction\":[{\"@type\":\"CommentAction\",\"name\":\"Comment\",\"target\":[\"https:\\\/\\\/kibrisdakik.com\\\/?p=23849#respond\"]}]},{\"@type\":\"WebPage\",\"@id\":\"https:\\\/\\\/kibrisdakik.com\\\/?p=23849\",\"url\":\"https:\\\/\\\/kibrisdakik.com\\\/?p=23849\",\"name\":\"Atat\u00fcrk Ko\u015fular\u0131 yar\u0131n yap\u0131lacak -\",\"isPartOf\":{\"@id\":\"https:\\\/\\\/kibrisdakik.com\\\/#website\"},\"primaryImageOfPage\":{\"@id\":\"https:\\\/\\\/kibrisdakik.com\\\/?p=23849#primaryimage\"},\"image\":{\"@id\":\"https:\\\/\\\/kibrisdakik.com\\\/?p=23849#primaryimage\"},\"thumbnailUrl\":\"https:\\\/\\\/kibrisdakik.com\\\/wp-content\\\/uploads\\\/2023\\\/12\\\/ataturk-kosulari-yarin-yapilacak-1703586968.webp.webp\",\"datePublished\":\"2023-12-26T11:15:55+00:00\",\"author\":{\"@id\":\"https:\\\/\\\/kibrisdakik.com\\\/#\\\/schema\\\/person\\\/9cd9d437bbb44f72b73ba127e06d8e79\"},\"breadcrumb\":{\"@id\":\"https:\\\/\\\/kibrisdakik.com\\\/?p=23849#breadcrumb\"},\"inLanguage\":\"tr\",\"potentialAction\":[{\"@type\":\"ReadAction\",\"target\":[\"https:\\\/\\\/kibrisdakik.com\\\/?p=23849\"]}]},{\"@type\":\"ImageObject\",\"inLanguage\":\"tr\",\"@id\":\"https:\\\/\\\/kibrisdakik.com\\\/?p=23849#primaryimage\",\"url\":\"https:\\\/\\\/kibrisdakik.com\\\/wp-content\\\/uploads\\\/2023\\\/12\\\/ataturk-kosulari-yarin-yapilacak-1703586968.webp.webp\",\"contentUrl\":\"https:\\\/\\\/kibrisdakik.com\\\/wp-content\\\/uploads\\\/2023\\\/12\\\/ataturk-kosulari-yarin-yapilacak-1703586968.webp.webp\",\"width\":710,\"height\":370},{\"@type\":\"BreadcrumbList\",\"@id\":\"https:\\\/\\\/kibrisdakik.com\\\/?p=23849#breadcrumb\",\"itemListElement\":[{\"@type\":\"ListItem\",\"position\":1,\"name\":\"Home\",\"item\":\"https:\\\/\\\/kibrisdakik.com\\\/\"},{\"@type\":\"ListItem\",\"position\":2,\"name\":\"Atat\u00fcrk Ko\u015fular\u0131 yar\u0131n yap\u0131lacak\"}]},{\"@type\":\"WebSite\",\"@id\":\"https:\\\/\\\/kibrisdakik.com\\\/#website\",\"url\":\"https:\\\/\\\/kibrisdakik.com\\\/\",\"name\":\"\",\"description\":\"Tam vaktinde haber\",\"potentialAction\":[{\"@type\":\"SearchAction\",\"target\":{\"@type\":\"EntryPoint\",\"urlTemplate\":\"https:\\\/\\\/kibrisdakik.com\\\/?s={search_term_string}\"},\"query-input\":{\"@type\":\"PropertyValueSpecification\",\"valueRequired\":true,\"valueName\":\"search_term_string\"}}],\"inLanguage\":\"tr\"},{\"@type\":\"Person\",\"@id\":\"https:\\\/\\\/kibrisdakik.com\\\/#\\\/schema\\\/person\\\/9cd9d437bbb44f72b73ba127e06d8e79\",\"name\":\"admin\",\"image\":{\"@type\":\"ImageObject\",\"inLanguage\":\"tr\",\"@id\":\"https:\\\/\\\/secure.gravatar.com\\\/avatar\\\/ccc17943b9d660506c869530f897617f7cb1c21a4bf30023f252596d83e1f007?s=96&d=mm&r=g\",\"url\":\"https:\\\/\\\/secure.gravatar.com\\\/avatar\\\/ccc17943b9d660506c869530f897617f7cb1c21a4bf30023f252596d83e1f007?s=96&d=mm&r=g\",\"contentUrl\":\"https:\\\/\\\/secure.gravatar.com\\\/avatar\\\/ccc17943b9d660506c869530f897617f7cb1c21a4bf30023f252596d83e1f007?s=96&d=mm&r=g\",\"caption\":\"admin\"},\"sameAs\":[\"https:\\\/\\\/kibrisdakik.com\"],\"url\":\"https:\\\/\\\/kibrisdakik.com\\\/?author=1\"}]}<\/script>\n<!-- \/ Yoast SEO plugin. -->","yoast_head_json":{"title":"Atat\u00fcrk Ko\u015fular\u0131 yar\u0131n yap\u0131lacak -","robots":{"index":"index","follow":"follow","max-snippet":"max-snippet:-1","max-image-preview":"max-image-preview:large","max-video-preview":"max-video-preview:-1"},"canonical":"https:\/\/kibrisdakik.com\/?p=23849","og_locale":"tr_TR","og_type":"article","og_title":"Atat\u00fcrk Ko\u015fular\u0131 yar\u0131n yap\u0131lacak -","og_description":"Lefko\u015fa\u2019daki 8 kilometrelik ko\u015fu, 08.00\u2019de Hamitk\u00f6y \u00c7evre Yolu\u2019nda ba\u015flayacak. G\u00f6\u011f\u00fcs numaralar\u0131, yar\u0131\u015fma g\u00fcn\u00fc Atat\u00fcrk Stad\u0131\u2019nda, 07.00 \u2013 07.30 saatleri aras\u0131nda da\u011f\u0131t\u0131lacak. Yar\u0131\u015f ba\u015flang\u0131\u00e7 noktas\u0131na servis ile gidilecek. Yar\u0131\u015f\u0131n \u00f6d\u00fcl t\u00f6reni Atat\u00fcrk Stad\u0131\u2019nda saat 09.30\u2019da ger\u00e7ekle\u015ftirilecek. 27 Aral\u0131k Atat\u00fcrk Yol Ko\u015fusundaki ya\u015f kategorileri erkekler ve kad\u0131nlarda; genel klasman, 18-29, 30-39, 40-49, 50-59 ve 60 ya\u015f \u00fcst\u00fc","og_url":"https:\/\/kibrisdakik.com\/?p=23849","article_published_time":"2023-12-26T11:15:55+00:00","og_image":[{"width":710,"height":370,"url":"https:\/\/kibrisdakik.com\/wp-content\/uploads\/2023\/12\/ataturk-kosulari-yarin-yapilacak-1703586968.webp.webp","type":"image\/webp"}],"author":"admin","twitter_card":"summary_large_image","twitter_misc":{"Yazan:":"admin","Tahmini okuma s\u00fcresi":"3 dakika"},"schema":{"@context":"https:\/\/schema.org","@graph":[{"@type":"Article","@id":"https:\/\/kibrisdakik.com\/?p=23849#article","isPartOf":{"@id":"https:\/\/kibrisdakik.com\/?p=23849"},"author":{"name":"admin","@id":"https:\/\/kibrisdakik.com\/#\/schema\/person\/9cd9d437bbb44f72b73ba127e06d8e79"},"headline":"Atat\u00fcrk Ko\u015fular\u0131 yar\u0131n yap\u0131lacak","datePublished":"2023-12-26T11:15:55+00:00","mainEntityOfPage":{"@id":"https:\/\/kibrisdakik.com\/?p=23849"},"wordCount":511,"commentCount":0,"image":{"@id":"https:\/\/kibrisdakik.com\/?p=23849#primaryimage"},"thumbnailUrl":"https:\/\/kibrisdakik.com\/wp-content\/uploads\/2023\/12\/ataturk-kosulari-yarin-yapilacak-1703586968.webp.webp","articleSection":["Spor"],"inLanguage":"tr","potentialAction":[{"@type":"CommentAction","name":"Comment","target":["https:\/\/kibrisdakik.com\/?p=23849#respond"]}]},{"@type":"WebPage","@id":"https:\/\/kibrisdakik.com\/?p=23849","url":"https:\/\/kibrisdakik.com\/?p=23849","name":"Atat\u00fcrk Ko\u015fular\u0131 yar\u0131n yap\u0131lacak -","isPartOf":{"@id":"https:\/\/kibrisdakik.com\/#website"},"primaryImageOfPage":{"@id":"https:\/\/kibrisdakik.com\/?p=23849#primaryimage"},"image":{"@id":"https:\/\/kibrisdakik.com\/?p=23849#primaryimage"},"thumbnailUrl":"https:\/\/kibrisdakik.com\/wp-content\/uploads\/2023\/12\/ataturk-kosulari-yarin-yapilacak-1703586968.webp.webp","datePublished":"2023-12-26T11:15:55+00:00","author":{"@id":"https:\/\/kibrisdakik.com\/#\/schema\/person\/9cd9d437bbb44f72b73ba127e06d8e79"},"breadcrumb":{"@id":"https:\/\/kibrisdakik.com\/?p=23849#breadcrumb"},"inLanguage":"tr","potentialAction":[{"@type":"ReadAction","target":["https:\/\/kibrisdakik.com\/?p=23849"]}]},{"@type":"ImageObject","inLanguage":"tr","@id":"https:\/\/kibrisdakik.com\/?p=23849#primaryimage","url":"https:\/\/kibrisdakik.com\/wp-content\/uploads\/2023\/12\/ataturk-kosulari-yarin-yapilacak-1703586968.webp.webp","contentUrl":"https:\/\/kibrisdakik.com\/wp-content\/uploads\/2023\/12\/ataturk-kosulari-yarin-yapilacak-1703586968.webp.webp","width":710,"height":370},{"@type":"BreadcrumbList","@id":"https:\/\/kibrisdakik.com\/?p=23849#breadcrumb","itemListElement":[{"@type":"ListItem","position":1,"name":"Home","item":"https:\/\/kibrisdakik.com\/"},{"@type":"ListItem","position":2,"name":"Atat\u00fcrk Ko\u015fular\u0131 yar\u0131n yap\u0131lacak"}]},{"@type":"WebSite","@id":"https:\/\/kibrisdakik.com\/#website","url":"https:\/\/kibrisdakik.com\/","name":"","description":"Tam vaktinde haber","potentialAction":[{"@type":"SearchAction","target":{"@type":"EntryPoint","urlTemplate":"https:\/\/kibrisdakik.com\/?s={search_term_string}"},"query-input":{"@type":"PropertyValueSpecification","valueRequired":true,"valueName":"search_term_string"}}],"inLanguage":"tr"},{"@type":"Person","@id":"https:\/\/kibrisdakik.com\/#\/schema\/person\/9cd9d437bbb44f72b73ba127e06d8e79","name":"admin","image":{"@type":"ImageObject","inLanguage":"tr","@id":"https:\/\/secure.gravatar.com\/avatar\/ccc17943b9d660506c869530f897617f7cb1c21a4bf30023f252596d83e1f007?s=96&d=mm&r=g","url":"https:\/\/secure.gravatar.com\/avatar\/ccc17943b9d660506c869530f897617f7cb1c21a4bf30023f252596d83e1f007?s=96&d=mm&r=g","contentUrl":"https:\/\/secure.gravatar.com\/avatar\/ccc17943b9d660506c869530f897617f7cb1c21a4bf30023f252596d83e1f007?s=96&d=mm&r=g","caption":"admin"},"sameAs":["https:\/\/kibrisdakik.com"],"url":"https:\/\/kibrisdakik.com\/?author=1"}]}},"_links":{"self":[{"href":"https:\/\/kibrisdakik.com\/index.php?rest_route=\/wp\/v2\/posts\/23849","targetHints":{"allow":["GET"]}}],"collection":[{"href":"https:\/\/kibrisdakik.com\/index.php?rest_route=\/wp\/v2\/posts"}],"about":[{"href":"https:\/\/kibrisdakik.com\/index.php?rest_route=\/wp\/v2\/types\/post"}],"author":[{"embeddable":true,"href":"https:\/\/kibrisdakik.com\/index.php?rest_route=\/wp\/v2\/users\/1"}],"replies":[{"embeddable":true,"href":"https:\/\/kibrisdakik.com\/index.php?rest_route=%2Fwp%2Fv2%2Fcomments&post=23849"}],"version-history":[{"count":0,"href":"https:\/\/kibrisdakik.com\/index.php?rest_route=\/wp\/v2\/posts\/23849\/revisions"}],"wp:featuredmedia":[{"embeddable":true,"href":"https:\/\/kibrisdakik.com\/index.php?rest_route=\/wp\/v2\/media\/23850"}],"wp:attachment":[{"href":"https:\/\/kibrisdakik.com\/index.php?rest_route=%2Fwp%2Fv2%2Fmedia&parent=23849"}],"wp:term":[{"taxonomy":"category","embeddable":true,"href":"https:\/\/kibrisdakik.com\/index.php?rest_route=%2Fwp%2Fv2%2Fcategories&post=23849"},{"taxonomy":"post_tag","embeddable":true,"href":"https:\/\/kibrisdakik.com\/index.php?rest_route=%2Fwp%2Fv2%2Ftags&post=23849"}],"curies":[{"name":"wp","href":"https:\/\/api.w.org\/{rel}","templated":true}]}}