{"id":23851,"date":"2023-12-26T11:37:05","date_gmt":"2023-12-26T11:37:05","guid":{"rendered":"https:\/\/kibrisdakik.com\/index.php\/2023\/12\/26\/cumhurbaskani-tatar-denizlide\/"},"modified":"2023-12-26T11:37:05","modified_gmt":"2023-12-26T11:37:05","slug":"cumhurbaskani-tatar-denizlide","status":"publish","type":"post","link":"https:\/\/kibrisdakik.com\/?p=23851","title":{"rendered":"Cumhurba\u015fkan\u0131 Tatar, Denizli\u2019de\u2026"},"content":{"rendered":"<p><img decoding=\"async\" src=\"https:\/\/www.kibristurk.com\/images\/haberler\/2023\/12\/cumhurbaskani-tatar-denizlide-1703589137.webp\" \/><\/p>\n<p>Denizli B\u00fcy\u00fck\u015fehir Belediyesi, AYS\u0130AD ve EkoAvrasya Vakf\u0131 i\u015fbirli\u011finde d\u00fczenlenen programla Denizli\u2019ye gelen Tatar\u2019a, \u201cFahri Hem\u015fehrilik Berat\u0131\u201d verildi.&nbsp;<\/p>\n<p>&nbsp;<\/p>\n<p>Denizli sokaklar\u0131na, Cumhurba\u015fkan\u0131 Tatar\u2019\u0131n ziyareti nedeniyle KKTC bayraklar\u0131 as\u0131ld\u0131.&nbsp;<\/p>\n<p>&nbsp;<\/p>\n<p>Cumhurba\u015fkan\u0131 Tatar, Denizli temaslar\u0131 ve ziyaretleri \u00e7er\u00e7evesinde Denizli B\u00fcy\u00fck\u015fehir Belediye Ba\u015fkan\u0131 Osman Zolan ba\u015fkanl\u0131\u011f\u0131ndaki Denizli B\u00fcy\u00fck\u015fehir Belediyesi Meclisine hitap etti.&nbsp;<\/p>\n<p>&nbsp;<\/p>\n<p>19 \u0130l\u00e7e Belediye Ba\u015fkanlar\u0131, Meclis \u00dcyeleri, Yerel Y\u00f6netimler \u0130darecileri ve Muhtarlar\u0131n kat\u0131l\u0131mlar\u0131yla yap\u0131lan toplant\u0131da, Denizli B\u00fcy\u00fck\u015fehir Belediye Ba\u015fkan\u0131 Osman Zolan taraf\u0131ndan Cumhurba\u015fkan\u0131 Ersin Tatar\u2019a Fahri Hem\u015fehrilik Berat\u0131 takdim edildi.&nbsp;<\/p>\n<p>&nbsp;<\/p>\n<p>Tatar, Muharip Gaziler Derne\u011fi Denizli \u015eubesini de ziyaret ederek, gaziler ve \u00e7ocuklarla bir araya geldi, gazilere sa\u011fl\u0131k, \u00e7ocuklara ba\u015far\u0131lar diledi. Tatar, an\u0131 defterini de imzalad\u0131.&nbsp;<\/p>\n<p>&nbsp;<\/p>\n<p>Gaziler, Cumhurba\u015fkan\u0131 Tatar\u2019a, ziyaretinden dolay\u0131 \u015f\u00fckranlar\u0131n\u0131 sundu, KKTC\u2019nin de vatanlar\u0131 oldu\u011funu vurgulad\u0131, her zaman 1974\u2019teki gibi tarih yazmaya haz\u0131r olduklar\u0131n\u0131 belirtti. Gaziler, bar\u0131\u015f harekat\u0131 an\u0131lar\u0131n\u0131 da anlatt\u0131, ziyaretten \u00f6t\u00fcr\u00fc te\u015fekk\u00fcr etti.&nbsp;<\/p>\n<p>&nbsp;<\/p>\n<p>Cumhurba\u015fkan\u0131 Ersin Tatar ziyaretlerde yapt\u0131\u011f\u0131 konu\u015fmalarda, Denizli\u2019de olmaktan, K\u0131br\u0131s gazileri ve yetkililer ile bir araya gelmekten ve \u00e7ocuklar\u0131n, T\u00fcrkiye Cumhuriyeti ve KKTC sevgisiyle yeti\u015fmesini g\u00f6rmekten mutluluk duydu\u011funu s\u00f6yledi.&nbsp;<\/p>\n<p>&nbsp;<\/p>\n<p>Denizli\u2019de \u015fehit cenazesine de kat\u0131lacaklar\u0131n\u0131, \u015fehit haberinden \u00fcz\u00fcnt\u00fc duyduklar\u0131n\u0131 ifade eden Tatar, K\u0131br\u0131s T\u00fcrk halk\u0131 olarak Mehmet\u00e7ik\u2019in \u00f6nemini \u00e7ok iyi bildiklerini kaydetti.&nbsp;<\/p>\n<p>&nbsp;<\/p>\n<p>Kuzey K\u0131br\u0131s T\u00fcrk Cumhuriyeti\u2019nin Do\u011fu Akdeniz\u2019de ba\u011f\u0131ms\u0131z bir T\u00fcrk devleti olarak yoluna devam etti\u011fini belirten Tatar, bug\u00fcn K\u0131br\u0131s\u2019ta 40 ya\u015f\u0131nda bir devlet oldu\u011funu ve K\u0131br\u0131s\u2019ta bir \u00e7\u00f6z\u00fcm olacaksa iki devletli bir \u00e7\u00f6z\u00fcm olabilece\u011fini vurgulad\u0131.&nbsp;<\/p>\n<p>&nbsp;<\/p>\n<p>Gazilere \u015f\u00fckranlar\u0131n\u0131 sunan Tatar, bar\u0131\u015f harekat\u0131 \u00fczerinden ge\u00e7en 50 y\u0131lda K\u0131br\u0131s T\u00fcrk halk\u0131n\u0131n vatan topra\u011f\u0131, bayrak, egemenlik, ba\u011f\u0131ms\u0131zl\u0131\u011f\u0131n, KKTC\u2019nin de\u011ferini \u00e7ok iyi bildi\u011fini kaydetti.&nbsp;<\/p>\n<p>&nbsp;<\/p>\n<p>Tatar, iki devletli \u00e7\u00f6z\u00fcm milli siyasetinin k\u00f6kle\u015fmesine b\u00fcy\u00fck \u00f6nem verdi\u011fini ve bu y\u00f6nde yapt\u0131\u011f\u0131 \u00e7al\u0131\u015fmalar\u0131 anlatarak, bu yolda verilen m\u00fccadelede T\u00fcrkiye Cumhuriyeti Cumhurba\u015fkan\u0131 Recep Tayyip Erdo\u011fan\u2019a da desteklerinden dolay\u0131 te\u015fekk\u00fcr etti.&nbsp;<\/p>\n<p>&nbsp;<\/p>\n<p>Tatar, K\u0131br\u0131s\u2019ta T\u00fcrk halk\u0131na verilen s\u00f6zlerin tutulmad\u0131\u011f\u0131n\u0131, haks\u0131z ambargolar\u0131n s\u00fcrd\u00fc\u011f\u00fcn\u00fc ifade ederek, Rumlar\u0131 tek ba\u015f\u0131na \u00fcye alan Avrupa Birli\u011fi\u2019nin ve uluslararas\u0131 camian\u0131n K\u0131br\u0131s T\u00fcrk halk\u0131n\u0131n e\u015fitli\u011fini art\u0131k kabul etmesi gerekti\u011fini kaydetti.&nbsp;<\/p>\n<p>&nbsp;<\/p>\n<p>KKTC\u2019nin, b\u00f6lgesinde T\u00fcrkiye Cumhuriyeti\u2019nin deste\u011fi ile birlikte geli\u015fmeye devam etti\u011fini belirten Tatar, turizm, tar\u0131m, e\u011fitim ve enerji konusunda da potansiyele i\u015faret etti, KKTC\u2019ye sonuna kadar sahip \u00e7\u0131kmaya ve g\u00fc\u00e7lendirmeye devam edeceklerini vurgulad\u0131.&nbsp;<\/p>\n<p>&nbsp;<\/p>\n<p>Karde\u015f devlet KKTC\u2019den selamlar getirdi\u011fini belirten Tatar, T\u00fcrkiye\u2019nin yeni y\u00fczy\u0131l\u0131nda yeni ba\u015far\u0131lar\u0131n\u0131n KKTC\u2019ye de yans\u0131mas\u0131 temennisinde bulundu.&nbsp;<\/p>\n<p>&nbsp;<\/p>\n<p>Cumhurba\u015fkan\u0131 Tatar, Denizli\u2019de kendisine g\u00f6sterilen misafirperverli\u011fe te\u015fekk\u00fcr ederek, K\u0131br\u0131s T\u00fcrk halk\u0131n\u0131n, T\u00fcrk milletinin kopmaz bir par\u00e7as\u0131 oldu\u011funu s\u00f6yledi.&nbsp;<\/p>\n<p>&nbsp;<\/p>\n<p>Tatar, K\u0131br\u0131s\u2019\u0131n T\u00fcrkiye i\u00e7in \u00f6nemli bir ada oldu\u011funu belirterek, asr\u0131n projesiyle adaya su getirildi\u011fini, \u015fimdi de kablo ile elektrik getirilmesi ve enterkonnekte sisteme ba\u011flanmas\u0131 i\u00e7in \u00e7al\u0131\u015fmalar yap\u0131ld\u0131\u011f\u0131n\u0131 kaydetti.&nbsp;<\/p>\n<p>&nbsp;<\/p>\n<p>G\u00fcney K\u0131br\u0131s\u2019a da bu y\u00f6nde i\u015fbirli\u011fi teklifinde bulunduklar\u0131n\u0131 ifade eden Tatar, her zaman bar\u0131\u015f i\u00e7inde i\u015fbirli\u011fine haz\u0131r olduklar\u0131n\u0131 s\u00f6yledi.&nbsp;<\/p>\n<p>&nbsp;<\/p>\n<p>1974 \u015fehitlerini anan Tatar, \u00f6nceki g\u00fcn \u015fehit d\u00fc\u015fen Mehmet\u00e7ikleri de and\u0131, cenaze t\u00f6renine kat\u0131laca\u011f\u0131n\u0131 s\u00f6yledi, ba\u015fsa\u011fl\u0131\u011f\u0131 diledi.&nbsp;<\/p>\n<p>&nbsp;<\/p>\n<p>K\u0131br\u0131s adas\u0131n\u0131n Osmanl\u0131 taraf\u0131ndan \u0130ngilizlere kiralanmas\u0131 ve sonras\u0131nda ya\u015fananlar\u0131 anlatan Tatar, 350 y\u0131l Osmanl\u0131 adas\u0131 olarak kalan K\u0131br\u0131s\u2019ta T\u00fcrklerin adadan at\u0131lmas\u0131 i\u00e7in yap\u0131lan sald\u0131r\u0131lar\u0131, katliamlar\u0131 an\u0131msatt\u0131, her zaman Atat\u00fcrk\u2019\u00fcn \u00e7izgisinden ilerleyen K\u0131br\u0131s T\u00fcrk halk\u0131n\u0131n topra\u011f\u0131n\u0131, vatan\u0131n\u0131 korudu\u011funu ve bug\u00fcn devletine kavu\u015ftu\u011funu s\u00f6yledi.&nbsp;<\/p>\n<p>&nbsp;<\/p>\n<p>KKTC\u2019nin Do\u011fu Akdeniz\u2019de bir T\u00fcrk devleti olarak g\u00fc\u00e7l\u00fc bir \u015fekilde yer ald\u0131\u011f\u0131n\u0131 ve m\u00fccadeleye devam etti\u011fini ifade eden Tatar, halk\u0131n g\u00fcvenlik ve huzuru a\u00e7\u0131s\u0131ndan b\u00fcy\u00fck \u00f6nem ta\u015f\u0131yan T\u00fcrk askerinin adadan \u00e7\u0131kmas\u0131na asla onay vermeyeceklerini kaydetti.&nbsp;<\/p>\n<p>&nbsp;<\/p>\n<p>Rum Yunan ikilisinin \u201cB\u00fcy\u00fck Yunanistan\u201d hedefinden asla vazge\u00e7medi\u011fini, ama\u00e7lar\u0131n\u0131n T\u00fcrkiye\u2019yi adadan \u00e7\u0131karmak oldu\u011funu belirten Tatar, bu konuda hi\u00e7 bir oyuna gelmeyeceklerini, mavi vatanda milli meseleyi ba\u011f\u0131ms\u0131z bir T\u00fcrk devleti olarak s\u00fcrd\u00fcrmeye devam edeceklerini ifade etti.&nbsp;<\/p>\n<p>&nbsp;<\/p>\n<p>Tan\u0131nm\u0131yor olsa da KKTC ger\u00e7e\u011fini t\u00fcm kesimlerin bildi\u011fini ifade eden Tatar, K\u0131br\u0131s\u2019ta Rumlar taraf\u0131ndan yap\u0131lan sald\u0131r\u0131 ve katliamlar ile Yunanistan taraf\u0131ndan yap\u0131lan darbeyi anlatt\u0131, bunlar\u0131 unutmadan, i\u015fbirli\u011fine dayal\u0131 iki devletli \u00e7\u00f6z\u00fcm i\u00e7in \u00e7al\u0131\u015fmaya devam edeceklerini s\u00f6yledi.&nbsp;<\/p>\n<p>&nbsp;<\/p>\n<p>KKTC ile Denizli aras\u0131ndaki ba\u011flar, ili\u015fki ve i\u015fbirliklerini geli\u015ftirmenin \u00f6nemine de i\u015faret eden Tatar, kendisine verilen fahri hem\u015fehrilik berat\u0131ndan dolay\u0131 da te\u015fekk\u00fcr etti.&nbsp;<\/p>\n<p>&#8211; Tatar, Denizli Pamukkale \u00dcniversitesi\u2019nde konferans verecek<\/p>\n<p>Cumhurba\u015fkan\u0131 Ersin Tatar, temaslar\u0131 kapsam\u0131nda Denizli Pamukkale \u00dcniversitesi\u2019nde de \u201cKKTC\u2019nin T\u00fcrk D\u00fcnyas\u0131ndaki Stratejik \u00d6nemi\u201d konulu konferans verecek.&nbsp;<\/p>\n<p>&nbsp;<\/p>\n<p>Cumhurba\u015fkan\u0131 Tatar, Denizli B\u00fcy\u00fck\u015fehir Belediyesi, AYS\u0130AD ve EkoAvrasya Vakf\u0131\u2019n\u0131n<\/p>\n<p>ev sahipli\u011finde Denizli i\u015f d\u00fcnyas\u0131yla da bulu\u015facak.&nbsp;<\/p>\n","protected":false},"excerpt":{"rendered":"<p>Denizli B\u00fcy\u00fck\u015fehir Belediyesi, AYS\u0130AD ve EkoAvrasya Vakf\u0131 i\u015fbirli\u011finde d\u00fczenlenen programla Denizli\u2019ye gelen Tatar\u2019a, \u201cFahri Hem\u015fehrilik Berat\u0131\u201d verildi.&nbsp; &nbsp; Denizli sokaklar\u0131na, Cumhurba\u015fkan\u0131 Tatar\u2019\u0131n ziyareti nedeniyle KKTC bayraklar\u0131 as\u0131ld\u0131.&nbsp; &nbsp; Cumhurba\u015fkan\u0131 Tatar, Denizli temaslar\u0131 ve ziyaretleri \u00e7er\u00e7evesinde Denizli B\u00fcy\u00fck\u015fehir Belediye Ba\u015fkan\u0131 Osman Zolan ba\u015fkanl\u0131\u011f\u0131ndaki Denizli B\u00fcy\u00fck\u015fehir Belediyesi Meclisine hitap etti.&nbsp; &nbsp; 19 \u0130l\u00e7e Belediye Ba\u015fkanlar\u0131, Meclis \u00dcyeleri,<\/p>\n","protected":false},"author":1,"featured_media":23852,"comment_status":"open","ping_status":"open","sticky":false,"template":"","format":"standard","meta":{"footnotes":""},"categories":[79],"tags":[],"class_list":["post-23851","post","type-post","status-publish","format-standard","has-post-thumbnail","hentry","category-ekonomi"],"yoast_head":"<!-- This site is optimized with the Yoast SEO plugin v27.4 - https:\/\/yoast.com\/product\/yoast-seo-wordpress\/ -->\n<title>Cumhurba\u015fkan\u0131 Tatar, Denizli\u2019de\u2026 -<\/title>\n<meta name=\"robots\" content=\"index, follow, max-snippet:-1, max-image-preview:large, max-video-preview:-1\" \/>\n<link rel=\"canonical\" href=\"https:\/\/kibrisdakik.com\/?p=23851\" \/>\n<meta property=\"og:locale\" content=\"tr_TR\" \/>\n<meta property=\"og:type\" content=\"article\" \/>\n<meta property=\"og:title\" content=\"Cumhurba\u015fkan\u0131 Tatar, Denizli\u2019de\u2026 -\" \/>\n<meta property=\"og:description\" content=\"Denizli B\u00fcy\u00fck\u015fehir Belediyesi, AYS\u0130AD ve EkoAvrasya Vakf\u0131 i\u015fbirli\u011finde d\u00fczenlenen programla Denizli\u2019ye gelen Tatar\u2019a, \u201cFahri Hem\u015fehrilik Berat\u0131\u201d verildi.&nbsp; &nbsp; Denizli sokaklar\u0131na, Cumhurba\u015fkan\u0131 Tatar\u2019\u0131n ziyareti nedeniyle KKTC bayraklar\u0131 as\u0131ld\u0131.&nbsp; &nbsp; Cumhurba\u015fkan\u0131 Tatar, Denizli temaslar\u0131 ve ziyaretleri \u00e7er\u00e7evesinde Denizli B\u00fcy\u00fck\u015fehir Belediye Ba\u015fkan\u0131 Osman Zolan ba\u015fkanl\u0131\u011f\u0131ndaki Denizli B\u00fcy\u00fck\u015fehir Belediyesi Meclisine hitap etti.&nbsp; &nbsp; 19 \u0130l\u00e7e Belediye Ba\u015fkanlar\u0131, Meclis \u00dcyeleri,\" \/>\n<meta property=\"og:url\" content=\"https:\/\/kibrisdakik.com\/?p=23851\" \/>\n<meta property=\"article:published_time\" content=\"2023-12-26T11:37:05+00:00\" \/>\n<meta property=\"og:image\" content=\"https:\/\/kibrisdakik.com\/wp-content\/uploads\/2023\/12\/cumhurbaskani-tatar-denizlide-1703589137.webp.webp\" \/>\n\t<meta property=\"og:image:width\" content=\"710\" \/>\n\t<meta property=\"og:image:height\" content=\"370\" \/>\n\t<meta property=\"og:image:type\" content=\"image\/webp\" \/>\n<meta name=\"author\" content=\"admin\" \/>\n<meta name=\"twitter:card\" content=\"summary_large_image\" \/>\n<meta name=\"twitter:label1\" content=\"Yazan:\" \/>\n\t<meta name=\"twitter:data1\" content=\"admin\" \/>\n\t<meta name=\"twitter:label2\" content=\"Tahmini okuma s\u00fcresi\" \/>\n\t<meta name=\"twitter:data2\" content=\"5 dakika\" \/>\n<script type=\"application\/ld+json\" class=\"yoast-schema-graph\">{\"@context\":\"https:\\\/\\\/schema.org\",\"@graph\":[{\"@type\":\"Article\",\"@id\":\"https:\\\/\\\/kibrisdakik.com\\\/?p=23851#article\",\"isPartOf\":{\"@id\":\"https:\\\/\\\/kibrisdakik.com\\\/?p=23851\"},\"author\":{\"name\":\"admin\",\"@id\":\"https:\\\/\\\/kibrisdakik.com\\\/#\\\/schema\\\/person\\\/9cd9d437bbb44f72b73ba127e06d8e79\"},\"headline\":\"Cumhurba\u015fkan\u0131 Tatar, Denizli\u2019de\u2026\",\"datePublished\":\"2023-12-26T11:37:05+00:00\",\"mainEntityOfPage\":{\"@id\":\"https:\\\/\\\/kibrisdakik.com\\\/?p=23851\"},\"wordCount\":1035,\"commentCount\":0,\"image\":{\"@id\":\"https:\\\/\\\/kibrisdakik.com\\\/?p=23851#primaryimage\"},\"thumbnailUrl\":\"https:\\\/\\\/kibrisdakik.com\\\/wp-content\\\/uploads\\\/2023\\\/12\\\/cumhurbaskani-tatar-denizlide-1703589137.webp.webp\",\"articleSection\":[\"Ekonomi\"],\"inLanguage\":\"tr\",\"potentialAction\":[{\"@type\":\"CommentAction\",\"name\":\"Comment\",\"target\":[\"https:\\\/\\\/kibrisdakik.com\\\/?p=23851#respond\"]}]},{\"@type\":\"WebPage\",\"@id\":\"https:\\\/\\\/kibrisdakik.com\\\/?p=23851\",\"url\":\"https:\\\/\\\/kibrisdakik.com\\\/?p=23851\",\"name\":\"Cumhurba\u015fkan\u0131 Tatar, Denizli\u2019de\u2026 -\",\"isPartOf\":{\"@id\":\"https:\\\/\\\/kibrisdakik.com\\\/#website\"},\"primaryImageOfPage\":{\"@id\":\"https:\\\/\\\/kibrisdakik.com\\\/?p=23851#primaryimage\"},\"image\":{\"@id\":\"https:\\\/\\\/kibrisdakik.com\\\/?p=23851#primaryimage\"},\"thumbnailUrl\":\"https:\\\/\\\/kibrisdakik.com\\\/wp-content\\\/uploads\\\/2023\\\/12\\\/cumhurbaskani-tatar-denizlide-1703589137.webp.webp\",\"datePublished\":\"2023-12-26T11:37:05+00:00\",\"author\":{\"@id\":\"https:\\\/\\\/kibrisdakik.com\\\/#\\\/schema\\\/person\\\/9cd9d437bbb44f72b73ba127e06d8e79\"},\"breadcrumb\":{\"@id\":\"https:\\\/\\\/kibrisdakik.com\\\/?p=23851#breadcrumb\"},\"inLanguage\":\"tr\",\"potentialAction\":[{\"@type\":\"ReadAction\",\"target\":[\"https:\\\/\\\/kibrisdakik.com\\\/?p=23851\"]}]},{\"@type\":\"ImageObject\",\"inLanguage\":\"tr\",\"@id\":\"https:\\\/\\\/kibrisdakik.com\\\/?p=23851#primaryimage\",\"url\":\"https:\\\/\\\/kibrisdakik.com\\\/wp-content\\\/uploads\\\/2023\\\/12\\\/cumhurbaskani-tatar-denizlide-1703589137.webp.webp\",\"contentUrl\":\"https:\\\/\\\/kibrisdakik.com\\\/wp-content\\\/uploads\\\/2023\\\/12\\\/cumhurbaskani-tatar-denizlide-1703589137.webp.webp\",\"width\":710,\"height\":370},{\"@type\":\"BreadcrumbList\",\"@id\":\"https:\\\/\\\/kibrisdakik.com\\\/?p=23851#breadcrumb\",\"itemListElement\":[{\"@type\":\"ListItem\",\"position\":1,\"name\":\"Home\",\"item\":\"https:\\\/\\\/kibrisdakik.com\\\/\"},{\"@type\":\"ListItem\",\"position\":2,\"name\":\"Cumhurba\u015fkan\u0131 Tatar, Denizli\u2019de\u2026\"}]},{\"@type\":\"WebSite\",\"@id\":\"https:\\\/\\\/kibrisdakik.com\\\/#website\",\"url\":\"https:\\\/\\\/kibrisdakik.com\\\/\",\"name\":\"\",\"description\":\"Tam vaktinde haber\",\"potentialAction\":[{\"@type\":\"SearchAction\",\"target\":{\"@type\":\"EntryPoint\",\"urlTemplate\":\"https:\\\/\\\/kibrisdakik.com\\\/?s={search_term_string}\"},\"query-input\":{\"@type\":\"PropertyValueSpecification\",\"valueRequired\":true,\"valueName\":\"search_term_string\"}}],\"inLanguage\":\"tr\"},{\"@type\":\"Person\",\"@id\":\"https:\\\/\\\/kibrisdakik.com\\\/#\\\/schema\\\/person\\\/9cd9d437bbb44f72b73ba127e06d8e79\",\"name\":\"admin\",\"image\":{\"@type\":\"ImageObject\",\"inLanguage\":\"tr\",\"@id\":\"https:\\\/\\\/secure.gravatar.com\\\/avatar\\\/ccc17943b9d660506c869530f897617f7cb1c21a4bf30023f252596d83e1f007?s=96&d=mm&r=g\",\"url\":\"https:\\\/\\\/secure.gravatar.com\\\/avatar\\\/ccc17943b9d660506c869530f897617f7cb1c21a4bf30023f252596d83e1f007?s=96&d=mm&r=g\",\"contentUrl\":\"https:\\\/\\\/secure.gravatar.com\\\/avatar\\\/ccc17943b9d660506c869530f897617f7cb1c21a4bf30023f252596d83e1f007?s=96&d=mm&r=g\",\"caption\":\"admin\"},\"sameAs\":[\"https:\\\/\\\/kibrisdakik.com\"],\"url\":\"https:\\\/\\\/kibrisdakik.com\\\/?author=1\"}]}<\/script>\n<!-- \/ Yoast SEO plugin. -->","yoast_head_json":{"title":"Cumhurba\u015fkan\u0131 Tatar, Denizli\u2019de\u2026 -","robots":{"index":"index","follow":"follow","max-snippet":"max-snippet:-1","max-image-preview":"max-image-preview:large","max-video-preview":"max-video-preview:-1"},"canonical":"https:\/\/kibrisdakik.com\/?p=23851","og_locale":"tr_TR","og_type":"article","og_title":"Cumhurba\u015fkan\u0131 Tatar, Denizli\u2019de\u2026 -","og_description":"Denizli B\u00fcy\u00fck\u015fehir Belediyesi, AYS\u0130AD ve EkoAvrasya Vakf\u0131 i\u015fbirli\u011finde d\u00fczenlenen programla Denizli\u2019ye gelen Tatar\u2019a, \u201cFahri Hem\u015fehrilik Berat\u0131\u201d verildi.&nbsp; &nbsp; Denizli sokaklar\u0131na, Cumhurba\u015fkan\u0131 Tatar\u2019\u0131n ziyareti nedeniyle KKTC bayraklar\u0131 as\u0131ld\u0131.&nbsp; &nbsp; Cumhurba\u015fkan\u0131 Tatar, Denizli temaslar\u0131 ve ziyaretleri \u00e7er\u00e7evesinde Denizli B\u00fcy\u00fck\u015fehir Belediye Ba\u015fkan\u0131 Osman Zolan ba\u015fkanl\u0131\u011f\u0131ndaki Denizli B\u00fcy\u00fck\u015fehir Belediyesi Meclisine hitap etti.&nbsp; &nbsp; 19 \u0130l\u00e7e Belediye Ba\u015fkanlar\u0131, Meclis \u00dcyeleri,","og_url":"https:\/\/kibrisdakik.com\/?p=23851","article_published_time":"2023-12-26T11:37:05+00:00","og_image":[{"width":710,"height":370,"url":"https:\/\/kibrisdakik.com\/wp-content\/uploads\/2023\/12\/cumhurbaskani-tatar-denizlide-1703589137.webp.webp","type":"image\/webp"}],"author":"admin","twitter_card":"summary_large_image","twitter_misc":{"Yazan:":"admin","Tahmini okuma s\u00fcresi":"5 dakika"},"schema":{"@context":"https:\/\/schema.org","@graph":[{"@type":"Article","@id":"https:\/\/kibrisdakik.com\/?p=23851#article","isPartOf":{"@id":"https:\/\/kibrisdakik.com\/?p=23851"},"author":{"name":"admin","@id":"https:\/\/kibrisdakik.com\/#\/schema\/person\/9cd9d437bbb44f72b73ba127e06d8e79"},"headline":"Cumhurba\u015fkan\u0131 Tatar, Denizli\u2019de\u2026","datePublished":"2023-12-26T11:37:05+00:00","mainEntityOfPage":{"@id":"https:\/\/kibrisdakik.com\/?p=23851"},"wordCount":1035,"commentCount":0,"image":{"@id":"https:\/\/kibrisdakik.com\/?p=23851#primaryimage"},"thumbnailUrl":"https:\/\/kibrisdakik.com\/wp-content\/uploads\/2023\/12\/cumhurbaskani-tatar-denizlide-1703589137.webp.webp","articleSection":["Ekonomi"],"inLanguage":"tr","potentialAction":[{"@type":"CommentAction","name":"Comment","target":["https:\/\/kibrisdakik.com\/?p=23851#respond"]}]},{"@type":"WebPage","@id":"https:\/\/kibrisdakik.com\/?p=23851","url":"https:\/\/kibrisdakik.com\/?p=23851","name":"Cumhurba\u015fkan\u0131 Tatar, Denizli\u2019de\u2026 -","isPartOf":{"@id":"https:\/\/kibrisdakik.com\/#website"},"primaryImageOfPage":{"@id":"https:\/\/kibrisdakik.com\/?p=23851#primaryimage"},"image":{"@id":"https:\/\/kibrisdakik.com\/?p=23851#primaryimage"},"thumbnailUrl":"https:\/\/kibrisdakik.com\/wp-content\/uploads\/2023\/12\/cumhurbaskani-tatar-denizlide-1703589137.webp.webp","datePublished":"2023-12-26T11:37:05+00:00","author":{"@id":"https:\/\/kibrisdakik.com\/#\/schema\/person\/9cd9d437bbb44f72b73ba127e06d8e79"},"breadcrumb":{"@id":"https:\/\/kibrisdakik.com\/?p=23851#breadcrumb"},"inLanguage":"tr","potentialAction":[{"@type":"ReadAction","target":["https:\/\/kibrisdakik.com\/?p=23851"]}]},{"@type":"ImageObject","inLanguage":"tr","@id":"https:\/\/kibrisdakik.com\/?p=23851#primaryimage","url":"https:\/\/kibrisdakik.com\/wp-content\/uploads\/2023\/12\/cumhurbaskani-tatar-denizlide-1703589137.webp.webp","contentUrl":"https:\/\/kibrisdakik.com\/wp-content\/uploads\/2023\/12\/cumhurbaskani-tatar-denizlide-1703589137.webp.webp","width":710,"height":370},{"@type":"BreadcrumbList","@id":"https:\/\/kibrisdakik.com\/?p=23851#breadcrumb","itemListElement":[{"@type":"ListItem","position":1,"name":"Home","item":"https:\/\/kibrisdakik.com\/"},{"@type":"ListItem","position":2,"name":"Cumhurba\u015fkan\u0131 Tatar, Denizli\u2019de\u2026"}]},{"@type":"WebSite","@id":"https:\/\/kibrisdakik.com\/#website","url":"https:\/\/kibrisdakik.com\/","name":"","description":"Tam vaktinde haber","potentialAction":[{"@type":"SearchAction","target":{"@type":"EntryPoint","urlTemplate":"https:\/\/kibrisdakik.com\/?s={search_term_string}"},"query-input":{"@type":"PropertyValueSpecification","valueRequired":true,"valueName":"search_term_string"}}],"inLanguage":"tr"},{"@type":"Person","@id":"https:\/\/kibrisdakik.com\/#\/schema\/person\/9cd9d437bbb44f72b73ba127e06d8e79","name":"admin","image":{"@type":"ImageObject","inLanguage":"tr","@id":"https:\/\/secure.gravatar.com\/avatar\/ccc17943b9d660506c869530f897617f7cb1c21a4bf30023f252596d83e1f007?s=96&d=mm&r=g","url":"https:\/\/secure.gravatar.com\/avatar\/ccc17943b9d660506c869530f897617f7cb1c21a4bf30023f252596d83e1f007?s=96&d=mm&r=g","contentUrl":"https:\/\/secure.gravatar.com\/avatar\/ccc17943b9d660506c869530f897617f7cb1c21a4bf30023f252596d83e1f007?s=96&d=mm&r=g","caption":"admin"},"sameAs":["https:\/\/kibrisdakik.com"],"url":"https:\/\/kibrisdakik.com\/?author=1"}]}},"_links":{"self":[{"href":"https:\/\/kibrisdakik.com\/index.php?rest_route=\/wp\/v2\/posts\/23851","targetHints":{"allow":["GET"]}}],"collection":[{"href":"https:\/\/kibrisdakik.com\/index.php?rest_route=\/wp\/v2\/posts"}],"about":[{"href":"https:\/\/kibrisdakik.com\/index.php?rest_route=\/wp\/v2\/types\/post"}],"author":[{"embeddable":true,"href":"https:\/\/kibrisdakik.com\/index.php?rest_route=\/wp\/v2\/users\/1"}],"replies":[{"embeddable":true,"href":"https:\/\/kibrisdakik.com\/index.php?rest_route=%2Fwp%2Fv2%2Fcomments&post=23851"}],"version-history":[{"count":0,"href":"https:\/\/kibrisdakik.com\/index.php?rest_route=\/wp\/v2\/posts\/23851\/revisions"}],"wp:featuredmedia":[{"embeddable":true,"href":"https:\/\/kibrisdakik.com\/index.php?rest_route=\/wp\/v2\/media\/23852"}],"wp:attachment":[{"href":"https:\/\/kibrisdakik.com\/index.php?rest_route=%2Fwp%2Fv2%2Fmedia&parent=23851"}],"wp:term":[{"taxonomy":"category","embeddable":true,"href":"https:\/\/kibrisdakik.com\/index.php?rest_route=%2Fwp%2Fv2%2Fcategories&post=23851"},{"taxonomy":"post_tag","embeddable":true,"href":"https:\/\/kibrisdakik.com\/index.php?rest_route=%2Fwp%2Fv2%2Ftags&post=23851"}],"curies":[{"name":"wp","href":"https:\/\/api.w.org\/{rel}","templated":true}]}}