{"id":23859,"date":"2023-12-26T12:15:17","date_gmt":"2023-12-26T12:15:17","guid":{"rendered":"https:\/\/kibrisdakik.com\/index.php\/2023\/12\/26\/el-sen-baskanligina-ahmet-tugcu-getirildi\/"},"modified":"2023-12-26T12:15:17","modified_gmt":"2023-12-26T12:15:17","slug":"el-sen-baskanligina-ahmet-tugcu-getirildi","status":"publish","type":"post","link":"https:\/\/kibrisdakik.com\/?p=23859","title":{"rendered":"EL-SEN Ba\u015fkanl\u0131\u011f\u0131na Ahmet Tu\u011fcu getirildi"},"content":{"rendered":"<p><img decoding=\"async\" src=\"https:\/\/www.kibristurk.com\/images\/haberler\/2023\/12\/el-sen-baskanligina-ahmet-tugcu-getirildi-1703578359.webp\" \/><\/p>\n<p style=\"text-align:left\"><span style=\"font-size:14px\"><span style=\"font-family:Arial,Helvetica,sans-serif\"><span style=\"color:#000000\"><span style=\"background-color:#ffffff\">Sendikadan yap\u0131lan a\u00e7\u0131klamaya g\u00f6re, EL-SEN Ola\u011fan\u00fcst\u00fc Genel Kurulu 23 Aral\u0131k&#8217;ta, y\u00fczde 95 oran\u0131nda kat\u0131l\u0131mla ger\u00e7ekle\u015ftirildi. Genel kurulda ba\u015fkanl\u0131\u011fa, tek aday olan Ahmet Tu\u011fcu se\u00e7ilirken, genel sekreterlik g\u00f6revine ise \u00fcyenin oyuyla H\u00fcseyin Peksever getirildi.<\/span><\/span><\/span><\/span><\/p>\n<p style=\"text-align:left\"><span style=\"font-size:14px\"><span style=\"font-family:Arial,Helvetica,sans-serif\"><span style=\"color:#000000\"><span style=\"background-color:#ffffff\">Genel Kurul sonras\u0131 t\u00fcz\u00fck gere\u011fi ilk toplant\u0131s\u0131n\u0131 d\u00fcn yapan yeni y\u00f6netim kurulu, yeni y\u00f6netim organlar\u0131 g\u00f6rev da\u011f\u0131l\u0131m\u0131n\u0131 da yapd\u0131. Buna g\u00f6re yeni d\u00f6nemde EL-SEN y\u00f6netim organlar\u0131 g\u00f6rev da\u011f\u0131l\u0131m\u0131 \u015f\u00f6yle:<\/span><\/span><\/span><\/span><\/p>\n<p style=\"text-align:left\"><span style=\"font-size:14px\"><span style=\"font-family:Arial,Helvetica,sans-serif\"><span style=\"color:#000000\"><span style=\"background-color:#ffffff\">\u201cBa\u015fkan: Ahmet Tu\u011fcu; Genel Sekreter: H\u00fcseyin Peksever; Genel Sekreter Yard\u0131mc\u0131s\u0131: Kadriye Pire; Mali Sekreter: R\u0131dvan Koral; Bas\u0131n Yay\u0131n ve Propaganda Sekreteri: \u00c7a\u011f\u0131n Sergey; E\u011fitim Sekreteri: H\u00fcseyin Adahan; Sosyal \u0130\u015fler Sekreteri: Say\u0131ner Seyitler; \u00d6rg\u00fctlenme Sekreteri: Hamit \u00c7anakkaleli; Disiplin Kurulu \u00dcyesi: H\u00fcseyin Korkmaz; T\u00dcRK-SEN Temsilcisi: Enver Envero\u011flu; \u0130cra Kurulu \u00dcyesi: Timu\u00e7in D\u00f6nmez; \u0130cra Kurulu \u00dcyesi: R\u0131za Girgin; \u0130cra Kurulu \u00dcyesi: \u0130smail \u00c7avdar; Y\u00f6netim Kurulu \u00dcyeleri: Ula\u015f Erzen, Adem Babahan, Arif \u00d6zk\u0131ra\u00e7, Sinan \u00d6zcan, Mehmet Nay, Mustafa Gazelci, Ali Kanat, \u00d6zden Ayg\u00fcn, Mustafa Orel, Murat Bozay, Fehmi Kurtbo\u011fan, Bu\u011fra Alt\u0131nay, Ongun \u00d6zevrim, Serdar Akar\u201d<\/span><\/span><\/span><\/span><\/p>\n","protected":false},"excerpt":{"rendered":"<p>Sendikadan yap\u0131lan a\u00e7\u0131klamaya g\u00f6re, EL-SEN Ola\u011fan\u00fcst\u00fc Genel Kurulu 23 Aral\u0131k&#8217;ta, y\u00fczde 95 oran\u0131nda kat\u0131l\u0131mla ger\u00e7ekle\u015ftirildi. Genel kurulda ba\u015fkanl\u0131\u011fa, tek aday olan Ahmet Tu\u011fcu se\u00e7ilirken, genel sekreterlik g\u00f6revine ise \u00fcyenin oyuyla H\u00fcseyin Peksever getirildi. Genel Kurul sonras\u0131 t\u00fcz\u00fck gere\u011fi ilk toplant\u0131s\u0131n\u0131 d\u00fcn yapan yeni y\u00f6netim kurulu, yeni y\u00f6netim organlar\u0131 g\u00f6rev da\u011f\u0131l\u0131m\u0131n\u0131 da yapd\u0131. Buna g\u00f6re yeni<\/p>\n","protected":false},"author":1,"featured_media":23860,"comment_status":"open","ping_status":"open","sticky":false,"template":"","format":"standard","meta":{"footnotes":""},"categories":[1],"tags":[],"class_list":["post-23859","post","type-post","status-publish","format-standard","has-post-thumbnail","hentry","category-gundem"],"yoast_head":"<!-- This site is optimized with the Yoast SEO plugin v27.4 - https:\/\/yoast.com\/product\/yoast-seo-wordpress\/ -->\n<title>EL-SEN Ba\u015fkanl\u0131\u011f\u0131na Ahmet Tu\u011fcu getirildi -<\/title>\n<meta name=\"robots\" content=\"index, follow, max-snippet:-1, max-image-preview:large, max-video-preview:-1\" \/>\n<link rel=\"canonical\" href=\"https:\/\/kibrisdakik.com\/?p=23859\" \/>\n<meta property=\"og:locale\" content=\"tr_TR\" \/>\n<meta property=\"og:type\" content=\"article\" \/>\n<meta property=\"og:title\" content=\"EL-SEN Ba\u015fkanl\u0131\u011f\u0131na Ahmet Tu\u011fcu getirildi -\" \/>\n<meta property=\"og:description\" content=\"Sendikadan yap\u0131lan a\u00e7\u0131klamaya g\u00f6re, EL-SEN Ola\u011fan\u00fcst\u00fc Genel Kurulu 23 Aral\u0131k&#8217;ta, y\u00fczde 95 oran\u0131nda kat\u0131l\u0131mla ger\u00e7ekle\u015ftirildi. Genel kurulda ba\u015fkanl\u0131\u011fa, tek aday olan Ahmet Tu\u011fcu se\u00e7ilirken, genel sekreterlik g\u00f6revine ise \u00fcyenin oyuyla H\u00fcseyin Peksever getirildi. Genel Kurul sonras\u0131 t\u00fcz\u00fck gere\u011fi ilk toplant\u0131s\u0131n\u0131 d\u00fcn yapan yeni y\u00f6netim kurulu, yeni y\u00f6netim organlar\u0131 g\u00f6rev da\u011f\u0131l\u0131m\u0131n\u0131 da yapd\u0131. Buna g\u00f6re yeni\" \/>\n<meta property=\"og:url\" content=\"https:\/\/kibrisdakik.com\/?p=23859\" \/>\n<meta property=\"article:published_time\" content=\"2023-12-26T12:15:17+00:00\" \/>\n<meta property=\"og:image\" content=\"https:\/\/kibrisdakik.com\/wp-content\/uploads\/2023\/12\/el-sen-baskanligina-ahmet-tugcu-getirildi-1703578359.webp.webp\" \/>\n\t<meta property=\"og:image:width\" content=\"710\" \/>\n\t<meta property=\"og:image:height\" content=\"370\" \/>\n\t<meta property=\"og:image:type\" content=\"image\/webp\" \/>\n<meta name=\"author\" content=\"admin\" \/>\n<meta name=\"twitter:card\" content=\"summary_large_image\" \/>\n<meta name=\"twitter:label1\" content=\"Yazan:\" \/>\n\t<meta name=\"twitter:data1\" content=\"admin\" \/>\n\t<meta name=\"twitter:label2\" content=\"Tahmini okuma s\u00fcresi\" \/>\n\t<meta name=\"twitter:data2\" content=\"1 dakika\" \/>\n<script type=\"application\/ld+json\" class=\"yoast-schema-graph\">{\"@context\":\"https:\\\/\\\/schema.org\",\"@graph\":[{\"@type\":\"Article\",\"@id\":\"https:\\\/\\\/kibrisdakik.com\\\/?p=23859#article\",\"isPartOf\":{\"@id\":\"https:\\\/\\\/kibrisdakik.com\\\/?p=23859\"},\"author\":{\"name\":\"admin\",\"@id\":\"https:\\\/\\\/kibrisdakik.com\\\/#\\\/schema\\\/person\\\/9cd9d437bbb44f72b73ba127e06d8e79\"},\"headline\":\"EL-SEN Ba\u015fkanl\u0131\u011f\u0131na Ahmet Tu\u011fcu getirildi\",\"datePublished\":\"2023-12-26T12:15:17+00:00\",\"mainEntityOfPage\":{\"@id\":\"https:\\\/\\\/kibrisdakik.com\\\/?p=23859\"},\"wordCount\":220,\"commentCount\":0,\"image\":{\"@id\":\"https:\\\/\\\/kibrisdakik.com\\\/?p=23859#primaryimage\"},\"thumbnailUrl\":\"https:\\\/\\\/kibrisdakik.com\\\/wp-content\\\/uploads\\\/2023\\\/12\\\/el-sen-baskanligina-ahmet-tugcu-getirildi-1703578359.webp.webp\",\"articleSection\":[\"G\u00fcndem\"],\"inLanguage\":\"tr\",\"potentialAction\":[{\"@type\":\"CommentAction\",\"name\":\"Comment\",\"target\":[\"https:\\\/\\\/kibrisdakik.com\\\/?p=23859#respond\"]}]},{\"@type\":\"WebPage\",\"@id\":\"https:\\\/\\\/kibrisdakik.com\\\/?p=23859\",\"url\":\"https:\\\/\\\/kibrisdakik.com\\\/?p=23859\",\"name\":\"EL-SEN Ba\u015fkanl\u0131\u011f\u0131na Ahmet Tu\u011fcu getirildi -\",\"isPartOf\":{\"@id\":\"https:\\\/\\\/kibrisdakik.com\\\/#website\"},\"primaryImageOfPage\":{\"@id\":\"https:\\\/\\\/kibrisdakik.com\\\/?p=23859#primaryimage\"},\"image\":{\"@id\":\"https:\\\/\\\/kibrisdakik.com\\\/?p=23859#primaryimage\"},\"thumbnailUrl\":\"https:\\\/\\\/kibrisdakik.com\\\/wp-content\\\/uploads\\\/2023\\\/12\\\/el-sen-baskanligina-ahmet-tugcu-getirildi-1703578359.webp.webp\",\"datePublished\":\"2023-12-26T12:15:17+00:00\",\"author\":{\"@id\":\"https:\\\/\\\/kibrisdakik.com\\\/#\\\/schema\\\/person\\\/9cd9d437bbb44f72b73ba127e06d8e79\"},\"breadcrumb\":{\"@id\":\"https:\\\/\\\/kibrisdakik.com\\\/?p=23859#breadcrumb\"},\"inLanguage\":\"tr\",\"potentialAction\":[{\"@type\":\"ReadAction\",\"target\":[\"https:\\\/\\\/kibrisdakik.com\\\/?p=23859\"]}]},{\"@type\":\"ImageObject\",\"inLanguage\":\"tr\",\"@id\":\"https:\\\/\\\/kibrisdakik.com\\\/?p=23859#primaryimage\",\"url\":\"https:\\\/\\\/kibrisdakik.com\\\/wp-content\\\/uploads\\\/2023\\\/12\\\/el-sen-baskanligina-ahmet-tugcu-getirildi-1703578359.webp.webp\",\"contentUrl\":\"https:\\\/\\\/kibrisdakik.com\\\/wp-content\\\/uploads\\\/2023\\\/12\\\/el-sen-baskanligina-ahmet-tugcu-getirildi-1703578359.webp.webp\",\"width\":710,\"height\":370},{\"@type\":\"BreadcrumbList\",\"@id\":\"https:\\\/\\\/kibrisdakik.com\\\/?p=23859#breadcrumb\",\"itemListElement\":[{\"@type\":\"ListItem\",\"position\":1,\"name\":\"Home\",\"item\":\"https:\\\/\\\/kibrisdakik.com\\\/\"},{\"@type\":\"ListItem\",\"position\":2,\"name\":\"EL-SEN Ba\u015fkanl\u0131\u011f\u0131na Ahmet Tu\u011fcu getirildi\"}]},{\"@type\":\"WebSite\",\"@id\":\"https:\\\/\\\/kibrisdakik.com\\\/#website\",\"url\":\"https:\\\/\\\/kibrisdakik.com\\\/\",\"name\":\"\",\"description\":\"Tam vaktinde haber\",\"potentialAction\":[{\"@type\":\"SearchAction\",\"target\":{\"@type\":\"EntryPoint\",\"urlTemplate\":\"https:\\\/\\\/kibrisdakik.com\\\/?s={search_term_string}\"},\"query-input\":{\"@type\":\"PropertyValueSpecification\",\"valueRequired\":true,\"valueName\":\"search_term_string\"}}],\"inLanguage\":\"tr\"},{\"@type\":\"Person\",\"@id\":\"https:\\\/\\\/kibrisdakik.com\\\/#\\\/schema\\\/person\\\/9cd9d437bbb44f72b73ba127e06d8e79\",\"name\":\"admin\",\"image\":{\"@type\":\"ImageObject\",\"inLanguage\":\"tr\",\"@id\":\"https:\\\/\\\/secure.gravatar.com\\\/avatar\\\/ccc17943b9d660506c869530f897617f7cb1c21a4bf30023f252596d83e1f007?s=96&d=mm&r=g\",\"url\":\"https:\\\/\\\/secure.gravatar.com\\\/avatar\\\/ccc17943b9d660506c869530f897617f7cb1c21a4bf30023f252596d83e1f007?s=96&d=mm&r=g\",\"contentUrl\":\"https:\\\/\\\/secure.gravatar.com\\\/avatar\\\/ccc17943b9d660506c869530f897617f7cb1c21a4bf30023f252596d83e1f007?s=96&d=mm&r=g\",\"caption\":\"admin\"},\"sameAs\":[\"https:\\\/\\\/kibrisdakik.com\"],\"url\":\"https:\\\/\\\/kibrisdakik.com\\\/?author=1\"}]}<\/script>\n<!-- \/ Yoast SEO plugin. -->","yoast_head_json":{"title":"EL-SEN Ba\u015fkanl\u0131\u011f\u0131na Ahmet Tu\u011fcu getirildi -","robots":{"index":"index","follow":"follow","max-snippet":"max-snippet:-1","max-image-preview":"max-image-preview:large","max-video-preview":"max-video-preview:-1"},"canonical":"https:\/\/kibrisdakik.com\/?p=23859","og_locale":"tr_TR","og_type":"article","og_title":"EL-SEN Ba\u015fkanl\u0131\u011f\u0131na Ahmet Tu\u011fcu getirildi -","og_description":"Sendikadan yap\u0131lan a\u00e7\u0131klamaya g\u00f6re, EL-SEN Ola\u011fan\u00fcst\u00fc Genel Kurulu 23 Aral\u0131k&#8217;ta, y\u00fczde 95 oran\u0131nda kat\u0131l\u0131mla ger\u00e7ekle\u015ftirildi. Genel kurulda ba\u015fkanl\u0131\u011fa, tek aday olan Ahmet Tu\u011fcu se\u00e7ilirken, genel sekreterlik g\u00f6revine ise \u00fcyenin oyuyla H\u00fcseyin Peksever getirildi. Genel Kurul sonras\u0131 t\u00fcz\u00fck gere\u011fi ilk toplant\u0131s\u0131n\u0131 d\u00fcn yapan yeni y\u00f6netim kurulu, yeni y\u00f6netim organlar\u0131 g\u00f6rev da\u011f\u0131l\u0131m\u0131n\u0131 da yapd\u0131. Buna g\u00f6re yeni","og_url":"https:\/\/kibrisdakik.com\/?p=23859","article_published_time":"2023-12-26T12:15:17+00:00","og_image":[{"width":710,"height":370,"url":"https:\/\/kibrisdakik.com\/wp-content\/uploads\/2023\/12\/el-sen-baskanligina-ahmet-tugcu-getirildi-1703578359.webp.webp","type":"image\/webp"}],"author":"admin","twitter_card":"summary_large_image","twitter_misc":{"Yazan:":"admin","Tahmini okuma s\u00fcresi":"1 dakika"},"schema":{"@context":"https:\/\/schema.org","@graph":[{"@type":"Article","@id":"https:\/\/kibrisdakik.com\/?p=23859#article","isPartOf":{"@id":"https:\/\/kibrisdakik.com\/?p=23859"},"author":{"name":"admin","@id":"https:\/\/kibrisdakik.com\/#\/schema\/person\/9cd9d437bbb44f72b73ba127e06d8e79"},"headline":"EL-SEN Ba\u015fkanl\u0131\u011f\u0131na Ahmet Tu\u011fcu getirildi","datePublished":"2023-12-26T12:15:17+00:00","mainEntityOfPage":{"@id":"https:\/\/kibrisdakik.com\/?p=23859"},"wordCount":220,"commentCount":0,"image":{"@id":"https:\/\/kibrisdakik.com\/?p=23859#primaryimage"},"thumbnailUrl":"https:\/\/kibrisdakik.com\/wp-content\/uploads\/2023\/12\/el-sen-baskanligina-ahmet-tugcu-getirildi-1703578359.webp.webp","articleSection":["G\u00fcndem"],"inLanguage":"tr","potentialAction":[{"@type":"CommentAction","name":"Comment","target":["https:\/\/kibrisdakik.com\/?p=23859#respond"]}]},{"@type":"WebPage","@id":"https:\/\/kibrisdakik.com\/?p=23859","url":"https:\/\/kibrisdakik.com\/?p=23859","name":"EL-SEN Ba\u015fkanl\u0131\u011f\u0131na Ahmet Tu\u011fcu getirildi -","isPartOf":{"@id":"https:\/\/kibrisdakik.com\/#website"},"primaryImageOfPage":{"@id":"https:\/\/kibrisdakik.com\/?p=23859#primaryimage"},"image":{"@id":"https:\/\/kibrisdakik.com\/?p=23859#primaryimage"},"thumbnailUrl":"https:\/\/kibrisdakik.com\/wp-content\/uploads\/2023\/12\/el-sen-baskanligina-ahmet-tugcu-getirildi-1703578359.webp.webp","datePublished":"2023-12-26T12:15:17+00:00","author":{"@id":"https:\/\/kibrisdakik.com\/#\/schema\/person\/9cd9d437bbb44f72b73ba127e06d8e79"},"breadcrumb":{"@id":"https:\/\/kibrisdakik.com\/?p=23859#breadcrumb"},"inLanguage":"tr","potentialAction":[{"@type":"ReadAction","target":["https:\/\/kibrisdakik.com\/?p=23859"]}]},{"@type":"ImageObject","inLanguage":"tr","@id":"https:\/\/kibrisdakik.com\/?p=23859#primaryimage","url":"https:\/\/kibrisdakik.com\/wp-content\/uploads\/2023\/12\/el-sen-baskanligina-ahmet-tugcu-getirildi-1703578359.webp.webp","contentUrl":"https:\/\/kibrisdakik.com\/wp-content\/uploads\/2023\/12\/el-sen-baskanligina-ahmet-tugcu-getirildi-1703578359.webp.webp","width":710,"height":370},{"@type":"BreadcrumbList","@id":"https:\/\/kibrisdakik.com\/?p=23859#breadcrumb","itemListElement":[{"@type":"ListItem","position":1,"name":"Home","item":"https:\/\/kibrisdakik.com\/"},{"@type":"ListItem","position":2,"name":"EL-SEN Ba\u015fkanl\u0131\u011f\u0131na Ahmet Tu\u011fcu getirildi"}]},{"@type":"WebSite","@id":"https:\/\/kibrisdakik.com\/#website","url":"https:\/\/kibrisdakik.com\/","name":"","description":"Tam vaktinde haber","potentialAction":[{"@type":"SearchAction","target":{"@type":"EntryPoint","urlTemplate":"https:\/\/kibrisdakik.com\/?s={search_term_string}"},"query-input":{"@type":"PropertyValueSpecification","valueRequired":true,"valueName":"search_term_string"}}],"inLanguage":"tr"},{"@type":"Person","@id":"https:\/\/kibrisdakik.com\/#\/schema\/person\/9cd9d437bbb44f72b73ba127e06d8e79","name":"admin","image":{"@type":"ImageObject","inLanguage":"tr","@id":"https:\/\/secure.gravatar.com\/avatar\/ccc17943b9d660506c869530f897617f7cb1c21a4bf30023f252596d83e1f007?s=96&d=mm&r=g","url":"https:\/\/secure.gravatar.com\/avatar\/ccc17943b9d660506c869530f897617f7cb1c21a4bf30023f252596d83e1f007?s=96&d=mm&r=g","contentUrl":"https:\/\/secure.gravatar.com\/avatar\/ccc17943b9d660506c869530f897617f7cb1c21a4bf30023f252596d83e1f007?s=96&d=mm&r=g","caption":"admin"},"sameAs":["https:\/\/kibrisdakik.com"],"url":"https:\/\/kibrisdakik.com\/?author=1"}]}},"_links":{"self":[{"href":"https:\/\/kibrisdakik.com\/index.php?rest_route=\/wp\/v2\/posts\/23859","targetHints":{"allow":["GET"]}}],"collection":[{"href":"https:\/\/kibrisdakik.com\/index.php?rest_route=\/wp\/v2\/posts"}],"about":[{"href":"https:\/\/kibrisdakik.com\/index.php?rest_route=\/wp\/v2\/types\/post"}],"author":[{"embeddable":true,"href":"https:\/\/kibrisdakik.com\/index.php?rest_route=\/wp\/v2\/users\/1"}],"replies":[{"embeddable":true,"href":"https:\/\/kibrisdakik.com\/index.php?rest_route=%2Fwp%2Fv2%2Fcomments&post=23859"}],"version-history":[{"count":0,"href":"https:\/\/kibrisdakik.com\/index.php?rest_route=\/wp\/v2\/posts\/23859\/revisions"}],"wp:featuredmedia":[{"embeddable":true,"href":"https:\/\/kibrisdakik.com\/index.php?rest_route=\/wp\/v2\/media\/23860"}],"wp:attachment":[{"href":"https:\/\/kibrisdakik.com\/index.php?rest_route=%2Fwp%2Fv2%2Fmedia&parent=23859"}],"wp:term":[{"taxonomy":"category","embeddable":true,"href":"https:\/\/kibrisdakik.com\/index.php?rest_route=%2Fwp%2Fv2%2Fcategories&post=23859"},{"taxonomy":"post_tag","embeddable":true,"href":"https:\/\/kibrisdakik.com\/index.php?rest_route=%2Fwp%2Fv2%2Ftags&post=23859"}],"curies":[{"name":"wp","href":"https:\/\/api.w.org\/{rel}","templated":true}]}}