{"id":23867,"date":"2023-12-26T13:08:37","date_gmt":"2023-12-26T13:08:37","guid":{"rendered":"https:\/\/kibrisdakik.com\/index.php\/2023\/12\/26\/telsimin-dilek-agaci-projesi-bu-yil-kibris-turk-ortopedik-ozurluler-dernegi-yararina-duzenlendi\/"},"modified":"2023-12-26T13:08:37","modified_gmt":"2023-12-26T13:08:37","slug":"telsimin-dilek-agaci-projesi-bu-yil-kibris-turk-ortopedik-ozurluler-dernegi-yararina-duzenlendi","status":"publish","type":"post","link":"https:\/\/kibrisdakik.com\/?p=23867","title":{"rendered":"Telsim\u2019in Dilek A\u011fac\u0131 Projesi bu y\u0131l K\u0131br\u0131s T\u00fcrk Ortopedik \u00d6z\u00fcrl\u00fcler Derne\u011fi yarar\u0131na d\u00fczenlendi"},"content":{"rendered":"<p><img decoding=\"async\" src=\"https:\/\/www.kibristurk.com\/images\/haberler\/2023\/12\/telsimin-dilek-agaci-projesi-bu-yil-kibris-turk-ortopedik-ozurluler-dernegi-yararina-duzenlendi-1703595405.webp\" \/><\/p>\n<p style=\"text-align:left\"><span style=\"font-size:16px\"><span style=\"font-family:Merriweather,serif !important\"><span style=\"color:#000000\"><span style=\"background-color:#ffffff\"><span style=\"font-size:16px !important\"><span style=\"font-family:Merriweather,serif !important\"><span style=\"color:#000000 !important\">Telsim&#8217;den yap\u0131lan a\u00e7\u0131klamaya g\u00f6re, Hediye teslimi s\u0131ras\u0131nda Telsim Genel M\u00fcd\u00fcr Yard\u0131mc\u0131s\u0131 Fevzi Tanp\u0131nar, Vodafone \u0130\u015f Biriminden Sorumlu Genel M\u00fcd\u00fcr Yard\u0131mc\u0131s\u0131 Sevim Be\u015fok Esenda\u011fl\u0131, KTO\u00d6D Ba\u015fkan\u0131 G\u00fcnay Kibrit ve \u00fcyelerle birlikte Telsim \u00e7al\u0131\u015fanlar\u0131 haz\u0131r bulundu.<\/span><\/span><\/span><\/span><\/span><\/span><\/span><\/p>\n<p style=\"text-align:left\"><span style=\"font-size:16px\"><span style=\"font-family:Merriweather,serif !important\"><span style=\"color:#000000\"><span style=\"background-color:#ffffff\"><span style=\"font-size:16px !important\"><span style=\"font-family:Merriweather,serif !important\"><span style=\"color:#000000 !important\">KTO\u00d6D Ba\u015fkan\u0131 G\u00fcnay Kibrit, t\u00fcm Telsim ailesine projeye destek verdikleri i\u00e7in te\u015fekk\u00fcr etti. &nbsp;Projeden mutluluk duyduklar\u0131n\u0131 dile getiren Tanp\u0131nar, \u201cUmar\u0131z \u00e7ocuklar\u0131m\u0131z\u0131n bu g\u00fcl\u00fcmsemeleri her daim kal\u0131c\u0131 olur.\u201d dedi.<\/span><\/span><\/span><\/span><\/span><\/span><\/span><\/p>\n<p style=\"text-align:left\"><span style=\"font-size:16px\"><span style=\"font-family:Merriweather,serif !important\"><span style=\"color:#000000\"><span style=\"background-color:#ffffff\"><span style=\"font-size:16px !important\"><span style=\"font-family:Merriweather,serif !important\"><span style=\"color:#000000 !important\">-Tanp\u0131nar: \u201cBug\u00fcn \u00e7ocuklar\u0131m\u0131z\u0131 yeni y\u0131lda hediyelerle sevindirebiliyorsak ne mutlu bizlere\u201d<\/span><\/span><\/span><\/span><\/span><\/span><\/span><\/p>\n<p style=\"text-align:left\"><span style=\"font-size:16px\"><span style=\"font-family:Merriweather,serif !important\"><span style=\"color:#000000\"><span style=\"background-color:#ffffff\"><span style=\"font-size:16px !important\"><span style=\"font-family:Merriweather,serif !important\"><span style=\"color:#000000 !important\">Telsim Genel M\u00fcd\u00fcr Yard\u0131mc\u0131s\u0131 Fevzi Tanp\u0131nar, KTO\u00d6D ile yap\u0131lan t\u00fcm etkinliklerin aile i\u00e7i etkinli\u011fe d\u00f6n\u00fc\u015ft\u00fc\u011f\u00fcn\u00fc ve bundan da \u00e7ok mutlu olduklar\u0131n\u0131 s\u00f6yledi.<\/span><\/span><\/span><\/span><\/span><\/span><\/span><\/p>\n<p style=\"text-align:left\"><span style=\"font-size:16px\"><span style=\"font-family:Merriweather,serif !important\"><span style=\"color:#000000\"><span style=\"background-color:#ffffff\"><span style=\"font-size:16px !important\"><span style=\"font-family:Merriweather,serif !important\"><span style=\"color:#000000 !important\">Derne\u011fin \u00e7al\u0131\u015fmalar\u0131n\u0131 takdirle kar\u015f\u0131lad\u0131klar\u0131n\u0131 dile getiren Tanp\u0131nar, kendilerinin bir nebze de olsa katk\u0131s\u0131 olursa mutlu olacaklar\u0131n\u0131 belirtti.<\/span><\/span><\/span><\/span><\/span><\/span><\/span><\/p>\n<p style=\"text-align:left\"><span style=\"font-size:16px\"><span style=\"font-family:Merriweather,serif !important\"><span style=\"color:#000000\"><span style=\"background-color:#ffffff\"><span style=\"font-size:16px !important\"><span style=\"font-family:Merriweather,serif !important\"><span style=\"color:#000000 !important\">Tanp\u0131nar, \u201cYeni y\u0131l demek yeni umutlar demektir. Bu yeni umutlar i\u00e7erisinde eminim ki derne\u011fimizle birlikte \u00e7ok daha keyifli i\u015fler yapaca\u011f\u0131z. Bug\u00fcn \u00e7ocuklar\u0131m\u0131z\u0131 yeni y\u0131lda hediyelerle sevindirebiliyorsak ne mutlu bizlere\u201d ifadelerini kulland\u0131.<\/span><\/span><\/span><\/span><\/span><\/span><\/span><\/p>\n<p style=\"text-align:left\"><span style=\"font-size:16px\"><span style=\"font-family:Merriweather,serif !important\"><span style=\"color:#000000\"><span style=\"background-color:#ffffff\"><span style=\"font-size:16px !important\"><span style=\"font-family:Merriweather,serif !important\"><span style=\"color:#000000 !important\">Tanp\u0131nar, herkesin yeni y\u0131l\u0131n\u0131 kutlad\u0131.<\/span><\/span><\/span><\/span><\/span><\/span><\/span><\/p>\n","protected":false},"excerpt":{"rendered":"<p>Telsim&#8217;den yap\u0131lan a\u00e7\u0131klamaya g\u00f6re, Hediye teslimi s\u0131ras\u0131nda Telsim Genel M\u00fcd\u00fcr Yard\u0131mc\u0131s\u0131 Fevzi Tanp\u0131nar, Vodafone \u0130\u015f Biriminden Sorumlu Genel M\u00fcd\u00fcr Yard\u0131mc\u0131s\u0131 Sevim Be\u015fok Esenda\u011fl\u0131, KTO\u00d6D Ba\u015fkan\u0131 G\u00fcnay Kibrit ve \u00fcyelerle birlikte Telsim \u00e7al\u0131\u015fanlar\u0131 haz\u0131r bulundu. KTO\u00d6D Ba\u015fkan\u0131 G\u00fcnay Kibrit, t\u00fcm Telsim ailesine projeye destek verdikleri i\u00e7in te\u015fekk\u00fcr etti. &nbsp;Projeden mutluluk duyduklar\u0131n\u0131 dile getiren Tanp\u0131nar, \u201cUmar\u0131z \u00e7ocuklar\u0131m\u0131z\u0131n<\/p>\n","protected":false},"author":1,"featured_media":23868,"comment_status":"open","ping_status":"open","sticky":false,"template":"","format":"standard","meta":{"footnotes":""},"categories":[1],"tags":[],"class_list":["post-23867","post","type-post","status-publish","format-standard","has-post-thumbnail","hentry","category-gundem"],"yoast_head":"<!-- This site is optimized with the Yoast SEO plugin v27.5 - https:\/\/yoast.com\/product\/yoast-seo-wordpress\/ -->\n<title>Telsim\u2019in Dilek A\u011fac\u0131 Projesi bu y\u0131l K\u0131br\u0131s T\u00fcrk Ortopedik \u00d6z\u00fcrl\u00fcler Derne\u011fi yarar\u0131na d\u00fczenlendi -<\/title>\n<meta name=\"robots\" content=\"index, follow, max-snippet:-1, max-image-preview:large, max-video-preview:-1\" \/>\n<link rel=\"canonical\" href=\"https:\/\/kibrisdakik.com\/?p=23867\" \/>\n<meta property=\"og:locale\" content=\"tr_TR\" \/>\n<meta property=\"og:type\" content=\"article\" \/>\n<meta property=\"og:title\" content=\"Telsim\u2019in Dilek A\u011fac\u0131 Projesi bu y\u0131l K\u0131br\u0131s T\u00fcrk Ortopedik \u00d6z\u00fcrl\u00fcler Derne\u011fi yarar\u0131na d\u00fczenlendi -\" \/>\n<meta property=\"og:description\" content=\"Telsim&#8217;den yap\u0131lan a\u00e7\u0131klamaya g\u00f6re, Hediye teslimi s\u0131ras\u0131nda Telsim Genel M\u00fcd\u00fcr Yard\u0131mc\u0131s\u0131 Fevzi Tanp\u0131nar, Vodafone \u0130\u015f Biriminden Sorumlu Genel M\u00fcd\u00fcr Yard\u0131mc\u0131s\u0131 Sevim Be\u015fok Esenda\u011fl\u0131, KTO\u00d6D Ba\u015fkan\u0131 G\u00fcnay Kibrit ve \u00fcyelerle birlikte Telsim \u00e7al\u0131\u015fanlar\u0131 haz\u0131r bulundu. KTO\u00d6D Ba\u015fkan\u0131 G\u00fcnay Kibrit, t\u00fcm Telsim ailesine projeye destek verdikleri i\u00e7in te\u015fekk\u00fcr etti. &nbsp;Projeden mutluluk duyduklar\u0131n\u0131 dile getiren Tanp\u0131nar, \u201cUmar\u0131z \u00e7ocuklar\u0131m\u0131z\u0131n\" \/>\n<meta property=\"og:url\" content=\"https:\/\/kibrisdakik.com\/?p=23867\" \/>\n<meta property=\"article:published_time\" content=\"2023-12-26T13:08:37+00:00\" \/>\n<meta property=\"og:image\" content=\"https:\/\/kibrisdakik.com\/wp-content\/uploads\/2023\/12\/telsimin-dilek-agaci-projesi-bu-yil-kibris-turk-ortopedik-ozurluler-dernegi-yararina-duzenlendi-1703595405.webp.webp\" \/>\n\t<meta property=\"og:image:width\" content=\"710\" \/>\n\t<meta property=\"og:image:height\" content=\"370\" \/>\n\t<meta property=\"og:image:type\" content=\"image\/webp\" \/>\n<meta name=\"author\" content=\"admin\" \/>\n<meta name=\"twitter:card\" content=\"summary_large_image\" \/>\n<meta name=\"twitter:label1\" content=\"Yazan:\" \/>\n\t<meta name=\"twitter:data1\" content=\"admin\" \/>\n\t<meta name=\"twitter:label2\" content=\"Tahmini okuma s\u00fcresi\" \/>\n\t<meta name=\"twitter:data2\" content=\"1 dakika\" \/>\n<script type=\"application\/ld+json\" class=\"yoast-schema-graph\">{\"@context\":\"https:\\\/\\\/schema.org\",\"@graph\":[{\"@type\":\"Article\",\"@id\":\"https:\\\/\\\/kibrisdakik.com\\\/?p=23867#article\",\"isPartOf\":{\"@id\":\"https:\\\/\\\/kibrisdakik.com\\\/?p=23867\"},\"author\":{\"name\":\"admin\",\"@id\":\"https:\\\/\\\/kibrisdakik.com\\\/#\\\/schema\\\/person\\\/9cd9d437bbb44f72b73ba127e06d8e79\"},\"headline\":\"Telsim\u2019in Dilek A\u011fac\u0131 Projesi bu y\u0131l K\u0131br\u0131s T\u00fcrk Ortopedik \u00d6z\u00fcrl\u00fcler Derne\u011fi yarar\u0131na d\u00fczenlendi\",\"datePublished\":\"2023-12-26T13:08:37+00:00\",\"mainEntityOfPage\":{\"@id\":\"https:\\\/\\\/kibrisdakik.com\\\/?p=23867\"},\"wordCount\":250,\"commentCount\":0,\"image\":{\"@id\":\"https:\\\/\\\/kibrisdakik.com\\\/?p=23867#primaryimage\"},\"thumbnailUrl\":\"https:\\\/\\\/kibrisdakik.com\\\/wp-content\\\/uploads\\\/2023\\\/12\\\/telsimin-dilek-agaci-projesi-bu-yil-kibris-turk-ortopedik-ozurluler-dernegi-yararina-duzenlendi-1703595405.webp.webp\",\"articleSection\":[\"G\u00fcndem\"],\"inLanguage\":\"tr\",\"potentialAction\":[{\"@type\":\"CommentAction\",\"name\":\"Comment\",\"target\":[\"https:\\\/\\\/kibrisdakik.com\\\/?p=23867#respond\"]}]},{\"@type\":\"WebPage\",\"@id\":\"https:\\\/\\\/kibrisdakik.com\\\/?p=23867\",\"url\":\"https:\\\/\\\/kibrisdakik.com\\\/?p=23867\",\"name\":\"Telsim\u2019in Dilek A\u011fac\u0131 Projesi bu y\u0131l K\u0131br\u0131s T\u00fcrk Ortopedik \u00d6z\u00fcrl\u00fcler Derne\u011fi yarar\u0131na d\u00fczenlendi -\",\"isPartOf\":{\"@id\":\"https:\\\/\\\/kibrisdakik.com\\\/#website\"},\"primaryImageOfPage\":{\"@id\":\"https:\\\/\\\/kibrisdakik.com\\\/?p=23867#primaryimage\"},\"image\":{\"@id\":\"https:\\\/\\\/kibrisdakik.com\\\/?p=23867#primaryimage\"},\"thumbnailUrl\":\"https:\\\/\\\/kibrisdakik.com\\\/wp-content\\\/uploads\\\/2023\\\/12\\\/telsimin-dilek-agaci-projesi-bu-yil-kibris-turk-ortopedik-ozurluler-dernegi-yararina-duzenlendi-1703595405.webp.webp\",\"datePublished\":\"2023-12-26T13:08:37+00:00\",\"author\":{\"@id\":\"https:\\\/\\\/kibrisdakik.com\\\/#\\\/schema\\\/person\\\/9cd9d437bbb44f72b73ba127e06d8e79\"},\"breadcrumb\":{\"@id\":\"https:\\\/\\\/kibrisdakik.com\\\/?p=23867#breadcrumb\"},\"inLanguage\":\"tr\",\"potentialAction\":[{\"@type\":\"ReadAction\",\"target\":[\"https:\\\/\\\/kibrisdakik.com\\\/?p=23867\"]}]},{\"@type\":\"ImageObject\",\"inLanguage\":\"tr\",\"@id\":\"https:\\\/\\\/kibrisdakik.com\\\/?p=23867#primaryimage\",\"url\":\"https:\\\/\\\/kibrisdakik.com\\\/wp-content\\\/uploads\\\/2023\\\/12\\\/telsimin-dilek-agaci-projesi-bu-yil-kibris-turk-ortopedik-ozurluler-dernegi-yararina-duzenlendi-1703595405.webp.webp\",\"contentUrl\":\"https:\\\/\\\/kibrisdakik.com\\\/wp-content\\\/uploads\\\/2023\\\/12\\\/telsimin-dilek-agaci-projesi-bu-yil-kibris-turk-ortopedik-ozurluler-dernegi-yararina-duzenlendi-1703595405.webp.webp\",\"width\":710,\"height\":370},{\"@type\":\"BreadcrumbList\",\"@id\":\"https:\\\/\\\/kibrisdakik.com\\\/?p=23867#breadcrumb\",\"itemListElement\":[{\"@type\":\"ListItem\",\"position\":1,\"name\":\"Home\",\"item\":\"https:\\\/\\\/kibrisdakik.com\\\/\"},{\"@type\":\"ListItem\",\"position\":2,\"name\":\"Telsim\u2019in Dilek A\u011fac\u0131 Projesi bu y\u0131l K\u0131br\u0131s T\u00fcrk Ortopedik \u00d6z\u00fcrl\u00fcler Derne\u011fi yarar\u0131na d\u00fczenlendi\"}]},{\"@type\":\"WebSite\",\"@id\":\"https:\\\/\\\/kibrisdakik.com\\\/#website\",\"url\":\"https:\\\/\\\/kibrisdakik.com\\\/\",\"name\":\"\",\"description\":\"Tam vaktinde haber\",\"potentialAction\":[{\"@type\":\"SearchAction\",\"target\":{\"@type\":\"EntryPoint\",\"urlTemplate\":\"https:\\\/\\\/kibrisdakik.com\\\/?s={search_term_string}\"},\"query-input\":{\"@type\":\"PropertyValueSpecification\",\"valueRequired\":true,\"valueName\":\"search_term_string\"}}],\"inLanguage\":\"tr\"},{\"@type\":\"Person\",\"@id\":\"https:\\\/\\\/kibrisdakik.com\\\/#\\\/schema\\\/person\\\/9cd9d437bbb44f72b73ba127e06d8e79\",\"name\":\"admin\",\"image\":{\"@type\":\"ImageObject\",\"inLanguage\":\"tr\",\"@id\":\"https:\\\/\\\/secure.gravatar.com\\\/avatar\\\/ccc17943b9d660506c869530f897617f7cb1c21a4bf30023f252596d83e1f007?s=96&d=mm&r=g\",\"url\":\"https:\\\/\\\/secure.gravatar.com\\\/avatar\\\/ccc17943b9d660506c869530f897617f7cb1c21a4bf30023f252596d83e1f007?s=96&d=mm&r=g\",\"contentUrl\":\"https:\\\/\\\/secure.gravatar.com\\\/avatar\\\/ccc17943b9d660506c869530f897617f7cb1c21a4bf30023f252596d83e1f007?s=96&d=mm&r=g\",\"caption\":\"admin\"},\"sameAs\":[\"https:\\\/\\\/kibrisdakik.com\"],\"url\":\"https:\\\/\\\/kibrisdakik.com\\\/?author=1\"}]}<\/script>\n<!-- \/ Yoast SEO plugin. -->","yoast_head_json":{"title":"Telsim\u2019in Dilek A\u011fac\u0131 Projesi bu y\u0131l K\u0131br\u0131s T\u00fcrk Ortopedik \u00d6z\u00fcrl\u00fcler Derne\u011fi yarar\u0131na d\u00fczenlendi -","robots":{"index":"index","follow":"follow","max-snippet":"max-snippet:-1","max-image-preview":"max-image-preview:large","max-video-preview":"max-video-preview:-1"},"canonical":"https:\/\/kibrisdakik.com\/?p=23867","og_locale":"tr_TR","og_type":"article","og_title":"Telsim\u2019in Dilek A\u011fac\u0131 Projesi bu y\u0131l K\u0131br\u0131s T\u00fcrk Ortopedik \u00d6z\u00fcrl\u00fcler Derne\u011fi yarar\u0131na d\u00fczenlendi -","og_description":"Telsim&#8217;den yap\u0131lan a\u00e7\u0131klamaya g\u00f6re, Hediye teslimi s\u0131ras\u0131nda Telsim Genel M\u00fcd\u00fcr Yard\u0131mc\u0131s\u0131 Fevzi Tanp\u0131nar, Vodafone \u0130\u015f Biriminden Sorumlu Genel M\u00fcd\u00fcr Yard\u0131mc\u0131s\u0131 Sevim Be\u015fok Esenda\u011fl\u0131, KTO\u00d6D Ba\u015fkan\u0131 G\u00fcnay Kibrit ve \u00fcyelerle birlikte Telsim \u00e7al\u0131\u015fanlar\u0131 haz\u0131r bulundu. KTO\u00d6D Ba\u015fkan\u0131 G\u00fcnay Kibrit, t\u00fcm Telsim ailesine projeye destek verdikleri i\u00e7in te\u015fekk\u00fcr etti. &nbsp;Projeden mutluluk duyduklar\u0131n\u0131 dile getiren Tanp\u0131nar, \u201cUmar\u0131z \u00e7ocuklar\u0131m\u0131z\u0131n","og_url":"https:\/\/kibrisdakik.com\/?p=23867","article_published_time":"2023-12-26T13:08:37+00:00","og_image":[{"width":710,"height":370,"url":"https:\/\/kibrisdakik.com\/wp-content\/uploads\/2023\/12\/telsimin-dilek-agaci-projesi-bu-yil-kibris-turk-ortopedik-ozurluler-dernegi-yararina-duzenlendi-1703595405.webp.webp","type":"image\/webp"}],"author":"admin","twitter_card":"summary_large_image","twitter_misc":{"Yazan:":"admin","Tahmini okuma s\u00fcresi":"1 dakika"},"schema":{"@context":"https:\/\/schema.org","@graph":[{"@type":"Article","@id":"https:\/\/kibrisdakik.com\/?p=23867#article","isPartOf":{"@id":"https:\/\/kibrisdakik.com\/?p=23867"},"author":{"name":"admin","@id":"https:\/\/kibrisdakik.com\/#\/schema\/person\/9cd9d437bbb44f72b73ba127e06d8e79"},"headline":"Telsim\u2019in Dilek A\u011fac\u0131 Projesi bu y\u0131l K\u0131br\u0131s T\u00fcrk Ortopedik \u00d6z\u00fcrl\u00fcler Derne\u011fi yarar\u0131na d\u00fczenlendi","datePublished":"2023-12-26T13:08:37+00:00","mainEntityOfPage":{"@id":"https:\/\/kibrisdakik.com\/?p=23867"},"wordCount":250,"commentCount":0,"image":{"@id":"https:\/\/kibrisdakik.com\/?p=23867#primaryimage"},"thumbnailUrl":"https:\/\/kibrisdakik.com\/wp-content\/uploads\/2023\/12\/telsimin-dilek-agaci-projesi-bu-yil-kibris-turk-ortopedik-ozurluler-dernegi-yararina-duzenlendi-1703595405.webp.webp","articleSection":["G\u00fcndem"],"inLanguage":"tr","potentialAction":[{"@type":"CommentAction","name":"Comment","target":["https:\/\/kibrisdakik.com\/?p=23867#respond"]}]},{"@type":"WebPage","@id":"https:\/\/kibrisdakik.com\/?p=23867","url":"https:\/\/kibrisdakik.com\/?p=23867","name":"Telsim\u2019in Dilek A\u011fac\u0131 Projesi bu y\u0131l K\u0131br\u0131s T\u00fcrk Ortopedik \u00d6z\u00fcrl\u00fcler Derne\u011fi yarar\u0131na d\u00fczenlendi -","isPartOf":{"@id":"https:\/\/kibrisdakik.com\/#website"},"primaryImageOfPage":{"@id":"https:\/\/kibrisdakik.com\/?p=23867#primaryimage"},"image":{"@id":"https:\/\/kibrisdakik.com\/?p=23867#primaryimage"},"thumbnailUrl":"https:\/\/kibrisdakik.com\/wp-content\/uploads\/2023\/12\/telsimin-dilek-agaci-projesi-bu-yil-kibris-turk-ortopedik-ozurluler-dernegi-yararina-duzenlendi-1703595405.webp.webp","datePublished":"2023-12-26T13:08:37+00:00","author":{"@id":"https:\/\/kibrisdakik.com\/#\/schema\/person\/9cd9d437bbb44f72b73ba127e06d8e79"},"breadcrumb":{"@id":"https:\/\/kibrisdakik.com\/?p=23867#breadcrumb"},"inLanguage":"tr","potentialAction":[{"@type":"ReadAction","target":["https:\/\/kibrisdakik.com\/?p=23867"]}]},{"@type":"ImageObject","inLanguage":"tr","@id":"https:\/\/kibrisdakik.com\/?p=23867#primaryimage","url":"https:\/\/kibrisdakik.com\/wp-content\/uploads\/2023\/12\/telsimin-dilek-agaci-projesi-bu-yil-kibris-turk-ortopedik-ozurluler-dernegi-yararina-duzenlendi-1703595405.webp.webp","contentUrl":"https:\/\/kibrisdakik.com\/wp-content\/uploads\/2023\/12\/telsimin-dilek-agaci-projesi-bu-yil-kibris-turk-ortopedik-ozurluler-dernegi-yararina-duzenlendi-1703595405.webp.webp","width":710,"height":370},{"@type":"BreadcrumbList","@id":"https:\/\/kibrisdakik.com\/?p=23867#breadcrumb","itemListElement":[{"@type":"ListItem","position":1,"name":"Home","item":"https:\/\/kibrisdakik.com\/"},{"@type":"ListItem","position":2,"name":"Telsim\u2019in Dilek A\u011fac\u0131 Projesi bu y\u0131l K\u0131br\u0131s T\u00fcrk Ortopedik \u00d6z\u00fcrl\u00fcler Derne\u011fi yarar\u0131na d\u00fczenlendi"}]},{"@type":"WebSite","@id":"https:\/\/kibrisdakik.com\/#website","url":"https:\/\/kibrisdakik.com\/","name":"","description":"Tam vaktinde haber","potentialAction":[{"@type":"SearchAction","target":{"@type":"EntryPoint","urlTemplate":"https:\/\/kibrisdakik.com\/?s={search_term_string}"},"query-input":{"@type":"PropertyValueSpecification","valueRequired":true,"valueName":"search_term_string"}}],"inLanguage":"tr"},{"@type":"Person","@id":"https:\/\/kibrisdakik.com\/#\/schema\/person\/9cd9d437bbb44f72b73ba127e06d8e79","name":"admin","image":{"@type":"ImageObject","inLanguage":"tr","@id":"https:\/\/secure.gravatar.com\/avatar\/ccc17943b9d660506c869530f897617f7cb1c21a4bf30023f252596d83e1f007?s=96&d=mm&r=g","url":"https:\/\/secure.gravatar.com\/avatar\/ccc17943b9d660506c869530f897617f7cb1c21a4bf30023f252596d83e1f007?s=96&d=mm&r=g","contentUrl":"https:\/\/secure.gravatar.com\/avatar\/ccc17943b9d660506c869530f897617f7cb1c21a4bf30023f252596d83e1f007?s=96&d=mm&r=g","caption":"admin"},"sameAs":["https:\/\/kibrisdakik.com"],"url":"https:\/\/kibrisdakik.com\/?author=1"}]}},"_links":{"self":[{"href":"https:\/\/kibrisdakik.com\/index.php?rest_route=\/wp\/v2\/posts\/23867","targetHints":{"allow":["GET"]}}],"collection":[{"href":"https:\/\/kibrisdakik.com\/index.php?rest_route=\/wp\/v2\/posts"}],"about":[{"href":"https:\/\/kibrisdakik.com\/index.php?rest_route=\/wp\/v2\/types\/post"}],"author":[{"embeddable":true,"href":"https:\/\/kibrisdakik.com\/index.php?rest_route=\/wp\/v2\/users\/1"}],"replies":[{"embeddable":true,"href":"https:\/\/kibrisdakik.com\/index.php?rest_route=%2Fwp%2Fv2%2Fcomments&post=23867"}],"version-history":[{"count":0,"href":"https:\/\/kibrisdakik.com\/index.php?rest_route=\/wp\/v2\/posts\/23867\/revisions"}],"wp:featuredmedia":[{"embeddable":true,"href":"https:\/\/kibrisdakik.com\/index.php?rest_route=\/wp\/v2\/media\/23868"}],"wp:attachment":[{"href":"https:\/\/kibrisdakik.com\/index.php?rest_route=%2Fwp%2Fv2%2Fmedia&parent=23867"}],"wp:term":[{"taxonomy":"category","embeddable":true,"href":"https:\/\/kibrisdakik.com\/index.php?rest_route=%2Fwp%2Fv2%2Fcategories&post=23867"},{"taxonomy":"post_tag","embeddable":true,"href":"https:\/\/kibrisdakik.com\/index.php?rest_route=%2Fwp%2Fv2%2Ftags&post=23867"}],"curies":[{"name":"wp","href":"https:\/\/api.w.org\/{rel}","templated":true}]}}