{"id":23897,"date":"2023-12-26T16:13:35","date_gmt":"2023-12-26T16:13:35","guid":{"rendered":"https:\/\/kibrisdakik.com\/index.php\/2023\/12\/26\/ercanda-baskasinin-kimligine-burunmek-ve-sahte-davranisla-kayit-temin-etmeye-tesebbusten-1-kisi-tutuklandi\/"},"modified":"2023-12-26T16:13:35","modified_gmt":"2023-12-26T16:13:35","slug":"ercanda-baskasinin-kimligine-burunmek-ve-sahte-davranisla-kayit-temin-etmeye-tesebbusten-1-kisi-tutuklandi","status":"publish","type":"post","link":"https:\/\/kibrisdakik.com\/?p=23897","title":{"rendered":"Ercan\u2019da \u201cba\u015fkas\u0131n\u0131n kimli\u011fine b\u00fcr\u00fcnmek ve sahte davran\u0131\u015fla kay\u0131t temin etmeye te\u015febb\u00fcs\u201dten 1 ki\u015fi tutukland\u0131"},"content":{"rendered":"<p><img decoding=\"async\" src=\"https:\/\/www.kibristurk.com\/images\/haberler\/2023\/12\/ercanda-baskasinin-kimligine-burunmek-ve-sahte-davranisla-kayit-temin-etmeye-tesebbusten-1-kisiye-tutuklama-1703601684.webp\" \/><\/p>\n<p style=\"text-align:left\"><span style=\"font-size:12pt\"><span style=\"background-color:white\"><span style=\",serif\"><span style=\"font-size:13.0pt\"><span style=\",sans-serif\"><span style=\"color:black\">Ercan\u2019da \u201cba\u015fkas\u0131n\u0131n kimli\u011fine b\u00fcr\u00fcnmek ve sahte davran\u0131\u015fla kay\u0131t temin etmeye te\u015febb\u00fcs\u201dten 1 ki\u015fiye tutuklama<\/span><\/span><\/span><\/span><\/span><\/span><\/p>\n<p style=\"text-align:left\"><span style=\"font-size:12pt\"><span style=\"background-color:white\"><span style=\",serif\"><span style=\"font-size:13.0pt\"><span style=\",sans-serif\"><span style=\"color:black\">Polis, d\u00fcn, saat 06.00 s\u0131ralar\u0131nda, Ercan Havaliman\u0131\u2019nda, yurt d\u0131\u015f\u0131na \u00e7\u0131k\u0131\u015f yapacak olan H.G.\u2019nin (E-46), \u201cba\u015fkas\u0131n\u0131n kimli\u011fine b\u00fcr\u00fcnmek ve sahte davran\u0131\u015fla kay\u0131t temin etmeye te\u015febb\u00fcs\u201d su\u00e7lamalar\u0131ndan tutukland\u0131\u011f\u0131n\u0131 belirtti.<\/span><\/span><\/span><\/span><\/span><\/span><\/p>\n<p style=\"text-align:left\"><span style=\"font-size:12pt\"><span style=\"background-color:white\"><span style=\",serif\"><span style=\"font-size:13.0pt\"><span style=\",sans-serif\"><span style=\"color:black\">Polisten yap\u0131lan a\u00e7\u0131klamaya g\u00f6re H.G.\u2019nin tasarrufunda bulundurdu\u011fu ba\u015fka bir \u015fah\u0131s ad\u0131na d\u00fczenlenen pasaport ile oturma izni belgesini, g\u00f6revli muhaceret memuruna ibraz ederek belgelerde ad\u0131 ge\u00e7en \u015fahs\u0131n kimli\u011fine b\u00fcr\u00fcn\u00fcp, sahte davran\u0131\u015fla kay\u0131t temin etmeye te\u015febb\u00fcs etti\u011fi tespit edildi.<\/span><\/span><\/span><\/span><\/span><\/span><\/p>\n<p style=\"text-align:justify\">&nbsp;<\/p>\n","protected":false},"excerpt":{"rendered":"<p>Ercan\u2019da \u201cba\u015fkas\u0131n\u0131n kimli\u011fine b\u00fcr\u00fcnmek ve sahte davran\u0131\u015fla kay\u0131t temin etmeye te\u015febb\u00fcs\u201dten 1 ki\u015fiye tutuklama Polis, d\u00fcn, saat 06.00 s\u0131ralar\u0131nda, Ercan Havaliman\u0131\u2019nda, yurt d\u0131\u015f\u0131na \u00e7\u0131k\u0131\u015f yapacak olan H.G.\u2019nin (E-46), \u201cba\u015fkas\u0131n\u0131n kimli\u011fine b\u00fcr\u00fcnmek ve sahte davran\u0131\u015fla kay\u0131t temin etmeye te\u015febb\u00fcs\u201d su\u00e7lamalar\u0131ndan tutukland\u0131\u011f\u0131n\u0131 belirtti. Polisten yap\u0131lan a\u00e7\u0131klamaya g\u00f6re H.G.\u2019nin tasarrufunda bulundurdu\u011fu ba\u015fka bir \u015fah\u0131s ad\u0131na d\u00fczenlenen pasaport ile<\/p>\n","protected":false},"author":1,"featured_media":23898,"comment_status":"open","ping_status":"open","sticky":false,"template":"","format":"standard","meta":{"footnotes":""},"categories":[1],"tags":[],"class_list":["post-23897","post","type-post","status-publish","format-standard","has-post-thumbnail","hentry","category-gundem"],"yoast_head":"<!-- This site is optimized with the Yoast SEO plugin v27.4 - https:\/\/yoast.com\/product\/yoast-seo-wordpress\/ -->\n<title>Ercan\u2019da \u201cba\u015fkas\u0131n\u0131n kimli\u011fine b\u00fcr\u00fcnmek ve sahte davran\u0131\u015fla kay\u0131t temin etmeye te\u015febb\u00fcs\u201dten 1 ki\u015fi tutukland\u0131 -<\/title>\n<meta name=\"robots\" content=\"index, follow, max-snippet:-1, max-image-preview:large, max-video-preview:-1\" \/>\n<link rel=\"canonical\" href=\"https:\/\/kibrisdakik.com\/?p=23897\" \/>\n<meta property=\"og:locale\" content=\"tr_TR\" \/>\n<meta property=\"og:type\" content=\"article\" \/>\n<meta property=\"og:title\" content=\"Ercan\u2019da \u201cba\u015fkas\u0131n\u0131n kimli\u011fine b\u00fcr\u00fcnmek ve sahte davran\u0131\u015fla kay\u0131t temin etmeye te\u015febb\u00fcs\u201dten 1 ki\u015fi tutukland\u0131 -\" \/>\n<meta property=\"og:description\" content=\"Ercan\u2019da \u201cba\u015fkas\u0131n\u0131n kimli\u011fine b\u00fcr\u00fcnmek ve sahte davran\u0131\u015fla kay\u0131t temin etmeye te\u015febb\u00fcs\u201dten 1 ki\u015fiye tutuklama Polis, d\u00fcn, saat 06.00 s\u0131ralar\u0131nda, Ercan Havaliman\u0131\u2019nda, yurt d\u0131\u015f\u0131na \u00e7\u0131k\u0131\u015f yapacak olan H.G.\u2019nin (E-46), \u201cba\u015fkas\u0131n\u0131n kimli\u011fine b\u00fcr\u00fcnmek ve sahte davran\u0131\u015fla kay\u0131t temin etmeye te\u015febb\u00fcs\u201d su\u00e7lamalar\u0131ndan tutukland\u0131\u011f\u0131n\u0131 belirtti. Polisten yap\u0131lan a\u00e7\u0131klamaya g\u00f6re H.G.\u2019nin tasarrufunda bulundurdu\u011fu ba\u015fka bir \u015fah\u0131s ad\u0131na d\u00fczenlenen pasaport ile\" \/>\n<meta property=\"og:url\" content=\"https:\/\/kibrisdakik.com\/?p=23897\" \/>\n<meta property=\"article:published_time\" content=\"2023-12-26T16:13:35+00:00\" \/>\n<meta property=\"og:image\" content=\"https:\/\/kibrisdakik.com\/wp-content\/uploads\/2023\/12\/ercanda-baskasinin-kimligine-burunmek-ve-sahte-davranisla-kayit-temin-etmeye-tesebbusten-1-kisiye-tutuklama-1703601684.webp.webp\" \/>\n\t<meta property=\"og:image:width\" content=\"710\" \/>\n\t<meta property=\"og:image:height\" content=\"370\" \/>\n\t<meta property=\"og:image:type\" content=\"image\/webp\" \/>\n<meta name=\"author\" content=\"admin\" \/>\n<meta name=\"twitter:card\" content=\"summary_large_image\" \/>\n<meta name=\"twitter:label1\" content=\"Yazan:\" \/>\n\t<meta name=\"twitter:data1\" content=\"admin\" \/>\n\t<meta name=\"twitter:label2\" content=\"Tahmini okuma s\u00fcresi\" \/>\n\t<meta name=\"twitter:data2\" content=\"1 dakika\" \/>\n<script type=\"application\/ld+json\" class=\"yoast-schema-graph\">{\"@context\":\"https:\\\/\\\/schema.org\",\"@graph\":[{\"@type\":\"Article\",\"@id\":\"https:\\\/\\\/kibrisdakik.com\\\/?p=23897#article\",\"isPartOf\":{\"@id\":\"https:\\\/\\\/kibrisdakik.com\\\/?p=23897\"},\"author\":{\"name\":\"admin\",\"@id\":\"https:\\\/\\\/kibrisdakik.com\\\/#\\\/schema\\\/person\\\/9cd9d437bbb44f72b73ba127e06d8e79\"},\"headline\":\"Ercan\u2019da \u201cba\u015fkas\u0131n\u0131n kimli\u011fine b\u00fcr\u00fcnmek ve sahte davran\u0131\u015fla kay\u0131t temin etmeye te\u015febb\u00fcs\u201dten 1 ki\u015fi tutukland\u0131\",\"datePublished\":\"2023-12-26T16:13:35+00:00\",\"mainEntityOfPage\":{\"@id\":\"https:\\\/\\\/kibrisdakik.com\\\/?p=23897\"},\"wordCount\":158,\"commentCount\":0,\"image\":{\"@id\":\"https:\\\/\\\/kibrisdakik.com\\\/?p=23897#primaryimage\"},\"thumbnailUrl\":\"https:\\\/\\\/kibrisdakik.com\\\/wp-content\\\/uploads\\\/2023\\\/12\\\/ercanda-baskasinin-kimligine-burunmek-ve-sahte-davranisla-kayit-temin-etmeye-tesebbusten-1-kisiye-tutuklama-1703601684.webp.webp\",\"articleSection\":[\"G\u00fcndem\"],\"inLanguage\":\"tr\",\"potentialAction\":[{\"@type\":\"CommentAction\",\"name\":\"Comment\",\"target\":[\"https:\\\/\\\/kibrisdakik.com\\\/?p=23897#respond\"]}]},{\"@type\":\"WebPage\",\"@id\":\"https:\\\/\\\/kibrisdakik.com\\\/?p=23897\",\"url\":\"https:\\\/\\\/kibrisdakik.com\\\/?p=23897\",\"name\":\"Ercan\u2019da \u201cba\u015fkas\u0131n\u0131n kimli\u011fine b\u00fcr\u00fcnmek ve sahte davran\u0131\u015fla kay\u0131t temin etmeye te\u015febb\u00fcs\u201dten 1 ki\u015fi tutukland\u0131 -\",\"isPartOf\":{\"@id\":\"https:\\\/\\\/kibrisdakik.com\\\/#website\"},\"primaryImageOfPage\":{\"@id\":\"https:\\\/\\\/kibrisdakik.com\\\/?p=23897#primaryimage\"},\"image\":{\"@id\":\"https:\\\/\\\/kibrisdakik.com\\\/?p=23897#primaryimage\"},\"thumbnailUrl\":\"https:\\\/\\\/kibrisdakik.com\\\/wp-content\\\/uploads\\\/2023\\\/12\\\/ercanda-baskasinin-kimligine-burunmek-ve-sahte-davranisla-kayit-temin-etmeye-tesebbusten-1-kisiye-tutuklama-1703601684.webp.webp\",\"datePublished\":\"2023-12-26T16:13:35+00:00\",\"author\":{\"@id\":\"https:\\\/\\\/kibrisdakik.com\\\/#\\\/schema\\\/person\\\/9cd9d437bbb44f72b73ba127e06d8e79\"},\"breadcrumb\":{\"@id\":\"https:\\\/\\\/kibrisdakik.com\\\/?p=23897#breadcrumb\"},\"inLanguage\":\"tr\",\"potentialAction\":[{\"@type\":\"ReadAction\",\"target\":[\"https:\\\/\\\/kibrisdakik.com\\\/?p=23897\"]}]},{\"@type\":\"ImageObject\",\"inLanguage\":\"tr\",\"@id\":\"https:\\\/\\\/kibrisdakik.com\\\/?p=23897#primaryimage\",\"url\":\"https:\\\/\\\/kibrisdakik.com\\\/wp-content\\\/uploads\\\/2023\\\/12\\\/ercanda-baskasinin-kimligine-burunmek-ve-sahte-davranisla-kayit-temin-etmeye-tesebbusten-1-kisiye-tutuklama-1703601684.webp.webp\",\"contentUrl\":\"https:\\\/\\\/kibrisdakik.com\\\/wp-content\\\/uploads\\\/2023\\\/12\\\/ercanda-baskasinin-kimligine-burunmek-ve-sahte-davranisla-kayit-temin-etmeye-tesebbusten-1-kisiye-tutuklama-1703601684.webp.webp\",\"width\":710,\"height\":370},{\"@type\":\"BreadcrumbList\",\"@id\":\"https:\\\/\\\/kibrisdakik.com\\\/?p=23897#breadcrumb\",\"itemListElement\":[{\"@type\":\"ListItem\",\"position\":1,\"name\":\"Home\",\"item\":\"https:\\\/\\\/kibrisdakik.com\\\/\"},{\"@type\":\"ListItem\",\"position\":2,\"name\":\"Ercan\u2019da \u201cba\u015fkas\u0131n\u0131n kimli\u011fine b\u00fcr\u00fcnmek ve sahte davran\u0131\u015fla kay\u0131t temin etmeye te\u015febb\u00fcs\u201dten 1 ki\u015fi tutukland\u0131\"}]},{\"@type\":\"WebSite\",\"@id\":\"https:\\\/\\\/kibrisdakik.com\\\/#website\",\"url\":\"https:\\\/\\\/kibrisdakik.com\\\/\",\"name\":\"\",\"description\":\"Tam vaktinde haber\",\"potentialAction\":[{\"@type\":\"SearchAction\",\"target\":{\"@type\":\"EntryPoint\",\"urlTemplate\":\"https:\\\/\\\/kibrisdakik.com\\\/?s={search_term_string}\"},\"query-input\":{\"@type\":\"PropertyValueSpecification\",\"valueRequired\":true,\"valueName\":\"search_term_string\"}}],\"inLanguage\":\"tr\"},{\"@type\":\"Person\",\"@id\":\"https:\\\/\\\/kibrisdakik.com\\\/#\\\/schema\\\/person\\\/9cd9d437bbb44f72b73ba127e06d8e79\",\"name\":\"admin\",\"image\":{\"@type\":\"ImageObject\",\"inLanguage\":\"tr\",\"@id\":\"https:\\\/\\\/secure.gravatar.com\\\/avatar\\\/ccc17943b9d660506c869530f897617f7cb1c21a4bf30023f252596d83e1f007?s=96&d=mm&r=g\",\"url\":\"https:\\\/\\\/secure.gravatar.com\\\/avatar\\\/ccc17943b9d660506c869530f897617f7cb1c21a4bf30023f252596d83e1f007?s=96&d=mm&r=g\",\"contentUrl\":\"https:\\\/\\\/secure.gravatar.com\\\/avatar\\\/ccc17943b9d660506c869530f897617f7cb1c21a4bf30023f252596d83e1f007?s=96&d=mm&r=g\",\"caption\":\"admin\"},\"sameAs\":[\"https:\\\/\\\/kibrisdakik.com\"],\"url\":\"https:\\\/\\\/kibrisdakik.com\\\/?author=1\"}]}<\/script>\n<!-- \/ Yoast SEO plugin. -->","yoast_head_json":{"title":"Ercan\u2019da \u201cba\u015fkas\u0131n\u0131n kimli\u011fine b\u00fcr\u00fcnmek ve sahte davran\u0131\u015fla kay\u0131t temin etmeye te\u015febb\u00fcs\u201dten 1 ki\u015fi tutukland\u0131 -","robots":{"index":"index","follow":"follow","max-snippet":"max-snippet:-1","max-image-preview":"max-image-preview:large","max-video-preview":"max-video-preview:-1"},"canonical":"https:\/\/kibrisdakik.com\/?p=23897","og_locale":"tr_TR","og_type":"article","og_title":"Ercan\u2019da \u201cba\u015fkas\u0131n\u0131n kimli\u011fine b\u00fcr\u00fcnmek ve sahte davran\u0131\u015fla kay\u0131t temin etmeye te\u015febb\u00fcs\u201dten 1 ki\u015fi tutukland\u0131 -","og_description":"Ercan\u2019da \u201cba\u015fkas\u0131n\u0131n kimli\u011fine b\u00fcr\u00fcnmek ve sahte davran\u0131\u015fla kay\u0131t temin etmeye te\u015febb\u00fcs\u201dten 1 ki\u015fiye tutuklama Polis, d\u00fcn, saat 06.00 s\u0131ralar\u0131nda, Ercan Havaliman\u0131\u2019nda, yurt d\u0131\u015f\u0131na \u00e7\u0131k\u0131\u015f yapacak olan H.G.\u2019nin (E-46), \u201cba\u015fkas\u0131n\u0131n kimli\u011fine b\u00fcr\u00fcnmek ve sahte davran\u0131\u015fla kay\u0131t temin etmeye te\u015febb\u00fcs\u201d su\u00e7lamalar\u0131ndan tutukland\u0131\u011f\u0131n\u0131 belirtti. Polisten yap\u0131lan a\u00e7\u0131klamaya g\u00f6re H.G.\u2019nin tasarrufunda bulundurdu\u011fu ba\u015fka bir \u015fah\u0131s ad\u0131na d\u00fczenlenen pasaport ile","og_url":"https:\/\/kibrisdakik.com\/?p=23897","article_published_time":"2023-12-26T16:13:35+00:00","og_image":[{"width":710,"height":370,"url":"https:\/\/kibrisdakik.com\/wp-content\/uploads\/2023\/12\/ercanda-baskasinin-kimligine-burunmek-ve-sahte-davranisla-kayit-temin-etmeye-tesebbusten-1-kisiye-tutuklama-1703601684.webp.webp","type":"image\/webp"}],"author":"admin","twitter_card":"summary_large_image","twitter_misc":{"Yazan:":"admin","Tahmini okuma s\u00fcresi":"1 dakika"},"schema":{"@context":"https:\/\/schema.org","@graph":[{"@type":"Article","@id":"https:\/\/kibrisdakik.com\/?p=23897#article","isPartOf":{"@id":"https:\/\/kibrisdakik.com\/?p=23897"},"author":{"name":"admin","@id":"https:\/\/kibrisdakik.com\/#\/schema\/person\/9cd9d437bbb44f72b73ba127e06d8e79"},"headline":"Ercan\u2019da \u201cba\u015fkas\u0131n\u0131n kimli\u011fine b\u00fcr\u00fcnmek ve sahte davran\u0131\u015fla kay\u0131t temin etmeye te\u015febb\u00fcs\u201dten 1 ki\u015fi tutukland\u0131","datePublished":"2023-12-26T16:13:35+00:00","mainEntityOfPage":{"@id":"https:\/\/kibrisdakik.com\/?p=23897"},"wordCount":158,"commentCount":0,"image":{"@id":"https:\/\/kibrisdakik.com\/?p=23897#primaryimage"},"thumbnailUrl":"https:\/\/kibrisdakik.com\/wp-content\/uploads\/2023\/12\/ercanda-baskasinin-kimligine-burunmek-ve-sahte-davranisla-kayit-temin-etmeye-tesebbusten-1-kisiye-tutuklama-1703601684.webp.webp","articleSection":["G\u00fcndem"],"inLanguage":"tr","potentialAction":[{"@type":"CommentAction","name":"Comment","target":["https:\/\/kibrisdakik.com\/?p=23897#respond"]}]},{"@type":"WebPage","@id":"https:\/\/kibrisdakik.com\/?p=23897","url":"https:\/\/kibrisdakik.com\/?p=23897","name":"Ercan\u2019da \u201cba\u015fkas\u0131n\u0131n kimli\u011fine b\u00fcr\u00fcnmek ve sahte davran\u0131\u015fla kay\u0131t temin etmeye te\u015febb\u00fcs\u201dten 1 ki\u015fi tutukland\u0131 -","isPartOf":{"@id":"https:\/\/kibrisdakik.com\/#website"},"primaryImageOfPage":{"@id":"https:\/\/kibrisdakik.com\/?p=23897#primaryimage"},"image":{"@id":"https:\/\/kibrisdakik.com\/?p=23897#primaryimage"},"thumbnailUrl":"https:\/\/kibrisdakik.com\/wp-content\/uploads\/2023\/12\/ercanda-baskasinin-kimligine-burunmek-ve-sahte-davranisla-kayit-temin-etmeye-tesebbusten-1-kisiye-tutuklama-1703601684.webp.webp","datePublished":"2023-12-26T16:13:35+00:00","author":{"@id":"https:\/\/kibrisdakik.com\/#\/schema\/person\/9cd9d437bbb44f72b73ba127e06d8e79"},"breadcrumb":{"@id":"https:\/\/kibrisdakik.com\/?p=23897#breadcrumb"},"inLanguage":"tr","potentialAction":[{"@type":"ReadAction","target":["https:\/\/kibrisdakik.com\/?p=23897"]}]},{"@type":"ImageObject","inLanguage":"tr","@id":"https:\/\/kibrisdakik.com\/?p=23897#primaryimage","url":"https:\/\/kibrisdakik.com\/wp-content\/uploads\/2023\/12\/ercanda-baskasinin-kimligine-burunmek-ve-sahte-davranisla-kayit-temin-etmeye-tesebbusten-1-kisiye-tutuklama-1703601684.webp.webp","contentUrl":"https:\/\/kibrisdakik.com\/wp-content\/uploads\/2023\/12\/ercanda-baskasinin-kimligine-burunmek-ve-sahte-davranisla-kayit-temin-etmeye-tesebbusten-1-kisiye-tutuklama-1703601684.webp.webp","width":710,"height":370},{"@type":"BreadcrumbList","@id":"https:\/\/kibrisdakik.com\/?p=23897#breadcrumb","itemListElement":[{"@type":"ListItem","position":1,"name":"Home","item":"https:\/\/kibrisdakik.com\/"},{"@type":"ListItem","position":2,"name":"Ercan\u2019da \u201cba\u015fkas\u0131n\u0131n kimli\u011fine b\u00fcr\u00fcnmek ve sahte davran\u0131\u015fla kay\u0131t temin etmeye te\u015febb\u00fcs\u201dten 1 ki\u015fi tutukland\u0131"}]},{"@type":"WebSite","@id":"https:\/\/kibrisdakik.com\/#website","url":"https:\/\/kibrisdakik.com\/","name":"","description":"Tam vaktinde haber","potentialAction":[{"@type":"SearchAction","target":{"@type":"EntryPoint","urlTemplate":"https:\/\/kibrisdakik.com\/?s={search_term_string}"},"query-input":{"@type":"PropertyValueSpecification","valueRequired":true,"valueName":"search_term_string"}}],"inLanguage":"tr"},{"@type":"Person","@id":"https:\/\/kibrisdakik.com\/#\/schema\/person\/9cd9d437bbb44f72b73ba127e06d8e79","name":"admin","image":{"@type":"ImageObject","inLanguage":"tr","@id":"https:\/\/secure.gravatar.com\/avatar\/ccc17943b9d660506c869530f897617f7cb1c21a4bf30023f252596d83e1f007?s=96&d=mm&r=g","url":"https:\/\/secure.gravatar.com\/avatar\/ccc17943b9d660506c869530f897617f7cb1c21a4bf30023f252596d83e1f007?s=96&d=mm&r=g","contentUrl":"https:\/\/secure.gravatar.com\/avatar\/ccc17943b9d660506c869530f897617f7cb1c21a4bf30023f252596d83e1f007?s=96&d=mm&r=g","caption":"admin"},"sameAs":["https:\/\/kibrisdakik.com"],"url":"https:\/\/kibrisdakik.com\/?author=1"}]}},"_links":{"self":[{"href":"https:\/\/kibrisdakik.com\/index.php?rest_route=\/wp\/v2\/posts\/23897","targetHints":{"allow":["GET"]}}],"collection":[{"href":"https:\/\/kibrisdakik.com\/index.php?rest_route=\/wp\/v2\/posts"}],"about":[{"href":"https:\/\/kibrisdakik.com\/index.php?rest_route=\/wp\/v2\/types\/post"}],"author":[{"embeddable":true,"href":"https:\/\/kibrisdakik.com\/index.php?rest_route=\/wp\/v2\/users\/1"}],"replies":[{"embeddable":true,"href":"https:\/\/kibrisdakik.com\/index.php?rest_route=%2Fwp%2Fv2%2Fcomments&post=23897"}],"version-history":[{"count":0,"href":"https:\/\/kibrisdakik.com\/index.php?rest_route=\/wp\/v2\/posts\/23897\/revisions"}],"wp:featuredmedia":[{"embeddable":true,"href":"https:\/\/kibrisdakik.com\/index.php?rest_route=\/wp\/v2\/media\/23898"}],"wp:attachment":[{"href":"https:\/\/kibrisdakik.com\/index.php?rest_route=%2Fwp%2Fv2%2Fmedia&parent=23897"}],"wp:term":[{"taxonomy":"category","embeddable":true,"href":"https:\/\/kibrisdakik.com\/index.php?rest_route=%2Fwp%2Fv2%2Fcategories&post=23897"},{"taxonomy":"post_tag","embeddable":true,"href":"https:\/\/kibrisdakik.com\/index.php?rest_route=%2Fwp%2Fv2%2Ftags&post=23897"}],"curies":[{"name":"wp","href":"https:\/\/api.w.org\/{rel}","templated":true}]}}