{"id":23903,"date":"2023-12-26T16:42:04","date_gmt":"2023-12-26T16:42:04","guid":{"rendered":"https:\/\/kibrisdakik.com\/index.php\/2023\/12\/26\/tatar-gelecegimiz-turkiye-ile-birliktedir\/"},"modified":"2023-12-26T16:42:04","modified_gmt":"2023-12-26T16:42:04","slug":"tatar-gelecegimiz-turkiye-ile-birliktedir","status":"publish","type":"post","link":"https:\/\/kibrisdakik.com\/?p=23903","title":{"rendered":"Tatar: Gelece\u011fimiz T\u00fcrkiye ile birliktedir"},"content":{"rendered":"<p><img decoding=\"async\" src=\"https:\/\/www.kibristurk.com\/images\/haberler\/2023\/12\/tatar-gelecegimiz-turkiye-ile-birliktedir-1703608034.webp\" \/><\/p>\n<p>Cumhurba\u015fkan\u0131 Ersin Tatar, Denizli Pamukkale \u00dcniversitesi\u2019nde \u201cKKTC\u2019nin T\u00fcrk D\u00fcnyas\u0131 \u0130\u00e7indeki Stratejik \u00d6nemi\u201d konulu konferans verdi.<\/p>\n<p>Cumhurba\u015fkan\u0131 Tatar, \u201cGelece\u011fimiz T\u00fcrkiye ile birliktedir. K\u0131br\u0131s milli de\u011ferdir, sonuna kadar korumak y\u00fcceltmek gelecek nesillerin sahip \u00e7\u0131kaca\u011f\u0131 bir meseledir\u201d dedi.<\/p>\n<p>Tatar\u2019\u0131 \u00fcniversiteye geli\u015finde Pamukkale \u00dcniversitesi Rekt\u00f6r\u00fc Prof. Dr. Ahmet Kutluhan ve \u00fcniversite yetkilileri kar\u015f\u0131lad\u0131. Kar\u015f\u0131lamada KKTC ve TC bayraklar\u0131 ta\u015f\u0131yan \u00f6\u011frenciler de Tatar\u2019a \u00e7i\u00e7ek takdim etti.&nbsp;&nbsp;&nbsp;&nbsp;&nbsp;&nbsp;&nbsp;&nbsp;&nbsp; &nbsp; &nbsp; &nbsp; &nbsp; &nbsp; &nbsp; &nbsp; &nbsp; &nbsp; &nbsp; &nbsp; &nbsp; &nbsp; &nbsp; &nbsp; &nbsp; &nbsp; &nbsp; &nbsp; &nbsp; &nbsp; &nbsp; &nbsp; &nbsp; &nbsp; &nbsp; &nbsp; &nbsp; &nbsp; &nbsp; &nbsp;&nbsp;&nbsp;&nbsp;<\/p>\n<p>Cumhurba\u015fkan\u0131 Tatar, konferans \u00f6ncesi \u00fcniversite \u00f6\u011frencilerinin projelerini de izledi ve sohbet etti.<\/p>\n<p>Pamukkale \u00dcniversitesi Prof. Dr. H\u00fcseyin Y\u0131lmaz Kongre ve K\u00fclt\u00fcr Merkezi\u2019nde yer alan konferans, sayg\u0131 duru\u015fu ve istiklal mar\u015f\u0131 ile ba\u015flad\u0131.<\/p>\n<p>Konferansta, Cumhurba\u015fkanl\u0131\u011f\u0131 taraf\u0131ndan haz\u0131rlanan ve K\u0131br\u0131s\u2019ta 1968\u2019den g\u00fcn\u00fcm\u00fcze kadarki geli\u015fmeleri anlatan video g\u00f6sterimi de yap\u0131ld\u0131.<\/p>\n<p>Konferansta a\u00e7\u0131l\u0131\u015f konu\u015fmas\u0131n\u0131 yapan rekt\u00f6r Kutluhan, Tatar\u2019a \u00fcniversiteyi ziyaretinden dolay\u0131 te\u015fekk\u00fcr etti, her zaman K\u0131br\u0131s T\u00fcrk halk\u0131n\u0131n yan\u0131nda olduklar\u0131n\u0131 s\u00f6yledi.<\/p>\n<p>KKTC\u2019nin tan\u0131nma talebinin en do\u011fal hakk\u0131 oldu\u011funu belirten Kutluhan, hep birlikte bunu g\u00f6rmeleri temennisini dile getirdi.<\/p>\n<p>Kutluhan, \u015fehitleri rahmetle, gazileri sayg\u0131yla and\u0131\u011f\u0131 konu\u015fmas\u0131nda, Pen\u00e7e-Kilit harekat\u0131nda ya\u015fam\u0131n\u0131 yitiren \u015fehitleri de and\u0131.<\/p>\n<p>Cumhurba\u015fkan\u0131 Ersin Tatar da, \u201cKKTC\u2019nin T\u00fcrk D\u00fcnyas\u0131ndaki Stratejik \u00d6nemi\u201d konulu konferansta, gaziler ba\u015fta olmak \u00fczere t\u00fcm kat\u0131l\u0131mc\u0131lara te\u015fekk\u00fcr etti.<\/p>\n<p>Pen\u00e7e Kilit operasyonunda \u015fehit d\u00fc\u015fen Piyade Uzman \u00c7avu\u015f Mehmet Serinkan\u2019\u0131n cenaze t\u00f6renine kat\u0131ld\u0131\u011f\u0131n\u0131 ifade eden Tatar, ailesine, T\u00fcrk milletine ba\u015fsa\u011fl\u0131\u011f\u0131 diledi ve t\u00fcm \u015fehitleri and\u0131.<\/p>\n<p>Tatar, Talas denince ak\u0131llar\u0131na K\u0131br\u0131s\u2019ta \u015fehit d\u00fc\u015fen \u0130brahim Karao\u011flano\u011flu\u2019nun da geldi\u011fini ifade ederek, Karao\u011flano\u011flu\u2019nun m\u00fcstesna bir yeri oldu\u011funu s\u00f6yledi.<\/p>\n<p>\u201cK\u0131br\u0131s meselesi milletin meselesidir\u201d diyen Tatar, \u00fcniversite \u00f6\u011frencilerine K\u0131br\u0131s tarihini anlatt\u0131, Osmanl\u0131 devletinin 80 bine yak\u0131n \u015fehit vererek, K\u0131br\u0131s\u2019\u0131 fethetti\u011fini kaydetti.<\/p>\n<p>K\u0131br\u0131s\u2019\u0131n de\u011ferli bir ada oldu\u011funu, o g\u00fcnden bug\u00fcne de bunu devam ettirdi\u011fini anlatan Tatar, Osmanl\u0131n\u0131n aday\u0131 \u0130ngilizlere kiralamas\u0131yla bir\u00e7ok T\u00fcrk\u00fcn Anadolu\u2019ya geri d\u00f6nd\u00fc\u011f\u00fcn\u00fc s\u00f6yledi.<\/p>\n<p>B\u00f6ylece n\u00fcfusun K\u0131br\u0131sl\u0131 T\u00fcrklerin aleyhine d\u00f6nd\u00fc\u011f\u00fcn\u00fc ve adan\u0131n Rum Yunan adas\u0131ym\u0131\u015f gibi Yunanistan\u2019a ba\u011flanmak istendi\u011fini anlatan Tatar, ancak T\u00fcrk halk\u0131n\u0131n buna kar\u015f\u0131 m\u00fccadele verdi\u011fini, hi\u00e7bir zaman milli \u015fuuru de\u011ferleri kaybetmeden varolu\u015f m\u00fccadelesini g\u00f6sterdi\u011fini kaydetti.<\/p>\n<p>K\u0131br\u0131s Vak\u0131flar \u0130daresinin K\u0131br\u0131s T\u00fcrk halk\u0131n\u0131n adadaki her alanda varl\u0131\u011f\u0131n\u0131 g\u00f6sterdi\u011fini belirten Tatar, \u00f6\u011frencilere, K\u0131br\u0131s adas\u0131nda verilen m\u00fccadele, m\u00fczakere ve K\u0131br\u0131s Bar\u0131\u015f Harekat\u0131 ile ilgili bilgiler verdi.<\/p>\n<p>Tatar, T\u00fcrkiye Cumhuriyeti\u2019nin sayesinde K\u0131br\u0131s\u2019\u0131n Yunanistan\u2019a ba\u011flanmas\u0131n\u0131n \u00f6n\u00fcne ge\u00e7ildi\u011fini, K\u0131br\u0131s Cumhuriyeti\u2019nin kuruldu\u011funu, b\u00f6ylece adan\u0131n kurucu orta\u011f\u0131 oldu\u011funu belirtti.<\/p>\n<p>Ancak o g\u00fcn bile Rumlar\u0131n bunu \u201cEnosis\u2019e s\u0131\u00e7rama tahtas\u0131\u201d olarak g\u00f6rd\u00fc\u011f\u00fcn\u00fc ifade eden Tatar, kumsal katliam\u0131 ve kanl\u0131 Noel olaylar\u0131n\u0131n ya\u015fand\u0131\u011f\u0131n\u0131, K\u0131br\u0131s T\u00fcrk halk\u0131n\u0131n bunlara kar\u015f\u0131 direndi\u011fini kaydetti.<\/p>\n<p>Gazze\u2019de bug\u00fcn ya\u015fananlar\u0131n 1960\u2019l\u0131 y\u0131llarda da K\u0131br\u0131s\u2019ta ya\u015fand\u0131\u011f\u0131n\u0131 ifade eden Tatar, bug\u00fcn oldu\u011fu gibi o g\u00fcn de ya\u015fananlar\u0131n seyredildi\u011fini anlatt\u0131.<\/p>\n<p>1974 y\u0131l\u0131nda Yunan darbesini ve adan\u0131n \u201cYunanistan\u2019a ba\u011fland\u0131\u011f\u0131\u201d a\u00e7\u0131klamalar\u0131 sonras\u0131 T\u00fcrkiye\u2019nin tek tarafl\u0131 m\u00fcdahale hakk\u0131n\u0131 kulland\u0131\u011f\u0131n\u0131 an\u0131msatan Tatar, Erenk\u00f6y direni\u015fi, 20 Temmuz Bar\u0131\u015f Harekat\u0131, T\u00fcrk halk\u0131n\u0131n zaferini anlatt\u0131.<\/p>\n<p>K\u0131br\u0131s\u2019\u0131n T\u00fcrkiye i\u00e7in her zaman b\u00fcy\u00fck \u00f6nem ta\u015f\u0131d\u0131\u011f\u0131n\u0131 ifade eden Tatar, KKTC\u2019nin bug\u00fcn Mavi Vatan\u2019da g\u00fc\u00e7l\u00fc bir devlet olarak yerini ald\u0131\u011f\u0131n\u0131, T\u00fcrk Devletler Te\u015fkilat\u0131 g\u00f6zlemci \u00fcyesi oldu\u011funu ve daha da k\u00f6kle\u015fmek i\u00e7in m\u00fccadele etti\u011fini s\u00f6yledi.<\/p>\n<p>Ge\u00e7mi\u015fteki m\u00fccadele, fedakarl\u0131klar olmasa, bedeller \u00f6denmeseydi bug\u00fcn adan\u0131n Yunan olaca\u011f\u0131n\u0131 ifade eden Tatar, \u201cBizim m\u00fccadelemiz milli m\u00fccadele olarak devam edecektir. Gelece\u011fimiz T\u00fcrkiye ile birliktedir. K\u0131br\u0131s milli de\u011ferdir, sonuna kadar korunacak, y\u00fcceltilecek, gelecek nesillerin sahip \u00e7\u0131kaca\u011f\u0131 bir meseledir\u201d diye konu\u015ftu.<\/p>\n<p>Uluslararas\u0131 camiada KKTC\u2019ye y\u00f6nelik ambargo bask\u0131s\u0131n\u0131n s\u00fcrd\u00fc\u011f\u00fcn\u00fc ifade eden Tatar, Annan Plan\u0131na \u201cevet\u201d diyen K\u0131br\u0131s T\u00fcrk halk\u0131na verilen s\u00f6zlerin tutulmad\u0131\u011f\u0131n\u0131 ancak Rumlar\u0131n \u201chay\u0131r\u201d demesine ra\u011fmen \u00fcye al\u0131nd\u0131klar\u0131n\u0131 kaydetti.<\/p>\n<p>\u201cS\u0131f\u0131r asker s\u0131f\u0131r garanti asla kabul edilmez\u201d diyen Tatar, K\u0131br\u0131s\u2019ta iki ayr\u0131 halk iki ayr\u0131 devlet oldu\u011funu ve her halk\u0131n kendi gelece\u011fini tayin etme hakk\u0131 oldu\u011funu ifade etti.<\/p>\n<p>K\u0131br\u0131s T\u00fcrk halk\u0131n\u0131n e\u015fit egemenlik hakk\u0131 kabul edilmemesi halinde m\u00fczakere masas\u0131na oturmayacaklar\u0131n\u0131 ifade eden Tatar, m\u00fczakere masas\u0131n\u0131n ge\u00e7mi\u015fte hep devrildi\u011fini \u00e7\u00fcnk\u00fc Rumlar\u0131n hi\u00e7 bir \u015feyi payla\u015fma niyeti olmad\u0131\u011f\u0131n\u0131 vurgulad\u0131.<\/p>\n<p>Bu \u00e7a\u011fd\u0131\u015f\u0131 ve bencil bir zihniyetle m\u00fccadelelerinin s\u00fcrd\u00fc\u011f\u00fcn\u00fc ifade eden Tatar, Uluslararas\u0131 hukuk bask\u0131s\u0131 ve izolasyonlar oldu\u011funu ama ge\u00e7mi\u015fi unutmadan gelece\u011fe bakmak zorunda olduklar\u0131n\u0131 ve T\u00fcrkiye ile birlikte bu yolu y\u00fcr\u00fcd\u00fcklerini s\u00f6yledi.<\/p>\n<p>Tatar, \u015eehitleri de and\u0131\u011f\u0131 konu\u015fmas\u0131nda \u201c\u015fehitleri unutmad\u0131klar\u0131n\u0131 ve unutmayacaklar\u0131n\u0131\u201d s\u00f6yledi.<\/p>\n<p>Konferans\u0131n ard\u0131ndan ziyaret an\u0131s\u0131na \u00fcniversite bah\u00e7esine zeytin fidan\u0131 dikildi, \u0130stiklal mar\u015f\u0131 e\u015fli\u011finde KKTC bayra\u011f\u0131 \u00e7ekildi.<\/p>\n","protected":false},"excerpt":{"rendered":"<p>Cumhurba\u015fkan\u0131 Ersin Tatar, Denizli Pamukkale \u00dcniversitesi\u2019nde \u201cKKTC\u2019nin T\u00fcrk D\u00fcnyas\u0131 \u0130\u00e7indeki Stratejik \u00d6nemi\u201d konulu konferans verdi. Cumhurba\u015fkan\u0131 Tatar, \u201cGelece\u011fimiz T\u00fcrkiye ile birliktedir. K\u0131br\u0131s milli de\u011ferdir, sonuna kadar korumak y\u00fcceltmek gelecek nesillerin sahip \u00e7\u0131kaca\u011f\u0131 bir meseledir\u201d dedi. Tatar\u2019\u0131 \u00fcniversiteye geli\u015finde Pamukkale \u00dcniversitesi Rekt\u00f6r\u00fc Prof. Dr. Ahmet Kutluhan ve \u00fcniversite yetkilileri kar\u015f\u0131lad\u0131. Kar\u015f\u0131lamada KKTC ve TC bayraklar\u0131 ta\u015f\u0131yan<\/p>\n","protected":false},"author":1,"featured_media":23904,"comment_status":"open","ping_status":"open","sticky":false,"template":"","format":"standard","meta":{"footnotes":""},"categories":[79],"tags":[],"class_list":["post-23903","post","type-post","status-publish","format-standard","has-post-thumbnail","hentry","category-ekonomi"],"yoast_head":"<!-- This site is optimized with the Yoast SEO plugin v27.5 - https:\/\/yoast.com\/product\/yoast-seo-wordpress\/ -->\n<title>Tatar: Gelece\u011fimiz T\u00fcrkiye ile birliktedir -<\/title>\n<meta name=\"robots\" content=\"index, follow, max-snippet:-1, max-image-preview:large, max-video-preview:-1\" \/>\n<link rel=\"canonical\" href=\"https:\/\/kibrisdakik.com\/?p=23903\" \/>\n<meta property=\"og:locale\" content=\"tr_TR\" \/>\n<meta property=\"og:type\" content=\"article\" \/>\n<meta property=\"og:title\" content=\"Tatar: Gelece\u011fimiz T\u00fcrkiye ile birliktedir -\" \/>\n<meta property=\"og:description\" content=\"Cumhurba\u015fkan\u0131 Ersin Tatar, Denizli Pamukkale \u00dcniversitesi\u2019nde \u201cKKTC\u2019nin T\u00fcrk D\u00fcnyas\u0131 \u0130\u00e7indeki Stratejik \u00d6nemi\u201d konulu konferans verdi. Cumhurba\u015fkan\u0131 Tatar, \u201cGelece\u011fimiz T\u00fcrkiye ile birliktedir. K\u0131br\u0131s milli de\u011ferdir, sonuna kadar korumak y\u00fcceltmek gelecek nesillerin sahip \u00e7\u0131kaca\u011f\u0131 bir meseledir\u201d dedi. Tatar\u2019\u0131 \u00fcniversiteye geli\u015finde Pamukkale \u00dcniversitesi Rekt\u00f6r\u00fc Prof. Dr. Ahmet Kutluhan ve \u00fcniversite yetkilileri kar\u015f\u0131lad\u0131. Kar\u015f\u0131lamada KKTC ve TC bayraklar\u0131 ta\u015f\u0131yan\" \/>\n<meta property=\"og:url\" content=\"https:\/\/kibrisdakik.com\/?p=23903\" \/>\n<meta property=\"article:published_time\" content=\"2023-12-26T16:42:04+00:00\" \/>\n<meta property=\"og:image\" content=\"https:\/\/kibrisdakik.com\/wp-content\/uploads\/2023\/12\/tatar-gelecegimiz-turkiye-ile-birliktedir-1703608034.webp.webp\" \/>\n\t<meta property=\"og:image:width\" content=\"710\" \/>\n\t<meta property=\"og:image:height\" content=\"370\" \/>\n\t<meta property=\"og:image:type\" content=\"image\/webp\" \/>\n<meta name=\"author\" content=\"admin\" \/>\n<meta name=\"twitter:card\" content=\"summary_large_image\" \/>\n<meta name=\"twitter:label1\" content=\"Yazan:\" \/>\n\t<meta name=\"twitter:data1\" content=\"admin\" \/>\n\t<meta name=\"twitter:label2\" content=\"Tahmini okuma s\u00fcresi\" \/>\n\t<meta name=\"twitter:data2\" content=\"5 dakika\" \/>\n<script type=\"application\/ld+json\" class=\"yoast-schema-graph\">{\"@context\":\"https:\\\/\\\/schema.org\",\"@graph\":[{\"@type\":\"Article\",\"@id\":\"https:\\\/\\\/kibrisdakik.com\\\/?p=23903#article\",\"isPartOf\":{\"@id\":\"https:\\\/\\\/kibrisdakik.com\\\/?p=23903\"},\"author\":{\"name\":\"admin\",\"@id\":\"https:\\\/\\\/kibrisdakik.com\\\/#\\\/schema\\\/person\\\/9cd9d437bbb44f72b73ba127e06d8e79\"},\"headline\":\"Tatar: Gelece\u011fimiz T\u00fcrkiye ile birliktedir\",\"datePublished\":\"2023-12-26T16:42:04+00:00\",\"mainEntityOfPage\":{\"@id\":\"https:\\\/\\\/kibrisdakik.com\\\/?p=23903\"},\"wordCount\":1039,\"commentCount\":0,\"image\":{\"@id\":\"https:\\\/\\\/kibrisdakik.com\\\/?p=23903#primaryimage\"},\"thumbnailUrl\":\"https:\\\/\\\/kibrisdakik.com\\\/wp-content\\\/uploads\\\/2023\\\/12\\\/tatar-gelecegimiz-turkiye-ile-birliktedir-1703608034.webp.webp\",\"articleSection\":[\"Ekonomi\"],\"inLanguage\":\"tr\",\"potentialAction\":[{\"@type\":\"CommentAction\",\"name\":\"Comment\",\"target\":[\"https:\\\/\\\/kibrisdakik.com\\\/?p=23903#respond\"]}]},{\"@type\":\"WebPage\",\"@id\":\"https:\\\/\\\/kibrisdakik.com\\\/?p=23903\",\"url\":\"https:\\\/\\\/kibrisdakik.com\\\/?p=23903\",\"name\":\"Tatar: Gelece\u011fimiz T\u00fcrkiye ile birliktedir -\",\"isPartOf\":{\"@id\":\"https:\\\/\\\/kibrisdakik.com\\\/#website\"},\"primaryImageOfPage\":{\"@id\":\"https:\\\/\\\/kibrisdakik.com\\\/?p=23903#primaryimage\"},\"image\":{\"@id\":\"https:\\\/\\\/kibrisdakik.com\\\/?p=23903#primaryimage\"},\"thumbnailUrl\":\"https:\\\/\\\/kibrisdakik.com\\\/wp-content\\\/uploads\\\/2023\\\/12\\\/tatar-gelecegimiz-turkiye-ile-birliktedir-1703608034.webp.webp\",\"datePublished\":\"2023-12-26T16:42:04+00:00\",\"author\":{\"@id\":\"https:\\\/\\\/kibrisdakik.com\\\/#\\\/schema\\\/person\\\/9cd9d437bbb44f72b73ba127e06d8e79\"},\"breadcrumb\":{\"@id\":\"https:\\\/\\\/kibrisdakik.com\\\/?p=23903#breadcrumb\"},\"inLanguage\":\"tr\",\"potentialAction\":[{\"@type\":\"ReadAction\",\"target\":[\"https:\\\/\\\/kibrisdakik.com\\\/?p=23903\"]}]},{\"@type\":\"ImageObject\",\"inLanguage\":\"tr\",\"@id\":\"https:\\\/\\\/kibrisdakik.com\\\/?p=23903#primaryimage\",\"url\":\"https:\\\/\\\/kibrisdakik.com\\\/wp-content\\\/uploads\\\/2023\\\/12\\\/tatar-gelecegimiz-turkiye-ile-birliktedir-1703608034.webp.webp\",\"contentUrl\":\"https:\\\/\\\/kibrisdakik.com\\\/wp-content\\\/uploads\\\/2023\\\/12\\\/tatar-gelecegimiz-turkiye-ile-birliktedir-1703608034.webp.webp\",\"width\":710,\"height\":370},{\"@type\":\"BreadcrumbList\",\"@id\":\"https:\\\/\\\/kibrisdakik.com\\\/?p=23903#breadcrumb\",\"itemListElement\":[{\"@type\":\"ListItem\",\"position\":1,\"name\":\"Home\",\"item\":\"https:\\\/\\\/kibrisdakik.com\\\/\"},{\"@type\":\"ListItem\",\"position\":2,\"name\":\"Tatar: Gelece\u011fimiz T\u00fcrkiye ile birliktedir\"}]},{\"@type\":\"WebSite\",\"@id\":\"https:\\\/\\\/kibrisdakik.com\\\/#website\",\"url\":\"https:\\\/\\\/kibrisdakik.com\\\/\",\"name\":\"\",\"description\":\"Tam vaktinde haber\",\"potentialAction\":[{\"@type\":\"SearchAction\",\"target\":{\"@type\":\"EntryPoint\",\"urlTemplate\":\"https:\\\/\\\/kibrisdakik.com\\\/?s={search_term_string}\"},\"query-input\":{\"@type\":\"PropertyValueSpecification\",\"valueRequired\":true,\"valueName\":\"search_term_string\"}}],\"inLanguage\":\"tr\"},{\"@type\":\"Person\",\"@id\":\"https:\\\/\\\/kibrisdakik.com\\\/#\\\/schema\\\/person\\\/9cd9d437bbb44f72b73ba127e06d8e79\",\"name\":\"admin\",\"image\":{\"@type\":\"ImageObject\",\"inLanguage\":\"tr\",\"@id\":\"https:\\\/\\\/secure.gravatar.com\\\/avatar\\\/ccc17943b9d660506c869530f897617f7cb1c21a4bf30023f252596d83e1f007?s=96&d=mm&r=g\",\"url\":\"https:\\\/\\\/secure.gravatar.com\\\/avatar\\\/ccc17943b9d660506c869530f897617f7cb1c21a4bf30023f252596d83e1f007?s=96&d=mm&r=g\",\"contentUrl\":\"https:\\\/\\\/secure.gravatar.com\\\/avatar\\\/ccc17943b9d660506c869530f897617f7cb1c21a4bf30023f252596d83e1f007?s=96&d=mm&r=g\",\"caption\":\"admin\"},\"sameAs\":[\"https:\\\/\\\/kibrisdakik.com\"],\"url\":\"https:\\\/\\\/kibrisdakik.com\\\/?author=1\"}]}<\/script>\n<!-- \/ Yoast SEO plugin. -->","yoast_head_json":{"title":"Tatar: Gelece\u011fimiz T\u00fcrkiye ile birliktedir -","robots":{"index":"index","follow":"follow","max-snippet":"max-snippet:-1","max-image-preview":"max-image-preview:large","max-video-preview":"max-video-preview:-1"},"canonical":"https:\/\/kibrisdakik.com\/?p=23903","og_locale":"tr_TR","og_type":"article","og_title":"Tatar: Gelece\u011fimiz T\u00fcrkiye ile birliktedir -","og_description":"Cumhurba\u015fkan\u0131 Ersin Tatar, Denizli Pamukkale \u00dcniversitesi\u2019nde \u201cKKTC\u2019nin T\u00fcrk D\u00fcnyas\u0131 \u0130\u00e7indeki Stratejik \u00d6nemi\u201d konulu konferans verdi. Cumhurba\u015fkan\u0131 Tatar, \u201cGelece\u011fimiz T\u00fcrkiye ile birliktedir. K\u0131br\u0131s milli de\u011ferdir, sonuna kadar korumak y\u00fcceltmek gelecek nesillerin sahip \u00e7\u0131kaca\u011f\u0131 bir meseledir\u201d dedi. Tatar\u2019\u0131 \u00fcniversiteye geli\u015finde Pamukkale \u00dcniversitesi Rekt\u00f6r\u00fc Prof. Dr. Ahmet Kutluhan ve \u00fcniversite yetkilileri kar\u015f\u0131lad\u0131. Kar\u015f\u0131lamada KKTC ve TC bayraklar\u0131 ta\u015f\u0131yan","og_url":"https:\/\/kibrisdakik.com\/?p=23903","article_published_time":"2023-12-26T16:42:04+00:00","og_image":[{"width":710,"height":370,"url":"https:\/\/kibrisdakik.com\/wp-content\/uploads\/2023\/12\/tatar-gelecegimiz-turkiye-ile-birliktedir-1703608034.webp.webp","type":"image\/webp"}],"author":"admin","twitter_card":"summary_large_image","twitter_misc":{"Yazan:":"admin","Tahmini okuma s\u00fcresi":"5 dakika"},"schema":{"@context":"https:\/\/schema.org","@graph":[{"@type":"Article","@id":"https:\/\/kibrisdakik.com\/?p=23903#article","isPartOf":{"@id":"https:\/\/kibrisdakik.com\/?p=23903"},"author":{"name":"admin","@id":"https:\/\/kibrisdakik.com\/#\/schema\/person\/9cd9d437bbb44f72b73ba127e06d8e79"},"headline":"Tatar: Gelece\u011fimiz T\u00fcrkiye ile birliktedir","datePublished":"2023-12-26T16:42:04+00:00","mainEntityOfPage":{"@id":"https:\/\/kibrisdakik.com\/?p=23903"},"wordCount":1039,"commentCount":0,"image":{"@id":"https:\/\/kibrisdakik.com\/?p=23903#primaryimage"},"thumbnailUrl":"https:\/\/kibrisdakik.com\/wp-content\/uploads\/2023\/12\/tatar-gelecegimiz-turkiye-ile-birliktedir-1703608034.webp.webp","articleSection":["Ekonomi"],"inLanguage":"tr","potentialAction":[{"@type":"CommentAction","name":"Comment","target":["https:\/\/kibrisdakik.com\/?p=23903#respond"]}]},{"@type":"WebPage","@id":"https:\/\/kibrisdakik.com\/?p=23903","url":"https:\/\/kibrisdakik.com\/?p=23903","name":"Tatar: Gelece\u011fimiz T\u00fcrkiye ile birliktedir -","isPartOf":{"@id":"https:\/\/kibrisdakik.com\/#website"},"primaryImageOfPage":{"@id":"https:\/\/kibrisdakik.com\/?p=23903#primaryimage"},"image":{"@id":"https:\/\/kibrisdakik.com\/?p=23903#primaryimage"},"thumbnailUrl":"https:\/\/kibrisdakik.com\/wp-content\/uploads\/2023\/12\/tatar-gelecegimiz-turkiye-ile-birliktedir-1703608034.webp.webp","datePublished":"2023-12-26T16:42:04+00:00","author":{"@id":"https:\/\/kibrisdakik.com\/#\/schema\/person\/9cd9d437bbb44f72b73ba127e06d8e79"},"breadcrumb":{"@id":"https:\/\/kibrisdakik.com\/?p=23903#breadcrumb"},"inLanguage":"tr","potentialAction":[{"@type":"ReadAction","target":["https:\/\/kibrisdakik.com\/?p=23903"]}]},{"@type":"ImageObject","inLanguage":"tr","@id":"https:\/\/kibrisdakik.com\/?p=23903#primaryimage","url":"https:\/\/kibrisdakik.com\/wp-content\/uploads\/2023\/12\/tatar-gelecegimiz-turkiye-ile-birliktedir-1703608034.webp.webp","contentUrl":"https:\/\/kibrisdakik.com\/wp-content\/uploads\/2023\/12\/tatar-gelecegimiz-turkiye-ile-birliktedir-1703608034.webp.webp","width":710,"height":370},{"@type":"BreadcrumbList","@id":"https:\/\/kibrisdakik.com\/?p=23903#breadcrumb","itemListElement":[{"@type":"ListItem","position":1,"name":"Home","item":"https:\/\/kibrisdakik.com\/"},{"@type":"ListItem","position":2,"name":"Tatar: Gelece\u011fimiz T\u00fcrkiye ile birliktedir"}]},{"@type":"WebSite","@id":"https:\/\/kibrisdakik.com\/#website","url":"https:\/\/kibrisdakik.com\/","name":"","description":"Tam vaktinde haber","potentialAction":[{"@type":"SearchAction","target":{"@type":"EntryPoint","urlTemplate":"https:\/\/kibrisdakik.com\/?s={search_term_string}"},"query-input":{"@type":"PropertyValueSpecification","valueRequired":true,"valueName":"search_term_string"}}],"inLanguage":"tr"},{"@type":"Person","@id":"https:\/\/kibrisdakik.com\/#\/schema\/person\/9cd9d437bbb44f72b73ba127e06d8e79","name":"admin","image":{"@type":"ImageObject","inLanguage":"tr","@id":"https:\/\/secure.gravatar.com\/avatar\/ccc17943b9d660506c869530f897617f7cb1c21a4bf30023f252596d83e1f007?s=96&d=mm&r=g","url":"https:\/\/secure.gravatar.com\/avatar\/ccc17943b9d660506c869530f897617f7cb1c21a4bf30023f252596d83e1f007?s=96&d=mm&r=g","contentUrl":"https:\/\/secure.gravatar.com\/avatar\/ccc17943b9d660506c869530f897617f7cb1c21a4bf30023f252596d83e1f007?s=96&d=mm&r=g","caption":"admin"},"sameAs":["https:\/\/kibrisdakik.com"],"url":"https:\/\/kibrisdakik.com\/?author=1"}]}},"_links":{"self":[{"href":"https:\/\/kibrisdakik.com\/index.php?rest_route=\/wp\/v2\/posts\/23903","targetHints":{"allow":["GET"]}}],"collection":[{"href":"https:\/\/kibrisdakik.com\/index.php?rest_route=\/wp\/v2\/posts"}],"about":[{"href":"https:\/\/kibrisdakik.com\/index.php?rest_route=\/wp\/v2\/types\/post"}],"author":[{"embeddable":true,"href":"https:\/\/kibrisdakik.com\/index.php?rest_route=\/wp\/v2\/users\/1"}],"replies":[{"embeddable":true,"href":"https:\/\/kibrisdakik.com\/index.php?rest_route=%2Fwp%2Fv2%2Fcomments&post=23903"}],"version-history":[{"count":0,"href":"https:\/\/kibrisdakik.com\/index.php?rest_route=\/wp\/v2\/posts\/23903\/revisions"}],"wp:featuredmedia":[{"embeddable":true,"href":"https:\/\/kibrisdakik.com\/index.php?rest_route=\/wp\/v2\/media\/23904"}],"wp:attachment":[{"href":"https:\/\/kibrisdakik.com\/index.php?rest_route=%2Fwp%2Fv2%2Fmedia&parent=23903"}],"wp:term":[{"taxonomy":"category","embeddable":true,"href":"https:\/\/kibrisdakik.com\/index.php?rest_route=%2Fwp%2Fv2%2Fcategories&post=23903"},{"taxonomy":"post_tag","embeddable":true,"href":"https:\/\/kibrisdakik.com\/index.php?rest_route=%2Fwp%2Fv2%2Ftags&post=23903"}],"curies":[{"name":"wp","href":"https:\/\/api.w.org\/{rel}","templated":true}]}}