{"id":23907,"date":"2023-12-26T17:04:00","date_gmt":"2023-12-26T17:04:00","guid":{"rendered":"https:\/\/kibrisdakik.com\/index.php\/2023\/12\/26\/okculukta-acik-alan-ligi-sona-erdi-2\/"},"modified":"2023-12-26T17:04:00","modified_gmt":"2023-12-26T17:04:00","slug":"okculukta-acik-alan-ligi-sona-erdi-2","status":"publish","type":"post","link":"https:\/\/kibrisdakik.com\/?p=23907","title":{"rendered":"Ok\u00e7ulukta A\u00e7\u0131k Alan Ligi sona erdi"},"content":{"rendered":"<p><img decoding=\"async\" src=\"https:\/\/www.kibristurk.com\/images\/haberler\/2023\/12\/okculukta-acik-alan-ligi-sona-erdi-1703610308.webp\" \/><\/p>\n<p>KKTC Ok\u00e7uluk Federasyonu\u2019nun d\u00fczenledi\u011fi A\u00e7\u0131k Alan Ligi sona erdi. Lig kapsam\u0131nda dereceye giren sporculara ve kul\u00fcplere \u00f6d\u00fclleri 23 Aral\u0131k 2023 tarihinde Lefko\u015fa T\u00fcrk Lisesi salonunda ger\u00e7ekle\u015ftirilen \u00f6d\u00fcl t\u00f6reni ile takdim edildi. Gecede ayr\u0131ca s\u00fcper minik sporculara onore \u00f6d\u00fclleri de takdim edildi.&nbsp;<\/p>\n<p>En fazla k\u00fcrs\u00fcye \u00e7\u0131kan ve dereceye giren kul\u00fcpler \u015f\u00f6yle oldu;<br \/>\n1. Baf \u00dclk\u00fc Yurdu Ok\u00e7uluk Tak\u0131m\u0131&nbsp;<br \/>\n2. Zeybek\u00e7i Ok\u00e7uluk Tak\u0131m\u0131&nbsp;<br \/>\n3. Ma\u011fusa Geli\u015fim Akademisi Ok\u00e7uluk Kul\u00fcb\u00fc&nbsp;<\/p>\n","protected":false},"excerpt":{"rendered":"<p>KKTC Ok\u00e7uluk Federasyonu\u2019nun d\u00fczenledi\u011fi A\u00e7\u0131k Alan Ligi sona erdi. Lig kapsam\u0131nda dereceye giren sporculara ve kul\u00fcplere \u00f6d\u00fclleri 23 Aral\u0131k 2023 tarihinde Lefko\u015fa T\u00fcrk Lisesi salonunda ger\u00e7ekle\u015ftirilen \u00f6d\u00fcl t\u00f6reni ile takdim edildi. Gecede ayr\u0131ca s\u00fcper minik sporculara onore \u00f6d\u00fclleri de takdim edildi.&nbsp; En fazla k\u00fcrs\u00fcye \u00e7\u0131kan ve dereceye giren kul\u00fcpler \u015f\u00f6yle oldu; 1. Baf \u00dclk\u00fc Yurdu<\/p>\n","protected":false},"author":1,"featured_media":23908,"comment_status":"open","ping_status":"open","sticky":false,"template":"","format":"standard","meta":{"footnotes":""},"categories":[1],"tags":[],"class_list":["post-23907","post","type-post","status-publish","format-standard","has-post-thumbnail","hentry","category-gundem"],"yoast_head":"<!-- This site is optimized with the Yoast SEO plugin v27.4 - https:\/\/yoast.com\/product\/yoast-seo-wordpress\/ -->\n<title>Ok\u00e7ulukta A\u00e7\u0131k Alan Ligi sona erdi -<\/title>\n<meta name=\"robots\" content=\"index, follow, max-snippet:-1, max-image-preview:large, max-video-preview:-1\" \/>\n<link rel=\"canonical\" href=\"https:\/\/kibrisdakik.com\/?p=23907\" \/>\n<meta property=\"og:locale\" content=\"tr_TR\" \/>\n<meta property=\"og:type\" content=\"article\" \/>\n<meta property=\"og:title\" content=\"Ok\u00e7ulukta A\u00e7\u0131k Alan Ligi sona erdi -\" \/>\n<meta property=\"og:description\" content=\"KKTC Ok\u00e7uluk Federasyonu\u2019nun d\u00fczenledi\u011fi A\u00e7\u0131k Alan Ligi sona erdi. Lig kapsam\u0131nda dereceye giren sporculara ve kul\u00fcplere \u00f6d\u00fclleri 23 Aral\u0131k 2023 tarihinde Lefko\u015fa T\u00fcrk Lisesi salonunda ger\u00e7ekle\u015ftirilen \u00f6d\u00fcl t\u00f6reni ile takdim edildi. Gecede ayr\u0131ca s\u00fcper minik sporculara onore \u00f6d\u00fclleri de takdim edildi.&nbsp; En fazla k\u00fcrs\u00fcye \u00e7\u0131kan ve dereceye giren kul\u00fcpler \u015f\u00f6yle oldu; 1. Baf \u00dclk\u00fc Yurdu\" \/>\n<meta property=\"og:url\" content=\"https:\/\/kibrisdakik.com\/?p=23907\" \/>\n<meta property=\"article:published_time\" content=\"2023-12-26T17:04:00+00:00\" \/>\n<meta property=\"og:image\" content=\"https:\/\/kibrisdakik.com\/wp-content\/uploads\/2023\/12\/okculukta-acik-alan-ligi-sona-erdi-1703610308.webp.webp\" \/>\n\t<meta property=\"og:image:width\" content=\"710\" \/>\n\t<meta property=\"og:image:height\" content=\"370\" \/>\n\t<meta property=\"og:image:type\" content=\"image\/webp\" \/>\n<meta name=\"author\" content=\"admin\" \/>\n<meta name=\"twitter:card\" content=\"summary_large_image\" \/>\n<meta name=\"twitter:label1\" content=\"Yazan:\" \/>\n\t<meta name=\"twitter:data1\" content=\"admin\" \/>\n<script type=\"application\/ld+json\" class=\"yoast-schema-graph\">{\"@context\":\"https:\\\/\\\/schema.org\",\"@graph\":[{\"@type\":\"Article\",\"@id\":\"https:\\\/\\\/kibrisdakik.com\\\/?p=23907#article\",\"isPartOf\":{\"@id\":\"https:\\\/\\\/kibrisdakik.com\\\/?p=23907\"},\"author\":{\"name\":\"admin\",\"@id\":\"https:\\\/\\\/kibrisdakik.com\\\/#\\\/schema\\\/person\\\/9cd9d437bbb44f72b73ba127e06d8e79\"},\"headline\":\"Ok\u00e7ulukta A\u00e7\u0131k Alan Ligi sona erdi\",\"datePublished\":\"2023-12-26T17:04:00+00:00\",\"mainEntityOfPage\":{\"@id\":\"https:\\\/\\\/kibrisdakik.com\\\/?p=23907\"},\"wordCount\":104,\"commentCount\":0,\"image\":{\"@id\":\"https:\\\/\\\/kibrisdakik.com\\\/?p=23907#primaryimage\"},\"thumbnailUrl\":\"https:\\\/\\\/kibrisdakik.com\\\/wp-content\\\/uploads\\\/2023\\\/12\\\/okculukta-acik-alan-ligi-sona-erdi-1703610308.webp.webp\",\"articleSection\":[\"G\u00fcndem\"],\"inLanguage\":\"tr\",\"potentialAction\":[{\"@type\":\"CommentAction\",\"name\":\"Comment\",\"target\":[\"https:\\\/\\\/kibrisdakik.com\\\/?p=23907#respond\"]}]},{\"@type\":\"WebPage\",\"@id\":\"https:\\\/\\\/kibrisdakik.com\\\/?p=23907\",\"url\":\"https:\\\/\\\/kibrisdakik.com\\\/?p=23907\",\"name\":\"Ok\u00e7ulukta A\u00e7\u0131k Alan Ligi sona erdi -\",\"isPartOf\":{\"@id\":\"https:\\\/\\\/kibrisdakik.com\\\/#website\"},\"primaryImageOfPage\":{\"@id\":\"https:\\\/\\\/kibrisdakik.com\\\/?p=23907#primaryimage\"},\"image\":{\"@id\":\"https:\\\/\\\/kibrisdakik.com\\\/?p=23907#primaryimage\"},\"thumbnailUrl\":\"https:\\\/\\\/kibrisdakik.com\\\/wp-content\\\/uploads\\\/2023\\\/12\\\/okculukta-acik-alan-ligi-sona-erdi-1703610308.webp.webp\",\"datePublished\":\"2023-12-26T17:04:00+00:00\",\"author\":{\"@id\":\"https:\\\/\\\/kibrisdakik.com\\\/#\\\/schema\\\/person\\\/9cd9d437bbb44f72b73ba127e06d8e79\"},\"breadcrumb\":{\"@id\":\"https:\\\/\\\/kibrisdakik.com\\\/?p=23907#breadcrumb\"},\"inLanguage\":\"tr\",\"potentialAction\":[{\"@type\":\"ReadAction\",\"target\":[\"https:\\\/\\\/kibrisdakik.com\\\/?p=23907\"]}]},{\"@type\":\"ImageObject\",\"inLanguage\":\"tr\",\"@id\":\"https:\\\/\\\/kibrisdakik.com\\\/?p=23907#primaryimage\",\"url\":\"https:\\\/\\\/kibrisdakik.com\\\/wp-content\\\/uploads\\\/2023\\\/12\\\/okculukta-acik-alan-ligi-sona-erdi-1703610308.webp.webp\",\"contentUrl\":\"https:\\\/\\\/kibrisdakik.com\\\/wp-content\\\/uploads\\\/2023\\\/12\\\/okculukta-acik-alan-ligi-sona-erdi-1703610308.webp.webp\",\"width\":710,\"height\":370},{\"@type\":\"BreadcrumbList\",\"@id\":\"https:\\\/\\\/kibrisdakik.com\\\/?p=23907#breadcrumb\",\"itemListElement\":[{\"@type\":\"ListItem\",\"position\":1,\"name\":\"Home\",\"item\":\"https:\\\/\\\/kibrisdakik.com\\\/\"},{\"@type\":\"ListItem\",\"position\":2,\"name\":\"Ok\u00e7ulukta A\u00e7\u0131k Alan Ligi sona erdi\"}]},{\"@type\":\"WebSite\",\"@id\":\"https:\\\/\\\/kibrisdakik.com\\\/#website\",\"url\":\"https:\\\/\\\/kibrisdakik.com\\\/\",\"name\":\"\",\"description\":\"Tam vaktinde haber\",\"potentialAction\":[{\"@type\":\"SearchAction\",\"target\":{\"@type\":\"EntryPoint\",\"urlTemplate\":\"https:\\\/\\\/kibrisdakik.com\\\/?s={search_term_string}\"},\"query-input\":{\"@type\":\"PropertyValueSpecification\",\"valueRequired\":true,\"valueName\":\"search_term_string\"}}],\"inLanguage\":\"tr\"},{\"@type\":\"Person\",\"@id\":\"https:\\\/\\\/kibrisdakik.com\\\/#\\\/schema\\\/person\\\/9cd9d437bbb44f72b73ba127e06d8e79\",\"name\":\"admin\",\"image\":{\"@type\":\"ImageObject\",\"inLanguage\":\"tr\",\"@id\":\"https:\\\/\\\/secure.gravatar.com\\\/avatar\\\/ccc17943b9d660506c869530f897617f7cb1c21a4bf30023f252596d83e1f007?s=96&d=mm&r=g\",\"url\":\"https:\\\/\\\/secure.gravatar.com\\\/avatar\\\/ccc17943b9d660506c869530f897617f7cb1c21a4bf30023f252596d83e1f007?s=96&d=mm&r=g\",\"contentUrl\":\"https:\\\/\\\/secure.gravatar.com\\\/avatar\\\/ccc17943b9d660506c869530f897617f7cb1c21a4bf30023f252596d83e1f007?s=96&d=mm&r=g\",\"caption\":\"admin\"},\"sameAs\":[\"https:\\\/\\\/kibrisdakik.com\"],\"url\":\"https:\\\/\\\/kibrisdakik.com\\\/?author=1\"}]}<\/script>\n<!-- \/ Yoast SEO plugin. -->","yoast_head_json":{"title":"Ok\u00e7ulukta A\u00e7\u0131k Alan Ligi sona erdi -","robots":{"index":"index","follow":"follow","max-snippet":"max-snippet:-1","max-image-preview":"max-image-preview:large","max-video-preview":"max-video-preview:-1"},"canonical":"https:\/\/kibrisdakik.com\/?p=23907","og_locale":"tr_TR","og_type":"article","og_title":"Ok\u00e7ulukta A\u00e7\u0131k Alan Ligi sona erdi -","og_description":"KKTC Ok\u00e7uluk Federasyonu\u2019nun d\u00fczenledi\u011fi A\u00e7\u0131k Alan Ligi sona erdi. Lig kapsam\u0131nda dereceye giren sporculara ve kul\u00fcplere \u00f6d\u00fclleri 23 Aral\u0131k 2023 tarihinde Lefko\u015fa T\u00fcrk Lisesi salonunda ger\u00e7ekle\u015ftirilen \u00f6d\u00fcl t\u00f6reni ile takdim edildi. Gecede ayr\u0131ca s\u00fcper minik sporculara onore \u00f6d\u00fclleri de takdim edildi.&nbsp; En fazla k\u00fcrs\u00fcye \u00e7\u0131kan ve dereceye giren kul\u00fcpler \u015f\u00f6yle oldu; 1. Baf \u00dclk\u00fc Yurdu","og_url":"https:\/\/kibrisdakik.com\/?p=23907","article_published_time":"2023-12-26T17:04:00+00:00","og_image":[{"width":710,"height":370,"url":"https:\/\/kibrisdakik.com\/wp-content\/uploads\/2023\/12\/okculukta-acik-alan-ligi-sona-erdi-1703610308.webp.webp","type":"image\/webp"}],"author":"admin","twitter_card":"summary_large_image","twitter_misc":{"Yazan:":"admin"},"schema":{"@context":"https:\/\/schema.org","@graph":[{"@type":"Article","@id":"https:\/\/kibrisdakik.com\/?p=23907#article","isPartOf":{"@id":"https:\/\/kibrisdakik.com\/?p=23907"},"author":{"name":"admin","@id":"https:\/\/kibrisdakik.com\/#\/schema\/person\/9cd9d437bbb44f72b73ba127e06d8e79"},"headline":"Ok\u00e7ulukta A\u00e7\u0131k Alan Ligi sona erdi","datePublished":"2023-12-26T17:04:00+00:00","mainEntityOfPage":{"@id":"https:\/\/kibrisdakik.com\/?p=23907"},"wordCount":104,"commentCount":0,"image":{"@id":"https:\/\/kibrisdakik.com\/?p=23907#primaryimage"},"thumbnailUrl":"https:\/\/kibrisdakik.com\/wp-content\/uploads\/2023\/12\/okculukta-acik-alan-ligi-sona-erdi-1703610308.webp.webp","articleSection":["G\u00fcndem"],"inLanguage":"tr","potentialAction":[{"@type":"CommentAction","name":"Comment","target":["https:\/\/kibrisdakik.com\/?p=23907#respond"]}]},{"@type":"WebPage","@id":"https:\/\/kibrisdakik.com\/?p=23907","url":"https:\/\/kibrisdakik.com\/?p=23907","name":"Ok\u00e7ulukta A\u00e7\u0131k Alan Ligi sona erdi -","isPartOf":{"@id":"https:\/\/kibrisdakik.com\/#website"},"primaryImageOfPage":{"@id":"https:\/\/kibrisdakik.com\/?p=23907#primaryimage"},"image":{"@id":"https:\/\/kibrisdakik.com\/?p=23907#primaryimage"},"thumbnailUrl":"https:\/\/kibrisdakik.com\/wp-content\/uploads\/2023\/12\/okculukta-acik-alan-ligi-sona-erdi-1703610308.webp.webp","datePublished":"2023-12-26T17:04:00+00:00","author":{"@id":"https:\/\/kibrisdakik.com\/#\/schema\/person\/9cd9d437bbb44f72b73ba127e06d8e79"},"breadcrumb":{"@id":"https:\/\/kibrisdakik.com\/?p=23907#breadcrumb"},"inLanguage":"tr","potentialAction":[{"@type":"ReadAction","target":["https:\/\/kibrisdakik.com\/?p=23907"]}]},{"@type":"ImageObject","inLanguage":"tr","@id":"https:\/\/kibrisdakik.com\/?p=23907#primaryimage","url":"https:\/\/kibrisdakik.com\/wp-content\/uploads\/2023\/12\/okculukta-acik-alan-ligi-sona-erdi-1703610308.webp.webp","contentUrl":"https:\/\/kibrisdakik.com\/wp-content\/uploads\/2023\/12\/okculukta-acik-alan-ligi-sona-erdi-1703610308.webp.webp","width":710,"height":370},{"@type":"BreadcrumbList","@id":"https:\/\/kibrisdakik.com\/?p=23907#breadcrumb","itemListElement":[{"@type":"ListItem","position":1,"name":"Home","item":"https:\/\/kibrisdakik.com\/"},{"@type":"ListItem","position":2,"name":"Ok\u00e7ulukta A\u00e7\u0131k Alan Ligi sona erdi"}]},{"@type":"WebSite","@id":"https:\/\/kibrisdakik.com\/#website","url":"https:\/\/kibrisdakik.com\/","name":"","description":"Tam vaktinde haber","potentialAction":[{"@type":"SearchAction","target":{"@type":"EntryPoint","urlTemplate":"https:\/\/kibrisdakik.com\/?s={search_term_string}"},"query-input":{"@type":"PropertyValueSpecification","valueRequired":true,"valueName":"search_term_string"}}],"inLanguage":"tr"},{"@type":"Person","@id":"https:\/\/kibrisdakik.com\/#\/schema\/person\/9cd9d437bbb44f72b73ba127e06d8e79","name":"admin","image":{"@type":"ImageObject","inLanguage":"tr","@id":"https:\/\/secure.gravatar.com\/avatar\/ccc17943b9d660506c869530f897617f7cb1c21a4bf30023f252596d83e1f007?s=96&d=mm&r=g","url":"https:\/\/secure.gravatar.com\/avatar\/ccc17943b9d660506c869530f897617f7cb1c21a4bf30023f252596d83e1f007?s=96&d=mm&r=g","contentUrl":"https:\/\/secure.gravatar.com\/avatar\/ccc17943b9d660506c869530f897617f7cb1c21a4bf30023f252596d83e1f007?s=96&d=mm&r=g","caption":"admin"},"sameAs":["https:\/\/kibrisdakik.com"],"url":"https:\/\/kibrisdakik.com\/?author=1"}]}},"_links":{"self":[{"href":"https:\/\/kibrisdakik.com\/index.php?rest_route=\/wp\/v2\/posts\/23907","targetHints":{"allow":["GET"]}}],"collection":[{"href":"https:\/\/kibrisdakik.com\/index.php?rest_route=\/wp\/v2\/posts"}],"about":[{"href":"https:\/\/kibrisdakik.com\/index.php?rest_route=\/wp\/v2\/types\/post"}],"author":[{"embeddable":true,"href":"https:\/\/kibrisdakik.com\/index.php?rest_route=\/wp\/v2\/users\/1"}],"replies":[{"embeddable":true,"href":"https:\/\/kibrisdakik.com\/index.php?rest_route=%2Fwp%2Fv2%2Fcomments&post=23907"}],"version-history":[{"count":0,"href":"https:\/\/kibrisdakik.com\/index.php?rest_route=\/wp\/v2\/posts\/23907\/revisions"}],"wp:featuredmedia":[{"embeddable":true,"href":"https:\/\/kibrisdakik.com\/index.php?rest_route=\/wp\/v2\/media\/23908"}],"wp:attachment":[{"href":"https:\/\/kibrisdakik.com\/index.php?rest_route=%2Fwp%2Fv2%2Fmedia&parent=23907"}],"wp:term":[{"taxonomy":"category","embeddable":true,"href":"https:\/\/kibrisdakik.com\/index.php?rest_route=%2Fwp%2Fv2%2Fcategories&post=23907"},{"taxonomy":"post_tag","embeddable":true,"href":"https:\/\/kibrisdakik.com\/index.php?rest_route=%2Fwp%2Fv2%2Ftags&post=23907"}],"curies":[{"name":"wp","href":"https:\/\/api.w.org\/{rel}","templated":true}]}}