{"id":23952,"date":"2023-12-27T05:33:55","date_gmt":"2023-12-27T05:33:55","guid":{"rendered":"https:\/\/kibrisdakik.com\/index.php\/2023\/12\/27\/kibris-turk-medya-yeni-yili-kutladi\/"},"modified":"2023-12-27T05:33:55","modified_gmt":"2023-12-27T05:33:55","slug":"kibris-turk-medya-yeni-yili-kutladi","status":"publish","type":"post","link":"https:\/\/kibrisdakik.com\/?p=23952","title":{"rendered":"K\u0131br\u0131s T\u00fcrk Medya yeni y\u0131l\u0131 kutlad\u0131"},"content":{"rendered":"<p><img decoding=\"async\" src=\"https:\/\/www.kibristurk.com\/images\/haberler\/2023\/12\/kibris-turk-medya-yeni-yili-kutladi-1703654818.webp\" \/><\/p>\n<p>K\u0131br\u0131s T\u00fcrk Medya ge\u00e7ti\u011fimiz Cuma ak\u015fam\u0131 Girne Bo\u011faz&#8217;\u0131nda ge\u00e7ti\u011fimiz aylarda a\u00e7\u0131lan ve K\u0131br\u0131s halk\u0131n\u0131n be\u011fenisini kazanan &nbsp; Cyprus Taverna\u2019da d\u00fczenlenen etkinlikte yeni y\u0131l\u0131 kutlaman\u0131n mutlu\u011funu ya\u015fad\u0131.<br \/>\nGeceye K\u0131br\u0131s T\u00fcrk Medya Direkt\u00f6r\u00fc Duygu Pehlivan, Genel Yay\u0131n Koordinat\u00f6r\u00fc Alihan Pehlivan, Yaz\u0131 \u0130\u015fleri M\u00fcd\u00fcr\u00fc Onur Evrensel, Magazin ve Reklam M\u00fcd\u00fcr\u00fc Orhan \u0130smailo\u011flu, \u00e7al\u0131\u015fanlar ve yazarlar kat\u0131ld\u0131.<\/p>\n<p><strong>CYPRUS TAVERNADA E\u011eLENCE TAVAN YAPTI&nbsp;<\/strong><br \/>\n&nbsp;Cyprus Taverna\u2019da ilk olarak sahne alan Nil K\u0131rlang\u0131\u00e7 s\u00f6yledi\u011fi \u015fark\u0131lar\u0131yla e\u011flence sevenlere unutulmaz bir gece ya\u015fat\u0131rken kendi izlemeye gelenleri mest etti.<br \/>\nArd\u0131ndan ise sahne \u00e7\u0131kan Oryantal Ye\u015fim k\u0131vrak danslar\u0131yla be\u011feni kazan\u0131rken geceye renk katan isim oldu.<br \/>\n&nbsp;Pistin bir an olsun bo\u015f kalmad\u0131\u011f\u0131 gecede K\u0131br\u0131s T\u00fcrk Medya ekibi yo\u011fun ge\u00e7en bir y\u0131l\u0131n stresini atman\u0131n mutlulu\u011funu ya\u015fad\u0131.<\/p>\n","protected":false},"excerpt":{"rendered":"<p>K\u0131br\u0131s T\u00fcrk Medya ge\u00e7ti\u011fimiz Cuma ak\u015fam\u0131 Girne Bo\u011faz&#8217;\u0131nda ge\u00e7ti\u011fimiz aylarda a\u00e7\u0131lan ve K\u0131br\u0131s halk\u0131n\u0131n be\u011fenisini kazanan &nbsp; Cyprus Taverna\u2019da d\u00fczenlenen etkinlikte yeni y\u0131l\u0131 kutlaman\u0131n mutlu\u011funu ya\u015fad\u0131. Geceye K\u0131br\u0131s T\u00fcrk Medya Direkt\u00f6r\u00fc Duygu Pehlivan, Genel Yay\u0131n Koordinat\u00f6r\u00fc Alihan Pehlivan, Yaz\u0131 \u0130\u015fleri M\u00fcd\u00fcr\u00fc Onur Evrensel, Magazin ve Reklam M\u00fcd\u00fcr\u00fc Orhan \u0130smailo\u011flu, \u00e7al\u0131\u015fanlar ve yazarlar kat\u0131ld\u0131. CYPRUS TAVERNADA<\/p>\n","protected":false},"author":1,"featured_media":23953,"comment_status":"open","ping_status":"open","sticky":false,"template":"","format":"standard","meta":{"footnotes":""},"categories":[1],"tags":[],"class_list":["post-23952","post","type-post","status-publish","format-standard","has-post-thumbnail","hentry","category-gundem"],"yoast_head":"<!-- This site is optimized with the Yoast SEO plugin v27.4 - https:\/\/yoast.com\/product\/yoast-seo-wordpress\/ -->\n<title>K\u0131br\u0131s T\u00fcrk Medya yeni y\u0131l\u0131 kutlad\u0131 -<\/title>\n<meta name=\"robots\" content=\"index, follow, max-snippet:-1, max-image-preview:large, max-video-preview:-1\" \/>\n<link rel=\"canonical\" href=\"https:\/\/kibrisdakik.com\/?p=23952\" \/>\n<meta property=\"og:locale\" content=\"tr_TR\" \/>\n<meta property=\"og:type\" content=\"article\" \/>\n<meta property=\"og:title\" content=\"K\u0131br\u0131s T\u00fcrk Medya yeni y\u0131l\u0131 kutlad\u0131 -\" \/>\n<meta property=\"og:description\" content=\"K\u0131br\u0131s T\u00fcrk Medya ge\u00e7ti\u011fimiz Cuma ak\u015fam\u0131 Girne Bo\u011faz&#8217;\u0131nda ge\u00e7ti\u011fimiz aylarda a\u00e7\u0131lan ve K\u0131br\u0131s halk\u0131n\u0131n be\u011fenisini kazanan &nbsp; Cyprus Taverna\u2019da d\u00fczenlenen etkinlikte yeni y\u0131l\u0131 kutlaman\u0131n mutlu\u011funu ya\u015fad\u0131. Geceye K\u0131br\u0131s T\u00fcrk Medya Direkt\u00f6r\u00fc Duygu Pehlivan, Genel Yay\u0131n Koordinat\u00f6r\u00fc Alihan Pehlivan, Yaz\u0131 \u0130\u015fleri M\u00fcd\u00fcr\u00fc Onur Evrensel, Magazin ve Reklam M\u00fcd\u00fcr\u00fc Orhan \u0130smailo\u011flu, \u00e7al\u0131\u015fanlar ve yazarlar kat\u0131ld\u0131. CYPRUS TAVERNADA\" \/>\n<meta property=\"og:url\" content=\"https:\/\/kibrisdakik.com\/?p=23952\" \/>\n<meta property=\"article:published_time\" content=\"2023-12-27T05:33:55+00:00\" \/>\n<meta property=\"og:image\" content=\"https:\/\/kibrisdakik.com\/wp-content\/uploads\/2023\/12\/kibris-turk-medya-yeni-yili-kutladi-1703654818.webp.webp\" \/>\n\t<meta property=\"og:image:width\" content=\"710\" \/>\n\t<meta property=\"og:image:height\" content=\"370\" \/>\n\t<meta property=\"og:image:type\" content=\"image\/webp\" \/>\n<meta name=\"author\" content=\"admin\" \/>\n<meta name=\"twitter:card\" content=\"summary_large_image\" \/>\n<meta name=\"twitter:label1\" content=\"Yazan:\" \/>\n\t<meta name=\"twitter:data1\" content=\"admin\" \/>\n\t<meta name=\"twitter:label2\" content=\"Tahmini okuma s\u00fcresi\" \/>\n\t<meta name=\"twitter:data2\" content=\"1 dakika\" \/>\n<script type=\"application\/ld+json\" class=\"yoast-schema-graph\">{\"@context\":\"https:\\\/\\\/schema.org\",\"@graph\":[{\"@type\":\"Article\",\"@id\":\"https:\\\/\\\/kibrisdakik.com\\\/?p=23952#article\",\"isPartOf\":{\"@id\":\"https:\\\/\\\/kibrisdakik.com\\\/?p=23952\"},\"author\":{\"name\":\"admin\",\"@id\":\"https:\\\/\\\/kibrisdakik.com\\\/#\\\/schema\\\/person\\\/9cd9d437bbb44f72b73ba127e06d8e79\"},\"headline\":\"K\u0131br\u0131s T\u00fcrk Medya yeni y\u0131l\u0131 kutlad\u0131\",\"datePublished\":\"2023-12-27T05:33:55+00:00\",\"mainEntityOfPage\":{\"@id\":\"https:\\\/\\\/kibrisdakik.com\\\/?p=23952\"},\"wordCount\":187,\"commentCount\":0,\"image\":{\"@id\":\"https:\\\/\\\/kibrisdakik.com\\\/?p=23952#primaryimage\"},\"thumbnailUrl\":\"https:\\\/\\\/kibrisdakik.com\\\/wp-content\\\/uploads\\\/2023\\\/12\\\/kibris-turk-medya-yeni-yili-kutladi-1703654818.webp.webp\",\"articleSection\":[\"G\u00fcndem\"],\"inLanguage\":\"tr\",\"potentialAction\":[{\"@type\":\"CommentAction\",\"name\":\"Comment\",\"target\":[\"https:\\\/\\\/kibrisdakik.com\\\/?p=23952#respond\"]}]},{\"@type\":\"WebPage\",\"@id\":\"https:\\\/\\\/kibrisdakik.com\\\/?p=23952\",\"url\":\"https:\\\/\\\/kibrisdakik.com\\\/?p=23952\",\"name\":\"K\u0131br\u0131s T\u00fcrk Medya yeni y\u0131l\u0131 kutlad\u0131 -\",\"isPartOf\":{\"@id\":\"https:\\\/\\\/kibrisdakik.com\\\/#website\"},\"primaryImageOfPage\":{\"@id\":\"https:\\\/\\\/kibrisdakik.com\\\/?p=23952#primaryimage\"},\"image\":{\"@id\":\"https:\\\/\\\/kibrisdakik.com\\\/?p=23952#primaryimage\"},\"thumbnailUrl\":\"https:\\\/\\\/kibrisdakik.com\\\/wp-content\\\/uploads\\\/2023\\\/12\\\/kibris-turk-medya-yeni-yili-kutladi-1703654818.webp.webp\",\"datePublished\":\"2023-12-27T05:33:55+00:00\",\"author\":{\"@id\":\"https:\\\/\\\/kibrisdakik.com\\\/#\\\/schema\\\/person\\\/9cd9d437bbb44f72b73ba127e06d8e79\"},\"breadcrumb\":{\"@id\":\"https:\\\/\\\/kibrisdakik.com\\\/?p=23952#breadcrumb\"},\"inLanguage\":\"tr\",\"potentialAction\":[{\"@type\":\"ReadAction\",\"target\":[\"https:\\\/\\\/kibrisdakik.com\\\/?p=23952\"]}]},{\"@type\":\"ImageObject\",\"inLanguage\":\"tr\",\"@id\":\"https:\\\/\\\/kibrisdakik.com\\\/?p=23952#primaryimage\",\"url\":\"https:\\\/\\\/kibrisdakik.com\\\/wp-content\\\/uploads\\\/2023\\\/12\\\/kibris-turk-medya-yeni-yili-kutladi-1703654818.webp.webp\",\"contentUrl\":\"https:\\\/\\\/kibrisdakik.com\\\/wp-content\\\/uploads\\\/2023\\\/12\\\/kibris-turk-medya-yeni-yili-kutladi-1703654818.webp.webp\",\"width\":710,\"height\":370},{\"@type\":\"BreadcrumbList\",\"@id\":\"https:\\\/\\\/kibrisdakik.com\\\/?p=23952#breadcrumb\",\"itemListElement\":[{\"@type\":\"ListItem\",\"position\":1,\"name\":\"Home\",\"item\":\"https:\\\/\\\/kibrisdakik.com\\\/\"},{\"@type\":\"ListItem\",\"position\":2,\"name\":\"K\u0131br\u0131s T\u00fcrk Medya yeni y\u0131l\u0131 kutlad\u0131\"}]},{\"@type\":\"WebSite\",\"@id\":\"https:\\\/\\\/kibrisdakik.com\\\/#website\",\"url\":\"https:\\\/\\\/kibrisdakik.com\\\/\",\"name\":\"\",\"description\":\"Tam vaktinde haber\",\"potentialAction\":[{\"@type\":\"SearchAction\",\"target\":{\"@type\":\"EntryPoint\",\"urlTemplate\":\"https:\\\/\\\/kibrisdakik.com\\\/?s={search_term_string}\"},\"query-input\":{\"@type\":\"PropertyValueSpecification\",\"valueRequired\":true,\"valueName\":\"search_term_string\"}}],\"inLanguage\":\"tr\"},{\"@type\":\"Person\",\"@id\":\"https:\\\/\\\/kibrisdakik.com\\\/#\\\/schema\\\/person\\\/9cd9d437bbb44f72b73ba127e06d8e79\",\"name\":\"admin\",\"image\":{\"@type\":\"ImageObject\",\"inLanguage\":\"tr\",\"@id\":\"https:\\\/\\\/secure.gravatar.com\\\/avatar\\\/ccc17943b9d660506c869530f897617f7cb1c21a4bf30023f252596d83e1f007?s=96&d=mm&r=g\",\"url\":\"https:\\\/\\\/secure.gravatar.com\\\/avatar\\\/ccc17943b9d660506c869530f897617f7cb1c21a4bf30023f252596d83e1f007?s=96&d=mm&r=g\",\"contentUrl\":\"https:\\\/\\\/secure.gravatar.com\\\/avatar\\\/ccc17943b9d660506c869530f897617f7cb1c21a4bf30023f252596d83e1f007?s=96&d=mm&r=g\",\"caption\":\"admin\"},\"sameAs\":[\"https:\\\/\\\/kibrisdakik.com\"],\"url\":\"https:\\\/\\\/kibrisdakik.com\\\/?author=1\"}]}<\/script>\n<!-- \/ Yoast SEO plugin. -->","yoast_head_json":{"title":"K\u0131br\u0131s T\u00fcrk Medya yeni y\u0131l\u0131 kutlad\u0131 -","robots":{"index":"index","follow":"follow","max-snippet":"max-snippet:-1","max-image-preview":"max-image-preview:large","max-video-preview":"max-video-preview:-1"},"canonical":"https:\/\/kibrisdakik.com\/?p=23952","og_locale":"tr_TR","og_type":"article","og_title":"K\u0131br\u0131s T\u00fcrk Medya yeni y\u0131l\u0131 kutlad\u0131 -","og_description":"K\u0131br\u0131s T\u00fcrk Medya ge\u00e7ti\u011fimiz Cuma ak\u015fam\u0131 Girne Bo\u011faz&#8217;\u0131nda ge\u00e7ti\u011fimiz aylarda a\u00e7\u0131lan ve K\u0131br\u0131s halk\u0131n\u0131n be\u011fenisini kazanan &nbsp; Cyprus Taverna\u2019da d\u00fczenlenen etkinlikte yeni y\u0131l\u0131 kutlaman\u0131n mutlu\u011funu ya\u015fad\u0131. Geceye K\u0131br\u0131s T\u00fcrk Medya Direkt\u00f6r\u00fc Duygu Pehlivan, Genel Yay\u0131n Koordinat\u00f6r\u00fc Alihan Pehlivan, Yaz\u0131 \u0130\u015fleri M\u00fcd\u00fcr\u00fc Onur Evrensel, Magazin ve Reklam M\u00fcd\u00fcr\u00fc Orhan \u0130smailo\u011flu, \u00e7al\u0131\u015fanlar ve yazarlar kat\u0131ld\u0131. CYPRUS TAVERNADA","og_url":"https:\/\/kibrisdakik.com\/?p=23952","article_published_time":"2023-12-27T05:33:55+00:00","og_image":[{"width":710,"height":370,"url":"https:\/\/kibrisdakik.com\/wp-content\/uploads\/2023\/12\/kibris-turk-medya-yeni-yili-kutladi-1703654818.webp.webp","type":"image\/webp"}],"author":"admin","twitter_card":"summary_large_image","twitter_misc":{"Yazan:":"admin","Tahmini okuma s\u00fcresi":"1 dakika"},"schema":{"@context":"https:\/\/schema.org","@graph":[{"@type":"Article","@id":"https:\/\/kibrisdakik.com\/?p=23952#article","isPartOf":{"@id":"https:\/\/kibrisdakik.com\/?p=23952"},"author":{"name":"admin","@id":"https:\/\/kibrisdakik.com\/#\/schema\/person\/9cd9d437bbb44f72b73ba127e06d8e79"},"headline":"K\u0131br\u0131s T\u00fcrk Medya yeni y\u0131l\u0131 kutlad\u0131","datePublished":"2023-12-27T05:33:55+00:00","mainEntityOfPage":{"@id":"https:\/\/kibrisdakik.com\/?p=23952"},"wordCount":187,"commentCount":0,"image":{"@id":"https:\/\/kibrisdakik.com\/?p=23952#primaryimage"},"thumbnailUrl":"https:\/\/kibrisdakik.com\/wp-content\/uploads\/2023\/12\/kibris-turk-medya-yeni-yili-kutladi-1703654818.webp.webp","articleSection":["G\u00fcndem"],"inLanguage":"tr","potentialAction":[{"@type":"CommentAction","name":"Comment","target":["https:\/\/kibrisdakik.com\/?p=23952#respond"]}]},{"@type":"WebPage","@id":"https:\/\/kibrisdakik.com\/?p=23952","url":"https:\/\/kibrisdakik.com\/?p=23952","name":"K\u0131br\u0131s T\u00fcrk Medya yeni y\u0131l\u0131 kutlad\u0131 -","isPartOf":{"@id":"https:\/\/kibrisdakik.com\/#website"},"primaryImageOfPage":{"@id":"https:\/\/kibrisdakik.com\/?p=23952#primaryimage"},"image":{"@id":"https:\/\/kibrisdakik.com\/?p=23952#primaryimage"},"thumbnailUrl":"https:\/\/kibrisdakik.com\/wp-content\/uploads\/2023\/12\/kibris-turk-medya-yeni-yili-kutladi-1703654818.webp.webp","datePublished":"2023-12-27T05:33:55+00:00","author":{"@id":"https:\/\/kibrisdakik.com\/#\/schema\/person\/9cd9d437bbb44f72b73ba127e06d8e79"},"breadcrumb":{"@id":"https:\/\/kibrisdakik.com\/?p=23952#breadcrumb"},"inLanguage":"tr","potentialAction":[{"@type":"ReadAction","target":["https:\/\/kibrisdakik.com\/?p=23952"]}]},{"@type":"ImageObject","inLanguage":"tr","@id":"https:\/\/kibrisdakik.com\/?p=23952#primaryimage","url":"https:\/\/kibrisdakik.com\/wp-content\/uploads\/2023\/12\/kibris-turk-medya-yeni-yili-kutladi-1703654818.webp.webp","contentUrl":"https:\/\/kibrisdakik.com\/wp-content\/uploads\/2023\/12\/kibris-turk-medya-yeni-yili-kutladi-1703654818.webp.webp","width":710,"height":370},{"@type":"BreadcrumbList","@id":"https:\/\/kibrisdakik.com\/?p=23952#breadcrumb","itemListElement":[{"@type":"ListItem","position":1,"name":"Home","item":"https:\/\/kibrisdakik.com\/"},{"@type":"ListItem","position":2,"name":"K\u0131br\u0131s T\u00fcrk Medya yeni y\u0131l\u0131 kutlad\u0131"}]},{"@type":"WebSite","@id":"https:\/\/kibrisdakik.com\/#website","url":"https:\/\/kibrisdakik.com\/","name":"","description":"Tam vaktinde haber","potentialAction":[{"@type":"SearchAction","target":{"@type":"EntryPoint","urlTemplate":"https:\/\/kibrisdakik.com\/?s={search_term_string}"},"query-input":{"@type":"PropertyValueSpecification","valueRequired":true,"valueName":"search_term_string"}}],"inLanguage":"tr"},{"@type":"Person","@id":"https:\/\/kibrisdakik.com\/#\/schema\/person\/9cd9d437bbb44f72b73ba127e06d8e79","name":"admin","image":{"@type":"ImageObject","inLanguage":"tr","@id":"https:\/\/secure.gravatar.com\/avatar\/ccc17943b9d660506c869530f897617f7cb1c21a4bf30023f252596d83e1f007?s=96&d=mm&r=g","url":"https:\/\/secure.gravatar.com\/avatar\/ccc17943b9d660506c869530f897617f7cb1c21a4bf30023f252596d83e1f007?s=96&d=mm&r=g","contentUrl":"https:\/\/secure.gravatar.com\/avatar\/ccc17943b9d660506c869530f897617f7cb1c21a4bf30023f252596d83e1f007?s=96&d=mm&r=g","caption":"admin"},"sameAs":["https:\/\/kibrisdakik.com"],"url":"https:\/\/kibrisdakik.com\/?author=1"}]}},"_links":{"self":[{"href":"https:\/\/kibrisdakik.com\/index.php?rest_route=\/wp\/v2\/posts\/23952","targetHints":{"allow":["GET"]}}],"collection":[{"href":"https:\/\/kibrisdakik.com\/index.php?rest_route=\/wp\/v2\/posts"}],"about":[{"href":"https:\/\/kibrisdakik.com\/index.php?rest_route=\/wp\/v2\/types\/post"}],"author":[{"embeddable":true,"href":"https:\/\/kibrisdakik.com\/index.php?rest_route=\/wp\/v2\/users\/1"}],"replies":[{"embeddable":true,"href":"https:\/\/kibrisdakik.com\/index.php?rest_route=%2Fwp%2Fv2%2Fcomments&post=23952"}],"version-history":[{"count":0,"href":"https:\/\/kibrisdakik.com\/index.php?rest_route=\/wp\/v2\/posts\/23952\/revisions"}],"wp:featuredmedia":[{"embeddable":true,"href":"https:\/\/kibrisdakik.com\/index.php?rest_route=\/wp\/v2\/media\/23953"}],"wp:attachment":[{"href":"https:\/\/kibrisdakik.com\/index.php?rest_route=%2Fwp%2Fv2%2Fmedia&parent=23952"}],"wp:term":[{"taxonomy":"category","embeddable":true,"href":"https:\/\/kibrisdakik.com\/index.php?rest_route=%2Fwp%2Fv2%2Fcategories&post=23952"},{"taxonomy":"post_tag","embeddable":true,"href":"https:\/\/kibrisdakik.com\/index.php?rest_route=%2Fwp%2Fv2%2Ftags&post=23952"}],"curies":[{"name":"wp","href":"https:\/\/api.w.org\/{rel}","templated":true}]}}