{"id":23958,"date":"2023-12-27T06:33:05","date_gmt":"2023-12-27T06:33:05","guid":{"rendered":"https:\/\/kibrisdakik.com\/index.php\/2023\/12\/27\/ctp-53uncu-yilini-resepsiyonla-kutlayacak\/"},"modified":"2023-12-27T06:33:05","modified_gmt":"2023-12-27T06:33:05","slug":"ctp-53uncu-yilini-resepsiyonla-kutlayacak","status":"publish","type":"post","link":"https:\/\/kibrisdakik.com\/?p=23958","title":{"rendered":"CTP, 53&#039;\u00fcnc\u00fc y\u0131l\u0131n\u0131 resepsiyonla kutlayacak"},"content":{"rendered":"<p><img decoding=\"async\" src=\"https:\/\/www.kibristurk.com\/images\/haberler\/2023\/12\/ctp-53uncu-yilini-resepsiyonla-kutlayacak-1703658119.webp\" \/><\/p>\n<p>Cumhuriyet\u00e7i T\u00fcrk Partisi&nbsp;(CTP) 53\u2019\u00fcnc\u00fc kurulu\u015f y\u0131l d\u00f6n\u00fcm\u00fc dolay\u0131s\u0131yla bug\u00fcn resepsiyon d\u00fczenleyecek.<\/p>\n<p>Cumhuriyet\u00e7i T\u00fcrk Partisi, \u201cBu Yol Birlikte Y\u00fcr\u00fcnecek\u201d slogan\u0131yla d\u00fczenlenecek kurulu\u015f y\u0131l d\u00f6n\u00fcm\u00fc resepsiyonunun t\u00fcm halka, partilere ve sivil toplum temsilcilerine a\u00e7\u0131k oldu\u011funu duyurdu. Resepsiyon, bug\u00fcn saat 19.00\u2019da Lefko\u015fa Hidden Garden\u2019da d\u00fczenlenecek.<\/p>\n<p>\u201cHalk\u0131m\u0131za yoklu\u011fu, yoksullu\u011fu, yolsuzlu\u011fu dayatan y\u00f6netimden kurtulmak, bu \u00fclkeyi hep birlikte y\u00f6netmek i\u00e7in biz var\u0131z\u201d denilen a\u00e7\u0131klamada, K\u0131br\u0131s T\u00fcrk halk\u0131n\u0131n ilk tercihi oldu\u011fu savunulan&nbsp;CTP\u2019nin m\u00fccadele ve dayan\u0131\u015fma ruhuyla yeni ya\u015f\u0131n\u0131 kutlayaca\u011f\u0131 ifade edildi.<\/p>\n","protected":false},"excerpt":{"rendered":"<p>Cumhuriyet\u00e7i T\u00fcrk Partisi&nbsp;(CTP) 53\u2019\u00fcnc\u00fc kurulu\u015f y\u0131l d\u00f6n\u00fcm\u00fc dolay\u0131s\u0131yla bug\u00fcn resepsiyon d\u00fczenleyecek. Cumhuriyet\u00e7i T\u00fcrk Partisi, \u201cBu Yol Birlikte Y\u00fcr\u00fcnecek\u201d slogan\u0131yla d\u00fczenlenecek kurulu\u015f y\u0131l d\u00f6n\u00fcm\u00fc resepsiyonunun t\u00fcm halka, partilere ve sivil toplum temsilcilerine a\u00e7\u0131k oldu\u011funu duyurdu. Resepsiyon, bug\u00fcn saat 19.00\u2019da Lefko\u015fa Hidden Garden\u2019da d\u00fczenlenecek. \u201cHalk\u0131m\u0131za yoklu\u011fu, yoksullu\u011fu, yolsuzlu\u011fu dayatan y\u00f6netimden kurtulmak, bu \u00fclkeyi hep birlikte y\u00f6netmek i\u00e7in<\/p>\n","protected":false},"author":1,"featured_media":23959,"comment_status":"open","ping_status":"open","sticky":false,"template":"","format":"standard","meta":{"footnotes":""},"categories":[1],"tags":[],"class_list":["post-23958","post","type-post","status-publish","format-standard","has-post-thumbnail","hentry","category-gundem"],"yoast_head":"<!-- This site is optimized with the Yoast SEO plugin v27.5 - https:\/\/yoast.com\/product\/yoast-seo-wordpress\/ -->\n<title>CTP, 53&#039;\u00fcnc\u00fc y\u0131l\u0131n\u0131 resepsiyonla kutlayacak -<\/title>\n<meta name=\"robots\" content=\"index, follow, max-snippet:-1, max-image-preview:large, max-video-preview:-1\" \/>\n<link rel=\"canonical\" href=\"https:\/\/kibrisdakik.com\/?p=23958\" \/>\n<meta property=\"og:locale\" content=\"tr_TR\" \/>\n<meta property=\"og:type\" content=\"article\" \/>\n<meta property=\"og:title\" content=\"CTP, 53&#039;\u00fcnc\u00fc y\u0131l\u0131n\u0131 resepsiyonla kutlayacak -\" \/>\n<meta property=\"og:description\" content=\"Cumhuriyet\u00e7i T\u00fcrk Partisi&nbsp;(CTP) 53\u2019\u00fcnc\u00fc kurulu\u015f y\u0131l d\u00f6n\u00fcm\u00fc dolay\u0131s\u0131yla bug\u00fcn resepsiyon d\u00fczenleyecek. Cumhuriyet\u00e7i T\u00fcrk Partisi, \u201cBu Yol Birlikte Y\u00fcr\u00fcnecek\u201d slogan\u0131yla d\u00fczenlenecek kurulu\u015f y\u0131l d\u00f6n\u00fcm\u00fc resepsiyonunun t\u00fcm halka, partilere ve sivil toplum temsilcilerine a\u00e7\u0131k oldu\u011funu duyurdu. Resepsiyon, bug\u00fcn saat 19.00\u2019da Lefko\u015fa Hidden Garden\u2019da d\u00fczenlenecek. \u201cHalk\u0131m\u0131za yoklu\u011fu, yoksullu\u011fu, yolsuzlu\u011fu dayatan y\u00f6netimden kurtulmak, bu \u00fclkeyi hep birlikte y\u00f6netmek i\u00e7in\" \/>\n<meta property=\"og:url\" content=\"https:\/\/kibrisdakik.com\/?p=23958\" \/>\n<meta property=\"article:published_time\" content=\"2023-12-27T06:33:05+00:00\" \/>\n<meta property=\"og:image\" content=\"https:\/\/kibrisdakik.com\/wp-content\/uploads\/2023\/12\/ctp-53uncu-yilini-resepsiyonla-kutlayacak-1703658119.webp.webp\" \/>\n\t<meta property=\"og:image:width\" content=\"710\" \/>\n\t<meta property=\"og:image:height\" content=\"370\" \/>\n\t<meta property=\"og:image:type\" content=\"image\/webp\" \/>\n<meta name=\"author\" content=\"admin\" \/>\n<meta name=\"twitter:card\" content=\"summary_large_image\" \/>\n<meta name=\"twitter:label1\" content=\"Yazan:\" \/>\n\t<meta name=\"twitter:data1\" content=\"admin\" \/>\n\t<meta name=\"twitter:label2\" content=\"Tahmini okuma s\u00fcresi\" \/>\n\t<meta name=\"twitter:data2\" content=\"1 dakika\" \/>\n<script type=\"application\/ld+json\" class=\"yoast-schema-graph\">{\"@context\":\"https:\\\/\\\/schema.org\",\"@graph\":[{\"@type\":\"Article\",\"@id\":\"https:\\\/\\\/kibrisdakik.com\\\/?p=23958#article\",\"isPartOf\":{\"@id\":\"https:\\\/\\\/kibrisdakik.com\\\/?p=23958\"},\"author\":{\"name\":\"admin\",\"@id\":\"https:\\\/\\\/kibrisdakik.com\\\/#\\\/schema\\\/person\\\/9cd9d437bbb44f72b73ba127e06d8e79\"},\"headline\":\"CTP, 53&#039;\u00fcnc\u00fc y\u0131l\u0131n\u0131 resepsiyonla kutlayacak\",\"datePublished\":\"2023-12-27T06:33:05+00:00\",\"mainEntityOfPage\":{\"@id\":\"https:\\\/\\\/kibrisdakik.com\\\/?p=23958\"},\"wordCount\":131,\"commentCount\":0,\"image\":{\"@id\":\"https:\\\/\\\/kibrisdakik.com\\\/?p=23958#primaryimage\"},\"thumbnailUrl\":\"https:\\\/\\\/kibrisdakik.com\\\/wp-content\\\/uploads\\\/2023\\\/12\\\/ctp-53uncu-yilini-resepsiyonla-kutlayacak-1703658119.webp.webp\",\"articleSection\":[\"G\u00fcndem\"],\"inLanguage\":\"tr\",\"potentialAction\":[{\"@type\":\"CommentAction\",\"name\":\"Comment\",\"target\":[\"https:\\\/\\\/kibrisdakik.com\\\/?p=23958#respond\"]}]},{\"@type\":\"WebPage\",\"@id\":\"https:\\\/\\\/kibrisdakik.com\\\/?p=23958\",\"url\":\"https:\\\/\\\/kibrisdakik.com\\\/?p=23958\",\"name\":\"CTP, 53&#039;\u00fcnc\u00fc y\u0131l\u0131n\u0131 resepsiyonla kutlayacak -\",\"isPartOf\":{\"@id\":\"https:\\\/\\\/kibrisdakik.com\\\/#website\"},\"primaryImageOfPage\":{\"@id\":\"https:\\\/\\\/kibrisdakik.com\\\/?p=23958#primaryimage\"},\"image\":{\"@id\":\"https:\\\/\\\/kibrisdakik.com\\\/?p=23958#primaryimage\"},\"thumbnailUrl\":\"https:\\\/\\\/kibrisdakik.com\\\/wp-content\\\/uploads\\\/2023\\\/12\\\/ctp-53uncu-yilini-resepsiyonla-kutlayacak-1703658119.webp.webp\",\"datePublished\":\"2023-12-27T06:33:05+00:00\",\"author\":{\"@id\":\"https:\\\/\\\/kibrisdakik.com\\\/#\\\/schema\\\/person\\\/9cd9d437bbb44f72b73ba127e06d8e79\"},\"breadcrumb\":{\"@id\":\"https:\\\/\\\/kibrisdakik.com\\\/?p=23958#breadcrumb\"},\"inLanguage\":\"tr\",\"potentialAction\":[{\"@type\":\"ReadAction\",\"target\":[\"https:\\\/\\\/kibrisdakik.com\\\/?p=23958\"]}]},{\"@type\":\"ImageObject\",\"inLanguage\":\"tr\",\"@id\":\"https:\\\/\\\/kibrisdakik.com\\\/?p=23958#primaryimage\",\"url\":\"https:\\\/\\\/kibrisdakik.com\\\/wp-content\\\/uploads\\\/2023\\\/12\\\/ctp-53uncu-yilini-resepsiyonla-kutlayacak-1703658119.webp.webp\",\"contentUrl\":\"https:\\\/\\\/kibrisdakik.com\\\/wp-content\\\/uploads\\\/2023\\\/12\\\/ctp-53uncu-yilini-resepsiyonla-kutlayacak-1703658119.webp.webp\",\"width\":710,\"height\":370},{\"@type\":\"BreadcrumbList\",\"@id\":\"https:\\\/\\\/kibrisdakik.com\\\/?p=23958#breadcrumb\",\"itemListElement\":[{\"@type\":\"ListItem\",\"position\":1,\"name\":\"Home\",\"item\":\"https:\\\/\\\/kibrisdakik.com\\\/\"},{\"@type\":\"ListItem\",\"position\":2,\"name\":\"CTP, 53&#039;\u00fcnc\u00fc y\u0131l\u0131n\u0131 resepsiyonla kutlayacak\"}]},{\"@type\":\"WebSite\",\"@id\":\"https:\\\/\\\/kibrisdakik.com\\\/#website\",\"url\":\"https:\\\/\\\/kibrisdakik.com\\\/\",\"name\":\"\",\"description\":\"Tam vaktinde haber\",\"potentialAction\":[{\"@type\":\"SearchAction\",\"target\":{\"@type\":\"EntryPoint\",\"urlTemplate\":\"https:\\\/\\\/kibrisdakik.com\\\/?s={search_term_string}\"},\"query-input\":{\"@type\":\"PropertyValueSpecification\",\"valueRequired\":true,\"valueName\":\"search_term_string\"}}],\"inLanguage\":\"tr\"},{\"@type\":\"Person\",\"@id\":\"https:\\\/\\\/kibrisdakik.com\\\/#\\\/schema\\\/person\\\/9cd9d437bbb44f72b73ba127e06d8e79\",\"name\":\"admin\",\"image\":{\"@type\":\"ImageObject\",\"inLanguage\":\"tr\",\"@id\":\"https:\\\/\\\/secure.gravatar.com\\\/avatar\\\/ccc17943b9d660506c869530f897617f7cb1c21a4bf30023f252596d83e1f007?s=96&d=mm&r=g\",\"url\":\"https:\\\/\\\/secure.gravatar.com\\\/avatar\\\/ccc17943b9d660506c869530f897617f7cb1c21a4bf30023f252596d83e1f007?s=96&d=mm&r=g\",\"contentUrl\":\"https:\\\/\\\/secure.gravatar.com\\\/avatar\\\/ccc17943b9d660506c869530f897617f7cb1c21a4bf30023f252596d83e1f007?s=96&d=mm&r=g\",\"caption\":\"admin\"},\"sameAs\":[\"https:\\\/\\\/kibrisdakik.com\"],\"url\":\"https:\\\/\\\/kibrisdakik.com\\\/?author=1\"}]}<\/script>\n<!-- \/ Yoast SEO plugin. -->","yoast_head_json":{"title":"CTP, 53&#039;\u00fcnc\u00fc y\u0131l\u0131n\u0131 resepsiyonla kutlayacak -","robots":{"index":"index","follow":"follow","max-snippet":"max-snippet:-1","max-image-preview":"max-image-preview:large","max-video-preview":"max-video-preview:-1"},"canonical":"https:\/\/kibrisdakik.com\/?p=23958","og_locale":"tr_TR","og_type":"article","og_title":"CTP, 53&#039;\u00fcnc\u00fc y\u0131l\u0131n\u0131 resepsiyonla kutlayacak -","og_description":"Cumhuriyet\u00e7i T\u00fcrk Partisi&nbsp;(CTP) 53\u2019\u00fcnc\u00fc kurulu\u015f y\u0131l d\u00f6n\u00fcm\u00fc dolay\u0131s\u0131yla bug\u00fcn resepsiyon d\u00fczenleyecek. Cumhuriyet\u00e7i T\u00fcrk Partisi, \u201cBu Yol Birlikte Y\u00fcr\u00fcnecek\u201d slogan\u0131yla d\u00fczenlenecek kurulu\u015f y\u0131l d\u00f6n\u00fcm\u00fc resepsiyonunun t\u00fcm halka, partilere ve sivil toplum temsilcilerine a\u00e7\u0131k oldu\u011funu duyurdu. Resepsiyon, bug\u00fcn saat 19.00\u2019da Lefko\u015fa Hidden Garden\u2019da d\u00fczenlenecek. \u201cHalk\u0131m\u0131za yoklu\u011fu, yoksullu\u011fu, yolsuzlu\u011fu dayatan y\u00f6netimden kurtulmak, bu \u00fclkeyi hep birlikte y\u00f6netmek i\u00e7in","og_url":"https:\/\/kibrisdakik.com\/?p=23958","article_published_time":"2023-12-27T06:33:05+00:00","og_image":[{"width":710,"height":370,"url":"https:\/\/kibrisdakik.com\/wp-content\/uploads\/2023\/12\/ctp-53uncu-yilini-resepsiyonla-kutlayacak-1703658119.webp.webp","type":"image\/webp"}],"author":"admin","twitter_card":"summary_large_image","twitter_misc":{"Yazan:":"admin","Tahmini okuma s\u00fcresi":"1 dakika"},"schema":{"@context":"https:\/\/schema.org","@graph":[{"@type":"Article","@id":"https:\/\/kibrisdakik.com\/?p=23958#article","isPartOf":{"@id":"https:\/\/kibrisdakik.com\/?p=23958"},"author":{"name":"admin","@id":"https:\/\/kibrisdakik.com\/#\/schema\/person\/9cd9d437bbb44f72b73ba127e06d8e79"},"headline":"CTP, 53&#039;\u00fcnc\u00fc y\u0131l\u0131n\u0131 resepsiyonla kutlayacak","datePublished":"2023-12-27T06:33:05+00:00","mainEntityOfPage":{"@id":"https:\/\/kibrisdakik.com\/?p=23958"},"wordCount":131,"commentCount":0,"image":{"@id":"https:\/\/kibrisdakik.com\/?p=23958#primaryimage"},"thumbnailUrl":"https:\/\/kibrisdakik.com\/wp-content\/uploads\/2023\/12\/ctp-53uncu-yilini-resepsiyonla-kutlayacak-1703658119.webp.webp","articleSection":["G\u00fcndem"],"inLanguage":"tr","potentialAction":[{"@type":"CommentAction","name":"Comment","target":["https:\/\/kibrisdakik.com\/?p=23958#respond"]}]},{"@type":"WebPage","@id":"https:\/\/kibrisdakik.com\/?p=23958","url":"https:\/\/kibrisdakik.com\/?p=23958","name":"CTP, 53&#039;\u00fcnc\u00fc y\u0131l\u0131n\u0131 resepsiyonla kutlayacak -","isPartOf":{"@id":"https:\/\/kibrisdakik.com\/#website"},"primaryImageOfPage":{"@id":"https:\/\/kibrisdakik.com\/?p=23958#primaryimage"},"image":{"@id":"https:\/\/kibrisdakik.com\/?p=23958#primaryimage"},"thumbnailUrl":"https:\/\/kibrisdakik.com\/wp-content\/uploads\/2023\/12\/ctp-53uncu-yilini-resepsiyonla-kutlayacak-1703658119.webp.webp","datePublished":"2023-12-27T06:33:05+00:00","author":{"@id":"https:\/\/kibrisdakik.com\/#\/schema\/person\/9cd9d437bbb44f72b73ba127e06d8e79"},"breadcrumb":{"@id":"https:\/\/kibrisdakik.com\/?p=23958#breadcrumb"},"inLanguage":"tr","potentialAction":[{"@type":"ReadAction","target":["https:\/\/kibrisdakik.com\/?p=23958"]}]},{"@type":"ImageObject","inLanguage":"tr","@id":"https:\/\/kibrisdakik.com\/?p=23958#primaryimage","url":"https:\/\/kibrisdakik.com\/wp-content\/uploads\/2023\/12\/ctp-53uncu-yilini-resepsiyonla-kutlayacak-1703658119.webp.webp","contentUrl":"https:\/\/kibrisdakik.com\/wp-content\/uploads\/2023\/12\/ctp-53uncu-yilini-resepsiyonla-kutlayacak-1703658119.webp.webp","width":710,"height":370},{"@type":"BreadcrumbList","@id":"https:\/\/kibrisdakik.com\/?p=23958#breadcrumb","itemListElement":[{"@type":"ListItem","position":1,"name":"Home","item":"https:\/\/kibrisdakik.com\/"},{"@type":"ListItem","position":2,"name":"CTP, 53&#039;\u00fcnc\u00fc y\u0131l\u0131n\u0131 resepsiyonla kutlayacak"}]},{"@type":"WebSite","@id":"https:\/\/kibrisdakik.com\/#website","url":"https:\/\/kibrisdakik.com\/","name":"","description":"Tam vaktinde haber","potentialAction":[{"@type":"SearchAction","target":{"@type":"EntryPoint","urlTemplate":"https:\/\/kibrisdakik.com\/?s={search_term_string}"},"query-input":{"@type":"PropertyValueSpecification","valueRequired":true,"valueName":"search_term_string"}}],"inLanguage":"tr"},{"@type":"Person","@id":"https:\/\/kibrisdakik.com\/#\/schema\/person\/9cd9d437bbb44f72b73ba127e06d8e79","name":"admin","image":{"@type":"ImageObject","inLanguage":"tr","@id":"https:\/\/secure.gravatar.com\/avatar\/ccc17943b9d660506c869530f897617f7cb1c21a4bf30023f252596d83e1f007?s=96&d=mm&r=g","url":"https:\/\/secure.gravatar.com\/avatar\/ccc17943b9d660506c869530f897617f7cb1c21a4bf30023f252596d83e1f007?s=96&d=mm&r=g","contentUrl":"https:\/\/secure.gravatar.com\/avatar\/ccc17943b9d660506c869530f897617f7cb1c21a4bf30023f252596d83e1f007?s=96&d=mm&r=g","caption":"admin"},"sameAs":["https:\/\/kibrisdakik.com"],"url":"https:\/\/kibrisdakik.com\/?author=1"}]}},"_links":{"self":[{"href":"https:\/\/kibrisdakik.com\/index.php?rest_route=\/wp\/v2\/posts\/23958","targetHints":{"allow":["GET"]}}],"collection":[{"href":"https:\/\/kibrisdakik.com\/index.php?rest_route=\/wp\/v2\/posts"}],"about":[{"href":"https:\/\/kibrisdakik.com\/index.php?rest_route=\/wp\/v2\/types\/post"}],"author":[{"embeddable":true,"href":"https:\/\/kibrisdakik.com\/index.php?rest_route=\/wp\/v2\/users\/1"}],"replies":[{"embeddable":true,"href":"https:\/\/kibrisdakik.com\/index.php?rest_route=%2Fwp%2Fv2%2Fcomments&post=23958"}],"version-history":[{"count":0,"href":"https:\/\/kibrisdakik.com\/index.php?rest_route=\/wp\/v2\/posts\/23958\/revisions"}],"wp:featuredmedia":[{"embeddable":true,"href":"https:\/\/kibrisdakik.com\/index.php?rest_route=\/wp\/v2\/media\/23959"}],"wp:attachment":[{"href":"https:\/\/kibrisdakik.com\/index.php?rest_route=%2Fwp%2Fv2%2Fmedia&parent=23958"}],"wp:term":[{"taxonomy":"category","embeddable":true,"href":"https:\/\/kibrisdakik.com\/index.php?rest_route=%2Fwp%2Fv2%2Fcategories&post=23958"},{"taxonomy":"post_tag","embeddable":true,"href":"https:\/\/kibrisdakik.com\/index.php?rest_route=%2Fwp%2Fv2%2Ftags&post=23958"}],"curies":[{"name":"wp","href":"https:\/\/api.w.org\/{rel}","templated":true}]}}