{"id":24024,"date":"2023-12-27T13:39:49","date_gmt":"2023-12-27T13:39:49","guid":{"rendered":"https:\/\/kibrisdakik.com\/index.php\/2023\/12\/27\/yarin-ve-cuma-sabahi-yer-yer-sis-olacak\/"},"modified":"2023-12-27T13:39:49","modified_gmt":"2023-12-27T13:39:49","slug":"yarin-ve-cuma-sabahi-yer-yer-sis-olacak","status":"publish","type":"post","link":"https:\/\/kibrisdakik.com\/?p=24024","title":{"rendered":"Yar\u0131n ve cuma sabah\u0131 yer yer sis olacak"},"content":{"rendered":"<p><img decoding=\"async\" src=\"https:\/\/www.kibristurk.com\/images\/haberler\/2023\/12\/yarin-ve-cuma-sabahi-yer-yer-sis-olacak-1703682651.webp\" \/><\/p>\n<p style=\"text-align:left\"><span style=\"font-size:14px\"><span style=\"font-family:Arial,Helvetica,sans-serif\"><span style=\"color:#000000\"><span style=\"background-color:#ffffff\">Meteoroloji Dairesi\u2019nin son tahminlerine g\u00f6re, hava yar\u0131n ve cuma g\u00fcn\u00fc az bulutlu, sabah saatleri yer yer sisli, cumartesi az bulutlu, di\u011fer g\u00fcnler ise par\u00e7al\u0131 bulutlu veya par\u00e7al\u0131 \u00e7ok bulutlu ge\u00e7ecek.<\/p>\n<p>En y\u00fcksek hava s\u0131cakl\u0131\u011f\u0131 genellikle i\u00e7 kesimlerde ve sahillerde 19-22 derece dolaylar\u0131nda seyredecek.<\/span><\/span><\/span><\/span><\/p>\n<p style=\"text-align:left\"><span style=\"font-size:14px\"><span style=\"font-family:Arial,Helvetica,sans-serif\"><span style=\"color:#000000\"><span style=\"background-color:#ffffff\">R\u00fczgar genellikle kuzey ve do\u011fu y\u00f6nlerden orta kuvvette esecek.<\/span><\/span><\/span><\/span><\/p>\n","protected":false},"excerpt":{"rendered":"<p>Meteoroloji Dairesi\u2019nin son tahminlerine g\u00f6re, hava yar\u0131n ve cuma g\u00fcn\u00fc az bulutlu, sabah saatleri yer yer sisli, cumartesi az bulutlu, di\u011fer g\u00fcnler ise par\u00e7al\u0131 bulutlu veya par\u00e7al\u0131 \u00e7ok bulutlu ge\u00e7ecek. En y\u00fcksek hava s\u0131cakl\u0131\u011f\u0131 genellikle i\u00e7 kesimlerde ve sahillerde 19-22 derece dolaylar\u0131nda seyredecek. R\u00fczgar genellikle kuzey ve do\u011fu y\u00f6nlerden orta kuvvette esecek.<\/p>\n","protected":false},"author":1,"featured_media":24025,"comment_status":"open","ping_status":"open","sticky":false,"template":"","format":"standard","meta":{"footnotes":""},"categories":[1],"tags":[],"class_list":["post-24024","post","type-post","status-publish","format-standard","has-post-thumbnail","hentry","category-gundem"],"yoast_head":"<!-- This site is optimized with the Yoast SEO plugin v27.4 - https:\/\/yoast.com\/product\/yoast-seo-wordpress\/ -->\n<title>Yar\u0131n ve cuma sabah\u0131 yer yer sis olacak -<\/title>\n<meta name=\"robots\" content=\"index, follow, max-snippet:-1, max-image-preview:large, max-video-preview:-1\" \/>\n<link rel=\"canonical\" href=\"https:\/\/kibrisdakik.com\/?p=24024\" \/>\n<meta property=\"og:locale\" content=\"tr_TR\" \/>\n<meta property=\"og:type\" content=\"article\" \/>\n<meta property=\"og:title\" content=\"Yar\u0131n ve cuma sabah\u0131 yer yer sis olacak -\" \/>\n<meta property=\"og:description\" content=\"Meteoroloji Dairesi\u2019nin son tahminlerine g\u00f6re, hava yar\u0131n ve cuma g\u00fcn\u00fc az bulutlu, sabah saatleri yer yer sisli, cumartesi az bulutlu, di\u011fer g\u00fcnler ise par\u00e7al\u0131 bulutlu veya par\u00e7al\u0131 \u00e7ok bulutlu ge\u00e7ecek. En y\u00fcksek hava s\u0131cakl\u0131\u011f\u0131 genellikle i\u00e7 kesimlerde ve sahillerde 19-22 derece dolaylar\u0131nda seyredecek. R\u00fczgar genellikle kuzey ve do\u011fu y\u00f6nlerden orta kuvvette esecek.\" \/>\n<meta property=\"og:url\" content=\"https:\/\/kibrisdakik.com\/?p=24024\" \/>\n<meta property=\"article:published_time\" content=\"2023-12-27T13:39:49+00:00\" \/>\n<meta property=\"og:image\" content=\"https:\/\/kibrisdakik.com\/wp-content\/uploads\/2023\/12\/yarin-ve-cuma-sabahi-yer-yer-sis-olacak-1703682651.webp.webp\" \/>\n\t<meta property=\"og:image:width\" content=\"710\" \/>\n\t<meta property=\"og:image:height\" content=\"370\" \/>\n\t<meta property=\"og:image:type\" content=\"image\/webp\" \/>\n<meta name=\"author\" content=\"admin\" \/>\n<meta name=\"twitter:card\" content=\"summary_large_image\" \/>\n<meta name=\"twitter:label1\" content=\"Yazan:\" \/>\n\t<meta name=\"twitter:data1\" content=\"admin\" \/>\n<script type=\"application\/ld+json\" class=\"yoast-schema-graph\">{\"@context\":\"https:\\\/\\\/schema.org\",\"@graph\":[{\"@type\":\"Article\",\"@id\":\"https:\\\/\\\/kibrisdakik.com\\\/?p=24024#article\",\"isPartOf\":{\"@id\":\"https:\\\/\\\/kibrisdakik.com\\\/?p=24024\"},\"author\":{\"name\":\"admin\",\"@id\":\"https:\\\/\\\/kibrisdakik.com\\\/#\\\/schema\\\/person\\\/9cd9d437bbb44f72b73ba127e06d8e79\"},\"headline\":\"Yar\u0131n ve cuma sabah\u0131 yer yer sis olacak\",\"datePublished\":\"2023-12-27T13:39:49+00:00\",\"mainEntityOfPage\":{\"@id\":\"https:\\\/\\\/kibrisdakik.com\\\/?p=24024\"},\"wordCount\":76,\"commentCount\":0,\"image\":{\"@id\":\"https:\\\/\\\/kibrisdakik.com\\\/?p=24024#primaryimage\"},\"thumbnailUrl\":\"https:\\\/\\\/kibrisdakik.com\\\/wp-content\\\/uploads\\\/2023\\\/12\\\/yarin-ve-cuma-sabahi-yer-yer-sis-olacak-1703682651.webp.webp\",\"articleSection\":[\"G\u00fcndem\"],\"inLanguage\":\"tr\",\"potentialAction\":[{\"@type\":\"CommentAction\",\"name\":\"Comment\",\"target\":[\"https:\\\/\\\/kibrisdakik.com\\\/?p=24024#respond\"]}]},{\"@type\":\"WebPage\",\"@id\":\"https:\\\/\\\/kibrisdakik.com\\\/?p=24024\",\"url\":\"https:\\\/\\\/kibrisdakik.com\\\/?p=24024\",\"name\":\"Yar\u0131n ve cuma sabah\u0131 yer yer sis olacak -\",\"isPartOf\":{\"@id\":\"https:\\\/\\\/kibrisdakik.com\\\/#website\"},\"primaryImageOfPage\":{\"@id\":\"https:\\\/\\\/kibrisdakik.com\\\/?p=24024#primaryimage\"},\"image\":{\"@id\":\"https:\\\/\\\/kibrisdakik.com\\\/?p=24024#primaryimage\"},\"thumbnailUrl\":\"https:\\\/\\\/kibrisdakik.com\\\/wp-content\\\/uploads\\\/2023\\\/12\\\/yarin-ve-cuma-sabahi-yer-yer-sis-olacak-1703682651.webp.webp\",\"datePublished\":\"2023-12-27T13:39:49+00:00\",\"author\":{\"@id\":\"https:\\\/\\\/kibrisdakik.com\\\/#\\\/schema\\\/person\\\/9cd9d437bbb44f72b73ba127e06d8e79\"},\"breadcrumb\":{\"@id\":\"https:\\\/\\\/kibrisdakik.com\\\/?p=24024#breadcrumb\"},\"inLanguage\":\"tr\",\"potentialAction\":[{\"@type\":\"ReadAction\",\"target\":[\"https:\\\/\\\/kibrisdakik.com\\\/?p=24024\"]}]},{\"@type\":\"ImageObject\",\"inLanguage\":\"tr\",\"@id\":\"https:\\\/\\\/kibrisdakik.com\\\/?p=24024#primaryimage\",\"url\":\"https:\\\/\\\/kibrisdakik.com\\\/wp-content\\\/uploads\\\/2023\\\/12\\\/yarin-ve-cuma-sabahi-yer-yer-sis-olacak-1703682651.webp.webp\",\"contentUrl\":\"https:\\\/\\\/kibrisdakik.com\\\/wp-content\\\/uploads\\\/2023\\\/12\\\/yarin-ve-cuma-sabahi-yer-yer-sis-olacak-1703682651.webp.webp\",\"width\":710,\"height\":370},{\"@type\":\"BreadcrumbList\",\"@id\":\"https:\\\/\\\/kibrisdakik.com\\\/?p=24024#breadcrumb\",\"itemListElement\":[{\"@type\":\"ListItem\",\"position\":1,\"name\":\"Home\",\"item\":\"https:\\\/\\\/kibrisdakik.com\\\/\"},{\"@type\":\"ListItem\",\"position\":2,\"name\":\"Yar\u0131n ve cuma sabah\u0131 yer yer sis olacak\"}]},{\"@type\":\"WebSite\",\"@id\":\"https:\\\/\\\/kibrisdakik.com\\\/#website\",\"url\":\"https:\\\/\\\/kibrisdakik.com\\\/\",\"name\":\"\",\"description\":\"Tam vaktinde haber\",\"potentialAction\":[{\"@type\":\"SearchAction\",\"target\":{\"@type\":\"EntryPoint\",\"urlTemplate\":\"https:\\\/\\\/kibrisdakik.com\\\/?s={search_term_string}\"},\"query-input\":{\"@type\":\"PropertyValueSpecification\",\"valueRequired\":true,\"valueName\":\"search_term_string\"}}],\"inLanguage\":\"tr\"},{\"@type\":\"Person\",\"@id\":\"https:\\\/\\\/kibrisdakik.com\\\/#\\\/schema\\\/person\\\/9cd9d437bbb44f72b73ba127e06d8e79\",\"name\":\"admin\",\"image\":{\"@type\":\"ImageObject\",\"inLanguage\":\"tr\",\"@id\":\"https:\\\/\\\/secure.gravatar.com\\\/avatar\\\/ccc17943b9d660506c869530f897617f7cb1c21a4bf30023f252596d83e1f007?s=96&d=mm&r=g\",\"url\":\"https:\\\/\\\/secure.gravatar.com\\\/avatar\\\/ccc17943b9d660506c869530f897617f7cb1c21a4bf30023f252596d83e1f007?s=96&d=mm&r=g\",\"contentUrl\":\"https:\\\/\\\/secure.gravatar.com\\\/avatar\\\/ccc17943b9d660506c869530f897617f7cb1c21a4bf30023f252596d83e1f007?s=96&d=mm&r=g\",\"caption\":\"admin\"},\"sameAs\":[\"https:\\\/\\\/kibrisdakik.com\"],\"url\":\"https:\\\/\\\/kibrisdakik.com\\\/?author=1\"}]}<\/script>\n<!-- \/ Yoast SEO plugin. -->","yoast_head_json":{"title":"Yar\u0131n ve cuma sabah\u0131 yer yer sis olacak -","robots":{"index":"index","follow":"follow","max-snippet":"max-snippet:-1","max-image-preview":"max-image-preview:large","max-video-preview":"max-video-preview:-1"},"canonical":"https:\/\/kibrisdakik.com\/?p=24024","og_locale":"tr_TR","og_type":"article","og_title":"Yar\u0131n ve cuma sabah\u0131 yer yer sis olacak -","og_description":"Meteoroloji Dairesi\u2019nin son tahminlerine g\u00f6re, hava yar\u0131n ve cuma g\u00fcn\u00fc az bulutlu, sabah saatleri yer yer sisli, cumartesi az bulutlu, di\u011fer g\u00fcnler ise par\u00e7al\u0131 bulutlu veya par\u00e7al\u0131 \u00e7ok bulutlu ge\u00e7ecek. En y\u00fcksek hava s\u0131cakl\u0131\u011f\u0131 genellikle i\u00e7 kesimlerde ve sahillerde 19-22 derece dolaylar\u0131nda seyredecek. R\u00fczgar genellikle kuzey ve do\u011fu y\u00f6nlerden orta kuvvette esecek.","og_url":"https:\/\/kibrisdakik.com\/?p=24024","article_published_time":"2023-12-27T13:39:49+00:00","og_image":[{"width":710,"height":370,"url":"https:\/\/kibrisdakik.com\/wp-content\/uploads\/2023\/12\/yarin-ve-cuma-sabahi-yer-yer-sis-olacak-1703682651.webp.webp","type":"image\/webp"}],"author":"admin","twitter_card":"summary_large_image","twitter_misc":{"Yazan:":"admin"},"schema":{"@context":"https:\/\/schema.org","@graph":[{"@type":"Article","@id":"https:\/\/kibrisdakik.com\/?p=24024#article","isPartOf":{"@id":"https:\/\/kibrisdakik.com\/?p=24024"},"author":{"name":"admin","@id":"https:\/\/kibrisdakik.com\/#\/schema\/person\/9cd9d437bbb44f72b73ba127e06d8e79"},"headline":"Yar\u0131n ve cuma sabah\u0131 yer yer sis olacak","datePublished":"2023-12-27T13:39:49+00:00","mainEntityOfPage":{"@id":"https:\/\/kibrisdakik.com\/?p=24024"},"wordCount":76,"commentCount":0,"image":{"@id":"https:\/\/kibrisdakik.com\/?p=24024#primaryimage"},"thumbnailUrl":"https:\/\/kibrisdakik.com\/wp-content\/uploads\/2023\/12\/yarin-ve-cuma-sabahi-yer-yer-sis-olacak-1703682651.webp.webp","articleSection":["G\u00fcndem"],"inLanguage":"tr","potentialAction":[{"@type":"CommentAction","name":"Comment","target":["https:\/\/kibrisdakik.com\/?p=24024#respond"]}]},{"@type":"WebPage","@id":"https:\/\/kibrisdakik.com\/?p=24024","url":"https:\/\/kibrisdakik.com\/?p=24024","name":"Yar\u0131n ve cuma sabah\u0131 yer yer sis olacak -","isPartOf":{"@id":"https:\/\/kibrisdakik.com\/#website"},"primaryImageOfPage":{"@id":"https:\/\/kibrisdakik.com\/?p=24024#primaryimage"},"image":{"@id":"https:\/\/kibrisdakik.com\/?p=24024#primaryimage"},"thumbnailUrl":"https:\/\/kibrisdakik.com\/wp-content\/uploads\/2023\/12\/yarin-ve-cuma-sabahi-yer-yer-sis-olacak-1703682651.webp.webp","datePublished":"2023-12-27T13:39:49+00:00","author":{"@id":"https:\/\/kibrisdakik.com\/#\/schema\/person\/9cd9d437bbb44f72b73ba127e06d8e79"},"breadcrumb":{"@id":"https:\/\/kibrisdakik.com\/?p=24024#breadcrumb"},"inLanguage":"tr","potentialAction":[{"@type":"ReadAction","target":["https:\/\/kibrisdakik.com\/?p=24024"]}]},{"@type":"ImageObject","inLanguage":"tr","@id":"https:\/\/kibrisdakik.com\/?p=24024#primaryimage","url":"https:\/\/kibrisdakik.com\/wp-content\/uploads\/2023\/12\/yarin-ve-cuma-sabahi-yer-yer-sis-olacak-1703682651.webp.webp","contentUrl":"https:\/\/kibrisdakik.com\/wp-content\/uploads\/2023\/12\/yarin-ve-cuma-sabahi-yer-yer-sis-olacak-1703682651.webp.webp","width":710,"height":370},{"@type":"BreadcrumbList","@id":"https:\/\/kibrisdakik.com\/?p=24024#breadcrumb","itemListElement":[{"@type":"ListItem","position":1,"name":"Home","item":"https:\/\/kibrisdakik.com\/"},{"@type":"ListItem","position":2,"name":"Yar\u0131n ve cuma sabah\u0131 yer yer sis olacak"}]},{"@type":"WebSite","@id":"https:\/\/kibrisdakik.com\/#website","url":"https:\/\/kibrisdakik.com\/","name":"","description":"Tam vaktinde haber","potentialAction":[{"@type":"SearchAction","target":{"@type":"EntryPoint","urlTemplate":"https:\/\/kibrisdakik.com\/?s={search_term_string}"},"query-input":{"@type":"PropertyValueSpecification","valueRequired":true,"valueName":"search_term_string"}}],"inLanguage":"tr"},{"@type":"Person","@id":"https:\/\/kibrisdakik.com\/#\/schema\/person\/9cd9d437bbb44f72b73ba127e06d8e79","name":"admin","image":{"@type":"ImageObject","inLanguage":"tr","@id":"https:\/\/secure.gravatar.com\/avatar\/ccc17943b9d660506c869530f897617f7cb1c21a4bf30023f252596d83e1f007?s=96&d=mm&r=g","url":"https:\/\/secure.gravatar.com\/avatar\/ccc17943b9d660506c869530f897617f7cb1c21a4bf30023f252596d83e1f007?s=96&d=mm&r=g","contentUrl":"https:\/\/secure.gravatar.com\/avatar\/ccc17943b9d660506c869530f897617f7cb1c21a4bf30023f252596d83e1f007?s=96&d=mm&r=g","caption":"admin"},"sameAs":["https:\/\/kibrisdakik.com"],"url":"https:\/\/kibrisdakik.com\/?author=1"}]}},"_links":{"self":[{"href":"https:\/\/kibrisdakik.com\/index.php?rest_route=\/wp\/v2\/posts\/24024","targetHints":{"allow":["GET"]}}],"collection":[{"href":"https:\/\/kibrisdakik.com\/index.php?rest_route=\/wp\/v2\/posts"}],"about":[{"href":"https:\/\/kibrisdakik.com\/index.php?rest_route=\/wp\/v2\/types\/post"}],"author":[{"embeddable":true,"href":"https:\/\/kibrisdakik.com\/index.php?rest_route=\/wp\/v2\/users\/1"}],"replies":[{"embeddable":true,"href":"https:\/\/kibrisdakik.com\/index.php?rest_route=%2Fwp%2Fv2%2Fcomments&post=24024"}],"version-history":[{"count":0,"href":"https:\/\/kibrisdakik.com\/index.php?rest_route=\/wp\/v2\/posts\/24024\/revisions"}],"wp:featuredmedia":[{"embeddable":true,"href":"https:\/\/kibrisdakik.com\/index.php?rest_route=\/wp\/v2\/media\/24025"}],"wp:attachment":[{"href":"https:\/\/kibrisdakik.com\/index.php?rest_route=%2Fwp%2Fv2%2Fmedia&parent=24024"}],"wp:term":[{"taxonomy":"category","embeddable":true,"href":"https:\/\/kibrisdakik.com\/index.php?rest_route=%2Fwp%2Fv2%2Fcategories&post=24024"},{"taxonomy":"post_tag","embeddable":true,"href":"https:\/\/kibrisdakik.com\/index.php?rest_route=%2Fwp%2Fv2%2Ftags&post=24024"}],"curies":[{"name":"wp","href":"https:\/\/api.w.org\/{rel}","templated":true}]}}