{"id":24045,"date":"2023-12-27T15:41:56","date_gmt":"2023-12-27T15:41:56","guid":{"rendered":"https:\/\/kibrisdakik.com\/index.php\/2023\/12\/27\/cumhurbaskani-tatar-karsta\/"},"modified":"2023-12-27T15:41:56","modified_gmt":"2023-12-27T15:41:56","slug":"cumhurbaskani-tatar-karsta","status":"publish","type":"post","link":"https:\/\/kibrisdakik.com\/?p=24045","title":{"rendered":"Cumhurba\u015fkan\u0131 Tatar Kars\u2019ta"},"content":{"rendered":"<p><img decoding=\"async\" src=\"https:\/\/www.kibristurk.com\/images\/haberler\/2023\/12\/cumhurbaskani-tatar-karsta-1703681556.webp\" \/><\/p>\n<p style=\"text-align:left\"><span style=\"font-size:14px\"><span style=\"font-family:Arial,Helvetica,sans-serif\"><span style=\"color:#000000\"><span style=\"background-color:#ffffff\"><span style=\"color:#000000 !important\">Kars\u2019a geli\u015fi sonras\u0131 bas\u0131na a\u00e7\u0131klama yapan Tatar, Kars\u2019a, KKTC halk\u0131n\u0131n sevgi sayg\u0131 ve selam\u0131n\u0131 iletti.<\/span><\/span><\/span><\/span><\/span><\/p>\n<p style=\"text-align:left\"><span style=\"font-size:14px\"><span style=\"font-family:Arial,Helvetica,sans-serif\"><span style=\"color:#000000\"><span style=\"background-color:#ffffff\"><span style=\"color:#000000 !important\">K\u0131br\u0131s T\u00fcrk halk\u0131n\u0131n y\u0131llard\u0131r adada verdi\u011fi m\u00fccadeleler ve iki devletli yeni \u00e7\u00f6z\u00fcm siyasetini anlatan Tatar, yeni siyaseti, T\u00fcrkiye Cumhuriyeti Cumhurba\u015fkan\u0131 Recep Tayyip Erdo\u011fan\u2019\u0131n tam deste\u011fiyle s\u00fcrd\u00fcrd\u00fcklerini s\u00f6yledi.<\/span><\/span><\/span><\/span><\/span><\/p>\n<p style=\"text-align:left\"><span style=\"font-size:14px\"><span style=\"font-family:Arial,Helvetica,sans-serif\"><span style=\"color:#000000\"><span style=\"background-color:#ffffff\"><span style=\"color:#000000 !important\">Tatar, ba\u011f\u0131ms\u0131z KKTC olarak bu mesaj\u0131 d\u00fcnyaya T\u00fcrkiye ile birlikte verdiklerini ifade ederek, bu y\u00fczden T\u00fcrkiye Cumhuriyeti temaslar\u0131n\u0131n \u00f6nemli oldu\u011funu, \u00e7\u00fcnk\u00fc T\u00fcrk halk\u0131n\u0131n deste\u011fine her alanda \u00f6nem verdi\u011fini s\u00f6yledi.<\/span><\/span><\/span><\/span><\/span><\/p>\n<p style=\"text-align:left\"><span style=\"font-size:14px\"><span style=\"font-family:Arial,Helvetica,sans-serif\"><span style=\"color:#000000\"><span style=\"background-color:#ffffff\"><span style=\"color:#000000 !important\">T\u00fcrkiye\u2019den, KKTC\u2019nin her t\u00fcrl\u00fc geli\u015fimine katk\u0131 koyanlara te\u015fekk\u00fcr eden Tatar, ziyaretinde kendisine e\u015flik eden Bay\u0131nd\u0131rl\u0131k ve Ula\u015ft\u0131rma Bakan\u0131 Erhan Ar\u0131kl\u0131\u2019n\u0131n da Ardahan\u2019dan KKTC\u2019ye ta\u015f\u0131nd\u0131\u011f\u0131n\u0131, bu sebeple anlaml\u0131 oldu\u011funu belirtti.<\/span><\/span><\/span><\/span><\/span><\/p>\n<p style=\"text-align:left\"><span style=\"font-size:14px\"><span style=\"font-family:Arial,Helvetica,sans-serif\"><span style=\"color:#000000\"><span style=\"background-color:#ffffff\"><span style=\"color:#000000 !important\">\u201cBiz et ve t\u0131rnak gibiyiz\u201d diyen Tatar, K\u0131br\u0131s T\u00fcrk halk\u0131n\u0131n onurlu h\u00fcr ba\u011f\u0131ms\u0131z g\u00fcven i\u00e7inde ya\u015famaya T\u00fcrkiye\u2019nin deste\u011fiyle ya\u015famaya devletine sahip \u00e7\u0131kmaya devam edece\u011fini kaydetti.<\/span><\/span><\/span><\/span><\/span><\/p>\n<p style=\"text-align:left\"><span style=\"font-size:14px\"><span style=\"font-family:Arial,Helvetica,sans-serif\"><span style=\"color:#000000\"><span style=\"background-color:#ffffff\"><span style=\"color:#000000 !important\">Kars\u2019a gelirken Sar\u0131kam\u0131\u015f An\u0131t\u0131\u2019n\u0131 da ziyaret etti\u011fini ifade eden Tatar, Rus i\u015fgaline kar\u015f\u0131 direni\u015f g\u00f6sterirken ya\u015fam\u0131n\u0131 yitiren \u015fehitlerin T\u00fcrk tarihinde \u00f6nemli bir kay\u0131p oldu\u011funu s\u00f6yledi.<\/span><\/span><\/span><\/span><\/span><\/p>\n<p style=\"text-align:left\"><span style=\"font-size:14px\"><span style=\"font-family:Arial,Helvetica,sans-serif\"><span style=\"color:#000000\"><span style=\"background-color:#ffffff\"><span style=\"color:#000000 !important\">\u015eehitler diyar\u0131 KKTC\u2019den gelip \u015fehitleri anman\u0131n \u00f6nemli oldu\u011funu ifade eden Tatar, yeni y\u00fczy\u0131l\u0131nda daha g\u00fc\u00e7l\u00fc Anavatan\u2019la daha g\u00fc\u00e7l\u00fc bir KKTC olaca\u011f\u0131na vurgu yapt\u0131.<\/span><\/span><\/span><\/span><\/span><\/p>\n<p style=\"text-align:left\"><span style=\"font-size:14px\"><span style=\"font-family:Arial,Helvetica,sans-serif\"><span style=\"color:#000000\"><span style=\"background-color:#ffffff\"><span style=\"color:#000000 !important\">KKTC olarak T\u00fcrk Devletleri Te\u015fkilat\u0131\u2019nda g\u00f6zlemci \u00fcye olarak yerlerini ald\u0131klar\u0131n\u0131 belirten Tatar, T\u00fcrk devletleri ile i\u015f birli\u011fini art\u0131rmaya \u00e7al\u0131\u015ft\u0131klar\u0131n\u0131 kaydetti.<\/span><\/span><\/span><\/span><\/span><\/p>\n<p style=\"text-align:left\"><span style=\"font-size:14px\"><span style=\"font-family:Arial,Helvetica,sans-serif\"><span style=\"color:#000000\"><span style=\"background-color:#ffffff\"><span style=\"color:#000000 !important\">Azerbaycan \u00d6zbekistan K\u0131rg\u0131zistan ziyaretlerini an\u0131msatan Tatar, ama\u00e7lar\u0131n\u0131n, KKTC\u2019yi tan\u0131tmak ve karde\u015f T\u00fcrk devletlerinin deste\u011fini almak oldu\u011funu s\u00f6yledi.<\/span><\/span><\/span><\/span><\/span><\/p>\n<p style=\"text-align:left\"><span style=\"font-size:14px\"><span style=\"font-family:Arial,Helvetica,sans-serif\"><span style=\"color:#000000\"><span style=\"background-color:#ffffff\"><span style=\"color:#000000 !important\">Ziyaretlerinde konferanslar yan\u0131nda \u00f6\u011frenciler gaziler i\u015f insanlar\u0131 e\u011fitim turizm sivil toplum \u00f6rg\u00fctleri ve bas\u0131n ile bulu\u015fmalara \u00f6nem verdi\u011fini belirten Tatar, KKTC ile T\u00fcrkiye Cumhuriyeti aras\u0131ndaki karde\u015flik ba\u011flar\u0131n\u0131 geli\u015ftirmek i\u00e7in buralarda olduklar\u0131n\u0131 vurgulad\u0131.<\/span><\/span><\/span><\/span><\/span><\/p>\n<p style=\"text-align:left\"><span style=\"font-size:14px\"><span style=\"font-family:Arial,Helvetica,sans-serif\"><span style=\"color:#000000\"><span style=\"background-color:#ffffff\"><span style=\"color:#000000 !important\">Tatar, t\u00fcm \u015fehitleri and\u0131, gazilere sa\u011fl\u0131k diledi.<\/span><\/span><\/span><\/span><\/span><\/p>\n<p style=\"text-align:left\">&nbsp;<\/p>\n","protected":false},"excerpt":{"rendered":"<p>Kars\u2019a geli\u015fi sonras\u0131 bas\u0131na a\u00e7\u0131klama yapan Tatar, Kars\u2019a, KKTC halk\u0131n\u0131n sevgi sayg\u0131 ve selam\u0131n\u0131 iletti. K\u0131br\u0131s T\u00fcrk halk\u0131n\u0131n y\u0131llard\u0131r adada verdi\u011fi m\u00fccadeleler ve iki devletli yeni \u00e7\u00f6z\u00fcm siyasetini anlatan Tatar, yeni siyaseti, T\u00fcrkiye Cumhuriyeti Cumhurba\u015fkan\u0131 Recep Tayyip Erdo\u011fan\u2019\u0131n tam deste\u011fiyle s\u00fcrd\u00fcrd\u00fcklerini s\u00f6yledi. Tatar, ba\u011f\u0131ms\u0131z KKTC olarak bu mesaj\u0131 d\u00fcnyaya T\u00fcrkiye ile birlikte verdiklerini ifade ederek,<\/p>\n","protected":false},"author":1,"featured_media":24046,"comment_status":"open","ping_status":"open","sticky":false,"template":"","format":"standard","meta":{"footnotes":""},"categories":[1],"tags":[],"class_list":["post-24045","post","type-post","status-publish","format-standard","has-post-thumbnail","hentry","category-gundem"],"yoast_head":"<!-- This site is optimized with the Yoast SEO plugin v27.4 - https:\/\/yoast.com\/product\/yoast-seo-wordpress\/ -->\n<title>Cumhurba\u015fkan\u0131 Tatar Kars\u2019ta -<\/title>\n<meta name=\"robots\" content=\"index, follow, max-snippet:-1, max-image-preview:large, max-video-preview:-1\" \/>\n<link rel=\"canonical\" href=\"https:\/\/kibrisdakik.com\/?p=24045\" \/>\n<meta property=\"og:locale\" content=\"tr_TR\" \/>\n<meta property=\"og:type\" content=\"article\" \/>\n<meta property=\"og:title\" content=\"Cumhurba\u015fkan\u0131 Tatar Kars\u2019ta -\" \/>\n<meta property=\"og:description\" content=\"Kars\u2019a geli\u015fi sonras\u0131 bas\u0131na a\u00e7\u0131klama yapan Tatar, Kars\u2019a, KKTC halk\u0131n\u0131n sevgi sayg\u0131 ve selam\u0131n\u0131 iletti. K\u0131br\u0131s T\u00fcrk halk\u0131n\u0131n y\u0131llard\u0131r adada verdi\u011fi m\u00fccadeleler ve iki devletli yeni \u00e7\u00f6z\u00fcm siyasetini anlatan Tatar, yeni siyaseti, T\u00fcrkiye Cumhuriyeti Cumhurba\u015fkan\u0131 Recep Tayyip Erdo\u011fan\u2019\u0131n tam deste\u011fiyle s\u00fcrd\u00fcrd\u00fcklerini s\u00f6yledi. Tatar, ba\u011f\u0131ms\u0131z KKTC olarak bu mesaj\u0131 d\u00fcnyaya T\u00fcrkiye ile birlikte verdiklerini ifade ederek,\" \/>\n<meta property=\"og:url\" content=\"https:\/\/kibrisdakik.com\/?p=24045\" \/>\n<meta property=\"article:published_time\" content=\"2023-12-27T15:41:56+00:00\" \/>\n<meta property=\"og:image\" content=\"https:\/\/kibrisdakik.com\/wp-content\/uploads\/2023\/12\/cumhurbaskani-tatar-karsta-1703681556.webp.webp\" \/>\n\t<meta property=\"og:image:width\" content=\"710\" \/>\n\t<meta property=\"og:image:height\" content=\"370\" \/>\n\t<meta property=\"og:image:type\" content=\"image\/webp\" \/>\n<meta name=\"author\" content=\"admin\" \/>\n<meta name=\"twitter:card\" content=\"summary_large_image\" \/>\n<meta name=\"twitter:label1\" content=\"Yazan:\" \/>\n\t<meta name=\"twitter:data1\" content=\"admin\" \/>\n\t<meta name=\"twitter:label2\" content=\"Tahmini okuma s\u00fcresi\" \/>\n\t<meta name=\"twitter:data2\" content=\"2 dakika\" \/>\n<script type=\"application\/ld+json\" class=\"yoast-schema-graph\">{\"@context\":\"https:\\\/\\\/schema.org\",\"@graph\":[{\"@type\":\"Article\",\"@id\":\"https:\\\/\\\/kibrisdakik.com\\\/?p=24045#article\",\"isPartOf\":{\"@id\":\"https:\\\/\\\/kibrisdakik.com\\\/?p=24045\"},\"author\":{\"name\":\"admin\",\"@id\":\"https:\\\/\\\/kibrisdakik.com\\\/#\\\/schema\\\/person\\\/9cd9d437bbb44f72b73ba127e06d8e79\"},\"headline\":\"Cumhurba\u015fkan\u0131 Tatar Kars\u2019ta\",\"datePublished\":\"2023-12-27T15:41:56+00:00\",\"mainEntityOfPage\":{\"@id\":\"https:\\\/\\\/kibrisdakik.com\\\/?p=24045\"},\"wordCount\":399,\"commentCount\":0,\"image\":{\"@id\":\"https:\\\/\\\/kibrisdakik.com\\\/?p=24045#primaryimage\"},\"thumbnailUrl\":\"https:\\\/\\\/kibrisdakik.com\\\/wp-content\\\/uploads\\\/2023\\\/12\\\/cumhurbaskani-tatar-karsta-1703681556.webp.webp\",\"articleSection\":[\"G\u00fcndem\"],\"inLanguage\":\"tr\",\"potentialAction\":[{\"@type\":\"CommentAction\",\"name\":\"Comment\",\"target\":[\"https:\\\/\\\/kibrisdakik.com\\\/?p=24045#respond\"]}]},{\"@type\":\"WebPage\",\"@id\":\"https:\\\/\\\/kibrisdakik.com\\\/?p=24045\",\"url\":\"https:\\\/\\\/kibrisdakik.com\\\/?p=24045\",\"name\":\"Cumhurba\u015fkan\u0131 Tatar Kars\u2019ta -\",\"isPartOf\":{\"@id\":\"https:\\\/\\\/kibrisdakik.com\\\/#website\"},\"primaryImageOfPage\":{\"@id\":\"https:\\\/\\\/kibrisdakik.com\\\/?p=24045#primaryimage\"},\"image\":{\"@id\":\"https:\\\/\\\/kibrisdakik.com\\\/?p=24045#primaryimage\"},\"thumbnailUrl\":\"https:\\\/\\\/kibrisdakik.com\\\/wp-content\\\/uploads\\\/2023\\\/12\\\/cumhurbaskani-tatar-karsta-1703681556.webp.webp\",\"datePublished\":\"2023-12-27T15:41:56+00:00\",\"author\":{\"@id\":\"https:\\\/\\\/kibrisdakik.com\\\/#\\\/schema\\\/person\\\/9cd9d437bbb44f72b73ba127e06d8e79\"},\"breadcrumb\":{\"@id\":\"https:\\\/\\\/kibrisdakik.com\\\/?p=24045#breadcrumb\"},\"inLanguage\":\"tr\",\"potentialAction\":[{\"@type\":\"ReadAction\",\"target\":[\"https:\\\/\\\/kibrisdakik.com\\\/?p=24045\"]}]},{\"@type\":\"ImageObject\",\"inLanguage\":\"tr\",\"@id\":\"https:\\\/\\\/kibrisdakik.com\\\/?p=24045#primaryimage\",\"url\":\"https:\\\/\\\/kibrisdakik.com\\\/wp-content\\\/uploads\\\/2023\\\/12\\\/cumhurbaskani-tatar-karsta-1703681556.webp.webp\",\"contentUrl\":\"https:\\\/\\\/kibrisdakik.com\\\/wp-content\\\/uploads\\\/2023\\\/12\\\/cumhurbaskani-tatar-karsta-1703681556.webp.webp\",\"width\":710,\"height\":370},{\"@type\":\"BreadcrumbList\",\"@id\":\"https:\\\/\\\/kibrisdakik.com\\\/?p=24045#breadcrumb\",\"itemListElement\":[{\"@type\":\"ListItem\",\"position\":1,\"name\":\"Home\",\"item\":\"https:\\\/\\\/kibrisdakik.com\\\/\"},{\"@type\":\"ListItem\",\"position\":2,\"name\":\"Cumhurba\u015fkan\u0131 Tatar Kars\u2019ta\"}]},{\"@type\":\"WebSite\",\"@id\":\"https:\\\/\\\/kibrisdakik.com\\\/#website\",\"url\":\"https:\\\/\\\/kibrisdakik.com\\\/\",\"name\":\"\",\"description\":\"Tam vaktinde haber\",\"potentialAction\":[{\"@type\":\"SearchAction\",\"target\":{\"@type\":\"EntryPoint\",\"urlTemplate\":\"https:\\\/\\\/kibrisdakik.com\\\/?s={search_term_string}\"},\"query-input\":{\"@type\":\"PropertyValueSpecification\",\"valueRequired\":true,\"valueName\":\"search_term_string\"}}],\"inLanguage\":\"tr\"},{\"@type\":\"Person\",\"@id\":\"https:\\\/\\\/kibrisdakik.com\\\/#\\\/schema\\\/person\\\/9cd9d437bbb44f72b73ba127e06d8e79\",\"name\":\"admin\",\"image\":{\"@type\":\"ImageObject\",\"inLanguage\":\"tr\",\"@id\":\"https:\\\/\\\/secure.gravatar.com\\\/avatar\\\/ccc17943b9d660506c869530f897617f7cb1c21a4bf30023f252596d83e1f007?s=96&d=mm&r=g\",\"url\":\"https:\\\/\\\/secure.gravatar.com\\\/avatar\\\/ccc17943b9d660506c869530f897617f7cb1c21a4bf30023f252596d83e1f007?s=96&d=mm&r=g\",\"contentUrl\":\"https:\\\/\\\/secure.gravatar.com\\\/avatar\\\/ccc17943b9d660506c869530f897617f7cb1c21a4bf30023f252596d83e1f007?s=96&d=mm&r=g\",\"caption\":\"admin\"},\"sameAs\":[\"https:\\\/\\\/kibrisdakik.com\"],\"url\":\"https:\\\/\\\/kibrisdakik.com\\\/?author=1\"}]}<\/script>\n<!-- \/ Yoast SEO plugin. -->","yoast_head_json":{"title":"Cumhurba\u015fkan\u0131 Tatar Kars\u2019ta -","robots":{"index":"index","follow":"follow","max-snippet":"max-snippet:-1","max-image-preview":"max-image-preview:large","max-video-preview":"max-video-preview:-1"},"canonical":"https:\/\/kibrisdakik.com\/?p=24045","og_locale":"tr_TR","og_type":"article","og_title":"Cumhurba\u015fkan\u0131 Tatar Kars\u2019ta -","og_description":"Kars\u2019a geli\u015fi sonras\u0131 bas\u0131na a\u00e7\u0131klama yapan Tatar, Kars\u2019a, KKTC halk\u0131n\u0131n sevgi sayg\u0131 ve selam\u0131n\u0131 iletti. K\u0131br\u0131s T\u00fcrk halk\u0131n\u0131n y\u0131llard\u0131r adada verdi\u011fi m\u00fccadeleler ve iki devletli yeni \u00e7\u00f6z\u00fcm siyasetini anlatan Tatar, yeni siyaseti, T\u00fcrkiye Cumhuriyeti Cumhurba\u015fkan\u0131 Recep Tayyip Erdo\u011fan\u2019\u0131n tam deste\u011fiyle s\u00fcrd\u00fcrd\u00fcklerini s\u00f6yledi. Tatar, ba\u011f\u0131ms\u0131z KKTC olarak bu mesaj\u0131 d\u00fcnyaya T\u00fcrkiye ile birlikte verdiklerini ifade ederek,","og_url":"https:\/\/kibrisdakik.com\/?p=24045","article_published_time":"2023-12-27T15:41:56+00:00","og_image":[{"width":710,"height":370,"url":"https:\/\/kibrisdakik.com\/wp-content\/uploads\/2023\/12\/cumhurbaskani-tatar-karsta-1703681556.webp.webp","type":"image\/webp"}],"author":"admin","twitter_card":"summary_large_image","twitter_misc":{"Yazan:":"admin","Tahmini okuma s\u00fcresi":"2 dakika"},"schema":{"@context":"https:\/\/schema.org","@graph":[{"@type":"Article","@id":"https:\/\/kibrisdakik.com\/?p=24045#article","isPartOf":{"@id":"https:\/\/kibrisdakik.com\/?p=24045"},"author":{"name":"admin","@id":"https:\/\/kibrisdakik.com\/#\/schema\/person\/9cd9d437bbb44f72b73ba127e06d8e79"},"headline":"Cumhurba\u015fkan\u0131 Tatar Kars\u2019ta","datePublished":"2023-12-27T15:41:56+00:00","mainEntityOfPage":{"@id":"https:\/\/kibrisdakik.com\/?p=24045"},"wordCount":399,"commentCount":0,"image":{"@id":"https:\/\/kibrisdakik.com\/?p=24045#primaryimage"},"thumbnailUrl":"https:\/\/kibrisdakik.com\/wp-content\/uploads\/2023\/12\/cumhurbaskani-tatar-karsta-1703681556.webp.webp","articleSection":["G\u00fcndem"],"inLanguage":"tr","potentialAction":[{"@type":"CommentAction","name":"Comment","target":["https:\/\/kibrisdakik.com\/?p=24045#respond"]}]},{"@type":"WebPage","@id":"https:\/\/kibrisdakik.com\/?p=24045","url":"https:\/\/kibrisdakik.com\/?p=24045","name":"Cumhurba\u015fkan\u0131 Tatar Kars\u2019ta -","isPartOf":{"@id":"https:\/\/kibrisdakik.com\/#website"},"primaryImageOfPage":{"@id":"https:\/\/kibrisdakik.com\/?p=24045#primaryimage"},"image":{"@id":"https:\/\/kibrisdakik.com\/?p=24045#primaryimage"},"thumbnailUrl":"https:\/\/kibrisdakik.com\/wp-content\/uploads\/2023\/12\/cumhurbaskani-tatar-karsta-1703681556.webp.webp","datePublished":"2023-12-27T15:41:56+00:00","author":{"@id":"https:\/\/kibrisdakik.com\/#\/schema\/person\/9cd9d437bbb44f72b73ba127e06d8e79"},"breadcrumb":{"@id":"https:\/\/kibrisdakik.com\/?p=24045#breadcrumb"},"inLanguage":"tr","potentialAction":[{"@type":"ReadAction","target":["https:\/\/kibrisdakik.com\/?p=24045"]}]},{"@type":"ImageObject","inLanguage":"tr","@id":"https:\/\/kibrisdakik.com\/?p=24045#primaryimage","url":"https:\/\/kibrisdakik.com\/wp-content\/uploads\/2023\/12\/cumhurbaskani-tatar-karsta-1703681556.webp.webp","contentUrl":"https:\/\/kibrisdakik.com\/wp-content\/uploads\/2023\/12\/cumhurbaskani-tatar-karsta-1703681556.webp.webp","width":710,"height":370},{"@type":"BreadcrumbList","@id":"https:\/\/kibrisdakik.com\/?p=24045#breadcrumb","itemListElement":[{"@type":"ListItem","position":1,"name":"Home","item":"https:\/\/kibrisdakik.com\/"},{"@type":"ListItem","position":2,"name":"Cumhurba\u015fkan\u0131 Tatar Kars\u2019ta"}]},{"@type":"WebSite","@id":"https:\/\/kibrisdakik.com\/#website","url":"https:\/\/kibrisdakik.com\/","name":"","description":"Tam vaktinde haber","potentialAction":[{"@type":"SearchAction","target":{"@type":"EntryPoint","urlTemplate":"https:\/\/kibrisdakik.com\/?s={search_term_string}"},"query-input":{"@type":"PropertyValueSpecification","valueRequired":true,"valueName":"search_term_string"}}],"inLanguage":"tr"},{"@type":"Person","@id":"https:\/\/kibrisdakik.com\/#\/schema\/person\/9cd9d437bbb44f72b73ba127e06d8e79","name":"admin","image":{"@type":"ImageObject","inLanguage":"tr","@id":"https:\/\/secure.gravatar.com\/avatar\/ccc17943b9d660506c869530f897617f7cb1c21a4bf30023f252596d83e1f007?s=96&d=mm&r=g","url":"https:\/\/secure.gravatar.com\/avatar\/ccc17943b9d660506c869530f897617f7cb1c21a4bf30023f252596d83e1f007?s=96&d=mm&r=g","contentUrl":"https:\/\/secure.gravatar.com\/avatar\/ccc17943b9d660506c869530f897617f7cb1c21a4bf30023f252596d83e1f007?s=96&d=mm&r=g","caption":"admin"},"sameAs":["https:\/\/kibrisdakik.com"],"url":"https:\/\/kibrisdakik.com\/?author=1"}]}},"_links":{"self":[{"href":"https:\/\/kibrisdakik.com\/index.php?rest_route=\/wp\/v2\/posts\/24045","targetHints":{"allow":["GET"]}}],"collection":[{"href":"https:\/\/kibrisdakik.com\/index.php?rest_route=\/wp\/v2\/posts"}],"about":[{"href":"https:\/\/kibrisdakik.com\/index.php?rest_route=\/wp\/v2\/types\/post"}],"author":[{"embeddable":true,"href":"https:\/\/kibrisdakik.com\/index.php?rest_route=\/wp\/v2\/users\/1"}],"replies":[{"embeddable":true,"href":"https:\/\/kibrisdakik.com\/index.php?rest_route=%2Fwp%2Fv2%2Fcomments&post=24045"}],"version-history":[{"count":0,"href":"https:\/\/kibrisdakik.com\/index.php?rest_route=\/wp\/v2\/posts\/24045\/revisions"}],"wp:featuredmedia":[{"embeddable":true,"href":"https:\/\/kibrisdakik.com\/index.php?rest_route=\/wp\/v2\/media\/24046"}],"wp:attachment":[{"href":"https:\/\/kibrisdakik.com\/index.php?rest_route=%2Fwp%2Fv2%2Fmedia&parent=24045"}],"wp:term":[{"taxonomy":"category","embeddable":true,"href":"https:\/\/kibrisdakik.com\/index.php?rest_route=%2Fwp%2Fv2%2Fcategories&post=24045"},{"taxonomy":"post_tag","embeddable":true,"href":"https:\/\/kibrisdakik.com\/index.php?rest_route=%2Fwp%2Fv2%2Ftags&post=24045"}],"curies":[{"name":"wp","href":"https:\/\/api.w.org\/{rel}","templated":true}]}}