{"id":24075,"date":"2023-12-27T18:44:51","date_gmt":"2023-12-27T18:44:51","guid":{"rendered":"https:\/\/kibrisdakik.com\/index.php\/2023\/12\/27\/hasipoglu-2024-yilinin-dunyada-barisin-ve-huzurun-ulkemizde-ise-2023-yilindan-daha-iyi-bir-yil-olmasini-arzuluyoruz\/"},"modified":"2023-12-27T18:44:51","modified_gmt":"2023-12-27T18:44:51","slug":"hasipoglu-2024-yilinin-dunyada-barisin-ve-huzurun-ulkemizde-ise-2023-yilindan-daha-iyi-bir-yil-olmasini-arzuluyoruz","status":"publish","type":"post","link":"https:\/\/kibrisdakik.com\/?p=24075","title":{"rendered":"Hasipo\u011flu: \u201c2024 y\u0131l\u0131n\u0131n d\u00fcnyada bar\u0131\u015f\u0131n ve huzurun, \u00fclkemizde ise 2023 y\u0131l\u0131ndan daha iyi bir y\u0131l olmas\u0131n\u0131 arzuluyoruz\u201d"},"content":{"rendered":"<p><img decoding=\"async\" src=\"https:\/\/www.kibristurk.com\/images\/haberler\/2023\/12\/hasipoglu-2024-yilinin-dunyada-barisin-ve-huzurun-ulkemizde-ise-2023-yilindan-daha-iyi-bir-yil-olmasini-arzuluyoruz-1703702159.webp\" \/><\/p>\n<p>Ulusal Birlik Partisi (UBP) Genel Sekreteri O\u011fuzhan Hasipo\u011flu 2023 y\u0131l\u0131nda T\u00fcrkiye\u2019de ya\u015fanan deprem ve \u0130sias Otelinde hayat\u0131n\u0131 kaybeden \u015eampiyon Meleklerin ac\u0131s\u0131n\u0131 kolay kolay unutamayacaklar\u0131 belirterek \u201cMeleklerimiz geri gelmeyecek ama adaletin ger\u00e7ek anlamda tecelli etmesi ile en az\u0131ndan vicdanlar biraz rahatlayacakt\u0131r\u201d dedi.<\/p>\n<p>Hasipo\u011flu, 2024 y\u0131l\u0131 beklentilerini &nbsp;BRT canl\u0131 yay\u0131n\u0131nda de\u011ferlendirdi<\/p>\n<p>Hasipo\u011flu, \u0130sias\u2019ta cinayet su\u00e7unun i\u015flendi\u011fini, otelde deniz kumu kullan\u0131ld\u0131\u011f\u0131n\u0131, ka\u00e7ak kat \u00e7\u0131k\u0131ld\u0131\u011f\u0131n\u0131, binan\u0131n baz\u0131 k\u0131s\u0131mlar\u0131n\u0131n ruhsats\u0131z yap\u0131ld\u0131\u011f\u0131n\u0131, otelin malzemesinden \u00e7al\u0131nd\u0131\u011f\u0131n\u0131, masraftan ka\u00e7\u0131nmak i\u00e7in her yola ba\u015fvuruldu\u011funun bilirki\u015fi raporlar\u0131nda ve iddianamede yer ald\u0131\u011f\u0131na i\u015faret etti.<\/p>\n<p>\n3 Ocak\u2019ta ba\u015flayacak davay\u0131 izlemek i\u00e7in Ba\u015fbakan \u00dcnal \u00dcstel\u2019le birlikte Cumhuriyet Meclisi Deprem ile \u0130lgili Yarg\u0131 S\u00fcrecini \u0130zleme Komitesi olarak Ad\u0131yaman\u201dda olacaklar\u0131n\u0131 kaydeden Hasipo\u011flu, K\u0131br\u0131s konusuna da de\u011findi.<\/p>\n<p>Hasipo\u011flu, K\u0131br\u0131s\u2019ta ayn\u0131 \u015feyleri konu\u015farak farkl\u0131 sonu\u00e7 bekleme d\u00f6neminin art\u0131k kapand\u0131\u011f\u0131n\u0131 s\u00f6yledi.<\/p>\n<p>\nHasipo\u011flu, \u201cK\u0131br\u0131s\u2019ta federal temele dayal\u0131 bir \u00e7\u00f6z\u00fcm G\u00fcney K\u0131br\u0131s Rum Y\u00f6netiminin payla\u015f\u0131ma dayanmayan tutumundan olay\u0131 art\u0131k m\u00fcmk\u00fcn de\u011fil. Masaya otural\u0131m, ayn\u0131 \u015feyleri konu\u015fal\u0131m. Dostlar al\u0131\u015fveri\u015fte g\u00f6rs\u00fcn. Rum Taraf\u0131, AB\u2019ye, BM\u2019ye \u015firin g\u00f6z\u00fcks\u00fcn\u2026 Art\u0131k yeter. Uluslararas\u0131 e\u015fit stat\u00fcm\u00fcz, e\u015fit egemenli\u011fimiz tan\u0131nmadan, masaya oturmay\u0131z diyoruz. Cumhurba\u015fkan\u0131m\u0131z\u0131n politikas\u0131na, Anavatan T\u00fcrkiye tam destek veriyor. 2024\u2019te do\u011fru zamanda ve zeminde at\u0131lm\u0131\u015f olan bu yeni politikam\u0131zda \u0131srar etmeye devam edece\u011fiz\u201d dedi.<\/p>\n<p>T\u00fcrk \u2013 Yunan yak\u0131nla\u015fmas\u0131ndan rahats\u0131z olmad\u0131klar\u0131n\u0131, diyalo\u011fa ve diplomasiye destek verdiklerini belirten Hasipo\u011flu, bu yak\u0131nla\u015fmay\u0131 Rum taraf\u0131n\u0131n suistimal etmesine izin vermeyeceklerini de belirterek, \u201cRum taraf\u0131 lideri direkt T\u00fcrkiye Cumhuriyeti ile g\u00f6r\u00fc\u015fmek istiyor, bizleri aradan \u00e7\u0131karmak istiyor, buna ne biz ne de T\u00fcrkiye izin verir\u201d ifadelerini kulland\u0131.<\/p>\n<p>2024 y\u0131l\u0131n\u0131n KKTC\u2019nin i\u00e7 siyaseti i\u00e7in daha verimli ge\u00e7mesi i\u00e7in \u00fczerlerine d\u00fc\u015feni yapmaya devam edeceklerini s\u00f6yleyen Hasipo\u011flu, \u201cHem \u00fclkemiz hem de UBP i\u00e7in icraat ve demokrasi y\u0131l\u0131 olmas\u0131n\u0131 arzuluyoruz\u201d dedi.<\/p>\n<p>UBP Genel Ba\u015fkan\u0131 ve Ba\u015fbakan \u00dcnal \u00dcstel\u2019in ba\u015flatt\u0131\u011f\u0131 projelerin yeni y\u0131lda da devam edece\u011fini kaydeden Hasipo\u011flu, kurultay ve \u00f6ncesindeki t\u00fcm y\u00f6netim organlar\u0131n\u0131n se\u00e7imini de demokratik kat\u0131l\u0131m ve olgunluk i\u00e7inde yapacaklar\u0131n\u0131 s\u00f6zlerine ekledi.<\/p>\n","protected":false},"excerpt":{"rendered":"<p>Ulusal Birlik Partisi (UBP) Genel Sekreteri O\u011fuzhan Hasipo\u011flu 2023 y\u0131l\u0131nda T\u00fcrkiye\u2019de ya\u015fanan deprem ve \u0130sias Otelinde hayat\u0131n\u0131 kaybeden \u015eampiyon Meleklerin ac\u0131s\u0131n\u0131 kolay kolay unutamayacaklar\u0131 belirterek \u201cMeleklerimiz geri gelmeyecek ama adaletin ger\u00e7ek anlamda tecelli etmesi ile en az\u0131ndan vicdanlar biraz rahatlayacakt\u0131r\u201d dedi. Hasipo\u011flu, 2024 y\u0131l\u0131 beklentilerini &nbsp;BRT canl\u0131 yay\u0131n\u0131nda de\u011ferlendirdi Hasipo\u011flu, \u0130sias\u2019ta cinayet su\u00e7unun i\u015flendi\u011fini, otelde<\/p>\n","protected":false},"author":1,"featured_media":24076,"comment_status":"open","ping_status":"open","sticky":false,"template":"","format":"standard","meta":{"footnotes":""},"categories":[1],"tags":[],"class_list":["post-24075","post","type-post","status-publish","format-standard","has-post-thumbnail","hentry","category-gundem"],"yoast_head":"<!-- This site is optimized with the Yoast SEO plugin v27.5 - https:\/\/yoast.com\/product\/yoast-seo-wordpress\/ -->\n<title>Hasipo\u011flu: \u201c2024 y\u0131l\u0131n\u0131n d\u00fcnyada bar\u0131\u015f\u0131n ve huzurun, \u00fclkemizde ise 2023 y\u0131l\u0131ndan daha iyi bir y\u0131l olmas\u0131n\u0131 arzuluyoruz\u201d -<\/title>\n<meta name=\"robots\" content=\"index, follow, max-snippet:-1, max-image-preview:large, max-video-preview:-1\" \/>\n<link rel=\"canonical\" href=\"https:\/\/kibrisdakik.com\/?p=24075\" \/>\n<meta property=\"og:locale\" content=\"tr_TR\" \/>\n<meta property=\"og:type\" content=\"article\" \/>\n<meta property=\"og:title\" content=\"Hasipo\u011flu: \u201c2024 y\u0131l\u0131n\u0131n d\u00fcnyada bar\u0131\u015f\u0131n ve huzurun, \u00fclkemizde ise 2023 y\u0131l\u0131ndan daha iyi bir y\u0131l olmas\u0131n\u0131 arzuluyoruz\u201d -\" \/>\n<meta property=\"og:description\" content=\"Ulusal Birlik Partisi (UBP) Genel Sekreteri O\u011fuzhan Hasipo\u011flu 2023 y\u0131l\u0131nda T\u00fcrkiye\u2019de ya\u015fanan deprem ve \u0130sias Otelinde hayat\u0131n\u0131 kaybeden \u015eampiyon Meleklerin ac\u0131s\u0131n\u0131 kolay kolay unutamayacaklar\u0131 belirterek \u201cMeleklerimiz geri gelmeyecek ama adaletin ger\u00e7ek anlamda tecelli etmesi ile en az\u0131ndan vicdanlar biraz rahatlayacakt\u0131r\u201d dedi. Hasipo\u011flu, 2024 y\u0131l\u0131 beklentilerini &nbsp;BRT canl\u0131 yay\u0131n\u0131nda de\u011ferlendirdi Hasipo\u011flu, \u0130sias\u2019ta cinayet su\u00e7unun i\u015flendi\u011fini, otelde\" \/>\n<meta property=\"og:url\" content=\"https:\/\/kibrisdakik.com\/?p=24075\" \/>\n<meta property=\"article:published_time\" content=\"2023-12-27T18:44:51+00:00\" \/>\n<meta property=\"og:image\" content=\"https:\/\/kibrisdakik.com\/wp-content\/uploads\/2023\/12\/hasipoglu-2024-yilinin-dunyada-barisin-ve-huzurun-ulkemizde-ise-2023-yilindan-daha-iyi-bir-yil-olmasini-arzuluyoruz-1703702159.webp.webp\" \/>\n\t<meta property=\"og:image:width\" content=\"710\" \/>\n\t<meta property=\"og:image:height\" content=\"370\" \/>\n\t<meta property=\"og:image:type\" content=\"image\/webp\" \/>\n<meta name=\"author\" content=\"admin\" \/>\n<meta name=\"twitter:card\" content=\"summary_large_image\" \/>\n<meta name=\"twitter:label1\" content=\"Yazan:\" \/>\n\t<meta name=\"twitter:data1\" content=\"admin\" \/>\n\t<meta name=\"twitter:label2\" content=\"Tahmini okuma s\u00fcresi\" \/>\n\t<meta name=\"twitter:data2\" content=\"2 dakika\" \/>\n<script type=\"application\/ld+json\" class=\"yoast-schema-graph\">{\"@context\":\"https:\\\/\\\/schema.org\",\"@graph\":[{\"@type\":\"Article\",\"@id\":\"https:\\\/\\\/kibrisdakik.com\\\/?p=24075#article\",\"isPartOf\":{\"@id\":\"https:\\\/\\\/kibrisdakik.com\\\/?p=24075\"},\"author\":{\"name\":\"admin\",\"@id\":\"https:\\\/\\\/kibrisdakik.com\\\/#\\\/schema\\\/person\\\/9cd9d437bbb44f72b73ba127e06d8e79\"},\"headline\":\"Hasipo\u011flu: \u201c2024 y\u0131l\u0131n\u0131n d\u00fcnyada bar\u0131\u015f\u0131n ve huzurun, \u00fclkemizde ise 2023 y\u0131l\u0131ndan daha iyi bir y\u0131l olmas\u0131n\u0131 arzuluyoruz\u201d\",\"datePublished\":\"2023-12-27T18:44:51+00:00\",\"mainEntityOfPage\":{\"@id\":\"https:\\\/\\\/kibrisdakik.com\\\/?p=24075\"},\"wordCount\":476,\"commentCount\":0,\"image\":{\"@id\":\"https:\\\/\\\/kibrisdakik.com\\\/?p=24075#primaryimage\"},\"thumbnailUrl\":\"https:\\\/\\\/kibrisdakik.com\\\/wp-content\\\/uploads\\\/2023\\\/12\\\/hasipoglu-2024-yilinin-dunyada-barisin-ve-huzurun-ulkemizde-ise-2023-yilindan-daha-iyi-bir-yil-olmasini-arzuluyoruz-1703702159.webp.webp\",\"articleSection\":[\"G\u00fcndem\"],\"inLanguage\":\"tr\",\"potentialAction\":[{\"@type\":\"CommentAction\",\"name\":\"Comment\",\"target\":[\"https:\\\/\\\/kibrisdakik.com\\\/?p=24075#respond\"]}]},{\"@type\":\"WebPage\",\"@id\":\"https:\\\/\\\/kibrisdakik.com\\\/?p=24075\",\"url\":\"https:\\\/\\\/kibrisdakik.com\\\/?p=24075\",\"name\":\"Hasipo\u011flu: \u201c2024 y\u0131l\u0131n\u0131n d\u00fcnyada bar\u0131\u015f\u0131n ve huzurun, \u00fclkemizde ise 2023 y\u0131l\u0131ndan daha iyi bir y\u0131l olmas\u0131n\u0131 arzuluyoruz\u201d -\",\"isPartOf\":{\"@id\":\"https:\\\/\\\/kibrisdakik.com\\\/#website\"},\"primaryImageOfPage\":{\"@id\":\"https:\\\/\\\/kibrisdakik.com\\\/?p=24075#primaryimage\"},\"image\":{\"@id\":\"https:\\\/\\\/kibrisdakik.com\\\/?p=24075#primaryimage\"},\"thumbnailUrl\":\"https:\\\/\\\/kibrisdakik.com\\\/wp-content\\\/uploads\\\/2023\\\/12\\\/hasipoglu-2024-yilinin-dunyada-barisin-ve-huzurun-ulkemizde-ise-2023-yilindan-daha-iyi-bir-yil-olmasini-arzuluyoruz-1703702159.webp.webp\",\"datePublished\":\"2023-12-27T18:44:51+00:00\",\"author\":{\"@id\":\"https:\\\/\\\/kibrisdakik.com\\\/#\\\/schema\\\/person\\\/9cd9d437bbb44f72b73ba127e06d8e79\"},\"breadcrumb\":{\"@id\":\"https:\\\/\\\/kibrisdakik.com\\\/?p=24075#breadcrumb\"},\"inLanguage\":\"tr\",\"potentialAction\":[{\"@type\":\"ReadAction\",\"target\":[\"https:\\\/\\\/kibrisdakik.com\\\/?p=24075\"]}]},{\"@type\":\"ImageObject\",\"inLanguage\":\"tr\",\"@id\":\"https:\\\/\\\/kibrisdakik.com\\\/?p=24075#primaryimage\",\"url\":\"https:\\\/\\\/kibrisdakik.com\\\/wp-content\\\/uploads\\\/2023\\\/12\\\/hasipoglu-2024-yilinin-dunyada-barisin-ve-huzurun-ulkemizde-ise-2023-yilindan-daha-iyi-bir-yil-olmasini-arzuluyoruz-1703702159.webp.webp\",\"contentUrl\":\"https:\\\/\\\/kibrisdakik.com\\\/wp-content\\\/uploads\\\/2023\\\/12\\\/hasipoglu-2024-yilinin-dunyada-barisin-ve-huzurun-ulkemizde-ise-2023-yilindan-daha-iyi-bir-yil-olmasini-arzuluyoruz-1703702159.webp.webp\",\"width\":710,\"height\":370},{\"@type\":\"BreadcrumbList\",\"@id\":\"https:\\\/\\\/kibrisdakik.com\\\/?p=24075#breadcrumb\",\"itemListElement\":[{\"@type\":\"ListItem\",\"position\":1,\"name\":\"Home\",\"item\":\"https:\\\/\\\/kibrisdakik.com\\\/\"},{\"@type\":\"ListItem\",\"position\":2,\"name\":\"Hasipo\u011flu: \u201c2024 y\u0131l\u0131n\u0131n d\u00fcnyada bar\u0131\u015f\u0131n ve huzurun, \u00fclkemizde ise 2023 y\u0131l\u0131ndan daha iyi bir y\u0131l olmas\u0131n\u0131 arzuluyoruz\u201d\"}]},{\"@type\":\"WebSite\",\"@id\":\"https:\\\/\\\/kibrisdakik.com\\\/#website\",\"url\":\"https:\\\/\\\/kibrisdakik.com\\\/\",\"name\":\"\",\"description\":\"Tam vaktinde haber\",\"potentialAction\":[{\"@type\":\"SearchAction\",\"target\":{\"@type\":\"EntryPoint\",\"urlTemplate\":\"https:\\\/\\\/kibrisdakik.com\\\/?s={search_term_string}\"},\"query-input\":{\"@type\":\"PropertyValueSpecification\",\"valueRequired\":true,\"valueName\":\"search_term_string\"}}],\"inLanguage\":\"tr\"},{\"@type\":\"Person\",\"@id\":\"https:\\\/\\\/kibrisdakik.com\\\/#\\\/schema\\\/person\\\/9cd9d437bbb44f72b73ba127e06d8e79\",\"name\":\"admin\",\"image\":{\"@type\":\"ImageObject\",\"inLanguage\":\"tr\",\"@id\":\"https:\\\/\\\/secure.gravatar.com\\\/avatar\\\/ccc17943b9d660506c869530f897617f7cb1c21a4bf30023f252596d83e1f007?s=96&d=mm&r=g\",\"url\":\"https:\\\/\\\/secure.gravatar.com\\\/avatar\\\/ccc17943b9d660506c869530f897617f7cb1c21a4bf30023f252596d83e1f007?s=96&d=mm&r=g\",\"contentUrl\":\"https:\\\/\\\/secure.gravatar.com\\\/avatar\\\/ccc17943b9d660506c869530f897617f7cb1c21a4bf30023f252596d83e1f007?s=96&d=mm&r=g\",\"caption\":\"admin\"},\"sameAs\":[\"https:\\\/\\\/kibrisdakik.com\"],\"url\":\"https:\\\/\\\/kibrisdakik.com\\\/?author=1\"}]}<\/script>\n<!-- \/ Yoast SEO plugin. -->","yoast_head_json":{"title":"Hasipo\u011flu: \u201c2024 y\u0131l\u0131n\u0131n d\u00fcnyada bar\u0131\u015f\u0131n ve huzurun, \u00fclkemizde ise 2023 y\u0131l\u0131ndan daha iyi bir y\u0131l olmas\u0131n\u0131 arzuluyoruz\u201d -","robots":{"index":"index","follow":"follow","max-snippet":"max-snippet:-1","max-image-preview":"max-image-preview:large","max-video-preview":"max-video-preview:-1"},"canonical":"https:\/\/kibrisdakik.com\/?p=24075","og_locale":"tr_TR","og_type":"article","og_title":"Hasipo\u011flu: \u201c2024 y\u0131l\u0131n\u0131n d\u00fcnyada bar\u0131\u015f\u0131n ve huzurun, \u00fclkemizde ise 2023 y\u0131l\u0131ndan daha iyi bir y\u0131l olmas\u0131n\u0131 arzuluyoruz\u201d -","og_description":"Ulusal Birlik Partisi (UBP) Genel Sekreteri O\u011fuzhan Hasipo\u011flu 2023 y\u0131l\u0131nda T\u00fcrkiye\u2019de ya\u015fanan deprem ve \u0130sias Otelinde hayat\u0131n\u0131 kaybeden \u015eampiyon Meleklerin ac\u0131s\u0131n\u0131 kolay kolay unutamayacaklar\u0131 belirterek \u201cMeleklerimiz geri gelmeyecek ama adaletin ger\u00e7ek anlamda tecelli etmesi ile en az\u0131ndan vicdanlar biraz rahatlayacakt\u0131r\u201d dedi. Hasipo\u011flu, 2024 y\u0131l\u0131 beklentilerini &nbsp;BRT canl\u0131 yay\u0131n\u0131nda de\u011ferlendirdi Hasipo\u011flu, \u0130sias\u2019ta cinayet su\u00e7unun i\u015flendi\u011fini, otelde","og_url":"https:\/\/kibrisdakik.com\/?p=24075","article_published_time":"2023-12-27T18:44:51+00:00","og_image":[{"width":710,"height":370,"url":"https:\/\/kibrisdakik.com\/wp-content\/uploads\/2023\/12\/hasipoglu-2024-yilinin-dunyada-barisin-ve-huzurun-ulkemizde-ise-2023-yilindan-daha-iyi-bir-yil-olmasini-arzuluyoruz-1703702159.webp.webp","type":"image\/webp"}],"author":"admin","twitter_card":"summary_large_image","twitter_misc":{"Yazan:":"admin","Tahmini okuma s\u00fcresi":"2 dakika"},"schema":{"@context":"https:\/\/schema.org","@graph":[{"@type":"Article","@id":"https:\/\/kibrisdakik.com\/?p=24075#article","isPartOf":{"@id":"https:\/\/kibrisdakik.com\/?p=24075"},"author":{"name":"admin","@id":"https:\/\/kibrisdakik.com\/#\/schema\/person\/9cd9d437bbb44f72b73ba127e06d8e79"},"headline":"Hasipo\u011flu: \u201c2024 y\u0131l\u0131n\u0131n d\u00fcnyada bar\u0131\u015f\u0131n ve huzurun, \u00fclkemizde ise 2023 y\u0131l\u0131ndan daha iyi bir y\u0131l olmas\u0131n\u0131 arzuluyoruz\u201d","datePublished":"2023-12-27T18:44:51+00:00","mainEntityOfPage":{"@id":"https:\/\/kibrisdakik.com\/?p=24075"},"wordCount":476,"commentCount":0,"image":{"@id":"https:\/\/kibrisdakik.com\/?p=24075#primaryimage"},"thumbnailUrl":"https:\/\/kibrisdakik.com\/wp-content\/uploads\/2023\/12\/hasipoglu-2024-yilinin-dunyada-barisin-ve-huzurun-ulkemizde-ise-2023-yilindan-daha-iyi-bir-yil-olmasini-arzuluyoruz-1703702159.webp.webp","articleSection":["G\u00fcndem"],"inLanguage":"tr","potentialAction":[{"@type":"CommentAction","name":"Comment","target":["https:\/\/kibrisdakik.com\/?p=24075#respond"]}]},{"@type":"WebPage","@id":"https:\/\/kibrisdakik.com\/?p=24075","url":"https:\/\/kibrisdakik.com\/?p=24075","name":"Hasipo\u011flu: \u201c2024 y\u0131l\u0131n\u0131n d\u00fcnyada bar\u0131\u015f\u0131n ve huzurun, \u00fclkemizde ise 2023 y\u0131l\u0131ndan daha iyi bir y\u0131l olmas\u0131n\u0131 arzuluyoruz\u201d -","isPartOf":{"@id":"https:\/\/kibrisdakik.com\/#website"},"primaryImageOfPage":{"@id":"https:\/\/kibrisdakik.com\/?p=24075#primaryimage"},"image":{"@id":"https:\/\/kibrisdakik.com\/?p=24075#primaryimage"},"thumbnailUrl":"https:\/\/kibrisdakik.com\/wp-content\/uploads\/2023\/12\/hasipoglu-2024-yilinin-dunyada-barisin-ve-huzurun-ulkemizde-ise-2023-yilindan-daha-iyi-bir-yil-olmasini-arzuluyoruz-1703702159.webp.webp","datePublished":"2023-12-27T18:44:51+00:00","author":{"@id":"https:\/\/kibrisdakik.com\/#\/schema\/person\/9cd9d437bbb44f72b73ba127e06d8e79"},"breadcrumb":{"@id":"https:\/\/kibrisdakik.com\/?p=24075#breadcrumb"},"inLanguage":"tr","potentialAction":[{"@type":"ReadAction","target":["https:\/\/kibrisdakik.com\/?p=24075"]}]},{"@type":"ImageObject","inLanguage":"tr","@id":"https:\/\/kibrisdakik.com\/?p=24075#primaryimage","url":"https:\/\/kibrisdakik.com\/wp-content\/uploads\/2023\/12\/hasipoglu-2024-yilinin-dunyada-barisin-ve-huzurun-ulkemizde-ise-2023-yilindan-daha-iyi-bir-yil-olmasini-arzuluyoruz-1703702159.webp.webp","contentUrl":"https:\/\/kibrisdakik.com\/wp-content\/uploads\/2023\/12\/hasipoglu-2024-yilinin-dunyada-barisin-ve-huzurun-ulkemizde-ise-2023-yilindan-daha-iyi-bir-yil-olmasini-arzuluyoruz-1703702159.webp.webp","width":710,"height":370},{"@type":"BreadcrumbList","@id":"https:\/\/kibrisdakik.com\/?p=24075#breadcrumb","itemListElement":[{"@type":"ListItem","position":1,"name":"Home","item":"https:\/\/kibrisdakik.com\/"},{"@type":"ListItem","position":2,"name":"Hasipo\u011flu: \u201c2024 y\u0131l\u0131n\u0131n d\u00fcnyada bar\u0131\u015f\u0131n ve huzurun, \u00fclkemizde ise 2023 y\u0131l\u0131ndan daha iyi bir y\u0131l olmas\u0131n\u0131 arzuluyoruz\u201d"}]},{"@type":"WebSite","@id":"https:\/\/kibrisdakik.com\/#website","url":"https:\/\/kibrisdakik.com\/","name":"","description":"Tam vaktinde haber","potentialAction":[{"@type":"SearchAction","target":{"@type":"EntryPoint","urlTemplate":"https:\/\/kibrisdakik.com\/?s={search_term_string}"},"query-input":{"@type":"PropertyValueSpecification","valueRequired":true,"valueName":"search_term_string"}}],"inLanguage":"tr"},{"@type":"Person","@id":"https:\/\/kibrisdakik.com\/#\/schema\/person\/9cd9d437bbb44f72b73ba127e06d8e79","name":"admin","image":{"@type":"ImageObject","inLanguage":"tr","@id":"https:\/\/secure.gravatar.com\/avatar\/ccc17943b9d660506c869530f897617f7cb1c21a4bf30023f252596d83e1f007?s=96&d=mm&r=g","url":"https:\/\/secure.gravatar.com\/avatar\/ccc17943b9d660506c869530f897617f7cb1c21a4bf30023f252596d83e1f007?s=96&d=mm&r=g","contentUrl":"https:\/\/secure.gravatar.com\/avatar\/ccc17943b9d660506c869530f897617f7cb1c21a4bf30023f252596d83e1f007?s=96&d=mm&r=g","caption":"admin"},"sameAs":["https:\/\/kibrisdakik.com"],"url":"https:\/\/kibrisdakik.com\/?author=1"}]}},"_links":{"self":[{"href":"https:\/\/kibrisdakik.com\/index.php?rest_route=\/wp\/v2\/posts\/24075","targetHints":{"allow":["GET"]}}],"collection":[{"href":"https:\/\/kibrisdakik.com\/index.php?rest_route=\/wp\/v2\/posts"}],"about":[{"href":"https:\/\/kibrisdakik.com\/index.php?rest_route=\/wp\/v2\/types\/post"}],"author":[{"embeddable":true,"href":"https:\/\/kibrisdakik.com\/index.php?rest_route=\/wp\/v2\/users\/1"}],"replies":[{"embeddable":true,"href":"https:\/\/kibrisdakik.com\/index.php?rest_route=%2Fwp%2Fv2%2Fcomments&post=24075"}],"version-history":[{"count":0,"href":"https:\/\/kibrisdakik.com\/index.php?rest_route=\/wp\/v2\/posts\/24075\/revisions"}],"wp:featuredmedia":[{"embeddable":true,"href":"https:\/\/kibrisdakik.com\/index.php?rest_route=\/wp\/v2\/media\/24076"}],"wp:attachment":[{"href":"https:\/\/kibrisdakik.com\/index.php?rest_route=%2Fwp%2Fv2%2Fmedia&parent=24075"}],"wp:term":[{"taxonomy":"category","embeddable":true,"href":"https:\/\/kibrisdakik.com\/index.php?rest_route=%2Fwp%2Fv2%2Fcategories&post=24075"},{"taxonomy":"post_tag","embeddable":true,"href":"https:\/\/kibrisdakik.com\/index.php?rest_route=%2Fwp%2Fv2%2Ftags&post=24075"}],"curies":[{"name":"wp","href":"https:\/\/api.w.org\/{rel}","templated":true}]}}