{"id":24308,"date":"2023-12-29T11:30:00","date_gmt":"2023-12-29T11:30:00","guid":{"rendered":"https:\/\/kibrisdakik.com\/index.php\/2023\/12\/29\/ukrayna-rusya-basta-kiev-olmak-uzere-farkli-bolgelere-yogun-fuze-saldirisi-duzenledi\/"},"modified":"2023-12-29T11:30:00","modified_gmt":"2023-12-29T11:30:00","slug":"ukrayna-rusya-basta-kiev-olmak-uzere-farkli-bolgelere-yogun-fuze-saldirisi-duzenledi","status":"publish","type":"post","link":"https:\/\/kibrisdakik.com\/?p=24308","title":{"rendered":"Ukrayna: Rusya, ba\u015fta Kiev olmak \u00fczere farkl\u0131 b\u00f6lgelere yo\u011fun f\u00fcze sald\u0131r\u0131s\u0131 d\u00fczenledi"},"content":{"rendered":"<p><img decoding=\"async\" src=\"https:\/\/www.kibristurk.com\/images\/haberler\/2023\/12\/ukrayna-rusya-basta-kiev-olmak-uzere-farkli-bolgelere-yogun-fuze-saldirisi-duzenledi-1703849473.webp\" \/><\/p>\n<p>Kiev \u015eehri Askeri \u0130dare Ba\u015fkan\u0131 Sergey Popko, idarenin sosyal medya hesab\u0131ndan yapt\u0131\u011f\u0131 a\u00e7\u0131klamada, Rusya&#8217;n\u0131n sabah saatlerinde ba\u015fkent Kiev&#8217;e f\u00fcze sald\u0131r\u0131s\u0131 d\u00fczenledi\u011fini, evlerin, arabalar\u0131n hasar g\u00f6rd\u00fc\u011f\u00fcn\u00fc, bir depo binas\u0131nda yang\u0131n \u00e7\u0131kt\u0131\u011f\u0131n\u0131 belirtti.<\/p>\n<p>Kiev Belediye Ba\u015fkan\u0131 Vitaliy Kli\u00e7ko da sosyal medya hesab\u0131ndan yapt\u0131\u011f\u0131 payla\u015f\u0131mda, Rusya&#8217;n\u0131n sabah d\u00fczenledi\u011fi sald\u0131r\u0131lar sonucunda Kiev&#8217;de 7 ki\u015finin yaraland\u0131\u011f\u0131n\u0131, bir depo binas\u0131nda yang\u0131n \u00e7\u0131kt\u0131\u011f\u0131n\u0131 ve Lukyanivska metro istasyonunun hasar ald\u0131\u011f\u0131n\u0131 aktard\u0131.<\/p>\n<p>Kiev&#8217;in \u015eev\u00e7enko semtinde f\u00fcze par\u00e7alar\u0131n\u0131n d\u00fc\u015fmesi sonucu hasar g\u00f6ren deponun enkaz\u0131nda 3 ki\u015finin mahsur kald\u0131\u011f\u0131n\u0131 bildiren Kli\u00e7ko, 3 ki\u015finin kurtar\u0131ld\u0131\u011f\u0131n\u0131, olay yerinde arama kurtarma \u00e7al\u0131\u015fmalar\u0131n\u0131n devam etti\u011fini kaydetti.<\/p>\n<p>Ukrayna \u0130\u00e7i\u015fleri Bakanl\u0131\u011f\u0131, Kiev&#8217;de 2 ki\u015finin hayat\u0131n\u0131 kaybetti\u011fini, 18 ki\u015finin yaraland\u0131\u011f\u0131n\u0131 bildirdi.<\/p>\n<p>&#8211; &#8220;Harkiv&#8217;e 20&#8217;den fazla sald\u0131r\u0131 ger\u00e7ekle\u015ftirdi&#8221;<\/p>\n<p>Harkiv B\u00f6lgesi Askeri \u0130dare Ba\u015fkan\u0131 Oleg Sinegubov, sosyal medya hesab\u0131ndan, Rus ordusunun sabah saatlerinde b\u00f6lgeye S-300 f\u00fczeleriyle 20&#8217;den fazla sald\u0131r\u0131 ger\u00e7ekle\u015ftirdi\u011fini a\u00e7\u0131klad\u0131.<\/p>\n<p>Sinegubov, sald\u0131r\u0131 sonucunda 1 ki\u015finin hayat\u0131n\u0131 kaybetti\u011fini, 8 ki\u015finin yaraland\u0131\u011f\u0131n\u0131, bir t\u0131bbi tesis, depolar, sivil i\u015fletmeler ve di\u011fer sivil altyap\u0131n\u0131n hasar g\u00f6rd\u00fc\u011f\u00fcn\u00fc kaydetti.<\/p>\n<p>Odessa B\u00f6lgesi Askeri \u0130dare Ba\u015fkan\u0131 Oleg Kipper, sosyal medya hesab\u0131ndan, Rusya&#8217;n\u0131n b\u00f6lgeye bu gece d\u00fczenledi\u011fi \u0130HA sald\u0131r\u0131lar\u0131n\u0131n ard\u0131ndan sabah saatlerinde f\u00fczelerle sald\u0131rd\u0131\u011f\u0131n\u0131 ifade etti.<\/p>\n<p>F\u00fczelerin evlere isabet etti\u011fini belirten Kiper, &#8220;Sald\u0131r\u0131 sonucunda 2 ki\u015fi \u00f6ld\u00fc, 2&#8217;si \u00e7ocuk olmak \u00fczere 15 ki\u015fi yaraland\u0131. 2 yaral\u0131n\u0131n durumu a\u011f\u0131r.&#8221; bilgisini verdi.<\/p>\n<p>Kiper, Rus ordusunun gece \u0130HA&#8217;larla d\u00fczenledi\u011fi sald\u0131r\u0131larda 10 &#8220;\u015eahed&#8221; tipi \u0130HA&#8217;n\u0131n imha edildi\u011fini, \u0130HA par\u00e7alar\u0131n\u0131n d\u00fc\u015fmesi sonucu bir apartman\u0131n hasar g\u00f6rd\u00fc\u011f\u00fcn\u00fc, par\u00e7alar\u0131n kullan\u0131lmayan bir i\u015fletme tesisine isabet etti\u011fini aktard\u0131.<\/p>\n<p>&#8211; Evler, hastane, AVM hedef al\u0131nd\u0131<\/p>\n<p>Zaporijya B\u00f6lgesi Askeri \u0130dare Ba\u015fkan\u0131 Yuriy Mala\u015fko, sosyal medya hesab\u0131ndan yapt\u0131\u011f\u0131 payla\u015f\u0131mda, Rus ordusunun bu sabah b\u00f6lgeye yo\u011fun f\u00fcze sald\u0131r\u0131s\u0131 ger\u00e7ekle\u015ftirdi\u011fini ve Zaporijya \u015fehrindeki baz\u0131 i\u015fletmeleri hedef ald\u0131\u011f\u0131n\u0131 belirtti.<\/p>\n<p>Sald\u0131r\u0131larda 1 ki\u015finin hayat\u0131n\u0131 kaybetti\u011fini, 10 ki\u015finin yaraland\u0131\u011f\u0131n\u0131 ifade eden Mala\u015fko, sald\u0131r\u0131larda evlerin, apartmanlar\u0131n hasar ald\u0131\u011f\u0131n\u0131 kaydetti.<\/p>\n<p>Mala\u015fko, f\u00fczelerin d\u00fc\u015ft\u00fc\u011f\u00fc yerlerde arama kurtarma \u00e7al\u0131\u015fmalar\u0131n\u0131n devam etti\u011fini bildirdi.<\/p>\n<p>Dnipro B\u00f6lgesi Askeri \u0130dare Ba\u015fkan\u0131 Sergey Lisak, Rusya&#8217;n\u0131n sabah d\u00fczenledi\u011fi f\u00fcze sald\u0131r\u0131lar\u0131nda \u00f6lenler oldu\u011fu, bir evin, bir katl\u0131 binan\u0131n ve do\u011fum hastanesinin hasar g\u00f6rd\u00fc\u011f\u00fc bilgisini payla\u015ft\u0131.<\/p>\n<p>Lisak, bir f\u00fczenin al\u0131\u015fveri\u015f merkezine (AVM) isabet etti\u011fini, AVM&#8217;de yang\u0131n \u00e7\u0131kt\u0131\u011f\u0131n\u0131 belirtti. \u0130\u00e7i\u015fleri Bakanl\u0131\u011f\u0131, sald\u0131r\u0131da 5 ki\u015finin \u00f6ld\u00fc\u011f\u00fcn\u00fc, 15 ki\u015finin yaraland\u0131\u011f\u0131n\u0131 kaydetti.<\/p>\n<p>Bakanl\u0131k, Lviv \u015fehrine de f\u00fcze isabet etti\u011fini aktararak, patlamalarda konutlar\u0131n hasar g\u00f6rd\u00fc\u011f\u00fcn\u00fc, 1 ki\u015finin \u00f6ld\u00fc\u011f\u00fcn\u00fc ve 9 ki\u015finin yaraland\u0131\u011f\u0131n\u0131 bildirdi.<\/p>\n","protected":false},"excerpt":{"rendered":"<p>Kiev \u015eehri Askeri \u0130dare Ba\u015fkan\u0131 Sergey Popko, idarenin sosyal medya hesab\u0131ndan yapt\u0131\u011f\u0131 a\u00e7\u0131klamada, Rusya&#8217;n\u0131n sabah saatlerinde ba\u015fkent Kiev&#8217;e f\u00fcze sald\u0131r\u0131s\u0131 d\u00fczenledi\u011fini, evlerin, arabalar\u0131n hasar g\u00f6rd\u00fc\u011f\u00fcn\u00fc, bir depo binas\u0131nda yang\u0131n \u00e7\u0131kt\u0131\u011f\u0131n\u0131 belirtti. Kiev Belediye Ba\u015fkan\u0131 Vitaliy Kli\u00e7ko da sosyal medya hesab\u0131ndan yapt\u0131\u011f\u0131 payla\u015f\u0131mda, Rusya&#8217;n\u0131n sabah d\u00fczenledi\u011fi sald\u0131r\u0131lar sonucunda Kiev&#8217;de 7 ki\u015finin yaraland\u0131\u011f\u0131n\u0131, bir depo binas\u0131nda yang\u0131n<\/p>\n","protected":false},"author":1,"featured_media":24309,"comment_status":"open","ping_status":"open","sticky":false,"template":"","format":"standard","meta":{"footnotes":""},"categories":[1],"tags":[],"class_list":["post-24308","post","type-post","status-publish","format-standard","has-post-thumbnail","hentry","category-gundem"],"yoast_head":"<!-- This site is optimized with the Yoast SEO plugin v27.5 - https:\/\/yoast.com\/product\/yoast-seo-wordpress\/ -->\n<title>Ukrayna: Rusya, ba\u015fta Kiev olmak \u00fczere farkl\u0131 b\u00f6lgelere yo\u011fun f\u00fcze sald\u0131r\u0131s\u0131 d\u00fczenledi -<\/title>\n<meta name=\"robots\" content=\"index, follow, max-snippet:-1, max-image-preview:large, max-video-preview:-1\" \/>\n<link rel=\"canonical\" href=\"https:\/\/kibrisdakik.com\/?p=24308\" \/>\n<meta property=\"og:locale\" content=\"tr_TR\" \/>\n<meta property=\"og:type\" content=\"article\" \/>\n<meta property=\"og:title\" content=\"Ukrayna: Rusya, ba\u015fta Kiev olmak \u00fczere farkl\u0131 b\u00f6lgelere yo\u011fun f\u00fcze sald\u0131r\u0131s\u0131 d\u00fczenledi -\" \/>\n<meta property=\"og:description\" content=\"Kiev \u015eehri Askeri \u0130dare Ba\u015fkan\u0131 Sergey Popko, idarenin sosyal medya hesab\u0131ndan yapt\u0131\u011f\u0131 a\u00e7\u0131klamada, Rusya&#8217;n\u0131n sabah saatlerinde ba\u015fkent Kiev&#8217;e f\u00fcze sald\u0131r\u0131s\u0131 d\u00fczenledi\u011fini, evlerin, arabalar\u0131n hasar g\u00f6rd\u00fc\u011f\u00fcn\u00fc, bir depo binas\u0131nda yang\u0131n \u00e7\u0131kt\u0131\u011f\u0131n\u0131 belirtti. Kiev Belediye Ba\u015fkan\u0131 Vitaliy Kli\u00e7ko da sosyal medya hesab\u0131ndan yapt\u0131\u011f\u0131 payla\u015f\u0131mda, Rusya&#8217;n\u0131n sabah d\u00fczenledi\u011fi sald\u0131r\u0131lar sonucunda Kiev&#8217;de 7 ki\u015finin yaraland\u0131\u011f\u0131n\u0131, bir depo binas\u0131nda yang\u0131n\" \/>\n<meta property=\"og:url\" content=\"https:\/\/kibrisdakik.com\/?p=24308\" \/>\n<meta property=\"article:published_time\" content=\"2023-12-29T11:30:00+00:00\" \/>\n<meta property=\"og:image\" content=\"https:\/\/kibrisdakik.com\/wp-content\/uploads\/2023\/12\/ukrayna-rusya-basta-kiev-olmak-uzere-farkli-bolgelere-yogun-fuze-saldirisi-duzenledi-1703849473.webp.webp\" \/>\n\t<meta property=\"og:image:width\" content=\"710\" \/>\n\t<meta property=\"og:image:height\" content=\"370\" \/>\n\t<meta property=\"og:image:type\" content=\"image\/webp\" \/>\n<meta name=\"author\" content=\"admin\" \/>\n<meta name=\"twitter:card\" content=\"summary_large_image\" \/>\n<meta name=\"twitter:label1\" content=\"Yazan:\" \/>\n\t<meta name=\"twitter:data1\" content=\"admin\" \/>\n\t<meta name=\"twitter:label2\" content=\"Tahmini okuma s\u00fcresi\" \/>\n\t<meta name=\"twitter:data2\" content=\"3 dakika\" \/>\n<script type=\"application\/ld+json\" class=\"yoast-schema-graph\">{\"@context\":\"https:\\\/\\\/schema.org\",\"@graph\":[{\"@type\":\"Article\",\"@id\":\"https:\\\/\\\/kibrisdakik.com\\\/?p=24308#article\",\"isPartOf\":{\"@id\":\"https:\\\/\\\/kibrisdakik.com\\\/?p=24308\"},\"author\":{\"name\":\"admin\",\"@id\":\"https:\\\/\\\/kibrisdakik.com\\\/#\\\/schema\\\/person\\\/9cd9d437bbb44f72b73ba127e06d8e79\"},\"headline\":\"Ukrayna: Rusya, ba\u015fta Kiev olmak \u00fczere farkl\u0131 b\u00f6lgelere yo\u011fun f\u00fcze sald\u0131r\u0131s\u0131 d\u00fczenledi\",\"datePublished\":\"2023-12-29T11:30:00+00:00\",\"mainEntityOfPage\":{\"@id\":\"https:\\\/\\\/kibrisdakik.com\\\/?p=24308\"},\"wordCount\":556,\"commentCount\":0,\"image\":{\"@id\":\"https:\\\/\\\/kibrisdakik.com\\\/?p=24308#primaryimage\"},\"thumbnailUrl\":\"https:\\\/\\\/kibrisdakik.com\\\/wp-content\\\/uploads\\\/2023\\\/12\\\/ukrayna-rusya-basta-kiev-olmak-uzere-farkli-bolgelere-yogun-fuze-saldirisi-duzenledi-1703849473.webp.webp\",\"articleSection\":[\"G\u00fcndem\"],\"inLanguage\":\"tr\",\"potentialAction\":[{\"@type\":\"CommentAction\",\"name\":\"Comment\",\"target\":[\"https:\\\/\\\/kibrisdakik.com\\\/?p=24308#respond\"]}]},{\"@type\":\"WebPage\",\"@id\":\"https:\\\/\\\/kibrisdakik.com\\\/?p=24308\",\"url\":\"https:\\\/\\\/kibrisdakik.com\\\/?p=24308\",\"name\":\"Ukrayna: Rusya, ba\u015fta Kiev olmak \u00fczere farkl\u0131 b\u00f6lgelere yo\u011fun f\u00fcze sald\u0131r\u0131s\u0131 d\u00fczenledi -\",\"isPartOf\":{\"@id\":\"https:\\\/\\\/kibrisdakik.com\\\/#website\"},\"primaryImageOfPage\":{\"@id\":\"https:\\\/\\\/kibrisdakik.com\\\/?p=24308#primaryimage\"},\"image\":{\"@id\":\"https:\\\/\\\/kibrisdakik.com\\\/?p=24308#primaryimage\"},\"thumbnailUrl\":\"https:\\\/\\\/kibrisdakik.com\\\/wp-content\\\/uploads\\\/2023\\\/12\\\/ukrayna-rusya-basta-kiev-olmak-uzere-farkli-bolgelere-yogun-fuze-saldirisi-duzenledi-1703849473.webp.webp\",\"datePublished\":\"2023-12-29T11:30:00+00:00\",\"author\":{\"@id\":\"https:\\\/\\\/kibrisdakik.com\\\/#\\\/schema\\\/person\\\/9cd9d437bbb44f72b73ba127e06d8e79\"},\"breadcrumb\":{\"@id\":\"https:\\\/\\\/kibrisdakik.com\\\/?p=24308#breadcrumb\"},\"inLanguage\":\"tr\",\"potentialAction\":[{\"@type\":\"ReadAction\",\"target\":[\"https:\\\/\\\/kibrisdakik.com\\\/?p=24308\"]}]},{\"@type\":\"ImageObject\",\"inLanguage\":\"tr\",\"@id\":\"https:\\\/\\\/kibrisdakik.com\\\/?p=24308#primaryimage\",\"url\":\"https:\\\/\\\/kibrisdakik.com\\\/wp-content\\\/uploads\\\/2023\\\/12\\\/ukrayna-rusya-basta-kiev-olmak-uzere-farkli-bolgelere-yogun-fuze-saldirisi-duzenledi-1703849473.webp.webp\",\"contentUrl\":\"https:\\\/\\\/kibrisdakik.com\\\/wp-content\\\/uploads\\\/2023\\\/12\\\/ukrayna-rusya-basta-kiev-olmak-uzere-farkli-bolgelere-yogun-fuze-saldirisi-duzenledi-1703849473.webp.webp\",\"width\":710,\"height\":370},{\"@type\":\"BreadcrumbList\",\"@id\":\"https:\\\/\\\/kibrisdakik.com\\\/?p=24308#breadcrumb\",\"itemListElement\":[{\"@type\":\"ListItem\",\"position\":1,\"name\":\"Home\",\"item\":\"https:\\\/\\\/kibrisdakik.com\\\/\"},{\"@type\":\"ListItem\",\"position\":2,\"name\":\"Ukrayna: Rusya, ba\u015fta Kiev olmak \u00fczere farkl\u0131 b\u00f6lgelere yo\u011fun f\u00fcze sald\u0131r\u0131s\u0131 d\u00fczenledi\"}]},{\"@type\":\"WebSite\",\"@id\":\"https:\\\/\\\/kibrisdakik.com\\\/#website\",\"url\":\"https:\\\/\\\/kibrisdakik.com\\\/\",\"name\":\"\",\"description\":\"Tam vaktinde haber\",\"potentialAction\":[{\"@type\":\"SearchAction\",\"target\":{\"@type\":\"EntryPoint\",\"urlTemplate\":\"https:\\\/\\\/kibrisdakik.com\\\/?s={search_term_string}\"},\"query-input\":{\"@type\":\"PropertyValueSpecification\",\"valueRequired\":true,\"valueName\":\"search_term_string\"}}],\"inLanguage\":\"tr\"},{\"@type\":\"Person\",\"@id\":\"https:\\\/\\\/kibrisdakik.com\\\/#\\\/schema\\\/person\\\/9cd9d437bbb44f72b73ba127e06d8e79\",\"name\":\"admin\",\"image\":{\"@type\":\"ImageObject\",\"inLanguage\":\"tr\",\"@id\":\"https:\\\/\\\/secure.gravatar.com\\\/avatar\\\/ccc17943b9d660506c869530f897617f7cb1c21a4bf30023f252596d83e1f007?s=96&d=mm&r=g\",\"url\":\"https:\\\/\\\/secure.gravatar.com\\\/avatar\\\/ccc17943b9d660506c869530f897617f7cb1c21a4bf30023f252596d83e1f007?s=96&d=mm&r=g\",\"contentUrl\":\"https:\\\/\\\/secure.gravatar.com\\\/avatar\\\/ccc17943b9d660506c869530f897617f7cb1c21a4bf30023f252596d83e1f007?s=96&d=mm&r=g\",\"caption\":\"admin\"},\"sameAs\":[\"https:\\\/\\\/kibrisdakik.com\"],\"url\":\"https:\\\/\\\/kibrisdakik.com\\\/?author=1\"}]}<\/script>\n<!-- \/ Yoast SEO plugin. -->","yoast_head_json":{"title":"Ukrayna: Rusya, ba\u015fta Kiev olmak \u00fczere farkl\u0131 b\u00f6lgelere yo\u011fun f\u00fcze sald\u0131r\u0131s\u0131 d\u00fczenledi -","robots":{"index":"index","follow":"follow","max-snippet":"max-snippet:-1","max-image-preview":"max-image-preview:large","max-video-preview":"max-video-preview:-1"},"canonical":"https:\/\/kibrisdakik.com\/?p=24308","og_locale":"tr_TR","og_type":"article","og_title":"Ukrayna: Rusya, ba\u015fta Kiev olmak \u00fczere farkl\u0131 b\u00f6lgelere yo\u011fun f\u00fcze sald\u0131r\u0131s\u0131 d\u00fczenledi -","og_description":"Kiev \u015eehri Askeri \u0130dare Ba\u015fkan\u0131 Sergey Popko, idarenin sosyal medya hesab\u0131ndan yapt\u0131\u011f\u0131 a\u00e7\u0131klamada, Rusya&#8217;n\u0131n sabah saatlerinde ba\u015fkent Kiev&#8217;e f\u00fcze sald\u0131r\u0131s\u0131 d\u00fczenledi\u011fini, evlerin, arabalar\u0131n hasar g\u00f6rd\u00fc\u011f\u00fcn\u00fc, bir depo binas\u0131nda yang\u0131n \u00e7\u0131kt\u0131\u011f\u0131n\u0131 belirtti. Kiev Belediye Ba\u015fkan\u0131 Vitaliy Kli\u00e7ko da sosyal medya hesab\u0131ndan yapt\u0131\u011f\u0131 payla\u015f\u0131mda, Rusya&#8217;n\u0131n sabah d\u00fczenledi\u011fi sald\u0131r\u0131lar sonucunda Kiev&#8217;de 7 ki\u015finin yaraland\u0131\u011f\u0131n\u0131, bir depo binas\u0131nda yang\u0131n","og_url":"https:\/\/kibrisdakik.com\/?p=24308","article_published_time":"2023-12-29T11:30:00+00:00","og_image":[{"width":710,"height":370,"url":"https:\/\/kibrisdakik.com\/wp-content\/uploads\/2023\/12\/ukrayna-rusya-basta-kiev-olmak-uzere-farkli-bolgelere-yogun-fuze-saldirisi-duzenledi-1703849473.webp.webp","type":"image\/webp"}],"author":"admin","twitter_card":"summary_large_image","twitter_misc":{"Yazan:":"admin","Tahmini okuma s\u00fcresi":"3 dakika"},"schema":{"@context":"https:\/\/schema.org","@graph":[{"@type":"Article","@id":"https:\/\/kibrisdakik.com\/?p=24308#article","isPartOf":{"@id":"https:\/\/kibrisdakik.com\/?p=24308"},"author":{"name":"admin","@id":"https:\/\/kibrisdakik.com\/#\/schema\/person\/9cd9d437bbb44f72b73ba127e06d8e79"},"headline":"Ukrayna: Rusya, ba\u015fta Kiev olmak \u00fczere farkl\u0131 b\u00f6lgelere yo\u011fun f\u00fcze sald\u0131r\u0131s\u0131 d\u00fczenledi","datePublished":"2023-12-29T11:30:00+00:00","mainEntityOfPage":{"@id":"https:\/\/kibrisdakik.com\/?p=24308"},"wordCount":556,"commentCount":0,"image":{"@id":"https:\/\/kibrisdakik.com\/?p=24308#primaryimage"},"thumbnailUrl":"https:\/\/kibrisdakik.com\/wp-content\/uploads\/2023\/12\/ukrayna-rusya-basta-kiev-olmak-uzere-farkli-bolgelere-yogun-fuze-saldirisi-duzenledi-1703849473.webp.webp","articleSection":["G\u00fcndem"],"inLanguage":"tr","potentialAction":[{"@type":"CommentAction","name":"Comment","target":["https:\/\/kibrisdakik.com\/?p=24308#respond"]}]},{"@type":"WebPage","@id":"https:\/\/kibrisdakik.com\/?p=24308","url":"https:\/\/kibrisdakik.com\/?p=24308","name":"Ukrayna: Rusya, ba\u015fta Kiev olmak \u00fczere farkl\u0131 b\u00f6lgelere yo\u011fun f\u00fcze sald\u0131r\u0131s\u0131 d\u00fczenledi -","isPartOf":{"@id":"https:\/\/kibrisdakik.com\/#website"},"primaryImageOfPage":{"@id":"https:\/\/kibrisdakik.com\/?p=24308#primaryimage"},"image":{"@id":"https:\/\/kibrisdakik.com\/?p=24308#primaryimage"},"thumbnailUrl":"https:\/\/kibrisdakik.com\/wp-content\/uploads\/2023\/12\/ukrayna-rusya-basta-kiev-olmak-uzere-farkli-bolgelere-yogun-fuze-saldirisi-duzenledi-1703849473.webp.webp","datePublished":"2023-12-29T11:30:00+00:00","author":{"@id":"https:\/\/kibrisdakik.com\/#\/schema\/person\/9cd9d437bbb44f72b73ba127e06d8e79"},"breadcrumb":{"@id":"https:\/\/kibrisdakik.com\/?p=24308#breadcrumb"},"inLanguage":"tr","potentialAction":[{"@type":"ReadAction","target":["https:\/\/kibrisdakik.com\/?p=24308"]}]},{"@type":"ImageObject","inLanguage":"tr","@id":"https:\/\/kibrisdakik.com\/?p=24308#primaryimage","url":"https:\/\/kibrisdakik.com\/wp-content\/uploads\/2023\/12\/ukrayna-rusya-basta-kiev-olmak-uzere-farkli-bolgelere-yogun-fuze-saldirisi-duzenledi-1703849473.webp.webp","contentUrl":"https:\/\/kibrisdakik.com\/wp-content\/uploads\/2023\/12\/ukrayna-rusya-basta-kiev-olmak-uzere-farkli-bolgelere-yogun-fuze-saldirisi-duzenledi-1703849473.webp.webp","width":710,"height":370},{"@type":"BreadcrumbList","@id":"https:\/\/kibrisdakik.com\/?p=24308#breadcrumb","itemListElement":[{"@type":"ListItem","position":1,"name":"Home","item":"https:\/\/kibrisdakik.com\/"},{"@type":"ListItem","position":2,"name":"Ukrayna: Rusya, ba\u015fta Kiev olmak \u00fczere farkl\u0131 b\u00f6lgelere yo\u011fun f\u00fcze sald\u0131r\u0131s\u0131 d\u00fczenledi"}]},{"@type":"WebSite","@id":"https:\/\/kibrisdakik.com\/#website","url":"https:\/\/kibrisdakik.com\/","name":"","description":"Tam vaktinde haber","potentialAction":[{"@type":"SearchAction","target":{"@type":"EntryPoint","urlTemplate":"https:\/\/kibrisdakik.com\/?s={search_term_string}"},"query-input":{"@type":"PropertyValueSpecification","valueRequired":true,"valueName":"search_term_string"}}],"inLanguage":"tr"},{"@type":"Person","@id":"https:\/\/kibrisdakik.com\/#\/schema\/person\/9cd9d437bbb44f72b73ba127e06d8e79","name":"admin","image":{"@type":"ImageObject","inLanguage":"tr","@id":"https:\/\/secure.gravatar.com\/avatar\/ccc17943b9d660506c869530f897617f7cb1c21a4bf30023f252596d83e1f007?s=96&d=mm&r=g","url":"https:\/\/secure.gravatar.com\/avatar\/ccc17943b9d660506c869530f897617f7cb1c21a4bf30023f252596d83e1f007?s=96&d=mm&r=g","contentUrl":"https:\/\/secure.gravatar.com\/avatar\/ccc17943b9d660506c869530f897617f7cb1c21a4bf30023f252596d83e1f007?s=96&d=mm&r=g","caption":"admin"},"sameAs":["https:\/\/kibrisdakik.com"],"url":"https:\/\/kibrisdakik.com\/?author=1"}]}},"_links":{"self":[{"href":"https:\/\/kibrisdakik.com\/index.php?rest_route=\/wp\/v2\/posts\/24308","targetHints":{"allow":["GET"]}}],"collection":[{"href":"https:\/\/kibrisdakik.com\/index.php?rest_route=\/wp\/v2\/posts"}],"about":[{"href":"https:\/\/kibrisdakik.com\/index.php?rest_route=\/wp\/v2\/types\/post"}],"author":[{"embeddable":true,"href":"https:\/\/kibrisdakik.com\/index.php?rest_route=\/wp\/v2\/users\/1"}],"replies":[{"embeddable":true,"href":"https:\/\/kibrisdakik.com\/index.php?rest_route=%2Fwp%2Fv2%2Fcomments&post=24308"}],"version-history":[{"count":0,"href":"https:\/\/kibrisdakik.com\/index.php?rest_route=\/wp\/v2\/posts\/24308\/revisions"}],"wp:featuredmedia":[{"embeddable":true,"href":"https:\/\/kibrisdakik.com\/index.php?rest_route=\/wp\/v2\/media\/24309"}],"wp:attachment":[{"href":"https:\/\/kibrisdakik.com\/index.php?rest_route=%2Fwp%2Fv2%2Fmedia&parent=24308"}],"wp:term":[{"taxonomy":"category","embeddable":true,"href":"https:\/\/kibrisdakik.com\/index.php?rest_route=%2Fwp%2Fv2%2Fcategories&post=24308"},{"taxonomy":"post_tag","embeddable":true,"href":"https:\/\/kibrisdakik.com\/index.php?rest_route=%2Fwp%2Fv2%2Ftags&post=24308"}],"curies":[{"name":"wp","href":"https:\/\/api.w.org\/{rel}","templated":true}]}}