{"id":24364,"date":"2023-12-29T17:16:59","date_gmt":"2023-12-29T17:16:59","guid":{"rendered":"https:\/\/kibrisdakik.com\/index.php\/2023\/12\/29\/fenerbahce-otelden-cikmadi\/"},"modified":"2023-12-29T17:16:59","modified_gmt":"2023-12-29T17:16:59","slug":"fenerbahce-otelden-cikmadi","status":"publish","type":"post","link":"https:\/\/kibrisdakik.com\/?p=24364","title":{"rendered":"Fenerbah\u00e7e otelden \u00e7\u0131kmad\u0131"},"content":{"rendered":"<p><img decoding=\"async\" src=\"https:\/\/www.kibristurk.com\/images\/haberler\/2023\/12\/fenerbahce-otelden-cikmadi-1703868921.webp\" \/><\/p>\n<p><span style=\"font-size:11pt\"><span style=\"font-family:Calibri,sans-serif\"><span style=\"font-size:13.0pt\">Suudi Arabistan&#8217;da oynanacak S\u00fcper Kupa&#8217;da krizler art arda ya\u015fan\u0131yor. Al-Awwal Stadyumu&#8217;nda 20.45&#8217;te ba\u015flayacak ma\u00e7 i\u00e7in iki tak\u0131m da kamp yapt\u0131\u011f\u0131 otelden ayr\u0131lmad\u0131.<\/span><\/span><\/span><\/p>\n<p><span style=\"font-size:11pt\"><span style=\"font-family:Calibri,sans-serif\"><span style=\"font-size:13.0pt\">Sar\u0131 k\u0131rm\u0131z\u0131l\u0131lar, Atat\u00fcrk ti\u015f\u00f6rtleriyle \u0131s\u0131nmaya \u00e7\u0131kmak istiyor ve kabul edilmezse ma\u00e7a \u00e7\u0131kmayacaklar. <\/span><\/span><\/span><\/p>\n<p><span style=\"font-size:11pt\"><span style=\"font-family:Calibri,sans-serif\"><span style=\"font-size:13.0pt\">G\u00fcn i\u00e7inde baz\u0131 problemler \u00e7\u00f6z\u00fcld\u00fc<\/span><\/span><\/span><\/p>\n<p><span style=\"font-size:11pt\"><span style=\"font-family:Calibri,sans-serif\"><span style=\"font-size:13.0pt\">\u00c7\u0131kan karara g\u00f6re ma\u00e7 \u00f6ncesi \u0130stiklal Mar\u015f\u0131 okunacak ve T\u00fcrk bayra\u011f\u0131 a\u00e7\u0131labilecek. Ma\u00e7 \u00f6ncesi organizasyonda yerel \u015fark\u0131lar\u0131n \u00e7almas\u0131nda da sorun \u00e7\u0131kmayacak. Ancak ti\u015f\u00f6rt ve pankarta onay verilmedi.<\/span><\/span><\/span><\/p>\n<p>&nbsp;<\/p>\n","protected":false},"excerpt":{"rendered":"<p>Suudi Arabistan&#8217;da oynanacak S\u00fcper Kupa&#8217;da krizler art arda ya\u015fan\u0131yor. Al-Awwal Stadyumu&#8217;nda 20.45&#8217;te ba\u015flayacak ma\u00e7 i\u00e7in iki tak\u0131m da kamp yapt\u0131\u011f\u0131 otelden ayr\u0131lmad\u0131. Sar\u0131 k\u0131rm\u0131z\u0131l\u0131lar, Atat\u00fcrk ti\u015f\u00f6rtleriyle \u0131s\u0131nmaya \u00e7\u0131kmak istiyor ve kabul edilmezse ma\u00e7a \u00e7\u0131kmayacaklar. G\u00fcn i\u00e7inde baz\u0131 problemler \u00e7\u00f6z\u00fcld\u00fc \u00c7\u0131kan karara g\u00f6re ma\u00e7 \u00f6ncesi \u0130stiklal Mar\u015f\u0131 okunacak ve T\u00fcrk bayra\u011f\u0131 a\u00e7\u0131labilecek. Ma\u00e7 \u00f6ncesi organizasyonda yerel<\/p>\n","protected":false},"author":1,"featured_media":24365,"comment_status":"open","ping_status":"open","sticky":false,"template":"","format":"standard","meta":{"footnotes":""},"categories":[86],"tags":[],"class_list":["post-24364","post","type-post","status-publish","format-standard","has-post-thumbnail","hentry","category-turkiye"],"yoast_head":"<!-- This site is optimized with the Yoast SEO plugin v27.4 - https:\/\/yoast.com\/product\/yoast-seo-wordpress\/ -->\n<title>Fenerbah\u00e7e otelden \u00e7\u0131kmad\u0131 -<\/title>\n<meta name=\"robots\" content=\"index, follow, max-snippet:-1, max-image-preview:large, max-video-preview:-1\" \/>\n<link rel=\"canonical\" href=\"https:\/\/kibrisdakik.com\/?p=24364\" \/>\n<meta property=\"og:locale\" content=\"tr_TR\" \/>\n<meta property=\"og:type\" content=\"article\" \/>\n<meta property=\"og:title\" content=\"Fenerbah\u00e7e otelden \u00e7\u0131kmad\u0131 -\" \/>\n<meta property=\"og:description\" content=\"Suudi Arabistan&#8217;da oynanacak S\u00fcper Kupa&#8217;da krizler art arda ya\u015fan\u0131yor. Al-Awwal Stadyumu&#8217;nda 20.45&#8217;te ba\u015flayacak ma\u00e7 i\u00e7in iki tak\u0131m da kamp yapt\u0131\u011f\u0131 otelden ayr\u0131lmad\u0131. Sar\u0131 k\u0131rm\u0131z\u0131l\u0131lar, Atat\u00fcrk ti\u015f\u00f6rtleriyle \u0131s\u0131nmaya \u00e7\u0131kmak istiyor ve kabul edilmezse ma\u00e7a \u00e7\u0131kmayacaklar. G\u00fcn i\u00e7inde baz\u0131 problemler \u00e7\u00f6z\u00fcld\u00fc \u00c7\u0131kan karara g\u00f6re ma\u00e7 \u00f6ncesi \u0130stiklal Mar\u015f\u0131 okunacak ve T\u00fcrk bayra\u011f\u0131 a\u00e7\u0131labilecek. Ma\u00e7 \u00f6ncesi organizasyonda yerel\" \/>\n<meta property=\"og:url\" content=\"https:\/\/kibrisdakik.com\/?p=24364\" \/>\n<meta property=\"article:published_time\" content=\"2023-12-29T17:16:59+00:00\" \/>\n<meta property=\"og:image\" content=\"https:\/\/kibrisdakik.com\/wp-content\/uploads\/2023\/12\/fenerbahce-otelden-cikmadi-1703868921.webp.webp\" \/>\n\t<meta property=\"og:image:width\" content=\"710\" \/>\n\t<meta property=\"og:image:height\" content=\"370\" \/>\n\t<meta property=\"og:image:type\" content=\"image\/webp\" \/>\n<meta name=\"author\" content=\"admin\" \/>\n<meta name=\"twitter:card\" content=\"summary_large_image\" \/>\n<meta name=\"twitter:label1\" content=\"Yazan:\" \/>\n\t<meta name=\"twitter:data1\" content=\"admin\" \/>\n<script type=\"application\/ld+json\" class=\"yoast-schema-graph\">{\"@context\":\"https:\\\/\\\/schema.org\",\"@graph\":[{\"@type\":\"Article\",\"@id\":\"https:\\\/\\\/kibrisdakik.com\\\/?p=24364#article\",\"isPartOf\":{\"@id\":\"https:\\\/\\\/kibrisdakik.com\\\/?p=24364\"},\"author\":{\"name\":\"admin\",\"@id\":\"https:\\\/\\\/kibrisdakik.com\\\/#\\\/schema\\\/person\\\/9cd9d437bbb44f72b73ba127e06d8e79\"},\"headline\":\"Fenerbah\u00e7e otelden \u00e7\u0131kmad\u0131\",\"datePublished\":\"2023-12-29T17:16:59+00:00\",\"mainEntityOfPage\":{\"@id\":\"https:\\\/\\\/kibrisdakik.com\\\/?p=24364\"},\"wordCount\":96,\"commentCount\":0,\"image\":{\"@id\":\"https:\\\/\\\/kibrisdakik.com\\\/?p=24364#primaryimage\"},\"thumbnailUrl\":\"https:\\\/\\\/kibrisdakik.com\\\/wp-content\\\/uploads\\\/2023\\\/12\\\/fenerbahce-otelden-cikmadi-1703868921.webp.webp\",\"articleSection\":[\"T\u00fcrkiye\"],\"inLanguage\":\"tr\",\"potentialAction\":[{\"@type\":\"CommentAction\",\"name\":\"Comment\",\"target\":[\"https:\\\/\\\/kibrisdakik.com\\\/?p=24364#respond\"]}]},{\"@type\":\"WebPage\",\"@id\":\"https:\\\/\\\/kibrisdakik.com\\\/?p=24364\",\"url\":\"https:\\\/\\\/kibrisdakik.com\\\/?p=24364\",\"name\":\"Fenerbah\u00e7e otelden \u00e7\u0131kmad\u0131 -\",\"isPartOf\":{\"@id\":\"https:\\\/\\\/kibrisdakik.com\\\/#website\"},\"primaryImageOfPage\":{\"@id\":\"https:\\\/\\\/kibrisdakik.com\\\/?p=24364#primaryimage\"},\"image\":{\"@id\":\"https:\\\/\\\/kibrisdakik.com\\\/?p=24364#primaryimage\"},\"thumbnailUrl\":\"https:\\\/\\\/kibrisdakik.com\\\/wp-content\\\/uploads\\\/2023\\\/12\\\/fenerbahce-otelden-cikmadi-1703868921.webp.webp\",\"datePublished\":\"2023-12-29T17:16:59+00:00\",\"author\":{\"@id\":\"https:\\\/\\\/kibrisdakik.com\\\/#\\\/schema\\\/person\\\/9cd9d437bbb44f72b73ba127e06d8e79\"},\"breadcrumb\":{\"@id\":\"https:\\\/\\\/kibrisdakik.com\\\/?p=24364#breadcrumb\"},\"inLanguage\":\"tr\",\"potentialAction\":[{\"@type\":\"ReadAction\",\"target\":[\"https:\\\/\\\/kibrisdakik.com\\\/?p=24364\"]}]},{\"@type\":\"ImageObject\",\"inLanguage\":\"tr\",\"@id\":\"https:\\\/\\\/kibrisdakik.com\\\/?p=24364#primaryimage\",\"url\":\"https:\\\/\\\/kibrisdakik.com\\\/wp-content\\\/uploads\\\/2023\\\/12\\\/fenerbahce-otelden-cikmadi-1703868921.webp.webp\",\"contentUrl\":\"https:\\\/\\\/kibrisdakik.com\\\/wp-content\\\/uploads\\\/2023\\\/12\\\/fenerbahce-otelden-cikmadi-1703868921.webp.webp\",\"width\":710,\"height\":370},{\"@type\":\"BreadcrumbList\",\"@id\":\"https:\\\/\\\/kibrisdakik.com\\\/?p=24364#breadcrumb\",\"itemListElement\":[{\"@type\":\"ListItem\",\"position\":1,\"name\":\"Home\",\"item\":\"https:\\\/\\\/kibrisdakik.com\\\/\"},{\"@type\":\"ListItem\",\"position\":2,\"name\":\"Fenerbah\u00e7e otelden \u00e7\u0131kmad\u0131\"}]},{\"@type\":\"WebSite\",\"@id\":\"https:\\\/\\\/kibrisdakik.com\\\/#website\",\"url\":\"https:\\\/\\\/kibrisdakik.com\\\/\",\"name\":\"\",\"description\":\"Tam vaktinde haber\",\"potentialAction\":[{\"@type\":\"SearchAction\",\"target\":{\"@type\":\"EntryPoint\",\"urlTemplate\":\"https:\\\/\\\/kibrisdakik.com\\\/?s={search_term_string}\"},\"query-input\":{\"@type\":\"PropertyValueSpecification\",\"valueRequired\":true,\"valueName\":\"search_term_string\"}}],\"inLanguage\":\"tr\"},{\"@type\":\"Person\",\"@id\":\"https:\\\/\\\/kibrisdakik.com\\\/#\\\/schema\\\/person\\\/9cd9d437bbb44f72b73ba127e06d8e79\",\"name\":\"admin\",\"image\":{\"@type\":\"ImageObject\",\"inLanguage\":\"tr\",\"@id\":\"https:\\\/\\\/secure.gravatar.com\\\/avatar\\\/ccc17943b9d660506c869530f897617f7cb1c21a4bf30023f252596d83e1f007?s=96&d=mm&r=g\",\"url\":\"https:\\\/\\\/secure.gravatar.com\\\/avatar\\\/ccc17943b9d660506c869530f897617f7cb1c21a4bf30023f252596d83e1f007?s=96&d=mm&r=g\",\"contentUrl\":\"https:\\\/\\\/secure.gravatar.com\\\/avatar\\\/ccc17943b9d660506c869530f897617f7cb1c21a4bf30023f252596d83e1f007?s=96&d=mm&r=g\",\"caption\":\"admin\"},\"sameAs\":[\"https:\\\/\\\/kibrisdakik.com\"],\"url\":\"https:\\\/\\\/kibrisdakik.com\\\/?author=1\"}]}<\/script>\n<!-- \/ Yoast SEO plugin. -->","yoast_head_json":{"title":"Fenerbah\u00e7e otelden \u00e7\u0131kmad\u0131 -","robots":{"index":"index","follow":"follow","max-snippet":"max-snippet:-1","max-image-preview":"max-image-preview:large","max-video-preview":"max-video-preview:-1"},"canonical":"https:\/\/kibrisdakik.com\/?p=24364","og_locale":"tr_TR","og_type":"article","og_title":"Fenerbah\u00e7e otelden \u00e7\u0131kmad\u0131 -","og_description":"Suudi Arabistan&#8217;da oynanacak S\u00fcper Kupa&#8217;da krizler art arda ya\u015fan\u0131yor. Al-Awwal Stadyumu&#8217;nda 20.45&#8217;te ba\u015flayacak ma\u00e7 i\u00e7in iki tak\u0131m da kamp yapt\u0131\u011f\u0131 otelden ayr\u0131lmad\u0131. Sar\u0131 k\u0131rm\u0131z\u0131l\u0131lar, Atat\u00fcrk ti\u015f\u00f6rtleriyle \u0131s\u0131nmaya \u00e7\u0131kmak istiyor ve kabul edilmezse ma\u00e7a \u00e7\u0131kmayacaklar. G\u00fcn i\u00e7inde baz\u0131 problemler \u00e7\u00f6z\u00fcld\u00fc \u00c7\u0131kan karara g\u00f6re ma\u00e7 \u00f6ncesi \u0130stiklal Mar\u015f\u0131 okunacak ve T\u00fcrk bayra\u011f\u0131 a\u00e7\u0131labilecek. Ma\u00e7 \u00f6ncesi organizasyonda yerel","og_url":"https:\/\/kibrisdakik.com\/?p=24364","article_published_time":"2023-12-29T17:16:59+00:00","og_image":[{"width":710,"height":370,"url":"https:\/\/kibrisdakik.com\/wp-content\/uploads\/2023\/12\/fenerbahce-otelden-cikmadi-1703868921.webp.webp","type":"image\/webp"}],"author":"admin","twitter_card":"summary_large_image","twitter_misc":{"Yazan:":"admin"},"schema":{"@context":"https:\/\/schema.org","@graph":[{"@type":"Article","@id":"https:\/\/kibrisdakik.com\/?p=24364#article","isPartOf":{"@id":"https:\/\/kibrisdakik.com\/?p=24364"},"author":{"name":"admin","@id":"https:\/\/kibrisdakik.com\/#\/schema\/person\/9cd9d437bbb44f72b73ba127e06d8e79"},"headline":"Fenerbah\u00e7e otelden \u00e7\u0131kmad\u0131","datePublished":"2023-12-29T17:16:59+00:00","mainEntityOfPage":{"@id":"https:\/\/kibrisdakik.com\/?p=24364"},"wordCount":96,"commentCount":0,"image":{"@id":"https:\/\/kibrisdakik.com\/?p=24364#primaryimage"},"thumbnailUrl":"https:\/\/kibrisdakik.com\/wp-content\/uploads\/2023\/12\/fenerbahce-otelden-cikmadi-1703868921.webp.webp","articleSection":["T\u00fcrkiye"],"inLanguage":"tr","potentialAction":[{"@type":"CommentAction","name":"Comment","target":["https:\/\/kibrisdakik.com\/?p=24364#respond"]}]},{"@type":"WebPage","@id":"https:\/\/kibrisdakik.com\/?p=24364","url":"https:\/\/kibrisdakik.com\/?p=24364","name":"Fenerbah\u00e7e otelden \u00e7\u0131kmad\u0131 -","isPartOf":{"@id":"https:\/\/kibrisdakik.com\/#website"},"primaryImageOfPage":{"@id":"https:\/\/kibrisdakik.com\/?p=24364#primaryimage"},"image":{"@id":"https:\/\/kibrisdakik.com\/?p=24364#primaryimage"},"thumbnailUrl":"https:\/\/kibrisdakik.com\/wp-content\/uploads\/2023\/12\/fenerbahce-otelden-cikmadi-1703868921.webp.webp","datePublished":"2023-12-29T17:16:59+00:00","author":{"@id":"https:\/\/kibrisdakik.com\/#\/schema\/person\/9cd9d437bbb44f72b73ba127e06d8e79"},"breadcrumb":{"@id":"https:\/\/kibrisdakik.com\/?p=24364#breadcrumb"},"inLanguage":"tr","potentialAction":[{"@type":"ReadAction","target":["https:\/\/kibrisdakik.com\/?p=24364"]}]},{"@type":"ImageObject","inLanguage":"tr","@id":"https:\/\/kibrisdakik.com\/?p=24364#primaryimage","url":"https:\/\/kibrisdakik.com\/wp-content\/uploads\/2023\/12\/fenerbahce-otelden-cikmadi-1703868921.webp.webp","contentUrl":"https:\/\/kibrisdakik.com\/wp-content\/uploads\/2023\/12\/fenerbahce-otelden-cikmadi-1703868921.webp.webp","width":710,"height":370},{"@type":"BreadcrumbList","@id":"https:\/\/kibrisdakik.com\/?p=24364#breadcrumb","itemListElement":[{"@type":"ListItem","position":1,"name":"Home","item":"https:\/\/kibrisdakik.com\/"},{"@type":"ListItem","position":2,"name":"Fenerbah\u00e7e otelden \u00e7\u0131kmad\u0131"}]},{"@type":"WebSite","@id":"https:\/\/kibrisdakik.com\/#website","url":"https:\/\/kibrisdakik.com\/","name":"","description":"Tam vaktinde haber","potentialAction":[{"@type":"SearchAction","target":{"@type":"EntryPoint","urlTemplate":"https:\/\/kibrisdakik.com\/?s={search_term_string}"},"query-input":{"@type":"PropertyValueSpecification","valueRequired":true,"valueName":"search_term_string"}}],"inLanguage":"tr"},{"@type":"Person","@id":"https:\/\/kibrisdakik.com\/#\/schema\/person\/9cd9d437bbb44f72b73ba127e06d8e79","name":"admin","image":{"@type":"ImageObject","inLanguage":"tr","@id":"https:\/\/secure.gravatar.com\/avatar\/ccc17943b9d660506c869530f897617f7cb1c21a4bf30023f252596d83e1f007?s=96&d=mm&r=g","url":"https:\/\/secure.gravatar.com\/avatar\/ccc17943b9d660506c869530f897617f7cb1c21a4bf30023f252596d83e1f007?s=96&d=mm&r=g","contentUrl":"https:\/\/secure.gravatar.com\/avatar\/ccc17943b9d660506c869530f897617f7cb1c21a4bf30023f252596d83e1f007?s=96&d=mm&r=g","caption":"admin"},"sameAs":["https:\/\/kibrisdakik.com"],"url":"https:\/\/kibrisdakik.com\/?author=1"}]}},"_links":{"self":[{"href":"https:\/\/kibrisdakik.com\/index.php?rest_route=\/wp\/v2\/posts\/24364","targetHints":{"allow":["GET"]}}],"collection":[{"href":"https:\/\/kibrisdakik.com\/index.php?rest_route=\/wp\/v2\/posts"}],"about":[{"href":"https:\/\/kibrisdakik.com\/index.php?rest_route=\/wp\/v2\/types\/post"}],"author":[{"embeddable":true,"href":"https:\/\/kibrisdakik.com\/index.php?rest_route=\/wp\/v2\/users\/1"}],"replies":[{"embeddable":true,"href":"https:\/\/kibrisdakik.com\/index.php?rest_route=%2Fwp%2Fv2%2Fcomments&post=24364"}],"version-history":[{"count":0,"href":"https:\/\/kibrisdakik.com\/index.php?rest_route=\/wp\/v2\/posts\/24364\/revisions"}],"wp:featuredmedia":[{"embeddable":true,"href":"https:\/\/kibrisdakik.com\/index.php?rest_route=\/wp\/v2\/media\/24365"}],"wp:attachment":[{"href":"https:\/\/kibrisdakik.com\/index.php?rest_route=%2Fwp%2Fv2%2Fmedia&parent=24364"}],"wp:term":[{"taxonomy":"category","embeddable":true,"href":"https:\/\/kibrisdakik.com\/index.php?rest_route=%2Fwp%2Fv2%2Fcategories&post=24364"},{"taxonomy":"post_tag","embeddable":true,"href":"https:\/\/kibrisdakik.com\/index.php?rest_route=%2Fwp%2Fv2%2Ftags&post=24364"}],"curies":[{"name":"wp","href":"https:\/\/api.w.org\/{rel}","templated":true}]}}