{"id":24388,"date":"2023-12-29T19:42:11","date_gmt":"2023-12-29T19:42:11","guid":{"rendered":"https:\/\/kibrisdakik.com\/index.php\/2023\/12\/29\/super-kupanin-iptalinin-ardindan-gozler-tffde-istifa-gelebilir\/"},"modified":"2023-12-29T19:42:11","modified_gmt":"2023-12-29T19:42:11","slug":"super-kupanin-iptalinin-ardindan-gozler-tffde-istifa-gelebilir","status":"publish","type":"post","link":"https:\/\/kibrisdakik.com\/?p=24388","title":{"rendered":"S\u00fcper Kupa&#039;n\u0131n iptalinin ard\u0131ndan g\u00f6zler TFF&#039;de! \u0130stifa gelebilir"},"content":{"rendered":"<p><img decoding=\"async\" src=\"https:\/\/www.kibristurk.com\/images\/haberler\/2023\/12\/super-kupanin-iptalinin-ardindan-gozler-tffde-istifa-gelebilir-1703878487.webp\" \/><\/p>\n<p>S\u00fcper Lig \u015fampiyonu Galatasaray ile Ziraat T\u00fcrkiye Kupas\u0131&#8217;n\u0131n sahibi Fenerbah\u00e7e, bug\u00fcn Turkcell S\u00fcper Kupa finalinde Suudi Arabistan\u2019\u0131n ba\u015fkenti Riyad\u2019da TS\u0130 20.45\u2019te kozlar\u0131n\u0131 payla\u015facakt\u0131. Ancak Fenerbah\u00e7e&#8217;nin ve Galatasaray&#8217;\u0131n Atat\u00fcrk ti\u015f\u00f6rtleri ve pankartlarla \u0131s\u0131nmaya \u00e7\u0131kmas\u0131na Suudili yetkililerin izin vermemesinden dolay\u0131 iki kul\u00fcp m\u00fccadeleyi oynamama karar\u0131 ald\u0131.<\/p>\n<p>Ya\u015fananlar\u0131n ard\u0131ndan tak\u0131mlar T\u00fcrkiye&#8217;ye d\u00f6nme karar\u0131 al\u0131rken Fenerbah\u00e7e, Galatasaray ve TFF&#8217;den ortak a\u00e7\u0131klama geldi. A\u00e7\u0131klamada &#8220;Cumhuriyetimizin ve T\u00fcrkiye Futbol Federasyonu\u2019nun 100. Y\u0131l\u0131n\u0131 yurtd\u0131\u015f\u0131nda da kutlamak amac\u0131yla, T\u00fcrk Futbolunun marka de\u011ferine ve kul\u00fcplerimize katk\u0131 sa\u011flayacak \u015fekilde kul\u00fcplerimizle organize etti\u011fimiz, 29 Aral\u0131k 2023 Cuma g\u00fcn\u00fc saat 20.45\u2019te oynanmas\u0131 planlanan 2023 S\u00fcper Kupa m\u00fcsabakas\u0131 organizasyondaki baz\u0131 aksakl\u0131klar nedeniyle Kul\u00fcplerimizle birlikte ald\u0131\u011f\u0131m\u0131z ortak karar neticesinde ileri bir tarihe ertelenmi\u015ftir. Ev sahibi \u00fclkenin Futbol Federasyonu, ilgili kurum ve kurulu\u015flar\u0131na \u015fu ana kadar S\u00fcper Kupa\u2019n\u0131n organizasyonu i\u00e7in g\u00f6stermi\u015f olduklar\u0131 \u00e7aba nedeniyle te\u015fekk\u00fcr ederiz&#8221; ifadeleri kulland\u0131.<\/p>\n<h2>G\u00d6ZLER TFF&#8217;YE \u00c7EVR\u0130LD\u0130: \u0130ST\u0130FA GELEB\u0130L\u0130R<\/h2>\n<p>Bu geli\u015fmelerin sonras\u0131nda ise t\u00fcm g\u00f6zler T\u00fcrkiye Futbol Federasyonu Ba\u015fkan\u0131 Mehmet B\u00fcy\u00fckek\u015fi ve y\u00f6netimine \u00e7evrildi. Kulislerde TFF y\u00f6netiminin istifa edece\u011fi konu\u015fulurken Riyad d\u00f6n\u00fc\u015f\u00fcnde al\u0131nacak kararlar merakla bekleniyor.<\/p>\n","protected":false},"excerpt":{"rendered":"<p>S\u00fcper Lig \u015fampiyonu Galatasaray ile Ziraat T\u00fcrkiye Kupas\u0131&#8217;n\u0131n sahibi Fenerbah\u00e7e, bug\u00fcn Turkcell S\u00fcper Kupa finalinde Suudi Arabistan\u2019\u0131n ba\u015fkenti Riyad\u2019da TS\u0130 20.45\u2019te kozlar\u0131n\u0131 payla\u015facakt\u0131. Ancak Fenerbah\u00e7e&#8217;nin ve Galatasaray&#8217;\u0131n Atat\u00fcrk ti\u015f\u00f6rtleri ve pankartlarla \u0131s\u0131nmaya \u00e7\u0131kmas\u0131na Suudili yetkililerin izin vermemesinden dolay\u0131 iki kul\u00fcp m\u00fccadeleyi oynamama karar\u0131 ald\u0131. Ya\u015fananlar\u0131n ard\u0131ndan tak\u0131mlar T\u00fcrkiye&#8217;ye d\u00f6nme karar\u0131 al\u0131rken Fenerbah\u00e7e, Galatasaray ve TFF&#8217;den<\/p>\n","protected":false},"author":1,"featured_media":24389,"comment_status":"open","ping_status":"open","sticky":false,"template":"","format":"standard","meta":{"footnotes":""},"categories":[1],"tags":[],"class_list":["post-24388","post","type-post","status-publish","format-standard","has-post-thumbnail","hentry","category-gundem"],"yoast_head":"<!-- This site is optimized with the Yoast SEO plugin v27.5 - https:\/\/yoast.com\/product\/yoast-seo-wordpress\/ -->\n<title>S\u00fcper Kupa&#039;n\u0131n iptalinin ard\u0131ndan g\u00f6zler TFF&#039;de! \u0130stifa gelebilir -<\/title>\n<meta name=\"robots\" content=\"index, follow, max-snippet:-1, max-image-preview:large, max-video-preview:-1\" \/>\n<link rel=\"canonical\" href=\"https:\/\/kibrisdakik.com\/?p=24388\" \/>\n<meta property=\"og:locale\" content=\"tr_TR\" \/>\n<meta property=\"og:type\" content=\"article\" \/>\n<meta property=\"og:title\" content=\"S\u00fcper Kupa&#039;n\u0131n iptalinin ard\u0131ndan g\u00f6zler TFF&#039;de! \u0130stifa gelebilir -\" \/>\n<meta property=\"og:description\" content=\"S\u00fcper Lig \u015fampiyonu Galatasaray ile Ziraat T\u00fcrkiye Kupas\u0131&#8217;n\u0131n sahibi Fenerbah\u00e7e, bug\u00fcn Turkcell S\u00fcper Kupa finalinde Suudi Arabistan\u2019\u0131n ba\u015fkenti Riyad\u2019da TS\u0130 20.45\u2019te kozlar\u0131n\u0131 payla\u015facakt\u0131. Ancak Fenerbah\u00e7e&#8217;nin ve Galatasaray&#8217;\u0131n Atat\u00fcrk ti\u015f\u00f6rtleri ve pankartlarla \u0131s\u0131nmaya \u00e7\u0131kmas\u0131na Suudili yetkililerin izin vermemesinden dolay\u0131 iki kul\u00fcp m\u00fccadeleyi oynamama karar\u0131 ald\u0131. Ya\u015fananlar\u0131n ard\u0131ndan tak\u0131mlar T\u00fcrkiye&#8217;ye d\u00f6nme karar\u0131 al\u0131rken Fenerbah\u00e7e, Galatasaray ve TFF&#8217;den\" \/>\n<meta property=\"og:url\" content=\"https:\/\/kibrisdakik.com\/?p=24388\" \/>\n<meta property=\"article:published_time\" content=\"2023-12-29T19:42:11+00:00\" \/>\n<meta property=\"og:image\" content=\"https:\/\/kibrisdakik.com\/wp-content\/uploads\/2023\/12\/super-kupanin-iptalinin-ardindan-gozler-tffde-istifa-gelebilir-1703878487.webp.webp\" \/>\n\t<meta property=\"og:image:width\" content=\"710\" \/>\n\t<meta property=\"og:image:height\" content=\"370\" \/>\n\t<meta property=\"og:image:type\" content=\"image\/webp\" \/>\n<meta name=\"author\" content=\"admin\" \/>\n<meta name=\"twitter:card\" content=\"summary_large_image\" \/>\n<meta name=\"twitter:label1\" content=\"Yazan:\" \/>\n\t<meta name=\"twitter:data1\" content=\"admin\" \/>\n\t<meta name=\"twitter:label2\" content=\"Tahmini okuma s\u00fcresi\" \/>\n\t<meta name=\"twitter:data2\" content=\"1 dakika\" \/>\n<script type=\"application\/ld+json\" class=\"yoast-schema-graph\">{\"@context\":\"https:\\\/\\\/schema.org\",\"@graph\":[{\"@type\":\"Article\",\"@id\":\"https:\\\/\\\/kibrisdakik.com\\\/?p=24388#article\",\"isPartOf\":{\"@id\":\"https:\\\/\\\/kibrisdakik.com\\\/?p=24388\"},\"author\":{\"name\":\"admin\",\"@id\":\"https:\\\/\\\/kibrisdakik.com\\\/#\\\/schema\\\/person\\\/9cd9d437bbb44f72b73ba127e06d8e79\"},\"headline\":\"S\u00fcper Kupa&#039;n\u0131n iptalinin ard\u0131ndan g\u00f6zler TFF&#039;de! \u0130stifa gelebilir\",\"datePublished\":\"2023-12-29T19:42:11+00:00\",\"mainEntityOfPage\":{\"@id\":\"https:\\\/\\\/kibrisdakik.com\\\/?p=24388\"},\"wordCount\":256,\"commentCount\":0,\"image\":{\"@id\":\"https:\\\/\\\/kibrisdakik.com\\\/?p=24388#primaryimage\"},\"thumbnailUrl\":\"https:\\\/\\\/kibrisdakik.com\\\/wp-content\\\/uploads\\\/2023\\\/12\\\/super-kupanin-iptalinin-ardindan-gozler-tffde-istifa-gelebilir-1703878487.webp.webp\",\"articleSection\":[\"G\u00fcndem\"],\"inLanguage\":\"tr\",\"potentialAction\":[{\"@type\":\"CommentAction\",\"name\":\"Comment\",\"target\":[\"https:\\\/\\\/kibrisdakik.com\\\/?p=24388#respond\"]}]},{\"@type\":\"WebPage\",\"@id\":\"https:\\\/\\\/kibrisdakik.com\\\/?p=24388\",\"url\":\"https:\\\/\\\/kibrisdakik.com\\\/?p=24388\",\"name\":\"S\u00fcper Kupa&#039;n\u0131n iptalinin ard\u0131ndan g\u00f6zler TFF&#039;de! \u0130stifa gelebilir -\",\"isPartOf\":{\"@id\":\"https:\\\/\\\/kibrisdakik.com\\\/#website\"},\"primaryImageOfPage\":{\"@id\":\"https:\\\/\\\/kibrisdakik.com\\\/?p=24388#primaryimage\"},\"image\":{\"@id\":\"https:\\\/\\\/kibrisdakik.com\\\/?p=24388#primaryimage\"},\"thumbnailUrl\":\"https:\\\/\\\/kibrisdakik.com\\\/wp-content\\\/uploads\\\/2023\\\/12\\\/super-kupanin-iptalinin-ardindan-gozler-tffde-istifa-gelebilir-1703878487.webp.webp\",\"datePublished\":\"2023-12-29T19:42:11+00:00\",\"author\":{\"@id\":\"https:\\\/\\\/kibrisdakik.com\\\/#\\\/schema\\\/person\\\/9cd9d437bbb44f72b73ba127e06d8e79\"},\"breadcrumb\":{\"@id\":\"https:\\\/\\\/kibrisdakik.com\\\/?p=24388#breadcrumb\"},\"inLanguage\":\"tr\",\"potentialAction\":[{\"@type\":\"ReadAction\",\"target\":[\"https:\\\/\\\/kibrisdakik.com\\\/?p=24388\"]}]},{\"@type\":\"ImageObject\",\"inLanguage\":\"tr\",\"@id\":\"https:\\\/\\\/kibrisdakik.com\\\/?p=24388#primaryimage\",\"url\":\"https:\\\/\\\/kibrisdakik.com\\\/wp-content\\\/uploads\\\/2023\\\/12\\\/super-kupanin-iptalinin-ardindan-gozler-tffde-istifa-gelebilir-1703878487.webp.webp\",\"contentUrl\":\"https:\\\/\\\/kibrisdakik.com\\\/wp-content\\\/uploads\\\/2023\\\/12\\\/super-kupanin-iptalinin-ardindan-gozler-tffde-istifa-gelebilir-1703878487.webp.webp\",\"width\":710,\"height\":370},{\"@type\":\"BreadcrumbList\",\"@id\":\"https:\\\/\\\/kibrisdakik.com\\\/?p=24388#breadcrumb\",\"itemListElement\":[{\"@type\":\"ListItem\",\"position\":1,\"name\":\"Home\",\"item\":\"https:\\\/\\\/kibrisdakik.com\\\/\"},{\"@type\":\"ListItem\",\"position\":2,\"name\":\"S\u00fcper Kupa&#039;n\u0131n iptalinin ard\u0131ndan g\u00f6zler TFF&#039;de! \u0130stifa gelebilir\"}]},{\"@type\":\"WebSite\",\"@id\":\"https:\\\/\\\/kibrisdakik.com\\\/#website\",\"url\":\"https:\\\/\\\/kibrisdakik.com\\\/\",\"name\":\"\",\"description\":\"Tam vaktinde haber\",\"potentialAction\":[{\"@type\":\"SearchAction\",\"target\":{\"@type\":\"EntryPoint\",\"urlTemplate\":\"https:\\\/\\\/kibrisdakik.com\\\/?s={search_term_string}\"},\"query-input\":{\"@type\":\"PropertyValueSpecification\",\"valueRequired\":true,\"valueName\":\"search_term_string\"}}],\"inLanguage\":\"tr\"},{\"@type\":\"Person\",\"@id\":\"https:\\\/\\\/kibrisdakik.com\\\/#\\\/schema\\\/person\\\/9cd9d437bbb44f72b73ba127e06d8e79\",\"name\":\"admin\",\"image\":{\"@type\":\"ImageObject\",\"inLanguage\":\"tr\",\"@id\":\"https:\\\/\\\/secure.gravatar.com\\\/avatar\\\/ccc17943b9d660506c869530f897617f7cb1c21a4bf30023f252596d83e1f007?s=96&d=mm&r=g\",\"url\":\"https:\\\/\\\/secure.gravatar.com\\\/avatar\\\/ccc17943b9d660506c869530f897617f7cb1c21a4bf30023f252596d83e1f007?s=96&d=mm&r=g\",\"contentUrl\":\"https:\\\/\\\/secure.gravatar.com\\\/avatar\\\/ccc17943b9d660506c869530f897617f7cb1c21a4bf30023f252596d83e1f007?s=96&d=mm&r=g\",\"caption\":\"admin\"},\"sameAs\":[\"https:\\\/\\\/kibrisdakik.com\"],\"url\":\"https:\\\/\\\/kibrisdakik.com\\\/?author=1\"}]}<\/script>\n<!-- \/ Yoast SEO plugin. -->","yoast_head_json":{"title":"S\u00fcper Kupa&#039;n\u0131n iptalinin ard\u0131ndan g\u00f6zler TFF&#039;de! \u0130stifa gelebilir -","robots":{"index":"index","follow":"follow","max-snippet":"max-snippet:-1","max-image-preview":"max-image-preview:large","max-video-preview":"max-video-preview:-1"},"canonical":"https:\/\/kibrisdakik.com\/?p=24388","og_locale":"tr_TR","og_type":"article","og_title":"S\u00fcper Kupa&#039;n\u0131n iptalinin ard\u0131ndan g\u00f6zler TFF&#039;de! \u0130stifa gelebilir -","og_description":"S\u00fcper Lig \u015fampiyonu Galatasaray ile Ziraat T\u00fcrkiye Kupas\u0131&#8217;n\u0131n sahibi Fenerbah\u00e7e, bug\u00fcn Turkcell S\u00fcper Kupa finalinde Suudi Arabistan\u2019\u0131n ba\u015fkenti Riyad\u2019da TS\u0130 20.45\u2019te kozlar\u0131n\u0131 payla\u015facakt\u0131. Ancak Fenerbah\u00e7e&#8217;nin ve Galatasaray&#8217;\u0131n Atat\u00fcrk ti\u015f\u00f6rtleri ve pankartlarla \u0131s\u0131nmaya \u00e7\u0131kmas\u0131na Suudili yetkililerin izin vermemesinden dolay\u0131 iki kul\u00fcp m\u00fccadeleyi oynamama karar\u0131 ald\u0131. Ya\u015fananlar\u0131n ard\u0131ndan tak\u0131mlar T\u00fcrkiye&#8217;ye d\u00f6nme karar\u0131 al\u0131rken Fenerbah\u00e7e, Galatasaray ve TFF&#8217;den","og_url":"https:\/\/kibrisdakik.com\/?p=24388","article_published_time":"2023-12-29T19:42:11+00:00","og_image":[{"width":710,"height":370,"url":"https:\/\/kibrisdakik.com\/wp-content\/uploads\/2023\/12\/super-kupanin-iptalinin-ardindan-gozler-tffde-istifa-gelebilir-1703878487.webp.webp","type":"image\/webp"}],"author":"admin","twitter_card":"summary_large_image","twitter_misc":{"Yazan:":"admin","Tahmini okuma s\u00fcresi":"1 dakika"},"schema":{"@context":"https:\/\/schema.org","@graph":[{"@type":"Article","@id":"https:\/\/kibrisdakik.com\/?p=24388#article","isPartOf":{"@id":"https:\/\/kibrisdakik.com\/?p=24388"},"author":{"name":"admin","@id":"https:\/\/kibrisdakik.com\/#\/schema\/person\/9cd9d437bbb44f72b73ba127e06d8e79"},"headline":"S\u00fcper Kupa&#039;n\u0131n iptalinin ard\u0131ndan g\u00f6zler TFF&#039;de! \u0130stifa gelebilir","datePublished":"2023-12-29T19:42:11+00:00","mainEntityOfPage":{"@id":"https:\/\/kibrisdakik.com\/?p=24388"},"wordCount":256,"commentCount":0,"image":{"@id":"https:\/\/kibrisdakik.com\/?p=24388#primaryimage"},"thumbnailUrl":"https:\/\/kibrisdakik.com\/wp-content\/uploads\/2023\/12\/super-kupanin-iptalinin-ardindan-gozler-tffde-istifa-gelebilir-1703878487.webp.webp","articleSection":["G\u00fcndem"],"inLanguage":"tr","potentialAction":[{"@type":"CommentAction","name":"Comment","target":["https:\/\/kibrisdakik.com\/?p=24388#respond"]}]},{"@type":"WebPage","@id":"https:\/\/kibrisdakik.com\/?p=24388","url":"https:\/\/kibrisdakik.com\/?p=24388","name":"S\u00fcper Kupa&#039;n\u0131n iptalinin ard\u0131ndan g\u00f6zler TFF&#039;de! \u0130stifa gelebilir -","isPartOf":{"@id":"https:\/\/kibrisdakik.com\/#website"},"primaryImageOfPage":{"@id":"https:\/\/kibrisdakik.com\/?p=24388#primaryimage"},"image":{"@id":"https:\/\/kibrisdakik.com\/?p=24388#primaryimage"},"thumbnailUrl":"https:\/\/kibrisdakik.com\/wp-content\/uploads\/2023\/12\/super-kupanin-iptalinin-ardindan-gozler-tffde-istifa-gelebilir-1703878487.webp.webp","datePublished":"2023-12-29T19:42:11+00:00","author":{"@id":"https:\/\/kibrisdakik.com\/#\/schema\/person\/9cd9d437bbb44f72b73ba127e06d8e79"},"breadcrumb":{"@id":"https:\/\/kibrisdakik.com\/?p=24388#breadcrumb"},"inLanguage":"tr","potentialAction":[{"@type":"ReadAction","target":["https:\/\/kibrisdakik.com\/?p=24388"]}]},{"@type":"ImageObject","inLanguage":"tr","@id":"https:\/\/kibrisdakik.com\/?p=24388#primaryimage","url":"https:\/\/kibrisdakik.com\/wp-content\/uploads\/2023\/12\/super-kupanin-iptalinin-ardindan-gozler-tffde-istifa-gelebilir-1703878487.webp.webp","contentUrl":"https:\/\/kibrisdakik.com\/wp-content\/uploads\/2023\/12\/super-kupanin-iptalinin-ardindan-gozler-tffde-istifa-gelebilir-1703878487.webp.webp","width":710,"height":370},{"@type":"BreadcrumbList","@id":"https:\/\/kibrisdakik.com\/?p=24388#breadcrumb","itemListElement":[{"@type":"ListItem","position":1,"name":"Home","item":"https:\/\/kibrisdakik.com\/"},{"@type":"ListItem","position":2,"name":"S\u00fcper Kupa&#039;n\u0131n iptalinin ard\u0131ndan g\u00f6zler TFF&#039;de! \u0130stifa gelebilir"}]},{"@type":"WebSite","@id":"https:\/\/kibrisdakik.com\/#website","url":"https:\/\/kibrisdakik.com\/","name":"","description":"Tam vaktinde haber","potentialAction":[{"@type":"SearchAction","target":{"@type":"EntryPoint","urlTemplate":"https:\/\/kibrisdakik.com\/?s={search_term_string}"},"query-input":{"@type":"PropertyValueSpecification","valueRequired":true,"valueName":"search_term_string"}}],"inLanguage":"tr"},{"@type":"Person","@id":"https:\/\/kibrisdakik.com\/#\/schema\/person\/9cd9d437bbb44f72b73ba127e06d8e79","name":"admin","image":{"@type":"ImageObject","inLanguage":"tr","@id":"https:\/\/secure.gravatar.com\/avatar\/ccc17943b9d660506c869530f897617f7cb1c21a4bf30023f252596d83e1f007?s=96&d=mm&r=g","url":"https:\/\/secure.gravatar.com\/avatar\/ccc17943b9d660506c869530f897617f7cb1c21a4bf30023f252596d83e1f007?s=96&d=mm&r=g","contentUrl":"https:\/\/secure.gravatar.com\/avatar\/ccc17943b9d660506c869530f897617f7cb1c21a4bf30023f252596d83e1f007?s=96&d=mm&r=g","caption":"admin"},"sameAs":["https:\/\/kibrisdakik.com"],"url":"https:\/\/kibrisdakik.com\/?author=1"}]}},"_links":{"self":[{"href":"https:\/\/kibrisdakik.com\/index.php?rest_route=\/wp\/v2\/posts\/24388","targetHints":{"allow":["GET"]}}],"collection":[{"href":"https:\/\/kibrisdakik.com\/index.php?rest_route=\/wp\/v2\/posts"}],"about":[{"href":"https:\/\/kibrisdakik.com\/index.php?rest_route=\/wp\/v2\/types\/post"}],"author":[{"embeddable":true,"href":"https:\/\/kibrisdakik.com\/index.php?rest_route=\/wp\/v2\/users\/1"}],"replies":[{"embeddable":true,"href":"https:\/\/kibrisdakik.com\/index.php?rest_route=%2Fwp%2Fv2%2Fcomments&post=24388"}],"version-history":[{"count":0,"href":"https:\/\/kibrisdakik.com\/index.php?rest_route=\/wp\/v2\/posts\/24388\/revisions"}],"wp:featuredmedia":[{"embeddable":true,"href":"https:\/\/kibrisdakik.com\/index.php?rest_route=\/wp\/v2\/media\/24389"}],"wp:attachment":[{"href":"https:\/\/kibrisdakik.com\/index.php?rest_route=%2Fwp%2Fv2%2Fmedia&parent=24388"}],"wp:term":[{"taxonomy":"category","embeddable":true,"href":"https:\/\/kibrisdakik.com\/index.php?rest_route=%2Fwp%2Fv2%2Fcategories&post=24388"},{"taxonomy":"post_tag","embeddable":true,"href":"https:\/\/kibrisdakik.com\/index.php?rest_route=%2Fwp%2Fv2%2Ftags&post=24388"}],"curies":[{"name":"wp","href":"https:\/\/api.w.org\/{rel}","templated":true}]}}