{"id":24400,"date":"2023-12-29T20:45:59","date_gmt":"2023-12-29T20:45:59","guid":{"rendered":"https:\/\/kibrisdakik.com\/index.php\/2023\/12\/29\/suudiler-galatasaray-ve-fenerbahcenin-ucaklarinin-kalkmasina-izin-vermiyor\/"},"modified":"2023-12-29T20:45:59","modified_gmt":"2023-12-29T20:45:59","slug":"suudiler-galatasaray-ve-fenerbahcenin-ucaklarinin-kalkmasina-izin-vermiyor","status":"publish","type":"post","link":"https:\/\/kibrisdakik.com\/?p=24400","title":{"rendered":"Suudiler Galatasaray ve Fenerbah\u00e7e\u2019nin u\u00e7aklar\u0131n\u0131n kalkmas\u0131na izin vermiyor"},"content":{"rendered":"<p><img decoding=\"async\" src=\"https:\/\/www.kibristurk.com\/images\/haberler\/2023\/12\/suudiler-galatasaray-ve-fenerbahcenin-ucaklarinin-kalkmasina-izin-vermiyor-1703882315.webp\" \/><\/p>\n<p><span style=\"font-size:11pt\"><span style=\"font-family:Calibri,sans-serif\"><span style=\"font-size:13.0pt\">Fenerbah\u00e7e ve Galatasaray, Suudi Arabistan\u2018\u0131n ba\u015fkenti Riyad\u2019da oynanmas\u0131 planlanan S\u00fcper Kupa finalinin iptal edilmesinin ard\u0131ndan \u00fclkelerine d\u00f6nmeye \u00e7al\u0131\u015f\u0131rken, Suudi yetkililerin izin vermedi\u011fi \u00f6\u011frenildi.<\/span><\/span><\/span><\/p>\n<p><span style=\"font-size:11pt\"><span style=\"font-family:Calibri,sans-serif\"><span style=\"font-size:13.0pt\">\u0130ki tak\u0131m\u0131n ma\u00e7a Atat\u00fcrk pankart\u0131 ve \u0131s\u0131nma ti\u015f\u00f6rtleri ile \u00e7\u0131kmak istemesine Suudi yetkililerden olumsuz yan\u0131t gelince, ba\u015flama d\u00fcd\u00fc\u011f\u00fc \u00e7almad\u0131. Galatasaray ve Fenerbah\u00e7e, taleplerinin kabul edilmemesi durumunda sahaya \u00e7\u0131kmayacaklar\u0131n\u0131 a\u00e7\u0131klam\u0131\u015ft\u0131. Ancak Suudi Arabistan yetkilileri geri ad\u0131m atmay\u0131nca ma\u00e7 iptal edildi.<\/span><\/span><\/span><\/p>\n<p><span style=\"font-size:11pt\"><span style=\"font-family:Calibri,sans-serif\"><span style=\"font-size:13.0pt\">S\u00f6zc\u00fc gazetesinin haberine g\u00f6re, T\u00fcrkiye\u2019ye d\u00f6nmek \u00fczere havaliman\u0131na giden Galatasaray ve Fenerbah\u00e7e kafilelerinin u\u00e7aklar\u0131na kalk\u0131\u015f izni verilmedi. Suudi yetkililerin bu tutumu, futbolcular\u0131n ve teknik ekiplerin \u00fclkelerine d\u00f6nme \u00e7abalar\u0131n\u0131 engelledi.<\/span><\/span><\/span><\/p>\n<p>&nbsp;<\/p>\n","protected":false},"excerpt":{"rendered":"<p>Fenerbah\u00e7e ve Galatasaray, Suudi Arabistan\u2018\u0131n ba\u015fkenti Riyad\u2019da oynanmas\u0131 planlanan S\u00fcper Kupa finalinin iptal edilmesinin ard\u0131ndan \u00fclkelerine d\u00f6nmeye \u00e7al\u0131\u015f\u0131rken, Suudi yetkililerin izin vermedi\u011fi \u00f6\u011frenildi. \u0130ki tak\u0131m\u0131n ma\u00e7a Atat\u00fcrk pankart\u0131 ve \u0131s\u0131nma ti\u015f\u00f6rtleri ile \u00e7\u0131kmak istemesine Suudi yetkililerden olumsuz yan\u0131t gelince, ba\u015flama d\u00fcd\u00fc\u011f\u00fc \u00e7almad\u0131. Galatasaray ve Fenerbah\u00e7e, taleplerinin kabul edilmemesi durumunda sahaya \u00e7\u0131kmayacaklar\u0131n\u0131 a\u00e7\u0131klam\u0131\u015ft\u0131. Ancak Suudi Arabistan<\/p>\n","protected":false},"author":1,"featured_media":24401,"comment_status":"open","ping_status":"open","sticky":false,"template":"","format":"standard","meta":{"footnotes":""},"categories":[85],"tags":[],"class_list":["post-24400","post","type-post","status-publish","format-standard","has-post-thumbnail","hentry","category-spor"],"yoast_head":"<!-- This site is optimized with the Yoast SEO plugin v27.4 - https:\/\/yoast.com\/product\/yoast-seo-wordpress\/ -->\n<title>Suudiler Galatasaray ve Fenerbah\u00e7e\u2019nin u\u00e7aklar\u0131n\u0131n kalkmas\u0131na izin vermiyor -<\/title>\n<meta name=\"robots\" content=\"index, follow, max-snippet:-1, max-image-preview:large, max-video-preview:-1\" \/>\n<link rel=\"canonical\" href=\"https:\/\/kibrisdakik.com\/?p=24400\" \/>\n<meta property=\"og:locale\" content=\"tr_TR\" \/>\n<meta property=\"og:type\" content=\"article\" \/>\n<meta property=\"og:title\" content=\"Suudiler Galatasaray ve Fenerbah\u00e7e\u2019nin u\u00e7aklar\u0131n\u0131n kalkmas\u0131na izin vermiyor -\" \/>\n<meta property=\"og:description\" content=\"Fenerbah\u00e7e ve Galatasaray, Suudi Arabistan\u2018\u0131n ba\u015fkenti Riyad\u2019da oynanmas\u0131 planlanan S\u00fcper Kupa finalinin iptal edilmesinin ard\u0131ndan \u00fclkelerine d\u00f6nmeye \u00e7al\u0131\u015f\u0131rken, Suudi yetkililerin izin vermedi\u011fi \u00f6\u011frenildi. \u0130ki tak\u0131m\u0131n ma\u00e7a Atat\u00fcrk pankart\u0131 ve \u0131s\u0131nma ti\u015f\u00f6rtleri ile \u00e7\u0131kmak istemesine Suudi yetkililerden olumsuz yan\u0131t gelince, ba\u015flama d\u00fcd\u00fc\u011f\u00fc \u00e7almad\u0131. Galatasaray ve Fenerbah\u00e7e, taleplerinin kabul edilmemesi durumunda sahaya \u00e7\u0131kmayacaklar\u0131n\u0131 a\u00e7\u0131klam\u0131\u015ft\u0131. Ancak Suudi Arabistan\" \/>\n<meta property=\"og:url\" content=\"https:\/\/kibrisdakik.com\/?p=24400\" \/>\n<meta property=\"article:published_time\" content=\"2023-12-29T20:45:59+00:00\" \/>\n<meta property=\"og:image\" content=\"https:\/\/kibrisdakik.com\/wp-content\/uploads\/2023\/12\/suudiler-galatasaray-ve-fenerbahcenin-ucaklarinin-kalkmasina-izin-vermiyor-1703882315.webp.webp\" \/>\n\t<meta property=\"og:image:width\" content=\"710\" \/>\n\t<meta property=\"og:image:height\" content=\"370\" \/>\n\t<meta property=\"og:image:type\" content=\"image\/webp\" \/>\n<meta name=\"author\" content=\"admin\" \/>\n<meta name=\"twitter:card\" content=\"summary_large_image\" \/>\n<meta name=\"twitter:label1\" content=\"Yazan:\" \/>\n\t<meta name=\"twitter:data1\" content=\"admin\" \/>\n\t<meta name=\"twitter:label2\" content=\"Tahmini okuma s\u00fcresi\" \/>\n\t<meta name=\"twitter:data2\" content=\"1 dakika\" \/>\n<script type=\"application\/ld+json\" class=\"yoast-schema-graph\">{\"@context\":\"https:\\\/\\\/schema.org\",\"@graph\":[{\"@type\":\"Article\",\"@id\":\"https:\\\/\\\/kibrisdakik.com\\\/?p=24400#article\",\"isPartOf\":{\"@id\":\"https:\\\/\\\/kibrisdakik.com\\\/?p=24400\"},\"author\":{\"name\":\"admin\",\"@id\":\"https:\\\/\\\/kibrisdakik.com\\\/#\\\/schema\\\/person\\\/9cd9d437bbb44f72b73ba127e06d8e79\"},\"headline\":\"Suudiler Galatasaray ve Fenerbah\u00e7e\u2019nin u\u00e7aklar\u0131n\u0131n kalkmas\u0131na izin vermiyor\",\"datePublished\":\"2023-12-29T20:45:59+00:00\",\"mainEntityOfPage\":{\"@id\":\"https:\\\/\\\/kibrisdakik.com\\\/?p=24400\"},\"wordCount\":142,\"commentCount\":0,\"image\":{\"@id\":\"https:\\\/\\\/kibrisdakik.com\\\/?p=24400#primaryimage\"},\"thumbnailUrl\":\"https:\\\/\\\/kibrisdakik.com\\\/wp-content\\\/uploads\\\/2023\\\/12\\\/suudiler-galatasaray-ve-fenerbahcenin-ucaklarinin-kalkmasina-izin-vermiyor-1703882315.webp.webp\",\"articleSection\":[\"Spor\"],\"inLanguage\":\"tr\",\"potentialAction\":[{\"@type\":\"CommentAction\",\"name\":\"Comment\",\"target\":[\"https:\\\/\\\/kibrisdakik.com\\\/?p=24400#respond\"]}]},{\"@type\":\"WebPage\",\"@id\":\"https:\\\/\\\/kibrisdakik.com\\\/?p=24400\",\"url\":\"https:\\\/\\\/kibrisdakik.com\\\/?p=24400\",\"name\":\"Suudiler Galatasaray ve Fenerbah\u00e7e\u2019nin u\u00e7aklar\u0131n\u0131n kalkmas\u0131na izin vermiyor -\",\"isPartOf\":{\"@id\":\"https:\\\/\\\/kibrisdakik.com\\\/#website\"},\"primaryImageOfPage\":{\"@id\":\"https:\\\/\\\/kibrisdakik.com\\\/?p=24400#primaryimage\"},\"image\":{\"@id\":\"https:\\\/\\\/kibrisdakik.com\\\/?p=24400#primaryimage\"},\"thumbnailUrl\":\"https:\\\/\\\/kibrisdakik.com\\\/wp-content\\\/uploads\\\/2023\\\/12\\\/suudiler-galatasaray-ve-fenerbahcenin-ucaklarinin-kalkmasina-izin-vermiyor-1703882315.webp.webp\",\"datePublished\":\"2023-12-29T20:45:59+00:00\",\"author\":{\"@id\":\"https:\\\/\\\/kibrisdakik.com\\\/#\\\/schema\\\/person\\\/9cd9d437bbb44f72b73ba127e06d8e79\"},\"breadcrumb\":{\"@id\":\"https:\\\/\\\/kibrisdakik.com\\\/?p=24400#breadcrumb\"},\"inLanguage\":\"tr\",\"potentialAction\":[{\"@type\":\"ReadAction\",\"target\":[\"https:\\\/\\\/kibrisdakik.com\\\/?p=24400\"]}]},{\"@type\":\"ImageObject\",\"inLanguage\":\"tr\",\"@id\":\"https:\\\/\\\/kibrisdakik.com\\\/?p=24400#primaryimage\",\"url\":\"https:\\\/\\\/kibrisdakik.com\\\/wp-content\\\/uploads\\\/2023\\\/12\\\/suudiler-galatasaray-ve-fenerbahcenin-ucaklarinin-kalkmasina-izin-vermiyor-1703882315.webp.webp\",\"contentUrl\":\"https:\\\/\\\/kibrisdakik.com\\\/wp-content\\\/uploads\\\/2023\\\/12\\\/suudiler-galatasaray-ve-fenerbahcenin-ucaklarinin-kalkmasina-izin-vermiyor-1703882315.webp.webp\",\"width\":710,\"height\":370},{\"@type\":\"BreadcrumbList\",\"@id\":\"https:\\\/\\\/kibrisdakik.com\\\/?p=24400#breadcrumb\",\"itemListElement\":[{\"@type\":\"ListItem\",\"position\":1,\"name\":\"Home\",\"item\":\"https:\\\/\\\/kibrisdakik.com\\\/\"},{\"@type\":\"ListItem\",\"position\":2,\"name\":\"Suudiler Galatasaray ve Fenerbah\u00e7e\u2019nin u\u00e7aklar\u0131n\u0131n kalkmas\u0131na izin vermiyor\"}]},{\"@type\":\"WebSite\",\"@id\":\"https:\\\/\\\/kibrisdakik.com\\\/#website\",\"url\":\"https:\\\/\\\/kibrisdakik.com\\\/\",\"name\":\"\",\"description\":\"Tam vaktinde haber\",\"potentialAction\":[{\"@type\":\"SearchAction\",\"target\":{\"@type\":\"EntryPoint\",\"urlTemplate\":\"https:\\\/\\\/kibrisdakik.com\\\/?s={search_term_string}\"},\"query-input\":{\"@type\":\"PropertyValueSpecification\",\"valueRequired\":true,\"valueName\":\"search_term_string\"}}],\"inLanguage\":\"tr\"},{\"@type\":\"Person\",\"@id\":\"https:\\\/\\\/kibrisdakik.com\\\/#\\\/schema\\\/person\\\/9cd9d437bbb44f72b73ba127e06d8e79\",\"name\":\"admin\",\"image\":{\"@type\":\"ImageObject\",\"inLanguage\":\"tr\",\"@id\":\"https:\\\/\\\/secure.gravatar.com\\\/avatar\\\/ccc17943b9d660506c869530f897617f7cb1c21a4bf30023f252596d83e1f007?s=96&d=mm&r=g\",\"url\":\"https:\\\/\\\/secure.gravatar.com\\\/avatar\\\/ccc17943b9d660506c869530f897617f7cb1c21a4bf30023f252596d83e1f007?s=96&d=mm&r=g\",\"contentUrl\":\"https:\\\/\\\/secure.gravatar.com\\\/avatar\\\/ccc17943b9d660506c869530f897617f7cb1c21a4bf30023f252596d83e1f007?s=96&d=mm&r=g\",\"caption\":\"admin\"},\"sameAs\":[\"https:\\\/\\\/kibrisdakik.com\"],\"url\":\"https:\\\/\\\/kibrisdakik.com\\\/?author=1\"}]}<\/script>\n<!-- \/ Yoast SEO plugin. -->","yoast_head_json":{"title":"Suudiler Galatasaray ve Fenerbah\u00e7e\u2019nin u\u00e7aklar\u0131n\u0131n kalkmas\u0131na izin vermiyor -","robots":{"index":"index","follow":"follow","max-snippet":"max-snippet:-1","max-image-preview":"max-image-preview:large","max-video-preview":"max-video-preview:-1"},"canonical":"https:\/\/kibrisdakik.com\/?p=24400","og_locale":"tr_TR","og_type":"article","og_title":"Suudiler Galatasaray ve Fenerbah\u00e7e\u2019nin u\u00e7aklar\u0131n\u0131n kalkmas\u0131na izin vermiyor -","og_description":"Fenerbah\u00e7e ve Galatasaray, Suudi Arabistan\u2018\u0131n ba\u015fkenti Riyad\u2019da oynanmas\u0131 planlanan S\u00fcper Kupa finalinin iptal edilmesinin ard\u0131ndan \u00fclkelerine d\u00f6nmeye \u00e7al\u0131\u015f\u0131rken, Suudi yetkililerin izin vermedi\u011fi \u00f6\u011frenildi. \u0130ki tak\u0131m\u0131n ma\u00e7a Atat\u00fcrk pankart\u0131 ve \u0131s\u0131nma ti\u015f\u00f6rtleri ile \u00e7\u0131kmak istemesine Suudi yetkililerden olumsuz yan\u0131t gelince, ba\u015flama d\u00fcd\u00fc\u011f\u00fc \u00e7almad\u0131. Galatasaray ve Fenerbah\u00e7e, taleplerinin kabul edilmemesi durumunda sahaya \u00e7\u0131kmayacaklar\u0131n\u0131 a\u00e7\u0131klam\u0131\u015ft\u0131. Ancak Suudi Arabistan","og_url":"https:\/\/kibrisdakik.com\/?p=24400","article_published_time":"2023-12-29T20:45:59+00:00","og_image":[{"width":710,"height":370,"url":"https:\/\/kibrisdakik.com\/wp-content\/uploads\/2023\/12\/suudiler-galatasaray-ve-fenerbahcenin-ucaklarinin-kalkmasina-izin-vermiyor-1703882315.webp.webp","type":"image\/webp"}],"author":"admin","twitter_card":"summary_large_image","twitter_misc":{"Yazan:":"admin","Tahmini okuma s\u00fcresi":"1 dakika"},"schema":{"@context":"https:\/\/schema.org","@graph":[{"@type":"Article","@id":"https:\/\/kibrisdakik.com\/?p=24400#article","isPartOf":{"@id":"https:\/\/kibrisdakik.com\/?p=24400"},"author":{"name":"admin","@id":"https:\/\/kibrisdakik.com\/#\/schema\/person\/9cd9d437bbb44f72b73ba127e06d8e79"},"headline":"Suudiler Galatasaray ve Fenerbah\u00e7e\u2019nin u\u00e7aklar\u0131n\u0131n kalkmas\u0131na izin vermiyor","datePublished":"2023-12-29T20:45:59+00:00","mainEntityOfPage":{"@id":"https:\/\/kibrisdakik.com\/?p=24400"},"wordCount":142,"commentCount":0,"image":{"@id":"https:\/\/kibrisdakik.com\/?p=24400#primaryimage"},"thumbnailUrl":"https:\/\/kibrisdakik.com\/wp-content\/uploads\/2023\/12\/suudiler-galatasaray-ve-fenerbahcenin-ucaklarinin-kalkmasina-izin-vermiyor-1703882315.webp.webp","articleSection":["Spor"],"inLanguage":"tr","potentialAction":[{"@type":"CommentAction","name":"Comment","target":["https:\/\/kibrisdakik.com\/?p=24400#respond"]}]},{"@type":"WebPage","@id":"https:\/\/kibrisdakik.com\/?p=24400","url":"https:\/\/kibrisdakik.com\/?p=24400","name":"Suudiler Galatasaray ve Fenerbah\u00e7e\u2019nin u\u00e7aklar\u0131n\u0131n kalkmas\u0131na izin vermiyor -","isPartOf":{"@id":"https:\/\/kibrisdakik.com\/#website"},"primaryImageOfPage":{"@id":"https:\/\/kibrisdakik.com\/?p=24400#primaryimage"},"image":{"@id":"https:\/\/kibrisdakik.com\/?p=24400#primaryimage"},"thumbnailUrl":"https:\/\/kibrisdakik.com\/wp-content\/uploads\/2023\/12\/suudiler-galatasaray-ve-fenerbahcenin-ucaklarinin-kalkmasina-izin-vermiyor-1703882315.webp.webp","datePublished":"2023-12-29T20:45:59+00:00","author":{"@id":"https:\/\/kibrisdakik.com\/#\/schema\/person\/9cd9d437bbb44f72b73ba127e06d8e79"},"breadcrumb":{"@id":"https:\/\/kibrisdakik.com\/?p=24400#breadcrumb"},"inLanguage":"tr","potentialAction":[{"@type":"ReadAction","target":["https:\/\/kibrisdakik.com\/?p=24400"]}]},{"@type":"ImageObject","inLanguage":"tr","@id":"https:\/\/kibrisdakik.com\/?p=24400#primaryimage","url":"https:\/\/kibrisdakik.com\/wp-content\/uploads\/2023\/12\/suudiler-galatasaray-ve-fenerbahcenin-ucaklarinin-kalkmasina-izin-vermiyor-1703882315.webp.webp","contentUrl":"https:\/\/kibrisdakik.com\/wp-content\/uploads\/2023\/12\/suudiler-galatasaray-ve-fenerbahcenin-ucaklarinin-kalkmasina-izin-vermiyor-1703882315.webp.webp","width":710,"height":370},{"@type":"BreadcrumbList","@id":"https:\/\/kibrisdakik.com\/?p=24400#breadcrumb","itemListElement":[{"@type":"ListItem","position":1,"name":"Home","item":"https:\/\/kibrisdakik.com\/"},{"@type":"ListItem","position":2,"name":"Suudiler Galatasaray ve Fenerbah\u00e7e\u2019nin u\u00e7aklar\u0131n\u0131n kalkmas\u0131na izin vermiyor"}]},{"@type":"WebSite","@id":"https:\/\/kibrisdakik.com\/#website","url":"https:\/\/kibrisdakik.com\/","name":"","description":"Tam vaktinde haber","potentialAction":[{"@type":"SearchAction","target":{"@type":"EntryPoint","urlTemplate":"https:\/\/kibrisdakik.com\/?s={search_term_string}"},"query-input":{"@type":"PropertyValueSpecification","valueRequired":true,"valueName":"search_term_string"}}],"inLanguage":"tr"},{"@type":"Person","@id":"https:\/\/kibrisdakik.com\/#\/schema\/person\/9cd9d437bbb44f72b73ba127e06d8e79","name":"admin","image":{"@type":"ImageObject","inLanguage":"tr","@id":"https:\/\/secure.gravatar.com\/avatar\/ccc17943b9d660506c869530f897617f7cb1c21a4bf30023f252596d83e1f007?s=96&d=mm&r=g","url":"https:\/\/secure.gravatar.com\/avatar\/ccc17943b9d660506c869530f897617f7cb1c21a4bf30023f252596d83e1f007?s=96&d=mm&r=g","contentUrl":"https:\/\/secure.gravatar.com\/avatar\/ccc17943b9d660506c869530f897617f7cb1c21a4bf30023f252596d83e1f007?s=96&d=mm&r=g","caption":"admin"},"sameAs":["https:\/\/kibrisdakik.com"],"url":"https:\/\/kibrisdakik.com\/?author=1"}]}},"_links":{"self":[{"href":"https:\/\/kibrisdakik.com\/index.php?rest_route=\/wp\/v2\/posts\/24400","targetHints":{"allow":["GET"]}}],"collection":[{"href":"https:\/\/kibrisdakik.com\/index.php?rest_route=\/wp\/v2\/posts"}],"about":[{"href":"https:\/\/kibrisdakik.com\/index.php?rest_route=\/wp\/v2\/types\/post"}],"author":[{"embeddable":true,"href":"https:\/\/kibrisdakik.com\/index.php?rest_route=\/wp\/v2\/users\/1"}],"replies":[{"embeddable":true,"href":"https:\/\/kibrisdakik.com\/index.php?rest_route=%2Fwp%2Fv2%2Fcomments&post=24400"}],"version-history":[{"count":0,"href":"https:\/\/kibrisdakik.com\/index.php?rest_route=\/wp\/v2\/posts\/24400\/revisions"}],"wp:featuredmedia":[{"embeddable":true,"href":"https:\/\/kibrisdakik.com\/index.php?rest_route=\/wp\/v2\/media\/24401"}],"wp:attachment":[{"href":"https:\/\/kibrisdakik.com\/index.php?rest_route=%2Fwp%2Fv2%2Fmedia&parent=24400"}],"wp:term":[{"taxonomy":"category","embeddable":true,"href":"https:\/\/kibrisdakik.com\/index.php?rest_route=%2Fwp%2Fv2%2Fcategories&post=24400"},{"taxonomy":"post_tag","embeddable":true,"href":"https:\/\/kibrisdakik.com\/index.php?rest_route=%2Fwp%2Fv2%2Ftags&post=24400"}],"curies":[{"name":"wp","href":"https:\/\/api.w.org\/{rel}","templated":true}]}}