{"id":24444,"date":"2023-12-30T01:10:13","date_gmt":"2023-12-30T01:10:13","guid":{"rendered":"https:\/\/kibrisdakik.com\/index.php\/2023\/12\/30\/dunyada-bu-yil-2023-yilina-bakis\/"},"modified":"2023-12-30T01:10:13","modified_gmt":"2023-12-30T01:10:13","slug":"dunyada-bu-yil-2023-yilina-bakis","status":"publish","type":"post","link":"https:\/\/kibrisdakik.com\/?p=24444","title":{"rendered":"D\u00fcnyada bu y\u0131l: 2023 y\u0131l\u0131na bak\u0131\u015f"},"content":{"rendered":"<p><\/p>\n<p><img decoding=\"async\" alt=\"D\u00fcnyada bu y\u0131l: 2023 y\u0131l\u0131na bak\u0131\u015f - 1\" src=\"https:\/\/cdn1.ntv.com.tr\/gorsel\/TbUF0Ckit0qw1oxQoxG7Rw.jpg?width=1000&amp;mode=both&amp;scale=both&amp;v=1703835877322\" \/><\/p>\n<p>Y\u0131la damgas\u0131n\u0131 vuran olaylar\u0131n ba\u015f\u0131nda \u0130srail-Hamas sava\u015f\u0131, T\u00fcrkiye ve Fas\u2019ta ya\u015fanan deprem felaketleri, Libya\u2019daki sel afeti, Rusya-Ukrayna sava\u015f\u0131n\u0131n \u00e7\u0131kmaza girmesi ve Azerbaycan\u2019\u0131n Karaba\u011f\u2019da t\u00fcm\u00fcyle hakimiyeti ele ge\u00e7irmesi geliyor.<\/p>\n<p><img decoding=\"async\" alt=\"D\u00fcnyada bu y\u0131l: 2023 y\u0131l\u0131na bak\u0131\u015f - 2\" src=\"https:\/\/cdn1.ntv.com.tr\/gorsel\/6dLWlZMAC0qSB1v0M4aNDA.jpg?width=1000&amp;mode=both&amp;scale=both&amp;v=1703835877322\" \/><\/p>\n<p>&nbsp;<\/p>\n<p>\u0130srail\u2019in Gazze\u2019deki Hamas hedeflerine y\u00f6nelik harekat\u0131nda binlerce sivil hayat\u0131n\u0131 kaybetti.<\/p>\n<p>Derinle\u015fen insani krize kar\u015f\u0131 uluslararas\u0131 toplumun \u00e7are \u00fcretememesi \u201ck\u00fcresel d\u00fczenin egemenleri\u201d hakk\u0131nda tart\u0131\u015fmalar ba\u015flatt\u0131.<\/p>\n<p><img decoding=\"async\" alt=\"D\u00fcnyada bu y\u0131l: 2023 y\u0131l\u0131na bak\u0131\u015f - 3\" src=\"https:\/\/cdn1.ntv.com.tr\/gorsel\/1vq6Vt9TokuC7FfDxjaGkQ.jpg?width=1000&amp;mode=both&amp;scale=both&amp;v=1703835877322\" \/><\/p>\n<p>&nbsp;<\/p>\n<p>\u015eimdi 2023 y\u0131l\u0131nda Gazze d\u0131\u015f\u0131nda g\u00fcndemde yer bulan di\u011fer \u00f6nemli haber ba\u015fl\u0131klar\u0131n\u0131 yak\u0131n plana alaca\u011f\u0131z.<\/p>\n<p>\u0130\u015fte 2023 y\u0131l\u0131na damga vuran olaylar\u2026<\/p>\n<p><img decoding=\"async\" alt=\"D\u00fcnyada bu y\u0131l: 2023 y\u0131l\u0131na bak\u0131\u015f - 4\" src=\"https:\/\/cdn1.ntv.com.tr\/gorsel\/-54WtoHc8UahSiygzGQBrA.jpg?width=1000&amp;mode=both&amp;scale=both&amp;v=1703835877322\" \/><\/p>\n<h2>T\u00dcRK\u0130YE&#8217;DE DEPREM<\/h2>\n<p>&nbsp;<\/p>\n<p>Son 100 y\u0131l\u0131n en \u00f6l\u00fcmc\u00fcl depremlerinden biri 5 \u015eubat&#8217;\u0131 6 \u015eubat&#8217;a ba\u011flayan gece, T\u00fcrkiye&#8217;nin g\u00fcneydo\u011fusunda ve Suriye&#8217;nin kuzeyinde ya\u015fand\u0131.<\/p>\n<p>7,8 b\u00fcy\u00fckl\u00fc\u011f\u00fcndeki sars\u0131nt\u0131da yakla\u015f\u0131k 6 bini Suriye taraf\u0131nda olmak \u00fczere en az 56 bin ki\u015fi hayat\u0131n\u0131 kaybetti.<\/p>\n<p><img decoding=\"async\" alt=\"D\u00fcnyada bu y\u0131l: 2023 y\u0131l\u0131na bak\u0131\u015f - 5\" src=\"https:\/\/cdn1.ntv.com.tr\/gorsel\/H9tq5XlSfkWeUOUR-teEXg.jpg?width=1000&amp;mode=both&amp;scale=both&amp;v=1703835877322\" \/><\/p>\n<p>T\u00fcrkiye&#8217;de enkaz alt\u0131nda kalan 15 ya\u015f\u0131ndaki k\u0131z\u0131n\u0131n elini b\u0131rakmayan baban\u0131n \u00e7aresizlik foto\u011fraf\u0131 ve Suriye&#8217;de g\u00f6bek ba\u011f\u0131yla hala \u00f6l\u00fc annesine ba\u011fl\u0131 olan yeni do\u011fmu\u015f bebe\u011fin g\u00f6r\u00fcnt\u00fcs\u00fc d\u00fcnya bas\u0131n\u0131nda man\u015fetlere \u00e7\u0131kt\u0131.<\/p>\n<p><img decoding=\"async\" alt=\"D\u00fcnyada bu y\u0131l: 2023 y\u0131l\u0131na bak\u0131\u015f - 6\" src=\"https:\/\/cdn1.ntv.com.tr\/gorsel\/sV9rFlrwDEiIAbkbArPajA.jpg?width=1000&amp;mode=both&amp;scale=both&amp;v=1703835877322\" \/><\/p>\n<p>T\u00fcrkiye \u00f6zellikle d\u00fcnyan\u0131n d\u00f6rt bir yan\u0131ndan arama ve kurtarma ekiplerinin ko\u015fup geldi\u011fi, \u201cY\u00fczy\u0131l\u0131n Afeti\u201d olarak tan\u0131mlanan depremlerin ard\u0131ndan \u201cinsanl\u0131\u011f\u0131n el ele verdi\u011fi \u00fclke\u201d g\u00f6r\u00fcnt\u00fcs\u00fcyle d\u00fcnyaya bar\u0131\u015f ve dayan\u0131\u015fma i\u00e7in umut \u0131\u015f\u0131\u011f\u0131 yakm\u0131\u015f oldu.<\/p>\n<p><img decoding=\"async\" alt=\"D\u00fcnyada bu y\u0131l: 2023 y\u0131l\u0131na bak\u0131\u015f - 7\" src=\"https:\/\/cdn1.ntv.com.tr\/gorsel\/ulUzy2MsjkqD5Zolk3p5gg.jpg?width=1000&amp;mode=both&amp;scale=both&amp;v=1703835877322\" \/><\/p>\n<p>&nbsp;<\/p>\n<p>Yunanistan devlet televizyonu sabah yay\u0131nlar\u0131na T\u00fcrk\u00e7e ezgilerle ve \u201cge\u00e7mi\u015f olsun kom\u015fu\u201d anonsuyla ba\u015flad\u0131.<\/p>\n<p>Siyasi iklim T\u00fcrkiye\u2019nin ilerleyen d\u00f6nemde Yunanistan ve M\u0131s\u0131r\u2019la ili\u015fkilerini yeniden d\u00fczenlemesinin \u00f6n\u00fcn\u00fc a\u00e7t\u0131.<\/p>\n<p><img decoding=\"async\" alt=\"D\u00fcnyada bu y\u0131l: 2023 y\u0131l\u0131na bak\u0131\u015f - 8\" src=\"https:\/\/cdn1.ntv.com.tr\/gorsel\/G8vl8hEUTEGvNwE2odgu_Q.jpg?width=1000&amp;mode=both&amp;scale=both&amp;v=1703835877322\" \/><\/p>\n<h2>FAS DEPREM\u0130<\/h2>\n<p>&nbsp;<\/p>\n<p>Di\u011fer yandan, Fas&#8217;\u0131n Marake\u015f b\u00f6lgesi 8 Eyl\u00fcl&#8217;de \u015fiddetli bir depremle sars\u0131ld\u0131.<\/p>\n<p>6,8 b\u00fcy\u00fckl\u00fc\u011f\u00fcndeki depremde yakla\u015f\u0131k 3 bin ki\u015fi \u00f6ld\u00fc, 5 bin 600&#8217;den fazla ki\u015fi yaraland\u0131.<\/p>\n<p><img decoding=\"async\" alt=\"D\u00fcnyada bu y\u0131l: 2023 y\u0131l\u0131na bak\u0131\u015f - 9\" src=\"https:\/\/cdn1.ntv.com.tr\/gorsel\/34MrjisTOUCrtjr_Y9SYPg.jpg?width=1000&amp;mode=both&amp;scale=both&amp;v=1703835877322\" \/><\/p>\n<h2>L\u0130BYA&#8217;DA SEL<\/h2>\n<p>&nbsp;<\/p>\n<p>Y\u0131la damgas\u0131n\u0131 vuran bir di\u011fer afetse Libya\u2019da ya\u015fand\u0131.<\/p>\n<p>Tarihinin en b\u00fcy\u00fck sel felaketlerinden birini ya\u015fayan Libya\u2019da 11 binin \u00fczerinde ki\u015fi hayat\u0131n\u0131 kaybetti.<\/p>\n<p>\u00dclkenin do\u011fusunu etkileyen f\u0131rt\u0131nada iki baraj\u0131n \u00e7\u00f6kt\u00fc\u011f\u00fc Derne kenti sel afetinin oda\u011f\u0131 haline geldi.<\/p>\n<p><img decoding=\"async\" alt=\"D\u00fcnyada bu y\u0131l: 2023 y\u0131l\u0131na bak\u0131\u015f - 10\" src=\"https:\/\/cdn1.ntv.com.tr\/gorsel\/MCg4LAnvQk-RBguCLWf5-A.jpg?width=1000&amp;mode=both&amp;scale=both&amp;v=1703835877322\" \/><\/p>\n<p>14 Eyl\u00fcl tarihinde yap\u0131lan resmi a\u00e7\u0131klamada,&nbsp; hayat\u0131n\u0131 yitirenlerin say\u0131s\u0131n\u0131n 18 ila 20 bin aras\u0131nda olabilece\u011fi belirtildi.<\/p>\n<p><img decoding=\"async\" alt=\"D\u00fcnyada bu y\u0131l: 2023 y\u0131l\u0131na bak\u0131\u015f - 11\" src=\"https:\/\/cdn1.ntv.com.tr\/gorsel\/USUqltPJVEOKG0yRcaCK0g.jpg?width=1000&amp;mode=both&amp;scale=both&amp;v=1703835877322\" \/><\/p>\n<h2>RUSYA-UKRAYNA SAVA\u015eI<\/h2>\n<p>&nbsp;<\/p>\n<p>Rus ordusu, 24 \u015eubat 2022&#8217;de ba\u015flayan sava\u015fta 300 bin yedek askerle takviye edilen g\u00fc\u00e7leriyle Ukrayna&#8217;n\u0131n do\u011fusundaki Donbass b\u00f6lgesinde yeniden sald\u0131r\u0131ya ge\u00e7ti.<\/p>\n<p>Moskova May\u0131s ay\u0131nda, Bahmut \u015fehrinin ele ge\u00e7irildi\u011fini duyurdu.<\/p>\n<p><img decoding=\"async\" alt=\"D\u00fcnyada bu y\u0131l: 2023 y\u0131l\u0131na bak\u0131\u015f - 12\" src=\"https:\/\/cdn1.ntv.com.tr\/gorsel\/gp9FHpmmsk6HDJD6tIzAxQ.jpg?width=1000&amp;mode=both&amp;scale=both&amp;v=1703835877322\" \/><\/p>\n<p>&nbsp;<\/p>\n<p>Kiev Y\u00f6netimi Moskova&#8217;n\u0131n i\u015fgal etti\u011fi topraklar\u0131 geri almak amac\u0131yla Haziran&#8217;da kar\u015f\u0131 sald\u0131r\u0131 ba\u015flatt\u0131.<\/p>\n<p>Sadece g\u00fcney ve do\u011fudaki birka\u00e7 k\u00f6y\u00fc geri almay\u0131 ba\u015fard\u0131.<\/p>\n<p>Ukrayna Bat\u0131\u2019n\u0131n deste\u011fine ra\u011fmen a\u011f\u0131r bir maliyetle \u00e7ok az ilerleme kaydetti.<\/p>\n<p>Kas\u0131m ay\u0131 ortas\u0131nda ise Kiev Y\u00f6netimi, Rus ordusunu g\u00fcneydeki Herson b\u00f6lgesinde birka\u00e7 kilometre geri p\u00fcsk\u00fcrtt\u00fc\u011f\u00fcn\u00fc iddia etti.<\/p>\n<p>Ancak Rusya aral\u0131klarla da olsa Ukrayna\u2019n\u0131n ba\u015fkentini f\u00fczelerle vurmay\u0131 s\u00fcrd\u00fcrd\u00fc.<\/p>\n<p><img decoding=\"async\" alt=\"D\u00fcnyada bu y\u0131l: 2023 y\u0131l\u0131na bak\u0131\u015f - 13\" src=\"https:\/\/cdn1.ntv.com.tr\/gorsel\/B8uBMv2qd0-B_HL4JzPFrA.jpg?width=1000&amp;mode=both&amp;scale=both&amp;v=1703835877322\" \/><\/p>\n<p>&nbsp;<\/p>\n<p>Bat\u0131 medyas\u0131nda Ukrayna sava\u015f\u0131n\u0131n \u00e7\u0131kmaza girdi\u011fi ve ABD\u2019nin Moskova\u2019yla bir anla\u015fma zemini haz\u0131rlamas\u0131 i\u00e7in Ukrayna lideri Zelenski\u2019ye bask\u0131 yapmaya ba\u015flad\u0131\u011f\u0131 \u00f6ne s\u00fcr\u00fcld\u00fc.<\/p>\n<p>Bununla birlikte ABD\u2019de Biden Y\u00f6netimiyle Cumhuriyet\u00e7i Parti aras\u0131nda Ukrayna\u2019y\u0131 destekleme konusunda&nbsp;derin g\u00f6r\u00fc\u015f ayr\u0131l\u0131klar\u0131 ya\u015fand\u0131.<\/p>\n<p><img decoding=\"async\" alt=\"D\u00fcnyada bu y\u0131l: 2023 y\u0131l\u0131na bak\u0131\u015f - 14\" src=\"https:\/\/cdn1.ntv.com.tr\/gorsel\/gykqw-YfjUa-LOAWuQP7Cw.jpg?width=1000&amp;mode=both&amp;scale=both&amp;v=1703835877322\" \/><\/p>\n<h2>WAGNER \u0130SYANI<\/h2>\n<p>&nbsp;<\/p>\n<p>24 Haziran&#8217;da ise d\u00fcnya Rusya\u2019da ortaya \u00e7\u0131kan bir ba\u015fkald\u0131r\u0131ya odakland\u0131.<\/p>\n<p>Paral\u0131 asker grubu Wagner\u2019in isyanc\u0131 lideri Yevgeny Prigozhin sava\u015f\u00e7\u0131lar\u0131yla birlikte Moskova&#8217;ya do\u011fru y\u00fcr\u00fcy\u00fc\u015fe ge\u00e7ti.<\/p>\n<p>Devlet Ba\u015fkan\u0131 Vladimir Putin&#8217;in sert duru\u015fu sonras\u0131 geri ad\u0131m atan grubun lideri Prigozhin, birliklerini Belarus\u2019a kayd\u0131rd\u0131\u011f\u0131n\u0131 duyurdu.<\/p>\n<p><img decoding=\"async\" alt=\"D\u00fcnyada bu y\u0131l: 2023 y\u0131l\u0131na bak\u0131\u015f - 15\" src=\"https:\/\/cdn1.ntv.com.tr\/gorsel\/13a3GvHYPEqG-1bRW8BtWQ.jpg?width=1000&amp;mode=both&amp;scale=both&amp;v=1703835877322\" \/><\/p>\n<p>&nbsp;<\/p>\n<p>\u0130syandan 2 ay sonra Yevgeny Prigozhin ve beraberindeki Wagner liderleri Moskova yak\u0131nlar\u0131ndaki bir u\u00e7ak kazas\u0131nda \u00f6ld\u00fc.<\/p>\n<p>\u015e\u00fcpheli kazan\u0131n ard\u0131ndan Rusya lideri Putin k\u0131sa bir ba\u015f sa\u011fl\u0131\u011f\u0131 a\u00e7\u0131klamas\u0131nda bulundu.<\/p>\n<p><img decoding=\"async\" alt=\"D\u00fcnyada bu y\u0131l: 2023 y\u0131l\u0131na bak\u0131\u015f - 16\" src=\"https:\/\/cdn1.ntv.com.tr\/gorsel\/QkZaPzyQckGSmATEJXCyYA.jpg?width=1000&amp;mode=both&amp;scale=both&amp;v=1703835877322\" \/><\/p>\n<h2>KARABA\u011e&#8217;A 24 SAATL\u0130K OPERASYON<\/h2>\n<p>&nbsp;<\/p>\n<p>Azerbaycan y\u00f6netimi Eyl\u00fcl ay\u0131 ba\u015flar\u0131nda, kendi topraklar\u0131 \u00fczerinde ayr\u0131l\u0131k\u00e7\u0131 bir ter\u00f6r yap\u0131lanmas\u0131na \u201cdaha fazla m\u00fcsaade etmeyece\u011fini\u201d duyurdu.<\/p>\n<p>Karaba\u011f\u2019da 30 y\u0131l\u0131 a\u015fk\u0131n s\u00fcredir i\u015fgal alt\u0131ndaki ayr\u0131l\u0131k\u00e7\u0131 y\u00f6netime kar\u015f\u0131 19 Eyl\u00fcl\u2019de antiter\u00f6r operasyonu ba\u015flatt\u0131.<\/p>\n<p><img decoding=\"async\" alt=\"D\u00fcnyada bu y\u0131l: 2023 y\u0131l\u0131na bak\u0131\u015f - 17\" src=\"https:\/\/cdn1.ntv.com.tr\/gorsel\/x24z2R8uGU6icOR-IsBzLA.jpg?width=1000&amp;mode=both&amp;scale=both&amp;v=1703835877322\" \/><\/p>\n<p>&nbsp;<\/p>\n<p>Ermeniler taraf\u0131ndan i\u015fgal edilmi\u015f b\u00f6lgede \u201cfiili y\u00f6netim ilan etmi\u015f y\u00f6netici kadro\u201d Ermenistan\u2019dan destek istedi.<\/p>\n<p>Ancak bu deste\u011fin gelmeyece\u011fi anla\u015f\u0131l\u0131nca Karaba\u011f\u2019daki ayr\u0131l\u0131k\u00e7\u0131 y\u00f6netim 24 saat i\u00e7inde teslim oldu ve ate\u015fkes sa\u011fland\u0131.<\/p>\n<p><img decoding=\"async\" alt=\"D\u00fcnyada bu y\u0131l: 2023 y\u0131l\u0131na bak\u0131\u015f - 18\" src=\"https:\/\/cdn1.ntv.com.tr\/gorsel\/WvZGjGlGlU-OI5SkkipoUg.jpg?width=1000&amp;mode=both&amp;scale=both&amp;v=1703835877322\" \/><\/p>\n<p>&nbsp;<\/p>\n<p>600&#8217;e yak\u0131n ki\u015finin hayat\u0131n\u0131 kaybetti\u011fi operasyonun ard\u0131ndan b\u00f6lgede ya\u015fayanlar\u0131n \u00e7o\u011funlu\u011fu Ermenistan&#8217;a ge\u00e7ti.<\/p>\n<p>Ayr\u0131l\u0131k\u00e7\u0131 y\u00f6netim daha sonra kendini feshetti\u011fini duyurdu.<\/p>\n<p>Azerbaycan Cumhurba\u015fkan\u0131 \u0130lham Aliyev, 15 Ekim\u2019de Hankendi ve Hocal\u0131&#8217;da Azerbaycan bayra\u011f\u0131n\u0131 g\u00f6ndere \u00e7ekti.<\/p>\n<p><img decoding=\"async\" alt=\"D\u00fcnyada bu y\u0131l: 2023 y\u0131l\u0131na bak\u0131\u015f - 19\" src=\"https:\/\/cdn1.ntv.com.tr\/gorsel\/HRPzpTX7pUuoYU3Sod4MuQ.jpg?width=1000&amp;mode=both&amp;scale=both&amp;v=1703835877322\" \/><\/p>\n<h2>N\u0130JER&#8217;DE ASKER\u0130 DARBE<\/h2>\n<p>&nbsp;<\/p>\n<p>Afrika 2023&#8217;te iki askeri darbe ya\u015fand\u0131. Sahel \u00fclkesi Nijer&#8217;de ordu 26 Temmuz&#8217;da &#8220;k\u00f6t\u00fcle\u015fen g\u00fcvenlik durumunu&#8221; gerek\u00e7e g\u00f6stererek y\u00f6netime el koydu.<\/p>\n<p>Devrik ba\u015fkan Mohamed Bazoum o g\u00fcnden itibaren konutunda tecrit alt\u0131nda tutuluyor.<\/p>\n<p><img decoding=\"async\" alt=\"D\u00fcnyada bu y\u0131l: 2023 y\u0131l\u0131na bak\u0131\u015f - 20\" src=\"https:\/\/cdn1.ntv.com.tr\/gorsel\/alyjSb0n5UKhXQJrX6sVww.jpg?width=1000&amp;mode=both&amp;scale=both&amp;v=1703835877322\" \/><\/p>\n<h2>GABON&#8217;DA ASKER\u0130 DARBE<\/h2>\n<p>&nbsp;<\/p>\n<p>Bat\u0131 Afrika \u00fclkesi Gabon&#8217;da ise usuls\u00fczl\u00fckler nedeniyle ele\u015ftirilen cumhurba\u015fkanl\u0131\u011f\u0131 se\u00e7iminin hemen ard\u0131ndan 30 A\u011fustos&#8217;ta askeri bir darbeyle Ali Bongo y\u00f6netimi sona erdi.<\/p>\n<p>Darbeyle 55 y\u0131ll\u0131k Bongo iktidar\u0131n\u0131 devirerek y\u00f6netimin ba\u015f\u0131na ge\u00e7en General Brice Oligui Nguema, \u00fclkedeki kurumlar\u0131n daha demokratik olaca\u011f\u0131 taahh\u00fcd\u00fcnde bulundu.<\/p>\n<p><img decoding=\"async\" alt=\"D\u00fcnyada bu y\u0131l: 2023 y\u0131l\u0131na bak\u0131\u015f - 21\" src=\"https:\/\/cdn1.ntv.com.tr\/gorsel\/EzjIdJpZu06mQZ3f3jsevQ.jpg?width=1000&amp;mode=both&amp;scale=both&amp;v=1703835877322\" \/><\/p>\n<h2>SUDAN&#8217;DA \u0130\u00c7 SAVA\u015e<\/h2>\n<p>&nbsp;<\/p>\n<p>Sudan\u2019da ise i\u00e7 sava\u015f g\u00f6r\u00fcnt\u00fcs\u00fc vard\u0131.<\/p>\n<p>15 Nisan&#8217;dan itibaren General Abdel Fattah al-Burhane liderli\u011findeki ordu ile eski komutan Mohamed Hamdane Daglo&#8217;nun paramiliter g\u00fc\u00e7leri aras\u0131nda devam eden sava\u015f 10 binden fazla insan\u0131n \u00f6l\u00fcm\u00fcne neden oldu.<\/p>\n<p><img decoding=\"async\" alt=\"D\u00fcnyada bu y\u0131l: 2023 y\u0131l\u0131na bak\u0131\u015f - 22\" src=\"https:\/\/cdn1.ntv.com.tr\/gorsel\/MuzWLc9LA0ul2oGif1rTyA.jpg?width=1000&amp;mode=both&amp;scale=both&amp;v=1703835877322\" \/><\/p>\n<h2>AFR\u0130KA&#8217;DAN FRANSA&#8217;YA RET<\/h2>\n<p>&nbsp;<\/p>\n<p>Uzun y\u0131llard\u0131r Afrika\u2019y\u0131 s\u00f6m\u00fcren ve istikrars\u0131zl\u0131\u011f\u0131n ba\u015f akt\u00f6r\u00fc olarak g\u00f6r\u00fclen Fransa, art\u0131k k\u0131tada istenmeyen adam haline geldi.<\/p>\n<p>Cezayir\u2019den Burkina Faso\u2019ya kadar \u00e7ok say\u0131da \u00fclke Fransa\u2019y\u0131 \u00fclkelerinden silmek ad\u0131na kararlar ald\u0131.<\/p>\n<p>\u00c7ad A\u011fustos ay\u0131nda s\u0131n\u0131rda izinsiz gezen Frans\u0131z askerlerini tutuklad\u0131.<\/p>\n<p><img decoding=\"async\" alt=\"D\u00fcnyada bu y\u0131l: 2023 y\u0131l\u0131na bak\u0131\u015f - 23\" src=\"https:\/\/cdn1.ntv.com.tr\/gorsel\/4lECl8h3MUO3BFt3YwUbPQ.jpg?width=1000&amp;mode=both&amp;scale=both&amp;v=1703835877322\" \/><\/p>\n<p>&nbsp;<\/p>\n<p>Macron Y\u00f6netimi geli\u015fmeler kar\u015f\u0131s\u0131nda \u00e7at\u0131\u015fmaya yol a\u00e7mayacak \u00f6nlemler alacaklar\u0131n\u0131 ve sorunlar\u0131 diplomasiyle \u00e7\u00f6zmek istediklerini duyurdu.<\/p>\n<p>Nihayet Fransa, 2022&#8217;de Mali ve Orta Afrika Cumhuriyeti&#8217;nden sonra 2023&#8217;te de di\u011fer iki eski s\u00f6m\u00fcrgesi Burkina Faso ve Nijer&#8217;den askerlerini \u00e7ekmek zorunda kald\u0131.<\/p>\n<p><img decoding=\"async\" alt=\"D\u00fcnyada bu y\u0131l: 2023 y\u0131l\u0131na bak\u0131\u015f - 24\" src=\"https:\/\/cdn1.ntv.com.tr\/gorsel\/3EcSt3mVH0-_JwiOQNblgg.jpg?width=1000&amp;mode=both&amp;scale=both&amp;v=1703835877322\" \/><\/p>\n<h2>ABD-\u00c7\u0130N GER\u0130L\u0130M\u0130 ARTMAYA DEVAM ED\u0130YOR<\/h2>\n<p>2023 y\u0131l\u0131 ba\u015flarken ABD-\u00c7in gerilimi azal\u0131yordu. \u0130ki \u00fclke lideri Biden ve Xi Bali&#8217;deki G-20 zirvesi \u00e7er\u00e7evesinde olumlu bir g\u00f6r\u00fc\u015fme yapm\u0131\u015ft\u0131.<\/p>\n<p><img decoding=\"async\" alt=\"D\u00fcnyada bu y\u0131l: 2023 y\u0131l\u0131na bak\u0131\u015f - 25\" src=\"https:\/\/cdn1.ntv.com.tr\/gorsel\/dH1UuW3wBEajTmUXmmm3Hw.jpg?width=1000&amp;mode=both&amp;scale=both&amp;v=1703835877322\" \/><\/p>\n<p>&nbsp;<\/p>\n<p>D\u0131\u015fi\u015fleri Bakan\u0131 Antony Blinken iki \u00fclkenin giderek gerginle\u015fen jeopolitik rekabetine &#8220;dur demek&#8221; i\u00e7in \u015eubat ay\u0131nda Pekin&#8217;i ziyaret edecekti.<\/p>\n<p>Ancak daha sonra Amerika Birle\u015fik Devletleri&#8217;nin \u00fczerinde bir \u00c7in g\u00f6zetleme balonu belirdi.<\/p>\n<p>ABD Hava Kuvvetlerine ait bir F-22 sava\u015f u\u00e7a\u011f\u0131 balonu G\u00fcney Carolina a\u00e7\u0131klar\u0131nda d\u00fc\u015f\u00fcrmeden \u00f6nce bu gizemli hava arac\u0131 bir hafta boyunca \u00fclkenin \u00fczerinde s\u00fcr\u00fcklendi.<\/p>\n<p><img decoding=\"async\" alt=\"D\u00fcnyada bu y\u0131l: 2023 y\u0131l\u0131na bak\u0131\u015f - 26\" src=\"https:\/\/cdn1.ntv.com.tr\/gorsel\/tMK6I1CMvUetKyc-DFb4HQ.jpg?width=1000&amp;mode=both&amp;scale=both&amp;v=1703835877322\" \/><\/p>\n<p>&nbsp;<\/p>\n<p>Pekin, meteoroloji balonunun \u201chava durumunu g\u00f6zlerken\u201d rotas\u0131ndan sapt\u0131\u011f\u0131 konusunda \u0131srar etti.<\/p>\n<p>ABD ise balonun askeri ve sanayi casuslu\u011fu yapmak \u00fczere kullan\u0131ld\u0131\u011f\u0131n\u0131 savundu. Olay Blinken&#8217;in Pekin ziyaretini ertelemesine yol a\u00e7t\u0131.<\/p>\n<p><img decoding=\"async\" alt=\"D\u00fcnyada bu y\u0131l: 2023 y\u0131l\u0131na bak\u0131\u015f - 27\" src=\"https:\/\/cdn1.ntv.com.tr\/gorsel\/QuYS-nUHkU2rnCTeBGadWg.jpg?width=1000&amp;mode=both&amp;scale=both&amp;v=1703835877322\" \/><\/p>\n<p>&nbsp;<\/p>\n<p>Blinken nihayet Haziran\u2019da kendi ifadesiyle &#8220;yap\u0131c\u0131&#8221; g\u00f6r\u00fc\u015fmeler amac\u0131yla Pekin&#8217;e gitti.<\/p>\n<p>Bu g\u00f6r\u00fc\u015fmeler Washington&#8217;un \u00c7in&#8217;le ticarete ek k\u0131s\u0131tlamalar getirmesini engellemedi.<\/p>\n<p>Ayn\u0131 \u015fekilde Pekin&#8217;in Tayvan&#8217;a, Filipinler&#8217;e veya Asya&#8217;daki Amerikan askeri kuvvetlerine y\u00f6nelik tacizini durdurmaya yetmedi.<\/p>\n<p><img decoding=\"async\" alt=\"D\u00fcnyada bu y\u0131l: 2023 y\u0131l\u0131na bak\u0131\u015f - 28\" src=\"https:\/\/cdn1.ntv.com.tr\/gorsel\/sro4WLxvLEuEClMcQMWehA.jpg?width=1000&amp;mode=both&amp;scale=both&amp;v=1703835877322\" \/><\/p>\n<p>&nbsp;<\/p>\n<p>Biden ve Xi, Kas\u0131m ay\u0131nda San Francisco&#8217;daki 2023 APEC Liderler Forumu\u2019nda oturum aralar\u0131nda bir araya geldi.<\/p>\n<p>G\u00f6r\u00fc\u015fmelerde iyi niyet beyan\u0131 olarak birka\u00e7 k\u00fc\u00e7\u00fck anla\u015fma imzaland\u0131 ancak ili\u015fkiler a\u00e7\u0131s\u0131ndan \u00f6nemli bir ilerleme sa\u011flanamad\u0131.<\/p>\n<p><img decoding=\"async\" alt=\"D\u00fcnyada bu y\u0131l: 2023 y\u0131l\u0131na bak\u0131\u015f - 29\" src=\"https:\/\/cdn1.ntv.com.tr\/gorsel\/8ejY01n6cEeGK7QyYodhog.jpg?width=1000&amp;mode=both&amp;scale=both&amp;v=1703835877322\" \/><\/p>\n<h2>G\u00dcNEY AMER\u0130KA VE POP\u00dcL\u0130ST L\u0130DERLER D\u00d6NEM\u0130<\/h2>\n<p>&nbsp;<\/p>\n<p>Arjantin&#8217;de 53 ya\u015f\u0131ndaki ultra liberal ekonomist Javier Milei, 19 Kas\u0131m&#8217;da devlet ba\u015fkanl\u0131\u011f\u0131 se\u00e7imlerinde rakibine kar\u015f\u0131 b\u00fcy\u00fck bir zafer kazand\u0131.<\/p>\n<p>S\u0131rad\u0131\u015f\u0131 siyaset\u00e7i elinde elektrikli testere ile se\u00e7im kampanyas\u0131 y\u00fcr\u00fctt\u00fc, kendisinden &#8220;aslan&#8221; olarak bahsetti, Papa Francis&#8217;i &#8220;yery\u00fcz\u00fcndeki k\u00f6t\u00fcl\u00fc\u011f\u00fcn temsilcisi&#8221; olarak nitelendirdi.<\/p>\n<p><img decoding=\"async\" alt=\"D\u00fcnyada bu y\u0131l: 2023 y\u0131l\u0131na bak\u0131\u015f - 30\" src=\"https:\/\/cdn1.ntv.com.tr\/gorsel\/lcemFu6h5UKCURLEPFTwaQ.jpg?width=1000&amp;mode=both&amp;scale=both&amp;v=1703835877322\" \/><\/p>\n<p>&nbsp;<\/p>\n<p>K\u00fcrtaj yasas\u0131n\u0131 iptal etmek i\u00e7in referanduma gidece\u011fini s\u00f6yledi. \u0130nsanlar\u0131n kendi organlar\u0131n\u0131 satmalar\u0131na izin verilmesi olas\u0131l\u0131\u011f\u0131n\u0131 g\u00fcndeme getirdi.<\/p>\n<p>A\u015f\u0131r\u0131 sa\u011fc\u0131 &#8220;anarko-kapitalist&#8221; Javier Milei, Arjantin pesosunun dolar ile de\u011fi\u015ftirilmesi, Merkez Bankas\u0131&#8217;n\u0131n da kald\u0131r\u0131lmas\u0131n\u0131 \u00f6neriyordu.<\/p>\n<p>Milei\u2019yi ilk kutlayanlar aras\u0131nda kom\u015fu Brezilya\u2019n\u0131n a\u015f\u0131r\u0131 sa\u011fc\u0131 eski Devlet Ba\u015fkan\u0131 Jair Bolsonaro vard\u0131.<\/p>\n<p><img decoding=\"async\" alt=\"D\u00fcnyada bu y\u0131l: 2023 y\u0131l\u0131na bak\u0131\u015f - 31\" src=\"https:\/\/cdn1.ntv.com.tr\/gorsel\/0Zhpg5Z5eUCgDGNm9FobVw.jpg?width=1000&amp;mode=both&amp;scale=both&amp;v=1703835877322\" \/><\/p>\n<p>&nbsp;<\/p>\n<p>Brezilya\u2019da ise, solcu Lula da Silva 11 y\u0131l sonra yeniden devlet ba\u015fkanl\u0131\u011f\u0131 koltu\u011funa oturdu.<\/p>\n<p>Yani iki \u00fclkede \u015fimdi birbirine hayli z\u0131t d\u00fcnya g\u00f6r\u00fc\u015f\u00fcnde iki lider var.<\/p>\n<p><img decoding=\"async\" alt=\"D\u00fcnyada bu y\u0131l: 2023 y\u0131l\u0131na bak\u0131\u015f - 32\" src=\"https:\/\/cdn1.ntv.com.tr\/gorsel\/c-QFdl7yEEmF6AdfhBTbqQ.jpg?width=1000&amp;mode=both&amp;scale=both&amp;v=1703835877322\" \/><\/p>\n<p>&nbsp;<\/p>\n<p>2023\u2019e damga vuran siyasi olaylardan biri de Ekvador\u2019da ya\u015fand\u0131. Yolsuzluk kar\u015f\u0131t\u0131 s\u00f6ylemleriyle bilinen Cumhurba\u015fkan\u0131 aday\u0131 Fernando Villavicencio, se\u00e7imlere iki haftadan az bir s\u00fcre kala suikaste u\u011frad\u0131.<\/p>\n<p>Ba\u015fkent Kito&#8217;da d\u00fczenledi\u011fi mitingde silahla vurulan 60 ya\u015f\u0131ndaki Villavicencio hayat\u0131n\u0131 kaybetti.<\/p>\n<p>Suikati, uyu\u015fturucu \u00e7etesi &#8220;Los Lobos&#8221; \u00fcstlendi.<\/p>\n<p><img decoding=\"async\" alt=\"D\u00fcnyada bu y\u0131l: 2023 y\u0131l\u0131na bak\u0131\u015f - 33\" src=\"https:\/\/cdn1.ntv.com.tr\/gorsel\/lrNA4bU1zkGlKFMUSq9hvg.jpg?width=1000&amp;mode=both&amp;scale=both&amp;v=1703835877322\" \/><\/p>\n<h2>AVRUPA&#8217;DA POP\u00dcL\u0130ST L\u0130DERLER<\/h2>\n<p>&nbsp;<\/p>\n<p>Pop\u00fclist liderler kervan\u0131na son olarak kat\u0131lan isim Hollanda se\u00e7imlerini kazanan a\u015f\u0131r\u0131 sa\u011fc\u0131, \u0130slam kar\u015f\u0131t\u0131 Geert Wilders&#8217;ti.<\/p>\n<p>Wilders, ilk sonu\u00e7lar\u0131n ard\u0131ndan yapt\u0131\u011f\u0131 a\u00e7\u0131klamada \u201cKuran ve camilerin yasaklanmas\u0131 gibi demokratik olmayan ya da anayasaya ayk\u0131r\u0131 tedbirler almayaca\u011f\u0131z.\u201d dedi.<\/p>\n<p>Macaristan Ba\u015fbakan\u0131 Viktor Orban ise Wilders&#8217;i ilk kutlayan lider oldu ve &#8220;Avrupa\u2019ya de\u011fi\u015fim r\u00fczgarlar\u0131 geliyor.&#8221; diye konu\u015ftu.<\/p>\n<p><img decoding=\"async\" alt=\"D\u00fcnyada bu y\u0131l: 2023 y\u0131l\u0131na bak\u0131\u015f - 34\" src=\"https:\/\/cdn1.ntv.com.tr\/gorsel\/krnMCwXuEUOoriO7sNQ7Vg.jpg?width=1000&amp;mode=both&amp;scale=both&amp;v=1703835877322\" \/><\/p>\n<h2>TRUMP GER\u0130 M\u0130 D\u00d6N\u00dcYOR?<\/h2>\n<p>&nbsp;<\/p>\n<p>ABD tarihinde ceza davas\u0131 a\u00e7\u0131lan ilk eski Ba\u015fkan olan ve hakk\u0131nda 4 ayr\u0131 su\u00e7lama bulunan Trump, gelecek sene yap\u0131lacak se\u00e7imlere 11 ay kala anketlerde h\u0131zla y\u00fckseliyor.<\/p>\n<p>Hakk\u0131nda iki defa azil s\u00fcreci ba\u015flat\u0131lan, ABD tarihinde ceza davas\u0131 a\u00e7\u0131lan ilk Ba\u015fkan olan ve FBI taraf\u0131ndan evi bas\u0131lan Trump, ba\u015fkanl\u0131k yar\u0131\u015f\u0131nda en g\u00fc\u00e7l\u00fc isimlerden biri.<\/p>\n<p><img decoding=\"async\" alt=\"D\u00fcnyada bu y\u0131l: 2023 y\u0131l\u0131na bak\u0131\u015f - 35\" src=\"https:\/\/cdn1.ntv.com.tr\/gorsel\/lKZiA7BMnk6jpPh2wjq34w.jpg?width=1000&amp;mode=both&amp;scale=both&amp;v=1703835877322\" \/><\/p>\n<p>&nbsp;<\/p>\n<p>2023 y\u0131l\u0131na damga vuran foto\u011fraflardan biri de Trump\u2019\u0131n 25 A\u011fustos\u2019ta Fulton Hapishanesi&#8217;ne teslim oldu\u011funda \u00e7ekilen sab\u0131ka foto\u011fraf\u0131.<\/p>\n<p>2020 ba\u015fkanl\u0131k se\u00e7imlerinin sonu\u00e7lar\u0131n\u0131 de\u011fi\u015ftirmeye \u00e7al\u0131\u015fmakla su\u00e7lanan eski ABD Ba\u015fkan\u0131, bu foto\u011fraf\u0131 bir kampanya sembol\u00fcne d\u00f6n\u00fc\u015ft\u00fcrmeyi ba\u015fard\u0131.<\/p>\n<p><img decoding=\"async\" alt=\"D\u00fcnyada bu y\u0131l: 2023 y\u0131l\u0131na bak\u0131\u015f - 36\" src=\"https:\/\/cdn1.ntv.com.tr\/gorsel\/c0nzWmLbI0CBboIQQrehEw.jpg?width=1000&amp;mode=both&amp;scale=both&amp;v=1703835877322\" \/><\/p>\n<p>Trump&#8217;\u0131n sab\u0131ka foto\u011fraf\u0131 ti\u015f\u00f6rtlere, kupalara ve \u015fapkalara bas\u0131larak sat\u0131\u015fa \u00e7\u0131kar\u0131ld\u0131.<\/p>\n<p><img decoding=\"async\" alt=\"D\u00fcnyada bu y\u0131l: 2023 y\u0131l\u0131na bak\u0131\u015f - 37\" src=\"https:\/\/cdn1.ntv.com.tr\/gorsel\/5GxDuRsDokycDqTdcq1RVw.jpg?width=1000&amp;mode=both&amp;scale=both&amp;v=1703835877322\" \/><\/p>\n<p>&nbsp;<\/p>\n<p>Biden&#8217;\u0131n sa\u011fl\u0131k durumu ise, Demokrat se\u00e7menleri endi\u015felendirmeye devam etti.<\/p>\n<p>81 ya\u015f\u0131ndaki &#8220;ABD tarihinin en ya\u015fl\u0131 Ba\u015fkan\u0131&#8221; Biden, ekonomide her ne kadar iyi g\u00f6r\u00fcnt\u00fc verse de, Meksika s\u0131n\u0131r\u0131ndaki g\u00f6\u00e7men krizi ve artan su\u00e7 oranlar\u0131 nedeniyle ele\u015ftirilerin hedefindeydi.<\/p>\n<p><img decoding=\"async\" alt=\"D\u00fcnyada bu y\u0131l: 2023 y\u0131l\u0131na bak\u0131\u015f - 38\" src=\"https:\/\/cdn1.ntv.com.tr\/gorsel\/lUyvsi1P2UWERj7Np1phXg.jpg?width=1000&amp;mode=both&amp;scale=both&amp;v=1703835877322\" \/><\/p>\n<p>&nbsp;<\/p>\n<p>77 ya\u015f\u0131ndaki Trump se\u00e7im \u00f6ncesi herhangi bir davada su\u00e7lu bulunmas\u0131 halinde ba\u015fkanl\u0131k koltu\u011funa sonsuza dek veda edebilir.<\/p>\n<p><img decoding=\"async\" alt=\"D\u00fcnyada bu y\u0131l: 2023 y\u0131l\u0131na bak\u0131\u015f - 39\" src=\"https:\/\/cdn1.ntv.com.tr\/gorsel\/qp_mTYLdEUKekRQLG2lETA.jpg?width=1000&amp;mode=both&amp;scale=both&amp;v=1703835877322\" \/><\/p>\n<h2>SICAKLIK REKORU&nbsp;<\/h2>\n<p>&nbsp;<\/p>\n<p>Avrupa g\u00f6zlemevi Copernicus&#8217;a g\u00f6re Haziran\u2019dan Ekim\u2019e kadarki aylar d\u00fcnya \u00e7ap\u0131nda kay\u0131tlara ge\u00e7en en s\u0131cak aylar oldu.<\/p>\n<p>Bu s\u0131cakl\u0131klar kurakl\u0131k, y\u0131k\u0131c\u0131 yang\u0131nlar ve daha g\u00fc\u00e7l\u00fc kas\u0131rgalara yol a\u00e7t\u0131.<\/p>\n<p>\u201cAnomali\u201d olarak de\u011ferlendirilen s\u0131cakl\u0131klardaki ani \u00e7\u0131k\u0131\u015f ve d\u00fc\u015f\u00fc\u015fler uzmanlar taraf\u0131ndan \u201ck\u00fcresel iklim krizine ba\u011fl\u0131 do\u011fal afetler\u201d \u015feklinde tan\u0131mland\u0131.<\/p>\n<p><img decoding=\"async\" alt=\"D\u00fcnyada bu y\u0131l: 2023 y\u0131l\u0131na bak\u0131\u015f - 40\" src=\"https:\/\/cdn1.ntv.com.tr\/gorsel\/2JmMS9ka90mmmCju4jwXfw.jpg?width=1000&amp;mode=both&amp;scale=both&amp;v=1703835877322\" \/><\/p>\n<h2>KANADA&#8217;DA ORMAN YANGINI<\/h2>\n<p>Kanada, 18 milyon hektardan fazla alan\u0131n yand\u0131\u011f\u0131 ve 200 bin ki\u015finin yerinden oldu\u011fu tarihi bir orman yang\u0131n\u0131 sezonu ya\u015fad\u0131.<\/p>\n<p><img decoding=\"async\" alt=\"D\u00fcnyada bu y\u0131l: 2023 y\u0131l\u0131na bak\u0131\u015f - 41\" src=\"https:\/\/cdn1.ntv.com.tr\/gorsel\/1T-7digJcEGVgxM4N2jvDQ.jpg?width=1000&amp;mode=both&amp;scale=both&amp;v=1703835877322\" \/><\/p>\n<h2>HAWAII&#8217;DE YANGIN<\/h2>\n<p>A\u011fustos ay\u0131nda Hawaii&#8217;de \u00e7\u0131kan yang\u0131nlar Maui adas\u0131ndaki turistik Lahaina kasabas\u0131nda 100\u2019e yak\u0131n ki\u015finin \u00f6l\u00fcm\u00fcne neden oldu.<\/p>\n<p><img decoding=\"async\" alt=\"D\u00fcnyada bu y\u0131l: 2023 y\u0131l\u0131na bak\u0131\u015f - 42\" src=\"https:\/\/cdn1.ntv.com.tr\/gorsel\/j35gG-aFiUubMYYJc8vbCQ.jpg?width=1000&amp;mode=both&amp;scale=both&amp;v=1703835877322\" \/><\/p>\n<h2>YAPAY ZEKA Y\u00dcKSEL\u0130YOR<\/h2>\n<p>&nbsp;<\/p>\n<p>Collins S\u00f6zl\u00fc\u011f\u00fc, 2023 y\u0131l\u0131n\u0131n kelimesinin \u201cYapay Zeka\u201d yani \u201cAI\u201d oldu\u011funu duyurdu.<\/p>\n<p>S\u00f6zl\u00fck yazarlar\u0131 da, AI\u2019\u0131n 2023\u2019\u00fcn en \u00f6nemli kavram\u0131 oldu\u011funu vurgulad\u0131lar.<\/p>\n<p>S\u00f6zl\u00fckte, yapay zekan\u0131n tan\u0131m\u0131 \u201cinsan\u0131n zihinsel i\u015flevlerinin bilgiyasar programlar\u0131 taraf\u0131ndan modellenmesi\u201d \u015feklinde yer al\u0131yor.<\/p>\n<p><img decoding=\"async\" alt=\"D\u00fcnyada bu y\u0131l: 2023 y\u0131l\u0131na bak\u0131\u015f - 43\" src=\"https:\/\/cdn1.ntv.com.tr\/gorsel\/-pVeiLOrwUq6lHkRlfeLbQ.jpg?width=1000&amp;mode=both&amp;scale=both&amp;v=1703835877322\" \/><\/p>\n<p>&nbsp;<\/p>\n<p>2022\u2019nin Kas\u0131m ay\u0131nda piyasaya s\u00fcr\u00fclen ChatGPT gibi yapay zeka uygulamalar\u0131 teknolojinin kullan\u0131m\u0131yla ilgili farkl\u0131 g\u00f6r\u00fc\u015flerin ortaya \u00e7\u0131kmas\u0131na yol a\u00e7t\u0131.<\/p>\n<p>Uzmanlar yapay zeka uygulamalar\u0131na \u00e7e\u015fitli s\u0131n\u0131rlamalar getirilmesini istiyor.<\/p>\n<p><img decoding=\"async\" alt=\"D\u00fcnyada bu y\u0131l: 2023 y\u0131l\u0131na bak\u0131\u015f - 44\" src=\"https:\/\/cdn1.ntv.com.tr\/gorsel\/92IY87lM6E-DYXZ3XMpt4w.jpg?width=1000&amp;mode=both&amp;scale=both&amp;v=1703835877322\" \/><\/p>\n<h2>GOOGLE&#8217;DAN YAPAY ZEKA UYGULAMASI<\/h2>\n<p>&nbsp;<\/p>\n<p>\u201cYapay Zeka yar\u0131\u015f\u0131nda\u201d Google&#8217;dan merakla beklenen ad\u0131m Aral\u0131k ay\u0131nda geldi. \u015eirket, yeni yapay zeka uygulamas\u0131 &#8220;Gemini&#8221;\u0131 tan\u0131tt\u0131.<\/p>\n<p>Google&#8217;\u0131n yapay zekas\u0131 metinlerin yan\u0131 s\u0131ra foto\u011fraf, video ve sesleri de alg\u0131lay\u0131p yorumlayabiliyor. Zorlu matematik problemlerini k\u0131sa s\u00fcrede \u00e7\u00f6z\u00fcyor.<\/p>\n<p>\u015eirketin iddias\u0131na g\u00f6re uygulama, ChatGPT&#8217;nin \u00e7ok \u00f6tesinde bir problem \u00e7\u00f6zme ve analiz yetene\u011fine sahip.<\/p>\n<p><img decoding=\"async\" alt=\"D\u00fcnyada bu y\u0131l: 2023 y\u0131l\u0131na bak\u0131\u015f - 45\" src=\"https:\/\/cdn1.ntv.com.tr\/gorsel\/orWOMfwu1Ee0J5QFJLsWDA.jpg?width=1000&amp;mode=both&amp;scale=both&amp;v=1703835877322\" \/><\/p>\n<h2>YAPAY ZEKA HOLLYWOOD&#8217;U SARSTI<\/h2>\n<p>&nbsp;<\/p>\n<p>Yapay zeka hem umut vaat ediyor hem de baz\u0131lar\u0131na g\u00f6re b\u00fcy\u00fck tehlike arz ediyor.<\/p>\n<p>Amerikal\u0131 senaryo yazarlar\u0131 ve akt\u00f6rler daha iyi \u00fccret ve yapay zeka i\u00e7in bir \u00e7er\u00e7eve talep etmek \u00fczere greve gitti.<\/p>\n<p><img decoding=\"async\" alt=\"D\u00fcnyada bu y\u0131l: 2023 y\u0131l\u0131na bak\u0131\u015f - 46\" src=\"https:\/\/cdn1.ntv.com.tr\/gorsel\/TDwxQpgij0SQNiMbUqr9ww.jpg?width=1000&amp;mode=both&amp;scale=both&amp;v=1703835877322\" \/><\/p>\n<p>&nbsp;<\/p>\n<p>Hollywood&#8217;da 1960 y\u0131l\u0131ndan bu yana benzeri g\u00f6r\u00fclmemi\u015f olan bu grev, Eyl\u00fcl ay\u0131nda bir \u00fccret anla\u015fmas\u0131 ve yapay zekan\u0131n kullan\u0131m\u0131na ili\u015fkin g\u00fcvencelerle sona erdi.<\/p>\n<p>St\u00fcdyolar\u0131n bu teknolojiyi seslerini ve g\u00f6r\u00fcnt\u00fclerini klonlamak i\u00e7in kullanaca\u011f\u0131ndan ve haklar\u0131n\u0131n ihlal edece\u011finden endi\u015fe eden oyuncular Kas\u0131m ay\u0131na kadar \u00e7ekimlere gitmedi.<\/p>\n<p>Grev yapay zeka kullan\u0131m\u0131na yeni k\u0131s\u0131tlamalar getirilmesiyle son buldu. Alt\u0131 ay s\u00fcren grev ABD ekonomisine en az 6 milyar dolara mal oldu.<\/p>\n<p><img decoding=\"async\" alt=\"D\u00fcnyada bu y\u0131l: 2023 y\u0131l\u0131na bak\u0131\u015f - 47\" src=\"https:\/\/cdn1.ntv.com.tr\/gorsel\/U2uaejHP2UajYxWTScp7nA.jpg?width=1000&amp;mode=both&amp;scale=both&amp;v=1703835877322\" \/><\/p>\n<h2>T\u0130TAN\u0130K YEN\u0130DEN G\u00dcNDEMDE<\/h2>\n<p>&nbsp;<\/p>\n<p>18 Haziran\u2019da, OceanGate \u015firketi taraf\u0131ndan Titanik enkaz\u0131na gezi d\u00fczenleyen Titan denizalt\u0131s\u0131 Kuzey Atlantik Okyanusu\u2019nda kayboldu.<\/p>\n<p>Titan ile ileti\u015fim, enkaz alan\u0131na dalmas\u0131ndan 1 saat 45 dakika sonra kesildi.<\/p>\n<p><img decoding=\"async\" alt=\"D\u00fcnyada bu y\u0131l: 2023 y\u0131l\u0131na bak\u0131\u015f - 48\" src=\"https:\/\/cdn1.ntv.com.tr\/gorsel\/Kz6OA-eMjUixHzQFG7BnQQ.jpg?width=1000&amp;mode=both&amp;scale=both&amp;v=1703835877322\" \/><\/p>\n<p>&nbsp;<\/p>\n<p>22 Haziran\u2019da ABD Sahil G\u00fcvenli\u011fi deniz alt\u0131n\u0131n enkaz\u0131na ula\u015f\u0131ld\u0131\u011f\u0131n\u0131 ve i\u00e7erisindeki be\u015f ki\u015finin hayat\u0131n\u0131 kaybetti\u011fini a\u00e7\u0131klad\u0131.<\/p>\n<p>Yetkililer, denizalt\u0131n\u0131n rekor derinlikteki bas\u0131nca dayanamad\u0131\u011f\u0131 ve i\u00e7eriye do\u011fru bir patlama ya\u015fand\u0131\u011f\u0131n\u0131 belirtti.<\/p>\n<p><img decoding=\"async\" alt=\"D\u00fcnyada bu y\u0131l: 2023 y\u0131l\u0131na bak\u0131\u015f - 49\" src=\"https:\/\/cdn1.ntv.com.tr\/gorsel\/dbf_cOFvLkOikueVwRBh7g.jpg?width=1000&amp;mode=both&amp;scale=both&amp;v=1703835877322\" \/><\/p>\n<h2>G\u00d6\u00c7MEN TEKNELER\u0130 TITAN KADAR \u0130LG\u0130 G\u00d6RMED\u0130<\/h2>\n<p>&nbsp;<\/p>\n<p>Yunanistan\u2019\u0131n Mora Yar\u0131madas\u0131\u2019nda a\u00e7\u0131klar\u0131nda 14 Haziran\u2019da d\u00fczensiz g\u00f6\u00e7menleri ta\u015f\u0131yan bir bal\u0131k\u00e7\u0131 teknesi alabora oldu.<\/p>\n<p>Teknede bulunan 104 ki\u015fi kurtar\u0131larak Kalamata Liman\u0131\u2019na getirilirken olay\u0131n ard\u0131ndan y\u00fcr\u00fct\u00fclen \u00e7al\u0131\u015fmalarda 82 ki\u015finin cesedine ula\u015f\u0131ld\u0131.<\/p>\n<p><img decoding=\"async\" alt=\"D\u00fcnyada bu y\u0131l: 2023 y\u0131l\u0131na bak\u0131\u015f - 50\" src=\"https:\/\/cdn1.ntv.com.tr\/gorsel\/-7_wH4aBW0K6SvzT2YLEuw.jpg?width=1000&amp;mode=both&amp;scale=both&amp;v=1703835877322\" \/><\/p>\n<p>&nbsp;<\/p>\n<p>Olay \u00fczerine Avrupa Polis Te\u015fkilat\u0131 Europol soru\u015fturma ba\u015flatt\u0131.<\/p>\n<p>Soru\u015fturmada Yunan sahil g\u00fcvenlik botlar\u0131n\u0131n g\u00f6\u00e7menleri geri \u00e7evirdi\u011fi s\u0131rada teknenin hasar g\u00f6rm\u00fc\u015f olabilece\u011fi a\u00e7\u0131kland\u0131.<\/p>\n<p>Ancak s\u00f6zkonusu kurumlara y\u00f6nelik adli s\u00fcre\u00e7 ba\u015flat\u0131lmad\u0131.<\/p>\n<p>Mora facias\u0131 ayn\u0131 d\u00f6nemde Titanik\u2019e dal\u0131\u015f yaparken kaza ge\u00e7iren denizalt\u0131 kadar d\u00fcnya medyas\u0131nda ilgi g\u00f6rmedi.<\/p>\n<p><img decoding=\"async\" alt=\"D\u00fcnyada bu y\u0131l: 2023 y\u0131l\u0131na bak\u0131\u015f - 51\" src=\"https:\/\/cdn1.ntv.com.tr\/gorsel\/bq_JIefulUmIWR9DkoBfDg.jpg?width=1000&amp;mode=both&amp;scale=both&amp;v=1703835877322\" \/><\/p>\n<h2>KUR&#8217;AN-I KER\u0130M YAKMA EYLEM\u0130<\/h2>\n<p>&nbsp;<\/p>\n<p>21 Ocak 2023\u2019te \u0130sve\u00e7\u2019li politikac\u0131 Rasmus Paludan Stockholm&#8217;deki T\u00fcrk B\u00fcy\u00fckel\u00e7ili\u011fi \u00f6n\u00fcnde Kuran-\u0131 Kerim yakt\u0131.<\/p>\n<p>T\u00fcrkiye\u2019nin t\u00fcm uyar\u0131lar\u0131na ra\u011fmen bu provokatif eylemler Danimarka\u2019da da ger\u00e7ekle\u015ftirildi.<\/p>\n<p><img decoding=\"async\" alt=\"D\u00fcnyada bu y\u0131l: 2023 y\u0131l\u0131na bak\u0131\u015f - 52\" src=\"https:\/\/cdn1.ntv.com.tr\/gorsel\/voXn9jHRBUCkWNfiY9lapw.jpg?width=1000&amp;mode=both&amp;scale=both&amp;v=1703835877322\" \/><\/p>\n<p>&nbsp;<\/p>\n<p>Eylemler s\u0131ras\u0131nda polisin g\u00fcvenlik \u00f6nlemleri ald\u0131\u011f\u0131 ve m\u00fcdahale etmedi\u011fi g\u00f6r\u00fcld\u00fc.<\/p>\n<p>\u0130slam \u00fclkeleri Kur\u2019an yak\u0131lmas\u0131n\u0131n yasaklanmas\u0131 ve bunun \u201cnefret su\u00e7u\u201d olarak cezaland\u0131r\u0131lmas\u0131 gerekti\u011fini a\u00e7\u0131klasa da eylemler \u00f6zellikle Kuzey Avrupa \u00fclkelerinde tekrarland\u0131.<\/p>\n<p><img decoding=\"async\" alt=\"D\u00fcnyada bu y\u0131l: 2023 y\u0131l\u0131na bak\u0131\u015f - 53\" src=\"https:\/\/cdn1.ntv.com.tr\/gorsel\/eMPadxpS50qoILyYaSaY6A.jpg?width=1000&amp;mode=both&amp;scale=both&amp;v=1703835877322\" \/><\/p>\n<h2>D\u00dcNYA N\u00dcFUSU ARTIYOR: H\u0130ND\u0130STAN EN \u00d6NDE<\/h2>\n<p>&nbsp;<\/p>\n<p>Ge\u00e7ti\u011fimiz y\u00fczy\u0131l boyunca \u00c7in d\u00fcnyan\u0131n en b\u00fcy\u00fck n\u00fcfusuna sahipti. Bu durum 2023&#8217;te sona erdi. Art\u0131k Hindistan 1 milyar 430 milyon ki\u015fiyle en kalabal\u0131k \u00fclke.<\/p>\n<p>Hindistan muhtemelen \u00f6n\u00fcm\u00fczdeki on y\u0131llar boyunca en kalabal\u0131k \u00fclke olmaya devam edecek.<\/p>\n<p><img decoding=\"async\" alt=\"D\u00fcnyada bu y\u0131l: 2023 y\u0131l\u0131na bak\u0131\u015f - 54\" src=\"https:\/\/cdn1.ntv.com.tr\/gorsel\/ESu38qvFNUWSVaQYQFXHvQ.jpg?width=1000&amp;mode=both&amp;scale=both&amp;v=1703835877322\" \/><\/p>\n<p>&nbsp;<\/p>\n<p>\u00c7in&#8217;in n\u00fcfusu ise hem azal\u0131yor hem de ya\u015flan\u0131yor. Demograflar, 2050\u2019ye kadar \u00c7in n\u00fcfusunun 100 milyon ki\u015fi azalaca\u011f\u0131n\u0131 tahmin ediyor.<\/p>\n<p>Uzmanlara g\u00f6re d\u00fcnya n\u00fcfusunun art\u0131\u015f\u0131 2100\u2019lerden itibaren duracak.<\/p>\n<p><img decoding=\"async\" alt=\"D\u00fcnyada bu y\u0131l: 2023 y\u0131l\u0131na bak\u0131\u015f - 55\" src=\"https:\/\/cdn1.ntv.com.tr\/gorsel\/GfzizgMpX0iy4qnRWve-ug.jpg?width=1000&amp;mode=both&amp;scale=both&amp;v=1703835877322\" \/><\/p>\n<h2>AY&#8217;A D\u00d6N\u00dc\u015e<\/h2>\n<p>&nbsp;<\/p>\n<p>Hindistan 23 A\u011fustos&#8217;ta Chandrayaan-3&#8217;\u00fc Ay&#8217;\u0131n g\u00fcney kutbu yak\u0131nlar\u0131nda ke\u015ffedilmemi\u015f bir b\u00f6lgeye indirmeyi ba\u015fararak bir ilke imza att\u0131.<\/p>\n<p>Hindistan&#8217;dan \u00f6nce sadece Amerika Birle\u015fik Devletleri, Sovyetler Birli\u011fi ve \u00c7in Ay&#8217;a kontroll\u00fc ini\u015f ger\u00e7ekle\u015ftirmeyi ba\u015farm\u0131\u015ft\u0131.<\/p>\n<p><img decoding=\"async\" alt=\"D\u00fcnyada bu y\u0131l: 2023 y\u0131l\u0131na bak\u0131\u015f - 56\" src=\"https:\/\/cdn1.ntv.com.tr\/gorsel\/5Wi18uRbMU6ucFP3tr4akQ.jpg?width=1000&amp;mode=both&amp;scale=both&amp;v=1703835877322\" \/><\/p>\n<p>&nbsp;<\/p>\n<p>Moskova&#8217;n\u0131n 1976&#8217;dan bu yana Ay&#8217;a ger\u00e7ekle\u015ftirdi\u011fi ilk g\u00f6rev olan Rus sondas\u0131 Luna-25 ise yine g\u00fcney kutbu b\u00f6lgesine ba\u015far\u0131s\u0131z bir ini\u015f ger\u00e7ekle\u015ftirdi.<\/p>\n<p>Yetkililer, b\u00f6lgenin buz \u015feklinde su i\u00e7erdi\u011fi i\u00e7in sonday\u0131 yuttu\u011funu a\u00e7\u0131klad\u0131.<\/p>\n<p><img decoding=\"async\" alt=\"D\u00fcnyada bu y\u0131l: 2023 y\u0131l\u0131na bak\u0131\u015f - 57\" src=\"https:\/\/cdn1.ntv.com.tr\/gorsel\/Y7D6RFchhEeOFiISmQf-oA.jpg?width=1000&amp;mode=both&amp;scale=both&amp;v=1703835877322\" \/><\/p>\n<p>&nbsp;<\/p>\n<p>Japonya\u2019dan giri\u015fimci bir uzay \u015firketi Ispace de, Hakuto-R mod\u00fcl\u00fcn\u00fc Nisan ay\u0131nda Ay&#8217;a indirmeyi ba\u015faramad\u0131.<\/p>\n<p>Ancak Japon uzay ajans\u0131 Jaxa Eyl\u00fcl ay\u0131 ba\u015f\u0131nda yeni bir g\u00f6rev ba\u015flatt\u0131.<\/p>\n<p>Bu g\u00f6revde SLIM ad\u0131n\u0131 ta\u015f\u0131yan ara\u00e7 2024 ba\u015flar\u0131nda Ay y\u00fczeyine ini\u015f yapmay\u0131 deneyecek.<\/p>\n<p><img decoding=\"async\" alt=\"D\u00fcnyada bu y\u0131l: 2023 y\u0131l\u0131na bak\u0131\u015f - 58\" src=\"https:\/\/cdn1.ntv.com.tr\/gorsel\/-fZMgepeQUabd70gjraPnA.jpg?width=1000&amp;mode=both&amp;scale=both&amp;v=1703835877322\" \/><\/p>\n<h2>D\u00dcNYA TURU<\/h2>\n<p>2023\u2019de d\u00fcnya g\u00fcndeminde yer alan di\u011fer haber ba\u015fl\u0131klar\u0131 da k\u0131saca \u015f\u00f6yle&#8230;<\/p>\n<p><img decoding=\"async\" alt=\"D\u00fcnyada bu y\u0131l: 2023 y\u0131l\u0131na bak\u0131\u015f - 59\" src=\"https:\/\/cdn1.ntv.com.tr\/gorsel\/GUbN4xsABkGFvNlZb9dsPg.jpg?width=1000&amp;mode=both&amp;scale=both&amp;v=1703835877322\" \/><\/p>\n<h2>YUNAN\u0130STAN&#8217;DA TREN KAZASI<\/h2>\n<p>&nbsp;<\/p>\n<p>1 Mart\u2019ta Yunanistan&#8217;da yakla\u015f\u0131k 350 ki\u015finin bulundu\u011fu yolcu treni y\u00fck treniyle kafa kafaya \u00e7arp\u0131\u015ft\u0131.<\/p>\n<p>\u00dclkenin en \u00f6l\u00fcmc\u00fcl demiryolu kazas\u0131nda en az 57 ki\u015fi hayat\u0131n\u0131 kaybetti.<\/p>\n<p><img decoding=\"async\" alt=\"D\u00fcnyada bu y\u0131l: 2023 y\u0131l\u0131na bak\u0131\u015f - 60\" src=\"https:\/\/cdn1.ntv.com.tr\/gorsel\/eSv0ol1HQk-t3vWYaPKpVg.jpg?width=1000&amp;mode=both&amp;scale=both&amp;v=1703835877322\" \/><\/p>\n<h2>\u0130SKO\u00c7YA&#8217;DA M\u00dcSL\u00dcMAN BA\u015eBAKAN<\/h2>\n<p>&nbsp;<\/p>\n<p>27 Mart\u2019ta \u0130sko\u00e7ya&#8217;da iktidardaki \u0130sko\u00e7 Ulusal Partisi&#8217;nin ba\u015fkanl\u0131k koltu\u011funa Pakistan k\u00f6kenli Hamza Yusuf se\u00e7ildi.<\/p>\n<p>Hamza Yusuf \u0130sko\u00e7ya\u2019n\u0131n ilk m\u00fcsl\u00fcman Ba\u015fbakan\u0131 oldu.<\/p>\n<p><img decoding=\"async\" alt=\"D\u00fcnyada bu y\u0131l: 2023 y\u0131l\u0131na bak\u0131\u015f - 61\" src=\"https:\/\/cdn1.ntv.com.tr\/gorsel\/XglKVkzCkkeaUKZO0aL9zQ.jpg?width=1000&amp;mode=both&amp;scale=both&amp;v=1703835877322\" \/><\/p>\n<h2>3. CHARLES&#8217;IN TA\u00c7 G\u0130YME T\u00d6REN\u0130<\/h2>\n<p>6 May\u0131s\u2019ta \u0130ngiltere Kral\u0131 3. Charles, Westminter Katedrali&#8217;nde d\u00fczenlenen t\u00f6renle tac\u0131n\u0131 resmen giydi.<\/p>\n<p><img decoding=\"async\" alt=\"D\u00fcnyada bu y\u0131l: 2023 y\u0131l\u0131na bak\u0131\u015f - 62\" src=\"https:\/\/cdn1.ntv.com.tr\/gorsel\/ERKLHT8sD0SZafz90Ut1wQ.jpg?width=1000&amp;mode=both&amp;scale=both&amp;v=1703835877322\" \/><\/p>\n<h2>M\u0130\u00c7OTAK\u0130S&#8217;\u0130N ZAFER\u0130<\/h2>\n<p>&nbsp;<\/p>\n<p>21 May\u0131s\u2019ta Yunanistan&#8217;da Ba\u015fbakan Kiryakos Mi\u00e7otakis&#8217;in partisi genel se\u00e7imde en yak\u0131n rakibi Aleksis \u00c7ipras&#8217;\u0131n Partisi Siriza&#8217;ya 20 puan fark att\u0131.<\/p>\n<p>Se\u00e7im 2. tura kalsa da uygulanan sisteme g\u00f6re Mi\u00e7otakis ikinci d\u00f6nem i\u00e7in ba\u015fbakanl\u0131\u011f\u0131n\u0131 ilan etti.<\/p>\n<p><img decoding=\"async\" alt=\"D\u00fcnyada bu y\u0131l: 2023 y\u0131l\u0131na bak\u0131\u015f - 63\" src=\"https:\/\/cdn1.ntv.com.tr\/gorsel\/gfJVkbbATU-WA8tAqniUjw.jpg?width=1000&amp;mode=both&amp;scale=both&amp;v=1703835877322\" \/><\/p>\n<h2>NASA&#8217;DAN HALKA A\u00c7IK PANEL<\/h2>\n<p>31 May\u0131s\u2019ta&nbsp; NASA &#8220;tan\u0131mlamanayan hava olaylar\u0131&#8221; hakk\u0131nda tarihinde ilk kez halka a\u00e7\u0131k bir panel d\u00fczenledi.<\/p>\n<p>&#8220;Daha kaliteli veriye ihtiyac\u0131m\u0131z var&#8221; diyen NASA uzmanlar\u0131, u\u00e7an cisimlerin ne oldu\u011fu konusunda net bir yan\u0131t veremedi.<\/p>\n<p><img decoding=\"async\" alt=\"D\u00fcnyada bu y\u0131l: 2023 y\u0131l\u0131na bak\u0131\u015f - 64\" src=\"https:\/\/cdn1.ntv.com.tr\/gorsel\/fwOS95VpW0OBs69ohXHzvA.jpg?width=1000&amp;mode=both&amp;scale=both&amp;v=1703835877322\" \/><\/p>\n<h2>MEKS\u0130KA KONGRES\u0130&#8217;NDE UZAYLI \u0130DD\u0130ASI<\/h2>\n<p>&nbsp;<\/p>\n<p>13 Eyl\u00fcl\u2019de Meksika Kongresi&#8217;nde &#8220;insan d\u0131\u015f\u0131&#8221; varl\u0131klara ait oldu\u011fu iddia edilen kal\u0131nt\u0131lar g\u00f6sterildi.<\/p>\n<p>Kongrede yeminli ifade veren ara\u015ft\u0131rmac\u0131lar 2 mumyalanm\u0131\u015f \u00f6rne\u011fin \u201cinsan evriminin\u201d bir par\u00e7as\u0131 olmad\u0131\u011f\u0131n\u0131 savundu.<\/p>\n<p>NASA\u2019dan bilim insanlar\u0131ysa kal\u0131nt\u0131lar\u0131n ciddiye al\u0131nacak \u00f6zellikte olmad\u0131\u011f\u0131n\u0131 belirtti.<\/p>\n<p><img decoding=\"async\" alt=\"D\u00fcnyada bu y\u0131l: 2023 y\u0131l\u0131na bak\u0131\u015f - 65\" src=\"https:\/\/cdn1.ntv.com.tr\/gorsel\/8nJ6k_gL_0mCzgJZJSPkLw.jpg?width=1000&amp;mode=both&amp;scale=both&amp;v=1703835877322\" \/><\/p>\n<h2>TWITTER&#8217;DA \u0130S\u0130M DE\u011e\u0130\u015e\u0130KL\u0130\u011e\u0130<\/h2>\n<p>&nbsp;<\/p>\n<p>24 Temmuz tarihinde i\u015f insan\u0131 Elon Musk, sahibi oldu\u011fu sosyal medya platformu Twitter&#8217;\u0131n ad\u0131n\u0131 de\u011fi\u015ftirdi\u011fini a\u00e7\u0131klad\u0131.<\/p>\n<p>Platformla \u00f6zde\u015fle\u015fen ku\u015f logosu yerini &#8220;X&#8221; harfine b\u0131rakt\u0131.<\/p>\n<p>D\u00fcnyada bir bu\u00e7uk milyara yak\u0131n hesap ve 300 milyon civar\u0131nda aktif \u00fcyesi ile en \u00e7ok kullan\u0131c\u0131s\u0131 olan sosyal medya platformu art\u0131k X olarak biliniyor.<\/p>\n<p><img decoding=\"async\" alt=\"D\u00fcnyada bu y\u0131l: 2023 y\u0131l\u0131na bak\u0131\u015f - 66\" src=\"https:\/\/cdn1.ntv.com.tr\/gorsel\/GCGUouGAGki5miWrEJx_QA.jpg?width=1000&amp;mode=both&amp;scale=both&amp;v=1703835877322\" \/><\/p>\n<h2>ABD&#8217;L\u0130 SENAT\u00d6RDEN YOLSUZLUK SKANDALI<\/h2>\n<p>&nbsp;<\/p>\n<p>25 Eyl\u00fcl tarihinde ABD siyasetinde T\u00fcrkiye\u2019yi de yak\u0131ndan ilgilendiren bir skandal patlak verdi.<\/p>\n<p>T\u00fcrkiye&#8217;ye F16 sat\u0131\u015f\u0131na kar\u015f\u0131 \u00e7\u0131kan isimlerin ba\u015f\u0131nda gelen Demokrat senat\u00f6r Bob Menendez, hakk\u0131ndaki yolsuzluk ve r\u00fc\u015fvet su\u00e7lamalar\u0131yla ilgili ifade verdi.<\/p>\n<p>Su\u00e7lamalar&nbsp;nedeniyle D\u0131\u015f \u0130li\u015fkiler Komitesi ba\u015fkanl\u0131\u011f\u0131ndan istifa eden Menendez, buna ra\u011fmen senat\u00f6rl\u00fc\u011f\u00fc b\u0131rakmayaca\u011f\u0131n\u0131 ve &#8220;ad\u0131n\u0131n temize \u00e7\u0131kaca\u011f\u0131na inand\u0131\u011f\u0131n\u0131&#8221; s\u00f6yledi.<\/p>\n<p><img decoding=\"async\" alt=\"D\u00fcnyada bu y\u0131l: 2023 y\u0131l\u0131na bak\u0131\u015f - 67\" src=\"https:\/\/cdn1.ntv.com.tr\/gorsel\/yT_Pkjoo9Ue4TkF0tp3VMw.jpg?width=1000&amp;mode=both&amp;scale=both&amp;v=1703835877322\" \/><\/p>\n<h2>IRAK&#8217;TA D\u00dc\u011e\u00dcN FAC\u0130ASI<\/h2>\n<p>&nbsp;<\/p>\n<p>27 Eyl\u00fcl tarihinde ise Irak&#8217;\u0131n Musul kenti bir faciaya sahne oldu.<\/p>\n<p>Bir d\u00fc\u011f\u00fcn salonunda \u00e7\u0131kan yang\u0131nda 113 ki\u015fi hayat\u0131n\u0131 kaybetti.<\/p>\n<p>Kurbanlar i\u00e7in cenaze t\u00f6reni d\u00fczenlenirken, aralar\u0131nda d\u00fc\u011f\u00fcn salonu sahibinin de oldu\u011fu 9 ki\u015fi g\u00f6zalt\u0131na al\u0131nd\u0131.<\/p>\n<p><img decoding=\"async\" alt=\"D\u00fcnyada bu y\u0131l: 2023 y\u0131l\u0131na bak\u0131\u015f - 68\" src=\"https:\/\/cdn1.ntv.com.tr\/gorsel\/vXq0PINpEkem0YKk0Lhp3g.jpg?width=1000&amp;mode=both&amp;scale=both&amp;v=1703835877322\" \/><\/p>\n<h2>VENEZUELA&#8217;NIN GUYANA&#8217;DAN TOPRAK TALEB\u0130<\/h2>\n<p>&nbsp;<\/p>\n<p>30 Kas\u0131m\u2019da ise Venezuela, kom\u015fu \u00fclke Guyana\u2019dan toprak talebiyle ilgili bir referendum d\u00fczenledi.<\/p>\n<p>Kabul oylar\u0131n\u0131n \u00e7o\u011funlukta olmas\u0131 sebebiyle Venezuela h\u00fck\u00fcmeti, Guyana&#8217;n\u0131n kontrol\u00fcndeki Essequibo b\u00f6lgesini topraklar\u0131na katma plan\u0131 a\u00e7\u0131klad\u0131.<\/p>\n<p>Brezilya ise \u201cortak g\u00fcvenlik anla\u015fmas\u0131\u201d bulunan Guyana\u2019n\u0131n toprak b\u00fct\u00fcnl\u00fc\u011f\u00fcn\u00fc korumak \u00fczere b\u00f6lgeye askeri birlikler sevketti.<\/p>\n","protected":false},"excerpt":{"rendered":"<p>Y\u0131la damgas\u0131n\u0131 vuran olaylar\u0131n ba\u015f\u0131nda \u0130srail-Hamas sava\u015f\u0131, T\u00fcrkiye ve Fas\u2019ta ya\u015fanan deprem felaketleri, Libya\u2019daki sel afeti, Rusya-Ukrayna sava\u015f\u0131n\u0131n \u00e7\u0131kmaza girmesi ve Azerbaycan\u2019\u0131n Karaba\u011f\u2019da t\u00fcm\u00fcyle hakimiyeti ele ge\u00e7irmesi geliyor. &nbsp; \u0130srail\u2019in Gazze\u2019deki Hamas hedeflerine y\u00f6nelik harekat\u0131nda binlerce sivil hayat\u0131n\u0131 kaybetti. Derinle\u015fen insani krize kar\u015f\u0131 uluslararas\u0131 toplumun \u00e7are \u00fcretememesi \u201ck\u00fcresel d\u00fczenin egemenleri\u201d hakk\u0131nda tart\u0131\u015fmalar ba\u015flatt\u0131. &nbsp; \u015eimdi<\/p>\n","protected":false},"author":1,"featured_media":24445,"comment_status":"open","ping_status":"open","sticky":false,"template":"","format":"standard","meta":{"footnotes":""},"categories":[79],"tags":[],"class_list":["post-24444","post","type-post","status-publish","format-standard","has-post-thumbnail","hentry","category-ekonomi"],"yoast_head":"<!-- This site is optimized with the Yoast SEO plugin v27.4 - https:\/\/yoast.com\/product\/yoast-seo-wordpress\/ -->\n<title>D\u00fcnyada bu y\u0131l: 2023 y\u0131l\u0131na bak\u0131\u015f -<\/title>\n<meta name=\"robots\" content=\"index, follow, max-snippet:-1, max-image-preview:large, max-video-preview:-1\" \/>\n<link rel=\"canonical\" href=\"https:\/\/kibrisdakik.com\/?p=24444\" \/>\n<meta property=\"og:locale\" content=\"tr_TR\" \/>\n<meta property=\"og:type\" content=\"article\" \/>\n<meta property=\"og:title\" content=\"D\u00fcnyada bu y\u0131l: 2023 y\u0131l\u0131na bak\u0131\u015f -\" \/>\n<meta property=\"og:description\" content=\"Y\u0131la damgas\u0131n\u0131 vuran olaylar\u0131n ba\u015f\u0131nda \u0130srail-Hamas sava\u015f\u0131, T\u00fcrkiye ve Fas\u2019ta ya\u015fanan deprem felaketleri, Libya\u2019daki sel afeti, Rusya-Ukrayna sava\u015f\u0131n\u0131n \u00e7\u0131kmaza girmesi ve Azerbaycan\u2019\u0131n Karaba\u011f\u2019da t\u00fcm\u00fcyle hakimiyeti ele ge\u00e7irmesi geliyor. &nbsp; \u0130srail\u2019in Gazze\u2019deki Hamas hedeflerine y\u00f6nelik harekat\u0131nda binlerce sivil hayat\u0131n\u0131 kaybetti. Derinle\u015fen insani krize kar\u015f\u0131 uluslararas\u0131 toplumun \u00e7are \u00fcretememesi \u201ck\u00fcresel d\u00fczenin egemenleri\u201d hakk\u0131nda tart\u0131\u015fmalar ba\u015flatt\u0131. &nbsp; \u015eimdi\" \/>\n<meta property=\"og:url\" content=\"https:\/\/kibrisdakik.com\/?p=24444\" \/>\n<meta property=\"article:published_time\" content=\"2023-12-30T01:10:13+00:00\" \/>\n<meta property=\"og:image\" content=\"https:\/\/kibrisdakik.com\/wp-content\/uploads\/2023\/12\/TbUF0Ckit0qw1oxQoxG7Rw-740x420.jpg\" \/>\n\t<meta property=\"og:image:width\" content=\"1000\" \/>\n\t<meta property=\"og:image:height\" content=\"666\" \/>\n\t<meta property=\"og:image:type\" content=\"image\/jpeg\" \/>\n<meta name=\"author\" content=\"admin\" \/>\n<meta name=\"twitter:card\" content=\"summary_large_image\" \/>\n<meta name=\"twitter:label1\" content=\"Yazan:\" \/>\n\t<meta name=\"twitter:data1\" content=\"admin\" \/>\n\t<meta name=\"twitter:label2\" content=\"Tahmini okuma s\u00fcresi\" \/>\n\t<meta name=\"twitter:data2\" content=\"17 dakika\" \/>\n<script type=\"application\/ld+json\" class=\"yoast-schema-graph\">{\"@context\":\"https:\\\/\\\/schema.org\",\"@graph\":[{\"@type\":\"Article\",\"@id\":\"https:\\\/\\\/kibrisdakik.com\\\/?p=24444#article\",\"isPartOf\":{\"@id\":\"https:\\\/\\\/kibrisdakik.com\\\/?p=24444\"},\"author\":{\"name\":\"admin\",\"@id\":\"https:\\\/\\\/kibrisdakik.com\\\/#\\\/schema\\\/person\\\/9cd9d437bbb44f72b73ba127e06d8e79\"},\"headline\":\"D\u00fcnyada bu y\u0131l: 2023 y\u0131l\u0131na bak\u0131\u015f\",\"datePublished\":\"2023-12-30T01:10:13+00:00\",\"mainEntityOfPage\":{\"@id\":\"https:\\\/\\\/kibrisdakik.com\\\/?p=24444\"},\"wordCount\":3480,\"commentCount\":0,\"image\":{\"@id\":\"https:\\\/\\\/kibrisdakik.com\\\/?p=24444#primaryimage\"},\"thumbnailUrl\":\"https:\\\/\\\/kibrisdakik.com\\\/wp-content\\\/uploads\\\/2023\\\/12\\\/TbUF0Ckit0qw1oxQoxG7Rw-740x420.jpg\",\"articleSection\":[\"Ekonomi\"],\"inLanguage\":\"tr\",\"potentialAction\":[{\"@type\":\"CommentAction\",\"name\":\"Comment\",\"target\":[\"https:\\\/\\\/kibrisdakik.com\\\/?p=24444#respond\"]}]},{\"@type\":\"WebPage\",\"@id\":\"https:\\\/\\\/kibrisdakik.com\\\/?p=24444\",\"url\":\"https:\\\/\\\/kibrisdakik.com\\\/?p=24444\",\"name\":\"D\u00fcnyada bu y\u0131l: 2023 y\u0131l\u0131na bak\u0131\u015f -\",\"isPartOf\":{\"@id\":\"https:\\\/\\\/kibrisdakik.com\\\/#website\"},\"primaryImageOfPage\":{\"@id\":\"https:\\\/\\\/kibrisdakik.com\\\/?p=24444#primaryimage\"},\"image\":{\"@id\":\"https:\\\/\\\/kibrisdakik.com\\\/?p=24444#primaryimage\"},\"thumbnailUrl\":\"https:\\\/\\\/kibrisdakik.com\\\/wp-content\\\/uploads\\\/2023\\\/12\\\/TbUF0Ckit0qw1oxQoxG7Rw-740x420.jpg\",\"datePublished\":\"2023-12-30T01:10:13+00:00\",\"author\":{\"@id\":\"https:\\\/\\\/kibrisdakik.com\\\/#\\\/schema\\\/person\\\/9cd9d437bbb44f72b73ba127e06d8e79\"},\"breadcrumb\":{\"@id\":\"https:\\\/\\\/kibrisdakik.com\\\/?p=24444#breadcrumb\"},\"inLanguage\":\"tr\",\"potentialAction\":[{\"@type\":\"ReadAction\",\"target\":[\"https:\\\/\\\/kibrisdakik.com\\\/?p=24444\"]}]},{\"@type\":\"ImageObject\",\"inLanguage\":\"tr\",\"@id\":\"https:\\\/\\\/kibrisdakik.com\\\/?p=24444#primaryimage\",\"url\":\"https:\\\/\\\/kibrisdakik.com\\\/wp-content\\\/uploads\\\/2023\\\/12\\\/TbUF0Ckit0qw1oxQoxG7Rw-740x420.jpg\",\"contentUrl\":\"https:\\\/\\\/kibrisdakik.com\\\/wp-content\\\/uploads\\\/2023\\\/12\\\/TbUF0Ckit0qw1oxQoxG7Rw-740x420.jpg\",\"width\":1000,\"height\":666},{\"@type\":\"BreadcrumbList\",\"@id\":\"https:\\\/\\\/kibrisdakik.com\\\/?p=24444#breadcrumb\",\"itemListElement\":[{\"@type\":\"ListItem\",\"position\":1,\"name\":\"Home\",\"item\":\"https:\\\/\\\/kibrisdakik.com\\\/\"},{\"@type\":\"ListItem\",\"position\":2,\"name\":\"D\u00fcnyada bu y\u0131l: 2023 y\u0131l\u0131na bak\u0131\u015f\"}]},{\"@type\":\"WebSite\",\"@id\":\"https:\\\/\\\/kibrisdakik.com\\\/#website\",\"url\":\"https:\\\/\\\/kibrisdakik.com\\\/\",\"name\":\"\",\"description\":\"Tam vaktinde haber\",\"potentialAction\":[{\"@type\":\"SearchAction\",\"target\":{\"@type\":\"EntryPoint\",\"urlTemplate\":\"https:\\\/\\\/kibrisdakik.com\\\/?s={search_term_string}\"},\"query-input\":{\"@type\":\"PropertyValueSpecification\",\"valueRequired\":true,\"valueName\":\"search_term_string\"}}],\"inLanguage\":\"tr\"},{\"@type\":\"Person\",\"@id\":\"https:\\\/\\\/kibrisdakik.com\\\/#\\\/schema\\\/person\\\/9cd9d437bbb44f72b73ba127e06d8e79\",\"name\":\"admin\",\"image\":{\"@type\":\"ImageObject\",\"inLanguage\":\"tr\",\"@id\":\"https:\\\/\\\/secure.gravatar.com\\\/avatar\\\/ccc17943b9d660506c869530f897617f7cb1c21a4bf30023f252596d83e1f007?s=96&d=mm&r=g\",\"url\":\"https:\\\/\\\/secure.gravatar.com\\\/avatar\\\/ccc17943b9d660506c869530f897617f7cb1c21a4bf30023f252596d83e1f007?s=96&d=mm&r=g\",\"contentUrl\":\"https:\\\/\\\/secure.gravatar.com\\\/avatar\\\/ccc17943b9d660506c869530f897617f7cb1c21a4bf30023f252596d83e1f007?s=96&d=mm&r=g\",\"caption\":\"admin\"},\"sameAs\":[\"https:\\\/\\\/kibrisdakik.com\"],\"url\":\"https:\\\/\\\/kibrisdakik.com\\\/?author=1\"}]}<\/script>\n<!-- \/ Yoast SEO plugin. -->","yoast_head_json":{"title":"D\u00fcnyada bu y\u0131l: 2023 y\u0131l\u0131na bak\u0131\u015f -","robots":{"index":"index","follow":"follow","max-snippet":"max-snippet:-1","max-image-preview":"max-image-preview:large","max-video-preview":"max-video-preview:-1"},"canonical":"https:\/\/kibrisdakik.com\/?p=24444","og_locale":"tr_TR","og_type":"article","og_title":"D\u00fcnyada bu y\u0131l: 2023 y\u0131l\u0131na bak\u0131\u015f -","og_description":"Y\u0131la damgas\u0131n\u0131 vuran olaylar\u0131n ba\u015f\u0131nda \u0130srail-Hamas sava\u015f\u0131, T\u00fcrkiye ve Fas\u2019ta ya\u015fanan deprem felaketleri, Libya\u2019daki sel afeti, Rusya-Ukrayna sava\u015f\u0131n\u0131n \u00e7\u0131kmaza girmesi ve Azerbaycan\u2019\u0131n Karaba\u011f\u2019da t\u00fcm\u00fcyle hakimiyeti ele ge\u00e7irmesi geliyor. &nbsp; \u0130srail\u2019in Gazze\u2019deki Hamas hedeflerine y\u00f6nelik harekat\u0131nda binlerce sivil hayat\u0131n\u0131 kaybetti. Derinle\u015fen insani krize kar\u015f\u0131 uluslararas\u0131 toplumun \u00e7are \u00fcretememesi \u201ck\u00fcresel d\u00fczenin egemenleri\u201d hakk\u0131nda tart\u0131\u015fmalar ba\u015flatt\u0131. &nbsp; \u015eimdi","og_url":"https:\/\/kibrisdakik.com\/?p=24444","article_published_time":"2023-12-30T01:10:13+00:00","og_image":[{"width":1000,"height":666,"url":"https:\/\/kibrisdakik.com\/wp-content\/uploads\/2023\/12\/TbUF0Ckit0qw1oxQoxG7Rw-740x420.jpg","type":"image\/jpeg"}],"author":"admin","twitter_card":"summary_large_image","twitter_misc":{"Yazan:":"admin","Tahmini okuma s\u00fcresi":"17 dakika"},"schema":{"@context":"https:\/\/schema.org","@graph":[{"@type":"Article","@id":"https:\/\/kibrisdakik.com\/?p=24444#article","isPartOf":{"@id":"https:\/\/kibrisdakik.com\/?p=24444"},"author":{"name":"admin","@id":"https:\/\/kibrisdakik.com\/#\/schema\/person\/9cd9d437bbb44f72b73ba127e06d8e79"},"headline":"D\u00fcnyada bu y\u0131l: 2023 y\u0131l\u0131na bak\u0131\u015f","datePublished":"2023-12-30T01:10:13+00:00","mainEntityOfPage":{"@id":"https:\/\/kibrisdakik.com\/?p=24444"},"wordCount":3480,"commentCount":0,"image":{"@id":"https:\/\/kibrisdakik.com\/?p=24444#primaryimage"},"thumbnailUrl":"https:\/\/kibrisdakik.com\/wp-content\/uploads\/2023\/12\/TbUF0Ckit0qw1oxQoxG7Rw-740x420.jpg","articleSection":["Ekonomi"],"inLanguage":"tr","potentialAction":[{"@type":"CommentAction","name":"Comment","target":["https:\/\/kibrisdakik.com\/?p=24444#respond"]}]},{"@type":"WebPage","@id":"https:\/\/kibrisdakik.com\/?p=24444","url":"https:\/\/kibrisdakik.com\/?p=24444","name":"D\u00fcnyada bu y\u0131l: 2023 y\u0131l\u0131na bak\u0131\u015f -","isPartOf":{"@id":"https:\/\/kibrisdakik.com\/#website"},"primaryImageOfPage":{"@id":"https:\/\/kibrisdakik.com\/?p=24444#primaryimage"},"image":{"@id":"https:\/\/kibrisdakik.com\/?p=24444#primaryimage"},"thumbnailUrl":"https:\/\/kibrisdakik.com\/wp-content\/uploads\/2023\/12\/TbUF0Ckit0qw1oxQoxG7Rw-740x420.jpg","datePublished":"2023-12-30T01:10:13+00:00","author":{"@id":"https:\/\/kibrisdakik.com\/#\/schema\/person\/9cd9d437bbb44f72b73ba127e06d8e79"},"breadcrumb":{"@id":"https:\/\/kibrisdakik.com\/?p=24444#breadcrumb"},"inLanguage":"tr","potentialAction":[{"@type":"ReadAction","target":["https:\/\/kibrisdakik.com\/?p=24444"]}]},{"@type":"ImageObject","inLanguage":"tr","@id":"https:\/\/kibrisdakik.com\/?p=24444#primaryimage","url":"https:\/\/kibrisdakik.com\/wp-content\/uploads\/2023\/12\/TbUF0Ckit0qw1oxQoxG7Rw-740x420.jpg","contentUrl":"https:\/\/kibrisdakik.com\/wp-content\/uploads\/2023\/12\/TbUF0Ckit0qw1oxQoxG7Rw-740x420.jpg","width":1000,"height":666},{"@type":"BreadcrumbList","@id":"https:\/\/kibrisdakik.com\/?p=24444#breadcrumb","itemListElement":[{"@type":"ListItem","position":1,"name":"Home","item":"https:\/\/kibrisdakik.com\/"},{"@type":"ListItem","position":2,"name":"D\u00fcnyada bu y\u0131l: 2023 y\u0131l\u0131na bak\u0131\u015f"}]},{"@type":"WebSite","@id":"https:\/\/kibrisdakik.com\/#website","url":"https:\/\/kibrisdakik.com\/","name":"","description":"Tam vaktinde haber","potentialAction":[{"@type":"SearchAction","target":{"@type":"EntryPoint","urlTemplate":"https:\/\/kibrisdakik.com\/?s={search_term_string}"},"query-input":{"@type":"PropertyValueSpecification","valueRequired":true,"valueName":"search_term_string"}}],"inLanguage":"tr"},{"@type":"Person","@id":"https:\/\/kibrisdakik.com\/#\/schema\/person\/9cd9d437bbb44f72b73ba127e06d8e79","name":"admin","image":{"@type":"ImageObject","inLanguage":"tr","@id":"https:\/\/secure.gravatar.com\/avatar\/ccc17943b9d660506c869530f897617f7cb1c21a4bf30023f252596d83e1f007?s=96&d=mm&r=g","url":"https:\/\/secure.gravatar.com\/avatar\/ccc17943b9d660506c869530f897617f7cb1c21a4bf30023f252596d83e1f007?s=96&d=mm&r=g","contentUrl":"https:\/\/secure.gravatar.com\/avatar\/ccc17943b9d660506c869530f897617f7cb1c21a4bf30023f252596d83e1f007?s=96&d=mm&r=g","caption":"admin"},"sameAs":["https:\/\/kibrisdakik.com"],"url":"https:\/\/kibrisdakik.com\/?author=1"}]}},"_links":{"self":[{"href":"https:\/\/kibrisdakik.com\/index.php?rest_route=\/wp\/v2\/posts\/24444","targetHints":{"allow":["GET"]}}],"collection":[{"href":"https:\/\/kibrisdakik.com\/index.php?rest_route=\/wp\/v2\/posts"}],"about":[{"href":"https:\/\/kibrisdakik.com\/index.php?rest_route=\/wp\/v2\/types\/post"}],"author":[{"embeddable":true,"href":"https:\/\/kibrisdakik.com\/index.php?rest_route=\/wp\/v2\/users\/1"}],"replies":[{"embeddable":true,"href":"https:\/\/kibrisdakik.com\/index.php?rest_route=%2Fwp%2Fv2%2Fcomments&post=24444"}],"version-history":[{"count":0,"href":"https:\/\/kibrisdakik.com\/index.php?rest_route=\/wp\/v2\/posts\/24444\/revisions"}],"wp:featuredmedia":[{"embeddable":true,"href":"https:\/\/kibrisdakik.com\/index.php?rest_route=\/wp\/v2\/media\/24445"}],"wp:attachment":[{"href":"https:\/\/kibrisdakik.com\/index.php?rest_route=%2Fwp%2Fv2%2Fmedia&parent=24444"}],"wp:term":[{"taxonomy":"category","embeddable":true,"href":"https:\/\/kibrisdakik.com\/index.php?rest_route=%2Fwp%2Fv2%2Fcategories&post=24444"},{"taxonomy":"post_tag","embeddable":true,"href":"https:\/\/kibrisdakik.com\/index.php?rest_route=%2Fwp%2Fv2%2Ftags&post=24444"}],"curies":[{"name":"wp","href":"https:\/\/api.w.org\/{rel}","templated":true}]}}