{"id":24506,"date":"2023-12-30T12:01:56","date_gmt":"2023-12-30T12:01:56","guid":{"rendered":"https:\/\/kibrisdakik.com\/index.php\/2023\/12\/30\/super-kupa-finalinde-ne-oldu-dmm-tum-detaylari-paylasti\/"},"modified":"2023-12-30T12:01:56","modified_gmt":"2023-12-30T12:01:56","slug":"super-kupa-finalinde-ne-oldu-dmm-tum-detaylari-paylasti","status":"publish","type":"post","link":"https:\/\/kibrisdakik.com\/?p=24506","title":{"rendered":"S\u00fcper Kupa finalinde ne oldu? DMM t\u00fcm detaylar\u0131 payla\u015ft\u0131"},"content":{"rendered":"<p><img decoding=\"async\" src=\"https:\/\/www.kibristurk.com\/images\/haberler\/2023\/12\/super-kupa-finalinde-ne-oldu-dmm-tum-detaylari-paylasti-1703935351.webp\" \/><\/p>\n<p>Dezenformasyonla M\u00fccadele Merkezi&#8217;nin sosyal&nbsp;medya&nbsp;hesab\u0131ndan yap\u0131lan a\u00e7\u0131klamada \u015fu ifadelere yer verildi:<\/p>\n<p><em>&#8220;NE OLDU?<\/em><\/p>\n<p><em>29 Aral\u0131k 2023 tarihinde Suudi Arabistan\u2019\u0131n ba\u015fkenti Riyad\u2019da oynanmas\u0131 beklenen ancak ileri bir tarihe ertelenen Galatasaray-Fenerbah\u00e7e kar\u015f\u0131la\u015fmas\u0131 ile ilgili gerek yurt i\u00e7inde gerekse de yurt d\u0131\u015f\u0131nda yo\u011fun bilgi kirlili\u011fi ile kar\u015f\u0131 kar\u015f\u0131ya kal\u0131nm\u0131\u015ft\u0131r.<\/em><\/p>\n<p><em>S\u00f6z konusu bilgi kirlili\u011fi; hem baz\u0131 kesimlerin milletimizin ortak de\u011fer ve hassasiyetleri \u00fczerinden y\u0131prat\u0131c\u0131 sistematik&nbsp;dezenformasyon&nbsp;faaliyetleri kapsam\u0131nda hem de kimi kesimlerin bilgi eksikli\u011fi sonucu ortaya \u00e7\u0131kt\u0131\u011f\u0131 belirlenmi\u015ftir.<\/em><\/p>\n<p><em>Dolay\u0131s\u0131yla toplumun huzur ve g\u00fcvenli\u011fini tehdit eden dezenformasyon faaliyetlerine kar\u015f\u0131, ya\u015fanan geli\u015fmelerin ele al\u0131nmas\u0131 ve kamuoyunun bilgilendirilmesine ihtiya\u00e7 duyulmu\u015ftur.<\/em><\/p>\n<p><em>T\u00fcrkiye Futbol Federasyonu (TFF)&nbsp;S\u00fcper Kupa&nbsp;finali i\u00e7in&nbsp;Fenerbah\u00e7e&nbsp;ve&nbsp;Galatasaray&nbsp;kul\u00fcplerine ek gelir sa\u011flama \u00f6nerisinde bulunmu\u015f ve bir teklif haz\u0131rlam\u0131\u015ft\u0131r. \u0130ki kul\u00fcp ba\u015fkan\u0131, A\u011fustos 2023 tarihinde S\u00fcper Kupa finali i\u00e7in TFF&#8217;ye vekalet vermi\u015ftir.<\/em><\/p>\n<p><em>2023 Turkcell S\u00fcper Kupa m\u00fcsabakas\u0131n\u0131n en iyi teklifi veren Suudi Arabistan&#8217;\u0131n ba\u015fkenti Riyad&#8217;da oynanmas\u0131, tamamen kul\u00fcpler ve&nbsp;TFF&nbsp;taraf\u0131ndan ortak bir kararla belirlenmi\u015f ve organize edilmi\u015ftir.<\/em><\/p>\n<p><em>Ortak karar\u0131n ard\u0131ndan ma\u00e7\u0131n 29 Aral\u0131k 2023 TS\u0130 20.45&#8217;te oynanmas\u0131 planlanm\u0131\u015ft\u0131r.<\/em><\/p>\n<p><em>Ma\u00e7 organizasyonun \u00f6ncesinde TFF ile Suudi Arabistanl\u0131 yetkililer aras\u0131nda sahada ve trib\u00fcnlerde uyulacak kurallara ve esaslara ili\u015fkin 20 Ekim 2023\u2019te bir protokol \u00fczerinde mutabakata var\u0131lm\u0131\u015ft\u0131r.<\/em><\/p>\n<p><em>S\u00f6zle\u015fmede FIFA, AFC,&nbsp;UEFA&nbsp;ve di\u011fer uluslararas\u0131 futbol d\u00fczenleyici ve y\u00f6netici kurulu\u015flar\u0131n kurallar\u0131n\u0131n ge\u00e7erli olaca\u011f\u0131 belirtilmi\u015ftir.<\/em><\/p>\n<p><em>TFF ve&nbsp;Suudi Arabistan&nbsp;yetkilileri, s\u00f6z konusu m\u00fcsabakan\u0131n bir milli ma\u00e7 olmamas\u0131na ra\u011fmen T\u00fcrkiye Cumhuriyeti\u2019nin 100. y\u0131l\u0131 olmas\u0131 dolay\u0131s\u0131yla&nbsp;\u0130stiklal Mar\u015f\u0131&nbsp;okunmas\u0131 ve T\u00fcrk bayraklar\u0131n\u0131n kullan\u0131lmas\u0131na y\u00f6nelik uzla\u015f\u0131ya varm\u0131\u015flard\u0131r.<\/em><\/p>\n<p><em>Kul\u00fcpler, ma\u00e7\u0131n hemen \u00f6ncesinde tak\u0131mlar\u0131n sahaya \u0131s\u0131nmak i\u00e7in&nbsp;Mustafa Kemal Atat\u00fcrk&nbsp;ti\u015f\u00f6rtleriyle \u00e7\u0131kma ve \u00fczerlerinde Mustafa Kemal Atat\u00fcrk&#8217;\u00fcn s\u00f6zlerinin yaz\u0131l\u0131 oldu\u011fu pankartlarla \u00e7\u0131kma taleplerinin TFF ile Suudi yetkililer aras\u0131nda daha \u00f6nceden yap\u0131lan protokole eklenmesini talep etmi\u015flerdir.<\/em><\/p>\n<p><em>Suudi Arabistanl\u0131 yetkililer, daha \u00f6nce TFF ile yapt\u0131klar\u0131 anla\u015fmayla uluslararas\u0131 y\u00f6netmelikler ve d\u00fczenlemeleri gerek\u00e7e g\u00f6stererek ma\u00e7\u0131n hemen \u00f6ncesinde bu talepleri mevcut protokole eklemeyi kabul etmemi\u015ftir.<\/em><\/p>\n<p><em>Bu geli\u015fmeler neticesinde T\u00fcrkiye kamuoyunda konu sosyal medyada g\u00fcndeme gelmi\u015f ve konuyla ilgili dezenformasyon \u00fcretildi\u011fi tespit edilmi\u015ftir.<\/em><\/p>\n<p><em>Devletimizin kurumlar\u0131na ve milletimizin de\u011ferlerine y\u00f6nelik tasvip edilmesi m\u00fcmk\u00fcn olmayan hakaretamiz ifadelerin kullan\u0131ld\u0131\u011f\u0131 g\u00f6r\u00fclm\u00fc\u015ft\u00fcr.<\/em><\/p>\n<p><em>\u201cMa\u00e7 ba\u015flarken \u0130stiklal Mar\u015f\u0131 okunmayaca\u011f\u0131 ve T\u00fcrk bayraklar\u0131n\u0131n sahaya al\u0131nmad\u0131\u011f\u0131\u201d iddialar\u0131, taraflardan elde edilen bilgiler do\u011frultusunda Dezenformasyonla M\u00fccadele Merkezimizce yalanlanm\u0131\u015ft\u0131r.&#8221;<\/em><\/p>\n<p><em>\u0130lerleyen saatlerde, T\u00fcrkiye kamuoyu nezdinde tart\u0131\u015fmalar devam ederken kul\u00fcpler ile TFF ortak bir a\u00e7\u0131klama yaparak ma\u00e7\u0131 ileri bir tarihe ertelediklerini duyurmu\u015flard\u0131r. Ortak a\u00e7\u0131klamalarda a\u015fa\u011f\u0131daki ifadelere yer verilmi\u015ftir:<\/em><\/p>\n<p><em>\u201cKamuoyuna duyurulur<\/em><\/p>\n<p><em>Cumhuriyetimizin ve T\u00fcrkiye Futbol Federasyonu\u2019nun 100. Y\u0131l\u0131n\u0131 yurtd\u0131\u015f\u0131nda da kutlamak amac\u0131yla, T\u00fcrk Futbolunun marka de\u011ferine ve kul\u00fcplerimize katk\u0131 sa\u011flayacak \u015fekilde kul\u00fcplerimizle organize etti\u011fimiz,<br \/>\n29 Aral\u0131k 2023 Cuma g\u00fcn\u00fc saat 20.45\u2019te oynanmas\u0131 planlanan 2023 S\u00fcper Kupa m\u00fcsabakas\u0131 organizasyondaki baz\u0131 aksakl\u0131klar nedeniyle Kul\u00fcplerimizle birlikte ald\u0131\u011f\u0131m\u0131z ortak karar neticesinde ileri bir tarihe ertelenmi\u015ftir.<\/em><\/p>\n<p><em>Ev sahibi \u00fclkenin Futbol Federasyonu, ilgili kurum ve kurulu\u015flar\u0131na \u015fu ana kadar S\u00fcper Kupa\u2019n\u0131n organizasyonu i\u00e7in g\u00f6stermi\u015f olduklar\u0131 \u00e7aba nedeniyle te\u015fekk\u00fcr ederiz.<\/em><\/p>\n<p><em>T\u00fcrkiye Futbol Federasyonu<br \/>\nFenerbah\u00e7e Spor Kul\u00fcb\u00fc<br \/>\nGalatasaray Spor Kul\u00fcb\u00fc\u201d<\/em><\/p>\n<p><em>S\u00fcper Kupa m\u00fcsabakas\u0131n\u0131n ileri bir tarihe ertelenmesinin ard\u0131ndan Galatasaray ve Fenerbah\u00e7e tak\u0131mlar\u0131n\u0131n kafileleri bu sabah itibar\u0131yla yurda d\u00f6nm\u00fc\u015ft\u00fcr.<\/em><\/p>\n<p><em>Kamuoyunun hassasiyetleri \u00fczerinden y\u00fcr\u00fct\u00fclmeye \u00e7al\u0131\u015f\u0131lan dezenformasyon kampanyalar\u0131na itibar etmeyiniz.&#8221;<\/em><\/p>\n","protected":false},"excerpt":{"rendered":"<p>Dezenformasyonla M\u00fccadele Merkezi&#8217;nin sosyal&nbsp;medya&nbsp;hesab\u0131ndan yap\u0131lan a\u00e7\u0131klamada \u015fu ifadelere yer verildi: &#8220;NE OLDU? 29 Aral\u0131k 2023 tarihinde Suudi Arabistan\u2019\u0131n ba\u015fkenti Riyad\u2019da oynanmas\u0131 beklenen ancak ileri bir tarihe ertelenen Galatasaray-Fenerbah\u00e7e kar\u015f\u0131la\u015fmas\u0131 ile ilgili gerek yurt i\u00e7inde gerekse de yurt d\u0131\u015f\u0131nda yo\u011fun bilgi kirlili\u011fi ile kar\u015f\u0131 kar\u015f\u0131ya kal\u0131nm\u0131\u015ft\u0131r. S\u00f6z konusu bilgi kirlili\u011fi; hem baz\u0131 kesimlerin milletimizin ortak de\u011fer<\/p>\n","protected":false},"author":1,"featured_media":24507,"comment_status":"open","ping_status":"open","sticky":false,"template":"","format":"standard","meta":{"footnotes":""},"categories":[85],"tags":[],"class_list":["post-24506","post","type-post","status-publish","format-standard","has-post-thumbnail","hentry","category-spor"],"yoast_head":"<!-- This site is optimized with the Yoast SEO plugin v27.5 - https:\/\/yoast.com\/product\/yoast-seo-wordpress\/ -->\n<title>S\u00fcper Kupa finalinde ne oldu? DMM t\u00fcm detaylar\u0131 payla\u015ft\u0131 -<\/title>\n<meta name=\"robots\" content=\"index, follow, max-snippet:-1, max-image-preview:large, max-video-preview:-1\" \/>\n<link rel=\"canonical\" href=\"https:\/\/kibrisdakik.com\/?p=24506\" \/>\n<meta property=\"og:locale\" content=\"tr_TR\" \/>\n<meta property=\"og:type\" content=\"article\" \/>\n<meta property=\"og:title\" content=\"S\u00fcper Kupa finalinde ne oldu? DMM t\u00fcm detaylar\u0131 payla\u015ft\u0131 -\" \/>\n<meta property=\"og:description\" content=\"Dezenformasyonla M\u00fccadele Merkezi&#8217;nin sosyal&nbsp;medya&nbsp;hesab\u0131ndan yap\u0131lan a\u00e7\u0131klamada \u015fu ifadelere yer verildi: &#8220;NE OLDU? 29 Aral\u0131k 2023 tarihinde Suudi Arabistan\u2019\u0131n ba\u015fkenti Riyad\u2019da oynanmas\u0131 beklenen ancak ileri bir tarihe ertelenen Galatasaray-Fenerbah\u00e7e kar\u015f\u0131la\u015fmas\u0131 ile ilgili gerek yurt i\u00e7inde gerekse de yurt d\u0131\u015f\u0131nda yo\u011fun bilgi kirlili\u011fi ile kar\u015f\u0131 kar\u015f\u0131ya kal\u0131nm\u0131\u015ft\u0131r. S\u00f6z konusu bilgi kirlili\u011fi; hem baz\u0131 kesimlerin milletimizin ortak de\u011fer\" \/>\n<meta property=\"og:url\" content=\"https:\/\/kibrisdakik.com\/?p=24506\" \/>\n<meta property=\"article:published_time\" content=\"2023-12-30T12:01:56+00:00\" \/>\n<meta property=\"og:image\" content=\"https:\/\/kibrisdakik.com\/wp-content\/uploads\/2023\/12\/super-kupa-finalinde-ne-oldu-dmm-tum-detaylari-paylasti-1703935351.webp.webp\" \/>\n\t<meta property=\"og:image:width\" content=\"710\" \/>\n\t<meta property=\"og:image:height\" content=\"370\" \/>\n\t<meta property=\"og:image:type\" content=\"image\/webp\" \/>\n<meta name=\"author\" content=\"admin\" \/>\n<meta name=\"twitter:card\" content=\"summary_large_image\" \/>\n<meta name=\"twitter:label1\" content=\"Yazan:\" \/>\n\t<meta name=\"twitter:data1\" content=\"admin\" \/>\n\t<meta name=\"twitter:label2\" content=\"Tahmini okuma s\u00fcresi\" \/>\n\t<meta name=\"twitter:data2\" content=\"4 dakika\" \/>\n<script type=\"application\/ld+json\" class=\"yoast-schema-graph\">{\"@context\":\"https:\\\/\\\/schema.org\",\"@graph\":[{\"@type\":\"Article\",\"@id\":\"https:\\\/\\\/kibrisdakik.com\\\/?p=24506#article\",\"isPartOf\":{\"@id\":\"https:\\\/\\\/kibrisdakik.com\\\/?p=24506\"},\"author\":{\"name\":\"admin\",\"@id\":\"https:\\\/\\\/kibrisdakik.com\\\/#\\\/schema\\\/person\\\/9cd9d437bbb44f72b73ba127e06d8e79\"},\"headline\":\"S\u00fcper Kupa finalinde ne oldu? DMM t\u00fcm detaylar\u0131 payla\u015ft\u0131\",\"datePublished\":\"2023-12-30T12:01:56+00:00\",\"mainEntityOfPage\":{\"@id\":\"https:\\\/\\\/kibrisdakik.com\\\/?p=24506\"},\"wordCount\":715,\"commentCount\":0,\"image\":{\"@id\":\"https:\\\/\\\/kibrisdakik.com\\\/?p=24506#primaryimage\"},\"thumbnailUrl\":\"https:\\\/\\\/kibrisdakik.com\\\/wp-content\\\/uploads\\\/2023\\\/12\\\/super-kupa-finalinde-ne-oldu-dmm-tum-detaylari-paylasti-1703935351.webp.webp\",\"articleSection\":[\"Spor\"],\"inLanguage\":\"tr\",\"potentialAction\":[{\"@type\":\"CommentAction\",\"name\":\"Comment\",\"target\":[\"https:\\\/\\\/kibrisdakik.com\\\/?p=24506#respond\"]}]},{\"@type\":\"WebPage\",\"@id\":\"https:\\\/\\\/kibrisdakik.com\\\/?p=24506\",\"url\":\"https:\\\/\\\/kibrisdakik.com\\\/?p=24506\",\"name\":\"S\u00fcper Kupa finalinde ne oldu? DMM t\u00fcm detaylar\u0131 payla\u015ft\u0131 -\",\"isPartOf\":{\"@id\":\"https:\\\/\\\/kibrisdakik.com\\\/#website\"},\"primaryImageOfPage\":{\"@id\":\"https:\\\/\\\/kibrisdakik.com\\\/?p=24506#primaryimage\"},\"image\":{\"@id\":\"https:\\\/\\\/kibrisdakik.com\\\/?p=24506#primaryimage\"},\"thumbnailUrl\":\"https:\\\/\\\/kibrisdakik.com\\\/wp-content\\\/uploads\\\/2023\\\/12\\\/super-kupa-finalinde-ne-oldu-dmm-tum-detaylari-paylasti-1703935351.webp.webp\",\"datePublished\":\"2023-12-30T12:01:56+00:00\",\"author\":{\"@id\":\"https:\\\/\\\/kibrisdakik.com\\\/#\\\/schema\\\/person\\\/9cd9d437bbb44f72b73ba127e06d8e79\"},\"breadcrumb\":{\"@id\":\"https:\\\/\\\/kibrisdakik.com\\\/?p=24506#breadcrumb\"},\"inLanguage\":\"tr\",\"potentialAction\":[{\"@type\":\"ReadAction\",\"target\":[\"https:\\\/\\\/kibrisdakik.com\\\/?p=24506\"]}]},{\"@type\":\"ImageObject\",\"inLanguage\":\"tr\",\"@id\":\"https:\\\/\\\/kibrisdakik.com\\\/?p=24506#primaryimage\",\"url\":\"https:\\\/\\\/kibrisdakik.com\\\/wp-content\\\/uploads\\\/2023\\\/12\\\/super-kupa-finalinde-ne-oldu-dmm-tum-detaylari-paylasti-1703935351.webp.webp\",\"contentUrl\":\"https:\\\/\\\/kibrisdakik.com\\\/wp-content\\\/uploads\\\/2023\\\/12\\\/super-kupa-finalinde-ne-oldu-dmm-tum-detaylari-paylasti-1703935351.webp.webp\",\"width\":710,\"height\":370},{\"@type\":\"BreadcrumbList\",\"@id\":\"https:\\\/\\\/kibrisdakik.com\\\/?p=24506#breadcrumb\",\"itemListElement\":[{\"@type\":\"ListItem\",\"position\":1,\"name\":\"Home\",\"item\":\"https:\\\/\\\/kibrisdakik.com\\\/\"},{\"@type\":\"ListItem\",\"position\":2,\"name\":\"S\u00fcper Kupa finalinde ne oldu? DMM t\u00fcm detaylar\u0131 payla\u015ft\u0131\"}]},{\"@type\":\"WebSite\",\"@id\":\"https:\\\/\\\/kibrisdakik.com\\\/#website\",\"url\":\"https:\\\/\\\/kibrisdakik.com\\\/\",\"name\":\"\",\"description\":\"Tam vaktinde haber\",\"potentialAction\":[{\"@type\":\"SearchAction\",\"target\":{\"@type\":\"EntryPoint\",\"urlTemplate\":\"https:\\\/\\\/kibrisdakik.com\\\/?s={search_term_string}\"},\"query-input\":{\"@type\":\"PropertyValueSpecification\",\"valueRequired\":true,\"valueName\":\"search_term_string\"}}],\"inLanguage\":\"tr\"},{\"@type\":\"Person\",\"@id\":\"https:\\\/\\\/kibrisdakik.com\\\/#\\\/schema\\\/person\\\/9cd9d437bbb44f72b73ba127e06d8e79\",\"name\":\"admin\",\"image\":{\"@type\":\"ImageObject\",\"inLanguage\":\"tr\",\"@id\":\"https:\\\/\\\/secure.gravatar.com\\\/avatar\\\/ccc17943b9d660506c869530f897617f7cb1c21a4bf30023f252596d83e1f007?s=96&d=mm&r=g\",\"url\":\"https:\\\/\\\/secure.gravatar.com\\\/avatar\\\/ccc17943b9d660506c869530f897617f7cb1c21a4bf30023f252596d83e1f007?s=96&d=mm&r=g\",\"contentUrl\":\"https:\\\/\\\/secure.gravatar.com\\\/avatar\\\/ccc17943b9d660506c869530f897617f7cb1c21a4bf30023f252596d83e1f007?s=96&d=mm&r=g\",\"caption\":\"admin\"},\"sameAs\":[\"https:\\\/\\\/kibrisdakik.com\"],\"url\":\"https:\\\/\\\/kibrisdakik.com\\\/?author=1\"}]}<\/script>\n<!-- \/ Yoast SEO plugin. -->","yoast_head_json":{"title":"S\u00fcper Kupa finalinde ne oldu? DMM t\u00fcm detaylar\u0131 payla\u015ft\u0131 -","robots":{"index":"index","follow":"follow","max-snippet":"max-snippet:-1","max-image-preview":"max-image-preview:large","max-video-preview":"max-video-preview:-1"},"canonical":"https:\/\/kibrisdakik.com\/?p=24506","og_locale":"tr_TR","og_type":"article","og_title":"S\u00fcper Kupa finalinde ne oldu? DMM t\u00fcm detaylar\u0131 payla\u015ft\u0131 -","og_description":"Dezenformasyonla M\u00fccadele Merkezi&#8217;nin sosyal&nbsp;medya&nbsp;hesab\u0131ndan yap\u0131lan a\u00e7\u0131klamada \u015fu ifadelere yer verildi: &#8220;NE OLDU? 29 Aral\u0131k 2023 tarihinde Suudi Arabistan\u2019\u0131n ba\u015fkenti Riyad\u2019da oynanmas\u0131 beklenen ancak ileri bir tarihe ertelenen Galatasaray-Fenerbah\u00e7e kar\u015f\u0131la\u015fmas\u0131 ile ilgili gerek yurt i\u00e7inde gerekse de yurt d\u0131\u015f\u0131nda yo\u011fun bilgi kirlili\u011fi ile kar\u015f\u0131 kar\u015f\u0131ya kal\u0131nm\u0131\u015ft\u0131r. S\u00f6z konusu bilgi kirlili\u011fi; hem baz\u0131 kesimlerin milletimizin ortak de\u011fer","og_url":"https:\/\/kibrisdakik.com\/?p=24506","article_published_time":"2023-12-30T12:01:56+00:00","og_image":[{"width":710,"height":370,"url":"https:\/\/kibrisdakik.com\/wp-content\/uploads\/2023\/12\/super-kupa-finalinde-ne-oldu-dmm-tum-detaylari-paylasti-1703935351.webp.webp","type":"image\/webp"}],"author":"admin","twitter_card":"summary_large_image","twitter_misc":{"Yazan:":"admin","Tahmini okuma s\u00fcresi":"4 dakika"},"schema":{"@context":"https:\/\/schema.org","@graph":[{"@type":"Article","@id":"https:\/\/kibrisdakik.com\/?p=24506#article","isPartOf":{"@id":"https:\/\/kibrisdakik.com\/?p=24506"},"author":{"name":"admin","@id":"https:\/\/kibrisdakik.com\/#\/schema\/person\/9cd9d437bbb44f72b73ba127e06d8e79"},"headline":"S\u00fcper Kupa finalinde ne oldu? DMM t\u00fcm detaylar\u0131 payla\u015ft\u0131","datePublished":"2023-12-30T12:01:56+00:00","mainEntityOfPage":{"@id":"https:\/\/kibrisdakik.com\/?p=24506"},"wordCount":715,"commentCount":0,"image":{"@id":"https:\/\/kibrisdakik.com\/?p=24506#primaryimage"},"thumbnailUrl":"https:\/\/kibrisdakik.com\/wp-content\/uploads\/2023\/12\/super-kupa-finalinde-ne-oldu-dmm-tum-detaylari-paylasti-1703935351.webp.webp","articleSection":["Spor"],"inLanguage":"tr","potentialAction":[{"@type":"CommentAction","name":"Comment","target":["https:\/\/kibrisdakik.com\/?p=24506#respond"]}]},{"@type":"WebPage","@id":"https:\/\/kibrisdakik.com\/?p=24506","url":"https:\/\/kibrisdakik.com\/?p=24506","name":"S\u00fcper Kupa finalinde ne oldu? DMM t\u00fcm detaylar\u0131 payla\u015ft\u0131 -","isPartOf":{"@id":"https:\/\/kibrisdakik.com\/#website"},"primaryImageOfPage":{"@id":"https:\/\/kibrisdakik.com\/?p=24506#primaryimage"},"image":{"@id":"https:\/\/kibrisdakik.com\/?p=24506#primaryimage"},"thumbnailUrl":"https:\/\/kibrisdakik.com\/wp-content\/uploads\/2023\/12\/super-kupa-finalinde-ne-oldu-dmm-tum-detaylari-paylasti-1703935351.webp.webp","datePublished":"2023-12-30T12:01:56+00:00","author":{"@id":"https:\/\/kibrisdakik.com\/#\/schema\/person\/9cd9d437bbb44f72b73ba127e06d8e79"},"breadcrumb":{"@id":"https:\/\/kibrisdakik.com\/?p=24506#breadcrumb"},"inLanguage":"tr","potentialAction":[{"@type":"ReadAction","target":["https:\/\/kibrisdakik.com\/?p=24506"]}]},{"@type":"ImageObject","inLanguage":"tr","@id":"https:\/\/kibrisdakik.com\/?p=24506#primaryimage","url":"https:\/\/kibrisdakik.com\/wp-content\/uploads\/2023\/12\/super-kupa-finalinde-ne-oldu-dmm-tum-detaylari-paylasti-1703935351.webp.webp","contentUrl":"https:\/\/kibrisdakik.com\/wp-content\/uploads\/2023\/12\/super-kupa-finalinde-ne-oldu-dmm-tum-detaylari-paylasti-1703935351.webp.webp","width":710,"height":370},{"@type":"BreadcrumbList","@id":"https:\/\/kibrisdakik.com\/?p=24506#breadcrumb","itemListElement":[{"@type":"ListItem","position":1,"name":"Home","item":"https:\/\/kibrisdakik.com\/"},{"@type":"ListItem","position":2,"name":"S\u00fcper Kupa finalinde ne oldu? DMM t\u00fcm detaylar\u0131 payla\u015ft\u0131"}]},{"@type":"WebSite","@id":"https:\/\/kibrisdakik.com\/#website","url":"https:\/\/kibrisdakik.com\/","name":"","description":"Tam vaktinde haber","potentialAction":[{"@type":"SearchAction","target":{"@type":"EntryPoint","urlTemplate":"https:\/\/kibrisdakik.com\/?s={search_term_string}"},"query-input":{"@type":"PropertyValueSpecification","valueRequired":true,"valueName":"search_term_string"}}],"inLanguage":"tr"},{"@type":"Person","@id":"https:\/\/kibrisdakik.com\/#\/schema\/person\/9cd9d437bbb44f72b73ba127e06d8e79","name":"admin","image":{"@type":"ImageObject","inLanguage":"tr","@id":"https:\/\/secure.gravatar.com\/avatar\/ccc17943b9d660506c869530f897617f7cb1c21a4bf30023f252596d83e1f007?s=96&d=mm&r=g","url":"https:\/\/secure.gravatar.com\/avatar\/ccc17943b9d660506c869530f897617f7cb1c21a4bf30023f252596d83e1f007?s=96&d=mm&r=g","contentUrl":"https:\/\/secure.gravatar.com\/avatar\/ccc17943b9d660506c869530f897617f7cb1c21a4bf30023f252596d83e1f007?s=96&d=mm&r=g","caption":"admin"},"sameAs":["https:\/\/kibrisdakik.com"],"url":"https:\/\/kibrisdakik.com\/?author=1"}]}},"_links":{"self":[{"href":"https:\/\/kibrisdakik.com\/index.php?rest_route=\/wp\/v2\/posts\/24506","targetHints":{"allow":["GET"]}}],"collection":[{"href":"https:\/\/kibrisdakik.com\/index.php?rest_route=\/wp\/v2\/posts"}],"about":[{"href":"https:\/\/kibrisdakik.com\/index.php?rest_route=\/wp\/v2\/types\/post"}],"author":[{"embeddable":true,"href":"https:\/\/kibrisdakik.com\/index.php?rest_route=\/wp\/v2\/users\/1"}],"replies":[{"embeddable":true,"href":"https:\/\/kibrisdakik.com\/index.php?rest_route=%2Fwp%2Fv2%2Fcomments&post=24506"}],"version-history":[{"count":0,"href":"https:\/\/kibrisdakik.com\/index.php?rest_route=\/wp\/v2\/posts\/24506\/revisions"}],"wp:featuredmedia":[{"embeddable":true,"href":"https:\/\/kibrisdakik.com\/index.php?rest_route=\/wp\/v2\/media\/24507"}],"wp:attachment":[{"href":"https:\/\/kibrisdakik.com\/index.php?rest_route=%2Fwp%2Fv2%2Fmedia&parent=24506"}],"wp:term":[{"taxonomy":"category","embeddable":true,"href":"https:\/\/kibrisdakik.com\/index.php?rest_route=%2Fwp%2Fv2%2Fcategories&post=24506"},{"taxonomy":"post_tag","embeddable":true,"href":"https:\/\/kibrisdakik.com\/index.php?rest_route=%2Fwp%2Fv2%2Ftags&post=24506"}],"curies":[{"name":"wp","href":"https:\/\/api.w.org\/{rel}","templated":true}]}}