{"id":24520,"date":"2023-12-30T13:39:16","date_gmt":"2023-12-30T13:39:16","guid":{"rendered":"https:\/\/kibrisdakik.com\/index.php\/2023\/12\/30\/hava-sicakligi-hafta-boyunca-19-22-derece-dolaylarinda-olacak-2\/"},"modified":"2023-12-30T13:39:16","modified_gmt":"2023-12-30T13:39:16","slug":"hava-sicakligi-hafta-boyunca-19-22-derece-dolaylarinda-olacak-2","status":"publish","type":"post","link":"https:\/\/kibrisdakik.com\/?p=24520","title":{"rendered":"Hava s\u0131cakl\u0131\u011f\u0131 hafta boyunca 19-22 derece dolaylar\u0131nda olacak"},"content":{"rendered":"<p><img decoding=\"async\" src=\"https:\/\/www.kibristurk.com\/images\/haberler\/2023\/12\/hava-sicakligi-hafta-boyunca-19-22-derece-dolaylarinda-olacak-1703926347.webp\" \/><\/p>\n<p>Meteoroloji Dairesi, 30 Aral\u0131k- 5 Ocak tarihlerini kapsayan hava tahmin raporunu a\u00e7\u0131klad\u0131.<\/p>\n<p>Meteoroloji Dairesi\u2019nden yap\u0131lan a\u00e7\u0131klamaya g\u00f6re, bahse konu tarihler aras\u0131nda b\u00f6lge; periyodun ilk g\u00fcnlerinde y\u00fcksek bas\u0131n\u00e7 sistemi, di\u011fer g\u00fcnlerde ise al\u00e7ak bas\u0131n\u00e7 sistemi ile serin ve nemli hava k\u00fctlesinin etkisi alt\u0131nda kalacak. Hava hafta boyunca par\u00e7al\u0131 \u00e7ok bulutlu olacak.<\/p>\n<p>En y\u00fcksek hava s\u0131cakl\u0131\u011f\u0131, genellikle i\u00e7 kesimlerde ve sahillerde 19 &#8211; 22 derece dolaylar\u0131nda seyredecek.<\/p>\n<p>R\u00fczgar, periyodun ilk g\u00fcnlerinde Kuzey ve Do\u011fu, di\u011fer g\u00fcnlerde ise G\u00fcney ve Bat\u0131 y\u00f6nlerden orta kuvvette esecek.<\/p>\n","protected":false},"excerpt":{"rendered":"<p>Meteoroloji Dairesi, 30 Aral\u0131k- 5 Ocak tarihlerini kapsayan hava tahmin raporunu a\u00e7\u0131klad\u0131. Meteoroloji Dairesi\u2019nden yap\u0131lan a\u00e7\u0131klamaya g\u00f6re, bahse konu tarihler aras\u0131nda b\u00f6lge; periyodun ilk g\u00fcnlerinde y\u00fcksek bas\u0131n\u00e7 sistemi, di\u011fer g\u00fcnlerde ise al\u00e7ak bas\u0131n\u00e7 sistemi ile serin ve nemli hava k\u00fctlesinin etkisi alt\u0131nda kalacak. Hava hafta boyunca par\u00e7al\u0131 \u00e7ok bulutlu olacak. En y\u00fcksek hava s\u0131cakl\u0131\u011f\u0131, genellikle<\/p>\n","protected":false},"author":1,"featured_media":24521,"comment_status":"open","ping_status":"open","sticky":false,"template":"","format":"standard","meta":{"footnotes":""},"categories":[86],"tags":[],"class_list":["post-24520","post","type-post","status-publish","format-standard","has-post-thumbnail","hentry","category-turkiye"],"yoast_head":"<!-- This site is optimized with the Yoast SEO plugin v27.4 - https:\/\/yoast.com\/product\/yoast-seo-wordpress\/ -->\n<title>Hava s\u0131cakl\u0131\u011f\u0131 hafta boyunca 19-22 derece dolaylar\u0131nda olacak -<\/title>\n<meta name=\"robots\" content=\"index, follow, max-snippet:-1, max-image-preview:large, max-video-preview:-1\" \/>\n<link rel=\"canonical\" href=\"https:\/\/kibrisdakik.com\/?p=24520\" \/>\n<meta property=\"og:locale\" content=\"tr_TR\" \/>\n<meta property=\"og:type\" content=\"article\" \/>\n<meta property=\"og:title\" content=\"Hava s\u0131cakl\u0131\u011f\u0131 hafta boyunca 19-22 derece dolaylar\u0131nda olacak -\" \/>\n<meta property=\"og:description\" content=\"Meteoroloji Dairesi, 30 Aral\u0131k- 5 Ocak tarihlerini kapsayan hava tahmin raporunu a\u00e7\u0131klad\u0131. Meteoroloji Dairesi\u2019nden yap\u0131lan a\u00e7\u0131klamaya g\u00f6re, bahse konu tarihler aras\u0131nda b\u00f6lge; periyodun ilk g\u00fcnlerinde y\u00fcksek bas\u0131n\u00e7 sistemi, di\u011fer g\u00fcnlerde ise al\u00e7ak bas\u0131n\u00e7 sistemi ile serin ve nemli hava k\u00fctlesinin etkisi alt\u0131nda kalacak. Hava hafta boyunca par\u00e7al\u0131 \u00e7ok bulutlu olacak. En y\u00fcksek hava s\u0131cakl\u0131\u011f\u0131, genellikle\" \/>\n<meta property=\"og:url\" content=\"https:\/\/kibrisdakik.com\/?p=24520\" \/>\n<meta property=\"article:published_time\" content=\"2023-12-30T13:39:16+00:00\" \/>\n<meta property=\"og:image\" content=\"https:\/\/kibrisdakik.com\/wp-content\/uploads\/2023\/12\/hava-sicakligi-hafta-boyunca-19-22-derece-dolaylarinda-olacak-1703926347.webp.webp\" \/>\n\t<meta property=\"og:image:width\" content=\"710\" \/>\n\t<meta property=\"og:image:height\" content=\"370\" \/>\n\t<meta property=\"og:image:type\" content=\"image\/webp\" \/>\n<meta name=\"author\" content=\"admin\" \/>\n<meta name=\"twitter:card\" content=\"summary_large_image\" \/>\n<meta name=\"twitter:label1\" content=\"Yazan:\" \/>\n\t<meta name=\"twitter:data1\" content=\"admin\" \/>\n\t<meta name=\"twitter:label2\" content=\"Tahmini okuma s\u00fcresi\" \/>\n\t<meta name=\"twitter:data2\" content=\"1 dakika\" \/>\n<script type=\"application\/ld+json\" class=\"yoast-schema-graph\">{\"@context\":\"https:\\\/\\\/schema.org\",\"@graph\":[{\"@type\":\"Article\",\"@id\":\"https:\\\/\\\/kibrisdakik.com\\\/?p=24520#article\",\"isPartOf\":{\"@id\":\"https:\\\/\\\/kibrisdakik.com\\\/?p=24520\"},\"author\":{\"name\":\"admin\",\"@id\":\"https:\\\/\\\/kibrisdakik.com\\\/#\\\/schema\\\/person\\\/9cd9d437bbb44f72b73ba127e06d8e79\"},\"headline\":\"Hava s\u0131cakl\u0131\u011f\u0131 hafta boyunca 19-22 derece dolaylar\u0131nda olacak\",\"datePublished\":\"2023-12-30T13:39:16+00:00\",\"mainEntityOfPage\":{\"@id\":\"https:\\\/\\\/kibrisdakik.com\\\/?p=24520\"},\"wordCount\":116,\"commentCount\":0,\"image\":{\"@id\":\"https:\\\/\\\/kibrisdakik.com\\\/?p=24520#primaryimage\"},\"thumbnailUrl\":\"https:\\\/\\\/kibrisdakik.com\\\/wp-content\\\/uploads\\\/2023\\\/12\\\/hava-sicakligi-hafta-boyunca-19-22-derece-dolaylarinda-olacak-1703926347.webp.webp\",\"articleSection\":[\"T\u00fcrkiye\"],\"inLanguage\":\"tr\",\"potentialAction\":[{\"@type\":\"CommentAction\",\"name\":\"Comment\",\"target\":[\"https:\\\/\\\/kibrisdakik.com\\\/?p=24520#respond\"]}]},{\"@type\":\"WebPage\",\"@id\":\"https:\\\/\\\/kibrisdakik.com\\\/?p=24520\",\"url\":\"https:\\\/\\\/kibrisdakik.com\\\/?p=24520\",\"name\":\"Hava s\u0131cakl\u0131\u011f\u0131 hafta boyunca 19-22 derece dolaylar\u0131nda olacak -\",\"isPartOf\":{\"@id\":\"https:\\\/\\\/kibrisdakik.com\\\/#website\"},\"primaryImageOfPage\":{\"@id\":\"https:\\\/\\\/kibrisdakik.com\\\/?p=24520#primaryimage\"},\"image\":{\"@id\":\"https:\\\/\\\/kibrisdakik.com\\\/?p=24520#primaryimage\"},\"thumbnailUrl\":\"https:\\\/\\\/kibrisdakik.com\\\/wp-content\\\/uploads\\\/2023\\\/12\\\/hava-sicakligi-hafta-boyunca-19-22-derece-dolaylarinda-olacak-1703926347.webp.webp\",\"datePublished\":\"2023-12-30T13:39:16+00:00\",\"author\":{\"@id\":\"https:\\\/\\\/kibrisdakik.com\\\/#\\\/schema\\\/person\\\/9cd9d437bbb44f72b73ba127e06d8e79\"},\"breadcrumb\":{\"@id\":\"https:\\\/\\\/kibrisdakik.com\\\/?p=24520#breadcrumb\"},\"inLanguage\":\"tr\",\"potentialAction\":[{\"@type\":\"ReadAction\",\"target\":[\"https:\\\/\\\/kibrisdakik.com\\\/?p=24520\"]}]},{\"@type\":\"ImageObject\",\"inLanguage\":\"tr\",\"@id\":\"https:\\\/\\\/kibrisdakik.com\\\/?p=24520#primaryimage\",\"url\":\"https:\\\/\\\/kibrisdakik.com\\\/wp-content\\\/uploads\\\/2023\\\/12\\\/hava-sicakligi-hafta-boyunca-19-22-derece-dolaylarinda-olacak-1703926347.webp.webp\",\"contentUrl\":\"https:\\\/\\\/kibrisdakik.com\\\/wp-content\\\/uploads\\\/2023\\\/12\\\/hava-sicakligi-hafta-boyunca-19-22-derece-dolaylarinda-olacak-1703926347.webp.webp\",\"width\":710,\"height\":370},{\"@type\":\"BreadcrumbList\",\"@id\":\"https:\\\/\\\/kibrisdakik.com\\\/?p=24520#breadcrumb\",\"itemListElement\":[{\"@type\":\"ListItem\",\"position\":1,\"name\":\"Home\",\"item\":\"https:\\\/\\\/kibrisdakik.com\\\/\"},{\"@type\":\"ListItem\",\"position\":2,\"name\":\"Hava s\u0131cakl\u0131\u011f\u0131 hafta boyunca 19-22 derece dolaylar\u0131nda olacak\"}]},{\"@type\":\"WebSite\",\"@id\":\"https:\\\/\\\/kibrisdakik.com\\\/#website\",\"url\":\"https:\\\/\\\/kibrisdakik.com\\\/\",\"name\":\"\",\"description\":\"Tam vaktinde haber\",\"potentialAction\":[{\"@type\":\"SearchAction\",\"target\":{\"@type\":\"EntryPoint\",\"urlTemplate\":\"https:\\\/\\\/kibrisdakik.com\\\/?s={search_term_string}\"},\"query-input\":{\"@type\":\"PropertyValueSpecification\",\"valueRequired\":true,\"valueName\":\"search_term_string\"}}],\"inLanguage\":\"tr\"},{\"@type\":\"Person\",\"@id\":\"https:\\\/\\\/kibrisdakik.com\\\/#\\\/schema\\\/person\\\/9cd9d437bbb44f72b73ba127e06d8e79\",\"name\":\"admin\",\"image\":{\"@type\":\"ImageObject\",\"inLanguage\":\"tr\",\"@id\":\"https:\\\/\\\/secure.gravatar.com\\\/avatar\\\/ccc17943b9d660506c869530f897617f7cb1c21a4bf30023f252596d83e1f007?s=96&d=mm&r=g\",\"url\":\"https:\\\/\\\/secure.gravatar.com\\\/avatar\\\/ccc17943b9d660506c869530f897617f7cb1c21a4bf30023f252596d83e1f007?s=96&d=mm&r=g\",\"contentUrl\":\"https:\\\/\\\/secure.gravatar.com\\\/avatar\\\/ccc17943b9d660506c869530f897617f7cb1c21a4bf30023f252596d83e1f007?s=96&d=mm&r=g\",\"caption\":\"admin\"},\"sameAs\":[\"https:\\\/\\\/kibrisdakik.com\"],\"url\":\"https:\\\/\\\/kibrisdakik.com\\\/?author=1\"}]}<\/script>\n<!-- \/ Yoast SEO plugin. -->","yoast_head_json":{"title":"Hava s\u0131cakl\u0131\u011f\u0131 hafta boyunca 19-22 derece dolaylar\u0131nda olacak -","robots":{"index":"index","follow":"follow","max-snippet":"max-snippet:-1","max-image-preview":"max-image-preview:large","max-video-preview":"max-video-preview:-1"},"canonical":"https:\/\/kibrisdakik.com\/?p=24520","og_locale":"tr_TR","og_type":"article","og_title":"Hava s\u0131cakl\u0131\u011f\u0131 hafta boyunca 19-22 derece dolaylar\u0131nda olacak -","og_description":"Meteoroloji Dairesi, 30 Aral\u0131k- 5 Ocak tarihlerini kapsayan hava tahmin raporunu a\u00e7\u0131klad\u0131. Meteoroloji Dairesi\u2019nden yap\u0131lan a\u00e7\u0131klamaya g\u00f6re, bahse konu tarihler aras\u0131nda b\u00f6lge; periyodun ilk g\u00fcnlerinde y\u00fcksek bas\u0131n\u00e7 sistemi, di\u011fer g\u00fcnlerde ise al\u00e7ak bas\u0131n\u00e7 sistemi ile serin ve nemli hava k\u00fctlesinin etkisi alt\u0131nda kalacak. Hava hafta boyunca par\u00e7al\u0131 \u00e7ok bulutlu olacak. En y\u00fcksek hava s\u0131cakl\u0131\u011f\u0131, genellikle","og_url":"https:\/\/kibrisdakik.com\/?p=24520","article_published_time":"2023-12-30T13:39:16+00:00","og_image":[{"width":710,"height":370,"url":"https:\/\/kibrisdakik.com\/wp-content\/uploads\/2023\/12\/hava-sicakligi-hafta-boyunca-19-22-derece-dolaylarinda-olacak-1703926347.webp.webp","type":"image\/webp"}],"author":"admin","twitter_card":"summary_large_image","twitter_misc":{"Yazan:":"admin","Tahmini okuma s\u00fcresi":"1 dakika"},"schema":{"@context":"https:\/\/schema.org","@graph":[{"@type":"Article","@id":"https:\/\/kibrisdakik.com\/?p=24520#article","isPartOf":{"@id":"https:\/\/kibrisdakik.com\/?p=24520"},"author":{"name":"admin","@id":"https:\/\/kibrisdakik.com\/#\/schema\/person\/9cd9d437bbb44f72b73ba127e06d8e79"},"headline":"Hava s\u0131cakl\u0131\u011f\u0131 hafta boyunca 19-22 derece dolaylar\u0131nda olacak","datePublished":"2023-12-30T13:39:16+00:00","mainEntityOfPage":{"@id":"https:\/\/kibrisdakik.com\/?p=24520"},"wordCount":116,"commentCount":0,"image":{"@id":"https:\/\/kibrisdakik.com\/?p=24520#primaryimage"},"thumbnailUrl":"https:\/\/kibrisdakik.com\/wp-content\/uploads\/2023\/12\/hava-sicakligi-hafta-boyunca-19-22-derece-dolaylarinda-olacak-1703926347.webp.webp","articleSection":["T\u00fcrkiye"],"inLanguage":"tr","potentialAction":[{"@type":"CommentAction","name":"Comment","target":["https:\/\/kibrisdakik.com\/?p=24520#respond"]}]},{"@type":"WebPage","@id":"https:\/\/kibrisdakik.com\/?p=24520","url":"https:\/\/kibrisdakik.com\/?p=24520","name":"Hava s\u0131cakl\u0131\u011f\u0131 hafta boyunca 19-22 derece dolaylar\u0131nda olacak -","isPartOf":{"@id":"https:\/\/kibrisdakik.com\/#website"},"primaryImageOfPage":{"@id":"https:\/\/kibrisdakik.com\/?p=24520#primaryimage"},"image":{"@id":"https:\/\/kibrisdakik.com\/?p=24520#primaryimage"},"thumbnailUrl":"https:\/\/kibrisdakik.com\/wp-content\/uploads\/2023\/12\/hava-sicakligi-hafta-boyunca-19-22-derece-dolaylarinda-olacak-1703926347.webp.webp","datePublished":"2023-12-30T13:39:16+00:00","author":{"@id":"https:\/\/kibrisdakik.com\/#\/schema\/person\/9cd9d437bbb44f72b73ba127e06d8e79"},"breadcrumb":{"@id":"https:\/\/kibrisdakik.com\/?p=24520#breadcrumb"},"inLanguage":"tr","potentialAction":[{"@type":"ReadAction","target":["https:\/\/kibrisdakik.com\/?p=24520"]}]},{"@type":"ImageObject","inLanguage":"tr","@id":"https:\/\/kibrisdakik.com\/?p=24520#primaryimage","url":"https:\/\/kibrisdakik.com\/wp-content\/uploads\/2023\/12\/hava-sicakligi-hafta-boyunca-19-22-derece-dolaylarinda-olacak-1703926347.webp.webp","contentUrl":"https:\/\/kibrisdakik.com\/wp-content\/uploads\/2023\/12\/hava-sicakligi-hafta-boyunca-19-22-derece-dolaylarinda-olacak-1703926347.webp.webp","width":710,"height":370},{"@type":"BreadcrumbList","@id":"https:\/\/kibrisdakik.com\/?p=24520#breadcrumb","itemListElement":[{"@type":"ListItem","position":1,"name":"Home","item":"https:\/\/kibrisdakik.com\/"},{"@type":"ListItem","position":2,"name":"Hava s\u0131cakl\u0131\u011f\u0131 hafta boyunca 19-22 derece dolaylar\u0131nda olacak"}]},{"@type":"WebSite","@id":"https:\/\/kibrisdakik.com\/#website","url":"https:\/\/kibrisdakik.com\/","name":"","description":"Tam vaktinde haber","potentialAction":[{"@type":"SearchAction","target":{"@type":"EntryPoint","urlTemplate":"https:\/\/kibrisdakik.com\/?s={search_term_string}"},"query-input":{"@type":"PropertyValueSpecification","valueRequired":true,"valueName":"search_term_string"}}],"inLanguage":"tr"},{"@type":"Person","@id":"https:\/\/kibrisdakik.com\/#\/schema\/person\/9cd9d437bbb44f72b73ba127e06d8e79","name":"admin","image":{"@type":"ImageObject","inLanguage":"tr","@id":"https:\/\/secure.gravatar.com\/avatar\/ccc17943b9d660506c869530f897617f7cb1c21a4bf30023f252596d83e1f007?s=96&d=mm&r=g","url":"https:\/\/secure.gravatar.com\/avatar\/ccc17943b9d660506c869530f897617f7cb1c21a4bf30023f252596d83e1f007?s=96&d=mm&r=g","contentUrl":"https:\/\/secure.gravatar.com\/avatar\/ccc17943b9d660506c869530f897617f7cb1c21a4bf30023f252596d83e1f007?s=96&d=mm&r=g","caption":"admin"},"sameAs":["https:\/\/kibrisdakik.com"],"url":"https:\/\/kibrisdakik.com\/?author=1"}]}},"_links":{"self":[{"href":"https:\/\/kibrisdakik.com\/index.php?rest_route=\/wp\/v2\/posts\/24520","targetHints":{"allow":["GET"]}}],"collection":[{"href":"https:\/\/kibrisdakik.com\/index.php?rest_route=\/wp\/v2\/posts"}],"about":[{"href":"https:\/\/kibrisdakik.com\/index.php?rest_route=\/wp\/v2\/types\/post"}],"author":[{"embeddable":true,"href":"https:\/\/kibrisdakik.com\/index.php?rest_route=\/wp\/v2\/users\/1"}],"replies":[{"embeddable":true,"href":"https:\/\/kibrisdakik.com\/index.php?rest_route=%2Fwp%2Fv2%2Fcomments&post=24520"}],"version-history":[{"count":0,"href":"https:\/\/kibrisdakik.com\/index.php?rest_route=\/wp\/v2\/posts\/24520\/revisions"}],"wp:featuredmedia":[{"embeddable":true,"href":"https:\/\/kibrisdakik.com\/index.php?rest_route=\/wp\/v2\/media\/24521"}],"wp:attachment":[{"href":"https:\/\/kibrisdakik.com\/index.php?rest_route=%2Fwp%2Fv2%2Fmedia&parent=24520"}],"wp:term":[{"taxonomy":"category","embeddable":true,"href":"https:\/\/kibrisdakik.com\/index.php?rest_route=%2Fwp%2Fv2%2Fcategories&post=24520"},{"taxonomy":"post_tag","embeddable":true,"href":"https:\/\/kibrisdakik.com\/index.php?rest_route=%2Fwp%2Fv2%2Ftags&post=24520"}],"curies":[{"name":"wp","href":"https:\/\/api.w.org\/{rel}","templated":true}]}}