{"id":24536,"date":"2023-12-30T15:06:00","date_gmt":"2023-12-30T15:06:00","guid":{"rendered":"https:\/\/kibrisdakik.com\/index.php\/2023\/12\/30\/sivasta-ilginc-kaza-ikinci-kata-kamyon-carpti\/"},"modified":"2023-12-30T15:06:00","modified_gmt":"2023-12-30T15:06:00","slug":"sivasta-ilginc-kaza-ikinci-kata-kamyon-carpti","status":"publish","type":"post","link":"https:\/\/kibrisdakik.com\/?p=24536","title":{"rendered":"Sivas&#039;ta ilgin\u00e7 kaza: \u0130kinci kata kamyon \u00e7arpt\u0131"},"content":{"rendered":"<p><img decoding=\"async\" src=\"https:\/\/www.kibristurk.com\/images\/haberler\/2023\/12\/sivasta-ilginc-kaza-ikinci-kata-kamyon-carpti-1703947281.webp\" \/><\/p>\n<p>Sivas&nbsp;g\u00f6renleri hayrete d\u00fc\u015f\u00fcren bir kazaya sahne oldu.<\/p>\n<p>Koyunhisar il\u00e7esinde M.G. y\u00f6netimindeki kamyon, Orta Mahalle \u00dc\u00e7yol mevkiinde kontrol \u00e7\u0131karak yoldan a\u015fa\u011f\u0131da kalan 2 katl\u0131 evin \u00fcst kat duvar\u0131na \u00e7arp\u0131p, binan\u0131n yan\u0131na d\u00fc\u015ft\u00fc.<\/p>\n<p><strong>S\u00fcr\u00fcc\u00fc a\u011f\u0131r yaraland\u0131<\/strong><\/p>\n<p>Bilgi verilmesi \u00fczerine olay yerine sa\u011fl\u0131k, itfaiye ve polis ekipleri sevk edildi.<\/p>\n<p>Kazada a\u011f\u0131r yaralanan M.G, kald\u0131r\u0131ld\u0131\u011f\u0131 Koyulhisar \u0130l\u00e7e Hastanesindeki ilk m\u00fcdahalenin ard\u0131ndan Sivas&#8217;a sevk edildi.<\/p>\n<p>Bu arada, kaza nedeniyle ikinci kattaki evin duvar\u0131n\u0131n y\u0131k\u0131ld\u0131\u011f\u0131 g\u00f6r\u00fcld\u00fc.<\/p>\n<p>&nbsp;<\/p>\n","protected":false},"excerpt":{"rendered":"<p>Sivas&nbsp;g\u00f6renleri hayrete d\u00fc\u015f\u00fcren bir kazaya sahne oldu. Koyunhisar il\u00e7esinde M.G. y\u00f6netimindeki kamyon, Orta Mahalle \u00dc\u00e7yol mevkiinde kontrol \u00e7\u0131karak yoldan a\u015fa\u011f\u0131da kalan 2 katl\u0131 evin \u00fcst kat duvar\u0131na \u00e7arp\u0131p, binan\u0131n yan\u0131na d\u00fc\u015ft\u00fc. S\u00fcr\u00fcc\u00fc a\u011f\u0131r yaraland\u0131 Bilgi verilmesi \u00fczerine olay yerine sa\u011fl\u0131k, itfaiye ve polis ekipleri sevk edildi. Kazada a\u011f\u0131r yaralanan M.G, kald\u0131r\u0131ld\u0131\u011f\u0131 Koyulhisar \u0130l\u00e7e Hastanesindeki ilk<\/p>\n","protected":false},"author":1,"featured_media":24537,"comment_status":"open","ping_status":"open","sticky":false,"template":"","format":"standard","meta":{"footnotes":""},"categories":[85],"tags":[],"class_list":["post-24536","post","type-post","status-publish","format-standard","has-post-thumbnail","hentry","category-spor"],"yoast_head":"<!-- This site is optimized with the Yoast SEO plugin v27.4 - https:\/\/yoast.com\/product\/yoast-seo-wordpress\/ -->\n<title>Sivas&#039;ta ilgin\u00e7 kaza: \u0130kinci kata kamyon \u00e7arpt\u0131 -<\/title>\n<meta name=\"robots\" content=\"index, follow, max-snippet:-1, max-image-preview:large, max-video-preview:-1\" \/>\n<link rel=\"canonical\" href=\"https:\/\/kibrisdakik.com\/?p=24536\" \/>\n<meta property=\"og:locale\" content=\"tr_TR\" \/>\n<meta property=\"og:type\" content=\"article\" \/>\n<meta property=\"og:title\" content=\"Sivas&#039;ta ilgin\u00e7 kaza: \u0130kinci kata kamyon \u00e7arpt\u0131 -\" \/>\n<meta property=\"og:description\" content=\"Sivas&nbsp;g\u00f6renleri hayrete d\u00fc\u015f\u00fcren bir kazaya sahne oldu. Koyunhisar il\u00e7esinde M.G. y\u00f6netimindeki kamyon, Orta Mahalle \u00dc\u00e7yol mevkiinde kontrol \u00e7\u0131karak yoldan a\u015fa\u011f\u0131da kalan 2 katl\u0131 evin \u00fcst kat duvar\u0131na \u00e7arp\u0131p, binan\u0131n yan\u0131na d\u00fc\u015ft\u00fc. S\u00fcr\u00fcc\u00fc a\u011f\u0131r yaraland\u0131 Bilgi verilmesi \u00fczerine olay yerine sa\u011fl\u0131k, itfaiye ve polis ekipleri sevk edildi. Kazada a\u011f\u0131r yaralanan M.G, kald\u0131r\u0131ld\u0131\u011f\u0131 Koyulhisar \u0130l\u00e7e Hastanesindeki ilk\" \/>\n<meta property=\"og:url\" content=\"https:\/\/kibrisdakik.com\/?p=24536\" \/>\n<meta property=\"article:published_time\" content=\"2023-12-30T15:06:00+00:00\" \/>\n<meta property=\"og:image\" content=\"https:\/\/kibrisdakik.com\/wp-content\/uploads\/2023\/12\/sivasta-ilginc-kaza-ikinci-kata-kamyon-carpti-1703947281.webp.webp\" \/>\n\t<meta property=\"og:image:width\" content=\"710\" \/>\n\t<meta property=\"og:image:height\" content=\"370\" \/>\n\t<meta property=\"og:image:type\" content=\"image\/webp\" \/>\n<meta name=\"author\" content=\"admin\" \/>\n<meta name=\"twitter:card\" content=\"summary_large_image\" \/>\n<meta name=\"twitter:label1\" content=\"Yazan:\" \/>\n\t<meta name=\"twitter:data1\" content=\"admin\" \/>\n\t<meta name=\"twitter:label2\" content=\"Tahmini okuma s\u00fcresi\" \/>\n\t<meta name=\"twitter:data2\" content=\"1 dakika\" \/>\n<script type=\"application\/ld+json\" class=\"yoast-schema-graph\">{\"@context\":\"https:\\\/\\\/schema.org\",\"@graph\":[{\"@type\":\"Article\",\"@id\":\"https:\\\/\\\/kibrisdakik.com\\\/?p=24536#article\",\"isPartOf\":{\"@id\":\"https:\\\/\\\/kibrisdakik.com\\\/?p=24536\"},\"author\":{\"name\":\"admin\",\"@id\":\"https:\\\/\\\/kibrisdakik.com\\\/#\\\/schema\\\/person\\\/9cd9d437bbb44f72b73ba127e06d8e79\"},\"headline\":\"Sivas&#039;ta ilgin\u00e7 kaza: \u0130kinci kata kamyon \u00e7arpt\u0131\",\"datePublished\":\"2023-12-30T15:06:00+00:00\",\"mainEntityOfPage\":{\"@id\":\"https:\\\/\\\/kibrisdakik.com\\\/?p=24536\"},\"wordCount\":110,\"commentCount\":0,\"image\":{\"@id\":\"https:\\\/\\\/kibrisdakik.com\\\/?p=24536#primaryimage\"},\"thumbnailUrl\":\"https:\\\/\\\/kibrisdakik.com\\\/wp-content\\\/uploads\\\/2023\\\/12\\\/sivasta-ilginc-kaza-ikinci-kata-kamyon-carpti-1703947281.webp.webp\",\"articleSection\":[\"Spor\"],\"inLanguage\":\"tr\",\"potentialAction\":[{\"@type\":\"CommentAction\",\"name\":\"Comment\",\"target\":[\"https:\\\/\\\/kibrisdakik.com\\\/?p=24536#respond\"]}]},{\"@type\":\"WebPage\",\"@id\":\"https:\\\/\\\/kibrisdakik.com\\\/?p=24536\",\"url\":\"https:\\\/\\\/kibrisdakik.com\\\/?p=24536\",\"name\":\"Sivas&#039;ta ilgin\u00e7 kaza: \u0130kinci kata kamyon \u00e7arpt\u0131 -\",\"isPartOf\":{\"@id\":\"https:\\\/\\\/kibrisdakik.com\\\/#website\"},\"primaryImageOfPage\":{\"@id\":\"https:\\\/\\\/kibrisdakik.com\\\/?p=24536#primaryimage\"},\"image\":{\"@id\":\"https:\\\/\\\/kibrisdakik.com\\\/?p=24536#primaryimage\"},\"thumbnailUrl\":\"https:\\\/\\\/kibrisdakik.com\\\/wp-content\\\/uploads\\\/2023\\\/12\\\/sivasta-ilginc-kaza-ikinci-kata-kamyon-carpti-1703947281.webp.webp\",\"datePublished\":\"2023-12-30T15:06:00+00:00\",\"author\":{\"@id\":\"https:\\\/\\\/kibrisdakik.com\\\/#\\\/schema\\\/person\\\/9cd9d437bbb44f72b73ba127e06d8e79\"},\"breadcrumb\":{\"@id\":\"https:\\\/\\\/kibrisdakik.com\\\/?p=24536#breadcrumb\"},\"inLanguage\":\"tr\",\"potentialAction\":[{\"@type\":\"ReadAction\",\"target\":[\"https:\\\/\\\/kibrisdakik.com\\\/?p=24536\"]}]},{\"@type\":\"ImageObject\",\"inLanguage\":\"tr\",\"@id\":\"https:\\\/\\\/kibrisdakik.com\\\/?p=24536#primaryimage\",\"url\":\"https:\\\/\\\/kibrisdakik.com\\\/wp-content\\\/uploads\\\/2023\\\/12\\\/sivasta-ilginc-kaza-ikinci-kata-kamyon-carpti-1703947281.webp.webp\",\"contentUrl\":\"https:\\\/\\\/kibrisdakik.com\\\/wp-content\\\/uploads\\\/2023\\\/12\\\/sivasta-ilginc-kaza-ikinci-kata-kamyon-carpti-1703947281.webp.webp\",\"width\":710,\"height\":370},{\"@type\":\"BreadcrumbList\",\"@id\":\"https:\\\/\\\/kibrisdakik.com\\\/?p=24536#breadcrumb\",\"itemListElement\":[{\"@type\":\"ListItem\",\"position\":1,\"name\":\"Home\",\"item\":\"https:\\\/\\\/kibrisdakik.com\\\/\"},{\"@type\":\"ListItem\",\"position\":2,\"name\":\"Sivas&#039;ta ilgin\u00e7 kaza: \u0130kinci kata kamyon \u00e7arpt\u0131\"}]},{\"@type\":\"WebSite\",\"@id\":\"https:\\\/\\\/kibrisdakik.com\\\/#website\",\"url\":\"https:\\\/\\\/kibrisdakik.com\\\/\",\"name\":\"\",\"description\":\"Tam vaktinde haber\",\"potentialAction\":[{\"@type\":\"SearchAction\",\"target\":{\"@type\":\"EntryPoint\",\"urlTemplate\":\"https:\\\/\\\/kibrisdakik.com\\\/?s={search_term_string}\"},\"query-input\":{\"@type\":\"PropertyValueSpecification\",\"valueRequired\":true,\"valueName\":\"search_term_string\"}}],\"inLanguage\":\"tr\"},{\"@type\":\"Person\",\"@id\":\"https:\\\/\\\/kibrisdakik.com\\\/#\\\/schema\\\/person\\\/9cd9d437bbb44f72b73ba127e06d8e79\",\"name\":\"admin\",\"image\":{\"@type\":\"ImageObject\",\"inLanguage\":\"tr\",\"@id\":\"https:\\\/\\\/secure.gravatar.com\\\/avatar\\\/ccc17943b9d660506c869530f897617f7cb1c21a4bf30023f252596d83e1f007?s=96&d=mm&r=g\",\"url\":\"https:\\\/\\\/secure.gravatar.com\\\/avatar\\\/ccc17943b9d660506c869530f897617f7cb1c21a4bf30023f252596d83e1f007?s=96&d=mm&r=g\",\"contentUrl\":\"https:\\\/\\\/secure.gravatar.com\\\/avatar\\\/ccc17943b9d660506c869530f897617f7cb1c21a4bf30023f252596d83e1f007?s=96&d=mm&r=g\",\"caption\":\"admin\"},\"sameAs\":[\"https:\\\/\\\/kibrisdakik.com\"],\"url\":\"https:\\\/\\\/kibrisdakik.com\\\/?author=1\"}]}<\/script>\n<!-- \/ Yoast SEO plugin. -->","yoast_head_json":{"title":"Sivas&#039;ta ilgin\u00e7 kaza: \u0130kinci kata kamyon \u00e7arpt\u0131 -","robots":{"index":"index","follow":"follow","max-snippet":"max-snippet:-1","max-image-preview":"max-image-preview:large","max-video-preview":"max-video-preview:-1"},"canonical":"https:\/\/kibrisdakik.com\/?p=24536","og_locale":"tr_TR","og_type":"article","og_title":"Sivas&#039;ta ilgin\u00e7 kaza: \u0130kinci kata kamyon \u00e7arpt\u0131 -","og_description":"Sivas&nbsp;g\u00f6renleri hayrete d\u00fc\u015f\u00fcren bir kazaya sahne oldu. Koyunhisar il\u00e7esinde M.G. y\u00f6netimindeki kamyon, Orta Mahalle \u00dc\u00e7yol mevkiinde kontrol \u00e7\u0131karak yoldan a\u015fa\u011f\u0131da kalan 2 katl\u0131 evin \u00fcst kat duvar\u0131na \u00e7arp\u0131p, binan\u0131n yan\u0131na d\u00fc\u015ft\u00fc. S\u00fcr\u00fcc\u00fc a\u011f\u0131r yaraland\u0131 Bilgi verilmesi \u00fczerine olay yerine sa\u011fl\u0131k, itfaiye ve polis ekipleri sevk edildi. Kazada a\u011f\u0131r yaralanan M.G, kald\u0131r\u0131ld\u0131\u011f\u0131 Koyulhisar \u0130l\u00e7e Hastanesindeki ilk","og_url":"https:\/\/kibrisdakik.com\/?p=24536","article_published_time":"2023-12-30T15:06:00+00:00","og_image":[{"width":710,"height":370,"url":"https:\/\/kibrisdakik.com\/wp-content\/uploads\/2023\/12\/sivasta-ilginc-kaza-ikinci-kata-kamyon-carpti-1703947281.webp.webp","type":"image\/webp"}],"author":"admin","twitter_card":"summary_large_image","twitter_misc":{"Yazan:":"admin","Tahmini okuma s\u00fcresi":"1 dakika"},"schema":{"@context":"https:\/\/schema.org","@graph":[{"@type":"Article","@id":"https:\/\/kibrisdakik.com\/?p=24536#article","isPartOf":{"@id":"https:\/\/kibrisdakik.com\/?p=24536"},"author":{"name":"admin","@id":"https:\/\/kibrisdakik.com\/#\/schema\/person\/9cd9d437bbb44f72b73ba127e06d8e79"},"headline":"Sivas&#039;ta ilgin\u00e7 kaza: \u0130kinci kata kamyon \u00e7arpt\u0131","datePublished":"2023-12-30T15:06:00+00:00","mainEntityOfPage":{"@id":"https:\/\/kibrisdakik.com\/?p=24536"},"wordCount":110,"commentCount":0,"image":{"@id":"https:\/\/kibrisdakik.com\/?p=24536#primaryimage"},"thumbnailUrl":"https:\/\/kibrisdakik.com\/wp-content\/uploads\/2023\/12\/sivasta-ilginc-kaza-ikinci-kata-kamyon-carpti-1703947281.webp.webp","articleSection":["Spor"],"inLanguage":"tr","potentialAction":[{"@type":"CommentAction","name":"Comment","target":["https:\/\/kibrisdakik.com\/?p=24536#respond"]}]},{"@type":"WebPage","@id":"https:\/\/kibrisdakik.com\/?p=24536","url":"https:\/\/kibrisdakik.com\/?p=24536","name":"Sivas&#039;ta ilgin\u00e7 kaza: \u0130kinci kata kamyon \u00e7arpt\u0131 -","isPartOf":{"@id":"https:\/\/kibrisdakik.com\/#website"},"primaryImageOfPage":{"@id":"https:\/\/kibrisdakik.com\/?p=24536#primaryimage"},"image":{"@id":"https:\/\/kibrisdakik.com\/?p=24536#primaryimage"},"thumbnailUrl":"https:\/\/kibrisdakik.com\/wp-content\/uploads\/2023\/12\/sivasta-ilginc-kaza-ikinci-kata-kamyon-carpti-1703947281.webp.webp","datePublished":"2023-12-30T15:06:00+00:00","author":{"@id":"https:\/\/kibrisdakik.com\/#\/schema\/person\/9cd9d437bbb44f72b73ba127e06d8e79"},"breadcrumb":{"@id":"https:\/\/kibrisdakik.com\/?p=24536#breadcrumb"},"inLanguage":"tr","potentialAction":[{"@type":"ReadAction","target":["https:\/\/kibrisdakik.com\/?p=24536"]}]},{"@type":"ImageObject","inLanguage":"tr","@id":"https:\/\/kibrisdakik.com\/?p=24536#primaryimage","url":"https:\/\/kibrisdakik.com\/wp-content\/uploads\/2023\/12\/sivasta-ilginc-kaza-ikinci-kata-kamyon-carpti-1703947281.webp.webp","contentUrl":"https:\/\/kibrisdakik.com\/wp-content\/uploads\/2023\/12\/sivasta-ilginc-kaza-ikinci-kata-kamyon-carpti-1703947281.webp.webp","width":710,"height":370},{"@type":"BreadcrumbList","@id":"https:\/\/kibrisdakik.com\/?p=24536#breadcrumb","itemListElement":[{"@type":"ListItem","position":1,"name":"Home","item":"https:\/\/kibrisdakik.com\/"},{"@type":"ListItem","position":2,"name":"Sivas&#039;ta ilgin\u00e7 kaza: \u0130kinci kata kamyon \u00e7arpt\u0131"}]},{"@type":"WebSite","@id":"https:\/\/kibrisdakik.com\/#website","url":"https:\/\/kibrisdakik.com\/","name":"","description":"Tam vaktinde haber","potentialAction":[{"@type":"SearchAction","target":{"@type":"EntryPoint","urlTemplate":"https:\/\/kibrisdakik.com\/?s={search_term_string}"},"query-input":{"@type":"PropertyValueSpecification","valueRequired":true,"valueName":"search_term_string"}}],"inLanguage":"tr"},{"@type":"Person","@id":"https:\/\/kibrisdakik.com\/#\/schema\/person\/9cd9d437bbb44f72b73ba127e06d8e79","name":"admin","image":{"@type":"ImageObject","inLanguage":"tr","@id":"https:\/\/secure.gravatar.com\/avatar\/ccc17943b9d660506c869530f897617f7cb1c21a4bf30023f252596d83e1f007?s=96&d=mm&r=g","url":"https:\/\/secure.gravatar.com\/avatar\/ccc17943b9d660506c869530f897617f7cb1c21a4bf30023f252596d83e1f007?s=96&d=mm&r=g","contentUrl":"https:\/\/secure.gravatar.com\/avatar\/ccc17943b9d660506c869530f897617f7cb1c21a4bf30023f252596d83e1f007?s=96&d=mm&r=g","caption":"admin"},"sameAs":["https:\/\/kibrisdakik.com"],"url":"https:\/\/kibrisdakik.com\/?author=1"}]}},"_links":{"self":[{"href":"https:\/\/kibrisdakik.com\/index.php?rest_route=\/wp\/v2\/posts\/24536","targetHints":{"allow":["GET"]}}],"collection":[{"href":"https:\/\/kibrisdakik.com\/index.php?rest_route=\/wp\/v2\/posts"}],"about":[{"href":"https:\/\/kibrisdakik.com\/index.php?rest_route=\/wp\/v2\/types\/post"}],"author":[{"embeddable":true,"href":"https:\/\/kibrisdakik.com\/index.php?rest_route=\/wp\/v2\/users\/1"}],"replies":[{"embeddable":true,"href":"https:\/\/kibrisdakik.com\/index.php?rest_route=%2Fwp%2Fv2%2Fcomments&post=24536"}],"version-history":[{"count":0,"href":"https:\/\/kibrisdakik.com\/index.php?rest_route=\/wp\/v2\/posts\/24536\/revisions"}],"wp:featuredmedia":[{"embeddable":true,"href":"https:\/\/kibrisdakik.com\/index.php?rest_route=\/wp\/v2\/media\/24537"}],"wp:attachment":[{"href":"https:\/\/kibrisdakik.com\/index.php?rest_route=%2Fwp%2Fv2%2Fmedia&parent=24536"}],"wp:term":[{"taxonomy":"category","embeddable":true,"href":"https:\/\/kibrisdakik.com\/index.php?rest_route=%2Fwp%2Fv2%2Fcategories&post=24536"},{"taxonomy":"post_tag","embeddable":true,"href":"https:\/\/kibrisdakik.com\/index.php?rest_route=%2Fwp%2Fv2%2Ftags&post=24536"}],"curies":[{"name":"wp","href":"https:\/\/api.w.org\/{rel}","templated":true}]}}