{"id":24592,"date":"2023-12-31T10:25:09","date_gmt":"2023-12-31T10:25:09","guid":{"rendered":"https:\/\/kibrisdakik.com\/index.php\/2023\/12\/31\/ataoglu-umut-dolu-yarinlari-karsilamanin-mutlulugunu-yasiyoruz\/"},"modified":"2023-12-31T10:25:09","modified_gmt":"2023-12-31T10:25:09","slug":"ataoglu-umut-dolu-yarinlari-karsilamanin-mutlulugunu-yasiyoruz","status":"publish","type":"post","link":"https:\/\/kibrisdakik.com\/?p=24592","title":{"rendered":"Atao\u011flu: \u201cUmut dolu yar\u0131nlar\u0131 kar\u015f\u0131laman\u0131n mutlulu\u011funu ya\u015f\u0131yoruz\u201d"},"content":{"rendered":"<p><img decoding=\"async\" src=\"https:\/\/www.kibristurk.com\/images\/haberler\/2023\/12\/ataoglu-umut-dolu-yarinlari-karsilamanin-mutlulugunu-yasiyoruz-1704017677.webp\" \/><\/p>\n<p><span style=\"font-size:11pt\"><span style=\"background-color:white\"><span style=\"font-family:Calibri,sans-serif\"><span style=\"font-size:13.0pt\"><span style=\"color:black\">Ba\u015fbakan Yard\u0131mc\u0131s\u0131, Turizm, K\u00fclt\u00fcr, Gen\u00e7lik ve \u00c7evre Bakan\u0131, Demokrat Parti (DP) Genel Ba\u015fkan\u0131 Fikri Atao\u011flu, yeni y\u0131l\u0131n sa\u011fl\u0131k, huzur ve mutluluk getirmesi temenni ederek, \u201cUmut dolu yar\u0131nlar\u0131 kar\u015f\u0131laman\u0131n mutlulu\u011funu ya\u015f\u0131yoruz\u201d dedi.<\/span><\/span><\/span><\/span><\/span><\/p>\n<p><span style=\"font-size:11pt\"><span style=\"background-color:white\"><span style=\"font-family:Calibri,sans-serif\"><span style=\"font-size:13.0pt\"><span style=\"color:black\">Ba\u015fbakan Yard\u0131mc\u0131s\u0131, Turizm, K\u00fclt\u00fcr, Gen\u00e7lik ve \u00c7evre Bakan\u0131, DP Genel Ba\u015fkan\u0131 Fikri Atao\u011flu, yeni y\u0131l dolay\u0131s\u0131yla mesaj yay\u0131mlad\u0131.<\/span><\/span><\/span><\/span><\/span><\/p>\n<p><span style=\"font-size:11pt\"><span style=\"background-color:white\"><span style=\"font-family:Calibri,sans-serif\"><span style=\"font-size:13.0pt\"><span style=\"color:black\">DP\u2019den yap\u0131lan a\u00e7\u0131klamaya g\u00f6re, Atao\u011flu mesaj\u0131nda \u015fu ifadelere yer verdi:<\/span><\/span><\/span><\/span><\/span><\/p>\n<p><span style=\"font-size:11pt\"><span style=\"background-color:white\"><span style=\"font-family:Calibri,sans-serif\"><span style=\"font-size:13.0pt\"><span style=\"color:black\">\u201c2023 y\u0131l\u0131n\u0131n son saatlerine yakla\u015f\u0131rken, umut dolu yar\u0131nlar\u0131 kar\u015f\u0131laman\u0131n mutlulu\u011funu ya\u015f\u0131yoruz. 2023&#8217;\u00fcn getirdi\u011fi deneyimlerle dolu bu anlaml\u0131 son saatlerde, yeni bir y\u0131l\u0131n ba\u015flang\u0131c\u0131na hep birlikte &#8220;merhaba&#8221; demek i\u00e7in haz\u0131rlan\u0131yoruz.<\/span><\/span><\/span><\/span><\/span><\/p>\n<p><span style=\"font-size:11pt\"><span style=\"background-color:white\"><span style=\"font-family:Calibri,sans-serif\"><span style=\"font-size:13.0pt\"><span style=\"color:black\">Yeni y\u0131l\u0131n, sa\u011fl\u0131k, huzur ve mutluluk getirmesi temennisiyle; nice g\u00fczelliklere, ba\u015far\u0131lara ve ayd\u0131nl\u0131k yar\u0131nlara kucak a\u00e7aca\u011f\u0131m\u0131z bir y\u0131l olmas\u0131n\u0131 diliyorum. Birlikte daha nice projelere imza atarak, g\u00fczel Kuzey K\u0131br\u0131s T\u00fcrk Cumhuriyeti&#8217;mizi daha da ileri ta\u015f\u0131mak i\u00e7in azim ve kararl\u0131l\u0131kla \u00e7al\u0131\u015faca\u011f\u0131m\u0131z inanc\u0131m\u0131z\u0131 yineliyor, yeni y\u0131l\u0131n\u0131z\u0131 en i\u00e7ten dileklerimle kutluyorum.<\/span><\/span><\/span><\/span><\/span><\/p>\n<p><span style=\"font-size:11pt\"><span style=\"background-color:white\"><span style=\"font-family:Calibri,sans-serif\"><span style=\"font-size:13.0pt\"><span style=\"color:black\">Gelecek, hep birlikte daha g\u00fc\u00e7l\u00fc, daha ayd\u0131nl\u0131k g\u00fcnlerle dolu olsun. Sa\u011fl\u0131kl\u0131, mutlu ve ba\u015far\u0131l\u0131 bir y\u0131l ge\u00e7irmeniz dile\u011fiyle.\u201d<\/span><\/span><\/span><\/span><\/span><\/p>\n<p>&nbsp;<\/p>\n","protected":false},"excerpt":{"rendered":"<p>Ba\u015fbakan Yard\u0131mc\u0131s\u0131, Turizm, K\u00fclt\u00fcr, Gen\u00e7lik ve \u00c7evre Bakan\u0131, Demokrat Parti (DP) Genel Ba\u015fkan\u0131 Fikri Atao\u011flu, yeni y\u0131l\u0131n sa\u011fl\u0131k, huzur ve mutluluk getirmesi temenni ederek, \u201cUmut dolu yar\u0131nlar\u0131 kar\u015f\u0131laman\u0131n mutlulu\u011funu ya\u015f\u0131yoruz\u201d dedi. Ba\u015fbakan Yard\u0131mc\u0131s\u0131, Turizm, K\u00fclt\u00fcr, Gen\u00e7lik ve \u00c7evre Bakan\u0131, DP Genel Ba\u015fkan\u0131 Fikri Atao\u011flu, yeni y\u0131l dolay\u0131s\u0131yla mesaj yay\u0131mlad\u0131. DP\u2019den yap\u0131lan a\u00e7\u0131klamaya g\u00f6re, Atao\u011flu mesaj\u0131nda<\/p>\n","protected":false},"author":1,"featured_media":24593,"comment_status":"open","ping_status":"open","sticky":false,"template":"","format":"standard","meta":{"footnotes":""},"categories":[1],"tags":[],"class_list":["post-24592","post","type-post","status-publish","format-standard","has-post-thumbnail","hentry","category-gundem"],"yoast_head":"<!-- This site is optimized with the Yoast SEO plugin v27.5 - https:\/\/yoast.com\/product\/yoast-seo-wordpress\/ -->\n<title>Atao\u011flu: \u201cUmut dolu yar\u0131nlar\u0131 kar\u015f\u0131laman\u0131n mutlulu\u011funu ya\u015f\u0131yoruz\u201d -<\/title>\n<meta name=\"robots\" content=\"index, follow, max-snippet:-1, max-image-preview:large, max-video-preview:-1\" \/>\n<link rel=\"canonical\" href=\"https:\/\/kibrisdakik.com\/?p=24592\" \/>\n<meta property=\"og:locale\" content=\"tr_TR\" \/>\n<meta property=\"og:type\" content=\"article\" \/>\n<meta property=\"og:title\" content=\"Atao\u011flu: \u201cUmut dolu yar\u0131nlar\u0131 kar\u015f\u0131laman\u0131n mutlulu\u011funu ya\u015f\u0131yoruz\u201d -\" \/>\n<meta property=\"og:description\" content=\"Ba\u015fbakan Yard\u0131mc\u0131s\u0131, Turizm, K\u00fclt\u00fcr, Gen\u00e7lik ve \u00c7evre Bakan\u0131, Demokrat Parti (DP) Genel Ba\u015fkan\u0131 Fikri Atao\u011flu, yeni y\u0131l\u0131n sa\u011fl\u0131k, huzur ve mutluluk getirmesi temenni ederek, \u201cUmut dolu yar\u0131nlar\u0131 kar\u015f\u0131laman\u0131n mutlulu\u011funu ya\u015f\u0131yoruz\u201d dedi. Ba\u015fbakan Yard\u0131mc\u0131s\u0131, Turizm, K\u00fclt\u00fcr, Gen\u00e7lik ve \u00c7evre Bakan\u0131, DP Genel Ba\u015fkan\u0131 Fikri Atao\u011flu, yeni y\u0131l dolay\u0131s\u0131yla mesaj yay\u0131mlad\u0131. DP\u2019den yap\u0131lan a\u00e7\u0131klamaya g\u00f6re, Atao\u011flu mesaj\u0131nda\" \/>\n<meta property=\"og:url\" content=\"https:\/\/kibrisdakik.com\/?p=24592\" \/>\n<meta property=\"article:published_time\" content=\"2023-12-31T10:25:09+00:00\" \/>\n<meta property=\"og:image\" content=\"https:\/\/kibrisdakik.com\/wp-content\/uploads\/2023\/12\/ataoglu-umut-dolu-yarinlari-karsilamanin-mutlulugunu-yasiyoruz-1704017677.webp.webp\" \/>\n\t<meta property=\"og:image:width\" content=\"710\" \/>\n\t<meta property=\"og:image:height\" content=\"370\" \/>\n\t<meta property=\"og:image:type\" content=\"image\/webp\" \/>\n<meta name=\"author\" content=\"admin\" \/>\n<meta name=\"twitter:card\" content=\"summary_large_image\" \/>\n<meta name=\"twitter:label1\" content=\"Yazan:\" \/>\n\t<meta name=\"twitter:data1\" content=\"admin\" \/>\n\t<meta name=\"twitter:label2\" content=\"Tahmini okuma s\u00fcresi\" \/>\n\t<meta name=\"twitter:data2\" content=\"1 dakika\" \/>\n<script type=\"application\/ld+json\" class=\"yoast-schema-graph\">{\"@context\":\"https:\\\/\\\/schema.org\",\"@graph\":[{\"@type\":\"Article\",\"@id\":\"https:\\\/\\\/kibrisdakik.com\\\/?p=24592#article\",\"isPartOf\":{\"@id\":\"https:\\\/\\\/kibrisdakik.com\\\/?p=24592\"},\"author\":{\"name\":\"admin\",\"@id\":\"https:\\\/\\\/kibrisdakik.com\\\/#\\\/schema\\\/person\\\/9cd9d437bbb44f72b73ba127e06d8e79\"},\"headline\":\"Atao\u011flu: \u201cUmut dolu yar\u0131nlar\u0131 kar\u015f\u0131laman\u0131n mutlulu\u011funu ya\u015f\u0131yoruz\u201d\",\"datePublished\":\"2023-12-31T10:25:09+00:00\",\"mainEntityOfPage\":{\"@id\":\"https:\\\/\\\/kibrisdakik.com\\\/?p=24592\"},\"wordCount\":264,\"commentCount\":0,\"image\":{\"@id\":\"https:\\\/\\\/kibrisdakik.com\\\/?p=24592#primaryimage\"},\"thumbnailUrl\":\"https:\\\/\\\/kibrisdakik.com\\\/wp-content\\\/uploads\\\/2023\\\/12\\\/ataoglu-umut-dolu-yarinlari-karsilamanin-mutlulugunu-yasiyoruz-1704017677.webp.webp\",\"articleSection\":[\"G\u00fcndem\"],\"inLanguage\":\"tr\",\"potentialAction\":[{\"@type\":\"CommentAction\",\"name\":\"Comment\",\"target\":[\"https:\\\/\\\/kibrisdakik.com\\\/?p=24592#respond\"]}]},{\"@type\":\"WebPage\",\"@id\":\"https:\\\/\\\/kibrisdakik.com\\\/?p=24592\",\"url\":\"https:\\\/\\\/kibrisdakik.com\\\/?p=24592\",\"name\":\"Atao\u011flu: \u201cUmut dolu yar\u0131nlar\u0131 kar\u015f\u0131laman\u0131n mutlulu\u011funu ya\u015f\u0131yoruz\u201d -\",\"isPartOf\":{\"@id\":\"https:\\\/\\\/kibrisdakik.com\\\/#website\"},\"primaryImageOfPage\":{\"@id\":\"https:\\\/\\\/kibrisdakik.com\\\/?p=24592#primaryimage\"},\"image\":{\"@id\":\"https:\\\/\\\/kibrisdakik.com\\\/?p=24592#primaryimage\"},\"thumbnailUrl\":\"https:\\\/\\\/kibrisdakik.com\\\/wp-content\\\/uploads\\\/2023\\\/12\\\/ataoglu-umut-dolu-yarinlari-karsilamanin-mutlulugunu-yasiyoruz-1704017677.webp.webp\",\"datePublished\":\"2023-12-31T10:25:09+00:00\",\"author\":{\"@id\":\"https:\\\/\\\/kibrisdakik.com\\\/#\\\/schema\\\/person\\\/9cd9d437bbb44f72b73ba127e06d8e79\"},\"breadcrumb\":{\"@id\":\"https:\\\/\\\/kibrisdakik.com\\\/?p=24592#breadcrumb\"},\"inLanguage\":\"tr\",\"potentialAction\":[{\"@type\":\"ReadAction\",\"target\":[\"https:\\\/\\\/kibrisdakik.com\\\/?p=24592\"]}]},{\"@type\":\"ImageObject\",\"inLanguage\":\"tr\",\"@id\":\"https:\\\/\\\/kibrisdakik.com\\\/?p=24592#primaryimage\",\"url\":\"https:\\\/\\\/kibrisdakik.com\\\/wp-content\\\/uploads\\\/2023\\\/12\\\/ataoglu-umut-dolu-yarinlari-karsilamanin-mutlulugunu-yasiyoruz-1704017677.webp.webp\",\"contentUrl\":\"https:\\\/\\\/kibrisdakik.com\\\/wp-content\\\/uploads\\\/2023\\\/12\\\/ataoglu-umut-dolu-yarinlari-karsilamanin-mutlulugunu-yasiyoruz-1704017677.webp.webp\",\"width\":710,\"height\":370},{\"@type\":\"BreadcrumbList\",\"@id\":\"https:\\\/\\\/kibrisdakik.com\\\/?p=24592#breadcrumb\",\"itemListElement\":[{\"@type\":\"ListItem\",\"position\":1,\"name\":\"Home\",\"item\":\"https:\\\/\\\/kibrisdakik.com\\\/\"},{\"@type\":\"ListItem\",\"position\":2,\"name\":\"Atao\u011flu: \u201cUmut dolu yar\u0131nlar\u0131 kar\u015f\u0131laman\u0131n mutlulu\u011funu ya\u015f\u0131yoruz\u201d\"}]},{\"@type\":\"WebSite\",\"@id\":\"https:\\\/\\\/kibrisdakik.com\\\/#website\",\"url\":\"https:\\\/\\\/kibrisdakik.com\\\/\",\"name\":\"\",\"description\":\"Tam vaktinde haber\",\"potentialAction\":[{\"@type\":\"SearchAction\",\"target\":{\"@type\":\"EntryPoint\",\"urlTemplate\":\"https:\\\/\\\/kibrisdakik.com\\\/?s={search_term_string}\"},\"query-input\":{\"@type\":\"PropertyValueSpecification\",\"valueRequired\":true,\"valueName\":\"search_term_string\"}}],\"inLanguage\":\"tr\"},{\"@type\":\"Person\",\"@id\":\"https:\\\/\\\/kibrisdakik.com\\\/#\\\/schema\\\/person\\\/9cd9d437bbb44f72b73ba127e06d8e79\",\"name\":\"admin\",\"image\":{\"@type\":\"ImageObject\",\"inLanguage\":\"tr\",\"@id\":\"https:\\\/\\\/secure.gravatar.com\\\/avatar\\\/ccc17943b9d660506c869530f897617f7cb1c21a4bf30023f252596d83e1f007?s=96&d=mm&r=g\",\"url\":\"https:\\\/\\\/secure.gravatar.com\\\/avatar\\\/ccc17943b9d660506c869530f897617f7cb1c21a4bf30023f252596d83e1f007?s=96&d=mm&r=g\",\"contentUrl\":\"https:\\\/\\\/secure.gravatar.com\\\/avatar\\\/ccc17943b9d660506c869530f897617f7cb1c21a4bf30023f252596d83e1f007?s=96&d=mm&r=g\",\"caption\":\"admin\"},\"sameAs\":[\"https:\\\/\\\/kibrisdakik.com\"],\"url\":\"https:\\\/\\\/kibrisdakik.com\\\/?author=1\"}]}<\/script>\n<!-- \/ Yoast SEO plugin. -->","yoast_head_json":{"title":"Atao\u011flu: \u201cUmut dolu yar\u0131nlar\u0131 kar\u015f\u0131laman\u0131n mutlulu\u011funu ya\u015f\u0131yoruz\u201d -","robots":{"index":"index","follow":"follow","max-snippet":"max-snippet:-1","max-image-preview":"max-image-preview:large","max-video-preview":"max-video-preview:-1"},"canonical":"https:\/\/kibrisdakik.com\/?p=24592","og_locale":"tr_TR","og_type":"article","og_title":"Atao\u011flu: \u201cUmut dolu yar\u0131nlar\u0131 kar\u015f\u0131laman\u0131n mutlulu\u011funu ya\u015f\u0131yoruz\u201d -","og_description":"Ba\u015fbakan Yard\u0131mc\u0131s\u0131, Turizm, K\u00fclt\u00fcr, Gen\u00e7lik ve \u00c7evre Bakan\u0131, Demokrat Parti (DP) Genel Ba\u015fkan\u0131 Fikri Atao\u011flu, yeni y\u0131l\u0131n sa\u011fl\u0131k, huzur ve mutluluk getirmesi temenni ederek, \u201cUmut dolu yar\u0131nlar\u0131 kar\u015f\u0131laman\u0131n mutlulu\u011funu ya\u015f\u0131yoruz\u201d dedi. Ba\u015fbakan Yard\u0131mc\u0131s\u0131, Turizm, K\u00fclt\u00fcr, Gen\u00e7lik ve \u00c7evre Bakan\u0131, DP Genel Ba\u015fkan\u0131 Fikri Atao\u011flu, yeni y\u0131l dolay\u0131s\u0131yla mesaj yay\u0131mlad\u0131. DP\u2019den yap\u0131lan a\u00e7\u0131klamaya g\u00f6re, Atao\u011flu mesaj\u0131nda","og_url":"https:\/\/kibrisdakik.com\/?p=24592","article_published_time":"2023-12-31T10:25:09+00:00","og_image":[{"width":710,"height":370,"url":"https:\/\/kibrisdakik.com\/wp-content\/uploads\/2023\/12\/ataoglu-umut-dolu-yarinlari-karsilamanin-mutlulugunu-yasiyoruz-1704017677.webp.webp","type":"image\/webp"}],"author":"admin","twitter_card":"summary_large_image","twitter_misc":{"Yazan:":"admin","Tahmini okuma s\u00fcresi":"1 dakika"},"schema":{"@context":"https:\/\/schema.org","@graph":[{"@type":"Article","@id":"https:\/\/kibrisdakik.com\/?p=24592#article","isPartOf":{"@id":"https:\/\/kibrisdakik.com\/?p=24592"},"author":{"name":"admin","@id":"https:\/\/kibrisdakik.com\/#\/schema\/person\/9cd9d437bbb44f72b73ba127e06d8e79"},"headline":"Atao\u011flu: \u201cUmut dolu yar\u0131nlar\u0131 kar\u015f\u0131laman\u0131n mutlulu\u011funu ya\u015f\u0131yoruz\u201d","datePublished":"2023-12-31T10:25:09+00:00","mainEntityOfPage":{"@id":"https:\/\/kibrisdakik.com\/?p=24592"},"wordCount":264,"commentCount":0,"image":{"@id":"https:\/\/kibrisdakik.com\/?p=24592#primaryimage"},"thumbnailUrl":"https:\/\/kibrisdakik.com\/wp-content\/uploads\/2023\/12\/ataoglu-umut-dolu-yarinlari-karsilamanin-mutlulugunu-yasiyoruz-1704017677.webp.webp","articleSection":["G\u00fcndem"],"inLanguage":"tr","potentialAction":[{"@type":"CommentAction","name":"Comment","target":["https:\/\/kibrisdakik.com\/?p=24592#respond"]}]},{"@type":"WebPage","@id":"https:\/\/kibrisdakik.com\/?p=24592","url":"https:\/\/kibrisdakik.com\/?p=24592","name":"Atao\u011flu: \u201cUmut dolu yar\u0131nlar\u0131 kar\u015f\u0131laman\u0131n mutlulu\u011funu ya\u015f\u0131yoruz\u201d -","isPartOf":{"@id":"https:\/\/kibrisdakik.com\/#website"},"primaryImageOfPage":{"@id":"https:\/\/kibrisdakik.com\/?p=24592#primaryimage"},"image":{"@id":"https:\/\/kibrisdakik.com\/?p=24592#primaryimage"},"thumbnailUrl":"https:\/\/kibrisdakik.com\/wp-content\/uploads\/2023\/12\/ataoglu-umut-dolu-yarinlari-karsilamanin-mutlulugunu-yasiyoruz-1704017677.webp.webp","datePublished":"2023-12-31T10:25:09+00:00","author":{"@id":"https:\/\/kibrisdakik.com\/#\/schema\/person\/9cd9d437bbb44f72b73ba127e06d8e79"},"breadcrumb":{"@id":"https:\/\/kibrisdakik.com\/?p=24592#breadcrumb"},"inLanguage":"tr","potentialAction":[{"@type":"ReadAction","target":["https:\/\/kibrisdakik.com\/?p=24592"]}]},{"@type":"ImageObject","inLanguage":"tr","@id":"https:\/\/kibrisdakik.com\/?p=24592#primaryimage","url":"https:\/\/kibrisdakik.com\/wp-content\/uploads\/2023\/12\/ataoglu-umut-dolu-yarinlari-karsilamanin-mutlulugunu-yasiyoruz-1704017677.webp.webp","contentUrl":"https:\/\/kibrisdakik.com\/wp-content\/uploads\/2023\/12\/ataoglu-umut-dolu-yarinlari-karsilamanin-mutlulugunu-yasiyoruz-1704017677.webp.webp","width":710,"height":370},{"@type":"BreadcrumbList","@id":"https:\/\/kibrisdakik.com\/?p=24592#breadcrumb","itemListElement":[{"@type":"ListItem","position":1,"name":"Home","item":"https:\/\/kibrisdakik.com\/"},{"@type":"ListItem","position":2,"name":"Atao\u011flu: \u201cUmut dolu yar\u0131nlar\u0131 kar\u015f\u0131laman\u0131n mutlulu\u011funu ya\u015f\u0131yoruz\u201d"}]},{"@type":"WebSite","@id":"https:\/\/kibrisdakik.com\/#website","url":"https:\/\/kibrisdakik.com\/","name":"","description":"Tam vaktinde haber","potentialAction":[{"@type":"SearchAction","target":{"@type":"EntryPoint","urlTemplate":"https:\/\/kibrisdakik.com\/?s={search_term_string}"},"query-input":{"@type":"PropertyValueSpecification","valueRequired":true,"valueName":"search_term_string"}}],"inLanguage":"tr"},{"@type":"Person","@id":"https:\/\/kibrisdakik.com\/#\/schema\/person\/9cd9d437bbb44f72b73ba127e06d8e79","name":"admin","image":{"@type":"ImageObject","inLanguage":"tr","@id":"https:\/\/secure.gravatar.com\/avatar\/ccc17943b9d660506c869530f897617f7cb1c21a4bf30023f252596d83e1f007?s=96&d=mm&r=g","url":"https:\/\/secure.gravatar.com\/avatar\/ccc17943b9d660506c869530f897617f7cb1c21a4bf30023f252596d83e1f007?s=96&d=mm&r=g","contentUrl":"https:\/\/secure.gravatar.com\/avatar\/ccc17943b9d660506c869530f897617f7cb1c21a4bf30023f252596d83e1f007?s=96&d=mm&r=g","caption":"admin"},"sameAs":["https:\/\/kibrisdakik.com"],"url":"https:\/\/kibrisdakik.com\/?author=1"}]}},"_links":{"self":[{"href":"https:\/\/kibrisdakik.com\/index.php?rest_route=\/wp\/v2\/posts\/24592","targetHints":{"allow":["GET"]}}],"collection":[{"href":"https:\/\/kibrisdakik.com\/index.php?rest_route=\/wp\/v2\/posts"}],"about":[{"href":"https:\/\/kibrisdakik.com\/index.php?rest_route=\/wp\/v2\/types\/post"}],"author":[{"embeddable":true,"href":"https:\/\/kibrisdakik.com\/index.php?rest_route=\/wp\/v2\/users\/1"}],"replies":[{"embeddable":true,"href":"https:\/\/kibrisdakik.com\/index.php?rest_route=%2Fwp%2Fv2%2Fcomments&post=24592"}],"version-history":[{"count":0,"href":"https:\/\/kibrisdakik.com\/index.php?rest_route=\/wp\/v2\/posts\/24592\/revisions"}],"wp:featuredmedia":[{"embeddable":true,"href":"https:\/\/kibrisdakik.com\/index.php?rest_route=\/wp\/v2\/media\/24593"}],"wp:attachment":[{"href":"https:\/\/kibrisdakik.com\/index.php?rest_route=%2Fwp%2Fv2%2Fmedia&parent=24592"}],"wp:term":[{"taxonomy":"category","embeddable":true,"href":"https:\/\/kibrisdakik.com\/index.php?rest_route=%2Fwp%2Fv2%2Fcategories&post=24592"},{"taxonomy":"post_tag","embeddable":true,"href":"https:\/\/kibrisdakik.com\/index.php?rest_route=%2Fwp%2Fv2%2Ftags&post=24592"}],"curies":[{"name":"wp","href":"https:\/\/api.w.org\/{rel}","templated":true}]}}