{"id":24594,"date":"2023-12-31T10:27:33","date_gmt":"2023-12-31T10:27:33","guid":{"rendered":"https:\/\/kibrisdakik.com\/index.php\/2023\/12\/31\/gelir-vergisi-matrah-dilimleri-ve-oranlari-yeniden-duzenlendi\/"},"modified":"2023-12-31T10:27:33","modified_gmt":"2023-12-31T10:27:33","slug":"gelir-vergisi-matrah-dilimleri-ve-oranlari-yeniden-duzenlendi","status":"publish","type":"post","link":"https:\/\/kibrisdakik.com\/?p=24594","title":{"rendered":"Gelir vergisi matrah dilimleri ve oranlar\u0131 yeniden d\u00fczenlendi"},"content":{"rendered":"<p><img decoding=\"async\" src=\"https:\/\/www.kibristurk.com\/images\/haberler\/2023\/12\/gelir-vergisi-matrah-dilimleri-ve-oranlari-yeniden-duzenlendi-1704016987.webp\" \/><\/p>\n<p><span style=\"font-size:11pt\"><span style=\"background-color:white\"><span style=\"font-family:Calibri,sans-serif\"><span style=\"font-size:13.0pt\"><span style=\"color:black\">Bakanlar Kurulu, \u201cGelir Vergisi Matrah Dilimleri ve Oranlar\u0131n\u0131n Yeniden D\u00fczenlenmesine \u0130li\u015fkin Yasa G\u00fcc\u00fcnde Kararname\u201dyi onaylayarak, Resmi Gazete&#8217;de yay\u0131mlanmas\u0131na ve Meclis\u2019e sunulmas\u0131na karar verdi.<\/span><\/span><\/span><\/span><\/span><\/p>\n<p><span style=\"font-size:11pt\"><span style=\"background-color:white\"><span style=\"font-family:Calibri,sans-serif\"><span style=\"font-size:13.0pt\"><span style=\"color:black\">Cuma g\u00fcnk\u00fc Resmi Gazete\u2019de yer alan Yasa G\u00fcc\u00fcnde Kararname\u2019nin genel gerek\u00e7esinde, \u201cG\u00fcn\u00fcm\u00fcz sosyo-ekonomik ko\u015fullar\u0131 dikkate al\u0131narak, 1 Ocak 2024 tarihinden itibaren uygulanacak y\u0131ll\u0131k gelir vergisi matrah dilimleri ve oranlar\u0131n\u0131n yeniden d\u00fczenlenerek ekonomik kriz ve d\u00f6vizin kontrols\u00fcz \u015fekilde y\u00fckselmesi sebebiyle olu\u015fan etkilerin azalt\u0131lmas\u0131 ve vergide adaletin sa\u011flanmas\u0131 ile verginin tabana yay\u0131lmas\u0131 ihtiyac\u0131 do\u011fmu\u015ftur\u201d ifadeleri kullan\u0131ld\u0131.<\/span><\/span><\/span><\/span><\/span><\/p>\n<p><span style=\"font-size:11pt\"><span style=\"background-color:white\"><span style=\"font-family:Calibri,sans-serif\"><span style=\"font-size:13.0pt\"><span style=\"color:black\">Yap\u0131lan d\u00fczenleme ile 1 Ocak 2024 tarihinden ba\u015flayarak y\u0131ll\u0131k gelire, ilk 30 bin TL i\u00e7in y\u00fczde 10; sonra gelen 30 bin TL i\u00e7in y\u00fczde&nbsp;20; sonra gelen 60 bin TL i\u00e7in y\u00fczde&nbsp;25; sonra gelen 90 bin TL i\u00e7in y\u00fczde&nbsp;30; sonra gelen 210 bin TL i\u00e7in y\u00fczde&nbsp;35 ve 420 bin TL&#8217;den sonras\u0131 i\u00e7in ise y\u00fczde&nbsp;40 vergi oran\u0131 uygulanacak.<\/span><\/span><\/span><\/span><\/span><\/p>\n<p>&nbsp;<\/p>\n","protected":false},"excerpt":{"rendered":"<p>Bakanlar Kurulu, \u201cGelir Vergisi Matrah Dilimleri ve Oranlar\u0131n\u0131n Yeniden D\u00fczenlenmesine \u0130li\u015fkin Yasa G\u00fcc\u00fcnde Kararname\u201dyi onaylayarak, Resmi Gazete&#8217;de yay\u0131mlanmas\u0131na ve Meclis\u2019e sunulmas\u0131na karar verdi. Cuma g\u00fcnk\u00fc Resmi Gazete\u2019de yer alan Yasa G\u00fcc\u00fcnde Kararname\u2019nin genel gerek\u00e7esinde, \u201cG\u00fcn\u00fcm\u00fcz sosyo-ekonomik ko\u015fullar\u0131 dikkate al\u0131narak, 1 Ocak 2024 tarihinden itibaren uygulanacak y\u0131ll\u0131k gelir vergisi matrah dilimleri ve oranlar\u0131n\u0131n yeniden d\u00fczenlenerek ekonomik<\/p>\n","protected":false},"author":1,"featured_media":24595,"comment_status":"open","ping_status":"open","sticky":false,"template":"","format":"standard","meta":{"footnotes":""},"categories":[1],"tags":[],"class_list":["post-24594","post","type-post","status-publish","format-standard","has-post-thumbnail","hentry","category-gundem"],"yoast_head":"<!-- This site is optimized with the Yoast SEO plugin v27.4 - https:\/\/yoast.com\/product\/yoast-seo-wordpress\/ -->\n<title>Gelir vergisi matrah dilimleri ve oranlar\u0131 yeniden d\u00fczenlendi -<\/title>\n<meta name=\"robots\" content=\"index, follow, max-snippet:-1, max-image-preview:large, max-video-preview:-1\" \/>\n<link rel=\"canonical\" href=\"https:\/\/kibrisdakik.com\/?p=24594\" \/>\n<meta property=\"og:locale\" content=\"tr_TR\" \/>\n<meta property=\"og:type\" content=\"article\" \/>\n<meta property=\"og:title\" content=\"Gelir vergisi matrah dilimleri ve oranlar\u0131 yeniden d\u00fczenlendi -\" \/>\n<meta property=\"og:description\" content=\"Bakanlar Kurulu, \u201cGelir Vergisi Matrah Dilimleri ve Oranlar\u0131n\u0131n Yeniden D\u00fczenlenmesine \u0130li\u015fkin Yasa G\u00fcc\u00fcnde Kararname\u201dyi onaylayarak, Resmi Gazete&#8217;de yay\u0131mlanmas\u0131na ve Meclis\u2019e sunulmas\u0131na karar verdi. Cuma g\u00fcnk\u00fc Resmi Gazete\u2019de yer alan Yasa G\u00fcc\u00fcnde Kararname\u2019nin genel gerek\u00e7esinde, \u201cG\u00fcn\u00fcm\u00fcz sosyo-ekonomik ko\u015fullar\u0131 dikkate al\u0131narak, 1 Ocak 2024 tarihinden itibaren uygulanacak y\u0131ll\u0131k gelir vergisi matrah dilimleri ve oranlar\u0131n\u0131n yeniden d\u00fczenlenerek ekonomik\" \/>\n<meta property=\"og:url\" content=\"https:\/\/kibrisdakik.com\/?p=24594\" \/>\n<meta property=\"article:published_time\" content=\"2023-12-31T10:27:33+00:00\" \/>\n<meta property=\"og:image\" content=\"https:\/\/kibrisdakik.com\/wp-content\/uploads\/2023\/12\/gelir-vergisi-matrah-dilimleri-ve-oranlari-yeniden-duzenlendi-1704016987.webp.webp\" \/>\n\t<meta property=\"og:image:width\" content=\"710\" \/>\n\t<meta property=\"og:image:height\" content=\"370\" \/>\n\t<meta property=\"og:image:type\" content=\"image\/webp\" \/>\n<meta name=\"author\" content=\"admin\" \/>\n<meta name=\"twitter:card\" content=\"summary_large_image\" \/>\n<meta name=\"twitter:label1\" content=\"Yazan:\" \/>\n\t<meta name=\"twitter:data1\" content=\"admin\" \/>\n\t<meta name=\"twitter:label2\" content=\"Tahmini okuma s\u00fcresi\" \/>\n\t<meta name=\"twitter:data2\" content=\"1 dakika\" \/>\n<script type=\"application\/ld+json\" class=\"yoast-schema-graph\">{\"@context\":\"https:\\\/\\\/schema.org\",\"@graph\":[{\"@type\":\"Article\",\"@id\":\"https:\\\/\\\/kibrisdakik.com\\\/?p=24594#article\",\"isPartOf\":{\"@id\":\"https:\\\/\\\/kibrisdakik.com\\\/?p=24594\"},\"author\":{\"name\":\"admin\",\"@id\":\"https:\\\/\\\/kibrisdakik.com\\\/#\\\/schema\\\/person\\\/9cd9d437bbb44f72b73ba127e06d8e79\"},\"headline\":\"Gelir vergisi matrah dilimleri ve oranlar\u0131 yeniden d\u00fczenlendi\",\"datePublished\":\"2023-12-31T10:27:33+00:00\",\"mainEntityOfPage\":{\"@id\":\"https:\\\/\\\/kibrisdakik.com\\\/?p=24594\"},\"wordCount\":191,\"commentCount\":0,\"image\":{\"@id\":\"https:\\\/\\\/kibrisdakik.com\\\/?p=24594#primaryimage\"},\"thumbnailUrl\":\"https:\\\/\\\/kibrisdakik.com\\\/wp-content\\\/uploads\\\/2023\\\/12\\\/gelir-vergisi-matrah-dilimleri-ve-oranlari-yeniden-duzenlendi-1704016987.webp.webp\",\"articleSection\":[\"G\u00fcndem\"],\"inLanguage\":\"tr\",\"potentialAction\":[{\"@type\":\"CommentAction\",\"name\":\"Comment\",\"target\":[\"https:\\\/\\\/kibrisdakik.com\\\/?p=24594#respond\"]}]},{\"@type\":\"WebPage\",\"@id\":\"https:\\\/\\\/kibrisdakik.com\\\/?p=24594\",\"url\":\"https:\\\/\\\/kibrisdakik.com\\\/?p=24594\",\"name\":\"Gelir vergisi matrah dilimleri ve oranlar\u0131 yeniden d\u00fczenlendi -\",\"isPartOf\":{\"@id\":\"https:\\\/\\\/kibrisdakik.com\\\/#website\"},\"primaryImageOfPage\":{\"@id\":\"https:\\\/\\\/kibrisdakik.com\\\/?p=24594#primaryimage\"},\"image\":{\"@id\":\"https:\\\/\\\/kibrisdakik.com\\\/?p=24594#primaryimage\"},\"thumbnailUrl\":\"https:\\\/\\\/kibrisdakik.com\\\/wp-content\\\/uploads\\\/2023\\\/12\\\/gelir-vergisi-matrah-dilimleri-ve-oranlari-yeniden-duzenlendi-1704016987.webp.webp\",\"datePublished\":\"2023-12-31T10:27:33+00:00\",\"author\":{\"@id\":\"https:\\\/\\\/kibrisdakik.com\\\/#\\\/schema\\\/person\\\/9cd9d437bbb44f72b73ba127e06d8e79\"},\"breadcrumb\":{\"@id\":\"https:\\\/\\\/kibrisdakik.com\\\/?p=24594#breadcrumb\"},\"inLanguage\":\"tr\",\"potentialAction\":[{\"@type\":\"ReadAction\",\"target\":[\"https:\\\/\\\/kibrisdakik.com\\\/?p=24594\"]}]},{\"@type\":\"ImageObject\",\"inLanguage\":\"tr\",\"@id\":\"https:\\\/\\\/kibrisdakik.com\\\/?p=24594#primaryimage\",\"url\":\"https:\\\/\\\/kibrisdakik.com\\\/wp-content\\\/uploads\\\/2023\\\/12\\\/gelir-vergisi-matrah-dilimleri-ve-oranlari-yeniden-duzenlendi-1704016987.webp.webp\",\"contentUrl\":\"https:\\\/\\\/kibrisdakik.com\\\/wp-content\\\/uploads\\\/2023\\\/12\\\/gelir-vergisi-matrah-dilimleri-ve-oranlari-yeniden-duzenlendi-1704016987.webp.webp\",\"width\":710,\"height\":370},{\"@type\":\"BreadcrumbList\",\"@id\":\"https:\\\/\\\/kibrisdakik.com\\\/?p=24594#breadcrumb\",\"itemListElement\":[{\"@type\":\"ListItem\",\"position\":1,\"name\":\"Home\",\"item\":\"https:\\\/\\\/kibrisdakik.com\\\/\"},{\"@type\":\"ListItem\",\"position\":2,\"name\":\"Gelir vergisi matrah dilimleri ve oranlar\u0131 yeniden d\u00fczenlendi\"}]},{\"@type\":\"WebSite\",\"@id\":\"https:\\\/\\\/kibrisdakik.com\\\/#website\",\"url\":\"https:\\\/\\\/kibrisdakik.com\\\/\",\"name\":\"\",\"description\":\"Tam vaktinde haber\",\"potentialAction\":[{\"@type\":\"SearchAction\",\"target\":{\"@type\":\"EntryPoint\",\"urlTemplate\":\"https:\\\/\\\/kibrisdakik.com\\\/?s={search_term_string}\"},\"query-input\":{\"@type\":\"PropertyValueSpecification\",\"valueRequired\":true,\"valueName\":\"search_term_string\"}}],\"inLanguage\":\"tr\"},{\"@type\":\"Person\",\"@id\":\"https:\\\/\\\/kibrisdakik.com\\\/#\\\/schema\\\/person\\\/9cd9d437bbb44f72b73ba127e06d8e79\",\"name\":\"admin\",\"image\":{\"@type\":\"ImageObject\",\"inLanguage\":\"tr\",\"@id\":\"https:\\\/\\\/secure.gravatar.com\\\/avatar\\\/ccc17943b9d660506c869530f897617f7cb1c21a4bf30023f252596d83e1f007?s=96&d=mm&r=g\",\"url\":\"https:\\\/\\\/secure.gravatar.com\\\/avatar\\\/ccc17943b9d660506c869530f897617f7cb1c21a4bf30023f252596d83e1f007?s=96&d=mm&r=g\",\"contentUrl\":\"https:\\\/\\\/secure.gravatar.com\\\/avatar\\\/ccc17943b9d660506c869530f897617f7cb1c21a4bf30023f252596d83e1f007?s=96&d=mm&r=g\",\"caption\":\"admin\"},\"sameAs\":[\"https:\\\/\\\/kibrisdakik.com\"],\"url\":\"https:\\\/\\\/kibrisdakik.com\\\/?author=1\"}]}<\/script>\n<!-- \/ Yoast SEO plugin. -->","yoast_head_json":{"title":"Gelir vergisi matrah dilimleri ve oranlar\u0131 yeniden d\u00fczenlendi -","robots":{"index":"index","follow":"follow","max-snippet":"max-snippet:-1","max-image-preview":"max-image-preview:large","max-video-preview":"max-video-preview:-1"},"canonical":"https:\/\/kibrisdakik.com\/?p=24594","og_locale":"tr_TR","og_type":"article","og_title":"Gelir vergisi matrah dilimleri ve oranlar\u0131 yeniden d\u00fczenlendi -","og_description":"Bakanlar Kurulu, \u201cGelir Vergisi Matrah Dilimleri ve Oranlar\u0131n\u0131n Yeniden D\u00fczenlenmesine \u0130li\u015fkin Yasa G\u00fcc\u00fcnde Kararname\u201dyi onaylayarak, Resmi Gazete&#8217;de yay\u0131mlanmas\u0131na ve Meclis\u2019e sunulmas\u0131na karar verdi. Cuma g\u00fcnk\u00fc Resmi Gazete\u2019de yer alan Yasa G\u00fcc\u00fcnde Kararname\u2019nin genel gerek\u00e7esinde, \u201cG\u00fcn\u00fcm\u00fcz sosyo-ekonomik ko\u015fullar\u0131 dikkate al\u0131narak, 1 Ocak 2024 tarihinden itibaren uygulanacak y\u0131ll\u0131k gelir vergisi matrah dilimleri ve oranlar\u0131n\u0131n yeniden d\u00fczenlenerek ekonomik","og_url":"https:\/\/kibrisdakik.com\/?p=24594","article_published_time":"2023-12-31T10:27:33+00:00","og_image":[{"width":710,"height":370,"url":"https:\/\/kibrisdakik.com\/wp-content\/uploads\/2023\/12\/gelir-vergisi-matrah-dilimleri-ve-oranlari-yeniden-duzenlendi-1704016987.webp.webp","type":"image\/webp"}],"author":"admin","twitter_card":"summary_large_image","twitter_misc":{"Yazan:":"admin","Tahmini okuma s\u00fcresi":"1 dakika"},"schema":{"@context":"https:\/\/schema.org","@graph":[{"@type":"Article","@id":"https:\/\/kibrisdakik.com\/?p=24594#article","isPartOf":{"@id":"https:\/\/kibrisdakik.com\/?p=24594"},"author":{"name":"admin","@id":"https:\/\/kibrisdakik.com\/#\/schema\/person\/9cd9d437bbb44f72b73ba127e06d8e79"},"headline":"Gelir vergisi matrah dilimleri ve oranlar\u0131 yeniden d\u00fczenlendi","datePublished":"2023-12-31T10:27:33+00:00","mainEntityOfPage":{"@id":"https:\/\/kibrisdakik.com\/?p=24594"},"wordCount":191,"commentCount":0,"image":{"@id":"https:\/\/kibrisdakik.com\/?p=24594#primaryimage"},"thumbnailUrl":"https:\/\/kibrisdakik.com\/wp-content\/uploads\/2023\/12\/gelir-vergisi-matrah-dilimleri-ve-oranlari-yeniden-duzenlendi-1704016987.webp.webp","articleSection":["G\u00fcndem"],"inLanguage":"tr","potentialAction":[{"@type":"CommentAction","name":"Comment","target":["https:\/\/kibrisdakik.com\/?p=24594#respond"]}]},{"@type":"WebPage","@id":"https:\/\/kibrisdakik.com\/?p=24594","url":"https:\/\/kibrisdakik.com\/?p=24594","name":"Gelir vergisi matrah dilimleri ve oranlar\u0131 yeniden d\u00fczenlendi -","isPartOf":{"@id":"https:\/\/kibrisdakik.com\/#website"},"primaryImageOfPage":{"@id":"https:\/\/kibrisdakik.com\/?p=24594#primaryimage"},"image":{"@id":"https:\/\/kibrisdakik.com\/?p=24594#primaryimage"},"thumbnailUrl":"https:\/\/kibrisdakik.com\/wp-content\/uploads\/2023\/12\/gelir-vergisi-matrah-dilimleri-ve-oranlari-yeniden-duzenlendi-1704016987.webp.webp","datePublished":"2023-12-31T10:27:33+00:00","author":{"@id":"https:\/\/kibrisdakik.com\/#\/schema\/person\/9cd9d437bbb44f72b73ba127e06d8e79"},"breadcrumb":{"@id":"https:\/\/kibrisdakik.com\/?p=24594#breadcrumb"},"inLanguage":"tr","potentialAction":[{"@type":"ReadAction","target":["https:\/\/kibrisdakik.com\/?p=24594"]}]},{"@type":"ImageObject","inLanguage":"tr","@id":"https:\/\/kibrisdakik.com\/?p=24594#primaryimage","url":"https:\/\/kibrisdakik.com\/wp-content\/uploads\/2023\/12\/gelir-vergisi-matrah-dilimleri-ve-oranlari-yeniden-duzenlendi-1704016987.webp.webp","contentUrl":"https:\/\/kibrisdakik.com\/wp-content\/uploads\/2023\/12\/gelir-vergisi-matrah-dilimleri-ve-oranlari-yeniden-duzenlendi-1704016987.webp.webp","width":710,"height":370},{"@type":"BreadcrumbList","@id":"https:\/\/kibrisdakik.com\/?p=24594#breadcrumb","itemListElement":[{"@type":"ListItem","position":1,"name":"Home","item":"https:\/\/kibrisdakik.com\/"},{"@type":"ListItem","position":2,"name":"Gelir vergisi matrah dilimleri ve oranlar\u0131 yeniden d\u00fczenlendi"}]},{"@type":"WebSite","@id":"https:\/\/kibrisdakik.com\/#website","url":"https:\/\/kibrisdakik.com\/","name":"","description":"Tam vaktinde haber","potentialAction":[{"@type":"SearchAction","target":{"@type":"EntryPoint","urlTemplate":"https:\/\/kibrisdakik.com\/?s={search_term_string}"},"query-input":{"@type":"PropertyValueSpecification","valueRequired":true,"valueName":"search_term_string"}}],"inLanguage":"tr"},{"@type":"Person","@id":"https:\/\/kibrisdakik.com\/#\/schema\/person\/9cd9d437bbb44f72b73ba127e06d8e79","name":"admin","image":{"@type":"ImageObject","inLanguage":"tr","@id":"https:\/\/secure.gravatar.com\/avatar\/ccc17943b9d660506c869530f897617f7cb1c21a4bf30023f252596d83e1f007?s=96&d=mm&r=g","url":"https:\/\/secure.gravatar.com\/avatar\/ccc17943b9d660506c869530f897617f7cb1c21a4bf30023f252596d83e1f007?s=96&d=mm&r=g","contentUrl":"https:\/\/secure.gravatar.com\/avatar\/ccc17943b9d660506c869530f897617f7cb1c21a4bf30023f252596d83e1f007?s=96&d=mm&r=g","caption":"admin"},"sameAs":["https:\/\/kibrisdakik.com"],"url":"https:\/\/kibrisdakik.com\/?author=1"}]}},"_links":{"self":[{"href":"https:\/\/kibrisdakik.com\/index.php?rest_route=\/wp\/v2\/posts\/24594","targetHints":{"allow":["GET"]}}],"collection":[{"href":"https:\/\/kibrisdakik.com\/index.php?rest_route=\/wp\/v2\/posts"}],"about":[{"href":"https:\/\/kibrisdakik.com\/index.php?rest_route=\/wp\/v2\/types\/post"}],"author":[{"embeddable":true,"href":"https:\/\/kibrisdakik.com\/index.php?rest_route=\/wp\/v2\/users\/1"}],"replies":[{"embeddable":true,"href":"https:\/\/kibrisdakik.com\/index.php?rest_route=%2Fwp%2Fv2%2Fcomments&post=24594"}],"version-history":[{"count":0,"href":"https:\/\/kibrisdakik.com\/index.php?rest_route=\/wp\/v2\/posts\/24594\/revisions"}],"wp:featuredmedia":[{"embeddable":true,"href":"https:\/\/kibrisdakik.com\/index.php?rest_route=\/wp\/v2\/media\/24595"}],"wp:attachment":[{"href":"https:\/\/kibrisdakik.com\/index.php?rest_route=%2Fwp%2Fv2%2Fmedia&parent=24594"}],"wp:term":[{"taxonomy":"category","embeddable":true,"href":"https:\/\/kibrisdakik.com\/index.php?rest_route=%2Fwp%2Fv2%2Fcategories&post=24594"},{"taxonomy":"post_tag","embeddable":true,"href":"https:\/\/kibrisdakik.com\/index.php?rest_route=%2Fwp%2Fv2%2Ftags&post=24594"}],"curies":[{"name":"wp","href":"https:\/\/api.w.org\/{rel}","templated":true}]}}